{"id":25517,"date":"2021-05-27T11:53:26","date_gmt":"2021-05-27T10:53:26","guid":{"rendered":"https:\/\/radioljubuski.ba\/?p=25517"},"modified":"2021-05-27T11:55:03","modified_gmt":"2021-05-27T10:55:03","slug":"video-nova-snimka-spustanja-niz-sirokobrijeski-zip-line","status":"publish","type":"post","link":"https:\/\/radioljubuski.ba\/index.php\/2021\/05\/27\/video-nova-snimka-spustanja-niz-sirokobrijeski-zip-line\/","title":{"rendered":"Video: Nova snimka spu\u0161tanja niz \u0161irokobrije\u0161ki zip line"},"content":{"rendered":"\n<h5 class=\"wp-block-heading\">Facebook stranica&nbsp;\u201cWest Herzegovina Adventures\u201d objavila je novi video zip linea u \u0161irokobrije\u0161kom prirodnom biseru Borak.<\/h5>\n\n\n\n<p>Cijeli sustav zip-line ima ukupnu du\u017einu oko&nbsp;<strong>1.100 metara<\/strong>, te kroz<strong>&nbsp;tri linije&nbsp;<\/strong>prelazi preko najatraktivnijeg dijela kanjona rijeke Li\u0161tice.<\/p>\n\n\n\n<p>Podsje\u0107mo, projekt izgradnje zip-line sustava u Borku izvodi se u sklopu projekta prekograni\u010dne suradnje&nbsp;<em><strong>Adriatic Canyoning<\/strong><\/em>.<\/p>\n\n\n\n<p>Na YouTubeu se u ponedjeljak objavili i video pod nazivom \u201c<strong>Testiranje Zipline Borak \u0160iroki Brijeg 23.05.2021.<\/strong>\u201c:<\/p>\n\n\n\n<iframe loading=\"lazy\" width=\"560\" height=\"315\" src=\"https:\/\/www.youtube.com\/embed\/ZvQdWgEhwCM\" title=\"YouTube video player\" frameborder=\"0\" allow=\"accelerometer; autoplay; clipboard-write; encrypted-media; gyroscope; picture-in-picture\" allowfullscreen><\/iframe>\n\n\n\n<p><strong>Izvor: Jabuka.tv<\/strong><\/p>\n","protected":false},"excerpt":{"rendered":"<p>Facebook stranica&nbsp;\u201cWest Herzegovina Adventures\u201d objavila je novi video zip linea u \u0161irokobrije\u0161kom prirodnom biseru Borak. Cijeli sustav zip-line ima ukupnu du\u017einu oko&nbsp;1.100 metara, te kroz&nbsp;tri linije&nbsp;prelazi preko najatraktivnijeg dijela kanjona rijeke Li\u0161tice. Podsje\u0107mo, projekt izgradnje zip-line sustava u Borku izvodi se u sklopu projekta prekograni\u010dne suradnje&nbsp;Adriatic Canyoning. Na YouTubeu se u ponedjeljak objavili i video [&hellip;]<\/p>\n","protected":false},"author":2,"featured_media":25518,"comment_status":"closed","ping_status":"closed","sticky":false,"template":"","format":"standard","meta":{"h5ap_radio_sources":[],"footnotes":""},"categories":[1],"tags":[],"class_list":["post-25517","post","type-post","status-publish","format-standard","has-post-thumbnail","hentry","category-bihiregija"],"yoast_head":"<!-- This site is optimized with the Yoast SEO plugin v27.4 - https:\/\/yoast.com\/product\/yoast-seo-wordpress\/ -->\n<title>Video: Nova snimka spu\u0161tanja niz \u0161irokobrije\u0161ki zip line - RADIO LJUBU\u0160KI<\/title>\n<meta name=\"robots\" content=\"index, follow, max-snippet:-1, max-image-preview:large, max-video-preview:-1\" \/>\n<link rel=\"canonical\" href=\"https:\/\/radioljubuski.ba\/index.php\/2021\/05\/27\/video-nova-snimka-spustanja-niz-sirokobrijeski-zip-line\/\" \/>\n<meta property=\"og:locale\" content=\"hr_HR\" \/>\n<meta property=\"og:type\" content=\"article\" \/>\n<meta property=\"og:title\" content=\"Video: Nova snimka spu\u0161tanja niz \u0161irokobrije\u0161ki zip line - RADIO LJUBU\u0160KI\" \/>\n<meta property=\"og:description\" content=\"Facebook stranica&nbsp;\u201cWest Herzegovina Adventures\u201d objavila je novi video zip linea u \u0161irokobrije\u0161kom prirodnom biseru Borak. Cijeli sustav zip-line ima ukupnu du\u017einu oko&nbsp;1.100 metara, te kroz&nbsp;tri linije&nbsp;prelazi preko najatraktivnijeg dijela kanjona rijeke Li\u0161tice. Podsje\u0107mo, projekt izgradnje zip-line sustava u Borku izvodi se u sklopu projekta prekograni\u010dne suradnje&nbsp;Adriatic Canyoning. Na YouTubeu se u ponedjeljak objavili i video [&hellip;]\" \/>\n<meta property=\"og:url\" content=\"https:\/\/radioljubuski.ba\/index.php\/2021\/05\/27\/video-nova-snimka-spustanja-niz-sirokobrijeski-zip-line\/\" \/>\n<meta property=\"og:site_name\" content=\"RADIO LJUBU\u0160KI\" \/>\n<meta property=\"article:publisher\" content=\"https:\/\/www.facebook.com\/Radiio-Ljubuski-1490835324566332\" \/>\n<meta property=\"article:published_time\" content=\"2021-05-27T10:53:26+00:00\" \/>\n<meta property=\"article:modified_time\" content=\"2021-05-27T10:55:03+00:00\" \/>\n<meta property=\"og:image\" content=\"https:\/\/radioljubuski.ba\/wp-content\/uploads\/2021\/05\/zip-line.jpg\" \/>\n\t<meta property=\"og:image:width\" content=\"1616\" \/>\n\t<meta property=\"og:image:height\" content=\"1077\" \/>\n\t<meta property=\"og:image:type\" content=\"image\/jpeg\" \/>\n<meta name=\"author\" content=\"Radio Ljubu\u0161ki\" \/>\n<meta name=\"twitter:card\" content=\"summary_large_image\" \/>\n<meta name=\"twitter:creator\" content=\"@radioljubuski\" \/>\n<meta name=\"twitter:site\" content=\"@radioljubuski\" \/>\n<meta name=\"twitter:label1\" content=\"Napisao\/la\" \/>\n\t<meta name=\"twitter:data1\" content=\"Radio Ljubu\u0161ki\" \/>\n\t<meta name=\"twitter:label2\" content=\"Procijenjeno vrijeme \u010ditanja\" \/>\n\t<meta name=\"twitter:data2\" content=\"1 minuta\" \/>\n<script type=\"application\/ld+json\" class=\"yoast-schema-graph\">{\"@context\":\"https:\\\/\\\/schema.org\",\"@graph\":[{\"@type\":\"Article\",\"@id\":\"https:\\\/\\\/radioljubuski.ba\\\/index.php\\\/2021\\\/05\\\/27\\\/video-nova-snimka-spustanja-niz-sirokobrijeski-zip-line\\\/#article\",\"isPartOf\":{\"@id\":\"https:\\\/\\\/radioljubuski.ba\\\/index.php\\\/2021\\\/05\\\/27\\\/video-nova-snimka-spustanja-niz-sirokobrijeski-zip-line\\\/\"},\"author\":{\"name\":\"Radio Ljubu\u0161ki\",\"@id\":\"https:\\\/\\\/radioljubuski.ba\\\/#\\\/schema\\\/person\\\/19fc700381a780f69665d7956c469e3b\"},\"headline\":\"Video: Nova snimka spu\u0161tanja niz \u0161irokobrije\u0161ki zip line\",\"datePublished\":\"2021-05-27T10:53:26+00:00\",\"dateModified\":\"2021-05-27T10:55:03+00:00\",\"mainEntityOfPage\":{\"@id\":\"https:\\\/\\\/radioljubuski.ba\\\/index.php\\\/2021\\\/05\\\/27\\\/video-nova-snimka-spustanja-niz-sirokobrijeski-zip-line\\\/\"},\"wordCount\":89,\"publisher\":{\"@id\":\"https:\\\/\\\/radioljubuski.ba\\\/#organization\"},\"image\":{\"@id\":\"https:\\\/\\\/radioljubuski.ba\\\/index.php\\\/2021\\\/05\\\/27\\\/video-nova-snimka-spustanja-niz-sirokobrijeski-zip-line\\\/#primaryimage\"},\"thumbnailUrl\":\"https:\\\/\\\/radioljubuski.ba\\\/wp-content\\\/uploads\\\/2021\\\/05\\\/zip-line.jpg\",\"articleSection\":[\"BIH i regija\"],\"inLanguage\":\"hr\"},{\"@type\":\"WebPage\",\"@id\":\"https:\\\/\\\/radioljubuski.ba\\\/index.php\\\/2021\\\/05\\\/27\\\/video-nova-snimka-spustanja-niz-sirokobrijeski-zip-line\\\/\",\"url\":\"https:\\\/\\\/radioljubuski.ba\\\/index.php\\\/2021\\\/05\\\/27\\\/video-nova-snimka-spustanja-niz-sirokobrijeski-zip-line\\\/\",\"name\":\"Video: Nova snimka spu\u0161tanja niz \u0161irokobrije\u0161ki zip line - RADIO LJUBU\u0160KI\",\"isPartOf\":{\"@id\":\"https:\\\/\\\/radioljubuski.ba\\\/#website\"},\"primaryImageOfPage\":{\"@id\":\"https:\\\/\\\/radioljubuski.ba\\\/index.php\\\/2021\\\/05\\\/27\\\/video-nova-snimka-spustanja-niz-sirokobrijeski-zip-line\\\/#primaryimage\"},\"image\":{\"@id\":\"https:\\\/\\\/radioljubuski.ba\\\/index.php\\\/2021\\\/05\\\/27\\\/video-nova-snimka-spustanja-niz-sirokobrijeski-zip-line\\\/#primaryimage\"},\"thumbnailUrl\":\"https:\\\/\\\/radioljubuski.ba\\\/wp-content\\\/uploads\\\/2021\\\/05\\\/zip-line.jpg\",\"datePublished\":\"2021-05-27T10:53:26+00:00\",\"dateModified\":\"2021-05-27T10:55:03+00:00\",\"breadcrumb\":{\"@id\":\"https:\\\/\\\/radioljubuski.ba\\\/index.php\\\/2021\\\/05\\\/27\\\/video-nova-snimka-spustanja-niz-sirokobrijeski-zip-line\\\/#breadcrumb\"},\"inLanguage\":\"hr\",\"potentialAction\":[{\"@type\":\"ReadAction\",\"target\":[\"https:\\\/\\\/radioljubuski.ba\\\/index.php\\\/2021\\\/05\\\/27\\\/video-nova-snimka-spustanja-niz-sirokobrijeski-zip-line\\\/\"]}]},{\"@type\":\"ImageObject\",\"inLanguage\":\"hr\",\"@id\":\"https:\\\/\\\/radioljubuski.ba\\\/index.php\\\/2021\\\/05\\\/27\\\/video-nova-snimka-spustanja-niz-sirokobrijeski-zip-line\\\/#primaryimage\",\"url\":\"https:\\\/\\\/radioljubuski.ba\\\/wp-content\\\/uploads\\\/2021\\\/05\\\/zip-line.jpg\",\"contentUrl\":\"https:\\\/\\\/radioljubuski.ba\\\/wp-content\\\/uploads\\\/2021\\\/05\\\/zip-line.jpg\",\"width\":1616,\"height\":1077},{\"@type\":\"BreadcrumbList\",\"@id\":\"https:\\\/\\\/radioljubuski.ba\\\/index.php\\\/2021\\\/05\\\/27\\\/video-nova-snimka-spustanja-niz-sirokobrijeski-zip-line\\\/#breadcrumb\",\"itemListElement\":[{\"@type\":\"ListItem\",\"position\":1,\"name\":\"Po\u010detna stranica\",\"item\":\"https:\\\/\\\/radioljubuski.ba\\\/\"},{\"@type\":\"ListItem\",\"position\":2,\"name\":\"Video: Nova snimka spu\u0161tanja niz \u0161irokobrije\u0161ki zip line\"}]},{\"@type\":\"WebSite\",\"@id\":\"https:\\\/\\\/radioljubuski.ba\\\/#website\",\"url\":\"https:\\\/\\\/radioljubuski.ba\\\/\",\"name\":\"Radio Ljubu\u0161ki\",\"description\":\"Sun\u010dana frekvencija Hercegovine\",\"publisher\":{\"@id\":\"https:\\\/\\\/radioljubuski.ba\\\/#organization\"},\"potentialAction\":[{\"@type\":\"SearchAction\",\"target\":{\"@type\":\"EntryPoint\",\"urlTemplate\":\"https:\\\/\\\/radioljubuski.ba\\\/?s={search_term_string}\"},\"query-input\":{\"@type\":\"PropertyValueSpecification\",\"valueRequired\":true,\"valueName\":\"search_term_string\"}}],\"inLanguage\":\"hr\"},{\"@type\":\"Organization\",\"@id\":\"https:\\\/\\\/radioljubuski.ba\\\/#organization\",\"name\":\"Radio Ljubu\u0161ki\",\"url\":\"https:\\\/\\\/radioljubuski.ba\\\/\",\"logo\":{\"@type\":\"ImageObject\",\"inLanguage\":\"hr\",\"@id\":\"https:\\\/\\\/radioljubuski.ba\\\/#\\\/schema\\\/logo\\\/image\\\/\",\"url\":\"https:\\\/\\\/radioljubuski.ba\\\/wp-content\\\/uploads\\\/2021\\\/02\\\/cropped-Radio_Ljubuski_logo1.jpg\",\"contentUrl\":\"https:\\\/\\\/radioljubuski.ba\\\/wp-content\\\/uploads\\\/2021\\\/02\\\/cropped-Radio_Ljubuski_logo1.jpg\",\"width\":512,\"height\":512,\"caption\":\"Radio Ljubu\u0161ki\"},\"image\":{\"@id\":\"https:\\\/\\\/radioljubuski.ba\\\/#\\\/schema\\\/logo\\\/image\\\/\"},\"sameAs\":[\"https:\\\/\\\/www.facebook.com\\\/Radiio-Ljubuski-1490835324566332\",\"https:\\\/\\\/x.com\\\/radioljubuski\",\"https:\\\/\\\/hr.linkedin.com\\\/company\\\/radio-ljubuski\",\"https:\\\/\\\/www.youtube.com\\\/channel\\\/UCHYaeO_n0Db3tjNGudGpXyw\"]},{\"@type\":\"Person\",\"@id\":\"https:\\\/\\\/radioljubuski.ba\\\/#\\\/schema\\\/person\\\/19fc700381a780f69665d7956c469e3b\",\"name\":\"Radio Ljubu\u0161ki\"}]}<\/script>\n<!-- \/ Yoast SEO plugin. -->","yoast_head_json":{"title":"Video: Nova snimka spu\u0161tanja niz \u0161irokobrije\u0161ki zip line - RADIO LJUBU\u0160KI","robots":{"index":"index","follow":"follow","max-snippet":"max-snippet:-1","max-image-preview":"max-image-preview:large","max-video-preview":"max-video-preview:-1"},"canonical":"https:\/\/radioljubuski.ba\/index.php\/2021\/05\/27\/video-nova-snimka-spustanja-niz-sirokobrijeski-zip-line\/","og_locale":"hr_HR","og_type":"article","og_title":"Video: Nova snimka spu\u0161tanja niz \u0161irokobrije\u0161ki zip line - RADIO LJUBU\u0160KI","og_description":"Facebook stranica&nbsp;\u201cWest Herzegovina Adventures\u201d objavila je novi video zip linea u \u0161irokobrije\u0161kom prirodnom biseru Borak. Cijeli sustav zip-line ima ukupnu du\u017einu oko&nbsp;1.100 metara, te kroz&nbsp;tri linije&nbsp;prelazi preko najatraktivnijeg dijela kanjona rijeke Li\u0161tice. Podsje\u0107mo, projekt izgradnje zip-line sustava u Borku izvodi se u sklopu projekta prekograni\u010dne suradnje&nbsp;Adriatic Canyoning. Na YouTubeu se u ponedjeljak objavili i video [&hellip;]","og_url":"https:\/\/radioljubuski.ba\/index.php\/2021\/05\/27\/video-nova-snimka-spustanja-niz-sirokobrijeski-zip-line\/","og_site_name":"RADIO LJUBU\u0160KI","article_publisher":"https:\/\/www.facebook.com\/Radiio-Ljubuski-1490835324566332","article_published_time":"2021-05-27T10:53:26+00:00","article_modified_time":"2021-05-27T10:55:03+00:00","og_image":[{"width":1616,"height":1077,"url":"https:\/\/radioljubuski.ba\/wp-content\/uploads\/2021\/05\/zip-line.jpg","type":"image\/jpeg"}],"author":"Radio Ljubu\u0161ki","twitter_card":"summary_large_image","twitter_creator":"@radioljubuski","twitter_site":"@radioljubuski","twitter_misc":{"Napisao\/la":"Radio Ljubu\u0161ki","Procijenjeno vrijeme \u010ditanja":"1 minuta"},"schema":{"@context":"https:\/\/schema.org","@graph":[{"@type":"Article","@id":"https:\/\/radioljubuski.ba\/index.php\/2021\/05\/27\/video-nova-snimka-spustanja-niz-sirokobrijeski-zip-line\/#article","isPartOf":{"@id":"https:\/\/radioljubuski.ba\/index.php\/2021\/05\/27\/video-nova-snimka-spustanja-niz-sirokobrijeski-zip-line\/"},"author":{"name":"Radio Ljubu\u0161ki","@id":"https:\/\/radioljubuski.ba\/#\/schema\/person\/19fc700381a780f69665d7956c469e3b"},"headline":"Video: Nova snimka spu\u0161tanja niz \u0161irokobrije\u0161ki zip line","datePublished":"2021-05-27T10:53:26+00:00","dateModified":"2021-05-27T10:55:03+00:00","mainEntityOfPage":{"@id":"https:\/\/radioljubuski.ba\/index.php\/2021\/05\/27\/video-nova-snimka-spustanja-niz-sirokobrijeski-zip-line\/"},"wordCount":89,"publisher":{"@id":"https:\/\/radioljubuski.ba\/#organization"},"image":{"@id":"https:\/\/radioljubuski.ba\/index.php\/2021\/05\/27\/video-nova-snimka-spustanja-niz-sirokobrijeski-zip-line\/#primaryimage"},"thumbnailUrl":"https:\/\/radioljubuski.ba\/wp-content\/uploads\/2021\/05\/zip-line.jpg","articleSection":["BIH i regija"],"inLanguage":"hr"},{"@type":"WebPage","@id":"https:\/\/radioljubuski.ba\/index.php\/2021\/05\/27\/video-nova-snimka-spustanja-niz-sirokobrijeski-zip-line\/","url":"https:\/\/radioljubuski.ba\/index.php\/2021\/05\/27\/video-nova-snimka-spustanja-niz-sirokobrijeski-zip-line\/","name":"Video: Nova snimka spu\u0161tanja niz \u0161irokobrije\u0161ki zip line - RADIO LJUBU\u0160KI","isPartOf":{"@id":"https:\/\/radioljubuski.ba\/#website"},"primaryImageOfPage":{"@id":"https:\/\/radioljubuski.ba\/index.php\/2021\/05\/27\/video-nova-snimka-spustanja-niz-sirokobrijeski-zip-line\/#primaryimage"},"image":{"@id":"https:\/\/radioljubuski.ba\/index.php\/2021\/05\/27\/video-nova-snimka-spustanja-niz-sirokobrijeski-zip-line\/#primaryimage"},"thumbnailUrl":"https:\/\/radioljubuski.ba\/wp-content\/uploads\/2021\/05\/zip-line.jpg","datePublished":"2021-05-27T10:53:26+00:00","dateModified":"2021-05-27T10:55:03+00:00","breadcrumb":{"@id":"https:\/\/radioljubuski.ba\/index.php\/2021\/05\/27\/video-nova-snimka-spustanja-niz-sirokobrijeski-zip-line\/#breadcrumb"},"inLanguage":"hr","potentialAction":[{"@type":"ReadAction","target":["https:\/\/radioljubuski.ba\/index.php\/2021\/05\/27\/video-nova-snimka-spustanja-niz-sirokobrijeski-zip-line\/"]}]},{"@type":"ImageObject","inLanguage":"hr","@id":"https:\/\/radioljubuski.ba\/index.php\/2021\/05\/27\/video-nova-snimka-spustanja-niz-sirokobrijeski-zip-line\/#primaryimage","url":"https:\/\/radioljubuski.ba\/wp-content\/uploads\/2021\/05\/zip-line.jpg","contentUrl":"https:\/\/radioljubuski.ba\/wp-content\/uploads\/2021\/05\/zip-line.jpg","width":1616,"height":1077},{"@type":"BreadcrumbList","@id":"https:\/\/radioljubuski.ba\/index.php\/2021\/05\/27\/video-nova-snimka-spustanja-niz-sirokobrijeski-zip-line\/#breadcrumb","itemListElement":[{"@type":"ListItem","position":1,"name":"Po\u010detna stranica","item":"https:\/\/radioljubuski.ba\/"},{"@type":"ListItem","position":2,"name":"Video: Nova snimka spu\u0161tanja niz \u0161irokobrije\u0161ki zip line"}]},{"@type":"WebSite","@id":"https:\/\/radioljubuski.ba\/#website","url":"https:\/\/radioljubuski.ba\/","name":"Radio Ljubu\u0161ki","description":"Sun\u010dana frekvencija Hercegovine","publisher":{"@id":"https:\/\/radioljubuski.ba\/#organization"},"potentialAction":[{"@type":"SearchAction","target":{"@type":"EntryPoint","urlTemplate":"https:\/\/radioljubuski.ba\/?s={search_term_string}"},"query-input":{"@type":"PropertyValueSpecification","valueRequired":true,"valueName":"search_term_string"}}],"inLanguage":"hr"},{"@type":"Organization","@id":"https:\/\/radioljubuski.ba\/#organization","name":"Radio Ljubu\u0161ki","url":"https:\/\/radioljubuski.ba\/","logo":{"@type":"ImageObject","inLanguage":"hr","@id":"https:\/\/radioljubuski.ba\/#\/schema\/logo\/image\/","url":"https:\/\/radioljubuski.ba\/wp-content\/uploads\/2021\/02\/cropped-Radio_Ljubuski_logo1.jpg","contentUrl":"https:\/\/radioljubuski.ba\/wp-content\/uploads\/2021\/02\/cropped-Radio_Ljubuski_logo1.jpg","width":512,"height":512,"caption":"Radio Ljubu\u0161ki"},"image":{"@id":"https:\/\/radioljubuski.ba\/#\/schema\/logo\/image\/"},"sameAs":["https:\/\/www.facebook.com\/Radiio-Ljubuski-1490835324566332","https:\/\/x.com\/radioljubuski","https:\/\/hr.linkedin.com\/company\/radio-ljubuski","https:\/\/www.youtube.com\/channel\/UCHYaeO_n0Db3tjNGudGpXyw"]},{"@type":"Person","@id":"https:\/\/radioljubuski.ba\/#\/schema\/person\/19fc700381a780f69665d7956c469e3b","name":"Radio Ljubu\u0161ki"}]}},"_links":{"self":[{"href":"https:\/\/radioljubuski.ba\/index.php\/wp-json\/wp\/v2\/posts\/25517","targetHints":{"allow":["GET"]}}],"collection":[{"href":"https:\/\/radioljubuski.ba\/index.php\/wp-json\/wp\/v2\/posts"}],"about":[{"href":"https:\/\/radioljubuski.ba\/index.php\/wp-json\/wp\/v2\/types\/post"}],"author":[{"embeddable":true,"href":"https:\/\/radioljubuski.ba\/index.php\/wp-json\/wp\/v2\/users\/2"}],"replies":[{"embeddable":true,"href":"https:\/\/radioljubuski.ba\/index.php\/wp-json\/wp\/v2\/comments?post=25517"}],"version-history":[{"count":1,"href":"https:\/\/radioljubuski.ba\/index.php\/wp-json\/wp\/v2\/posts\/25517\/revisions"}],"predecessor-version":[{"id":25519,"href":"https:\/\/radioljubuski.ba\/index.php\/wp-json\/wp\/v2\/posts\/25517\/revisions\/25519"}],"wp:featuredmedia":[{"embeddable":true,"href":"https:\/\/radioljubuski.ba\/index.php\/wp-json\/wp\/v2\/media\/25518"}],"wp:attachment":[{"href":"https:\/\/radioljubuski.ba\/index.php\/wp-json\/wp\/v2\/media?parent=25517"}],"wp:term":[{"taxonomy":"category","embeddable":true,"href":"https:\/\/radioljubuski.ba\/index.php\/wp-json\/wp\/v2\/categories?post=25517"},{"taxonomy":"post_tag","embeddable":true,"href":"https:\/\/radioljubuski.ba\/index.php\/wp-json\/wp\/v2\/tags?post=25517"}],"curies":[{"name":"wp","href":"https:\/\/api.w.org\/{rel}","templated":true}]}}