{"id":25562,"date":"2021-05-27T12:25:16","date_gmt":"2021-05-27T11:25:16","guid":{"rendered":"https:\/\/radioljubuski.ba\/?p=25562"},"modified":"2021-05-27T12:25:16","modified_gmt":"2021-05-27T11:25:16","slug":"broncana-bozica-iz-sovica-na-markama-hrvatske-poste-mostar","status":"publish","type":"post","link":"https:\/\/radioljubuski.ba\/index.php\/2021\/05\/27\/broncana-bozica-iz-sovica-na-markama-hrvatske-poste-mostar\/","title":{"rendered":"Bron\u010dana bo\u017eica iz Sovi\u0107a na markama Hrvatske po\u0161te Mostar"},"content":{"rendered":"\n<p>Hrvatska po\u0161ta (HP) Mostar tiskala je redovito izdanje po\u0161tanskih maraka &#8220;Arheolo\u0161ko blago 2021.&#8221; s motivom minijaturne bron\u010dane figurice ilirske bo\u017eice.<\/p>\n\n\n\n<p>Ovaj vrijedni nalaz iz vremena Ilira slu\u010dajno je prona\u0111en krajem 19. stolje\u0107a u mjestu Sovi\u0107i nedaleko od Mostara, a pretpostavlja se da je nastao tri stolje\u0107a prije Krista, priop\u0107eno je iz HP-a Mostar.<\/p>\n\n\n\n<p>Bron\u010dana bo\u017eica izdu\u017eenog tijela, slomljenih nogu i jedne ruke ima perforirane grudi i lijevom rukom prekriva intimni dio tijela. Arheolog Borivoj \u010covi\u0107 figuricu obja\u0161njava kao predstavu kultne bo\u017eice, koja je najvjerojatnije uvezena na delmatsko podru\u010dje.<\/p>\n\n\n\n<p>Navode kako rusti\u010dna izvedba, nagla\u0161ena asimetri\u010dnost i redukcija ukazuju na mogu\u0107nost izvornog likovnog izri\u010daja, a mo\u017ee se pretpostaviti da statua predstavlja autohtonu ina\u010dicu bo\u017eice &#8220;Venere pudice&#8221;.<\/p>\n\n\n\n<p>Figurica je izlo\u017eena u stalnom postavu prapovijesne zbirke Muzeja franjeva\u010dkog samostana svetog Ante Padovanskog na Humcu. Zabilje\u017eeno je da je bron\u010danu figuricu muzeju poklonio fra Andrija Nui\u0107 13. studenoga 1891. godine, a njena replika izlo\u017eena je u stalnom postavu Hrvatske franjeva\u010dke arheolo\u0161ke zbirke sv. Stjepana Prvomu\u010denika u Gorici kod Gruda.<\/p>\n\n\n\n<p>Autorica likovnog rje\u0161enja je Ana Pavlovi\u0107, a marke se u po\u0161tanskom prometu koriste od 12. svibnja 2021. godine.<\/p>\n\n\n\n<p>Izvor:pogled.ba<\/p>\n","protected":false},"excerpt":{"rendered":"<p>Hrvatska po\u0161ta (HP) Mostar tiskala je redovito izdanje po\u0161tanskih maraka &#8220;Arheolo\u0161ko blago 2021.&#8221; s motivom minijaturne bron\u010dane figurice ilirske bo\u017eice. Ovaj vrijedni nalaz iz vremena Ilira slu\u010dajno je prona\u0111en krajem 19. stolje\u0107a u mjestu Sovi\u0107i nedaleko od Mostara, a pretpostavlja se da je nastao tri stolje\u0107a prije Krista, priop\u0107eno je iz HP-a Mostar. Bron\u010dana bo\u017eica [&hellip;]<\/p>\n","protected":false},"author":2,"featured_media":25563,"comment_status":"closed","ping_status":"closed","sticky":false,"template":"","format":"standard","meta":{"h5ap_radio_sources":[],"footnotes":""},"categories":[1],"tags":[],"class_list":["post-25562","post","type-post","status-publish","format-standard","has-post-thumbnail","hentry","category-bihiregija"],"yoast_head":"<!-- This site is optimized with the Yoast SEO plugin v27.4 - https:\/\/yoast.com\/product\/yoast-seo-wordpress\/ -->\n<title>Bron\u010dana bo\u017eica iz Sovi\u0107a na markama Hrvatske po\u0161te Mostar - RADIO LJUBU\u0160KI<\/title>\n<meta name=\"robots\" content=\"index, follow, max-snippet:-1, max-image-preview:large, max-video-preview:-1\" \/>\n<link rel=\"canonical\" href=\"https:\/\/radioljubuski.ba\/index.php\/2021\/05\/27\/broncana-bozica-iz-sovica-na-markama-hrvatske-poste-mostar\/\" \/>\n<meta property=\"og:locale\" content=\"hr_HR\" \/>\n<meta property=\"og:type\" content=\"article\" \/>\n<meta property=\"og:title\" content=\"Bron\u010dana bo\u017eica iz Sovi\u0107a na markama Hrvatske po\u0161te Mostar - RADIO LJUBU\u0160KI\" \/>\n<meta property=\"og:description\" content=\"Hrvatska po\u0161ta (HP) Mostar tiskala je redovito izdanje po\u0161tanskih maraka &#8220;Arheolo\u0161ko blago 2021.&#8221; s motivom minijaturne bron\u010dane figurice ilirske bo\u017eice. Ovaj vrijedni nalaz iz vremena Ilira slu\u010dajno je prona\u0111en krajem 19. stolje\u0107a u mjestu Sovi\u0107i nedaleko od Mostara, a pretpostavlja se da je nastao tri stolje\u0107a prije Krista, priop\u0107eno je iz HP-a Mostar. Bron\u010dana bo\u017eica [&hellip;]\" \/>\n<meta property=\"og:url\" content=\"https:\/\/radioljubuski.ba\/index.php\/2021\/05\/27\/broncana-bozica-iz-sovica-na-markama-hrvatske-poste-mostar\/\" \/>\n<meta property=\"og:site_name\" content=\"RADIO LJUBU\u0160KI\" \/>\n<meta property=\"article:publisher\" content=\"https:\/\/www.facebook.com\/Radiio-Ljubuski-1490835324566332\" \/>\n<meta property=\"article:published_time\" content=\"2021-05-27T11:25:16+00:00\" \/>\n<meta property=\"og:image\" content=\"https:\/\/radioljubuski.ba\/wp-content\/uploads\/2021\/05\/2-2021-05-27-11-25-27-sestre-mislosrdnice-1.jpg\" \/>\n\t<meta property=\"og:image:width\" content=\"1000\" \/>\n\t<meta property=\"og:image:height\" content=\"625\" \/>\n\t<meta property=\"og:image:type\" content=\"image\/jpeg\" \/>\n<meta name=\"author\" content=\"Radio Ljubu\u0161ki\" \/>\n<meta name=\"twitter:card\" content=\"summary_large_image\" \/>\n<meta name=\"twitter:creator\" content=\"@radioljubuski\" \/>\n<meta name=\"twitter:site\" content=\"@radioljubuski\" \/>\n<meta name=\"twitter:label1\" content=\"Napisao\/la\" \/>\n\t<meta name=\"twitter:data1\" content=\"Radio Ljubu\u0161ki\" \/>\n\t<meta name=\"twitter:label2\" content=\"Procijenjeno vrijeme \u010ditanja\" \/>\n\t<meta name=\"twitter:data2\" content=\"1 minuta\" \/>\n<script type=\"application\/ld+json\" class=\"yoast-schema-graph\">{\"@context\":\"https:\\\/\\\/schema.org\",\"@graph\":[{\"@type\":\"Article\",\"@id\":\"https:\\\/\\\/radioljubuski.ba\\\/index.php\\\/2021\\\/05\\\/27\\\/broncana-bozica-iz-sovica-na-markama-hrvatske-poste-mostar\\\/#article\",\"isPartOf\":{\"@id\":\"https:\\\/\\\/radioljubuski.ba\\\/index.php\\\/2021\\\/05\\\/27\\\/broncana-bozica-iz-sovica-na-markama-hrvatske-poste-mostar\\\/\"},\"author\":{\"name\":\"Radio Ljubu\u0161ki\",\"@id\":\"https:\\\/\\\/radioljubuski.ba\\\/#\\\/schema\\\/person\\\/19fc700381a780f69665d7956c469e3b\"},\"headline\":\"Bron\u010dana bo\u017eica iz Sovi\u0107a na markama Hrvatske po\u0161te Mostar\",\"datePublished\":\"2021-05-27T11:25:16+00:00\",\"mainEntityOfPage\":{\"@id\":\"https:\\\/\\\/radioljubuski.ba\\\/index.php\\\/2021\\\/05\\\/27\\\/broncana-bozica-iz-sovica-na-markama-hrvatske-poste-mostar\\\/\"},\"wordCount\":227,\"publisher\":{\"@id\":\"https:\\\/\\\/radioljubuski.ba\\\/#organization\"},\"image\":{\"@id\":\"https:\\\/\\\/radioljubuski.ba\\\/index.php\\\/2021\\\/05\\\/27\\\/broncana-bozica-iz-sovica-na-markama-hrvatske-poste-mostar\\\/#primaryimage\"},\"thumbnailUrl\":\"https:\\\/\\\/radioljubuski.ba\\\/wp-content\\\/uploads\\\/2021\\\/05\\\/2-2021-05-27-11-25-27-sestre-mislosrdnice-1.jpg\",\"articleSection\":[\"BIH i regija\"],\"inLanguage\":\"hr\"},{\"@type\":\"WebPage\",\"@id\":\"https:\\\/\\\/radioljubuski.ba\\\/index.php\\\/2021\\\/05\\\/27\\\/broncana-bozica-iz-sovica-na-markama-hrvatske-poste-mostar\\\/\",\"url\":\"https:\\\/\\\/radioljubuski.ba\\\/index.php\\\/2021\\\/05\\\/27\\\/broncana-bozica-iz-sovica-na-markama-hrvatske-poste-mostar\\\/\",\"name\":\"Bron\u010dana bo\u017eica iz Sovi\u0107a na markama Hrvatske po\u0161te Mostar - RADIO LJUBU\u0160KI\",\"isPartOf\":{\"@id\":\"https:\\\/\\\/radioljubuski.ba\\\/#website\"},\"primaryImageOfPage\":{\"@id\":\"https:\\\/\\\/radioljubuski.ba\\\/index.php\\\/2021\\\/05\\\/27\\\/broncana-bozica-iz-sovica-na-markama-hrvatske-poste-mostar\\\/#primaryimage\"},\"image\":{\"@id\":\"https:\\\/\\\/radioljubuski.ba\\\/index.php\\\/2021\\\/05\\\/27\\\/broncana-bozica-iz-sovica-na-markama-hrvatske-poste-mostar\\\/#primaryimage\"},\"thumbnailUrl\":\"https:\\\/\\\/radioljubuski.ba\\\/wp-content\\\/uploads\\\/2021\\\/05\\\/2-2021-05-27-11-25-27-sestre-mislosrdnice-1.jpg\",\"datePublished\":\"2021-05-27T11:25:16+00:00\",\"breadcrumb\":{\"@id\":\"https:\\\/\\\/radioljubuski.ba\\\/index.php\\\/2021\\\/05\\\/27\\\/broncana-bozica-iz-sovica-na-markama-hrvatske-poste-mostar\\\/#breadcrumb\"},\"inLanguage\":\"hr\",\"potentialAction\":[{\"@type\":\"ReadAction\",\"target\":[\"https:\\\/\\\/radioljubuski.ba\\\/index.php\\\/2021\\\/05\\\/27\\\/broncana-bozica-iz-sovica-na-markama-hrvatske-poste-mostar\\\/\"]}]},{\"@type\":\"ImageObject\",\"inLanguage\":\"hr\",\"@id\":\"https:\\\/\\\/radioljubuski.ba\\\/index.php\\\/2021\\\/05\\\/27\\\/broncana-bozica-iz-sovica-na-markama-hrvatske-poste-mostar\\\/#primaryimage\",\"url\":\"https:\\\/\\\/radioljubuski.ba\\\/wp-content\\\/uploads\\\/2021\\\/05\\\/2-2021-05-27-11-25-27-sestre-mislosrdnice-1.jpg\",\"contentUrl\":\"https:\\\/\\\/radioljubuski.ba\\\/wp-content\\\/uploads\\\/2021\\\/05\\\/2-2021-05-27-11-25-27-sestre-mislosrdnice-1.jpg\",\"width\":1000,\"height\":625},{\"@type\":\"BreadcrumbList\",\"@id\":\"https:\\\/\\\/radioljubuski.ba\\\/index.php\\\/2021\\\/05\\\/27\\\/broncana-bozica-iz-sovica-na-markama-hrvatske-poste-mostar\\\/#breadcrumb\",\"itemListElement\":[{\"@type\":\"ListItem\",\"position\":1,\"name\":\"Po\u010detna stranica\",\"item\":\"https:\\\/\\\/radioljubuski.ba\\\/\"},{\"@type\":\"ListItem\",\"position\":2,\"name\":\"Bron\u010dana bo\u017eica iz Sovi\u0107a na markama Hrvatske po\u0161te Mostar\"}]},{\"@type\":\"WebSite\",\"@id\":\"https:\\\/\\\/radioljubuski.ba\\\/#website\",\"url\":\"https:\\\/\\\/radioljubuski.ba\\\/\",\"name\":\"Radio Ljubu\u0161ki\",\"description\":\"Sun\u010dana frekvencija Hercegovine\",\"publisher\":{\"@id\":\"https:\\\/\\\/radioljubuski.ba\\\/#organization\"},\"potentialAction\":[{\"@type\":\"SearchAction\",\"target\":{\"@type\":\"EntryPoint\",\"urlTemplate\":\"https:\\\/\\\/radioljubuski.ba\\\/?s={search_term_string}\"},\"query-input\":{\"@type\":\"PropertyValueSpecification\",\"valueRequired\":true,\"valueName\":\"search_term_string\"}}],\"inLanguage\":\"hr\"},{\"@type\":\"Organization\",\"@id\":\"https:\\\/\\\/radioljubuski.ba\\\/#organization\",\"name\":\"Radio Ljubu\u0161ki\",\"url\":\"https:\\\/\\\/radioljubuski.ba\\\/\",\"logo\":{\"@type\":\"ImageObject\",\"inLanguage\":\"hr\",\"@id\":\"https:\\\/\\\/radioljubuski.ba\\\/#\\\/schema\\\/logo\\\/image\\\/\",\"url\":\"https:\\\/\\\/radioljubuski.ba\\\/wp-content\\\/uploads\\\/2021\\\/02\\\/cropped-Radio_Ljubuski_logo1.jpg\",\"contentUrl\":\"https:\\\/\\\/radioljubuski.ba\\\/wp-content\\\/uploads\\\/2021\\\/02\\\/cropped-Radio_Ljubuski_logo1.jpg\",\"width\":512,\"height\":512,\"caption\":\"Radio Ljubu\u0161ki\"},\"image\":{\"@id\":\"https:\\\/\\\/radioljubuski.ba\\\/#\\\/schema\\\/logo\\\/image\\\/\"},\"sameAs\":[\"https:\\\/\\\/www.facebook.com\\\/Radiio-Ljubuski-1490835324566332\",\"https:\\\/\\\/x.com\\\/radioljubuski\",\"https:\\\/\\\/hr.linkedin.com\\\/company\\\/radio-ljubuski\",\"https:\\\/\\\/www.youtube.com\\\/channel\\\/UCHYaeO_n0Db3tjNGudGpXyw\"]},{\"@type\":\"Person\",\"@id\":\"https:\\\/\\\/radioljubuski.ba\\\/#\\\/schema\\\/person\\\/19fc700381a780f69665d7956c469e3b\",\"name\":\"Radio Ljubu\u0161ki\"}]}<\/script>\n<!-- \/ Yoast SEO plugin. -->","yoast_head_json":{"title":"Bron\u010dana bo\u017eica iz Sovi\u0107a na markama Hrvatske po\u0161te Mostar - RADIO LJUBU\u0160KI","robots":{"index":"index","follow":"follow","max-snippet":"max-snippet:-1","max-image-preview":"max-image-preview:large","max-video-preview":"max-video-preview:-1"},"canonical":"https:\/\/radioljubuski.ba\/index.php\/2021\/05\/27\/broncana-bozica-iz-sovica-na-markama-hrvatske-poste-mostar\/","og_locale":"hr_HR","og_type":"article","og_title":"Bron\u010dana bo\u017eica iz Sovi\u0107a na markama Hrvatske po\u0161te Mostar - RADIO LJUBU\u0160KI","og_description":"Hrvatska po\u0161ta (HP) Mostar tiskala je redovito izdanje po\u0161tanskih maraka &#8220;Arheolo\u0161ko blago 2021.&#8221; s motivom minijaturne bron\u010dane figurice ilirske bo\u017eice. Ovaj vrijedni nalaz iz vremena Ilira slu\u010dajno je prona\u0111en krajem 19. stolje\u0107a u mjestu Sovi\u0107i nedaleko od Mostara, a pretpostavlja se da je nastao tri stolje\u0107a prije Krista, priop\u0107eno je iz HP-a Mostar. Bron\u010dana bo\u017eica [&hellip;]","og_url":"https:\/\/radioljubuski.ba\/index.php\/2021\/05\/27\/broncana-bozica-iz-sovica-na-markama-hrvatske-poste-mostar\/","og_site_name":"RADIO LJUBU\u0160KI","article_publisher":"https:\/\/www.facebook.com\/Radiio-Ljubuski-1490835324566332","article_published_time":"2021-05-27T11:25:16+00:00","og_image":[{"width":1000,"height":625,"url":"https:\/\/radioljubuski.ba\/wp-content\/uploads\/2021\/05\/2-2021-05-27-11-25-27-sestre-mislosrdnice-1.jpg","type":"image\/jpeg"}],"author":"Radio Ljubu\u0161ki","twitter_card":"summary_large_image","twitter_creator":"@radioljubuski","twitter_site":"@radioljubuski","twitter_misc":{"Napisao\/la":"Radio Ljubu\u0161ki","Procijenjeno vrijeme \u010ditanja":"1 minuta"},"schema":{"@context":"https:\/\/schema.org","@graph":[{"@type":"Article","@id":"https:\/\/radioljubuski.ba\/index.php\/2021\/05\/27\/broncana-bozica-iz-sovica-na-markama-hrvatske-poste-mostar\/#article","isPartOf":{"@id":"https:\/\/radioljubuski.ba\/index.php\/2021\/05\/27\/broncana-bozica-iz-sovica-na-markama-hrvatske-poste-mostar\/"},"author":{"name":"Radio Ljubu\u0161ki","@id":"https:\/\/radioljubuski.ba\/#\/schema\/person\/19fc700381a780f69665d7956c469e3b"},"headline":"Bron\u010dana bo\u017eica iz Sovi\u0107a na markama Hrvatske po\u0161te Mostar","datePublished":"2021-05-27T11:25:16+00:00","mainEntityOfPage":{"@id":"https:\/\/radioljubuski.ba\/index.php\/2021\/05\/27\/broncana-bozica-iz-sovica-na-markama-hrvatske-poste-mostar\/"},"wordCount":227,"publisher":{"@id":"https:\/\/radioljubuski.ba\/#organization"},"image":{"@id":"https:\/\/radioljubuski.ba\/index.php\/2021\/05\/27\/broncana-bozica-iz-sovica-na-markama-hrvatske-poste-mostar\/#primaryimage"},"thumbnailUrl":"https:\/\/radioljubuski.ba\/wp-content\/uploads\/2021\/05\/2-2021-05-27-11-25-27-sestre-mislosrdnice-1.jpg","articleSection":["BIH i regija"],"inLanguage":"hr"},{"@type":"WebPage","@id":"https:\/\/radioljubuski.ba\/index.php\/2021\/05\/27\/broncana-bozica-iz-sovica-na-markama-hrvatske-poste-mostar\/","url":"https:\/\/radioljubuski.ba\/index.php\/2021\/05\/27\/broncana-bozica-iz-sovica-na-markama-hrvatske-poste-mostar\/","name":"Bron\u010dana bo\u017eica iz Sovi\u0107a na markama Hrvatske po\u0161te Mostar - RADIO LJUBU\u0160KI","isPartOf":{"@id":"https:\/\/radioljubuski.ba\/#website"},"primaryImageOfPage":{"@id":"https:\/\/radioljubuski.ba\/index.php\/2021\/05\/27\/broncana-bozica-iz-sovica-na-markama-hrvatske-poste-mostar\/#primaryimage"},"image":{"@id":"https:\/\/radioljubuski.ba\/index.php\/2021\/05\/27\/broncana-bozica-iz-sovica-na-markama-hrvatske-poste-mostar\/#primaryimage"},"thumbnailUrl":"https:\/\/radioljubuski.ba\/wp-content\/uploads\/2021\/05\/2-2021-05-27-11-25-27-sestre-mislosrdnice-1.jpg","datePublished":"2021-05-27T11:25:16+00:00","breadcrumb":{"@id":"https:\/\/radioljubuski.ba\/index.php\/2021\/05\/27\/broncana-bozica-iz-sovica-na-markama-hrvatske-poste-mostar\/#breadcrumb"},"inLanguage":"hr","potentialAction":[{"@type":"ReadAction","target":["https:\/\/radioljubuski.ba\/index.php\/2021\/05\/27\/broncana-bozica-iz-sovica-na-markama-hrvatske-poste-mostar\/"]}]},{"@type":"ImageObject","inLanguage":"hr","@id":"https:\/\/radioljubuski.ba\/index.php\/2021\/05\/27\/broncana-bozica-iz-sovica-na-markama-hrvatske-poste-mostar\/#primaryimage","url":"https:\/\/radioljubuski.ba\/wp-content\/uploads\/2021\/05\/2-2021-05-27-11-25-27-sestre-mislosrdnice-1.jpg","contentUrl":"https:\/\/radioljubuski.ba\/wp-content\/uploads\/2021\/05\/2-2021-05-27-11-25-27-sestre-mislosrdnice-1.jpg","width":1000,"height":625},{"@type":"BreadcrumbList","@id":"https:\/\/radioljubuski.ba\/index.php\/2021\/05\/27\/broncana-bozica-iz-sovica-na-markama-hrvatske-poste-mostar\/#breadcrumb","itemListElement":[{"@type":"ListItem","position":1,"name":"Po\u010detna stranica","item":"https:\/\/radioljubuski.ba\/"},{"@type":"ListItem","position":2,"name":"Bron\u010dana bo\u017eica iz Sovi\u0107a na markama Hrvatske po\u0161te Mostar"}]},{"@type":"WebSite","@id":"https:\/\/radioljubuski.ba\/#website","url":"https:\/\/radioljubuski.ba\/","name":"Radio Ljubu\u0161ki","description":"Sun\u010dana frekvencija Hercegovine","publisher":{"@id":"https:\/\/radioljubuski.ba\/#organization"},"potentialAction":[{"@type":"SearchAction","target":{"@type":"EntryPoint","urlTemplate":"https:\/\/radioljubuski.ba\/?s={search_term_string}"},"query-input":{"@type":"PropertyValueSpecification","valueRequired":true,"valueName":"search_term_string"}}],"inLanguage":"hr"},{"@type":"Organization","@id":"https:\/\/radioljubuski.ba\/#organization","name":"Radio Ljubu\u0161ki","url":"https:\/\/radioljubuski.ba\/","logo":{"@type":"ImageObject","inLanguage":"hr","@id":"https:\/\/radioljubuski.ba\/#\/schema\/logo\/image\/","url":"https:\/\/radioljubuski.ba\/wp-content\/uploads\/2021\/02\/cropped-Radio_Ljubuski_logo1.jpg","contentUrl":"https:\/\/radioljubuski.ba\/wp-content\/uploads\/2021\/02\/cropped-Radio_Ljubuski_logo1.jpg","width":512,"height":512,"caption":"Radio Ljubu\u0161ki"},"image":{"@id":"https:\/\/radioljubuski.ba\/#\/schema\/logo\/image\/"},"sameAs":["https:\/\/www.facebook.com\/Radiio-Ljubuski-1490835324566332","https:\/\/x.com\/radioljubuski","https:\/\/hr.linkedin.com\/company\/radio-ljubuski","https:\/\/www.youtube.com\/channel\/UCHYaeO_n0Db3tjNGudGpXyw"]},{"@type":"Person","@id":"https:\/\/radioljubuski.ba\/#\/schema\/person\/19fc700381a780f69665d7956c469e3b","name":"Radio Ljubu\u0161ki"}]}},"_links":{"self":[{"href":"https:\/\/radioljubuski.ba\/index.php\/wp-json\/wp\/v2\/posts\/25562","targetHints":{"allow":["GET"]}}],"collection":[{"href":"https:\/\/radioljubuski.ba\/index.php\/wp-json\/wp\/v2\/posts"}],"about":[{"href":"https:\/\/radioljubuski.ba\/index.php\/wp-json\/wp\/v2\/types\/post"}],"author":[{"embeddable":true,"href":"https:\/\/radioljubuski.ba\/index.php\/wp-json\/wp\/v2\/users\/2"}],"replies":[{"embeddable":true,"href":"https:\/\/radioljubuski.ba\/index.php\/wp-json\/wp\/v2\/comments?post=25562"}],"version-history":[{"count":1,"href":"https:\/\/radioljubuski.ba\/index.php\/wp-json\/wp\/v2\/posts\/25562\/revisions"}],"predecessor-version":[{"id":25564,"href":"https:\/\/radioljubuski.ba\/index.php\/wp-json\/wp\/v2\/posts\/25562\/revisions\/25564"}],"wp:featuredmedia":[{"embeddable":true,"href":"https:\/\/radioljubuski.ba\/index.php\/wp-json\/wp\/v2\/media\/25563"}],"wp:attachment":[{"href":"https:\/\/radioljubuski.ba\/index.php\/wp-json\/wp\/v2\/media?parent=25562"}],"wp:term":[{"taxonomy":"category","embeddable":true,"href":"https:\/\/radioljubuski.ba\/index.php\/wp-json\/wp\/v2\/categories?post=25562"},{"taxonomy":"post_tag","embeddable":true,"href":"https:\/\/radioljubuski.ba\/index.php\/wp-json\/wp\/v2\/tags?post=25562"}],"curies":[{"name":"wp","href":"https:\/\/api.w.org\/{rel}","templated":true}]}}