{"id":25595,"date":"2021-05-27T14:02:16","date_gmt":"2021-05-27T13:02:16","guid":{"rendered":"https:\/\/radioljubuski.ba\/?p=25595"},"modified":"2021-05-27T14:02:16","modified_gmt":"2021-05-27T13:02:16","slug":"de-boer-izostavio-van-dijka-i-bergwijna-pozvao-stekelenburga","status":"publish","type":"post","link":"https:\/\/radioljubuski.ba\/index.php\/2021\/05\/27\/de-boer-izostavio-van-dijka-i-bergwijna-pozvao-stekelenburga\/","title":{"rendered":"De Boer izostavio Van Dijka i Bergwijna, pozvao Stekelenburga"},"content":{"rendered":"\n<p>Izbornik nizozemske nogometne reprezentacije Frank de Boer objavio je popis od 26 igra\u010da koje \u0107e voditi na EURO, a me\u0111u njima ipak nema brani\u010da Liverpoola Virgila van Dijka koji je zbog te\u0161ke ozljede koljena propustio najve\u0107i dio pro\u0161le sezone.<\/p>\n\n\n\n<p>Osim <strong>Virgila van Dijka<\/strong>, mjesto na De Boerovu popisu nije zadobio niti napada\u010d Tottenham Hotspura <strong>Steven Bergwijn<\/strong> koji je izgubio mjesto u postavi svog kluba posljednjih nekoliko mjeseci.<br><br>Iznena\u0111enje je pozivanje 38-godi\u0161njeg vratara <strong>Maartena Stekelenburga<\/strong>, koji je ve\u0107inu sezone proveo kao pri\u010duva u Ajaxu. On bi trebao biti u statusu tre\u0107eg vratara, iza <strong>Jaspera Cillessena<\/strong> iz Valencije i <strong>Tima Krula <\/strong>iz Norwich Cityja.<br><br>Nizozemska \u0107e prije EURA odigrati prijateljske utakmice protiv \u0160kotske 2. lipnja te Gruzije 6. lipnja, dok \u0107e na EURU igrati u skupini C protiv Ukrajine 13. lipnja, Austrije 17. lipnja te Sjeverne Makedonije 21. lipnja. Sve tri utakmice u skupini Nizozemska \u0107e igrati u Amsterdamu.<br><br><strong>REPREZENTACIJA NIZOZEMSKE:<\/strong><br><br><strong>VRATARI: <\/strong>Jasper Cillessen (Valencia), Tim Krul (Norwich City), Maarten Stekelenburg (Ajax)<br><br><strong>OBRANA:<\/strong> Nathan Ake (Manchester City), Daley Blind (Ajax), Matthijs de Ligt (Juventus), Stefan de Vrij (Inter), Denzel Dumfries (PSV Eindhoven), Jurriem Timber (Ajax), Patrick van Aanholt (Crystal Palace), Joel Veltman (Brighton and Hove Albion), Owen Wijndal (AZ Alkmaar)<br><br><strong>VEZA: <\/strong>Frenkie de Jong (Barcelona), Marten de Roon (Atalanta), Ryan Gravenberch (Ajax), Davy Klaassen (Ajax), Teun Koopmeiners (AZ Alkmaar), Donny van de Beek (Manchester United), Georginio Wijnaldum (Liverpool)<br><br><strong>NAPAD:<\/strong> Steven Berghuis (Feyenoord), Luuk de Jong (Sevilla), Memphis Depay (Lyon), Cody Gakpo (PSV Eindhoven), Donyell Malen (PSV Eindhoven), Quincy Promes (Spartak Moskva), Wout Weghorst (Wolfsburg)<\/p>\n\n\n\n<p>Izvor:hrt.hr<\/p>\n","protected":false},"excerpt":{"rendered":"<p>Izbornik nizozemske nogometne reprezentacije Frank de Boer objavio je popis od 26 igra\u010da koje \u0107e voditi na EURO, a me\u0111u njima ipak nema brani\u010da Liverpoola Virgila van Dijka koji je zbog te\u0161ke ozljede koljena propustio najve\u0107i dio pro\u0161le sezone. Osim Virgila van Dijka, mjesto na De Boerovu popisu nije zadobio niti napada\u010d Tottenham Hotspura Steven [&hellip;]<\/p>\n","protected":false},"author":2,"featured_media":25596,"comment_status":"closed","ping_status":"closed","sticky":false,"template":"","format":"standard","meta":{"h5ap_radio_sources":[],"footnotes":""},"categories":[1],"tags":[],"class_list":["post-25595","post","type-post","status-publish","format-standard","has-post-thumbnail","hentry","category-bihiregija"],"yoast_head":"<!-- This site is optimized with the Yoast SEO plugin v27.4 - https:\/\/yoast.com\/product\/yoast-seo-wordpress\/ -->\n<title>De Boer izostavio Van Dijka i Bergwijna, pozvao Stekelenburga - RADIO LJUBU\u0160KI<\/title>\n<meta name=\"robots\" content=\"index, follow, max-snippet:-1, max-image-preview:large, max-video-preview:-1\" \/>\n<link rel=\"canonical\" href=\"https:\/\/radioljubuski.ba\/index.php\/2021\/05\/27\/de-boer-izostavio-van-dijka-i-bergwijna-pozvao-stekelenburga\/\" \/>\n<meta property=\"og:locale\" content=\"hr_HR\" \/>\n<meta property=\"og:type\" content=\"article\" \/>\n<meta property=\"og:title\" content=\"De Boer izostavio Van Dijka i Bergwijna, pozvao Stekelenburga - RADIO LJUBU\u0160KI\" \/>\n<meta property=\"og:description\" content=\"Izbornik nizozemske nogometne reprezentacije Frank de Boer objavio je popis od 26 igra\u010da koje \u0107e voditi na EURO, a me\u0111u njima ipak nema brani\u010da Liverpoola Virgila van Dijka koji je zbog te\u0161ke ozljede koljena propustio najve\u0107i dio pro\u0161le sezone. Osim Virgila van Dijka, mjesto na De Boerovu popisu nije zadobio niti napada\u010d Tottenham Hotspura Steven [&hellip;]\" \/>\n<meta property=\"og:url\" content=\"https:\/\/radioljubuski.ba\/index.php\/2021\/05\/27\/de-boer-izostavio-van-dijka-i-bergwijna-pozvao-stekelenburga\/\" \/>\n<meta property=\"og:site_name\" content=\"RADIO LJUBU\u0160KI\" \/>\n<meta property=\"article:publisher\" content=\"https:\/\/www.facebook.com\/Radiio-Ljubuski-1490835324566332\" \/>\n<meta property=\"article:published_time\" content=\"2021-05-27T13:02:16+00:00\" \/>\n<meta property=\"og:image\" content=\"https:\/\/radioljubuski.ba\/wp-content\/uploads\/2021\/05\/indeksiraj-20.jpg\" \/>\n\t<meta property=\"og:image:width\" content=\"275\" \/>\n\t<meta property=\"og:image:height\" content=\"183\" \/>\n\t<meta property=\"og:image:type\" content=\"image\/jpeg\" \/>\n<meta name=\"author\" content=\"Radio Ljubu\u0161ki\" \/>\n<meta name=\"twitter:card\" content=\"summary_large_image\" \/>\n<meta name=\"twitter:creator\" content=\"@radioljubuski\" \/>\n<meta name=\"twitter:site\" content=\"@radioljubuski\" \/>\n<meta name=\"twitter:label1\" content=\"Napisao\/la\" \/>\n\t<meta name=\"twitter:data1\" content=\"Radio Ljubu\u0161ki\" \/>\n\t<meta name=\"twitter:label2\" content=\"Procijenjeno vrijeme \u010ditanja\" \/>\n\t<meta name=\"twitter:data2\" content=\"2 minute\" \/>\n<script type=\"application\/ld+json\" class=\"yoast-schema-graph\">{\"@context\":\"https:\\\/\\\/schema.org\",\"@graph\":[{\"@type\":\"Article\",\"@id\":\"https:\\\/\\\/radioljubuski.ba\\\/index.php\\\/2021\\\/05\\\/27\\\/de-boer-izostavio-van-dijka-i-bergwijna-pozvao-stekelenburga\\\/#article\",\"isPartOf\":{\"@id\":\"https:\\\/\\\/radioljubuski.ba\\\/index.php\\\/2021\\\/05\\\/27\\\/de-boer-izostavio-van-dijka-i-bergwijna-pozvao-stekelenburga\\\/\"},\"author\":{\"name\":\"Radio Ljubu\u0161ki\",\"@id\":\"https:\\\/\\\/radioljubuski.ba\\\/#\\\/schema\\\/person\\\/19fc700381a780f69665d7956c469e3b\"},\"headline\":\"De Boer izostavio Van Dijka i Bergwijna, pozvao Stekelenburga\",\"datePublished\":\"2021-05-27T13:02:16+00:00\",\"mainEntityOfPage\":{\"@id\":\"https:\\\/\\\/radioljubuski.ba\\\/index.php\\\/2021\\\/05\\\/27\\\/de-boer-izostavio-van-dijka-i-bergwijna-pozvao-stekelenburga\\\/\"},\"wordCount\":269,\"publisher\":{\"@id\":\"https:\\\/\\\/radioljubuski.ba\\\/#organization\"},\"image\":{\"@id\":\"https:\\\/\\\/radioljubuski.ba\\\/index.php\\\/2021\\\/05\\\/27\\\/de-boer-izostavio-van-dijka-i-bergwijna-pozvao-stekelenburga\\\/#primaryimage\"},\"thumbnailUrl\":\"https:\\\/\\\/radioljubuski.ba\\\/wp-content\\\/uploads\\\/2021\\\/05\\\/indeksiraj-20.jpg\",\"articleSection\":[\"BIH i regija\"],\"inLanguage\":\"hr\"},{\"@type\":\"WebPage\",\"@id\":\"https:\\\/\\\/radioljubuski.ba\\\/index.php\\\/2021\\\/05\\\/27\\\/de-boer-izostavio-van-dijka-i-bergwijna-pozvao-stekelenburga\\\/\",\"url\":\"https:\\\/\\\/radioljubuski.ba\\\/index.php\\\/2021\\\/05\\\/27\\\/de-boer-izostavio-van-dijka-i-bergwijna-pozvao-stekelenburga\\\/\",\"name\":\"De Boer izostavio Van Dijka i Bergwijna, pozvao Stekelenburga - RADIO LJUBU\u0160KI\",\"isPartOf\":{\"@id\":\"https:\\\/\\\/radioljubuski.ba\\\/#website\"},\"primaryImageOfPage\":{\"@id\":\"https:\\\/\\\/radioljubuski.ba\\\/index.php\\\/2021\\\/05\\\/27\\\/de-boer-izostavio-van-dijka-i-bergwijna-pozvao-stekelenburga\\\/#primaryimage\"},\"image\":{\"@id\":\"https:\\\/\\\/radioljubuski.ba\\\/index.php\\\/2021\\\/05\\\/27\\\/de-boer-izostavio-van-dijka-i-bergwijna-pozvao-stekelenburga\\\/#primaryimage\"},\"thumbnailUrl\":\"https:\\\/\\\/radioljubuski.ba\\\/wp-content\\\/uploads\\\/2021\\\/05\\\/indeksiraj-20.jpg\",\"datePublished\":\"2021-05-27T13:02:16+00:00\",\"breadcrumb\":{\"@id\":\"https:\\\/\\\/radioljubuski.ba\\\/index.php\\\/2021\\\/05\\\/27\\\/de-boer-izostavio-van-dijka-i-bergwijna-pozvao-stekelenburga\\\/#breadcrumb\"},\"inLanguage\":\"hr\",\"potentialAction\":[{\"@type\":\"ReadAction\",\"target\":[\"https:\\\/\\\/radioljubuski.ba\\\/index.php\\\/2021\\\/05\\\/27\\\/de-boer-izostavio-van-dijka-i-bergwijna-pozvao-stekelenburga\\\/\"]}]},{\"@type\":\"ImageObject\",\"inLanguage\":\"hr\",\"@id\":\"https:\\\/\\\/radioljubuski.ba\\\/index.php\\\/2021\\\/05\\\/27\\\/de-boer-izostavio-van-dijka-i-bergwijna-pozvao-stekelenburga\\\/#primaryimage\",\"url\":\"https:\\\/\\\/radioljubuski.ba\\\/wp-content\\\/uploads\\\/2021\\\/05\\\/indeksiraj-20.jpg\",\"contentUrl\":\"https:\\\/\\\/radioljubuski.ba\\\/wp-content\\\/uploads\\\/2021\\\/05\\\/indeksiraj-20.jpg\",\"width\":275,\"height\":183},{\"@type\":\"BreadcrumbList\",\"@id\":\"https:\\\/\\\/radioljubuski.ba\\\/index.php\\\/2021\\\/05\\\/27\\\/de-boer-izostavio-van-dijka-i-bergwijna-pozvao-stekelenburga\\\/#breadcrumb\",\"itemListElement\":[{\"@type\":\"ListItem\",\"position\":1,\"name\":\"Po\u010detna stranica\",\"item\":\"https:\\\/\\\/radioljubuski.ba\\\/\"},{\"@type\":\"ListItem\",\"position\":2,\"name\":\"De Boer izostavio Van Dijka i Bergwijna, pozvao Stekelenburga\"}]},{\"@type\":\"WebSite\",\"@id\":\"https:\\\/\\\/radioljubuski.ba\\\/#website\",\"url\":\"https:\\\/\\\/radioljubuski.ba\\\/\",\"name\":\"Radio Ljubu\u0161ki\",\"description\":\"Sun\u010dana frekvencija Hercegovine\",\"publisher\":{\"@id\":\"https:\\\/\\\/radioljubuski.ba\\\/#organization\"},\"potentialAction\":[{\"@type\":\"SearchAction\",\"target\":{\"@type\":\"EntryPoint\",\"urlTemplate\":\"https:\\\/\\\/radioljubuski.ba\\\/?s={search_term_string}\"},\"query-input\":{\"@type\":\"PropertyValueSpecification\",\"valueRequired\":true,\"valueName\":\"search_term_string\"}}],\"inLanguage\":\"hr\"},{\"@type\":\"Organization\",\"@id\":\"https:\\\/\\\/radioljubuski.ba\\\/#organization\",\"name\":\"Radio Ljubu\u0161ki\",\"url\":\"https:\\\/\\\/radioljubuski.ba\\\/\",\"logo\":{\"@type\":\"ImageObject\",\"inLanguage\":\"hr\",\"@id\":\"https:\\\/\\\/radioljubuski.ba\\\/#\\\/schema\\\/logo\\\/image\\\/\",\"url\":\"https:\\\/\\\/radioljubuski.ba\\\/wp-content\\\/uploads\\\/2021\\\/02\\\/cropped-Radio_Ljubuski_logo1.jpg\",\"contentUrl\":\"https:\\\/\\\/radioljubuski.ba\\\/wp-content\\\/uploads\\\/2021\\\/02\\\/cropped-Radio_Ljubuski_logo1.jpg\",\"width\":512,\"height\":512,\"caption\":\"Radio Ljubu\u0161ki\"},\"image\":{\"@id\":\"https:\\\/\\\/radioljubuski.ba\\\/#\\\/schema\\\/logo\\\/image\\\/\"},\"sameAs\":[\"https:\\\/\\\/www.facebook.com\\\/Radiio-Ljubuski-1490835324566332\",\"https:\\\/\\\/x.com\\\/radioljubuski\",\"https:\\\/\\\/hr.linkedin.com\\\/company\\\/radio-ljubuski\",\"https:\\\/\\\/www.youtube.com\\\/channel\\\/UCHYaeO_n0Db3tjNGudGpXyw\"]},{\"@type\":\"Person\",\"@id\":\"https:\\\/\\\/radioljubuski.ba\\\/#\\\/schema\\\/person\\\/19fc700381a780f69665d7956c469e3b\",\"name\":\"Radio Ljubu\u0161ki\"}]}<\/script>\n<!-- \/ Yoast SEO plugin. -->","yoast_head_json":{"title":"De Boer izostavio Van Dijka i Bergwijna, pozvao Stekelenburga - RADIO LJUBU\u0160KI","robots":{"index":"index","follow":"follow","max-snippet":"max-snippet:-1","max-image-preview":"max-image-preview:large","max-video-preview":"max-video-preview:-1"},"canonical":"https:\/\/radioljubuski.ba\/index.php\/2021\/05\/27\/de-boer-izostavio-van-dijka-i-bergwijna-pozvao-stekelenburga\/","og_locale":"hr_HR","og_type":"article","og_title":"De Boer izostavio Van Dijka i Bergwijna, pozvao Stekelenburga - RADIO LJUBU\u0160KI","og_description":"Izbornik nizozemske nogometne reprezentacije Frank de Boer objavio je popis od 26 igra\u010da koje \u0107e voditi na EURO, a me\u0111u njima ipak nema brani\u010da Liverpoola Virgila van Dijka koji je zbog te\u0161ke ozljede koljena propustio najve\u0107i dio pro\u0161le sezone. Osim Virgila van Dijka, mjesto na De Boerovu popisu nije zadobio niti napada\u010d Tottenham Hotspura Steven [&hellip;]","og_url":"https:\/\/radioljubuski.ba\/index.php\/2021\/05\/27\/de-boer-izostavio-van-dijka-i-bergwijna-pozvao-stekelenburga\/","og_site_name":"RADIO LJUBU\u0160KI","article_publisher":"https:\/\/www.facebook.com\/Radiio-Ljubuski-1490835324566332","article_published_time":"2021-05-27T13:02:16+00:00","og_image":[{"width":275,"height":183,"url":"https:\/\/radioljubuski.ba\/wp-content\/uploads\/2021\/05\/indeksiraj-20.jpg","type":"image\/jpeg"}],"author":"Radio Ljubu\u0161ki","twitter_card":"summary_large_image","twitter_creator":"@radioljubuski","twitter_site":"@radioljubuski","twitter_misc":{"Napisao\/la":"Radio Ljubu\u0161ki","Procijenjeno vrijeme \u010ditanja":"2 minute"},"schema":{"@context":"https:\/\/schema.org","@graph":[{"@type":"Article","@id":"https:\/\/radioljubuski.ba\/index.php\/2021\/05\/27\/de-boer-izostavio-van-dijka-i-bergwijna-pozvao-stekelenburga\/#article","isPartOf":{"@id":"https:\/\/radioljubuski.ba\/index.php\/2021\/05\/27\/de-boer-izostavio-van-dijka-i-bergwijna-pozvao-stekelenburga\/"},"author":{"name":"Radio Ljubu\u0161ki","@id":"https:\/\/radioljubuski.ba\/#\/schema\/person\/19fc700381a780f69665d7956c469e3b"},"headline":"De Boer izostavio Van Dijka i Bergwijna, pozvao Stekelenburga","datePublished":"2021-05-27T13:02:16+00:00","mainEntityOfPage":{"@id":"https:\/\/radioljubuski.ba\/index.php\/2021\/05\/27\/de-boer-izostavio-van-dijka-i-bergwijna-pozvao-stekelenburga\/"},"wordCount":269,"publisher":{"@id":"https:\/\/radioljubuski.ba\/#organization"},"image":{"@id":"https:\/\/radioljubuski.ba\/index.php\/2021\/05\/27\/de-boer-izostavio-van-dijka-i-bergwijna-pozvao-stekelenburga\/#primaryimage"},"thumbnailUrl":"https:\/\/radioljubuski.ba\/wp-content\/uploads\/2021\/05\/indeksiraj-20.jpg","articleSection":["BIH i regija"],"inLanguage":"hr"},{"@type":"WebPage","@id":"https:\/\/radioljubuski.ba\/index.php\/2021\/05\/27\/de-boer-izostavio-van-dijka-i-bergwijna-pozvao-stekelenburga\/","url":"https:\/\/radioljubuski.ba\/index.php\/2021\/05\/27\/de-boer-izostavio-van-dijka-i-bergwijna-pozvao-stekelenburga\/","name":"De Boer izostavio Van Dijka i Bergwijna, pozvao Stekelenburga - RADIO LJUBU\u0160KI","isPartOf":{"@id":"https:\/\/radioljubuski.ba\/#website"},"primaryImageOfPage":{"@id":"https:\/\/radioljubuski.ba\/index.php\/2021\/05\/27\/de-boer-izostavio-van-dijka-i-bergwijna-pozvao-stekelenburga\/#primaryimage"},"image":{"@id":"https:\/\/radioljubuski.ba\/index.php\/2021\/05\/27\/de-boer-izostavio-van-dijka-i-bergwijna-pozvao-stekelenburga\/#primaryimage"},"thumbnailUrl":"https:\/\/radioljubuski.ba\/wp-content\/uploads\/2021\/05\/indeksiraj-20.jpg","datePublished":"2021-05-27T13:02:16+00:00","breadcrumb":{"@id":"https:\/\/radioljubuski.ba\/index.php\/2021\/05\/27\/de-boer-izostavio-van-dijka-i-bergwijna-pozvao-stekelenburga\/#breadcrumb"},"inLanguage":"hr","potentialAction":[{"@type":"ReadAction","target":["https:\/\/radioljubuski.ba\/index.php\/2021\/05\/27\/de-boer-izostavio-van-dijka-i-bergwijna-pozvao-stekelenburga\/"]}]},{"@type":"ImageObject","inLanguage":"hr","@id":"https:\/\/radioljubuski.ba\/index.php\/2021\/05\/27\/de-boer-izostavio-van-dijka-i-bergwijna-pozvao-stekelenburga\/#primaryimage","url":"https:\/\/radioljubuski.ba\/wp-content\/uploads\/2021\/05\/indeksiraj-20.jpg","contentUrl":"https:\/\/radioljubuski.ba\/wp-content\/uploads\/2021\/05\/indeksiraj-20.jpg","width":275,"height":183},{"@type":"BreadcrumbList","@id":"https:\/\/radioljubuski.ba\/index.php\/2021\/05\/27\/de-boer-izostavio-van-dijka-i-bergwijna-pozvao-stekelenburga\/#breadcrumb","itemListElement":[{"@type":"ListItem","position":1,"name":"Po\u010detna stranica","item":"https:\/\/radioljubuski.ba\/"},{"@type":"ListItem","position":2,"name":"De Boer izostavio Van Dijka i Bergwijna, pozvao Stekelenburga"}]},{"@type":"WebSite","@id":"https:\/\/radioljubuski.ba\/#website","url":"https:\/\/radioljubuski.ba\/","name":"Radio Ljubu\u0161ki","description":"Sun\u010dana frekvencija Hercegovine","publisher":{"@id":"https:\/\/radioljubuski.ba\/#organization"},"potentialAction":[{"@type":"SearchAction","target":{"@type":"EntryPoint","urlTemplate":"https:\/\/radioljubuski.ba\/?s={search_term_string}"},"query-input":{"@type":"PropertyValueSpecification","valueRequired":true,"valueName":"search_term_string"}}],"inLanguage":"hr"},{"@type":"Organization","@id":"https:\/\/radioljubuski.ba\/#organization","name":"Radio Ljubu\u0161ki","url":"https:\/\/radioljubuski.ba\/","logo":{"@type":"ImageObject","inLanguage":"hr","@id":"https:\/\/radioljubuski.ba\/#\/schema\/logo\/image\/","url":"https:\/\/radioljubuski.ba\/wp-content\/uploads\/2021\/02\/cropped-Radio_Ljubuski_logo1.jpg","contentUrl":"https:\/\/radioljubuski.ba\/wp-content\/uploads\/2021\/02\/cropped-Radio_Ljubuski_logo1.jpg","width":512,"height":512,"caption":"Radio Ljubu\u0161ki"},"image":{"@id":"https:\/\/radioljubuski.ba\/#\/schema\/logo\/image\/"},"sameAs":["https:\/\/www.facebook.com\/Radiio-Ljubuski-1490835324566332","https:\/\/x.com\/radioljubuski","https:\/\/hr.linkedin.com\/company\/radio-ljubuski","https:\/\/www.youtube.com\/channel\/UCHYaeO_n0Db3tjNGudGpXyw"]},{"@type":"Person","@id":"https:\/\/radioljubuski.ba\/#\/schema\/person\/19fc700381a780f69665d7956c469e3b","name":"Radio Ljubu\u0161ki"}]}},"_links":{"self":[{"href":"https:\/\/radioljubuski.ba\/index.php\/wp-json\/wp\/v2\/posts\/25595","targetHints":{"allow":["GET"]}}],"collection":[{"href":"https:\/\/radioljubuski.ba\/index.php\/wp-json\/wp\/v2\/posts"}],"about":[{"href":"https:\/\/radioljubuski.ba\/index.php\/wp-json\/wp\/v2\/types\/post"}],"author":[{"embeddable":true,"href":"https:\/\/radioljubuski.ba\/index.php\/wp-json\/wp\/v2\/users\/2"}],"replies":[{"embeddable":true,"href":"https:\/\/radioljubuski.ba\/index.php\/wp-json\/wp\/v2\/comments?post=25595"}],"version-history":[{"count":1,"href":"https:\/\/radioljubuski.ba\/index.php\/wp-json\/wp\/v2\/posts\/25595\/revisions"}],"predecessor-version":[{"id":25597,"href":"https:\/\/radioljubuski.ba\/index.php\/wp-json\/wp\/v2\/posts\/25595\/revisions\/25597"}],"wp:featuredmedia":[{"embeddable":true,"href":"https:\/\/radioljubuski.ba\/index.php\/wp-json\/wp\/v2\/media\/25596"}],"wp:attachment":[{"href":"https:\/\/radioljubuski.ba\/index.php\/wp-json\/wp\/v2\/media?parent=25595"}],"wp:term":[{"taxonomy":"category","embeddable":true,"href":"https:\/\/radioljubuski.ba\/index.php\/wp-json\/wp\/v2\/categories?post=25595"},{"taxonomy":"post_tag","embeddable":true,"href":"https:\/\/radioljubuski.ba\/index.php\/wp-json\/wp\/v2\/tags?post=25595"}],"curies":[{"name":"wp","href":"https:\/\/api.w.org\/{rel}","templated":true}]}}