{"id":2564,"date":"2021-03-10T19:22:10","date_gmt":"2021-03-10T18:22:10","guid":{"rendered":"https:\/\/radioljubuski.ba\/?p=2564"},"modified":"2021-03-10T19:22:10","modified_gmt":"2021-03-10T18:22:10","slug":"aladrovic-nastavljaju-se-pregovori-o-covid-dodatku","status":"publish","type":"post","link":"https:\/\/radioljubuski.ba\/index.php\/2021\/03\/10\/aladrovic-nastavljaju-se-pregovori-o-covid-dodatku\/","title":{"rendered":"Aladrovi\u0107: Nastavljaju se pregovori o covid-dodatku"},"content":{"rendered":"\n<p><strong>Ministar rada, mirovinskog sustava, obitelji i socijalne politike Josip Aladrovi\u0107 izjavio je da se nastavljaju pregovori s umirovljeni\u010dkim udrugama, sindikatom i strankom oko covid-dodatka, dodav\u0161i da su realnije isplate ni\u017eih iznosa od zatra\u017eenih.<\/strong><\/p>\n\n\n\n<p>&#8211; Jo\u0161 uvijek se pregovara i s Maticom, Sindikatom i Strankom umirovljenika. Vjerujemo da \u0107emo posti\u0107i dogovor, rekao je novinarima Aladrovi\u0107 uo\u010di u\u017eeg kabineta Vlade.<br><br>Kazao je da ona prva tra\u017eenja nisu realna.<br><br>&#8211; Radi se o vi\u0161e od milijardu kuna, to nije realno. Ni\u017ei iznosi su ne\u0161to realniji. Nismo jo\u0161 okon\u010dali pregovore, zadr\u017eao bih se na tome, dodao je Aladrovi\u0107.<br><br>Ako do dogovora do\u0111e, rekao je, realno je o\u010dekivati isplate dodatka nakon isplata mirovina za tre\u0107i mjesec i isplate zaostataka za prvi i drugi mjesec.<br><br>&#8211; Pri\u010dekajmo jo\u0161 \u0161to \u0107e pregovara\u010dke strane utvrditi, ka\u017ee.<br><br>Na pitanje koja je najbolja ponuda dr\u017eave, odnosno koliko je Vlada spremna dati, Aladrovi\u0107 je rekao kako se jo\u0161 raspravlja o formalno-pravnim okolnostima jer taj dodatak nisu ranije poznavali pa se on mora definirati.<br><br>&#8211; Imamo samo iznose koji su tra\u017eeni, Vlada jo\u0161 nije iza\u0161la sa svojim iznosima. Ako vidimo da postoji formalno-pravna perspektiva, i tek ako vidimo da postoji dovoljno novca u prora\u010dunu za to, tada \u0107emo iza\u0107i s ponudom, rekao je.<br><br>Izrazio je o\u010dekivanje da \u0107e kroz pregovore u sljede\u0107ih dvadesetak dana o tome puno konkretnije razgovarati.<\/p>\n\n\n\n<p>Izvor:hrt.hr<\/p>\n","protected":false},"excerpt":{"rendered":"<p>Ministar rada, mirovinskog sustava, obitelji i socijalne politike Josip Aladrovi\u0107 izjavio je da se nastavljaju pregovori s umirovljeni\u010dkim udrugama, sindikatom i strankom oko covid-dodatka, dodav\u0161i da su realnije isplate ni\u017eih iznosa od zatra\u017eenih. &#8211; Jo\u0161 uvijek se pregovara i s Maticom, Sindikatom i Strankom umirovljenika. Vjerujemo da \u0107emo posti\u0107i dogovor, rekao je novinarima Aladrovi\u0107 uo\u010di [&hellip;]<\/p>\n","protected":false},"author":2,"featured_media":2565,"comment_status":"closed","ping_status":"closed","sticky":false,"template":"","format":"standard","meta":{"h5ap_radio_sources":[],"footnotes":""},"categories":[1],"tags":[],"class_list":["post-2564","post","type-post","status-publish","format-standard","has-post-thumbnail","hentry","category-bihiregija"],"yoast_head":"<!-- This site is optimized with the Yoast SEO plugin v27.5 - https:\/\/yoast.com\/product\/yoast-seo-wordpress\/ -->\n<title>Aladrovi\u0107: Nastavljaju se pregovori o covid-dodatku - RADIO LJUBU\u0160KI<\/title>\n<meta name=\"robots\" content=\"index, follow, max-snippet:-1, max-image-preview:large, max-video-preview:-1\" \/>\n<link rel=\"canonical\" href=\"https:\/\/radioljubuski.ba\/index.php\/2021\/03\/10\/aladrovic-nastavljaju-se-pregovori-o-covid-dodatku\/\" \/>\n<meta property=\"og:locale\" content=\"hr_HR\" \/>\n<meta property=\"og:type\" content=\"article\" \/>\n<meta property=\"og:title\" content=\"Aladrovi\u0107: Nastavljaju se pregovori o covid-dodatku - RADIO LJUBU\u0160KI\" \/>\n<meta property=\"og:description\" content=\"Ministar rada, mirovinskog sustava, obitelji i socijalne politike Josip Aladrovi\u0107 izjavio je da se nastavljaju pregovori s umirovljeni\u010dkim udrugama, sindikatom i strankom oko covid-dodatka, dodav\u0161i da su realnije isplate ni\u017eih iznosa od zatra\u017eenih. &#8211; Jo\u0161 uvijek se pregovara i s Maticom, Sindikatom i Strankom umirovljenika. Vjerujemo da \u0107emo posti\u0107i dogovor, rekao je novinarima Aladrovi\u0107 uo\u010di [&hellip;]\" \/>\n<meta property=\"og:url\" content=\"https:\/\/radioljubuski.ba\/index.php\/2021\/03\/10\/aladrovic-nastavljaju-se-pregovori-o-covid-dodatku\/\" \/>\n<meta property=\"og:site_name\" content=\"RADIO LJUBU\u0160KI\" \/>\n<meta property=\"article:publisher\" content=\"https:\/\/www.facebook.com\/Radiio-Ljubuski-1490835324566332\" \/>\n<meta property=\"article:published_time\" content=\"2021-03-10T18:22:10+00:00\" \/>\n<meta property=\"og:image\" content=\"https:\/\/radioljubuski.ba\/wp-content\/uploads\/2021\/03\/preuzmi-9.jpg\" \/>\n\t<meta property=\"og:image:width\" content=\"275\" \/>\n\t<meta property=\"og:image:height\" content=\"183\" \/>\n\t<meta property=\"og:image:type\" content=\"image\/jpeg\" \/>\n<meta name=\"author\" content=\"Radio Ljubu\u0161ki\" \/>\n<meta name=\"twitter:card\" content=\"summary_large_image\" \/>\n<meta name=\"twitter:creator\" content=\"@radioljubuski\" \/>\n<meta name=\"twitter:site\" content=\"@radioljubuski\" \/>\n<meta name=\"twitter:label1\" content=\"Napisao\/la\" \/>\n\t<meta name=\"twitter:data1\" content=\"Radio Ljubu\u0161ki\" \/>\n\t<meta name=\"twitter:label2\" content=\"Procijenjeno vrijeme \u010ditanja\" \/>\n\t<meta name=\"twitter:data2\" content=\"1 minuta\" \/>\n<script type=\"application\/ld+json\" class=\"yoast-schema-graph\">{\"@context\":\"https:\\\/\\\/schema.org\",\"@graph\":[{\"@type\":\"Article\",\"@id\":\"https:\\\/\\\/radioljubuski.ba\\\/index.php\\\/2021\\\/03\\\/10\\\/aladrovic-nastavljaju-se-pregovori-o-covid-dodatku\\\/#article\",\"isPartOf\":{\"@id\":\"https:\\\/\\\/radioljubuski.ba\\\/index.php\\\/2021\\\/03\\\/10\\\/aladrovic-nastavljaju-se-pregovori-o-covid-dodatku\\\/\"},\"author\":{\"name\":\"Radio Ljubu\u0161ki\",\"@id\":\"https:\\\/\\\/radioljubuski.ba\\\/#\\\/schema\\\/person\\\/19fc700381a780f69665d7956c469e3b\"},\"headline\":\"Aladrovi\u0107: Nastavljaju se pregovori o covid-dodatku\",\"datePublished\":\"2021-03-10T18:22:10+00:00\",\"mainEntityOfPage\":{\"@id\":\"https:\\\/\\\/radioljubuski.ba\\\/index.php\\\/2021\\\/03\\\/10\\\/aladrovic-nastavljaju-se-pregovori-o-covid-dodatku\\\/\"},\"wordCount\":252,\"publisher\":{\"@id\":\"https:\\\/\\\/radioljubuski.ba\\\/#organization\"},\"image\":{\"@id\":\"https:\\\/\\\/radioljubuski.ba\\\/index.php\\\/2021\\\/03\\\/10\\\/aladrovic-nastavljaju-se-pregovori-o-covid-dodatku\\\/#primaryimage\"},\"thumbnailUrl\":\"https:\\\/\\\/radioljubuski.ba\\\/wp-content\\\/uploads\\\/2021\\\/03\\\/preuzmi-9.jpg\",\"articleSection\":[\"BIH i regija\"],\"inLanguage\":\"hr\"},{\"@type\":\"WebPage\",\"@id\":\"https:\\\/\\\/radioljubuski.ba\\\/index.php\\\/2021\\\/03\\\/10\\\/aladrovic-nastavljaju-se-pregovori-o-covid-dodatku\\\/\",\"url\":\"https:\\\/\\\/radioljubuski.ba\\\/index.php\\\/2021\\\/03\\\/10\\\/aladrovic-nastavljaju-se-pregovori-o-covid-dodatku\\\/\",\"name\":\"Aladrovi\u0107: Nastavljaju se pregovori o covid-dodatku - RADIO LJUBU\u0160KI\",\"isPartOf\":{\"@id\":\"https:\\\/\\\/radioljubuski.ba\\\/#website\"},\"primaryImageOfPage\":{\"@id\":\"https:\\\/\\\/radioljubuski.ba\\\/index.php\\\/2021\\\/03\\\/10\\\/aladrovic-nastavljaju-se-pregovori-o-covid-dodatku\\\/#primaryimage\"},\"image\":{\"@id\":\"https:\\\/\\\/radioljubuski.ba\\\/index.php\\\/2021\\\/03\\\/10\\\/aladrovic-nastavljaju-se-pregovori-o-covid-dodatku\\\/#primaryimage\"},\"thumbnailUrl\":\"https:\\\/\\\/radioljubuski.ba\\\/wp-content\\\/uploads\\\/2021\\\/03\\\/preuzmi-9.jpg\",\"datePublished\":\"2021-03-10T18:22:10+00:00\",\"breadcrumb\":{\"@id\":\"https:\\\/\\\/radioljubuski.ba\\\/index.php\\\/2021\\\/03\\\/10\\\/aladrovic-nastavljaju-se-pregovori-o-covid-dodatku\\\/#breadcrumb\"},\"inLanguage\":\"hr\",\"potentialAction\":[{\"@type\":\"ReadAction\",\"target\":[\"https:\\\/\\\/radioljubuski.ba\\\/index.php\\\/2021\\\/03\\\/10\\\/aladrovic-nastavljaju-se-pregovori-o-covid-dodatku\\\/\"]}]},{\"@type\":\"ImageObject\",\"inLanguage\":\"hr\",\"@id\":\"https:\\\/\\\/radioljubuski.ba\\\/index.php\\\/2021\\\/03\\\/10\\\/aladrovic-nastavljaju-se-pregovori-o-covid-dodatku\\\/#primaryimage\",\"url\":\"https:\\\/\\\/radioljubuski.ba\\\/wp-content\\\/uploads\\\/2021\\\/03\\\/preuzmi-9.jpg\",\"contentUrl\":\"https:\\\/\\\/radioljubuski.ba\\\/wp-content\\\/uploads\\\/2021\\\/03\\\/preuzmi-9.jpg\",\"width\":275,\"height\":183},{\"@type\":\"BreadcrumbList\",\"@id\":\"https:\\\/\\\/radioljubuski.ba\\\/index.php\\\/2021\\\/03\\\/10\\\/aladrovic-nastavljaju-se-pregovori-o-covid-dodatku\\\/#breadcrumb\",\"itemListElement\":[{\"@type\":\"ListItem\",\"position\":1,\"name\":\"Po\u010detna stranica\",\"item\":\"https:\\\/\\\/radioljubuski.ba\\\/\"},{\"@type\":\"ListItem\",\"position\":2,\"name\":\"Aladrovi\u0107: Nastavljaju se pregovori o covid-dodatku\"}]},{\"@type\":\"WebSite\",\"@id\":\"https:\\\/\\\/radioljubuski.ba\\\/#website\",\"url\":\"https:\\\/\\\/radioljubuski.ba\\\/\",\"name\":\"Radio Ljubu\u0161ki\",\"description\":\"Sun\u010dana frekvencija Hercegovine\",\"publisher\":{\"@id\":\"https:\\\/\\\/radioljubuski.ba\\\/#organization\"},\"potentialAction\":[{\"@type\":\"SearchAction\",\"target\":{\"@type\":\"EntryPoint\",\"urlTemplate\":\"https:\\\/\\\/radioljubuski.ba\\\/?s={search_term_string}\"},\"query-input\":{\"@type\":\"PropertyValueSpecification\",\"valueRequired\":true,\"valueName\":\"search_term_string\"}}],\"inLanguage\":\"hr\"},{\"@type\":\"Organization\",\"@id\":\"https:\\\/\\\/radioljubuski.ba\\\/#organization\",\"name\":\"Radio Ljubu\u0161ki\",\"url\":\"https:\\\/\\\/radioljubuski.ba\\\/\",\"logo\":{\"@type\":\"ImageObject\",\"inLanguage\":\"hr\",\"@id\":\"https:\\\/\\\/radioljubuski.ba\\\/#\\\/schema\\\/logo\\\/image\\\/\",\"url\":\"https:\\\/\\\/radioljubuski.ba\\\/wp-content\\\/uploads\\\/2021\\\/02\\\/cropped-Radio_Ljubuski_logo1.jpg\",\"contentUrl\":\"https:\\\/\\\/radioljubuski.ba\\\/wp-content\\\/uploads\\\/2021\\\/02\\\/cropped-Radio_Ljubuski_logo1.jpg\",\"width\":512,\"height\":512,\"caption\":\"Radio Ljubu\u0161ki\"},\"image\":{\"@id\":\"https:\\\/\\\/radioljubuski.ba\\\/#\\\/schema\\\/logo\\\/image\\\/\"},\"sameAs\":[\"https:\\\/\\\/www.facebook.com\\\/Radiio-Ljubuski-1490835324566332\",\"https:\\\/\\\/x.com\\\/radioljubuski\",\"https:\\\/\\\/hr.linkedin.com\\\/company\\\/radio-ljubuski\",\"https:\\\/\\\/www.youtube.com\\\/channel\\\/UCHYaeO_n0Db3tjNGudGpXyw\"]},{\"@type\":\"Person\",\"@id\":\"https:\\\/\\\/radioljubuski.ba\\\/#\\\/schema\\\/person\\\/19fc700381a780f69665d7956c469e3b\",\"name\":\"Radio Ljubu\u0161ki\"}]}<\/script>\n<!-- \/ Yoast SEO plugin. -->","yoast_head_json":{"title":"Aladrovi\u0107: Nastavljaju se pregovori o covid-dodatku - RADIO LJUBU\u0160KI","robots":{"index":"index","follow":"follow","max-snippet":"max-snippet:-1","max-image-preview":"max-image-preview:large","max-video-preview":"max-video-preview:-1"},"canonical":"https:\/\/radioljubuski.ba\/index.php\/2021\/03\/10\/aladrovic-nastavljaju-se-pregovori-o-covid-dodatku\/","og_locale":"hr_HR","og_type":"article","og_title":"Aladrovi\u0107: Nastavljaju se pregovori o covid-dodatku - RADIO LJUBU\u0160KI","og_description":"Ministar rada, mirovinskog sustava, obitelji i socijalne politike Josip Aladrovi\u0107 izjavio je da se nastavljaju pregovori s umirovljeni\u010dkim udrugama, sindikatom i strankom oko covid-dodatka, dodav\u0161i da su realnije isplate ni\u017eih iznosa od zatra\u017eenih. &#8211; Jo\u0161 uvijek se pregovara i s Maticom, Sindikatom i Strankom umirovljenika. Vjerujemo da \u0107emo posti\u0107i dogovor, rekao je novinarima Aladrovi\u0107 uo\u010di [&hellip;]","og_url":"https:\/\/radioljubuski.ba\/index.php\/2021\/03\/10\/aladrovic-nastavljaju-se-pregovori-o-covid-dodatku\/","og_site_name":"RADIO LJUBU\u0160KI","article_publisher":"https:\/\/www.facebook.com\/Radiio-Ljubuski-1490835324566332","article_published_time":"2021-03-10T18:22:10+00:00","og_image":[{"width":275,"height":183,"url":"https:\/\/radioljubuski.ba\/wp-content\/uploads\/2021\/03\/preuzmi-9.jpg","type":"image\/jpeg"}],"author":"Radio Ljubu\u0161ki","twitter_card":"summary_large_image","twitter_creator":"@radioljubuski","twitter_site":"@radioljubuski","twitter_misc":{"Napisao\/la":"Radio Ljubu\u0161ki","Procijenjeno vrijeme \u010ditanja":"1 minuta"},"schema":{"@context":"https:\/\/schema.org","@graph":[{"@type":"Article","@id":"https:\/\/radioljubuski.ba\/index.php\/2021\/03\/10\/aladrovic-nastavljaju-se-pregovori-o-covid-dodatku\/#article","isPartOf":{"@id":"https:\/\/radioljubuski.ba\/index.php\/2021\/03\/10\/aladrovic-nastavljaju-se-pregovori-o-covid-dodatku\/"},"author":{"name":"Radio Ljubu\u0161ki","@id":"https:\/\/radioljubuski.ba\/#\/schema\/person\/19fc700381a780f69665d7956c469e3b"},"headline":"Aladrovi\u0107: Nastavljaju se pregovori o covid-dodatku","datePublished":"2021-03-10T18:22:10+00:00","mainEntityOfPage":{"@id":"https:\/\/radioljubuski.ba\/index.php\/2021\/03\/10\/aladrovic-nastavljaju-se-pregovori-o-covid-dodatku\/"},"wordCount":252,"publisher":{"@id":"https:\/\/radioljubuski.ba\/#organization"},"image":{"@id":"https:\/\/radioljubuski.ba\/index.php\/2021\/03\/10\/aladrovic-nastavljaju-se-pregovori-o-covid-dodatku\/#primaryimage"},"thumbnailUrl":"https:\/\/radioljubuski.ba\/wp-content\/uploads\/2021\/03\/preuzmi-9.jpg","articleSection":["BIH i regija"],"inLanguage":"hr"},{"@type":"WebPage","@id":"https:\/\/radioljubuski.ba\/index.php\/2021\/03\/10\/aladrovic-nastavljaju-se-pregovori-o-covid-dodatku\/","url":"https:\/\/radioljubuski.ba\/index.php\/2021\/03\/10\/aladrovic-nastavljaju-se-pregovori-o-covid-dodatku\/","name":"Aladrovi\u0107: Nastavljaju se pregovori o covid-dodatku - RADIO LJUBU\u0160KI","isPartOf":{"@id":"https:\/\/radioljubuski.ba\/#website"},"primaryImageOfPage":{"@id":"https:\/\/radioljubuski.ba\/index.php\/2021\/03\/10\/aladrovic-nastavljaju-se-pregovori-o-covid-dodatku\/#primaryimage"},"image":{"@id":"https:\/\/radioljubuski.ba\/index.php\/2021\/03\/10\/aladrovic-nastavljaju-se-pregovori-o-covid-dodatku\/#primaryimage"},"thumbnailUrl":"https:\/\/radioljubuski.ba\/wp-content\/uploads\/2021\/03\/preuzmi-9.jpg","datePublished":"2021-03-10T18:22:10+00:00","breadcrumb":{"@id":"https:\/\/radioljubuski.ba\/index.php\/2021\/03\/10\/aladrovic-nastavljaju-se-pregovori-o-covid-dodatku\/#breadcrumb"},"inLanguage":"hr","potentialAction":[{"@type":"ReadAction","target":["https:\/\/radioljubuski.ba\/index.php\/2021\/03\/10\/aladrovic-nastavljaju-se-pregovori-o-covid-dodatku\/"]}]},{"@type":"ImageObject","inLanguage":"hr","@id":"https:\/\/radioljubuski.ba\/index.php\/2021\/03\/10\/aladrovic-nastavljaju-se-pregovori-o-covid-dodatku\/#primaryimage","url":"https:\/\/radioljubuski.ba\/wp-content\/uploads\/2021\/03\/preuzmi-9.jpg","contentUrl":"https:\/\/radioljubuski.ba\/wp-content\/uploads\/2021\/03\/preuzmi-9.jpg","width":275,"height":183},{"@type":"BreadcrumbList","@id":"https:\/\/radioljubuski.ba\/index.php\/2021\/03\/10\/aladrovic-nastavljaju-se-pregovori-o-covid-dodatku\/#breadcrumb","itemListElement":[{"@type":"ListItem","position":1,"name":"Po\u010detna stranica","item":"https:\/\/radioljubuski.ba\/"},{"@type":"ListItem","position":2,"name":"Aladrovi\u0107: Nastavljaju se pregovori o covid-dodatku"}]},{"@type":"WebSite","@id":"https:\/\/radioljubuski.ba\/#website","url":"https:\/\/radioljubuski.ba\/","name":"Radio Ljubu\u0161ki","description":"Sun\u010dana frekvencija Hercegovine","publisher":{"@id":"https:\/\/radioljubuski.ba\/#organization"},"potentialAction":[{"@type":"SearchAction","target":{"@type":"EntryPoint","urlTemplate":"https:\/\/radioljubuski.ba\/?s={search_term_string}"},"query-input":{"@type":"PropertyValueSpecification","valueRequired":true,"valueName":"search_term_string"}}],"inLanguage":"hr"},{"@type":"Organization","@id":"https:\/\/radioljubuski.ba\/#organization","name":"Radio Ljubu\u0161ki","url":"https:\/\/radioljubuski.ba\/","logo":{"@type":"ImageObject","inLanguage":"hr","@id":"https:\/\/radioljubuski.ba\/#\/schema\/logo\/image\/","url":"https:\/\/radioljubuski.ba\/wp-content\/uploads\/2021\/02\/cropped-Radio_Ljubuski_logo1.jpg","contentUrl":"https:\/\/radioljubuski.ba\/wp-content\/uploads\/2021\/02\/cropped-Radio_Ljubuski_logo1.jpg","width":512,"height":512,"caption":"Radio Ljubu\u0161ki"},"image":{"@id":"https:\/\/radioljubuski.ba\/#\/schema\/logo\/image\/"},"sameAs":["https:\/\/www.facebook.com\/Radiio-Ljubuski-1490835324566332","https:\/\/x.com\/radioljubuski","https:\/\/hr.linkedin.com\/company\/radio-ljubuski","https:\/\/www.youtube.com\/channel\/UCHYaeO_n0Db3tjNGudGpXyw"]},{"@type":"Person","@id":"https:\/\/radioljubuski.ba\/#\/schema\/person\/19fc700381a780f69665d7956c469e3b","name":"Radio Ljubu\u0161ki"}]}},"_links":{"self":[{"href":"https:\/\/radioljubuski.ba\/index.php\/wp-json\/wp\/v2\/posts\/2564","targetHints":{"allow":["GET"]}}],"collection":[{"href":"https:\/\/radioljubuski.ba\/index.php\/wp-json\/wp\/v2\/posts"}],"about":[{"href":"https:\/\/radioljubuski.ba\/index.php\/wp-json\/wp\/v2\/types\/post"}],"author":[{"embeddable":true,"href":"https:\/\/radioljubuski.ba\/index.php\/wp-json\/wp\/v2\/users\/2"}],"replies":[{"embeddable":true,"href":"https:\/\/radioljubuski.ba\/index.php\/wp-json\/wp\/v2\/comments?post=2564"}],"version-history":[{"count":1,"href":"https:\/\/radioljubuski.ba\/index.php\/wp-json\/wp\/v2\/posts\/2564\/revisions"}],"predecessor-version":[{"id":2566,"href":"https:\/\/radioljubuski.ba\/index.php\/wp-json\/wp\/v2\/posts\/2564\/revisions\/2566"}],"wp:featuredmedia":[{"embeddable":true,"href":"https:\/\/radioljubuski.ba\/index.php\/wp-json\/wp\/v2\/media\/2565"}],"wp:attachment":[{"href":"https:\/\/radioljubuski.ba\/index.php\/wp-json\/wp\/v2\/media?parent=2564"}],"wp:term":[{"taxonomy":"category","embeddable":true,"href":"https:\/\/radioljubuski.ba\/index.php\/wp-json\/wp\/v2\/categories?post=2564"},{"taxonomy":"post_tag","embeddable":true,"href":"https:\/\/radioljubuski.ba\/index.php\/wp-json\/wp\/v2\/tags?post=2564"}],"curies":[{"name":"wp","href":"https:\/\/api.w.org\/{rel}","templated":true}]}}