{"id":25660,"date":"2021-05-27T22:32:27","date_gmt":"2021-05-27T21:32:27","guid":{"rendered":"https:\/\/radioljubuski.ba\/?p=25660"},"modified":"2021-05-27T22:32:28","modified_gmt":"2021-05-27T21:32:28","slug":"austrija-vlada-predstavila-kartu-islama-muslimani-uznemireni","status":"publish","type":"post","link":"https:\/\/radioljubuski.ba\/index.php\/2021\/05\/27\/austrija-vlada-predstavila-kartu-islama-muslimani-uznemireni\/","title":{"rendered":"Austrija: Vlada predstavila \u201ckartu islama\u201d, muslimani uznemireni"},"content":{"rendered":"\n<p><strong>Austrijska vlada je na internetu objavila \u201ckartu islama\u201d, \u0161to je u \u010detvrtak uznemirilo muslimane, koji upozoravaju na to da je rije\u010d o \u201cstigmatizaciji\u201d, zbog koje se \u201cosje\u0107aju nesigurno\u201d.<\/strong><\/p>\n\n\n\n<p>Interaktivna karta \u201csvjedo\u010di o o\u010ditoj namjeri vlade da ozna\u010di sve muslimane kao mo\u017eebitnu opasnost\u201d, reagiralo je Muslimansko vije\u0107e u priop\u0107enju koje prenosi France Presse.<\/p>\n\n\n\n<p><strong>Na karti d\u017eamije, imena \u010delnika, organizacija\u2026<\/strong><\/p>\n\n\n\n<p>Ranije tijekom dana konzervativna ministrica integracije Susanne Raab objavila je informaciju o otvaranju nove mre\u017ene stranice pod nazivom \u201cdr\u017eavna karta islama\u201d.<\/p>\n\n\n\n<p>Na njoj se mogu prona\u0107i imena vi\u0161e od 600 d\u017eamija i organizacija, njihove adrese, imena \u010delnika i njihove eventualne veze s inozemstvom.<\/p>\n\n\n\n<p>Nije nam bila namjera potaknuti \u201cop\u0107e nepovjerenje prema muslimanima\u201d, rekla je Raab, nego razotkriti \u201cideologije\u201d koje osporavaju \u201cvrijednosti liberalne demokracije\u201d.<\/p>\n\n\n\n<p>Karta je plod suradnje Be\u010dkog sveu\u010dili\u0161ta i Dokumentacijskog centra za nadzor politi\u010dkog islama, tijela koje je lani osnovala koalicija konzervativaca i zelenih.<\/p>\n\n\n\n<p>Potonji su se ipak ogradili od te inicijative.<\/p>\n\n\n\n<p>\u201cTaj projekt koji muslimane poistovje\u0107uje s islamistima suprotan je politici integracije\u201d, rekla je glasnogovornica stranke Zelenih za integracije Faika El-Nagashi.<\/p>\n\n\n\n<p><strong>Kurz redovito kritizira \u201cpoliti\u010dki islam\u201d<\/strong><\/p>\n\n\n\n<p>Konzervativni kancelar Sebastian Kurz redovito kritizira \u201cpoliti\u010dki islam\u201d.<\/p>\n\n\n\n<p>Nakon prvog d\u017eihadisti\u010dkog napada na austrijskom tlu, koji se dogodio u studenom, broj verbalnih i fizi\u010dkih napada na muslimane je porastao u toj zemlji srednje Europe, navodi organizacija koja bilje\u017ei takve napade.<\/p>\n\n\n\n<p>U 2020. zabilje\u017eila ih je 1402, ve\u0107inom na internetu, \u0161to je porast od 33 posto u godini dana i ta nova karta \u0107e samo \u201cpothranjivati rasizam, koji je u neprestanom porastu prema muslimanima, koji su izlo\u017eeni velikom sigurnosnom riziku\u201d, izrazilo je \u017ealjenje Muslimansko vije\u0107e.<\/p>\n\n\n\n<p>\/HMS\/<\/p>\n","protected":false},"excerpt":{"rendered":"<p>Austrijska vlada je na internetu objavila \u201ckartu islama\u201d, \u0161to je u \u010detvrtak uznemirilo muslimane, koji upozoravaju na to da je rije\u010d o \u201cstigmatizaciji\u201d, zbog koje se \u201cosje\u0107aju nesigurno\u201d. Interaktivna karta \u201csvjedo\u010di o o\u010ditoj namjeri vlade da ozna\u010di sve muslimane kao mo\u017eebitnu opasnost\u201d, reagiralo je Muslimansko vije\u0107e u priop\u0107enju koje prenosi France Presse. Na karti d\u017eamije, [&hellip;]<\/p>\n","protected":false},"author":2,"featured_media":25661,"comment_status":"closed","ping_status":"closed","sticky":false,"template":"","format":"standard","meta":{"h5ap_radio_sources":[],"footnotes":""},"categories":[1],"tags":[],"class_list":["post-25660","post","type-post","status-publish","format-standard","has-post-thumbnail","hentry","category-bihiregija"],"yoast_head":"<!-- This site is optimized with the Yoast SEO plugin v27.4 - https:\/\/yoast.com\/product\/yoast-seo-wordpress\/ -->\n<title>Austrija: Vlada predstavila \u201ckartu islama\u201d, muslimani uznemireni - RADIO LJUBU\u0160KI<\/title>\n<meta name=\"robots\" content=\"index, follow, max-snippet:-1, max-image-preview:large, max-video-preview:-1\" \/>\n<link rel=\"canonical\" href=\"https:\/\/radioljubuski.ba\/index.php\/2021\/05\/27\/austrija-vlada-predstavila-kartu-islama-muslimani-uznemireni\/\" \/>\n<meta property=\"og:locale\" content=\"hr_HR\" \/>\n<meta property=\"og:type\" content=\"article\" \/>\n<meta property=\"og:title\" content=\"Austrija: Vlada predstavila \u201ckartu islama\u201d, muslimani uznemireni - RADIO LJUBU\u0160KI\" \/>\n<meta property=\"og:description\" content=\"Austrijska vlada je na internetu objavila \u201ckartu islama\u201d, \u0161to je u \u010detvrtak uznemirilo muslimane, koji upozoravaju na to da je rije\u010d o \u201cstigmatizaciji\u201d, zbog koje se \u201cosje\u0107aju nesigurno\u201d. Interaktivna karta \u201csvjedo\u010di o o\u010ditoj namjeri vlade da ozna\u010di sve muslimane kao mo\u017eebitnu opasnost\u201d, reagiralo je Muslimansko vije\u0107e u priop\u0107enju koje prenosi France Presse. Na karti d\u017eamije, [&hellip;]\" \/>\n<meta property=\"og:url\" content=\"https:\/\/radioljubuski.ba\/index.php\/2021\/05\/27\/austrija-vlada-predstavila-kartu-islama-muslimani-uznemireni\/\" \/>\n<meta property=\"og:site_name\" content=\"RADIO LJUBU\u0160KI\" \/>\n<meta property=\"article:publisher\" content=\"https:\/\/www.facebook.com\/Radiio-Ljubuski-1490835324566332\" \/>\n<meta property=\"article:published_time\" content=\"2021-05-27T21:32:27+00:00\" \/>\n<meta property=\"article:modified_time\" content=\"2021-05-27T21:32:28+00:00\" \/>\n<meta property=\"og:image\" content=\"https:\/\/radioljubuski.ba\/wp-content\/uploads\/2021\/05\/karta-islama.jpg\" \/>\n\t<meta property=\"og:image:width\" content=\"765\" \/>\n\t<meta property=\"og:image:height\" content=\"402\" \/>\n\t<meta property=\"og:image:type\" content=\"image\/jpeg\" \/>\n<meta name=\"author\" content=\"Radio Ljubu\u0161ki\" \/>\n<meta name=\"twitter:card\" content=\"summary_large_image\" \/>\n<meta name=\"twitter:creator\" content=\"@radioljubuski\" \/>\n<meta name=\"twitter:site\" content=\"@radioljubuski\" \/>\n<meta name=\"twitter:label1\" content=\"Napisao\/la\" \/>\n\t<meta name=\"twitter:data1\" content=\"Radio Ljubu\u0161ki\" \/>\n\t<meta name=\"twitter:label2\" content=\"Procijenjeno vrijeme \u010ditanja\" \/>\n\t<meta name=\"twitter:data2\" content=\"2 minute\" \/>\n<script type=\"application\/ld+json\" class=\"yoast-schema-graph\">{\"@context\":\"https:\\\/\\\/schema.org\",\"@graph\":[{\"@type\":\"Article\",\"@id\":\"https:\\\/\\\/radioljubuski.ba\\\/index.php\\\/2021\\\/05\\\/27\\\/austrija-vlada-predstavila-kartu-islama-muslimani-uznemireni\\\/#article\",\"isPartOf\":{\"@id\":\"https:\\\/\\\/radioljubuski.ba\\\/index.php\\\/2021\\\/05\\\/27\\\/austrija-vlada-predstavila-kartu-islama-muslimani-uznemireni\\\/\"},\"author\":{\"name\":\"Radio Ljubu\u0161ki\",\"@id\":\"https:\\\/\\\/radioljubuski.ba\\\/#\\\/schema\\\/person\\\/19fc700381a780f69665d7956c469e3b\"},\"headline\":\"Austrija: Vlada predstavila \u201ckartu islama\u201d, muslimani uznemireni\",\"datePublished\":\"2021-05-27T21:32:27+00:00\",\"dateModified\":\"2021-05-27T21:32:28+00:00\",\"mainEntityOfPage\":{\"@id\":\"https:\\\/\\\/radioljubuski.ba\\\/index.php\\\/2021\\\/05\\\/27\\\/austrija-vlada-predstavila-kartu-islama-muslimani-uznemireni\\\/\"},\"wordCount\":293,\"publisher\":{\"@id\":\"https:\\\/\\\/radioljubuski.ba\\\/#organization\"},\"image\":{\"@id\":\"https:\\\/\\\/radioljubuski.ba\\\/index.php\\\/2021\\\/05\\\/27\\\/austrija-vlada-predstavila-kartu-islama-muslimani-uznemireni\\\/#primaryimage\"},\"thumbnailUrl\":\"https:\\\/\\\/radioljubuski.ba\\\/wp-content\\\/uploads\\\/2021\\\/05\\\/karta-islama.jpg\",\"articleSection\":[\"BIH i regija\"],\"inLanguage\":\"hr\"},{\"@type\":\"WebPage\",\"@id\":\"https:\\\/\\\/radioljubuski.ba\\\/index.php\\\/2021\\\/05\\\/27\\\/austrija-vlada-predstavila-kartu-islama-muslimani-uznemireni\\\/\",\"url\":\"https:\\\/\\\/radioljubuski.ba\\\/index.php\\\/2021\\\/05\\\/27\\\/austrija-vlada-predstavila-kartu-islama-muslimani-uznemireni\\\/\",\"name\":\"Austrija: Vlada predstavila \u201ckartu islama\u201d, muslimani uznemireni - RADIO LJUBU\u0160KI\",\"isPartOf\":{\"@id\":\"https:\\\/\\\/radioljubuski.ba\\\/#website\"},\"primaryImageOfPage\":{\"@id\":\"https:\\\/\\\/radioljubuski.ba\\\/index.php\\\/2021\\\/05\\\/27\\\/austrija-vlada-predstavila-kartu-islama-muslimani-uznemireni\\\/#primaryimage\"},\"image\":{\"@id\":\"https:\\\/\\\/radioljubuski.ba\\\/index.php\\\/2021\\\/05\\\/27\\\/austrija-vlada-predstavila-kartu-islama-muslimani-uznemireni\\\/#primaryimage\"},\"thumbnailUrl\":\"https:\\\/\\\/radioljubuski.ba\\\/wp-content\\\/uploads\\\/2021\\\/05\\\/karta-islama.jpg\",\"datePublished\":\"2021-05-27T21:32:27+00:00\",\"dateModified\":\"2021-05-27T21:32:28+00:00\",\"breadcrumb\":{\"@id\":\"https:\\\/\\\/radioljubuski.ba\\\/index.php\\\/2021\\\/05\\\/27\\\/austrija-vlada-predstavila-kartu-islama-muslimani-uznemireni\\\/#breadcrumb\"},\"inLanguage\":\"hr\",\"potentialAction\":[{\"@type\":\"ReadAction\",\"target\":[\"https:\\\/\\\/radioljubuski.ba\\\/index.php\\\/2021\\\/05\\\/27\\\/austrija-vlada-predstavila-kartu-islama-muslimani-uznemireni\\\/\"]}]},{\"@type\":\"ImageObject\",\"inLanguage\":\"hr\",\"@id\":\"https:\\\/\\\/radioljubuski.ba\\\/index.php\\\/2021\\\/05\\\/27\\\/austrija-vlada-predstavila-kartu-islama-muslimani-uznemireni\\\/#primaryimage\",\"url\":\"https:\\\/\\\/radioljubuski.ba\\\/wp-content\\\/uploads\\\/2021\\\/05\\\/karta-islama.jpg\",\"contentUrl\":\"https:\\\/\\\/radioljubuski.ba\\\/wp-content\\\/uploads\\\/2021\\\/05\\\/karta-islama.jpg\",\"width\":765,\"height\":402},{\"@type\":\"BreadcrumbList\",\"@id\":\"https:\\\/\\\/radioljubuski.ba\\\/index.php\\\/2021\\\/05\\\/27\\\/austrija-vlada-predstavila-kartu-islama-muslimani-uznemireni\\\/#breadcrumb\",\"itemListElement\":[{\"@type\":\"ListItem\",\"position\":1,\"name\":\"Po\u010detna stranica\",\"item\":\"https:\\\/\\\/radioljubuski.ba\\\/\"},{\"@type\":\"ListItem\",\"position\":2,\"name\":\"Austrija: Vlada predstavila \u201ckartu islama\u201d, muslimani uznemireni\"}]},{\"@type\":\"WebSite\",\"@id\":\"https:\\\/\\\/radioljubuski.ba\\\/#website\",\"url\":\"https:\\\/\\\/radioljubuski.ba\\\/\",\"name\":\"Radio Ljubu\u0161ki\",\"description\":\"Sun\u010dana frekvencija Hercegovine\",\"publisher\":{\"@id\":\"https:\\\/\\\/radioljubuski.ba\\\/#organization\"},\"potentialAction\":[{\"@type\":\"SearchAction\",\"target\":{\"@type\":\"EntryPoint\",\"urlTemplate\":\"https:\\\/\\\/radioljubuski.ba\\\/?s={search_term_string}\"},\"query-input\":{\"@type\":\"PropertyValueSpecification\",\"valueRequired\":true,\"valueName\":\"search_term_string\"}}],\"inLanguage\":\"hr\"},{\"@type\":\"Organization\",\"@id\":\"https:\\\/\\\/radioljubuski.ba\\\/#organization\",\"name\":\"Radio Ljubu\u0161ki\",\"url\":\"https:\\\/\\\/radioljubuski.ba\\\/\",\"logo\":{\"@type\":\"ImageObject\",\"inLanguage\":\"hr\",\"@id\":\"https:\\\/\\\/radioljubuski.ba\\\/#\\\/schema\\\/logo\\\/image\\\/\",\"url\":\"https:\\\/\\\/radioljubuski.ba\\\/wp-content\\\/uploads\\\/2021\\\/02\\\/cropped-Radio_Ljubuski_logo1.jpg\",\"contentUrl\":\"https:\\\/\\\/radioljubuski.ba\\\/wp-content\\\/uploads\\\/2021\\\/02\\\/cropped-Radio_Ljubuski_logo1.jpg\",\"width\":512,\"height\":512,\"caption\":\"Radio Ljubu\u0161ki\"},\"image\":{\"@id\":\"https:\\\/\\\/radioljubuski.ba\\\/#\\\/schema\\\/logo\\\/image\\\/\"},\"sameAs\":[\"https:\\\/\\\/www.facebook.com\\\/Radiio-Ljubuski-1490835324566332\",\"https:\\\/\\\/x.com\\\/radioljubuski\",\"https:\\\/\\\/hr.linkedin.com\\\/company\\\/radio-ljubuski\",\"https:\\\/\\\/www.youtube.com\\\/channel\\\/UCHYaeO_n0Db3tjNGudGpXyw\"]},{\"@type\":\"Person\",\"@id\":\"https:\\\/\\\/radioljubuski.ba\\\/#\\\/schema\\\/person\\\/19fc700381a780f69665d7956c469e3b\",\"name\":\"Radio Ljubu\u0161ki\"}]}<\/script>\n<!-- \/ Yoast SEO plugin. -->","yoast_head_json":{"title":"Austrija: Vlada predstavila \u201ckartu islama\u201d, muslimani uznemireni - RADIO LJUBU\u0160KI","robots":{"index":"index","follow":"follow","max-snippet":"max-snippet:-1","max-image-preview":"max-image-preview:large","max-video-preview":"max-video-preview:-1"},"canonical":"https:\/\/radioljubuski.ba\/index.php\/2021\/05\/27\/austrija-vlada-predstavila-kartu-islama-muslimani-uznemireni\/","og_locale":"hr_HR","og_type":"article","og_title":"Austrija: Vlada predstavila \u201ckartu islama\u201d, muslimani uznemireni - RADIO LJUBU\u0160KI","og_description":"Austrijska vlada je na internetu objavila \u201ckartu islama\u201d, \u0161to je u \u010detvrtak uznemirilo muslimane, koji upozoravaju na to da je rije\u010d o \u201cstigmatizaciji\u201d, zbog koje se \u201cosje\u0107aju nesigurno\u201d. Interaktivna karta \u201csvjedo\u010di o o\u010ditoj namjeri vlade da ozna\u010di sve muslimane kao mo\u017eebitnu opasnost\u201d, reagiralo je Muslimansko vije\u0107e u priop\u0107enju koje prenosi France Presse. Na karti d\u017eamije, [&hellip;]","og_url":"https:\/\/radioljubuski.ba\/index.php\/2021\/05\/27\/austrija-vlada-predstavila-kartu-islama-muslimani-uznemireni\/","og_site_name":"RADIO LJUBU\u0160KI","article_publisher":"https:\/\/www.facebook.com\/Radiio-Ljubuski-1490835324566332","article_published_time":"2021-05-27T21:32:27+00:00","article_modified_time":"2021-05-27T21:32:28+00:00","og_image":[{"width":765,"height":402,"url":"https:\/\/radioljubuski.ba\/wp-content\/uploads\/2021\/05\/karta-islama.jpg","type":"image\/jpeg"}],"author":"Radio Ljubu\u0161ki","twitter_card":"summary_large_image","twitter_creator":"@radioljubuski","twitter_site":"@radioljubuski","twitter_misc":{"Napisao\/la":"Radio Ljubu\u0161ki","Procijenjeno vrijeme \u010ditanja":"2 minute"},"schema":{"@context":"https:\/\/schema.org","@graph":[{"@type":"Article","@id":"https:\/\/radioljubuski.ba\/index.php\/2021\/05\/27\/austrija-vlada-predstavila-kartu-islama-muslimani-uznemireni\/#article","isPartOf":{"@id":"https:\/\/radioljubuski.ba\/index.php\/2021\/05\/27\/austrija-vlada-predstavila-kartu-islama-muslimani-uznemireni\/"},"author":{"name":"Radio Ljubu\u0161ki","@id":"https:\/\/radioljubuski.ba\/#\/schema\/person\/19fc700381a780f69665d7956c469e3b"},"headline":"Austrija: Vlada predstavila \u201ckartu islama\u201d, muslimani uznemireni","datePublished":"2021-05-27T21:32:27+00:00","dateModified":"2021-05-27T21:32:28+00:00","mainEntityOfPage":{"@id":"https:\/\/radioljubuski.ba\/index.php\/2021\/05\/27\/austrija-vlada-predstavila-kartu-islama-muslimani-uznemireni\/"},"wordCount":293,"publisher":{"@id":"https:\/\/radioljubuski.ba\/#organization"},"image":{"@id":"https:\/\/radioljubuski.ba\/index.php\/2021\/05\/27\/austrija-vlada-predstavila-kartu-islama-muslimani-uznemireni\/#primaryimage"},"thumbnailUrl":"https:\/\/radioljubuski.ba\/wp-content\/uploads\/2021\/05\/karta-islama.jpg","articleSection":["BIH i regija"],"inLanguage":"hr"},{"@type":"WebPage","@id":"https:\/\/radioljubuski.ba\/index.php\/2021\/05\/27\/austrija-vlada-predstavila-kartu-islama-muslimani-uznemireni\/","url":"https:\/\/radioljubuski.ba\/index.php\/2021\/05\/27\/austrija-vlada-predstavila-kartu-islama-muslimani-uznemireni\/","name":"Austrija: Vlada predstavila \u201ckartu islama\u201d, muslimani uznemireni - RADIO LJUBU\u0160KI","isPartOf":{"@id":"https:\/\/radioljubuski.ba\/#website"},"primaryImageOfPage":{"@id":"https:\/\/radioljubuski.ba\/index.php\/2021\/05\/27\/austrija-vlada-predstavila-kartu-islama-muslimani-uznemireni\/#primaryimage"},"image":{"@id":"https:\/\/radioljubuski.ba\/index.php\/2021\/05\/27\/austrija-vlada-predstavila-kartu-islama-muslimani-uznemireni\/#primaryimage"},"thumbnailUrl":"https:\/\/radioljubuski.ba\/wp-content\/uploads\/2021\/05\/karta-islama.jpg","datePublished":"2021-05-27T21:32:27+00:00","dateModified":"2021-05-27T21:32:28+00:00","breadcrumb":{"@id":"https:\/\/radioljubuski.ba\/index.php\/2021\/05\/27\/austrija-vlada-predstavila-kartu-islama-muslimani-uznemireni\/#breadcrumb"},"inLanguage":"hr","potentialAction":[{"@type":"ReadAction","target":["https:\/\/radioljubuski.ba\/index.php\/2021\/05\/27\/austrija-vlada-predstavila-kartu-islama-muslimani-uznemireni\/"]}]},{"@type":"ImageObject","inLanguage":"hr","@id":"https:\/\/radioljubuski.ba\/index.php\/2021\/05\/27\/austrija-vlada-predstavila-kartu-islama-muslimani-uznemireni\/#primaryimage","url":"https:\/\/radioljubuski.ba\/wp-content\/uploads\/2021\/05\/karta-islama.jpg","contentUrl":"https:\/\/radioljubuski.ba\/wp-content\/uploads\/2021\/05\/karta-islama.jpg","width":765,"height":402},{"@type":"BreadcrumbList","@id":"https:\/\/radioljubuski.ba\/index.php\/2021\/05\/27\/austrija-vlada-predstavila-kartu-islama-muslimani-uznemireni\/#breadcrumb","itemListElement":[{"@type":"ListItem","position":1,"name":"Po\u010detna stranica","item":"https:\/\/radioljubuski.ba\/"},{"@type":"ListItem","position":2,"name":"Austrija: Vlada predstavila \u201ckartu islama\u201d, muslimani uznemireni"}]},{"@type":"WebSite","@id":"https:\/\/radioljubuski.ba\/#website","url":"https:\/\/radioljubuski.ba\/","name":"Radio Ljubu\u0161ki","description":"Sun\u010dana frekvencija Hercegovine","publisher":{"@id":"https:\/\/radioljubuski.ba\/#organization"},"potentialAction":[{"@type":"SearchAction","target":{"@type":"EntryPoint","urlTemplate":"https:\/\/radioljubuski.ba\/?s={search_term_string}"},"query-input":{"@type":"PropertyValueSpecification","valueRequired":true,"valueName":"search_term_string"}}],"inLanguage":"hr"},{"@type":"Organization","@id":"https:\/\/radioljubuski.ba\/#organization","name":"Radio Ljubu\u0161ki","url":"https:\/\/radioljubuski.ba\/","logo":{"@type":"ImageObject","inLanguage":"hr","@id":"https:\/\/radioljubuski.ba\/#\/schema\/logo\/image\/","url":"https:\/\/radioljubuski.ba\/wp-content\/uploads\/2021\/02\/cropped-Radio_Ljubuski_logo1.jpg","contentUrl":"https:\/\/radioljubuski.ba\/wp-content\/uploads\/2021\/02\/cropped-Radio_Ljubuski_logo1.jpg","width":512,"height":512,"caption":"Radio Ljubu\u0161ki"},"image":{"@id":"https:\/\/radioljubuski.ba\/#\/schema\/logo\/image\/"},"sameAs":["https:\/\/www.facebook.com\/Radiio-Ljubuski-1490835324566332","https:\/\/x.com\/radioljubuski","https:\/\/hr.linkedin.com\/company\/radio-ljubuski","https:\/\/www.youtube.com\/channel\/UCHYaeO_n0Db3tjNGudGpXyw"]},{"@type":"Person","@id":"https:\/\/radioljubuski.ba\/#\/schema\/person\/19fc700381a780f69665d7956c469e3b","name":"Radio Ljubu\u0161ki"}]}},"_links":{"self":[{"href":"https:\/\/radioljubuski.ba\/index.php\/wp-json\/wp\/v2\/posts\/25660","targetHints":{"allow":["GET"]}}],"collection":[{"href":"https:\/\/radioljubuski.ba\/index.php\/wp-json\/wp\/v2\/posts"}],"about":[{"href":"https:\/\/radioljubuski.ba\/index.php\/wp-json\/wp\/v2\/types\/post"}],"author":[{"embeddable":true,"href":"https:\/\/radioljubuski.ba\/index.php\/wp-json\/wp\/v2\/users\/2"}],"replies":[{"embeddable":true,"href":"https:\/\/radioljubuski.ba\/index.php\/wp-json\/wp\/v2\/comments?post=25660"}],"version-history":[{"count":1,"href":"https:\/\/radioljubuski.ba\/index.php\/wp-json\/wp\/v2\/posts\/25660\/revisions"}],"predecessor-version":[{"id":25662,"href":"https:\/\/radioljubuski.ba\/index.php\/wp-json\/wp\/v2\/posts\/25660\/revisions\/25662"}],"wp:featuredmedia":[{"embeddable":true,"href":"https:\/\/radioljubuski.ba\/index.php\/wp-json\/wp\/v2\/media\/25661"}],"wp:attachment":[{"href":"https:\/\/radioljubuski.ba\/index.php\/wp-json\/wp\/v2\/media?parent=25660"}],"wp:term":[{"taxonomy":"category","embeddable":true,"href":"https:\/\/radioljubuski.ba\/index.php\/wp-json\/wp\/v2\/categories?post=25660"},{"taxonomy":"post_tag","embeddable":true,"href":"https:\/\/radioljubuski.ba\/index.php\/wp-json\/wp\/v2\/tags?post=25660"}],"curies":[{"name":"wp","href":"https:\/\/api.w.org\/{rel}","templated":true}]}}