{"id":25669,"date":"2021-05-27T22:42:49","date_gmt":"2021-05-27T21:42:49","guid":{"rendered":"https:\/\/radioljubuski.ba\/?p=25669"},"modified":"2021-05-27T22:42:50","modified_gmt":"2021-05-27T21:42:50","slug":"od-dragovoljaca-do-oruzane-sile-spremne-na-najzahtjevnije-zadace","status":"publish","type":"post","link":"https:\/\/radioljubuski.ba\/index.php\/2021\/05\/27\/od-dragovoljaca-do-oruzane-sile-spremne-na-najzahtjevnije-zadace\/","title":{"rendered":"Od dragovoljaca do oru\u017eane sile spremne na najzahtjevnije zada\u0107e"},"content":{"rendered":"\n<p>Sutra se obilje\u017eava 30. obljetnica ustrojavanja Hrvatske vojske. Na stadionu NK Zagreb u Kranj\u010devi\u0107evoj ulici 1991. godine prisegnule su postrojbe Zbora narodne garde. Od tada\u0161njih dragovoljaca do danas Hrvatska vojska razvila se u oru\u017eanu silu spremnu za najzahtjevnije zada\u0107e. Pro\u010ditajte kako je tekao taj put.<\/p>\n\n\n\n<p>Bio je to povijesni dan za Oru\u017eane snage. Prije 30 godina na stadionu u Kranj\u010devi\u0107evoj prisegnule su postrojbe Zbora narodne garde.<br><br>&#8211; Mi se nismo naoru\u017eavali i ne\u0107emo se naoru\u017eavati zbog osvajanja tu\u0111ih teritorija, ali \u0107emo se naoru\u017eati u svim potrebnim dimenzijama toliko koliko je potrebno da bismo obranili slobodu Republike Hrvatske, rekao je te &#8217;91.\u00a0<strong>Franjo Tu\u0111man,<\/strong>\u00a0predsjednik Republike Hrvatske.<br><br>U obranu domovine krenuli su gotovo goloruki.<br><br>&#8211; Nikoga ne napadamo, ne diramo, ali onaj tko nas napadne, mislim da ne\u0107e dobro pro\u0107i, poru\u010dio je<strong>\u00a0Blago Zadro<\/strong>,zapovjednik obrane Vukovara, 1991.<br><br>U brojnim akcijama osloba\u0111a pedalj po pedalj zemlje. I dolazi do krune &#8211; Oluje!<br><br>&#8211; Hrvatska vojska je jedna regionalna sila, ona je to dokazala. Ona je to pokazala kroz niz operacija, svaka operacija je za nju bila jedna pobjeda i na kraju sigurno mi smo pobjednici u ovom ratu, rekao je &#8217;96. general pukovnik\u00a0<strong>Ante Gotovina,<\/strong>\u00a0glavni inspektor HV-a.<br><br>Oru\u017eane snage vrlo brzo su od dragovolja\u010dkih odreda izrasle u vojsku spremnu za najzahtjevnije zada\u0107e.<br><br>&#8211; To zna\u010di nemamo samo ratnika, nemamo samo \u010dasnika, nemamo samo sanitet, nemamo samo obavje\u0161tajni sustav, nego sveukupan sustav Hrvatske vojske, rekao je &#8217;96.\u00a0<strong>Gojko \u0160u\u0161ak,<\/strong>\u00a0ministar obrane.<br><br>Nakon rata &#8211; \u010duvari mira.<br><br>U posljednje 22 godine gotovo 10 tisu\u0107a hrvatskih vojnika sudjelovalo je u 33 me\u0111unarodne mirovne misije. Trenuta\u010dno na\u0161a je vojska u njih 9 &#8211; od Zapadne Sahare do Afganistana.<br><br>&#8211; Daleko od ku\u0107e, obitelji, od domovine i od svih na\u0161ih bli\u017enjih, ali to je profesionalni posao, rekao je &#8217;99. pukovnik\u00a0<strong>Gordan Cvetni\u0107,<\/strong>\u00a0zapovjednik sektora Daku i zapovjednik prve hrvatske mirovne misije.<br><br>Hrvatska je 1. travnja 2009-te primljena u NATO savez. Iz SAD-a sti\u017ee obilna vojna pomo\u0107. Kamioni, borbeni helikopteri i vozila.<br><br>Najve\u0107i izazov &#8211; modernizacija. MiG-ovima istje\u010de rok uporabe, pa se tra\u017ei nova eskadrila.<br><br>Mornaricu nam \u010dine brodovi prosje\u010dne starosti 40 godina. Sliku bi trebala promijeniti izgradnja brodova u splitskom brodogradili\u0161tu. Omi\u0161 je prvi u nizu.<br><br>Okosnica vatrene mo\u0107i kopnene vojske remontirani su tenkovi M84, Patrijina oklopna vozila i prije svega dobro osposobljeni i istrenirani vojnici.<br><br>&#8211; Vi mo\u017eete imati tenkove, haubice, mo\u017eete imati \u010duda, ali ako nemate \u010dovjeka koji je odva\u017ean, hrabar, koji je domoljub, patriota, koji je lojalan, odva\u017ean, mislim da od te tehnike nema ni T, rekao je 2017. brigadni general<strong>\u00a0Sini\u0161a Jurkovi\u0107,<\/strong>\u00a0zapovjednik Hrvatske kopnene vojske, 2017.<br><br>Koliko je Hrvatska vojska danas sna\u017ena, pokazuje na brojnim vje\u017ebama.<br><br>&#8211; Za nas ljude u odorama ta je vje\u017eba vrhunac vojne karijere, rekao je general\u00a0<strong>Mirko \u0160undov,\u00a0<\/strong>na\u010delnik Glavnog sto\u017eera Oru\u017eanih snaga, 2018..<br><br>Hrvatski vojnik uz narod je u potresima, poplavama, po\u017earima. Uvijek na prvoj crti.<br><br>Obnavljaju se vojarne, vojska se vratila u gradove. Ula\u017ee se u znanje i nove tehnologije, pa je interes za no\u0161enje odore hrvatskog vojnika sve ve\u0107i.<\/p>\n\n\n\n<div style=\"width: 640px;\" class=\"wp-video\"><video class=\"wp-video-shortcode\" id=\"video-25669-1\" width=\"640\" height=\"360\" preload=\"metadata\" controls=\"controls\"><source type=\"video\/mp4\" src=\"https:\/\/api.hrt.hr\/media\/1d\/48\/tvd2-hv-2705-20210527174942.mp4?_=1\" \/><a href=\"https:\/\/api.hrt.hr\/media\/1d\/48\/tvd2-hv-2705-20210527174942.mp4\">https:\/\/api.hrt.hr\/media\/1d\/48\/tvd2-hv-2705-20210527174942.mp4<\/a><\/video><\/div>\n\n\n\n<p>Izvor:hrt.hr<\/p>\n","protected":false},"excerpt":{"rendered":"<p>Sutra se obilje\u017eava 30. obljetnica ustrojavanja Hrvatske vojske. Na stadionu NK Zagreb u Kranj\u010devi\u0107evoj ulici 1991. godine prisegnule su postrojbe Zbora narodne garde. Od tada\u0161njih dragovoljaca do danas Hrvatska vojska razvila se u oru\u017eanu silu spremnu za najzahtjevnije zada\u0107e. Pro\u010ditajte kako je tekao taj put. Bio je to povijesni dan za Oru\u017eane snage. Prije 30 [&hellip;]<\/p>\n","protected":false},"author":2,"featured_media":25670,"comment_status":"closed","ping_status":"closed","sticky":false,"template":"","format":"standard","meta":{"h5ap_radio_sources":[],"footnotes":""},"categories":[1],"tags":[],"class_list":["post-25669","post","type-post","status-publish","format-standard","has-post-thumbnail","hentry","category-bihiregija"],"yoast_head":"<!-- This site is optimized with the Yoast SEO plugin v27.4 - https:\/\/yoast.com\/product\/yoast-seo-wordpress\/ -->\n<title>Od dragovoljaca do oru\u017eane sile spremne na najzahtjevnije zada\u0107e - RADIO LJUBU\u0160KI<\/title>\n<meta name=\"robots\" content=\"index, follow, max-snippet:-1, max-image-preview:large, max-video-preview:-1\" \/>\n<link rel=\"canonical\" href=\"https:\/\/radioljubuski.ba\/index.php\/2021\/05\/27\/od-dragovoljaca-do-oruzane-sile-spremne-na-najzahtjevnije-zadace\/\" \/>\n<meta property=\"og:locale\" content=\"hr_HR\" \/>\n<meta property=\"og:type\" content=\"article\" \/>\n<meta property=\"og:title\" content=\"Od dragovoljaca do oru\u017eane sile spremne na najzahtjevnije zada\u0107e - RADIO LJUBU\u0160KI\" \/>\n<meta property=\"og:description\" content=\"Sutra se obilje\u017eava 30. obljetnica ustrojavanja Hrvatske vojske. Na stadionu NK Zagreb u Kranj\u010devi\u0107evoj ulici 1991. godine prisegnule su postrojbe Zbora narodne garde. Od tada\u0161njih dragovoljaca do danas Hrvatska vojska razvila se u oru\u017eanu silu spremnu za najzahtjevnije zada\u0107e. Pro\u010ditajte kako je tekao taj put. Bio je to povijesni dan za Oru\u017eane snage. Prije 30 [&hellip;]\" \/>\n<meta property=\"og:url\" content=\"https:\/\/radioljubuski.ba\/index.php\/2021\/05\/27\/od-dragovoljaca-do-oruzane-sile-spremne-na-najzahtjevnije-zadace\/\" \/>\n<meta property=\"og:site_name\" content=\"RADIO LJUBU\u0160KI\" \/>\n<meta property=\"article:publisher\" content=\"https:\/\/www.facebook.com\/Radiio-Ljubuski-1490835324566332\" \/>\n<meta property=\"article:published_time\" content=\"2021-05-27T21:42:49+00:00\" \/>\n<meta property=\"article:modified_time\" content=\"2021-05-27T21:42:50+00:00\" \/>\n<meta property=\"og:image\" content=\"https:\/\/radioljubuski.ba\/wp-content\/uploads\/2021\/05\/preuzmi-43.jpg\" \/>\n\t<meta property=\"og:image:width\" content=\"275\" \/>\n\t<meta property=\"og:image:height\" content=\"183\" \/>\n\t<meta property=\"og:image:type\" content=\"image\/jpeg\" \/>\n<meta name=\"author\" content=\"Radio Ljubu\u0161ki\" \/>\n<meta name=\"twitter:card\" content=\"summary_large_image\" \/>\n<meta name=\"twitter:creator\" content=\"@radioljubuski\" \/>\n<meta name=\"twitter:site\" content=\"@radioljubuski\" \/>\n<meta name=\"twitter:label1\" content=\"Napisao\/la\" \/>\n\t<meta name=\"twitter:data1\" content=\"Radio Ljubu\u0161ki\" \/>\n\t<meta name=\"twitter:label2\" content=\"Procijenjeno vrijeme \u010ditanja\" \/>\n\t<meta name=\"twitter:data2\" content=\"3 minute\" \/>\n<script type=\"application\/ld+json\" class=\"yoast-schema-graph\">{\"@context\":\"https:\\\/\\\/schema.org\",\"@graph\":[{\"@type\":\"Article\",\"@id\":\"https:\\\/\\\/radioljubuski.ba\\\/index.php\\\/2021\\\/05\\\/27\\\/od-dragovoljaca-do-oruzane-sile-spremne-na-najzahtjevnije-zadace\\\/#article\",\"isPartOf\":{\"@id\":\"https:\\\/\\\/radioljubuski.ba\\\/index.php\\\/2021\\\/05\\\/27\\\/od-dragovoljaca-do-oruzane-sile-spremne-na-najzahtjevnije-zadace\\\/\"},\"author\":{\"name\":\"Radio Ljubu\u0161ki\",\"@id\":\"https:\\\/\\\/radioljubuski.ba\\\/#\\\/schema\\\/person\\\/19fc700381a780f69665d7956c469e3b\"},\"headline\":\"Od dragovoljaca do oru\u017eane sile spremne na najzahtjevnije zada\u0107e\",\"datePublished\":\"2021-05-27T21:42:49+00:00\",\"dateModified\":\"2021-05-27T21:42:50+00:00\",\"mainEntityOfPage\":{\"@id\":\"https:\\\/\\\/radioljubuski.ba\\\/index.php\\\/2021\\\/05\\\/27\\\/od-dragovoljaca-do-oruzane-sile-spremne-na-najzahtjevnije-zadace\\\/\"},\"wordCount\":559,\"publisher\":{\"@id\":\"https:\\\/\\\/radioljubuski.ba\\\/#organization\"},\"image\":{\"@id\":\"https:\\\/\\\/radioljubuski.ba\\\/index.php\\\/2021\\\/05\\\/27\\\/od-dragovoljaca-do-oruzane-sile-spremne-na-najzahtjevnije-zadace\\\/#primaryimage\"},\"thumbnailUrl\":\"https:\\\/\\\/radioljubuski.ba\\\/wp-content\\\/uploads\\\/2021\\\/05\\\/preuzmi-43.jpg\",\"articleSection\":[\"BIH i regija\"],\"inLanguage\":\"hr\"},{\"@type\":\"WebPage\",\"@id\":\"https:\\\/\\\/radioljubuski.ba\\\/index.php\\\/2021\\\/05\\\/27\\\/od-dragovoljaca-do-oruzane-sile-spremne-na-najzahtjevnije-zadace\\\/\",\"url\":\"https:\\\/\\\/radioljubuski.ba\\\/index.php\\\/2021\\\/05\\\/27\\\/od-dragovoljaca-do-oruzane-sile-spremne-na-najzahtjevnije-zadace\\\/\",\"name\":\"Od dragovoljaca do oru\u017eane sile spremne na najzahtjevnije zada\u0107e - RADIO LJUBU\u0160KI\",\"isPartOf\":{\"@id\":\"https:\\\/\\\/radioljubuski.ba\\\/#website\"},\"primaryImageOfPage\":{\"@id\":\"https:\\\/\\\/radioljubuski.ba\\\/index.php\\\/2021\\\/05\\\/27\\\/od-dragovoljaca-do-oruzane-sile-spremne-na-najzahtjevnije-zadace\\\/#primaryimage\"},\"image\":{\"@id\":\"https:\\\/\\\/radioljubuski.ba\\\/index.php\\\/2021\\\/05\\\/27\\\/od-dragovoljaca-do-oruzane-sile-spremne-na-najzahtjevnije-zadace\\\/#primaryimage\"},\"thumbnailUrl\":\"https:\\\/\\\/radioljubuski.ba\\\/wp-content\\\/uploads\\\/2021\\\/05\\\/preuzmi-43.jpg\",\"datePublished\":\"2021-05-27T21:42:49+00:00\",\"dateModified\":\"2021-05-27T21:42:50+00:00\",\"breadcrumb\":{\"@id\":\"https:\\\/\\\/radioljubuski.ba\\\/index.php\\\/2021\\\/05\\\/27\\\/od-dragovoljaca-do-oruzane-sile-spremne-na-najzahtjevnije-zadace\\\/#breadcrumb\"},\"inLanguage\":\"hr\",\"potentialAction\":[{\"@type\":\"ReadAction\",\"target\":[\"https:\\\/\\\/radioljubuski.ba\\\/index.php\\\/2021\\\/05\\\/27\\\/od-dragovoljaca-do-oruzane-sile-spremne-na-najzahtjevnije-zadace\\\/\"]}]},{\"@type\":\"ImageObject\",\"inLanguage\":\"hr\",\"@id\":\"https:\\\/\\\/radioljubuski.ba\\\/index.php\\\/2021\\\/05\\\/27\\\/od-dragovoljaca-do-oruzane-sile-spremne-na-najzahtjevnije-zadace\\\/#primaryimage\",\"url\":\"https:\\\/\\\/radioljubuski.ba\\\/wp-content\\\/uploads\\\/2021\\\/05\\\/preuzmi-43.jpg\",\"contentUrl\":\"https:\\\/\\\/radioljubuski.ba\\\/wp-content\\\/uploads\\\/2021\\\/05\\\/preuzmi-43.jpg\",\"width\":275,\"height\":183},{\"@type\":\"BreadcrumbList\",\"@id\":\"https:\\\/\\\/radioljubuski.ba\\\/index.php\\\/2021\\\/05\\\/27\\\/od-dragovoljaca-do-oruzane-sile-spremne-na-najzahtjevnije-zadace\\\/#breadcrumb\",\"itemListElement\":[{\"@type\":\"ListItem\",\"position\":1,\"name\":\"Po\u010detna stranica\",\"item\":\"https:\\\/\\\/radioljubuski.ba\\\/\"},{\"@type\":\"ListItem\",\"position\":2,\"name\":\"Od dragovoljaca do oru\u017eane sile spremne na najzahtjevnije zada\u0107e\"}]},{\"@type\":\"WebSite\",\"@id\":\"https:\\\/\\\/radioljubuski.ba\\\/#website\",\"url\":\"https:\\\/\\\/radioljubuski.ba\\\/\",\"name\":\"Radio Ljubu\u0161ki\",\"description\":\"Sun\u010dana frekvencija Hercegovine\",\"publisher\":{\"@id\":\"https:\\\/\\\/radioljubuski.ba\\\/#organization\"},\"potentialAction\":[{\"@type\":\"SearchAction\",\"target\":{\"@type\":\"EntryPoint\",\"urlTemplate\":\"https:\\\/\\\/radioljubuski.ba\\\/?s={search_term_string}\"},\"query-input\":{\"@type\":\"PropertyValueSpecification\",\"valueRequired\":true,\"valueName\":\"search_term_string\"}}],\"inLanguage\":\"hr\"},{\"@type\":\"Organization\",\"@id\":\"https:\\\/\\\/radioljubuski.ba\\\/#organization\",\"name\":\"Radio Ljubu\u0161ki\",\"url\":\"https:\\\/\\\/radioljubuski.ba\\\/\",\"logo\":{\"@type\":\"ImageObject\",\"inLanguage\":\"hr\",\"@id\":\"https:\\\/\\\/radioljubuski.ba\\\/#\\\/schema\\\/logo\\\/image\\\/\",\"url\":\"https:\\\/\\\/radioljubuski.ba\\\/wp-content\\\/uploads\\\/2021\\\/02\\\/cropped-Radio_Ljubuski_logo1.jpg\",\"contentUrl\":\"https:\\\/\\\/radioljubuski.ba\\\/wp-content\\\/uploads\\\/2021\\\/02\\\/cropped-Radio_Ljubuski_logo1.jpg\",\"width\":512,\"height\":512,\"caption\":\"Radio Ljubu\u0161ki\"},\"image\":{\"@id\":\"https:\\\/\\\/radioljubuski.ba\\\/#\\\/schema\\\/logo\\\/image\\\/\"},\"sameAs\":[\"https:\\\/\\\/www.facebook.com\\\/Radiio-Ljubuski-1490835324566332\",\"https:\\\/\\\/x.com\\\/radioljubuski\",\"https:\\\/\\\/hr.linkedin.com\\\/company\\\/radio-ljubuski\",\"https:\\\/\\\/www.youtube.com\\\/channel\\\/UCHYaeO_n0Db3tjNGudGpXyw\"]},{\"@type\":\"Person\",\"@id\":\"https:\\\/\\\/radioljubuski.ba\\\/#\\\/schema\\\/person\\\/19fc700381a780f69665d7956c469e3b\",\"name\":\"Radio Ljubu\u0161ki\"}]}<\/script>\n<!-- \/ Yoast SEO plugin. -->","yoast_head_json":{"title":"Od dragovoljaca do oru\u017eane sile spremne na najzahtjevnije zada\u0107e - RADIO LJUBU\u0160KI","robots":{"index":"index","follow":"follow","max-snippet":"max-snippet:-1","max-image-preview":"max-image-preview:large","max-video-preview":"max-video-preview:-1"},"canonical":"https:\/\/radioljubuski.ba\/index.php\/2021\/05\/27\/od-dragovoljaca-do-oruzane-sile-spremne-na-najzahtjevnije-zadace\/","og_locale":"hr_HR","og_type":"article","og_title":"Od dragovoljaca do oru\u017eane sile spremne na najzahtjevnije zada\u0107e - RADIO LJUBU\u0160KI","og_description":"Sutra se obilje\u017eava 30. obljetnica ustrojavanja Hrvatske vojske. Na stadionu NK Zagreb u Kranj\u010devi\u0107evoj ulici 1991. godine prisegnule su postrojbe Zbora narodne garde. Od tada\u0161njih dragovoljaca do danas Hrvatska vojska razvila se u oru\u017eanu silu spremnu za najzahtjevnije zada\u0107e. Pro\u010ditajte kako je tekao taj put. Bio je to povijesni dan za Oru\u017eane snage. Prije 30 [&hellip;]","og_url":"https:\/\/radioljubuski.ba\/index.php\/2021\/05\/27\/od-dragovoljaca-do-oruzane-sile-spremne-na-najzahtjevnije-zadace\/","og_site_name":"RADIO LJUBU\u0160KI","article_publisher":"https:\/\/www.facebook.com\/Radiio-Ljubuski-1490835324566332","article_published_time":"2021-05-27T21:42:49+00:00","article_modified_time":"2021-05-27T21:42:50+00:00","og_image":[{"width":275,"height":183,"url":"https:\/\/radioljubuski.ba\/wp-content\/uploads\/2021\/05\/preuzmi-43.jpg","type":"image\/jpeg"}],"author":"Radio Ljubu\u0161ki","twitter_card":"summary_large_image","twitter_creator":"@radioljubuski","twitter_site":"@radioljubuski","twitter_misc":{"Napisao\/la":"Radio Ljubu\u0161ki","Procijenjeno vrijeme \u010ditanja":"3 minute"},"schema":{"@context":"https:\/\/schema.org","@graph":[{"@type":"Article","@id":"https:\/\/radioljubuski.ba\/index.php\/2021\/05\/27\/od-dragovoljaca-do-oruzane-sile-spremne-na-najzahtjevnije-zadace\/#article","isPartOf":{"@id":"https:\/\/radioljubuski.ba\/index.php\/2021\/05\/27\/od-dragovoljaca-do-oruzane-sile-spremne-na-najzahtjevnije-zadace\/"},"author":{"name":"Radio Ljubu\u0161ki","@id":"https:\/\/radioljubuski.ba\/#\/schema\/person\/19fc700381a780f69665d7956c469e3b"},"headline":"Od dragovoljaca do oru\u017eane sile spremne na najzahtjevnije zada\u0107e","datePublished":"2021-05-27T21:42:49+00:00","dateModified":"2021-05-27T21:42:50+00:00","mainEntityOfPage":{"@id":"https:\/\/radioljubuski.ba\/index.php\/2021\/05\/27\/od-dragovoljaca-do-oruzane-sile-spremne-na-najzahtjevnije-zadace\/"},"wordCount":559,"publisher":{"@id":"https:\/\/radioljubuski.ba\/#organization"},"image":{"@id":"https:\/\/radioljubuski.ba\/index.php\/2021\/05\/27\/od-dragovoljaca-do-oruzane-sile-spremne-na-najzahtjevnije-zadace\/#primaryimage"},"thumbnailUrl":"https:\/\/radioljubuski.ba\/wp-content\/uploads\/2021\/05\/preuzmi-43.jpg","articleSection":["BIH i regija"],"inLanguage":"hr"},{"@type":"WebPage","@id":"https:\/\/radioljubuski.ba\/index.php\/2021\/05\/27\/od-dragovoljaca-do-oruzane-sile-spremne-na-najzahtjevnije-zadace\/","url":"https:\/\/radioljubuski.ba\/index.php\/2021\/05\/27\/od-dragovoljaca-do-oruzane-sile-spremne-na-najzahtjevnije-zadace\/","name":"Od dragovoljaca do oru\u017eane sile spremne na najzahtjevnije zada\u0107e - RADIO LJUBU\u0160KI","isPartOf":{"@id":"https:\/\/radioljubuski.ba\/#website"},"primaryImageOfPage":{"@id":"https:\/\/radioljubuski.ba\/index.php\/2021\/05\/27\/od-dragovoljaca-do-oruzane-sile-spremne-na-najzahtjevnije-zadace\/#primaryimage"},"image":{"@id":"https:\/\/radioljubuski.ba\/index.php\/2021\/05\/27\/od-dragovoljaca-do-oruzane-sile-spremne-na-najzahtjevnije-zadace\/#primaryimage"},"thumbnailUrl":"https:\/\/radioljubuski.ba\/wp-content\/uploads\/2021\/05\/preuzmi-43.jpg","datePublished":"2021-05-27T21:42:49+00:00","dateModified":"2021-05-27T21:42:50+00:00","breadcrumb":{"@id":"https:\/\/radioljubuski.ba\/index.php\/2021\/05\/27\/od-dragovoljaca-do-oruzane-sile-spremne-na-najzahtjevnije-zadace\/#breadcrumb"},"inLanguage":"hr","potentialAction":[{"@type":"ReadAction","target":["https:\/\/radioljubuski.ba\/index.php\/2021\/05\/27\/od-dragovoljaca-do-oruzane-sile-spremne-na-najzahtjevnije-zadace\/"]}]},{"@type":"ImageObject","inLanguage":"hr","@id":"https:\/\/radioljubuski.ba\/index.php\/2021\/05\/27\/od-dragovoljaca-do-oruzane-sile-spremne-na-najzahtjevnije-zadace\/#primaryimage","url":"https:\/\/radioljubuski.ba\/wp-content\/uploads\/2021\/05\/preuzmi-43.jpg","contentUrl":"https:\/\/radioljubuski.ba\/wp-content\/uploads\/2021\/05\/preuzmi-43.jpg","width":275,"height":183},{"@type":"BreadcrumbList","@id":"https:\/\/radioljubuski.ba\/index.php\/2021\/05\/27\/od-dragovoljaca-do-oruzane-sile-spremne-na-najzahtjevnije-zadace\/#breadcrumb","itemListElement":[{"@type":"ListItem","position":1,"name":"Po\u010detna stranica","item":"https:\/\/radioljubuski.ba\/"},{"@type":"ListItem","position":2,"name":"Od dragovoljaca do oru\u017eane sile spremne na najzahtjevnije zada\u0107e"}]},{"@type":"WebSite","@id":"https:\/\/radioljubuski.ba\/#website","url":"https:\/\/radioljubuski.ba\/","name":"Radio Ljubu\u0161ki","description":"Sun\u010dana frekvencija Hercegovine","publisher":{"@id":"https:\/\/radioljubuski.ba\/#organization"},"potentialAction":[{"@type":"SearchAction","target":{"@type":"EntryPoint","urlTemplate":"https:\/\/radioljubuski.ba\/?s={search_term_string}"},"query-input":{"@type":"PropertyValueSpecification","valueRequired":true,"valueName":"search_term_string"}}],"inLanguage":"hr"},{"@type":"Organization","@id":"https:\/\/radioljubuski.ba\/#organization","name":"Radio Ljubu\u0161ki","url":"https:\/\/radioljubuski.ba\/","logo":{"@type":"ImageObject","inLanguage":"hr","@id":"https:\/\/radioljubuski.ba\/#\/schema\/logo\/image\/","url":"https:\/\/radioljubuski.ba\/wp-content\/uploads\/2021\/02\/cropped-Radio_Ljubuski_logo1.jpg","contentUrl":"https:\/\/radioljubuski.ba\/wp-content\/uploads\/2021\/02\/cropped-Radio_Ljubuski_logo1.jpg","width":512,"height":512,"caption":"Radio Ljubu\u0161ki"},"image":{"@id":"https:\/\/radioljubuski.ba\/#\/schema\/logo\/image\/"},"sameAs":["https:\/\/www.facebook.com\/Radiio-Ljubuski-1490835324566332","https:\/\/x.com\/radioljubuski","https:\/\/hr.linkedin.com\/company\/radio-ljubuski","https:\/\/www.youtube.com\/channel\/UCHYaeO_n0Db3tjNGudGpXyw"]},{"@type":"Person","@id":"https:\/\/radioljubuski.ba\/#\/schema\/person\/19fc700381a780f69665d7956c469e3b","name":"Radio Ljubu\u0161ki"}]}},"_links":{"self":[{"href":"https:\/\/radioljubuski.ba\/index.php\/wp-json\/wp\/v2\/posts\/25669","targetHints":{"allow":["GET"]}}],"collection":[{"href":"https:\/\/radioljubuski.ba\/index.php\/wp-json\/wp\/v2\/posts"}],"about":[{"href":"https:\/\/radioljubuski.ba\/index.php\/wp-json\/wp\/v2\/types\/post"}],"author":[{"embeddable":true,"href":"https:\/\/radioljubuski.ba\/index.php\/wp-json\/wp\/v2\/users\/2"}],"replies":[{"embeddable":true,"href":"https:\/\/radioljubuski.ba\/index.php\/wp-json\/wp\/v2\/comments?post=25669"}],"version-history":[{"count":1,"href":"https:\/\/radioljubuski.ba\/index.php\/wp-json\/wp\/v2\/posts\/25669\/revisions"}],"predecessor-version":[{"id":25671,"href":"https:\/\/radioljubuski.ba\/index.php\/wp-json\/wp\/v2\/posts\/25669\/revisions\/25671"}],"wp:featuredmedia":[{"embeddable":true,"href":"https:\/\/radioljubuski.ba\/index.php\/wp-json\/wp\/v2\/media\/25670"}],"wp:attachment":[{"href":"https:\/\/radioljubuski.ba\/index.php\/wp-json\/wp\/v2\/media?parent=25669"}],"wp:term":[{"taxonomy":"category","embeddable":true,"href":"https:\/\/radioljubuski.ba\/index.php\/wp-json\/wp\/v2\/categories?post=25669"},{"taxonomy":"post_tag","embeddable":true,"href":"https:\/\/radioljubuski.ba\/index.php\/wp-json\/wp\/v2\/tags?post=25669"}],"curies":[{"name":"wp","href":"https:\/\/api.w.org\/{rel}","templated":true}]}}