{"id":25684,"date":"2021-05-27T22:54:37","date_gmt":"2021-05-27T21:54:37","guid":{"rendered":"https:\/\/radioljubuski.ba\/?p=25684"},"modified":"2021-05-27T22:54:38","modified_gmt":"2021-05-27T21:54:38","slug":"muskarac-33-s-paga-djevojcici-12-slao-obnazene-fotografije-vec-si-ti-velika","status":"publish","type":"post","link":"https:\/\/radioljubuski.ba\/index.php\/2021\/05\/27\/muskarac-33-s-paga-djevojcici-12-slao-obnazene-fotografije-vec-si-ti-velika\/","title":{"rendered":"Mu\u0161karac (33) s Paga djevoj\u010dici (12) slao obna\u017eene fotografije: \u201eVe\u0107 si ti velika\u201c"},"content":{"rendered":"\n<p><strong>Mu\u0161karac M.K. (33) s otoka Paga djevoj\u010dici (12) je slao obna\u017eene fotografije (fotografiju svog spolnog organa), fotografiju sebe u boksericama, ispitivao ju je li sama i smije li je \u201cpitati ne\u0161to intimno\u201d. Iako mu je djevoj\u010dica odgovorila kako ima 12 godina, da je jo\u0161 dijete te da ne zna za\u0161to \u017eeli da joj se pokazuje, on bi joj odgovarao \u201cve\u0107 si ti velika\u201d, \u201cnisi dijete\u201d, nazivao ju \u201clipotom\u201d, pi\u0161e<a href=\"https:\/\/www.icv.hr\/2021\/05\/pao-u-zamku-lovaca-na-pedofile-muskarac-33-s-paga-djevojcici-12-slao-obnazene-fotografije-vec-si-ti-velika\/\">&nbsp;Informativni centar Virovitica (ICV)<\/a>.<\/strong><\/p>\n\n\n\n<p>Ispitivao ju je \u0161to ima na sebi, je li obu\u010dena, ho\u0107e li kome re\u0107i o \u010demu se dopisuju. Bio je uporan i nije odustajao \u010dak ni kada mu je napisala da ju ni\u0161ta ne zanima niti da joj i\u0161ta zna\u010di to \u0161to joj on \u0161alje.<\/p>\n\n\n\n<p>Sre\u0107om, bila je rije\u010d o \u2018la\u017enoj\u2019 djevoj\u010dici \u2013 diverziji iza koje stoji organizacija Stop pedofiliji, grupa lovaca na pedofile sa sjedi\u0161tem u Srbiji, koja je, predstavljaju\u0107i se kao djevoj\u010dica, uspjela nagovoriti mu\u0161karca da se za dokaz da nije netko drugi fotografira s prstom na usnama.<\/p>\n\n\n\n<p>Pokazalo se kako je rije\u010d o 33-godi\u0161njaku s Paga.<\/p>\n\n\n\n<p>Prema zasad neslu\u017ebenim informacijama, rije\u010d je o zaposleniku zadarskog Zavoda za hitnu medicinu. Mu\u0161karac je uhi\u0107en, a uz PU zadarsku, u procesuiranju cijelog slu\u010daja pomogla je i PU viroviti\u010dko-podravska.<\/p>\n\n\n\n<p>Organizacija Stop pedofiliji koja je na dru\u0161tvenim mre\u017eama objavila prepisku s mu\u0161karcem zahvalila je PU zadarskoj i PU viroviti\u010dko-podravskoj na podr\u0161ci.<\/p>\n\n\n\n<p>\u2013 Po procjeni, a nakon kratke prepiske s predatorom, shvatili smo da se radi o osobi koja je lako mogu\u0107e pisala i drugoj djeci. Jednostavno nije taktizirao, bio je jasan i njegove su namjere bile jasne, rekli su iz Organizacije za ICV.<\/p>\n\n\n\n<p>Slu\u010daj su odmah prijavili hrvatskoj policiji koja je odmah reagirala.<\/p>\n\n\n\n<p>Iz PU viroviti\u010dko-podravske isti\u010du kako su svjesni ra\u0161irenosti problema zlostavljanja i pedofilije na internetu, upravo zahvaljuju\u0107i dru\u0161tvenim mre\u017eama koje koriste sve mla\u0111a djeca. Roditelji \u010desto nisu ni svjesni tko stoji iza profila s kojima se njihovo dijete dopisuje.<\/p>\n\n\n\n<p>\u2013 Pozdravljamo rad Organizacije Stop pedofiliji koja predano radi na otkrivanju predatora i s kojima smo ostvarili jako dobru suradnju. Problem pedofilije i zlostavljanja na dru\u0161tvenim mre\u017eama i internetu op\u0107enito je zajedni\u010dki problem kojeg zajedno moramo i rje\u0161avati. Pozivamo jo\u0161 jednom roditelje da obrate pozornost na to s kim se dopisuju njihova djeca i \u0161to ti \u2018prijatelji\u2019 na dru\u0161tvenim mre\u017eama \u017eele od njih. Neka svaki ovakav slu\u010daj odmah prijave, pozivaju iz PU viroviti\u010dko-podravske.<\/p>\n\n\n\n<p>Upravo razotkrivanje i procesuiranje pedofila i zlostavlja\u010da putem interneta glavna je misija Organizacije Stop pedofiliji, koju \u010dine predani mu\u0161karci i \u017eene. Lovu na predatore posve\u0107eni su 24 sata dnevno.<\/p>\n\n\n\n<p>Uz ovakve sadr\u017eaje (otvorene ponude u porukama, nerijetko vulgarizme, fotografije i snimke eksplicitnih dijelova tijela), koji su ve\u0107 sami po sebi gnjusni, njihov rad uklju\u010duje i puno gore i te\u017ee, ponekad nezamislive stvari (npr. snimke silovanja djece) koje moraju pregledati, analizirati. Takve sadr\u017eaje odmah prijavljuju policiji i drugim slu\u017ebenim institucijama kako bi se \u0161to prije otkrio i procesuirao zlostavlja\u010d.<\/p>\n\n\n\n<p>Cilj njihove misije je spasiti svako dijete od predatora, poru\u010duju iz Organizacije, bez obzira na cijenu. A ona je visoka. Nerijetko im prijete, a prizori koje gledaju nikoga ne mogu ostaviti ravnodu\u0161nim, bez obzira na iskustvo.<\/p>\n\n\n\n<p>\u2013 Ono \u0161to sam vidio svojim o\u010dima ne bih po\u017eelio ni najgorem neprijatelju. Neke scene proganjaju te danima, jednostavno ih ne mo\u017ee\u0161 izbaciti iz glave. Ali zato borba traje i nema odustajanja, ka\u017ee za ICV jedan od \u010dlanova Organizacije.<\/p>\n\n\n\n<p>Njihov rad jedan je od najboljih pokazatelja ne samo koliko je ra\u0161iren ovaj problem, ve\u0107 i kako je va\u017eno mijenjati postoje\u0107e zakone, a po uzoru na zapad. I dok na samo jednog predatora mogu \u201epotro\u0161iti\u201c mjesece \u2013 na dopisivanje i primanje stra\u0161nih sadr\u017eaja, kada ga sa svim dokazima prijave, sustav \u010desto blago kazni po\u010dinitelja ako je jedina \u017ertva \u2013 virtualna. Iako je izrazio jasne namjere npr. da \u017eeli spavati s djetetom od 12 godina, da djetetu prijeti ili od njega zahtijeva odre\u0111ene stvari, zaradit \u0107e naj\u010de\u0161\u0107e tek bla\u017eu kaznu, ako nije rije\u010d o \u201estvarnoj\u201c \u017ertvi.<\/p>\n\n\n\n<p>Stoga nagradu za svaki slu\u010daj Organizacija vidi u preventivi \u2013 nakon svake objave prepiske s predatorom, njegova sredina, ali i \u0161ira internetska zajednica zna o kojoj je osobi rije\u010d i koje su njegove namjere. Tim putem mnogi \u0107e ga \u201edr\u017eati na oku\u201c, a djeca imati mirniji san.<\/p>\n\n\n\n<p>Va\u017eno je ovdje spomenuti kako uz Srbiju, gdje im je sjedi\u0161te, ovi lovci na pedofile djeluju na podru\u010dju cijele na\u0161e regije, pa tako i u Hrvatskoj. Predstavljaju anonimne, ali vrlo budne \u010duvare djetinjstva u nekoliko zemalja.<\/p>\n\n\n\n<p>\/HMS\/<\/p>\n","protected":false},"excerpt":{"rendered":"<p>Mu\u0161karac M.K. (33) s otoka Paga djevoj\u010dici (12) je slao obna\u017eene fotografije (fotografiju svog spolnog organa), fotografiju sebe u boksericama, ispitivao ju je li sama i smije li je \u201cpitati ne\u0161to intimno\u201d. Iako mu je djevoj\u010dica odgovorila kako ima 12 godina, da je jo\u0161 dijete te da ne zna za\u0161to \u017eeli da joj se pokazuje, [&hellip;]<\/p>\n","protected":false},"author":2,"featured_media":25685,"comment_status":"closed","ping_status":"closed","sticky":false,"template":"","format":"standard","meta":{"h5ap_radio_sources":[],"footnotes":""},"categories":[1],"tags":[],"class_list":["post-25684","post","type-post","status-publish","format-standard","has-post-thumbnail","hentry","category-bihiregija"],"yoast_head":"<!-- This site is optimized with the Yoast SEO plugin v27.5 - https:\/\/yoast.com\/product\/yoast-seo-wordpress\/ -->\n<title>Mu\u0161karac (33) s Paga djevoj\u010dici (12) slao obna\u017eene fotografije: \u201eVe\u0107 si ti velika\u201c - RADIO LJUBU\u0160KI<\/title>\n<meta name=\"robots\" content=\"index, follow, max-snippet:-1, max-image-preview:large, max-video-preview:-1\" \/>\n<link rel=\"canonical\" href=\"https:\/\/radioljubuski.ba\/index.php\/2021\/05\/27\/muskarac-33-s-paga-djevojcici-12-slao-obnazene-fotografije-vec-si-ti-velika\/\" \/>\n<meta property=\"og:locale\" content=\"hr_HR\" \/>\n<meta property=\"og:type\" content=\"article\" \/>\n<meta property=\"og:title\" content=\"Mu\u0161karac (33) s Paga djevoj\u010dici (12) slao obna\u017eene fotografije: \u201eVe\u0107 si ti velika\u201c - RADIO LJUBU\u0160KI\" \/>\n<meta property=\"og:description\" content=\"Mu\u0161karac M.K. (33) s otoka Paga djevoj\u010dici (12) je slao obna\u017eene fotografije (fotografiju svog spolnog organa), fotografiju sebe u boksericama, ispitivao ju je li sama i smije li je \u201cpitati ne\u0161to intimno\u201d. Iako mu je djevoj\u010dica odgovorila kako ima 12 godina, da je jo\u0161 dijete te da ne zna za\u0161to \u017eeli da joj se pokazuje, [&hellip;]\" \/>\n<meta property=\"og:url\" content=\"https:\/\/radioljubuski.ba\/index.php\/2021\/05\/27\/muskarac-33-s-paga-djevojcici-12-slao-obnazene-fotografije-vec-si-ti-velika\/\" \/>\n<meta property=\"og:site_name\" content=\"RADIO LJUBU\u0160KI\" \/>\n<meta property=\"article:publisher\" content=\"https:\/\/www.facebook.com\/Radiio-Ljubuski-1490835324566332\" \/>\n<meta property=\"article:published_time\" content=\"2021-05-27T21:54:37+00:00\" \/>\n<meta property=\"article:modified_time\" content=\"2021-05-27T21:54:38+00:00\" \/>\n<meta property=\"og:image\" content=\"https:\/\/radioljubuski.ba\/wp-content\/uploads\/2021\/05\/f_11197973_1024.jpg\" \/>\n\t<meta property=\"og:image:width\" content=\"840\" \/>\n\t<meta property=\"og:image:height\" content=\"470\" \/>\n\t<meta property=\"og:image:type\" content=\"image\/jpeg\" \/>\n<meta name=\"author\" content=\"Radio Ljubu\u0161ki\" \/>\n<meta name=\"twitter:card\" content=\"summary_large_image\" \/>\n<meta name=\"twitter:creator\" content=\"@radioljubuski\" \/>\n<meta name=\"twitter:site\" content=\"@radioljubuski\" \/>\n<meta name=\"twitter:label1\" content=\"Napisao\/la\" \/>\n\t<meta name=\"twitter:data1\" content=\"Radio Ljubu\u0161ki\" \/>\n\t<meta name=\"twitter:label2\" content=\"Procijenjeno vrijeme \u010ditanja\" \/>\n\t<meta name=\"twitter:data2\" content=\"4 minute\" \/>\n<script type=\"application\/ld+json\" class=\"yoast-schema-graph\">{\"@context\":\"https:\\\/\\\/schema.org\",\"@graph\":[{\"@type\":\"Article\",\"@id\":\"https:\\\/\\\/radioljubuski.ba\\\/index.php\\\/2021\\\/05\\\/27\\\/muskarac-33-s-paga-djevojcici-12-slao-obnazene-fotografije-vec-si-ti-velika\\\/#article\",\"isPartOf\":{\"@id\":\"https:\\\/\\\/radioljubuski.ba\\\/index.php\\\/2021\\\/05\\\/27\\\/muskarac-33-s-paga-djevojcici-12-slao-obnazene-fotografije-vec-si-ti-velika\\\/\"},\"author\":{\"name\":\"Radio Ljubu\u0161ki\",\"@id\":\"https:\\\/\\\/radioljubuski.ba\\\/#\\\/schema\\\/person\\\/19fc700381a780f69665d7956c469e3b\"},\"headline\":\"Mu\u0161karac (33) s Paga djevoj\u010dici (12) slao obna\u017eene fotografije: \u201eVe\u0107 si ti velika\u201c\",\"datePublished\":\"2021-05-27T21:54:37+00:00\",\"dateModified\":\"2021-05-27T21:54:38+00:00\",\"mainEntityOfPage\":{\"@id\":\"https:\\\/\\\/radioljubuski.ba\\\/index.php\\\/2021\\\/05\\\/27\\\/muskarac-33-s-paga-djevojcici-12-slao-obnazene-fotografije-vec-si-ti-velika\\\/\"},\"wordCount\":811,\"publisher\":{\"@id\":\"https:\\\/\\\/radioljubuski.ba\\\/#organization\"},\"image\":{\"@id\":\"https:\\\/\\\/radioljubuski.ba\\\/index.php\\\/2021\\\/05\\\/27\\\/muskarac-33-s-paga-djevojcici-12-slao-obnazene-fotografije-vec-si-ti-velika\\\/#primaryimage\"},\"thumbnailUrl\":\"https:\\\/\\\/radioljubuski.ba\\\/wp-content\\\/uploads\\\/2021\\\/05\\\/f_11197973_1024.jpg\",\"articleSection\":[\"BIH i regija\"],\"inLanguage\":\"hr\"},{\"@type\":\"WebPage\",\"@id\":\"https:\\\/\\\/radioljubuski.ba\\\/index.php\\\/2021\\\/05\\\/27\\\/muskarac-33-s-paga-djevojcici-12-slao-obnazene-fotografije-vec-si-ti-velika\\\/\",\"url\":\"https:\\\/\\\/radioljubuski.ba\\\/index.php\\\/2021\\\/05\\\/27\\\/muskarac-33-s-paga-djevojcici-12-slao-obnazene-fotografije-vec-si-ti-velika\\\/\",\"name\":\"Mu\u0161karac (33) s Paga djevoj\u010dici (12) slao obna\u017eene fotografije: \u201eVe\u0107 si ti velika\u201c - RADIO LJUBU\u0160KI\",\"isPartOf\":{\"@id\":\"https:\\\/\\\/radioljubuski.ba\\\/#website\"},\"primaryImageOfPage\":{\"@id\":\"https:\\\/\\\/radioljubuski.ba\\\/index.php\\\/2021\\\/05\\\/27\\\/muskarac-33-s-paga-djevojcici-12-slao-obnazene-fotografije-vec-si-ti-velika\\\/#primaryimage\"},\"image\":{\"@id\":\"https:\\\/\\\/radioljubuski.ba\\\/index.php\\\/2021\\\/05\\\/27\\\/muskarac-33-s-paga-djevojcici-12-slao-obnazene-fotografije-vec-si-ti-velika\\\/#primaryimage\"},\"thumbnailUrl\":\"https:\\\/\\\/radioljubuski.ba\\\/wp-content\\\/uploads\\\/2021\\\/05\\\/f_11197973_1024.jpg\",\"datePublished\":\"2021-05-27T21:54:37+00:00\",\"dateModified\":\"2021-05-27T21:54:38+00:00\",\"breadcrumb\":{\"@id\":\"https:\\\/\\\/radioljubuski.ba\\\/index.php\\\/2021\\\/05\\\/27\\\/muskarac-33-s-paga-djevojcici-12-slao-obnazene-fotografije-vec-si-ti-velika\\\/#breadcrumb\"},\"inLanguage\":\"hr\",\"potentialAction\":[{\"@type\":\"ReadAction\",\"target\":[\"https:\\\/\\\/radioljubuski.ba\\\/index.php\\\/2021\\\/05\\\/27\\\/muskarac-33-s-paga-djevojcici-12-slao-obnazene-fotografije-vec-si-ti-velika\\\/\"]}]},{\"@type\":\"ImageObject\",\"inLanguage\":\"hr\",\"@id\":\"https:\\\/\\\/radioljubuski.ba\\\/index.php\\\/2021\\\/05\\\/27\\\/muskarac-33-s-paga-djevojcici-12-slao-obnazene-fotografije-vec-si-ti-velika\\\/#primaryimage\",\"url\":\"https:\\\/\\\/radioljubuski.ba\\\/wp-content\\\/uploads\\\/2021\\\/05\\\/f_11197973_1024.jpg\",\"contentUrl\":\"https:\\\/\\\/radioljubuski.ba\\\/wp-content\\\/uploads\\\/2021\\\/05\\\/f_11197973_1024.jpg\",\"width\":840,\"height\":470},{\"@type\":\"BreadcrumbList\",\"@id\":\"https:\\\/\\\/radioljubuski.ba\\\/index.php\\\/2021\\\/05\\\/27\\\/muskarac-33-s-paga-djevojcici-12-slao-obnazene-fotografije-vec-si-ti-velika\\\/#breadcrumb\",\"itemListElement\":[{\"@type\":\"ListItem\",\"position\":1,\"name\":\"Po\u010detna stranica\",\"item\":\"https:\\\/\\\/radioljubuski.ba\\\/\"},{\"@type\":\"ListItem\",\"position\":2,\"name\":\"Mu\u0161karac (33) s Paga djevoj\u010dici (12) slao obna\u017eene fotografije: \u201eVe\u0107 si ti velika\u201c\"}]},{\"@type\":\"WebSite\",\"@id\":\"https:\\\/\\\/radioljubuski.ba\\\/#website\",\"url\":\"https:\\\/\\\/radioljubuski.ba\\\/\",\"name\":\"Radio Ljubu\u0161ki\",\"description\":\"Sun\u010dana frekvencija Hercegovine\",\"publisher\":{\"@id\":\"https:\\\/\\\/radioljubuski.ba\\\/#organization\"},\"potentialAction\":[{\"@type\":\"SearchAction\",\"target\":{\"@type\":\"EntryPoint\",\"urlTemplate\":\"https:\\\/\\\/radioljubuski.ba\\\/?s={search_term_string}\"},\"query-input\":{\"@type\":\"PropertyValueSpecification\",\"valueRequired\":true,\"valueName\":\"search_term_string\"}}],\"inLanguage\":\"hr\"},{\"@type\":\"Organization\",\"@id\":\"https:\\\/\\\/radioljubuski.ba\\\/#organization\",\"name\":\"Radio Ljubu\u0161ki\",\"url\":\"https:\\\/\\\/radioljubuski.ba\\\/\",\"logo\":{\"@type\":\"ImageObject\",\"inLanguage\":\"hr\",\"@id\":\"https:\\\/\\\/radioljubuski.ba\\\/#\\\/schema\\\/logo\\\/image\\\/\",\"url\":\"https:\\\/\\\/radioljubuski.ba\\\/wp-content\\\/uploads\\\/2021\\\/02\\\/cropped-Radio_Ljubuski_logo1.jpg\",\"contentUrl\":\"https:\\\/\\\/radioljubuski.ba\\\/wp-content\\\/uploads\\\/2021\\\/02\\\/cropped-Radio_Ljubuski_logo1.jpg\",\"width\":512,\"height\":512,\"caption\":\"Radio Ljubu\u0161ki\"},\"image\":{\"@id\":\"https:\\\/\\\/radioljubuski.ba\\\/#\\\/schema\\\/logo\\\/image\\\/\"},\"sameAs\":[\"https:\\\/\\\/www.facebook.com\\\/Radiio-Ljubuski-1490835324566332\",\"https:\\\/\\\/x.com\\\/radioljubuski\",\"https:\\\/\\\/hr.linkedin.com\\\/company\\\/radio-ljubuski\",\"https:\\\/\\\/www.youtube.com\\\/channel\\\/UCHYaeO_n0Db3tjNGudGpXyw\"]},{\"@type\":\"Person\",\"@id\":\"https:\\\/\\\/radioljubuski.ba\\\/#\\\/schema\\\/person\\\/19fc700381a780f69665d7956c469e3b\",\"name\":\"Radio Ljubu\u0161ki\"}]}<\/script>\n<!-- \/ Yoast SEO plugin. -->","yoast_head_json":{"title":"Mu\u0161karac (33) s Paga djevoj\u010dici (12) slao obna\u017eene fotografije: \u201eVe\u0107 si ti velika\u201c - RADIO LJUBU\u0160KI","robots":{"index":"index","follow":"follow","max-snippet":"max-snippet:-1","max-image-preview":"max-image-preview:large","max-video-preview":"max-video-preview:-1"},"canonical":"https:\/\/radioljubuski.ba\/index.php\/2021\/05\/27\/muskarac-33-s-paga-djevojcici-12-slao-obnazene-fotografije-vec-si-ti-velika\/","og_locale":"hr_HR","og_type":"article","og_title":"Mu\u0161karac (33) s Paga djevoj\u010dici (12) slao obna\u017eene fotografije: \u201eVe\u0107 si ti velika\u201c - RADIO LJUBU\u0160KI","og_description":"Mu\u0161karac M.K. (33) s otoka Paga djevoj\u010dici (12) je slao obna\u017eene fotografije (fotografiju svog spolnog organa), fotografiju sebe u boksericama, ispitivao ju je li sama i smije li je \u201cpitati ne\u0161to intimno\u201d. Iako mu je djevoj\u010dica odgovorila kako ima 12 godina, da je jo\u0161 dijete te da ne zna za\u0161to \u017eeli da joj se pokazuje, [&hellip;]","og_url":"https:\/\/radioljubuski.ba\/index.php\/2021\/05\/27\/muskarac-33-s-paga-djevojcici-12-slao-obnazene-fotografije-vec-si-ti-velika\/","og_site_name":"RADIO LJUBU\u0160KI","article_publisher":"https:\/\/www.facebook.com\/Radiio-Ljubuski-1490835324566332","article_published_time":"2021-05-27T21:54:37+00:00","article_modified_time":"2021-05-27T21:54:38+00:00","og_image":[{"width":840,"height":470,"url":"https:\/\/radioljubuski.ba\/wp-content\/uploads\/2021\/05\/f_11197973_1024.jpg","type":"image\/jpeg"}],"author":"Radio Ljubu\u0161ki","twitter_card":"summary_large_image","twitter_creator":"@radioljubuski","twitter_site":"@radioljubuski","twitter_misc":{"Napisao\/la":"Radio Ljubu\u0161ki","Procijenjeno vrijeme \u010ditanja":"4 minute"},"schema":{"@context":"https:\/\/schema.org","@graph":[{"@type":"Article","@id":"https:\/\/radioljubuski.ba\/index.php\/2021\/05\/27\/muskarac-33-s-paga-djevojcici-12-slao-obnazene-fotografije-vec-si-ti-velika\/#article","isPartOf":{"@id":"https:\/\/radioljubuski.ba\/index.php\/2021\/05\/27\/muskarac-33-s-paga-djevojcici-12-slao-obnazene-fotografije-vec-si-ti-velika\/"},"author":{"name":"Radio Ljubu\u0161ki","@id":"https:\/\/radioljubuski.ba\/#\/schema\/person\/19fc700381a780f69665d7956c469e3b"},"headline":"Mu\u0161karac (33) s Paga djevoj\u010dici (12) slao obna\u017eene fotografije: \u201eVe\u0107 si ti velika\u201c","datePublished":"2021-05-27T21:54:37+00:00","dateModified":"2021-05-27T21:54:38+00:00","mainEntityOfPage":{"@id":"https:\/\/radioljubuski.ba\/index.php\/2021\/05\/27\/muskarac-33-s-paga-djevojcici-12-slao-obnazene-fotografije-vec-si-ti-velika\/"},"wordCount":811,"publisher":{"@id":"https:\/\/radioljubuski.ba\/#organization"},"image":{"@id":"https:\/\/radioljubuski.ba\/index.php\/2021\/05\/27\/muskarac-33-s-paga-djevojcici-12-slao-obnazene-fotografije-vec-si-ti-velika\/#primaryimage"},"thumbnailUrl":"https:\/\/radioljubuski.ba\/wp-content\/uploads\/2021\/05\/f_11197973_1024.jpg","articleSection":["BIH i regija"],"inLanguage":"hr"},{"@type":"WebPage","@id":"https:\/\/radioljubuski.ba\/index.php\/2021\/05\/27\/muskarac-33-s-paga-djevojcici-12-slao-obnazene-fotografije-vec-si-ti-velika\/","url":"https:\/\/radioljubuski.ba\/index.php\/2021\/05\/27\/muskarac-33-s-paga-djevojcici-12-slao-obnazene-fotografije-vec-si-ti-velika\/","name":"Mu\u0161karac (33) s Paga djevoj\u010dici (12) slao obna\u017eene fotografije: \u201eVe\u0107 si ti velika\u201c - RADIO LJUBU\u0160KI","isPartOf":{"@id":"https:\/\/radioljubuski.ba\/#website"},"primaryImageOfPage":{"@id":"https:\/\/radioljubuski.ba\/index.php\/2021\/05\/27\/muskarac-33-s-paga-djevojcici-12-slao-obnazene-fotografije-vec-si-ti-velika\/#primaryimage"},"image":{"@id":"https:\/\/radioljubuski.ba\/index.php\/2021\/05\/27\/muskarac-33-s-paga-djevojcici-12-slao-obnazene-fotografije-vec-si-ti-velika\/#primaryimage"},"thumbnailUrl":"https:\/\/radioljubuski.ba\/wp-content\/uploads\/2021\/05\/f_11197973_1024.jpg","datePublished":"2021-05-27T21:54:37+00:00","dateModified":"2021-05-27T21:54:38+00:00","breadcrumb":{"@id":"https:\/\/radioljubuski.ba\/index.php\/2021\/05\/27\/muskarac-33-s-paga-djevojcici-12-slao-obnazene-fotografije-vec-si-ti-velika\/#breadcrumb"},"inLanguage":"hr","potentialAction":[{"@type":"ReadAction","target":["https:\/\/radioljubuski.ba\/index.php\/2021\/05\/27\/muskarac-33-s-paga-djevojcici-12-slao-obnazene-fotografije-vec-si-ti-velika\/"]}]},{"@type":"ImageObject","inLanguage":"hr","@id":"https:\/\/radioljubuski.ba\/index.php\/2021\/05\/27\/muskarac-33-s-paga-djevojcici-12-slao-obnazene-fotografije-vec-si-ti-velika\/#primaryimage","url":"https:\/\/radioljubuski.ba\/wp-content\/uploads\/2021\/05\/f_11197973_1024.jpg","contentUrl":"https:\/\/radioljubuski.ba\/wp-content\/uploads\/2021\/05\/f_11197973_1024.jpg","width":840,"height":470},{"@type":"BreadcrumbList","@id":"https:\/\/radioljubuski.ba\/index.php\/2021\/05\/27\/muskarac-33-s-paga-djevojcici-12-slao-obnazene-fotografije-vec-si-ti-velika\/#breadcrumb","itemListElement":[{"@type":"ListItem","position":1,"name":"Po\u010detna stranica","item":"https:\/\/radioljubuski.ba\/"},{"@type":"ListItem","position":2,"name":"Mu\u0161karac (33) s Paga djevoj\u010dici (12) slao obna\u017eene fotografije: \u201eVe\u0107 si ti velika\u201c"}]},{"@type":"WebSite","@id":"https:\/\/radioljubuski.ba\/#website","url":"https:\/\/radioljubuski.ba\/","name":"Radio Ljubu\u0161ki","description":"Sun\u010dana frekvencija Hercegovine","publisher":{"@id":"https:\/\/radioljubuski.ba\/#organization"},"potentialAction":[{"@type":"SearchAction","target":{"@type":"EntryPoint","urlTemplate":"https:\/\/radioljubuski.ba\/?s={search_term_string}"},"query-input":{"@type":"PropertyValueSpecification","valueRequired":true,"valueName":"search_term_string"}}],"inLanguage":"hr"},{"@type":"Organization","@id":"https:\/\/radioljubuski.ba\/#organization","name":"Radio Ljubu\u0161ki","url":"https:\/\/radioljubuski.ba\/","logo":{"@type":"ImageObject","inLanguage":"hr","@id":"https:\/\/radioljubuski.ba\/#\/schema\/logo\/image\/","url":"https:\/\/radioljubuski.ba\/wp-content\/uploads\/2021\/02\/cropped-Radio_Ljubuski_logo1.jpg","contentUrl":"https:\/\/radioljubuski.ba\/wp-content\/uploads\/2021\/02\/cropped-Radio_Ljubuski_logo1.jpg","width":512,"height":512,"caption":"Radio Ljubu\u0161ki"},"image":{"@id":"https:\/\/radioljubuski.ba\/#\/schema\/logo\/image\/"},"sameAs":["https:\/\/www.facebook.com\/Radiio-Ljubuski-1490835324566332","https:\/\/x.com\/radioljubuski","https:\/\/hr.linkedin.com\/company\/radio-ljubuski","https:\/\/www.youtube.com\/channel\/UCHYaeO_n0Db3tjNGudGpXyw"]},{"@type":"Person","@id":"https:\/\/radioljubuski.ba\/#\/schema\/person\/19fc700381a780f69665d7956c469e3b","name":"Radio Ljubu\u0161ki"}]}},"_links":{"self":[{"href":"https:\/\/radioljubuski.ba\/index.php\/wp-json\/wp\/v2\/posts\/25684","targetHints":{"allow":["GET"]}}],"collection":[{"href":"https:\/\/radioljubuski.ba\/index.php\/wp-json\/wp\/v2\/posts"}],"about":[{"href":"https:\/\/radioljubuski.ba\/index.php\/wp-json\/wp\/v2\/types\/post"}],"author":[{"embeddable":true,"href":"https:\/\/radioljubuski.ba\/index.php\/wp-json\/wp\/v2\/users\/2"}],"replies":[{"embeddable":true,"href":"https:\/\/radioljubuski.ba\/index.php\/wp-json\/wp\/v2\/comments?post=25684"}],"version-history":[{"count":1,"href":"https:\/\/radioljubuski.ba\/index.php\/wp-json\/wp\/v2\/posts\/25684\/revisions"}],"predecessor-version":[{"id":25686,"href":"https:\/\/radioljubuski.ba\/index.php\/wp-json\/wp\/v2\/posts\/25684\/revisions\/25686"}],"wp:featuredmedia":[{"embeddable":true,"href":"https:\/\/radioljubuski.ba\/index.php\/wp-json\/wp\/v2\/media\/25685"}],"wp:attachment":[{"href":"https:\/\/radioljubuski.ba\/index.php\/wp-json\/wp\/v2\/media?parent=25684"}],"wp:term":[{"taxonomy":"category","embeddable":true,"href":"https:\/\/radioljubuski.ba\/index.php\/wp-json\/wp\/v2\/categories?post=25684"},{"taxonomy":"post_tag","embeddable":true,"href":"https:\/\/radioljubuski.ba\/index.php\/wp-json\/wp\/v2\/tags?post=25684"}],"curies":[{"name":"wp","href":"https:\/\/api.w.org\/{rel}","templated":true}]}}