{"id":25732,"date":"2021-05-28T00:37:52","date_gmt":"2021-05-27T23:37:52","guid":{"rendered":"https:\/\/radioljubuski.ba\/?p=25732"},"modified":"2021-05-28T00:37:53","modified_gmt":"2021-05-27T23:37:53","slug":"dobre-vijesti-za-mlade-nogometase-usvojena-nova-pravila-oko-zasticenog-godista","status":"publish","type":"post","link":"https:\/\/radioljubuski.ba\/index.php\/2021\/05\/28\/dobre-vijesti-za-mlade-nogometase-usvojena-nova-pravila-oko-zasticenog-godista\/","title":{"rendered":"Dobre vijesti za mlade nogometa\u0161e: Usvojena nova pravila oko &#8216;za\u0161ti\u0107enog godi\u0161ta&#8217;"},"content":{"rendered":"\n<p>Na dana\u0161njoj sjednici Izvr\u0161nog odbora Nogometnog saveza Bosne i Hercegovine usvojene su Propozicije natjecanja za narednu sezonu Premijer lige BiH.<\/p>\n\n\n\n<p>Kao \u0161to se neko vrijeme ve\u0107 i \u0161u\u0161kalo, dogodile su se odre\u0111ene promjene po pitanju pravila za\u0161ti\u0107enog godi\u0161ta, odnosno umjesto \u010detiri u zapisniku, od naredne sezone klubovi \u0107e u po\u010detnih 11 morati imati dvojicu igra\u010da ispod 21 godine. Ono \u0161to treba svakako istaknuti je da \u0107e jedan od dva mlada igra\u010da morati da bude konstantno u igri i na ovaj na\u010din je NSBiH otvorio vrata dodatnom razvoju mladih nogometa\u0161a u bh. klubovima.<\/p>\n\n\n\n<p>U ovoj sezoni koja \u0107e se zavr\u0161iti u nedjelju va\u017eilo je pravilo da u zapisniku svaka ekipa mora imati najmanje \u010detvoricu igra\u010da &#8220;za\u0161ti\u0107enog godi\u0161ta&#8221;, ali ve\u0107 od naredne sezone to pravilo \u0107e biti promijenjeno. Svakako da \u0107e usvajanje ovog prijedloga biti od velike koristi za razvoj mladih igra\u010da, a u bliskoj budu\u0107nosti bi od istog koristi mogle imati i reprezentativne selekcije. U narednim godinama svakako treba o\u010dekivati dodatne promjene pravila i jo\u0161 vi\u0161e prostora za mlade nogometa\u0161e. Ovo bi trebao samo biti po\u010detak promjena unutar bh. nogometa u kojem bi mladi igra\u010di trebali imati mnogo vi\u0161e prostora za igru i kojim se, ruku na srce, klubovi primarno i trebaju okrenuti.<\/p>\n\n\n\n<p>Nije bio \u010dest slu\u010daj u pro\u0161losti da ekipe u Bosni i Hercegovini forsiraju mlade nogometa\u0161e. Ipak, novo pravilo \u0107e promijeniti odre\u0111ene stvari i sasvim sigurno je ovo \u0161to se danas izglasalo u NSBiH jako dobra prilika za igra\u010de ispod 21 godine.<\/p>\n\n\n\n<p>Aktualna sezona u Bosni i Hercegovini kao \u0161to smo rekli zavr\u0161ava u nedjelju, a trofeji su ve\u0107 podijeljeni, titulom prvaka se okitio Borac, a osvaja\u010d Kupa je Sarajevo. Ono \u0161to \u0107e u narednoj sezoni biti zanimljivo, osim ishoda natjecanja, bit \u0107e i vidjeti da li \u0107e se netko od mladih nogometa\u0161a isprofilirati i uspjeti se probiti na neku vi\u0161u razini. Konkretno, H\u0160K Zrinjski u svojim redovima ima nekoliko sjajnih mladih nogometa\u0161a, a 19-godi\u0161nji Ivan Ba\u0161i\u0107 pravi je dragulj i sigurno je da \u0107e uz ovo pravilo ovaj mladi\u0107 u narednoj sezoni dobiti punu minuta\u017eu.<br>&#8230;<\/p>\n\n\n\n<p>Izvor:pogled.ba<\/p>\n","protected":false},"excerpt":{"rendered":"<p>Na dana\u0161njoj sjednici Izvr\u0161nog odbora Nogometnog saveza Bosne i Hercegovine usvojene su Propozicije natjecanja za narednu sezonu Premijer lige BiH. Kao \u0161to se neko vrijeme ve\u0107 i \u0161u\u0161kalo, dogodile su se odre\u0111ene promjene po pitanju pravila za\u0161ti\u0107enog godi\u0161ta, odnosno umjesto \u010detiri u zapisniku, od naredne sezone klubovi \u0107e u po\u010detnih 11 morati imati dvojicu igra\u010da [&hellip;]<\/p>\n","protected":false},"author":2,"featured_media":25733,"comment_status":"closed","ping_status":"closed","sticky":false,"template":"","format":"standard","meta":{"h5ap_radio_sources":[],"footnotes":""},"categories":[1],"tags":[],"class_list":["post-25732","post","type-post","status-publish","format-standard","has-post-thumbnail","hentry","category-bihiregija"],"yoast_head":"<!-- This site is optimized with the Yoast SEO plugin v27.4 - https:\/\/yoast.com\/product\/yoast-seo-wordpress\/ -->\n<title>Dobre vijesti za mlade nogometa\u0161e: Usvojena nova pravila oko &#039;za\u0161ti\u0107enog godi\u0161ta&#039; - RADIO LJUBU\u0160KI<\/title>\n<meta name=\"robots\" content=\"index, follow, max-snippet:-1, max-image-preview:large, max-video-preview:-1\" \/>\n<link rel=\"canonical\" href=\"https:\/\/radioljubuski.ba\/index.php\/2021\/05\/28\/dobre-vijesti-za-mlade-nogometase-usvojena-nova-pravila-oko-zasticenog-godista\/\" \/>\n<meta property=\"og:locale\" content=\"hr_HR\" \/>\n<meta property=\"og:type\" content=\"article\" \/>\n<meta property=\"og:title\" content=\"Dobre vijesti za mlade nogometa\u0161e: Usvojena nova pravila oko &#039;za\u0161ti\u0107enog godi\u0161ta&#039; - RADIO LJUBU\u0160KI\" \/>\n<meta property=\"og:description\" content=\"Na dana\u0161njoj sjednici Izvr\u0161nog odbora Nogometnog saveza Bosne i Hercegovine usvojene su Propozicije natjecanja za narednu sezonu Premijer lige BiH. Kao \u0161to se neko vrijeme ve\u0107 i \u0161u\u0161kalo, dogodile su se odre\u0111ene promjene po pitanju pravila za\u0161ti\u0107enog godi\u0161ta, odnosno umjesto \u010detiri u zapisniku, od naredne sezone klubovi \u0107e u po\u010detnih 11 morati imati dvojicu igra\u010da [&hellip;]\" \/>\n<meta property=\"og:url\" content=\"https:\/\/radioljubuski.ba\/index.php\/2021\/05\/28\/dobre-vijesti-za-mlade-nogometase-usvojena-nova-pravila-oko-zasticenog-godista\/\" \/>\n<meta property=\"og:site_name\" content=\"RADIO LJUBU\u0160KI\" \/>\n<meta property=\"article:publisher\" content=\"https:\/\/www.facebook.com\/Radiio-Ljubuski-1490835324566332\" \/>\n<meta property=\"article:published_time\" content=\"2021-05-27T23:37:52+00:00\" \/>\n<meta property=\"article:modified_time\" content=\"2021-05-27T23:37:53+00:00\" \/>\n<meta property=\"og:image\" content=\"https:\/\/radioljubuski.ba\/wp-content\/uploads\/2021\/05\/9-2021-05-27-15-36-13-ss.png\" \/>\n\t<meta property=\"og:image:width\" content=\"1000\" \/>\n\t<meta property=\"og:image:height\" content=\"625\" \/>\n\t<meta property=\"og:image:type\" content=\"image\/png\" \/>\n<meta name=\"author\" content=\"Radio Ljubu\u0161ki\" \/>\n<meta name=\"twitter:card\" content=\"summary_large_image\" \/>\n<meta name=\"twitter:creator\" content=\"@radioljubuski\" \/>\n<meta name=\"twitter:site\" content=\"@radioljubuski\" \/>\n<meta name=\"twitter:label1\" content=\"Napisao\/la\" \/>\n\t<meta name=\"twitter:data1\" content=\"Radio Ljubu\u0161ki\" \/>\n\t<meta name=\"twitter:label2\" content=\"Procijenjeno vrijeme \u010ditanja\" \/>\n\t<meta name=\"twitter:data2\" content=\"2 minute\" \/>\n<script type=\"application\/ld+json\" class=\"yoast-schema-graph\">{\"@context\":\"https:\\\/\\\/schema.org\",\"@graph\":[{\"@type\":\"Article\",\"@id\":\"https:\\\/\\\/radioljubuski.ba\\\/index.php\\\/2021\\\/05\\\/28\\\/dobre-vijesti-za-mlade-nogometase-usvojena-nova-pravila-oko-zasticenog-godista\\\/#article\",\"isPartOf\":{\"@id\":\"https:\\\/\\\/radioljubuski.ba\\\/index.php\\\/2021\\\/05\\\/28\\\/dobre-vijesti-za-mlade-nogometase-usvojena-nova-pravila-oko-zasticenog-godista\\\/\"},\"author\":{\"name\":\"Radio Ljubu\u0161ki\",\"@id\":\"https:\\\/\\\/radioljubuski.ba\\\/#\\\/schema\\\/person\\\/19fc700381a780f69665d7956c469e3b\"},\"headline\":\"Dobre vijesti za mlade nogometa\u0161e: Usvojena nova pravila oko &#8216;za\u0161ti\u0107enog godi\u0161ta&#8217;\",\"datePublished\":\"2021-05-27T23:37:52+00:00\",\"dateModified\":\"2021-05-27T23:37:53+00:00\",\"mainEntityOfPage\":{\"@id\":\"https:\\\/\\\/radioljubuski.ba\\\/index.php\\\/2021\\\/05\\\/28\\\/dobre-vijesti-za-mlade-nogometase-usvojena-nova-pravila-oko-zasticenog-godista\\\/\"},\"wordCount\":391,\"publisher\":{\"@id\":\"https:\\\/\\\/radioljubuski.ba\\\/#organization\"},\"image\":{\"@id\":\"https:\\\/\\\/radioljubuski.ba\\\/index.php\\\/2021\\\/05\\\/28\\\/dobre-vijesti-za-mlade-nogometase-usvojena-nova-pravila-oko-zasticenog-godista\\\/#primaryimage\"},\"thumbnailUrl\":\"https:\\\/\\\/radioljubuski.ba\\\/wp-content\\\/uploads\\\/2021\\\/05\\\/9-2021-05-27-15-36-13-ss.png\",\"articleSection\":[\"BIH i regija\"],\"inLanguage\":\"hr\"},{\"@type\":\"WebPage\",\"@id\":\"https:\\\/\\\/radioljubuski.ba\\\/index.php\\\/2021\\\/05\\\/28\\\/dobre-vijesti-za-mlade-nogometase-usvojena-nova-pravila-oko-zasticenog-godista\\\/\",\"url\":\"https:\\\/\\\/radioljubuski.ba\\\/index.php\\\/2021\\\/05\\\/28\\\/dobre-vijesti-za-mlade-nogometase-usvojena-nova-pravila-oko-zasticenog-godista\\\/\",\"name\":\"Dobre vijesti za mlade nogometa\u0161e: Usvojena nova pravila oko 'za\u0161ti\u0107enog godi\u0161ta' - RADIO LJUBU\u0160KI\",\"isPartOf\":{\"@id\":\"https:\\\/\\\/radioljubuski.ba\\\/#website\"},\"primaryImageOfPage\":{\"@id\":\"https:\\\/\\\/radioljubuski.ba\\\/index.php\\\/2021\\\/05\\\/28\\\/dobre-vijesti-za-mlade-nogometase-usvojena-nova-pravila-oko-zasticenog-godista\\\/#primaryimage\"},\"image\":{\"@id\":\"https:\\\/\\\/radioljubuski.ba\\\/index.php\\\/2021\\\/05\\\/28\\\/dobre-vijesti-za-mlade-nogometase-usvojena-nova-pravila-oko-zasticenog-godista\\\/#primaryimage\"},\"thumbnailUrl\":\"https:\\\/\\\/radioljubuski.ba\\\/wp-content\\\/uploads\\\/2021\\\/05\\\/9-2021-05-27-15-36-13-ss.png\",\"datePublished\":\"2021-05-27T23:37:52+00:00\",\"dateModified\":\"2021-05-27T23:37:53+00:00\",\"breadcrumb\":{\"@id\":\"https:\\\/\\\/radioljubuski.ba\\\/index.php\\\/2021\\\/05\\\/28\\\/dobre-vijesti-za-mlade-nogometase-usvojena-nova-pravila-oko-zasticenog-godista\\\/#breadcrumb\"},\"inLanguage\":\"hr\",\"potentialAction\":[{\"@type\":\"ReadAction\",\"target\":[\"https:\\\/\\\/radioljubuski.ba\\\/index.php\\\/2021\\\/05\\\/28\\\/dobre-vijesti-za-mlade-nogometase-usvojena-nova-pravila-oko-zasticenog-godista\\\/\"]}]},{\"@type\":\"ImageObject\",\"inLanguage\":\"hr\",\"@id\":\"https:\\\/\\\/radioljubuski.ba\\\/index.php\\\/2021\\\/05\\\/28\\\/dobre-vijesti-za-mlade-nogometase-usvojena-nova-pravila-oko-zasticenog-godista\\\/#primaryimage\",\"url\":\"https:\\\/\\\/radioljubuski.ba\\\/wp-content\\\/uploads\\\/2021\\\/05\\\/9-2021-05-27-15-36-13-ss.png\",\"contentUrl\":\"https:\\\/\\\/radioljubuski.ba\\\/wp-content\\\/uploads\\\/2021\\\/05\\\/9-2021-05-27-15-36-13-ss.png\",\"width\":1000,\"height\":625},{\"@type\":\"BreadcrumbList\",\"@id\":\"https:\\\/\\\/radioljubuski.ba\\\/index.php\\\/2021\\\/05\\\/28\\\/dobre-vijesti-za-mlade-nogometase-usvojena-nova-pravila-oko-zasticenog-godista\\\/#breadcrumb\",\"itemListElement\":[{\"@type\":\"ListItem\",\"position\":1,\"name\":\"Po\u010detna stranica\",\"item\":\"https:\\\/\\\/radioljubuski.ba\\\/\"},{\"@type\":\"ListItem\",\"position\":2,\"name\":\"Dobre vijesti za mlade nogometa\u0161e: Usvojena nova pravila oko &#8216;za\u0161ti\u0107enog godi\u0161ta&#8217;\"}]},{\"@type\":\"WebSite\",\"@id\":\"https:\\\/\\\/radioljubuski.ba\\\/#website\",\"url\":\"https:\\\/\\\/radioljubuski.ba\\\/\",\"name\":\"Radio Ljubu\u0161ki\",\"description\":\"Sun\u010dana frekvencija Hercegovine\",\"publisher\":{\"@id\":\"https:\\\/\\\/radioljubuski.ba\\\/#organization\"},\"potentialAction\":[{\"@type\":\"SearchAction\",\"target\":{\"@type\":\"EntryPoint\",\"urlTemplate\":\"https:\\\/\\\/radioljubuski.ba\\\/?s={search_term_string}\"},\"query-input\":{\"@type\":\"PropertyValueSpecification\",\"valueRequired\":true,\"valueName\":\"search_term_string\"}}],\"inLanguage\":\"hr\"},{\"@type\":\"Organization\",\"@id\":\"https:\\\/\\\/radioljubuski.ba\\\/#organization\",\"name\":\"Radio Ljubu\u0161ki\",\"url\":\"https:\\\/\\\/radioljubuski.ba\\\/\",\"logo\":{\"@type\":\"ImageObject\",\"inLanguage\":\"hr\",\"@id\":\"https:\\\/\\\/radioljubuski.ba\\\/#\\\/schema\\\/logo\\\/image\\\/\",\"url\":\"https:\\\/\\\/radioljubuski.ba\\\/wp-content\\\/uploads\\\/2021\\\/02\\\/cropped-Radio_Ljubuski_logo1.jpg\",\"contentUrl\":\"https:\\\/\\\/radioljubuski.ba\\\/wp-content\\\/uploads\\\/2021\\\/02\\\/cropped-Radio_Ljubuski_logo1.jpg\",\"width\":512,\"height\":512,\"caption\":\"Radio Ljubu\u0161ki\"},\"image\":{\"@id\":\"https:\\\/\\\/radioljubuski.ba\\\/#\\\/schema\\\/logo\\\/image\\\/\"},\"sameAs\":[\"https:\\\/\\\/www.facebook.com\\\/Radiio-Ljubuski-1490835324566332\",\"https:\\\/\\\/x.com\\\/radioljubuski\",\"https:\\\/\\\/hr.linkedin.com\\\/company\\\/radio-ljubuski\",\"https:\\\/\\\/www.youtube.com\\\/channel\\\/UCHYaeO_n0Db3tjNGudGpXyw\"]},{\"@type\":\"Person\",\"@id\":\"https:\\\/\\\/radioljubuski.ba\\\/#\\\/schema\\\/person\\\/19fc700381a780f69665d7956c469e3b\",\"name\":\"Radio Ljubu\u0161ki\"}]}<\/script>\n<!-- \/ Yoast SEO plugin. -->","yoast_head_json":{"title":"Dobre vijesti za mlade nogometa\u0161e: Usvojena nova pravila oko 'za\u0161ti\u0107enog godi\u0161ta' - RADIO LJUBU\u0160KI","robots":{"index":"index","follow":"follow","max-snippet":"max-snippet:-1","max-image-preview":"max-image-preview:large","max-video-preview":"max-video-preview:-1"},"canonical":"https:\/\/radioljubuski.ba\/index.php\/2021\/05\/28\/dobre-vijesti-za-mlade-nogometase-usvojena-nova-pravila-oko-zasticenog-godista\/","og_locale":"hr_HR","og_type":"article","og_title":"Dobre vijesti za mlade nogometa\u0161e: Usvojena nova pravila oko 'za\u0161ti\u0107enog godi\u0161ta' - RADIO LJUBU\u0160KI","og_description":"Na dana\u0161njoj sjednici Izvr\u0161nog odbora Nogometnog saveza Bosne i Hercegovine usvojene su Propozicije natjecanja za narednu sezonu Premijer lige BiH. Kao \u0161to se neko vrijeme ve\u0107 i \u0161u\u0161kalo, dogodile su se odre\u0111ene promjene po pitanju pravila za\u0161ti\u0107enog godi\u0161ta, odnosno umjesto \u010detiri u zapisniku, od naredne sezone klubovi \u0107e u po\u010detnih 11 morati imati dvojicu igra\u010da [&hellip;]","og_url":"https:\/\/radioljubuski.ba\/index.php\/2021\/05\/28\/dobre-vijesti-za-mlade-nogometase-usvojena-nova-pravila-oko-zasticenog-godista\/","og_site_name":"RADIO LJUBU\u0160KI","article_publisher":"https:\/\/www.facebook.com\/Radiio-Ljubuski-1490835324566332","article_published_time":"2021-05-27T23:37:52+00:00","article_modified_time":"2021-05-27T23:37:53+00:00","og_image":[{"width":1000,"height":625,"url":"https:\/\/radioljubuski.ba\/wp-content\/uploads\/2021\/05\/9-2021-05-27-15-36-13-ss.png","type":"image\/png"}],"author":"Radio Ljubu\u0161ki","twitter_card":"summary_large_image","twitter_creator":"@radioljubuski","twitter_site":"@radioljubuski","twitter_misc":{"Napisao\/la":"Radio Ljubu\u0161ki","Procijenjeno vrijeme \u010ditanja":"2 minute"},"schema":{"@context":"https:\/\/schema.org","@graph":[{"@type":"Article","@id":"https:\/\/radioljubuski.ba\/index.php\/2021\/05\/28\/dobre-vijesti-za-mlade-nogometase-usvojena-nova-pravila-oko-zasticenog-godista\/#article","isPartOf":{"@id":"https:\/\/radioljubuski.ba\/index.php\/2021\/05\/28\/dobre-vijesti-za-mlade-nogometase-usvojena-nova-pravila-oko-zasticenog-godista\/"},"author":{"name":"Radio Ljubu\u0161ki","@id":"https:\/\/radioljubuski.ba\/#\/schema\/person\/19fc700381a780f69665d7956c469e3b"},"headline":"Dobre vijesti za mlade nogometa\u0161e: Usvojena nova pravila oko &#8216;za\u0161ti\u0107enog godi\u0161ta&#8217;","datePublished":"2021-05-27T23:37:52+00:00","dateModified":"2021-05-27T23:37:53+00:00","mainEntityOfPage":{"@id":"https:\/\/radioljubuski.ba\/index.php\/2021\/05\/28\/dobre-vijesti-za-mlade-nogometase-usvojena-nova-pravila-oko-zasticenog-godista\/"},"wordCount":391,"publisher":{"@id":"https:\/\/radioljubuski.ba\/#organization"},"image":{"@id":"https:\/\/radioljubuski.ba\/index.php\/2021\/05\/28\/dobre-vijesti-za-mlade-nogometase-usvojena-nova-pravila-oko-zasticenog-godista\/#primaryimage"},"thumbnailUrl":"https:\/\/radioljubuski.ba\/wp-content\/uploads\/2021\/05\/9-2021-05-27-15-36-13-ss.png","articleSection":["BIH i regija"],"inLanguage":"hr"},{"@type":"WebPage","@id":"https:\/\/radioljubuski.ba\/index.php\/2021\/05\/28\/dobre-vijesti-za-mlade-nogometase-usvojena-nova-pravila-oko-zasticenog-godista\/","url":"https:\/\/radioljubuski.ba\/index.php\/2021\/05\/28\/dobre-vijesti-za-mlade-nogometase-usvojena-nova-pravila-oko-zasticenog-godista\/","name":"Dobre vijesti za mlade nogometa\u0161e: Usvojena nova pravila oko 'za\u0161ti\u0107enog godi\u0161ta' - RADIO LJUBU\u0160KI","isPartOf":{"@id":"https:\/\/radioljubuski.ba\/#website"},"primaryImageOfPage":{"@id":"https:\/\/radioljubuski.ba\/index.php\/2021\/05\/28\/dobre-vijesti-za-mlade-nogometase-usvojena-nova-pravila-oko-zasticenog-godista\/#primaryimage"},"image":{"@id":"https:\/\/radioljubuski.ba\/index.php\/2021\/05\/28\/dobre-vijesti-za-mlade-nogometase-usvojena-nova-pravila-oko-zasticenog-godista\/#primaryimage"},"thumbnailUrl":"https:\/\/radioljubuski.ba\/wp-content\/uploads\/2021\/05\/9-2021-05-27-15-36-13-ss.png","datePublished":"2021-05-27T23:37:52+00:00","dateModified":"2021-05-27T23:37:53+00:00","breadcrumb":{"@id":"https:\/\/radioljubuski.ba\/index.php\/2021\/05\/28\/dobre-vijesti-za-mlade-nogometase-usvojena-nova-pravila-oko-zasticenog-godista\/#breadcrumb"},"inLanguage":"hr","potentialAction":[{"@type":"ReadAction","target":["https:\/\/radioljubuski.ba\/index.php\/2021\/05\/28\/dobre-vijesti-za-mlade-nogometase-usvojena-nova-pravila-oko-zasticenog-godista\/"]}]},{"@type":"ImageObject","inLanguage":"hr","@id":"https:\/\/radioljubuski.ba\/index.php\/2021\/05\/28\/dobre-vijesti-za-mlade-nogometase-usvojena-nova-pravila-oko-zasticenog-godista\/#primaryimage","url":"https:\/\/radioljubuski.ba\/wp-content\/uploads\/2021\/05\/9-2021-05-27-15-36-13-ss.png","contentUrl":"https:\/\/radioljubuski.ba\/wp-content\/uploads\/2021\/05\/9-2021-05-27-15-36-13-ss.png","width":1000,"height":625},{"@type":"BreadcrumbList","@id":"https:\/\/radioljubuski.ba\/index.php\/2021\/05\/28\/dobre-vijesti-za-mlade-nogometase-usvojena-nova-pravila-oko-zasticenog-godista\/#breadcrumb","itemListElement":[{"@type":"ListItem","position":1,"name":"Po\u010detna stranica","item":"https:\/\/radioljubuski.ba\/"},{"@type":"ListItem","position":2,"name":"Dobre vijesti za mlade nogometa\u0161e: Usvojena nova pravila oko &#8216;za\u0161ti\u0107enog godi\u0161ta&#8217;"}]},{"@type":"WebSite","@id":"https:\/\/radioljubuski.ba\/#website","url":"https:\/\/radioljubuski.ba\/","name":"Radio Ljubu\u0161ki","description":"Sun\u010dana frekvencija Hercegovine","publisher":{"@id":"https:\/\/radioljubuski.ba\/#organization"},"potentialAction":[{"@type":"SearchAction","target":{"@type":"EntryPoint","urlTemplate":"https:\/\/radioljubuski.ba\/?s={search_term_string}"},"query-input":{"@type":"PropertyValueSpecification","valueRequired":true,"valueName":"search_term_string"}}],"inLanguage":"hr"},{"@type":"Organization","@id":"https:\/\/radioljubuski.ba\/#organization","name":"Radio Ljubu\u0161ki","url":"https:\/\/radioljubuski.ba\/","logo":{"@type":"ImageObject","inLanguage":"hr","@id":"https:\/\/radioljubuski.ba\/#\/schema\/logo\/image\/","url":"https:\/\/radioljubuski.ba\/wp-content\/uploads\/2021\/02\/cropped-Radio_Ljubuski_logo1.jpg","contentUrl":"https:\/\/radioljubuski.ba\/wp-content\/uploads\/2021\/02\/cropped-Radio_Ljubuski_logo1.jpg","width":512,"height":512,"caption":"Radio Ljubu\u0161ki"},"image":{"@id":"https:\/\/radioljubuski.ba\/#\/schema\/logo\/image\/"},"sameAs":["https:\/\/www.facebook.com\/Radiio-Ljubuski-1490835324566332","https:\/\/x.com\/radioljubuski","https:\/\/hr.linkedin.com\/company\/radio-ljubuski","https:\/\/www.youtube.com\/channel\/UCHYaeO_n0Db3tjNGudGpXyw"]},{"@type":"Person","@id":"https:\/\/radioljubuski.ba\/#\/schema\/person\/19fc700381a780f69665d7956c469e3b","name":"Radio Ljubu\u0161ki"}]}},"_links":{"self":[{"href":"https:\/\/radioljubuski.ba\/index.php\/wp-json\/wp\/v2\/posts\/25732","targetHints":{"allow":["GET"]}}],"collection":[{"href":"https:\/\/radioljubuski.ba\/index.php\/wp-json\/wp\/v2\/posts"}],"about":[{"href":"https:\/\/radioljubuski.ba\/index.php\/wp-json\/wp\/v2\/types\/post"}],"author":[{"embeddable":true,"href":"https:\/\/radioljubuski.ba\/index.php\/wp-json\/wp\/v2\/users\/2"}],"replies":[{"embeddable":true,"href":"https:\/\/radioljubuski.ba\/index.php\/wp-json\/wp\/v2\/comments?post=25732"}],"version-history":[{"count":1,"href":"https:\/\/radioljubuski.ba\/index.php\/wp-json\/wp\/v2\/posts\/25732\/revisions"}],"predecessor-version":[{"id":25734,"href":"https:\/\/radioljubuski.ba\/index.php\/wp-json\/wp\/v2\/posts\/25732\/revisions\/25734"}],"wp:featuredmedia":[{"embeddable":true,"href":"https:\/\/radioljubuski.ba\/index.php\/wp-json\/wp\/v2\/media\/25733"}],"wp:attachment":[{"href":"https:\/\/radioljubuski.ba\/index.php\/wp-json\/wp\/v2\/media?parent=25732"}],"wp:term":[{"taxonomy":"category","embeddable":true,"href":"https:\/\/radioljubuski.ba\/index.php\/wp-json\/wp\/v2\/categories?post=25732"},{"taxonomy":"post_tag","embeddable":true,"href":"https:\/\/radioljubuski.ba\/index.php\/wp-json\/wp\/v2\/tags?post=25732"}],"curies":[{"name":"wp","href":"https:\/\/api.w.org\/{rel}","templated":true}]}}