{"id":25812,"date":"2021-05-28T07:49:18","date_gmt":"2021-05-28T06:49:18","guid":{"rendered":"https:\/\/radioljubuski.ba\/?p=25812"},"modified":"2021-05-28T07:49:19","modified_gmt":"2021-05-28T06:49:19","slug":"razgovor-s-povodom-toni-colina-rukometni-prvak-bih","status":"publish","type":"post","link":"https:\/\/radioljubuski.ba\/index.php\/2021\/05\/28\/razgovor-s-povodom-toni-colina-rukometni-prvak-bih\/","title":{"rendered":"Razgovor s povodom: Toni \u010colina, rukometni prvak BiH"},"content":{"rendered":"\n<p><strong>Godinu dana nakon \u0161to je Borac prekinuo dvosezonsku dominaciju Izvi\u0111a\u010da, klub iz Ljubu\u0161kog se vratio na tron, osvojio osmu titulu, a tre\u0107u u posljednje \u010detiri natjecateljske godine.<\/strong><\/p>\n\n\n\n<p>Me\u0111utim, takav ishod Premijer lige 2020\/2021, malo je ko mogao pretpostaviti.<\/p>\n\n\n\n<p>Mladi tim \u201eSkauta\u201c nije bio u konkurenciji za vrh ljestvice po\u010detkom 2020. godine, kada se u klub, ali na mesto \u0161efa stru\u010dnog sto\u017eera, vratio talentirani trener Toni \u010colina. Trideset\u010detvorogodi\u0161nji stru\u010dnjak je ve\u0107 tada po\u010deo s pripremom ekipe za naredno prvenstvo, i s golobradim momcima napravio veliki uspjeh u jakoj konkurenciji ambiocioznih timova.<\/p>\n\n\n\n<p>Na po\u010detku razgovora za Balkan-Handball.com, Toni \u010colina se osvrnuo na put RK Izvi\u0111a\u010d CO do titule prvaka u Bosni i Hercegovini.<\/p>\n\n\n\n<p>Preuzeo si ekipu u sije\u010dnju 2020. godine, kada je Izvi\u0111a\u010d bio tek peti na ljestvici. Malo ko je mogao pretpostaviti da \u0107e se 16. mjeseci kasnije u Ljubu\u0161kom slaviti nova titula\u2026<\/p>\n\n\n\n<p>-Najpre, tjelesno smo mnogo napredovali zahvaljuju\u0107i Adisu Jaki\u0107u, ali smo u isto vrijeme puno radili na tehnici, individualno i takti\u010dki. Ipak, va\u017enije od svega je to \u0161to smo vjerovali da ovi igra\u010di mogu odraditi sezonu. Svakome smo dali na va\u017enosti, odredili uloge koje nismo kategorizirali na bitne i manje bitne. Oja\u010dali smo individue da bi imali jak kolektiv \u2013 zvu\u010di jednostavnije nego \u0161to jeste u praksi.<\/p>\n\n\n\n<p>-Cilj uprave na po\u010detku sezone je da budemo negdje u sredini ljestvice, ako je mogu\u0107e na petom mjestu, to je u nekoj projekciji bio limit. Glavni prioritet je bio dati priliku i slobodu mladim igra\u010dima, kako bi izgradili samopouzdanje kroz me\u010deve u Premijer igi. Titulu nismo smjeli spominjati jer bi nam to nabacilo teret kroz \u010ditavu sezonu, me\u0111utim, iskreno, ne mogu re\u0107i da nismo vjerovali u nju, kako rukometa\u0161i tako i stru\u010dni sto\u017eer.<\/p>\n\n\n\n<p><strong>SPARTANSKI TRENINZI \u2013 \u201ePRIPREME ZA PRIPREME\u201c<\/strong><\/p>\n\n\n\n<p>Rad s tolikim brojem mladih igra\u010da je veliki izazov, a time je i osvajanje naslova jo\u0161 ve\u0107i uspjeh\u2026<\/p>\n\n\n\n<p>-Shodno uvjetima koje imamo, rad u klubu je organiziran s prioritetom da na\u0161i igra\u010di maksimalno napreduju u svakom rukometnom segmentu. Kao \u0161to rekoh, za fitnes je zadu\u017een trener Adis Jaki\u0107, biv\u0161i atleti\u010dar i stru\u010dnjak koji je implementirao individualni pristup prehrani i suplementaciji svakog igra\u010da uz spartanske treninge, tri puta dnevno u teretani, kao i na stadionu. Ni korona nas nije omela da radimo kako smo zamislili. Treniralo se 11 puta tjedno u razdoblju od 20. o\u017eujka do 30. lipnja pro\u0161le godine, koristili smo razne platforme za vreme izolacije. Eto, to nam je poslu\u017eilo kao \u201epriprema za pripreme\u201c, pred sezonu na izmaku, a sa njima smo krenuli 20. srpnja. Tako je zapravo po\u010detak ljetnjih priprema bio bla\u017ea verzija onoga \u0161to smo radili prethodno, za vreme izolacije.<\/p>\n\n\n\n<p>-Time smo ostavili puno vi\u0161e prostora za individualni rad i taktiku, uz kombinaciju sa dva treninga snage tjedno. Tijekom sezone, u ritmu igranja me\u010deva od subote do subote, trenirali smo osam ill devet puta nedeljno, a pravi odnos bio je jednom individualno, dva puta snaga i pet puta taktika. Trudili smo se istinski da se posvetimo individualnom pristupu mladim igra\u010dima u kolektivu, kako bi pobolj\u0161ali njihov napredak.<\/p>\n\n\n\n<p>S mnogim od tih momaka si ve\u0107 radio u mla\u0111im kategorijama Izvi\u0111a\u010da, od 2011. do 2017. godine\u2026<\/p>\n\n\n\n<p>-S nekima sam radio tri ili \u010detiri godine u mla\u0111im dobnim skupinama kluba, s nekima dvije godine, a neki su mi bili na posudbi u Konjuhu kad sam bio trener tamo, tako da sam sa 90 posto ekipe bio upoznat. Nekima sam \u010dak bio i prvi rukometni trener.<\/p>\n\n\n\n<p><strong>VRATARI \u0106E BITI \u201eBIG DEAL\u201c<\/strong><\/p>\n\n\n\n<p><strong>Koliko tu ima potencijala za ozbiljne rukometne karijere?<\/strong><\/p>\n\n\n\n<p>-Vrijeme \u0107e pokazati, vjerujem da \u0107e, kroz uloge koje dobijaju u utakmicama, rasti i njihov kvalitet do reprezentativne razine, i razine Lige prvaka. Sama selekcija igra\u010da ide u tom smjeru, kod nas nema popunjavanja mjesta zbog rezultata. Stvarno mislim da svako od na\u0161ih igra\u010da mo\u017ee igrati u svakom europskom kolektivu, neki \u010dak i odmah, a neki kroz godinu ili dvije. Vratar Grbavac je potpisao za Cuenku, gdje \u0107e zamijeniti reprezentativca Argenitne koji ide u Barcelonu. To dovoljno govori o potencijalu. I desni bek Jozinovi\u0107 ide u \u0160panjolsku, njegova destinacija je Ademar Leon.<\/p>\n\n\n\n<p>-Vratari \u0107e sigurno biti \u201eBig deal\u201c, uz rad, predanost i ljubav prema igri trenera vratara Milana Toli\u0107a. Antropometrija na\u0161ih \u010duvara mre\u017ee nagovje\u0161tava da Mandi\u0107, Grbavac i Herceg kre\u0107u putem Alilovi\u0107a, \u0160ege i Ere\u0161a.<\/p>\n\n\n\n<p><strong>Ho\u0107e li \u0107e se i koliko ekipa menjati na ljeto, \u0161ta se o\u010dekuje od naredne sezone?<\/strong><\/p>\n\n\n\n<p>P-a eto, spomenuo sam dva igra\u010da za koja znamo da odlaze. O\u010dekujemo da \u0107e klub stati iza ovog rezultata i da \u0107e idu\u0107a godina donijeti Europu u Ljubu\u0161ki nakon osam godina. Uz ovaj rad i ovakvu atmosferu u klubu, ne ostaje nam ni\u0161ta drugo nego da nastavimo brusiti ove talente na jo\u0161 ve\u0107u razinu, jer smo svi zajedno to zaslu\u017eili.<\/p>\n\n\n\n<p><strong>Kakav je kvalitet Lige BiH u odnosu na neke prethodne godine?<\/strong><br><br>-Mislim da se kvalitet podigao, ako ni\u0161ta, o tome govore imena koje su klubovi dovodili pred ovu natjecateljsku godinu. Anga\u017eman takvih igra\u010da indicira da su mnogi imali ozbiljne planove i velike ciljeve. Prvih osam ekipa je zaista konkurentno, pogotovu sada u doba korone, kada nije bilo publike, odnosno prave prednosti doma\u0107eg terena. S druge strane, zbog toga je bilo lak\u0161e igrati u gostima, pogotovu nama kao mladoj ekipi.<br><br><strong>\u0160ARAC ZA DVIJE GODINE U TOP 3 BUNDES KLUBU<\/strong><br><br>Trenirao si svojevremeno igra\u010da koji je jedan od najve\u0107ih potenijala u regiji u posljednje vrijeme, Josipa \u0160arca, koji je na\u017ealost ne\u0161to ranije zavr\u0161io sezonu zbog ozljede\u2026<br><br>-Josip \u0160arac, David Mani\u0107, Matej Hrsti\u0107\u2026 To su sve momci koji su mladi iza\u0161li iz na\u0161e \u0161kole, u kojoj su izgradili rukometni identitet. Svako je poseban na svoj na\u010din. Vrijeme je pokazalo da ih Ljubu\u0161ki nije samo iz ljubavi svuda spominjao i na sva usta hvalio. Josip nam ide u Goppingen, David u Melsungen, Mateja tako\u0111er \u010deka veliki transfer. Zajedno smo stvarali ozbiljan europski kvalitet u tim momcima, nije tu samo lokalna ljubav po sredi. \u0160arac ide u Goppingen, gde je ve\u0107 igrao na\u0161 Josip Peri\u0107, tako da znam dosta o klubu.<br><br>-Sre\u0107a u nesre\u0107i je da se Josip ozljedio prije odlaska u Njema\u010dku, tako da \u0107e sigurno uraditi sve da se na vrijeme oporavi i vrati se nikad ja\u010di, jer dobro zna koliko je igra u Bundesligi tjelesno zahtjevna. U kombinaciji s njegovom snagom i rukometnom inteligencijom na obje strane terena, o\u010dekujem da \u0107e za dvije godine zavrijediti dres nekog od top 3 Bundes klubova!<br><br><strong>SVJE\u017dA KRV, POD HITNO!<\/strong><br><br><strong>Za kraj, osvrt na aktualni rukometni trenutak u regiji?<\/strong><br><br>-Generalno, klubovi s \u0161ampionskim ambicijama jako rijetko guraju mlade igra\u010de u vatru, i to me najvi\u0161e \u017ealosti, jer nema drugog recepta prije kojeg mo\u017eemo ocjeniti razvoj regije. Nikoli\u0107, Klarica, Mara\u0161, Serafimov, Grm\u0161ek\u2026 to su desni bekovi, igraju na poziciji koje je deficitarna u skoro svakoj ekipi. Na\u017ealost, ako izuzmemo njih, premalo je mladih momaka koji dobijaju pravu priliku da poka\u017eu potencijal.<br><br>-Na samom kraju, zaklju\u010diti \u0107u pri\u010du stavom o najva\u017enijoj temi rukometne regije \u2013 mo\u017ee se i mora mnogo vi\u0161e dobiti od mladih igra\u010da u bliskoj budu\u0107nosti, jer su sve ex-yu reprezentacije po starosnoj strukturi u gornjem domu kada je Europa u pitanju. To nam jasno poru\u010duje da su nam neophodna nova imena i nove zvijezde na najve\u0107oj sceni kako bi opstali \u2013 poru\u010duje Toni \u010colina za kraj razgovora.<\/p>\n\n\n\n<p><strong>Izvor: Iks-portal.info<\/strong><\/p>\n","protected":false},"excerpt":{"rendered":"<p>Godinu dana nakon \u0161to je Borac prekinuo dvosezonsku dominaciju Izvi\u0111a\u010da, klub iz Ljubu\u0161kog se vratio na tron, osvojio osmu titulu, a tre\u0107u u posljednje \u010detiri natjecateljske godine. Me\u0111utim, takav ishod Premijer lige 2020\/2021, malo je ko mogao pretpostaviti. Mladi tim \u201eSkauta\u201c nije bio u konkurenciji za vrh ljestvice po\u010detkom 2020. godine, kada se u klub, [&hellip;]<\/p>\n","protected":false},"author":2,"featured_media":517,"comment_status":"closed","ping_status":"closed","sticky":false,"template":"","format":"standard","meta":{"h5ap_radio_sources":[],"footnotes":""},"categories":[3],"tags":[],"class_list":["post-25812","post","type-post","status-publish","format-standard","has-post-thumbnail","hentry","category-ljubuski"],"yoast_head":"<!-- This site is optimized with the Yoast SEO plugin v27.4 - https:\/\/yoast.com\/product\/yoast-seo-wordpress\/ -->\n<title>Razgovor s povodom: Toni \u010colina, rukometni prvak BiH - RADIO LJUBU\u0160KI<\/title>\n<meta name=\"robots\" content=\"index, follow, max-snippet:-1, max-image-preview:large, max-video-preview:-1\" \/>\n<link rel=\"canonical\" href=\"https:\/\/radioljubuski.ba\/index.php\/2021\/05\/28\/razgovor-s-povodom-toni-colina-rukometni-prvak-bih\/\" \/>\n<meta property=\"og:locale\" content=\"hr_HR\" \/>\n<meta property=\"og:type\" content=\"article\" \/>\n<meta property=\"og:title\" content=\"Razgovor s povodom: Toni \u010colina, rukometni prvak BiH - RADIO LJUBU\u0160KI\" \/>\n<meta property=\"og:description\" content=\"Godinu dana nakon \u0161to je Borac prekinuo dvosezonsku dominaciju Izvi\u0111a\u010da, klub iz Ljubu\u0161kog se vratio na tron, osvojio osmu titulu, a tre\u0107u u posljednje \u010detiri natjecateljske godine. Me\u0111utim, takav ishod Premijer lige 2020\/2021, malo je ko mogao pretpostaviti. Mladi tim \u201eSkauta\u201c nije bio u konkurenciji za vrh ljestvice po\u010detkom 2020. godine, kada se u klub, [&hellip;]\" \/>\n<meta property=\"og:url\" content=\"https:\/\/radioljubuski.ba\/index.php\/2021\/05\/28\/razgovor-s-povodom-toni-colina-rukometni-prvak-bih\/\" \/>\n<meta property=\"og:site_name\" content=\"RADIO LJUBU\u0160KI\" \/>\n<meta property=\"article:publisher\" content=\"https:\/\/www.facebook.com\/Radiio-Ljubuski-1490835324566332\" \/>\n<meta property=\"article:published_time\" content=\"2021-05-28T06:49:18+00:00\" \/>\n<meta property=\"article:modified_time\" content=\"2021-05-28T06:49:19+00:00\" \/>\n<meta property=\"og:image\" content=\"https:\/\/radioljubuski.ba\/wp-content\/uploads\/2021\/03\/toni-colina.jpg\" \/>\n\t<meta property=\"og:image:width\" content=\"1200\" \/>\n\t<meta property=\"og:image:height\" content=\"1200\" \/>\n\t<meta property=\"og:image:type\" content=\"image\/jpeg\" \/>\n<meta name=\"author\" content=\"Radio Ljubu\u0161ki\" \/>\n<meta name=\"twitter:card\" content=\"summary_large_image\" \/>\n<meta name=\"twitter:creator\" content=\"@radioljubuski\" \/>\n<meta name=\"twitter:site\" content=\"@radioljubuski\" \/>\n<meta name=\"twitter:label1\" content=\"Napisao\/la\" \/>\n\t<meta name=\"twitter:data1\" content=\"Radio Ljubu\u0161ki\" \/>\n\t<meta name=\"twitter:label2\" content=\"Procijenjeno vrijeme \u010ditanja\" \/>\n\t<meta name=\"twitter:data2\" content=\"6 minuta\" \/>\n<script type=\"application\/ld+json\" class=\"yoast-schema-graph\">{\"@context\":\"https:\\\/\\\/schema.org\",\"@graph\":[{\"@type\":\"Article\",\"@id\":\"https:\\\/\\\/radioljubuski.ba\\\/index.php\\\/2021\\\/05\\\/28\\\/razgovor-s-povodom-toni-colina-rukometni-prvak-bih\\\/#article\",\"isPartOf\":{\"@id\":\"https:\\\/\\\/radioljubuski.ba\\\/index.php\\\/2021\\\/05\\\/28\\\/razgovor-s-povodom-toni-colina-rukometni-prvak-bih\\\/\"},\"author\":{\"name\":\"Radio Ljubu\u0161ki\",\"@id\":\"https:\\\/\\\/radioljubuski.ba\\\/#\\\/schema\\\/person\\\/19fc700381a780f69665d7956c469e3b\"},\"headline\":\"Razgovor s povodom: Toni \u010colina, rukometni prvak BiH\",\"datePublished\":\"2021-05-28T06:49:18+00:00\",\"dateModified\":\"2021-05-28T06:49:19+00:00\",\"mainEntityOfPage\":{\"@id\":\"https:\\\/\\\/radioljubuski.ba\\\/index.php\\\/2021\\\/05\\\/28\\\/razgovor-s-povodom-toni-colina-rukometni-prvak-bih\\\/\"},\"wordCount\":1296,\"publisher\":{\"@id\":\"https:\\\/\\\/radioljubuski.ba\\\/#organization\"},\"image\":{\"@id\":\"https:\\\/\\\/radioljubuski.ba\\\/index.php\\\/2021\\\/05\\\/28\\\/razgovor-s-povodom-toni-colina-rukometni-prvak-bih\\\/#primaryimage\"},\"thumbnailUrl\":\"https:\\\/\\\/radioljubuski.ba\\\/wp-content\\\/uploads\\\/2021\\\/03\\\/toni-colina.jpg\",\"articleSection\":[\"Ljubu\u0161ki\"],\"inLanguage\":\"hr\"},{\"@type\":\"WebPage\",\"@id\":\"https:\\\/\\\/radioljubuski.ba\\\/index.php\\\/2021\\\/05\\\/28\\\/razgovor-s-povodom-toni-colina-rukometni-prvak-bih\\\/\",\"url\":\"https:\\\/\\\/radioljubuski.ba\\\/index.php\\\/2021\\\/05\\\/28\\\/razgovor-s-povodom-toni-colina-rukometni-prvak-bih\\\/\",\"name\":\"Razgovor s povodom: Toni \u010colina, rukometni prvak BiH - RADIO LJUBU\u0160KI\",\"isPartOf\":{\"@id\":\"https:\\\/\\\/radioljubuski.ba\\\/#website\"},\"primaryImageOfPage\":{\"@id\":\"https:\\\/\\\/radioljubuski.ba\\\/index.php\\\/2021\\\/05\\\/28\\\/razgovor-s-povodom-toni-colina-rukometni-prvak-bih\\\/#primaryimage\"},\"image\":{\"@id\":\"https:\\\/\\\/radioljubuski.ba\\\/index.php\\\/2021\\\/05\\\/28\\\/razgovor-s-povodom-toni-colina-rukometni-prvak-bih\\\/#primaryimage\"},\"thumbnailUrl\":\"https:\\\/\\\/radioljubuski.ba\\\/wp-content\\\/uploads\\\/2021\\\/03\\\/toni-colina.jpg\",\"datePublished\":\"2021-05-28T06:49:18+00:00\",\"dateModified\":\"2021-05-28T06:49:19+00:00\",\"breadcrumb\":{\"@id\":\"https:\\\/\\\/radioljubuski.ba\\\/index.php\\\/2021\\\/05\\\/28\\\/razgovor-s-povodom-toni-colina-rukometni-prvak-bih\\\/#breadcrumb\"},\"inLanguage\":\"hr\",\"potentialAction\":[{\"@type\":\"ReadAction\",\"target\":[\"https:\\\/\\\/radioljubuski.ba\\\/index.php\\\/2021\\\/05\\\/28\\\/razgovor-s-povodom-toni-colina-rukometni-prvak-bih\\\/\"]}]},{\"@type\":\"ImageObject\",\"inLanguage\":\"hr\",\"@id\":\"https:\\\/\\\/radioljubuski.ba\\\/index.php\\\/2021\\\/05\\\/28\\\/razgovor-s-povodom-toni-colina-rukometni-prvak-bih\\\/#primaryimage\",\"url\":\"https:\\\/\\\/radioljubuski.ba\\\/wp-content\\\/uploads\\\/2021\\\/03\\\/toni-colina.jpg\",\"contentUrl\":\"https:\\\/\\\/radioljubuski.ba\\\/wp-content\\\/uploads\\\/2021\\\/03\\\/toni-colina.jpg\",\"width\":1200,\"height\":1200},{\"@type\":\"BreadcrumbList\",\"@id\":\"https:\\\/\\\/radioljubuski.ba\\\/index.php\\\/2021\\\/05\\\/28\\\/razgovor-s-povodom-toni-colina-rukometni-prvak-bih\\\/#breadcrumb\",\"itemListElement\":[{\"@type\":\"ListItem\",\"position\":1,\"name\":\"Po\u010detna stranica\",\"item\":\"https:\\\/\\\/radioljubuski.ba\\\/\"},{\"@type\":\"ListItem\",\"position\":2,\"name\":\"Razgovor s povodom: Toni \u010colina, rukometni prvak BiH\"}]},{\"@type\":\"WebSite\",\"@id\":\"https:\\\/\\\/radioljubuski.ba\\\/#website\",\"url\":\"https:\\\/\\\/radioljubuski.ba\\\/\",\"name\":\"Radio Ljubu\u0161ki\",\"description\":\"Sun\u010dana frekvencija Hercegovine\",\"publisher\":{\"@id\":\"https:\\\/\\\/radioljubuski.ba\\\/#organization\"},\"potentialAction\":[{\"@type\":\"SearchAction\",\"target\":{\"@type\":\"EntryPoint\",\"urlTemplate\":\"https:\\\/\\\/radioljubuski.ba\\\/?s={search_term_string}\"},\"query-input\":{\"@type\":\"PropertyValueSpecification\",\"valueRequired\":true,\"valueName\":\"search_term_string\"}}],\"inLanguage\":\"hr\"},{\"@type\":\"Organization\",\"@id\":\"https:\\\/\\\/radioljubuski.ba\\\/#organization\",\"name\":\"Radio Ljubu\u0161ki\",\"url\":\"https:\\\/\\\/radioljubuski.ba\\\/\",\"logo\":{\"@type\":\"ImageObject\",\"inLanguage\":\"hr\",\"@id\":\"https:\\\/\\\/radioljubuski.ba\\\/#\\\/schema\\\/logo\\\/image\\\/\",\"url\":\"https:\\\/\\\/radioljubuski.ba\\\/wp-content\\\/uploads\\\/2021\\\/02\\\/cropped-Radio_Ljubuski_logo1.jpg\",\"contentUrl\":\"https:\\\/\\\/radioljubuski.ba\\\/wp-content\\\/uploads\\\/2021\\\/02\\\/cropped-Radio_Ljubuski_logo1.jpg\",\"width\":512,\"height\":512,\"caption\":\"Radio Ljubu\u0161ki\"},\"image\":{\"@id\":\"https:\\\/\\\/radioljubuski.ba\\\/#\\\/schema\\\/logo\\\/image\\\/\"},\"sameAs\":[\"https:\\\/\\\/www.facebook.com\\\/Radiio-Ljubuski-1490835324566332\",\"https:\\\/\\\/x.com\\\/radioljubuski\",\"https:\\\/\\\/hr.linkedin.com\\\/company\\\/radio-ljubuski\",\"https:\\\/\\\/www.youtube.com\\\/channel\\\/UCHYaeO_n0Db3tjNGudGpXyw\"]},{\"@type\":\"Person\",\"@id\":\"https:\\\/\\\/radioljubuski.ba\\\/#\\\/schema\\\/person\\\/19fc700381a780f69665d7956c469e3b\",\"name\":\"Radio Ljubu\u0161ki\"}]}<\/script>\n<!-- \/ Yoast SEO plugin. -->","yoast_head_json":{"title":"Razgovor s povodom: Toni \u010colina, rukometni prvak BiH - RADIO LJUBU\u0160KI","robots":{"index":"index","follow":"follow","max-snippet":"max-snippet:-1","max-image-preview":"max-image-preview:large","max-video-preview":"max-video-preview:-1"},"canonical":"https:\/\/radioljubuski.ba\/index.php\/2021\/05\/28\/razgovor-s-povodom-toni-colina-rukometni-prvak-bih\/","og_locale":"hr_HR","og_type":"article","og_title":"Razgovor s povodom: Toni \u010colina, rukometni prvak BiH - RADIO LJUBU\u0160KI","og_description":"Godinu dana nakon \u0161to je Borac prekinuo dvosezonsku dominaciju Izvi\u0111a\u010da, klub iz Ljubu\u0161kog se vratio na tron, osvojio osmu titulu, a tre\u0107u u posljednje \u010detiri natjecateljske godine. Me\u0111utim, takav ishod Premijer lige 2020\/2021, malo je ko mogao pretpostaviti. Mladi tim \u201eSkauta\u201c nije bio u konkurenciji za vrh ljestvice po\u010detkom 2020. godine, kada se u klub, [&hellip;]","og_url":"https:\/\/radioljubuski.ba\/index.php\/2021\/05\/28\/razgovor-s-povodom-toni-colina-rukometni-prvak-bih\/","og_site_name":"RADIO LJUBU\u0160KI","article_publisher":"https:\/\/www.facebook.com\/Radiio-Ljubuski-1490835324566332","article_published_time":"2021-05-28T06:49:18+00:00","article_modified_time":"2021-05-28T06:49:19+00:00","og_image":[{"width":1200,"height":1200,"url":"https:\/\/radioljubuski.ba\/wp-content\/uploads\/2021\/03\/toni-colina.jpg","type":"image\/jpeg"}],"author":"Radio Ljubu\u0161ki","twitter_card":"summary_large_image","twitter_creator":"@radioljubuski","twitter_site":"@radioljubuski","twitter_misc":{"Napisao\/la":"Radio Ljubu\u0161ki","Procijenjeno vrijeme \u010ditanja":"6 minuta"},"schema":{"@context":"https:\/\/schema.org","@graph":[{"@type":"Article","@id":"https:\/\/radioljubuski.ba\/index.php\/2021\/05\/28\/razgovor-s-povodom-toni-colina-rukometni-prvak-bih\/#article","isPartOf":{"@id":"https:\/\/radioljubuski.ba\/index.php\/2021\/05\/28\/razgovor-s-povodom-toni-colina-rukometni-prvak-bih\/"},"author":{"name":"Radio Ljubu\u0161ki","@id":"https:\/\/radioljubuski.ba\/#\/schema\/person\/19fc700381a780f69665d7956c469e3b"},"headline":"Razgovor s povodom: Toni \u010colina, rukometni prvak BiH","datePublished":"2021-05-28T06:49:18+00:00","dateModified":"2021-05-28T06:49:19+00:00","mainEntityOfPage":{"@id":"https:\/\/radioljubuski.ba\/index.php\/2021\/05\/28\/razgovor-s-povodom-toni-colina-rukometni-prvak-bih\/"},"wordCount":1296,"publisher":{"@id":"https:\/\/radioljubuski.ba\/#organization"},"image":{"@id":"https:\/\/radioljubuski.ba\/index.php\/2021\/05\/28\/razgovor-s-povodom-toni-colina-rukometni-prvak-bih\/#primaryimage"},"thumbnailUrl":"https:\/\/radioljubuski.ba\/wp-content\/uploads\/2021\/03\/toni-colina.jpg","articleSection":["Ljubu\u0161ki"],"inLanguage":"hr"},{"@type":"WebPage","@id":"https:\/\/radioljubuski.ba\/index.php\/2021\/05\/28\/razgovor-s-povodom-toni-colina-rukometni-prvak-bih\/","url":"https:\/\/radioljubuski.ba\/index.php\/2021\/05\/28\/razgovor-s-povodom-toni-colina-rukometni-prvak-bih\/","name":"Razgovor s povodom: Toni \u010colina, rukometni prvak BiH - RADIO LJUBU\u0160KI","isPartOf":{"@id":"https:\/\/radioljubuski.ba\/#website"},"primaryImageOfPage":{"@id":"https:\/\/radioljubuski.ba\/index.php\/2021\/05\/28\/razgovor-s-povodom-toni-colina-rukometni-prvak-bih\/#primaryimage"},"image":{"@id":"https:\/\/radioljubuski.ba\/index.php\/2021\/05\/28\/razgovor-s-povodom-toni-colina-rukometni-prvak-bih\/#primaryimage"},"thumbnailUrl":"https:\/\/radioljubuski.ba\/wp-content\/uploads\/2021\/03\/toni-colina.jpg","datePublished":"2021-05-28T06:49:18+00:00","dateModified":"2021-05-28T06:49:19+00:00","breadcrumb":{"@id":"https:\/\/radioljubuski.ba\/index.php\/2021\/05\/28\/razgovor-s-povodom-toni-colina-rukometni-prvak-bih\/#breadcrumb"},"inLanguage":"hr","potentialAction":[{"@type":"ReadAction","target":["https:\/\/radioljubuski.ba\/index.php\/2021\/05\/28\/razgovor-s-povodom-toni-colina-rukometni-prvak-bih\/"]}]},{"@type":"ImageObject","inLanguage":"hr","@id":"https:\/\/radioljubuski.ba\/index.php\/2021\/05\/28\/razgovor-s-povodom-toni-colina-rukometni-prvak-bih\/#primaryimage","url":"https:\/\/radioljubuski.ba\/wp-content\/uploads\/2021\/03\/toni-colina.jpg","contentUrl":"https:\/\/radioljubuski.ba\/wp-content\/uploads\/2021\/03\/toni-colina.jpg","width":1200,"height":1200},{"@type":"BreadcrumbList","@id":"https:\/\/radioljubuski.ba\/index.php\/2021\/05\/28\/razgovor-s-povodom-toni-colina-rukometni-prvak-bih\/#breadcrumb","itemListElement":[{"@type":"ListItem","position":1,"name":"Po\u010detna stranica","item":"https:\/\/radioljubuski.ba\/"},{"@type":"ListItem","position":2,"name":"Razgovor s povodom: Toni \u010colina, rukometni prvak BiH"}]},{"@type":"WebSite","@id":"https:\/\/radioljubuski.ba\/#website","url":"https:\/\/radioljubuski.ba\/","name":"Radio Ljubu\u0161ki","description":"Sun\u010dana frekvencija Hercegovine","publisher":{"@id":"https:\/\/radioljubuski.ba\/#organization"},"potentialAction":[{"@type":"SearchAction","target":{"@type":"EntryPoint","urlTemplate":"https:\/\/radioljubuski.ba\/?s={search_term_string}"},"query-input":{"@type":"PropertyValueSpecification","valueRequired":true,"valueName":"search_term_string"}}],"inLanguage":"hr"},{"@type":"Organization","@id":"https:\/\/radioljubuski.ba\/#organization","name":"Radio Ljubu\u0161ki","url":"https:\/\/radioljubuski.ba\/","logo":{"@type":"ImageObject","inLanguage":"hr","@id":"https:\/\/radioljubuski.ba\/#\/schema\/logo\/image\/","url":"https:\/\/radioljubuski.ba\/wp-content\/uploads\/2021\/02\/cropped-Radio_Ljubuski_logo1.jpg","contentUrl":"https:\/\/radioljubuski.ba\/wp-content\/uploads\/2021\/02\/cropped-Radio_Ljubuski_logo1.jpg","width":512,"height":512,"caption":"Radio Ljubu\u0161ki"},"image":{"@id":"https:\/\/radioljubuski.ba\/#\/schema\/logo\/image\/"},"sameAs":["https:\/\/www.facebook.com\/Radiio-Ljubuski-1490835324566332","https:\/\/x.com\/radioljubuski","https:\/\/hr.linkedin.com\/company\/radio-ljubuski","https:\/\/www.youtube.com\/channel\/UCHYaeO_n0Db3tjNGudGpXyw"]},{"@type":"Person","@id":"https:\/\/radioljubuski.ba\/#\/schema\/person\/19fc700381a780f69665d7956c469e3b","name":"Radio Ljubu\u0161ki"}]}},"_links":{"self":[{"href":"https:\/\/radioljubuski.ba\/index.php\/wp-json\/wp\/v2\/posts\/25812","targetHints":{"allow":["GET"]}}],"collection":[{"href":"https:\/\/radioljubuski.ba\/index.php\/wp-json\/wp\/v2\/posts"}],"about":[{"href":"https:\/\/radioljubuski.ba\/index.php\/wp-json\/wp\/v2\/types\/post"}],"author":[{"embeddable":true,"href":"https:\/\/radioljubuski.ba\/index.php\/wp-json\/wp\/v2\/users\/2"}],"replies":[{"embeddable":true,"href":"https:\/\/radioljubuski.ba\/index.php\/wp-json\/wp\/v2\/comments?post=25812"}],"version-history":[{"count":1,"href":"https:\/\/radioljubuski.ba\/index.php\/wp-json\/wp\/v2\/posts\/25812\/revisions"}],"predecessor-version":[{"id":25813,"href":"https:\/\/radioljubuski.ba\/index.php\/wp-json\/wp\/v2\/posts\/25812\/revisions\/25813"}],"wp:featuredmedia":[{"embeddable":true,"href":"https:\/\/radioljubuski.ba\/index.php\/wp-json\/wp\/v2\/media\/517"}],"wp:attachment":[{"href":"https:\/\/radioljubuski.ba\/index.php\/wp-json\/wp\/v2\/media?parent=25812"}],"wp:term":[{"taxonomy":"category","embeddable":true,"href":"https:\/\/radioljubuski.ba\/index.php\/wp-json\/wp\/v2\/categories?post=25812"},{"taxonomy":"post_tag","embeddable":true,"href":"https:\/\/radioljubuski.ba\/index.php\/wp-json\/wp\/v2\/tags?post=25812"}],"curies":[{"name":"wp","href":"https:\/\/api.w.org\/{rel}","templated":true}]}}