{"id":25817,"date":"2021-05-28T07:54:28","date_gmt":"2021-05-28T06:54:28","guid":{"rendered":"https:\/\/radioljubuski.ba\/?p=25817"},"modified":"2021-05-28T07:54:29","modified_gmt":"2021-05-28T06:54:29","slug":"zzh-istekao-rok-serumu-protiv-zmijskog-otrova-a-nove-doze-tesko-nabaviti","status":"publish","type":"post","link":"https:\/\/radioljubuski.ba\/index.php\/2021\/05\/28\/zzh-istekao-rok-serumu-protiv-zmijskog-otrova-a-nove-doze-tesko-nabaviti\/","title":{"rendered":"\u017dZH: Istekao rok serumu protiv zmijskog otrova, a nove doze te\u0161ko nabaviti"},"content":{"rendered":"\n<h5 class=\"wp-block-heading\">Boravak u prirodi u ljetno vrijeme zahtjeva pove\u0107an oprez zbog mogu\u0107nosti ugriza zmije otrovnice radi \u010dega je nu\u017ean poja\u010dan oprez, posebno zbog nesta\u0161ice antiviperinog seruma, upozorila je ravnateljica Zavoda za javno zdravstvo \u017dupanije Zapadnohercegova\u010dke Andrea Juri\u0107.<\/h5>\n\n\n\n<p>Navela je kako se, prema njezinim informacijama,<strong>&nbsp;serum ne mo\u017ee nabaviti nigdje na podru\u010dju Federacije BiH<\/strong>&nbsp;i da, ina\u010de, nije dostupan u velikim koli\u010dinama na tr\u017ei\u0161tu.<\/p>\n\n\n\n<p><em>Mi smo imali svoje zalihe od nekih desetak doza. Me\u0111utim,\u00a0<strong>istekao im je rok trajanja<\/strong>. Sada tra\u017eimo na\u010dine da do\u0111emo do seruma<\/em>, kazala je Juri\u0107.<\/p>\n\n\n\n<p>Dodala je kako su za nabavku antiviperinih seruma prvenstveno zadu\u017eeni&nbsp;<strong>domovi zdravlja<\/strong>.<\/p>\n\n\n\n<p><em>Me\u0111utim, kad nam Federalni zavod za javno zdravstvo uspije dostaviti odre\u0111eni broj bo\u010dica antiviperinog seruma, mi ga odmah proslijedimo na domove zdravlja<\/em>, naglasila je Juri\u0107.<\/p>\n\n\n\n<p>Kad je u pitanju cijepljenje na podru\u010dju te \u017eupanije, Juri\u0107 isti\u010de kako je promocija imunizacije proces koji i dalje traje.<\/p>\n\n\n\n<p>Naglasila je kako Zavod planira&nbsp;<strong>\u0161est radionica za zdravstvene djelatnike<\/strong>&nbsp;vezano za sve informacije o cijepljenju protiv koronavirusa, a da je prije toga odra\u0111eno nekoliko radionica s nastavnim osobljem u osnovnim i srednjim \u0161kolama na podru\u010dju \u017dupanije.<\/p>\n\n\n\n<p><em>Mi nemamo zastoja u procesu imunizacije. Trenutno<strong>\u00a0nemamo veliki broj doza<\/strong>\u00a0i sve \u0161to stigne brzo se potro\u0161i. Kad do\u0111u ve\u0107e koli\u010dine doza cjepiva, tada \u0107e do\u0107i na ku\u0161nju cijeli na\u0161 sustav i vidjeti \u0107emo mo\u017eemo li to cjepivo zapravo plasirati do krajnjih korisnika. Moram naglasiti da za sada nemamo ve\u0107ih problema<\/em>, kazala je ravnateljica Zavoda za javno zdravstvo \u017dZH.<\/p>\n\n\n\n<p>Pohvalila je i dobru suradnju sa<strong>&nbsp;\u017eupanijskim Crvenim kri\u017eem<\/strong>.<\/p>\n\n\n\n<p><em>Skupa s njima<strong>&nbsp;radimo na plakatima za promociju imunizacije<\/strong>. Plakati su iznimno informativni i sadr\u017ee brojeve telefona na koje se svi zainteresirani mogu najaviti za cijeljenje. Pozivom na taj broj ljudi mogu dobiti sve informacije vezane za cijeljenje. Proces izrade plakata je ve\u0107 zapo\u010deo te \u0107e biti distribuirani na podru\u010dju cijele \u017eupanije. To je jedna pomo\u0107 Crvenog kri\u017ea na kojoj smo izrazito zahvalni<\/em>, zaklju\u010dila je Juri\u0107.<\/p>\n\n\n\n<p><strong>Izvor: Fena<\/strong> \/ Jabuka.tv<\/p>\n","protected":false},"excerpt":{"rendered":"<p>Boravak u prirodi u ljetno vrijeme zahtjeva pove\u0107an oprez zbog mogu\u0107nosti ugriza zmije otrovnice radi \u010dega je nu\u017ean poja\u010dan oprez, posebno zbog nesta\u0161ice antiviperinog seruma, upozorila je ravnateljica Zavoda za javno zdravstvo \u017dupanije Zapadnohercegova\u010dke Andrea Juri\u0107. Navela je kako se, prema njezinim informacijama,&nbsp;serum ne mo\u017ee nabaviti nigdje na podru\u010dju Federacije BiH&nbsp;i da, ina\u010de, nije dostupan [&hellip;]<\/p>\n","protected":false},"author":2,"featured_media":16648,"comment_status":"closed","ping_status":"closed","sticky":false,"template":"","format":"standard","meta":{"h5ap_radio_sources":[],"footnotes":""},"categories":[1],"tags":[],"class_list":["post-25817","post","type-post","status-publish","format-standard","has-post-thumbnail","hentry","category-bihiregija"],"yoast_head":"<!-- This site is optimized with the Yoast SEO plugin v27.5 - https:\/\/yoast.com\/product\/yoast-seo-wordpress\/ -->\n<title>\u017dZH: Istekao rok serumu protiv zmijskog otrova, a nove doze te\u0161ko nabaviti - RADIO LJUBU\u0160KI<\/title>\n<meta name=\"robots\" content=\"index, follow, max-snippet:-1, max-image-preview:large, max-video-preview:-1\" \/>\n<link rel=\"canonical\" href=\"https:\/\/radioljubuski.ba\/index.php\/2021\/05\/28\/zzh-istekao-rok-serumu-protiv-zmijskog-otrova-a-nove-doze-tesko-nabaviti\/\" \/>\n<meta property=\"og:locale\" content=\"hr_HR\" \/>\n<meta property=\"og:type\" content=\"article\" \/>\n<meta property=\"og:title\" content=\"\u017dZH: Istekao rok serumu protiv zmijskog otrova, a nove doze te\u0161ko nabaviti - RADIO LJUBU\u0160KI\" \/>\n<meta property=\"og:description\" content=\"Boravak u prirodi u ljetno vrijeme zahtjeva pove\u0107an oprez zbog mogu\u0107nosti ugriza zmije otrovnice radi \u010dega je nu\u017ean poja\u010dan oprez, posebno zbog nesta\u0161ice antiviperinog seruma, upozorila je ravnateljica Zavoda za javno zdravstvo \u017dupanije Zapadnohercegova\u010dke Andrea Juri\u0107. Navela je kako se, prema njezinim informacijama,&nbsp;serum ne mo\u017ee nabaviti nigdje na podru\u010dju Federacije BiH&nbsp;i da, ina\u010de, nije dostupan [&hellip;]\" \/>\n<meta property=\"og:url\" content=\"https:\/\/radioljubuski.ba\/index.php\/2021\/05\/28\/zzh-istekao-rok-serumu-protiv-zmijskog-otrova-a-nove-doze-tesko-nabaviti\/\" \/>\n<meta property=\"og:site_name\" content=\"RADIO LJUBU\u0160KI\" \/>\n<meta property=\"article:publisher\" content=\"https:\/\/www.facebook.com\/Radiio-Ljubuski-1490835324566332\" \/>\n<meta property=\"article:published_time\" content=\"2021-05-28T06:54:28+00:00\" \/>\n<meta property=\"article:modified_time\" content=\"2021-05-28T06:54:29+00:00\" \/>\n<meta property=\"og:image\" content=\"https:\/\/radioljubuski.ba\/wp-content\/uploads\/2021\/04\/e5pDL1cl_poskok.jpg\" \/>\n\t<meta property=\"og:image:width\" content=\"1000\" \/>\n\t<meta property=\"og:image:height\" content=\"625\" \/>\n\t<meta property=\"og:image:type\" content=\"image\/jpeg\" \/>\n<meta name=\"author\" content=\"Radio Ljubu\u0161ki\" \/>\n<meta name=\"twitter:card\" content=\"summary_large_image\" \/>\n<meta name=\"twitter:creator\" content=\"@radioljubuski\" \/>\n<meta name=\"twitter:site\" content=\"@radioljubuski\" \/>\n<meta name=\"twitter:label1\" content=\"Napisao\/la\" \/>\n\t<meta name=\"twitter:data1\" content=\"Radio Ljubu\u0161ki\" \/>\n\t<meta name=\"twitter:label2\" content=\"Procijenjeno vrijeme \u010ditanja\" \/>\n\t<meta name=\"twitter:data2\" content=\"2 minute\" \/>\n<script type=\"application\/ld+json\" class=\"yoast-schema-graph\">{\"@context\":\"https:\\\/\\\/schema.org\",\"@graph\":[{\"@type\":\"Article\",\"@id\":\"https:\\\/\\\/radioljubuski.ba\\\/index.php\\\/2021\\\/05\\\/28\\\/zzh-istekao-rok-serumu-protiv-zmijskog-otrova-a-nove-doze-tesko-nabaviti\\\/#article\",\"isPartOf\":{\"@id\":\"https:\\\/\\\/radioljubuski.ba\\\/index.php\\\/2021\\\/05\\\/28\\\/zzh-istekao-rok-serumu-protiv-zmijskog-otrova-a-nove-doze-tesko-nabaviti\\\/\"},\"author\":{\"name\":\"Radio Ljubu\u0161ki\",\"@id\":\"https:\\\/\\\/radioljubuski.ba\\\/#\\\/schema\\\/person\\\/19fc700381a780f69665d7956c469e3b\"},\"headline\":\"\u017dZH: Istekao rok serumu protiv zmijskog otrova, a nove doze te\u0161ko nabaviti\",\"datePublished\":\"2021-05-28T06:54:28+00:00\",\"dateModified\":\"2021-05-28T06:54:29+00:00\",\"mainEntityOfPage\":{\"@id\":\"https:\\\/\\\/radioljubuski.ba\\\/index.php\\\/2021\\\/05\\\/28\\\/zzh-istekao-rok-serumu-protiv-zmijskog-otrova-a-nove-doze-tesko-nabaviti\\\/\"},\"wordCount\":378,\"publisher\":{\"@id\":\"https:\\\/\\\/radioljubuski.ba\\\/#organization\"},\"image\":{\"@id\":\"https:\\\/\\\/radioljubuski.ba\\\/index.php\\\/2021\\\/05\\\/28\\\/zzh-istekao-rok-serumu-protiv-zmijskog-otrova-a-nove-doze-tesko-nabaviti\\\/#primaryimage\"},\"thumbnailUrl\":\"https:\\\/\\\/radioljubuski.ba\\\/wp-content\\\/uploads\\\/2021\\\/04\\\/e5pDL1cl_poskok.jpg\",\"articleSection\":[\"BIH i regija\"],\"inLanguage\":\"hr\"},{\"@type\":\"WebPage\",\"@id\":\"https:\\\/\\\/radioljubuski.ba\\\/index.php\\\/2021\\\/05\\\/28\\\/zzh-istekao-rok-serumu-protiv-zmijskog-otrova-a-nove-doze-tesko-nabaviti\\\/\",\"url\":\"https:\\\/\\\/radioljubuski.ba\\\/index.php\\\/2021\\\/05\\\/28\\\/zzh-istekao-rok-serumu-protiv-zmijskog-otrova-a-nove-doze-tesko-nabaviti\\\/\",\"name\":\"\u017dZH: Istekao rok serumu protiv zmijskog otrova, a nove doze te\u0161ko nabaviti - RADIO LJUBU\u0160KI\",\"isPartOf\":{\"@id\":\"https:\\\/\\\/radioljubuski.ba\\\/#website\"},\"primaryImageOfPage\":{\"@id\":\"https:\\\/\\\/radioljubuski.ba\\\/index.php\\\/2021\\\/05\\\/28\\\/zzh-istekao-rok-serumu-protiv-zmijskog-otrova-a-nove-doze-tesko-nabaviti\\\/#primaryimage\"},\"image\":{\"@id\":\"https:\\\/\\\/radioljubuski.ba\\\/index.php\\\/2021\\\/05\\\/28\\\/zzh-istekao-rok-serumu-protiv-zmijskog-otrova-a-nove-doze-tesko-nabaviti\\\/#primaryimage\"},\"thumbnailUrl\":\"https:\\\/\\\/radioljubuski.ba\\\/wp-content\\\/uploads\\\/2021\\\/04\\\/e5pDL1cl_poskok.jpg\",\"datePublished\":\"2021-05-28T06:54:28+00:00\",\"dateModified\":\"2021-05-28T06:54:29+00:00\",\"breadcrumb\":{\"@id\":\"https:\\\/\\\/radioljubuski.ba\\\/index.php\\\/2021\\\/05\\\/28\\\/zzh-istekao-rok-serumu-protiv-zmijskog-otrova-a-nove-doze-tesko-nabaviti\\\/#breadcrumb\"},\"inLanguage\":\"hr\",\"potentialAction\":[{\"@type\":\"ReadAction\",\"target\":[\"https:\\\/\\\/radioljubuski.ba\\\/index.php\\\/2021\\\/05\\\/28\\\/zzh-istekao-rok-serumu-protiv-zmijskog-otrova-a-nove-doze-tesko-nabaviti\\\/\"]}]},{\"@type\":\"ImageObject\",\"inLanguage\":\"hr\",\"@id\":\"https:\\\/\\\/radioljubuski.ba\\\/index.php\\\/2021\\\/05\\\/28\\\/zzh-istekao-rok-serumu-protiv-zmijskog-otrova-a-nove-doze-tesko-nabaviti\\\/#primaryimage\",\"url\":\"https:\\\/\\\/radioljubuski.ba\\\/wp-content\\\/uploads\\\/2021\\\/04\\\/e5pDL1cl_poskok.jpg\",\"contentUrl\":\"https:\\\/\\\/radioljubuski.ba\\\/wp-content\\\/uploads\\\/2021\\\/04\\\/e5pDL1cl_poskok.jpg\",\"width\":1000,\"height\":625},{\"@type\":\"BreadcrumbList\",\"@id\":\"https:\\\/\\\/radioljubuski.ba\\\/index.php\\\/2021\\\/05\\\/28\\\/zzh-istekao-rok-serumu-protiv-zmijskog-otrova-a-nove-doze-tesko-nabaviti\\\/#breadcrumb\",\"itemListElement\":[{\"@type\":\"ListItem\",\"position\":1,\"name\":\"Po\u010detna stranica\",\"item\":\"https:\\\/\\\/radioljubuski.ba\\\/\"},{\"@type\":\"ListItem\",\"position\":2,\"name\":\"\u017dZH: Istekao rok serumu protiv zmijskog otrova, a nove doze te\u0161ko nabaviti\"}]},{\"@type\":\"WebSite\",\"@id\":\"https:\\\/\\\/radioljubuski.ba\\\/#website\",\"url\":\"https:\\\/\\\/radioljubuski.ba\\\/\",\"name\":\"Radio Ljubu\u0161ki\",\"description\":\"Sun\u010dana frekvencija Hercegovine\",\"publisher\":{\"@id\":\"https:\\\/\\\/radioljubuski.ba\\\/#organization\"},\"potentialAction\":[{\"@type\":\"SearchAction\",\"target\":{\"@type\":\"EntryPoint\",\"urlTemplate\":\"https:\\\/\\\/radioljubuski.ba\\\/?s={search_term_string}\"},\"query-input\":{\"@type\":\"PropertyValueSpecification\",\"valueRequired\":true,\"valueName\":\"search_term_string\"}}],\"inLanguage\":\"hr\"},{\"@type\":\"Organization\",\"@id\":\"https:\\\/\\\/radioljubuski.ba\\\/#organization\",\"name\":\"Radio Ljubu\u0161ki\",\"url\":\"https:\\\/\\\/radioljubuski.ba\\\/\",\"logo\":{\"@type\":\"ImageObject\",\"inLanguage\":\"hr\",\"@id\":\"https:\\\/\\\/radioljubuski.ba\\\/#\\\/schema\\\/logo\\\/image\\\/\",\"url\":\"https:\\\/\\\/radioljubuski.ba\\\/wp-content\\\/uploads\\\/2021\\\/02\\\/cropped-Radio_Ljubuski_logo1.jpg\",\"contentUrl\":\"https:\\\/\\\/radioljubuski.ba\\\/wp-content\\\/uploads\\\/2021\\\/02\\\/cropped-Radio_Ljubuski_logo1.jpg\",\"width\":512,\"height\":512,\"caption\":\"Radio Ljubu\u0161ki\"},\"image\":{\"@id\":\"https:\\\/\\\/radioljubuski.ba\\\/#\\\/schema\\\/logo\\\/image\\\/\"},\"sameAs\":[\"https:\\\/\\\/www.facebook.com\\\/Radiio-Ljubuski-1490835324566332\",\"https:\\\/\\\/x.com\\\/radioljubuski\",\"https:\\\/\\\/hr.linkedin.com\\\/company\\\/radio-ljubuski\",\"https:\\\/\\\/www.youtube.com\\\/channel\\\/UCHYaeO_n0Db3tjNGudGpXyw\"]},{\"@type\":\"Person\",\"@id\":\"https:\\\/\\\/radioljubuski.ba\\\/#\\\/schema\\\/person\\\/19fc700381a780f69665d7956c469e3b\",\"name\":\"Radio Ljubu\u0161ki\"}]}<\/script>\n<!-- \/ Yoast SEO plugin. -->","yoast_head_json":{"title":"\u017dZH: Istekao rok serumu protiv zmijskog otrova, a nove doze te\u0161ko nabaviti - RADIO LJUBU\u0160KI","robots":{"index":"index","follow":"follow","max-snippet":"max-snippet:-1","max-image-preview":"max-image-preview:large","max-video-preview":"max-video-preview:-1"},"canonical":"https:\/\/radioljubuski.ba\/index.php\/2021\/05\/28\/zzh-istekao-rok-serumu-protiv-zmijskog-otrova-a-nove-doze-tesko-nabaviti\/","og_locale":"hr_HR","og_type":"article","og_title":"\u017dZH: Istekao rok serumu protiv zmijskog otrova, a nove doze te\u0161ko nabaviti - RADIO LJUBU\u0160KI","og_description":"Boravak u prirodi u ljetno vrijeme zahtjeva pove\u0107an oprez zbog mogu\u0107nosti ugriza zmije otrovnice radi \u010dega je nu\u017ean poja\u010dan oprez, posebno zbog nesta\u0161ice antiviperinog seruma, upozorila je ravnateljica Zavoda za javno zdravstvo \u017dupanije Zapadnohercegova\u010dke Andrea Juri\u0107. Navela je kako se, prema njezinim informacijama,&nbsp;serum ne mo\u017ee nabaviti nigdje na podru\u010dju Federacije BiH&nbsp;i da, ina\u010de, nije dostupan [&hellip;]","og_url":"https:\/\/radioljubuski.ba\/index.php\/2021\/05\/28\/zzh-istekao-rok-serumu-protiv-zmijskog-otrova-a-nove-doze-tesko-nabaviti\/","og_site_name":"RADIO LJUBU\u0160KI","article_publisher":"https:\/\/www.facebook.com\/Radiio-Ljubuski-1490835324566332","article_published_time":"2021-05-28T06:54:28+00:00","article_modified_time":"2021-05-28T06:54:29+00:00","og_image":[{"width":1000,"height":625,"url":"https:\/\/radioljubuski.ba\/wp-content\/uploads\/2021\/04\/e5pDL1cl_poskok.jpg","type":"image\/jpeg"}],"author":"Radio Ljubu\u0161ki","twitter_card":"summary_large_image","twitter_creator":"@radioljubuski","twitter_site":"@radioljubuski","twitter_misc":{"Napisao\/la":"Radio Ljubu\u0161ki","Procijenjeno vrijeme \u010ditanja":"2 minute"},"schema":{"@context":"https:\/\/schema.org","@graph":[{"@type":"Article","@id":"https:\/\/radioljubuski.ba\/index.php\/2021\/05\/28\/zzh-istekao-rok-serumu-protiv-zmijskog-otrova-a-nove-doze-tesko-nabaviti\/#article","isPartOf":{"@id":"https:\/\/radioljubuski.ba\/index.php\/2021\/05\/28\/zzh-istekao-rok-serumu-protiv-zmijskog-otrova-a-nove-doze-tesko-nabaviti\/"},"author":{"name":"Radio Ljubu\u0161ki","@id":"https:\/\/radioljubuski.ba\/#\/schema\/person\/19fc700381a780f69665d7956c469e3b"},"headline":"\u017dZH: Istekao rok serumu protiv zmijskog otrova, a nove doze te\u0161ko nabaviti","datePublished":"2021-05-28T06:54:28+00:00","dateModified":"2021-05-28T06:54:29+00:00","mainEntityOfPage":{"@id":"https:\/\/radioljubuski.ba\/index.php\/2021\/05\/28\/zzh-istekao-rok-serumu-protiv-zmijskog-otrova-a-nove-doze-tesko-nabaviti\/"},"wordCount":378,"publisher":{"@id":"https:\/\/radioljubuski.ba\/#organization"},"image":{"@id":"https:\/\/radioljubuski.ba\/index.php\/2021\/05\/28\/zzh-istekao-rok-serumu-protiv-zmijskog-otrova-a-nove-doze-tesko-nabaviti\/#primaryimage"},"thumbnailUrl":"https:\/\/radioljubuski.ba\/wp-content\/uploads\/2021\/04\/e5pDL1cl_poskok.jpg","articleSection":["BIH i regija"],"inLanguage":"hr"},{"@type":"WebPage","@id":"https:\/\/radioljubuski.ba\/index.php\/2021\/05\/28\/zzh-istekao-rok-serumu-protiv-zmijskog-otrova-a-nove-doze-tesko-nabaviti\/","url":"https:\/\/radioljubuski.ba\/index.php\/2021\/05\/28\/zzh-istekao-rok-serumu-protiv-zmijskog-otrova-a-nove-doze-tesko-nabaviti\/","name":"\u017dZH: Istekao rok serumu protiv zmijskog otrova, a nove doze te\u0161ko nabaviti - RADIO LJUBU\u0160KI","isPartOf":{"@id":"https:\/\/radioljubuski.ba\/#website"},"primaryImageOfPage":{"@id":"https:\/\/radioljubuski.ba\/index.php\/2021\/05\/28\/zzh-istekao-rok-serumu-protiv-zmijskog-otrova-a-nove-doze-tesko-nabaviti\/#primaryimage"},"image":{"@id":"https:\/\/radioljubuski.ba\/index.php\/2021\/05\/28\/zzh-istekao-rok-serumu-protiv-zmijskog-otrova-a-nove-doze-tesko-nabaviti\/#primaryimage"},"thumbnailUrl":"https:\/\/radioljubuski.ba\/wp-content\/uploads\/2021\/04\/e5pDL1cl_poskok.jpg","datePublished":"2021-05-28T06:54:28+00:00","dateModified":"2021-05-28T06:54:29+00:00","breadcrumb":{"@id":"https:\/\/radioljubuski.ba\/index.php\/2021\/05\/28\/zzh-istekao-rok-serumu-protiv-zmijskog-otrova-a-nove-doze-tesko-nabaviti\/#breadcrumb"},"inLanguage":"hr","potentialAction":[{"@type":"ReadAction","target":["https:\/\/radioljubuski.ba\/index.php\/2021\/05\/28\/zzh-istekao-rok-serumu-protiv-zmijskog-otrova-a-nove-doze-tesko-nabaviti\/"]}]},{"@type":"ImageObject","inLanguage":"hr","@id":"https:\/\/radioljubuski.ba\/index.php\/2021\/05\/28\/zzh-istekao-rok-serumu-protiv-zmijskog-otrova-a-nove-doze-tesko-nabaviti\/#primaryimage","url":"https:\/\/radioljubuski.ba\/wp-content\/uploads\/2021\/04\/e5pDL1cl_poskok.jpg","contentUrl":"https:\/\/radioljubuski.ba\/wp-content\/uploads\/2021\/04\/e5pDL1cl_poskok.jpg","width":1000,"height":625},{"@type":"BreadcrumbList","@id":"https:\/\/radioljubuski.ba\/index.php\/2021\/05\/28\/zzh-istekao-rok-serumu-protiv-zmijskog-otrova-a-nove-doze-tesko-nabaviti\/#breadcrumb","itemListElement":[{"@type":"ListItem","position":1,"name":"Po\u010detna stranica","item":"https:\/\/radioljubuski.ba\/"},{"@type":"ListItem","position":2,"name":"\u017dZH: Istekao rok serumu protiv zmijskog otrova, a nove doze te\u0161ko nabaviti"}]},{"@type":"WebSite","@id":"https:\/\/radioljubuski.ba\/#website","url":"https:\/\/radioljubuski.ba\/","name":"Radio Ljubu\u0161ki","description":"Sun\u010dana frekvencija Hercegovine","publisher":{"@id":"https:\/\/radioljubuski.ba\/#organization"},"potentialAction":[{"@type":"SearchAction","target":{"@type":"EntryPoint","urlTemplate":"https:\/\/radioljubuski.ba\/?s={search_term_string}"},"query-input":{"@type":"PropertyValueSpecification","valueRequired":true,"valueName":"search_term_string"}}],"inLanguage":"hr"},{"@type":"Organization","@id":"https:\/\/radioljubuski.ba\/#organization","name":"Radio Ljubu\u0161ki","url":"https:\/\/radioljubuski.ba\/","logo":{"@type":"ImageObject","inLanguage":"hr","@id":"https:\/\/radioljubuski.ba\/#\/schema\/logo\/image\/","url":"https:\/\/radioljubuski.ba\/wp-content\/uploads\/2021\/02\/cropped-Radio_Ljubuski_logo1.jpg","contentUrl":"https:\/\/radioljubuski.ba\/wp-content\/uploads\/2021\/02\/cropped-Radio_Ljubuski_logo1.jpg","width":512,"height":512,"caption":"Radio Ljubu\u0161ki"},"image":{"@id":"https:\/\/radioljubuski.ba\/#\/schema\/logo\/image\/"},"sameAs":["https:\/\/www.facebook.com\/Radiio-Ljubuski-1490835324566332","https:\/\/x.com\/radioljubuski","https:\/\/hr.linkedin.com\/company\/radio-ljubuski","https:\/\/www.youtube.com\/channel\/UCHYaeO_n0Db3tjNGudGpXyw"]},{"@type":"Person","@id":"https:\/\/radioljubuski.ba\/#\/schema\/person\/19fc700381a780f69665d7956c469e3b","name":"Radio Ljubu\u0161ki"}]}},"_links":{"self":[{"href":"https:\/\/radioljubuski.ba\/index.php\/wp-json\/wp\/v2\/posts\/25817","targetHints":{"allow":["GET"]}}],"collection":[{"href":"https:\/\/radioljubuski.ba\/index.php\/wp-json\/wp\/v2\/posts"}],"about":[{"href":"https:\/\/radioljubuski.ba\/index.php\/wp-json\/wp\/v2\/types\/post"}],"author":[{"embeddable":true,"href":"https:\/\/radioljubuski.ba\/index.php\/wp-json\/wp\/v2\/users\/2"}],"replies":[{"embeddable":true,"href":"https:\/\/radioljubuski.ba\/index.php\/wp-json\/wp\/v2\/comments?post=25817"}],"version-history":[{"count":1,"href":"https:\/\/radioljubuski.ba\/index.php\/wp-json\/wp\/v2\/posts\/25817\/revisions"}],"predecessor-version":[{"id":25818,"href":"https:\/\/radioljubuski.ba\/index.php\/wp-json\/wp\/v2\/posts\/25817\/revisions\/25818"}],"wp:featuredmedia":[{"embeddable":true,"href":"https:\/\/radioljubuski.ba\/index.php\/wp-json\/wp\/v2\/media\/16648"}],"wp:attachment":[{"href":"https:\/\/radioljubuski.ba\/index.php\/wp-json\/wp\/v2\/media?parent=25817"}],"wp:term":[{"taxonomy":"category","embeddable":true,"href":"https:\/\/radioljubuski.ba\/index.php\/wp-json\/wp\/v2\/categories?post=25817"},{"taxonomy":"post_tag","embeddable":true,"href":"https:\/\/radioljubuski.ba\/index.php\/wp-json\/wp\/v2\/tags?post=25817"}],"curies":[{"name":"wp","href":"https:\/\/api.w.org\/{rel}","templated":true}]}}