{"id":25834,"date":"2021-05-28T09:34:50","date_gmt":"2021-05-28T08:34:50","guid":{"rendered":"https:\/\/radioljubuski.ba\/?p=25834"},"modified":"2021-05-28T09:34:51","modified_gmt":"2021-05-28T08:34:51","slug":"preminuo-najstariji-franjevac-u-sirokobrijeskom-samostanu","status":"publish","type":"post","link":"https:\/\/radioljubuski.ba\/index.php\/2021\/05\/28\/preminuo-najstariji-franjevac-u-sirokobrijeskom-samostanu\/","title":{"rendered":"Preminuo najstariji franjevac u \u0161irokobrije\u0161kom samostanu"},"content":{"rendered":"\n<p>U petak u 7:00 sati u SKB Mostar preminuo je sve\u0107enik fra Ivan Kvesi\u0107 (18.10.1937.-28.5.2021.), objavili su iz Franjeva\u010dkog samostana \u0160iroki Brijeg.<br>Sveta misa zadu\u0161nica slavit \u0107e se u crkvi Uznesenja Bla\u017eene Djevice Marije u \u0160irokom Brijegu u subotu, 29. svibnja, u 13:30 sati.<\/p>\n\n\n\n<p>Tijelo \u0107e biti izlo\u017eeno u crkvi za osobnu molitvu i izraze su\u0107uti fra Ivanovoj redovni\u010dkoj zajednici i obitelji istog dana od 12:45 sati.<\/p>\n\n\n\n<p>Dragi fra Ivane, kao najstariji brat u na\u0161em samostanu bio si radost zajedni\u0161tva i primjer odgovornosti u sve\u0107eni\u010dkoj slu\u017ebi. Rado smo slu\u0161ali tvoje propovijedi kao i \u017eivotna sje\u0107anja. Ljudski pogo\u0111eni tvojim odlaskom uzdi\u017eemo svoje molitve Bogu za vje\u010dni \u017eivot. Preporu\u010dujemo na\u0161eg fra Ivana u va\u0161a molitve, kao i na\u0161u samostansku zajednicu te molitve za nova duhovna \u2013 redovni\u010dka i sve\u0107eni\u010dka \u2013 zvanja, napisali su \u0161irokobrije\u0161ki franjevci.<\/p>\n\n\n\n<iframe loading=\"lazy\" src=\"https:\/\/www.facebook.com\/plugins\/post.php?href=https%3A%2F%2Fwww.facebook.com%2Fgospinbrig.info%2Fposts%2F1919870768179520&#038;show_text=true&#038;width=500\" width=\"500\" height=\"724\" style=\"border:none;overflow:hidden\" scrolling=\"no\" frameborder=\"0\" allowfullscreen=\"true\" allow=\"autoplay; clipboard-write; encrypted-media; picture-in-picture; web-share\"><\/iframe>\n\n\n\n<p>Izvor:jabuka.tv<\/p>\n","protected":false},"excerpt":{"rendered":"<p>U petak u 7:00 sati u SKB Mostar preminuo je sve\u0107enik fra Ivan Kvesi\u0107 (18.10.1937.-28.5.2021.), objavili su iz Franjeva\u010dkog samostana \u0160iroki Brijeg.Sveta misa zadu\u0161nica slavit \u0107e se u crkvi Uznesenja Bla\u017eene Djevice Marije u \u0160irokom Brijegu u subotu, 29. svibnja, u 13:30 sati. Tijelo \u0107e biti izlo\u017eeno u crkvi za osobnu molitvu i izraze su\u0107uti [&hellip;]<\/p>\n","protected":false},"author":2,"featured_media":25835,"comment_status":"closed","ping_status":"closed","sticky":false,"template":"","format":"standard","meta":{"h5ap_radio_sources":[],"footnotes":""},"categories":[1],"tags":[],"class_list":["post-25834","post","type-post","status-publish","format-standard","has-post-thumbnail","hentry","category-bihiregija"],"yoast_head":"<!-- This site is optimized with the Yoast SEO plugin v27.4 - https:\/\/yoast.com\/product\/yoast-seo-wordpress\/ -->\n<title>Preminuo najstariji franjevac u \u0161irokobrije\u0161kom samostanu - RADIO LJUBU\u0160KI<\/title>\n<meta name=\"robots\" content=\"index, follow, max-snippet:-1, max-image-preview:large, max-video-preview:-1\" \/>\n<link rel=\"canonical\" href=\"https:\/\/radioljubuski.ba\/index.php\/2021\/05\/28\/preminuo-najstariji-franjevac-u-sirokobrijeskom-samostanu\/\" \/>\n<meta property=\"og:locale\" content=\"hr_HR\" \/>\n<meta property=\"og:type\" content=\"article\" \/>\n<meta property=\"og:title\" content=\"Preminuo najstariji franjevac u \u0161irokobrije\u0161kom samostanu - RADIO LJUBU\u0160KI\" \/>\n<meta property=\"og:description\" content=\"U petak u 7:00 sati u SKB Mostar preminuo je sve\u0107enik fra Ivan Kvesi\u0107 (18.10.1937.-28.5.2021.), objavili su iz Franjeva\u010dkog samostana \u0160iroki Brijeg.Sveta misa zadu\u0161nica slavit \u0107e se u crkvi Uznesenja Bla\u017eene Djevice Marije u \u0160irokom Brijegu u subotu, 29. svibnja, u 13:30 sati. Tijelo \u0107e biti izlo\u017eeno u crkvi za osobnu molitvu i izraze su\u0107uti [&hellip;]\" \/>\n<meta property=\"og:url\" content=\"https:\/\/radioljubuski.ba\/index.php\/2021\/05\/28\/preminuo-najstariji-franjevac-u-sirokobrijeskom-samostanu\/\" \/>\n<meta property=\"og:site_name\" content=\"RADIO LJUBU\u0160KI\" \/>\n<meta property=\"article:publisher\" content=\"https:\/\/www.facebook.com\/Radiio-Ljubuski-1490835324566332\" \/>\n<meta property=\"article:published_time\" content=\"2021-05-28T08:34:50+00:00\" \/>\n<meta property=\"article:modified_time\" content=\"2021-05-28T08:34:51+00:00\" \/>\n<meta property=\"og:image\" content=\"https:\/\/radioljubuski.ba\/wp-content\/uploads\/2021\/05\/2-2021-05-28-10-19-20-FRA-IVAN.png\" \/>\n\t<meta property=\"og:image:width\" content=\"1000\" \/>\n\t<meta property=\"og:image:height\" content=\"625\" \/>\n\t<meta property=\"og:image:type\" content=\"image\/png\" \/>\n<meta name=\"author\" content=\"Radio Ljubu\u0161ki\" \/>\n<meta name=\"twitter:card\" content=\"summary_large_image\" \/>\n<meta name=\"twitter:creator\" content=\"@radioljubuski\" \/>\n<meta name=\"twitter:site\" content=\"@radioljubuski\" \/>\n<meta name=\"twitter:label1\" content=\"Napisao\/la\" \/>\n\t<meta name=\"twitter:data1\" content=\"Radio Ljubu\u0161ki\" \/>\n\t<meta name=\"twitter:label2\" content=\"Procijenjeno vrijeme \u010ditanja\" \/>\n\t<meta name=\"twitter:data2\" content=\"1 minuta\" \/>\n<script type=\"application\/ld+json\" class=\"yoast-schema-graph\">{\"@context\":\"https:\\\/\\\/schema.org\",\"@graph\":[{\"@type\":\"Article\",\"@id\":\"https:\\\/\\\/radioljubuski.ba\\\/index.php\\\/2021\\\/05\\\/28\\\/preminuo-najstariji-franjevac-u-sirokobrijeskom-samostanu\\\/#article\",\"isPartOf\":{\"@id\":\"https:\\\/\\\/radioljubuski.ba\\\/index.php\\\/2021\\\/05\\\/28\\\/preminuo-najstariji-franjevac-u-sirokobrijeskom-samostanu\\\/\"},\"author\":{\"name\":\"Radio Ljubu\u0161ki\",\"@id\":\"https:\\\/\\\/radioljubuski.ba\\\/#\\\/schema\\\/person\\\/19fc700381a780f69665d7956c469e3b\"},\"headline\":\"Preminuo najstariji franjevac u \u0161irokobrije\u0161kom samostanu\",\"datePublished\":\"2021-05-28T08:34:50+00:00\",\"dateModified\":\"2021-05-28T08:34:51+00:00\",\"mainEntityOfPage\":{\"@id\":\"https:\\\/\\\/radioljubuski.ba\\\/index.php\\\/2021\\\/05\\\/28\\\/preminuo-najstariji-franjevac-u-sirokobrijeskom-samostanu\\\/\"},\"wordCount\":162,\"publisher\":{\"@id\":\"https:\\\/\\\/radioljubuski.ba\\\/#organization\"},\"image\":{\"@id\":\"https:\\\/\\\/radioljubuski.ba\\\/index.php\\\/2021\\\/05\\\/28\\\/preminuo-najstariji-franjevac-u-sirokobrijeskom-samostanu\\\/#primaryimage\"},\"thumbnailUrl\":\"https:\\\/\\\/radioljubuski.ba\\\/wp-content\\\/uploads\\\/2021\\\/05\\\/2-2021-05-28-10-19-20-FRA-IVAN.png\",\"articleSection\":[\"BIH i regija\"],\"inLanguage\":\"hr\"},{\"@type\":\"WebPage\",\"@id\":\"https:\\\/\\\/radioljubuski.ba\\\/index.php\\\/2021\\\/05\\\/28\\\/preminuo-najstariji-franjevac-u-sirokobrijeskom-samostanu\\\/\",\"url\":\"https:\\\/\\\/radioljubuski.ba\\\/index.php\\\/2021\\\/05\\\/28\\\/preminuo-najstariji-franjevac-u-sirokobrijeskom-samostanu\\\/\",\"name\":\"Preminuo najstariji franjevac u \u0161irokobrije\u0161kom samostanu - RADIO LJUBU\u0160KI\",\"isPartOf\":{\"@id\":\"https:\\\/\\\/radioljubuski.ba\\\/#website\"},\"primaryImageOfPage\":{\"@id\":\"https:\\\/\\\/radioljubuski.ba\\\/index.php\\\/2021\\\/05\\\/28\\\/preminuo-najstariji-franjevac-u-sirokobrijeskom-samostanu\\\/#primaryimage\"},\"image\":{\"@id\":\"https:\\\/\\\/radioljubuski.ba\\\/index.php\\\/2021\\\/05\\\/28\\\/preminuo-najstariji-franjevac-u-sirokobrijeskom-samostanu\\\/#primaryimage\"},\"thumbnailUrl\":\"https:\\\/\\\/radioljubuski.ba\\\/wp-content\\\/uploads\\\/2021\\\/05\\\/2-2021-05-28-10-19-20-FRA-IVAN.png\",\"datePublished\":\"2021-05-28T08:34:50+00:00\",\"dateModified\":\"2021-05-28T08:34:51+00:00\",\"breadcrumb\":{\"@id\":\"https:\\\/\\\/radioljubuski.ba\\\/index.php\\\/2021\\\/05\\\/28\\\/preminuo-najstariji-franjevac-u-sirokobrijeskom-samostanu\\\/#breadcrumb\"},\"inLanguage\":\"hr\",\"potentialAction\":[{\"@type\":\"ReadAction\",\"target\":[\"https:\\\/\\\/radioljubuski.ba\\\/index.php\\\/2021\\\/05\\\/28\\\/preminuo-najstariji-franjevac-u-sirokobrijeskom-samostanu\\\/\"]}]},{\"@type\":\"ImageObject\",\"inLanguage\":\"hr\",\"@id\":\"https:\\\/\\\/radioljubuski.ba\\\/index.php\\\/2021\\\/05\\\/28\\\/preminuo-najstariji-franjevac-u-sirokobrijeskom-samostanu\\\/#primaryimage\",\"url\":\"https:\\\/\\\/radioljubuski.ba\\\/wp-content\\\/uploads\\\/2021\\\/05\\\/2-2021-05-28-10-19-20-FRA-IVAN.png\",\"contentUrl\":\"https:\\\/\\\/radioljubuski.ba\\\/wp-content\\\/uploads\\\/2021\\\/05\\\/2-2021-05-28-10-19-20-FRA-IVAN.png\",\"width\":1000,\"height\":625},{\"@type\":\"BreadcrumbList\",\"@id\":\"https:\\\/\\\/radioljubuski.ba\\\/index.php\\\/2021\\\/05\\\/28\\\/preminuo-najstariji-franjevac-u-sirokobrijeskom-samostanu\\\/#breadcrumb\",\"itemListElement\":[{\"@type\":\"ListItem\",\"position\":1,\"name\":\"Po\u010detna stranica\",\"item\":\"https:\\\/\\\/radioljubuski.ba\\\/\"},{\"@type\":\"ListItem\",\"position\":2,\"name\":\"Preminuo najstariji franjevac u \u0161irokobrije\u0161kom samostanu\"}]},{\"@type\":\"WebSite\",\"@id\":\"https:\\\/\\\/radioljubuski.ba\\\/#website\",\"url\":\"https:\\\/\\\/radioljubuski.ba\\\/\",\"name\":\"Radio Ljubu\u0161ki\",\"description\":\"Sun\u010dana frekvencija Hercegovine\",\"publisher\":{\"@id\":\"https:\\\/\\\/radioljubuski.ba\\\/#organization\"},\"potentialAction\":[{\"@type\":\"SearchAction\",\"target\":{\"@type\":\"EntryPoint\",\"urlTemplate\":\"https:\\\/\\\/radioljubuski.ba\\\/?s={search_term_string}\"},\"query-input\":{\"@type\":\"PropertyValueSpecification\",\"valueRequired\":true,\"valueName\":\"search_term_string\"}}],\"inLanguage\":\"hr\"},{\"@type\":\"Organization\",\"@id\":\"https:\\\/\\\/radioljubuski.ba\\\/#organization\",\"name\":\"Radio Ljubu\u0161ki\",\"url\":\"https:\\\/\\\/radioljubuski.ba\\\/\",\"logo\":{\"@type\":\"ImageObject\",\"inLanguage\":\"hr\",\"@id\":\"https:\\\/\\\/radioljubuski.ba\\\/#\\\/schema\\\/logo\\\/image\\\/\",\"url\":\"https:\\\/\\\/radioljubuski.ba\\\/wp-content\\\/uploads\\\/2021\\\/02\\\/cropped-Radio_Ljubuski_logo1.jpg\",\"contentUrl\":\"https:\\\/\\\/radioljubuski.ba\\\/wp-content\\\/uploads\\\/2021\\\/02\\\/cropped-Radio_Ljubuski_logo1.jpg\",\"width\":512,\"height\":512,\"caption\":\"Radio Ljubu\u0161ki\"},\"image\":{\"@id\":\"https:\\\/\\\/radioljubuski.ba\\\/#\\\/schema\\\/logo\\\/image\\\/\"},\"sameAs\":[\"https:\\\/\\\/www.facebook.com\\\/Radiio-Ljubuski-1490835324566332\",\"https:\\\/\\\/x.com\\\/radioljubuski\",\"https:\\\/\\\/hr.linkedin.com\\\/company\\\/radio-ljubuski\",\"https:\\\/\\\/www.youtube.com\\\/channel\\\/UCHYaeO_n0Db3tjNGudGpXyw\"]},{\"@type\":\"Person\",\"@id\":\"https:\\\/\\\/radioljubuski.ba\\\/#\\\/schema\\\/person\\\/19fc700381a780f69665d7956c469e3b\",\"name\":\"Radio Ljubu\u0161ki\"}]}<\/script>\n<!-- \/ Yoast SEO plugin. -->","yoast_head_json":{"title":"Preminuo najstariji franjevac u \u0161irokobrije\u0161kom samostanu - RADIO LJUBU\u0160KI","robots":{"index":"index","follow":"follow","max-snippet":"max-snippet:-1","max-image-preview":"max-image-preview:large","max-video-preview":"max-video-preview:-1"},"canonical":"https:\/\/radioljubuski.ba\/index.php\/2021\/05\/28\/preminuo-najstariji-franjevac-u-sirokobrijeskom-samostanu\/","og_locale":"hr_HR","og_type":"article","og_title":"Preminuo najstariji franjevac u \u0161irokobrije\u0161kom samostanu - RADIO LJUBU\u0160KI","og_description":"U petak u 7:00 sati u SKB Mostar preminuo je sve\u0107enik fra Ivan Kvesi\u0107 (18.10.1937.-28.5.2021.), objavili su iz Franjeva\u010dkog samostana \u0160iroki Brijeg.Sveta misa zadu\u0161nica slavit \u0107e se u crkvi Uznesenja Bla\u017eene Djevice Marije u \u0160irokom Brijegu u subotu, 29. svibnja, u 13:30 sati. Tijelo \u0107e biti izlo\u017eeno u crkvi za osobnu molitvu i izraze su\u0107uti [&hellip;]","og_url":"https:\/\/radioljubuski.ba\/index.php\/2021\/05\/28\/preminuo-najstariji-franjevac-u-sirokobrijeskom-samostanu\/","og_site_name":"RADIO LJUBU\u0160KI","article_publisher":"https:\/\/www.facebook.com\/Radiio-Ljubuski-1490835324566332","article_published_time":"2021-05-28T08:34:50+00:00","article_modified_time":"2021-05-28T08:34:51+00:00","og_image":[{"width":1000,"height":625,"url":"https:\/\/radioljubuski.ba\/wp-content\/uploads\/2021\/05\/2-2021-05-28-10-19-20-FRA-IVAN.png","type":"image\/png"}],"author":"Radio Ljubu\u0161ki","twitter_card":"summary_large_image","twitter_creator":"@radioljubuski","twitter_site":"@radioljubuski","twitter_misc":{"Napisao\/la":"Radio Ljubu\u0161ki","Procijenjeno vrijeme \u010ditanja":"1 minuta"},"schema":{"@context":"https:\/\/schema.org","@graph":[{"@type":"Article","@id":"https:\/\/radioljubuski.ba\/index.php\/2021\/05\/28\/preminuo-najstariji-franjevac-u-sirokobrijeskom-samostanu\/#article","isPartOf":{"@id":"https:\/\/radioljubuski.ba\/index.php\/2021\/05\/28\/preminuo-najstariji-franjevac-u-sirokobrijeskom-samostanu\/"},"author":{"name":"Radio Ljubu\u0161ki","@id":"https:\/\/radioljubuski.ba\/#\/schema\/person\/19fc700381a780f69665d7956c469e3b"},"headline":"Preminuo najstariji franjevac u \u0161irokobrije\u0161kom samostanu","datePublished":"2021-05-28T08:34:50+00:00","dateModified":"2021-05-28T08:34:51+00:00","mainEntityOfPage":{"@id":"https:\/\/radioljubuski.ba\/index.php\/2021\/05\/28\/preminuo-najstariji-franjevac-u-sirokobrijeskom-samostanu\/"},"wordCount":162,"publisher":{"@id":"https:\/\/radioljubuski.ba\/#organization"},"image":{"@id":"https:\/\/radioljubuski.ba\/index.php\/2021\/05\/28\/preminuo-najstariji-franjevac-u-sirokobrijeskom-samostanu\/#primaryimage"},"thumbnailUrl":"https:\/\/radioljubuski.ba\/wp-content\/uploads\/2021\/05\/2-2021-05-28-10-19-20-FRA-IVAN.png","articleSection":["BIH i regija"],"inLanguage":"hr"},{"@type":"WebPage","@id":"https:\/\/radioljubuski.ba\/index.php\/2021\/05\/28\/preminuo-najstariji-franjevac-u-sirokobrijeskom-samostanu\/","url":"https:\/\/radioljubuski.ba\/index.php\/2021\/05\/28\/preminuo-najstariji-franjevac-u-sirokobrijeskom-samostanu\/","name":"Preminuo najstariji franjevac u \u0161irokobrije\u0161kom samostanu - RADIO LJUBU\u0160KI","isPartOf":{"@id":"https:\/\/radioljubuski.ba\/#website"},"primaryImageOfPage":{"@id":"https:\/\/radioljubuski.ba\/index.php\/2021\/05\/28\/preminuo-najstariji-franjevac-u-sirokobrijeskom-samostanu\/#primaryimage"},"image":{"@id":"https:\/\/radioljubuski.ba\/index.php\/2021\/05\/28\/preminuo-najstariji-franjevac-u-sirokobrijeskom-samostanu\/#primaryimage"},"thumbnailUrl":"https:\/\/radioljubuski.ba\/wp-content\/uploads\/2021\/05\/2-2021-05-28-10-19-20-FRA-IVAN.png","datePublished":"2021-05-28T08:34:50+00:00","dateModified":"2021-05-28T08:34:51+00:00","breadcrumb":{"@id":"https:\/\/radioljubuski.ba\/index.php\/2021\/05\/28\/preminuo-najstariji-franjevac-u-sirokobrijeskom-samostanu\/#breadcrumb"},"inLanguage":"hr","potentialAction":[{"@type":"ReadAction","target":["https:\/\/radioljubuski.ba\/index.php\/2021\/05\/28\/preminuo-najstariji-franjevac-u-sirokobrijeskom-samostanu\/"]}]},{"@type":"ImageObject","inLanguage":"hr","@id":"https:\/\/radioljubuski.ba\/index.php\/2021\/05\/28\/preminuo-najstariji-franjevac-u-sirokobrijeskom-samostanu\/#primaryimage","url":"https:\/\/radioljubuski.ba\/wp-content\/uploads\/2021\/05\/2-2021-05-28-10-19-20-FRA-IVAN.png","contentUrl":"https:\/\/radioljubuski.ba\/wp-content\/uploads\/2021\/05\/2-2021-05-28-10-19-20-FRA-IVAN.png","width":1000,"height":625},{"@type":"BreadcrumbList","@id":"https:\/\/radioljubuski.ba\/index.php\/2021\/05\/28\/preminuo-najstariji-franjevac-u-sirokobrijeskom-samostanu\/#breadcrumb","itemListElement":[{"@type":"ListItem","position":1,"name":"Po\u010detna stranica","item":"https:\/\/radioljubuski.ba\/"},{"@type":"ListItem","position":2,"name":"Preminuo najstariji franjevac u \u0161irokobrije\u0161kom samostanu"}]},{"@type":"WebSite","@id":"https:\/\/radioljubuski.ba\/#website","url":"https:\/\/radioljubuski.ba\/","name":"Radio Ljubu\u0161ki","description":"Sun\u010dana frekvencija Hercegovine","publisher":{"@id":"https:\/\/radioljubuski.ba\/#organization"},"potentialAction":[{"@type":"SearchAction","target":{"@type":"EntryPoint","urlTemplate":"https:\/\/radioljubuski.ba\/?s={search_term_string}"},"query-input":{"@type":"PropertyValueSpecification","valueRequired":true,"valueName":"search_term_string"}}],"inLanguage":"hr"},{"@type":"Organization","@id":"https:\/\/radioljubuski.ba\/#organization","name":"Radio Ljubu\u0161ki","url":"https:\/\/radioljubuski.ba\/","logo":{"@type":"ImageObject","inLanguage":"hr","@id":"https:\/\/radioljubuski.ba\/#\/schema\/logo\/image\/","url":"https:\/\/radioljubuski.ba\/wp-content\/uploads\/2021\/02\/cropped-Radio_Ljubuski_logo1.jpg","contentUrl":"https:\/\/radioljubuski.ba\/wp-content\/uploads\/2021\/02\/cropped-Radio_Ljubuski_logo1.jpg","width":512,"height":512,"caption":"Radio Ljubu\u0161ki"},"image":{"@id":"https:\/\/radioljubuski.ba\/#\/schema\/logo\/image\/"},"sameAs":["https:\/\/www.facebook.com\/Radiio-Ljubuski-1490835324566332","https:\/\/x.com\/radioljubuski","https:\/\/hr.linkedin.com\/company\/radio-ljubuski","https:\/\/www.youtube.com\/channel\/UCHYaeO_n0Db3tjNGudGpXyw"]},{"@type":"Person","@id":"https:\/\/radioljubuski.ba\/#\/schema\/person\/19fc700381a780f69665d7956c469e3b","name":"Radio Ljubu\u0161ki"}]}},"_links":{"self":[{"href":"https:\/\/radioljubuski.ba\/index.php\/wp-json\/wp\/v2\/posts\/25834","targetHints":{"allow":["GET"]}}],"collection":[{"href":"https:\/\/radioljubuski.ba\/index.php\/wp-json\/wp\/v2\/posts"}],"about":[{"href":"https:\/\/radioljubuski.ba\/index.php\/wp-json\/wp\/v2\/types\/post"}],"author":[{"embeddable":true,"href":"https:\/\/radioljubuski.ba\/index.php\/wp-json\/wp\/v2\/users\/2"}],"replies":[{"embeddable":true,"href":"https:\/\/radioljubuski.ba\/index.php\/wp-json\/wp\/v2\/comments?post=25834"}],"version-history":[{"count":1,"href":"https:\/\/radioljubuski.ba\/index.php\/wp-json\/wp\/v2\/posts\/25834\/revisions"}],"predecessor-version":[{"id":25836,"href":"https:\/\/radioljubuski.ba\/index.php\/wp-json\/wp\/v2\/posts\/25834\/revisions\/25836"}],"wp:featuredmedia":[{"embeddable":true,"href":"https:\/\/radioljubuski.ba\/index.php\/wp-json\/wp\/v2\/media\/25835"}],"wp:attachment":[{"href":"https:\/\/radioljubuski.ba\/index.php\/wp-json\/wp\/v2\/media?parent=25834"}],"wp:term":[{"taxonomy":"category","embeddable":true,"href":"https:\/\/radioljubuski.ba\/index.php\/wp-json\/wp\/v2\/categories?post=25834"},{"taxonomy":"post_tag","embeddable":true,"href":"https:\/\/radioljubuski.ba\/index.php\/wp-json\/wp\/v2\/tags?post=25834"}],"curies":[{"name":"wp","href":"https:\/\/api.w.org\/{rel}","templated":true}]}}