{"id":25872,"date":"2021-05-28T10:27:40","date_gmt":"2021-05-28T09:27:40","guid":{"rendered":"https:\/\/radioljubuski.ba\/?p=25872"},"modified":"2021-05-28T10:27:41","modified_gmt":"2021-05-28T09:27:41","slug":"zidare-tesko-naci-i-za-dnevnicu-od-100-km","status":"publish","type":"post","link":"https:\/\/radioljubuski.ba\/index.php\/2021\/05\/28\/zidare-tesko-naci-i-za-dnevnicu-od-100-km\/","title":{"rendered":"Zidare te\u0161ko na\u0107i i za dnevnicu od 100 KM"},"content":{"rendered":"\n<p>Kerami\u010dari, zidari, moleri, varioci, vodoinstalateri, mesari i voza\u010di, samo su neki od radnika kojih i dalje nedostaje na tr\u017ei\u0161tu rada u BiH.<\/p>\n\n\n\n<p>Kako ka\u017eu sugovornici, razlog nedostatka zanatlija je to \u0161to se malo tog kadara \u0161koluje i \u0161to je veliki broj obu\u010denih zanatlija oti\u0161ao u inozemstvo u potragu za boljom pla\u0107om.<\/p>\n\n\n\n<p>Lazo \u0160e\u0161i\u0107, predsjednik Zanatsko-poduzetni\u010dke komore RS, kazao je da se ne usmjeravaju dovoljno djeca na zanate.<\/p>\n\n\n\n<p>&#8220;Svi \u017eele da njihova djeca budu direktori, pravnici, dok na zanatska zanimanja rijetko tko upu\u0107uje svoje dijete&#8221;, kazao je \u0160e\u0161i\u0107.<\/p>\n\n\n\n<p>Prema njegovim rije\u010dima, u dana\u0161nje vrijeme zanatlija je gospodin \u010dovjek, jer veliki dio posla rade strojevi.<\/p>\n\n\n\n<p>&#8220;Me\u0111utim, treba znati upravljati strojevima, ne mo\u017eemo vr\u0161iti prekvalifikaciju nekog od 50 godina i da on bude dobar kerami\u010dar, prvo mora izu\u010diti zanat&#8221;, kazao je \u0160e\u0161i\u0107.<\/p>\n\n\n\n<p>Da smo do\u0161li u situacije da se zanatlije poput kerami\u010dara, varioca, mesara, tra\u017ee svije\u0107om, ka\u017ee i Jovan Brati\u0107, direktor Zanatsko-poduzetni\u010dke komore RS.<\/p>\n\n\n\n<p>&#8220;Zanatstvo na na\u0161em podru\u010dju nestaje i zbog toga dolazi do poskupljenja, \u0161to bi trebala biti&nbsp; motivacija djeci da upisuju zanatske djelatnosti, jer je u njima budu\u0107nost&#8221;, kazao je Brati\u0107 za &#8220;Nezavisne&#8221;.<\/p>\n\n\n\n<p>Kao razlog manjak zanatlija na doma\u0107em tr\u017ei\u0161tu Brati\u0107 isti\u010de da radnici odlaze u inozemstvo, gdje su, tako\u0111er, deficitarni, a znatno bolje pla\u0107eni nego u BiH.<\/p>\n\n\n\n<p>&#8220;Zidari, vodoinstalateri, moleri i svi drugi zanati su tra\u017eeni u cijelom svijetu, ne samo kod nas, jer jednostavno zanatlija nema i potra\u017enja za njima je sve ve\u0107a. Moleri ili zidari danas se ne mogu na\u0107i za dnevnicu ispod 100 KM, a ranije je bila 50 KM&#8221;, ispri\u010dao je Brati\u0107.<\/p>\n\n\n\n<p>Naveo je da je te\u0161ko na\u0107i kerami\u010dara koji \u0107e raditi ispod 15 KM po kvadratu, a ranijih godina je to iznosilo i po osam KM.<\/p>\n\n\n\n<p>Prema njegovim rije\u010dima, \u0161to se ti\u010de RS, najvi\u0161e nedostaje varilaca, tesara, zidara, mehani\u010dara, tokara&#8230;<\/p>\n\n\n\n<p>&#8220;Nama sad fali i kuhara i konobara, jer nam je Hrvatska pokupila sve te sezonske radnike, koji su tamo dobro pla\u0107eni&#8221;, pri\u010da Brati\u0107.<\/p>\n\n\n\n<p>Kako ka\u017ee, da bi poslodavci u svim oblastima zadr\u017eali radnike morat \u0107e da podignu pla\u0107e, ina\u010de \u0107e morati da zatvaraju svoje firme, jer \u0107e ostati bez radnog kadra.<\/p>\n\n\n\n<p>Kemal Isanovi\u0107, tajnik Obrtni\u010dke komore \u017dupanije Sarajevo, za &#8220;Nezavisne&#8221; je kazao da FBiH ima problema s nedostakom zanatlija. I ono malo \u0161to ih ima, dodaje, te\u0161ko je do\u0107i do njih, jer su veoma tra\u017eeni i prezauzeti.<\/p>\n\n\n\n<p>&#8220;Nije bitno da li se radi o ve\u0107em ili manjem gradu, zantlije je veoma te\u0161ko na\u0107i&#8221;, isti\u010de Isanovi\u0107 i dodaje da fali svih kadrova zanatlija.<\/p>\n\n\n\n<p>Da je evidentno da imamo problem s nedostatkom radne snage u tim oblastima, potvrdio je i Sa\u0161a Trivi\u0107, predsjednik Unije udru\u017eenja poslodavaca RS.<\/p>\n\n\n\n<p>&#8220;Razlog manjka zanatlija je to \u0161to se malo u\u010denika upisuje na zanate, ali su i dosta manje pla\u0107e, te onog trenutaka kada te\u0161ki rad bude pla\u0107en kao neki drugi &#8211; onda \u0107e \u0111aci upisivati ta zanimanja&#8221;, kazao je Trivi\u0107 i dodao da je evidentno da nedostak radne snage di\u017ee cijene rada.<\/p>\n\n\n\n<p>Isti\u010de da \u0107e, ukoliko se ne bude \u0161kolovalo vi\u0161e kadra za zanatlije, u nekom budu\u0107em vremenu biti bolje pla\u0107en zidar nego doktor.<\/p>\n\n\n\n<p>Kerami\u010dar Asim Su\u0161i\u0107 iz Sarajeva, koji svoje usluge nudi putem oglasa, ka\u017ee da postavljanje keramike po kvadratu ko\u0161ta 15 KM te da ima pune ruke posla.<\/p>\n\n\n\n<p>&#8220;Ne mogu ni posti\u0107i sve poslove za koje me zovu ljudi&#8221;, ka\u017ee ovaj Sarajlija.<\/p>\n\n\n\n<p>Izvor:nezavisne.com<\/p>\n","protected":false},"excerpt":{"rendered":"<p>Kerami\u010dari, zidari, moleri, varioci, vodoinstalateri, mesari i voza\u010di, samo su neki od radnika kojih i dalje nedostaje na tr\u017ei\u0161tu rada u BiH. Kako ka\u017eu sugovornici, razlog nedostatka zanatlija je to \u0161to se malo tog kadara \u0161koluje i \u0161to je veliki broj obu\u010denih zanatlija oti\u0161ao u inozemstvo u potragu za boljom pla\u0107om. Lazo \u0160e\u0161i\u0107, predsjednik Zanatsko-poduzetni\u010dke [&hellip;]<\/p>\n","protected":false},"author":2,"featured_media":25873,"comment_status":"closed","ping_status":"closed","sticky":false,"template":"","format":"standard","meta":{"h5ap_radio_sources":[],"footnotes":""},"categories":[1],"tags":[],"class_list":["post-25872","post","type-post","status-publish","format-standard","has-post-thumbnail","hentry","category-bihiregija"],"yoast_head":"<!-- This site is optimized with the Yoast SEO plugin v27.5 - https:\/\/yoast.com\/product\/yoast-seo-wordpress\/ -->\n<title>Zidare te\u0161ko na\u0107i i za dnevnicu od 100 KM - RADIO LJUBU\u0160KI<\/title>\n<meta name=\"robots\" content=\"index, follow, max-snippet:-1, max-image-preview:large, max-video-preview:-1\" \/>\n<link rel=\"canonical\" href=\"https:\/\/radioljubuski.ba\/index.php\/2021\/05\/28\/zidare-tesko-naci-i-za-dnevnicu-od-100-km\/\" \/>\n<meta property=\"og:locale\" content=\"hr_HR\" \/>\n<meta property=\"og:type\" content=\"article\" \/>\n<meta property=\"og:title\" content=\"Zidare te\u0161ko na\u0107i i za dnevnicu od 100 KM - RADIO LJUBU\u0160KI\" \/>\n<meta property=\"og:description\" content=\"Kerami\u010dari, zidari, moleri, varioci, vodoinstalateri, mesari i voza\u010di, samo su neki od radnika kojih i dalje nedostaje na tr\u017ei\u0161tu rada u BiH. Kako ka\u017eu sugovornici, razlog nedostatka zanatlija je to \u0161to se malo tog kadara \u0161koluje i \u0161to je veliki broj obu\u010denih zanatlija oti\u0161ao u inozemstvo u potragu za boljom pla\u0107om. Lazo \u0160e\u0161i\u0107, predsjednik Zanatsko-poduzetni\u010dke [&hellip;]\" \/>\n<meta property=\"og:url\" content=\"https:\/\/radioljubuski.ba\/index.php\/2021\/05\/28\/zidare-tesko-naci-i-za-dnevnicu-od-100-km\/\" \/>\n<meta property=\"og:site_name\" content=\"RADIO LJUBU\u0160KI\" \/>\n<meta property=\"article:publisher\" content=\"https:\/\/www.facebook.com\/Radiio-Ljubuski-1490835324566332\" \/>\n<meta property=\"article:published_time\" content=\"2021-05-28T09:27:40+00:00\" \/>\n<meta property=\"article:modified_time\" content=\"2021-05-28T09:27:41+00:00\" \/>\n<meta property=\"og:image\" content=\"https:\/\/radioljubuski.ba\/wp-content\/uploads\/2021\/05\/20210527162309_663696.jpg\" \/>\n\t<meta property=\"og:image:width\" content=\"750\" \/>\n\t<meta property=\"og:image:height\" content=\"500\" \/>\n\t<meta property=\"og:image:type\" content=\"image\/jpeg\" \/>\n<meta name=\"author\" content=\"Radio Ljubu\u0161ki\" \/>\n<meta name=\"twitter:card\" content=\"summary_large_image\" \/>\n<meta name=\"twitter:creator\" content=\"@radioljubuski\" \/>\n<meta name=\"twitter:site\" content=\"@radioljubuski\" \/>\n<meta name=\"twitter:label1\" content=\"Napisao\/la\" \/>\n\t<meta name=\"twitter:data1\" content=\"Radio Ljubu\u0161ki\" \/>\n\t<meta name=\"twitter:label2\" content=\"Procijenjeno vrijeme \u010ditanja\" \/>\n\t<meta name=\"twitter:data2\" content=\"3 minute\" \/>\n<script type=\"application\/ld+json\" class=\"yoast-schema-graph\">{\"@context\":\"https:\\\/\\\/schema.org\",\"@graph\":[{\"@type\":\"Article\",\"@id\":\"https:\\\/\\\/radioljubuski.ba\\\/index.php\\\/2021\\\/05\\\/28\\\/zidare-tesko-naci-i-za-dnevnicu-od-100-km\\\/#article\",\"isPartOf\":{\"@id\":\"https:\\\/\\\/radioljubuski.ba\\\/index.php\\\/2021\\\/05\\\/28\\\/zidare-tesko-naci-i-za-dnevnicu-od-100-km\\\/\"},\"author\":{\"name\":\"Radio Ljubu\u0161ki\",\"@id\":\"https:\\\/\\\/radioljubuski.ba\\\/#\\\/schema\\\/person\\\/19fc700381a780f69665d7956c469e3b\"},\"headline\":\"Zidare te\u0161ko na\u0107i i za dnevnicu od 100 KM\",\"datePublished\":\"2021-05-28T09:27:40+00:00\",\"dateModified\":\"2021-05-28T09:27:41+00:00\",\"mainEntityOfPage\":{\"@id\":\"https:\\\/\\\/radioljubuski.ba\\\/index.php\\\/2021\\\/05\\\/28\\\/zidare-tesko-naci-i-za-dnevnicu-od-100-km\\\/\"},\"wordCount\":630,\"publisher\":{\"@id\":\"https:\\\/\\\/radioljubuski.ba\\\/#organization\"},\"image\":{\"@id\":\"https:\\\/\\\/radioljubuski.ba\\\/index.php\\\/2021\\\/05\\\/28\\\/zidare-tesko-naci-i-za-dnevnicu-od-100-km\\\/#primaryimage\"},\"thumbnailUrl\":\"https:\\\/\\\/radioljubuski.ba\\\/wp-content\\\/uploads\\\/2021\\\/05\\\/20210527162309_663696.jpg\",\"articleSection\":[\"BIH i regija\"],\"inLanguage\":\"hr\"},{\"@type\":\"WebPage\",\"@id\":\"https:\\\/\\\/radioljubuski.ba\\\/index.php\\\/2021\\\/05\\\/28\\\/zidare-tesko-naci-i-za-dnevnicu-od-100-km\\\/\",\"url\":\"https:\\\/\\\/radioljubuski.ba\\\/index.php\\\/2021\\\/05\\\/28\\\/zidare-tesko-naci-i-za-dnevnicu-od-100-km\\\/\",\"name\":\"Zidare te\u0161ko na\u0107i i za dnevnicu od 100 KM - RADIO LJUBU\u0160KI\",\"isPartOf\":{\"@id\":\"https:\\\/\\\/radioljubuski.ba\\\/#website\"},\"primaryImageOfPage\":{\"@id\":\"https:\\\/\\\/radioljubuski.ba\\\/index.php\\\/2021\\\/05\\\/28\\\/zidare-tesko-naci-i-za-dnevnicu-od-100-km\\\/#primaryimage\"},\"image\":{\"@id\":\"https:\\\/\\\/radioljubuski.ba\\\/index.php\\\/2021\\\/05\\\/28\\\/zidare-tesko-naci-i-za-dnevnicu-od-100-km\\\/#primaryimage\"},\"thumbnailUrl\":\"https:\\\/\\\/radioljubuski.ba\\\/wp-content\\\/uploads\\\/2021\\\/05\\\/20210527162309_663696.jpg\",\"datePublished\":\"2021-05-28T09:27:40+00:00\",\"dateModified\":\"2021-05-28T09:27:41+00:00\",\"breadcrumb\":{\"@id\":\"https:\\\/\\\/radioljubuski.ba\\\/index.php\\\/2021\\\/05\\\/28\\\/zidare-tesko-naci-i-za-dnevnicu-od-100-km\\\/#breadcrumb\"},\"inLanguage\":\"hr\",\"potentialAction\":[{\"@type\":\"ReadAction\",\"target\":[\"https:\\\/\\\/radioljubuski.ba\\\/index.php\\\/2021\\\/05\\\/28\\\/zidare-tesko-naci-i-za-dnevnicu-od-100-km\\\/\"]}]},{\"@type\":\"ImageObject\",\"inLanguage\":\"hr\",\"@id\":\"https:\\\/\\\/radioljubuski.ba\\\/index.php\\\/2021\\\/05\\\/28\\\/zidare-tesko-naci-i-za-dnevnicu-od-100-km\\\/#primaryimage\",\"url\":\"https:\\\/\\\/radioljubuski.ba\\\/wp-content\\\/uploads\\\/2021\\\/05\\\/20210527162309_663696.jpg\",\"contentUrl\":\"https:\\\/\\\/radioljubuski.ba\\\/wp-content\\\/uploads\\\/2021\\\/05\\\/20210527162309_663696.jpg\",\"width\":750,\"height\":500},{\"@type\":\"BreadcrumbList\",\"@id\":\"https:\\\/\\\/radioljubuski.ba\\\/index.php\\\/2021\\\/05\\\/28\\\/zidare-tesko-naci-i-za-dnevnicu-od-100-km\\\/#breadcrumb\",\"itemListElement\":[{\"@type\":\"ListItem\",\"position\":1,\"name\":\"Po\u010detna stranica\",\"item\":\"https:\\\/\\\/radioljubuski.ba\\\/\"},{\"@type\":\"ListItem\",\"position\":2,\"name\":\"Zidare te\u0161ko na\u0107i i za dnevnicu od 100 KM\"}]},{\"@type\":\"WebSite\",\"@id\":\"https:\\\/\\\/radioljubuski.ba\\\/#website\",\"url\":\"https:\\\/\\\/radioljubuski.ba\\\/\",\"name\":\"Radio Ljubu\u0161ki\",\"description\":\"Sun\u010dana frekvencija Hercegovine\",\"publisher\":{\"@id\":\"https:\\\/\\\/radioljubuski.ba\\\/#organization\"},\"potentialAction\":[{\"@type\":\"SearchAction\",\"target\":{\"@type\":\"EntryPoint\",\"urlTemplate\":\"https:\\\/\\\/radioljubuski.ba\\\/?s={search_term_string}\"},\"query-input\":{\"@type\":\"PropertyValueSpecification\",\"valueRequired\":true,\"valueName\":\"search_term_string\"}}],\"inLanguage\":\"hr\"},{\"@type\":\"Organization\",\"@id\":\"https:\\\/\\\/radioljubuski.ba\\\/#organization\",\"name\":\"Radio Ljubu\u0161ki\",\"url\":\"https:\\\/\\\/radioljubuski.ba\\\/\",\"logo\":{\"@type\":\"ImageObject\",\"inLanguage\":\"hr\",\"@id\":\"https:\\\/\\\/radioljubuski.ba\\\/#\\\/schema\\\/logo\\\/image\\\/\",\"url\":\"https:\\\/\\\/radioljubuski.ba\\\/wp-content\\\/uploads\\\/2021\\\/02\\\/cropped-Radio_Ljubuski_logo1.jpg\",\"contentUrl\":\"https:\\\/\\\/radioljubuski.ba\\\/wp-content\\\/uploads\\\/2021\\\/02\\\/cropped-Radio_Ljubuski_logo1.jpg\",\"width\":512,\"height\":512,\"caption\":\"Radio Ljubu\u0161ki\"},\"image\":{\"@id\":\"https:\\\/\\\/radioljubuski.ba\\\/#\\\/schema\\\/logo\\\/image\\\/\"},\"sameAs\":[\"https:\\\/\\\/www.facebook.com\\\/Radiio-Ljubuski-1490835324566332\",\"https:\\\/\\\/x.com\\\/radioljubuski\",\"https:\\\/\\\/hr.linkedin.com\\\/company\\\/radio-ljubuski\",\"https:\\\/\\\/www.youtube.com\\\/channel\\\/UCHYaeO_n0Db3tjNGudGpXyw\"]},{\"@type\":\"Person\",\"@id\":\"https:\\\/\\\/radioljubuski.ba\\\/#\\\/schema\\\/person\\\/19fc700381a780f69665d7956c469e3b\",\"name\":\"Radio Ljubu\u0161ki\"}]}<\/script>\n<!-- \/ Yoast SEO plugin. -->","yoast_head_json":{"title":"Zidare te\u0161ko na\u0107i i za dnevnicu od 100 KM - RADIO LJUBU\u0160KI","robots":{"index":"index","follow":"follow","max-snippet":"max-snippet:-1","max-image-preview":"max-image-preview:large","max-video-preview":"max-video-preview:-1"},"canonical":"https:\/\/radioljubuski.ba\/index.php\/2021\/05\/28\/zidare-tesko-naci-i-za-dnevnicu-od-100-km\/","og_locale":"hr_HR","og_type":"article","og_title":"Zidare te\u0161ko na\u0107i i za dnevnicu od 100 KM - RADIO LJUBU\u0160KI","og_description":"Kerami\u010dari, zidari, moleri, varioci, vodoinstalateri, mesari i voza\u010di, samo su neki od radnika kojih i dalje nedostaje na tr\u017ei\u0161tu rada u BiH. Kako ka\u017eu sugovornici, razlog nedostatka zanatlija je to \u0161to se malo tog kadara \u0161koluje i \u0161to je veliki broj obu\u010denih zanatlija oti\u0161ao u inozemstvo u potragu za boljom pla\u0107om. Lazo \u0160e\u0161i\u0107, predsjednik Zanatsko-poduzetni\u010dke [&hellip;]","og_url":"https:\/\/radioljubuski.ba\/index.php\/2021\/05\/28\/zidare-tesko-naci-i-za-dnevnicu-od-100-km\/","og_site_name":"RADIO LJUBU\u0160KI","article_publisher":"https:\/\/www.facebook.com\/Radiio-Ljubuski-1490835324566332","article_published_time":"2021-05-28T09:27:40+00:00","article_modified_time":"2021-05-28T09:27:41+00:00","og_image":[{"width":750,"height":500,"url":"https:\/\/radioljubuski.ba\/wp-content\/uploads\/2021\/05\/20210527162309_663696.jpg","type":"image\/jpeg"}],"author":"Radio Ljubu\u0161ki","twitter_card":"summary_large_image","twitter_creator":"@radioljubuski","twitter_site":"@radioljubuski","twitter_misc":{"Napisao\/la":"Radio Ljubu\u0161ki","Procijenjeno vrijeme \u010ditanja":"3 minute"},"schema":{"@context":"https:\/\/schema.org","@graph":[{"@type":"Article","@id":"https:\/\/radioljubuski.ba\/index.php\/2021\/05\/28\/zidare-tesko-naci-i-za-dnevnicu-od-100-km\/#article","isPartOf":{"@id":"https:\/\/radioljubuski.ba\/index.php\/2021\/05\/28\/zidare-tesko-naci-i-za-dnevnicu-od-100-km\/"},"author":{"name":"Radio Ljubu\u0161ki","@id":"https:\/\/radioljubuski.ba\/#\/schema\/person\/19fc700381a780f69665d7956c469e3b"},"headline":"Zidare te\u0161ko na\u0107i i za dnevnicu od 100 KM","datePublished":"2021-05-28T09:27:40+00:00","dateModified":"2021-05-28T09:27:41+00:00","mainEntityOfPage":{"@id":"https:\/\/radioljubuski.ba\/index.php\/2021\/05\/28\/zidare-tesko-naci-i-za-dnevnicu-od-100-km\/"},"wordCount":630,"publisher":{"@id":"https:\/\/radioljubuski.ba\/#organization"},"image":{"@id":"https:\/\/radioljubuski.ba\/index.php\/2021\/05\/28\/zidare-tesko-naci-i-za-dnevnicu-od-100-km\/#primaryimage"},"thumbnailUrl":"https:\/\/radioljubuski.ba\/wp-content\/uploads\/2021\/05\/20210527162309_663696.jpg","articleSection":["BIH i regija"],"inLanguage":"hr"},{"@type":"WebPage","@id":"https:\/\/radioljubuski.ba\/index.php\/2021\/05\/28\/zidare-tesko-naci-i-za-dnevnicu-od-100-km\/","url":"https:\/\/radioljubuski.ba\/index.php\/2021\/05\/28\/zidare-tesko-naci-i-za-dnevnicu-od-100-km\/","name":"Zidare te\u0161ko na\u0107i i za dnevnicu od 100 KM - RADIO LJUBU\u0160KI","isPartOf":{"@id":"https:\/\/radioljubuski.ba\/#website"},"primaryImageOfPage":{"@id":"https:\/\/radioljubuski.ba\/index.php\/2021\/05\/28\/zidare-tesko-naci-i-za-dnevnicu-od-100-km\/#primaryimage"},"image":{"@id":"https:\/\/radioljubuski.ba\/index.php\/2021\/05\/28\/zidare-tesko-naci-i-za-dnevnicu-od-100-km\/#primaryimage"},"thumbnailUrl":"https:\/\/radioljubuski.ba\/wp-content\/uploads\/2021\/05\/20210527162309_663696.jpg","datePublished":"2021-05-28T09:27:40+00:00","dateModified":"2021-05-28T09:27:41+00:00","breadcrumb":{"@id":"https:\/\/radioljubuski.ba\/index.php\/2021\/05\/28\/zidare-tesko-naci-i-za-dnevnicu-od-100-km\/#breadcrumb"},"inLanguage":"hr","potentialAction":[{"@type":"ReadAction","target":["https:\/\/radioljubuski.ba\/index.php\/2021\/05\/28\/zidare-tesko-naci-i-za-dnevnicu-od-100-km\/"]}]},{"@type":"ImageObject","inLanguage":"hr","@id":"https:\/\/radioljubuski.ba\/index.php\/2021\/05\/28\/zidare-tesko-naci-i-za-dnevnicu-od-100-km\/#primaryimage","url":"https:\/\/radioljubuski.ba\/wp-content\/uploads\/2021\/05\/20210527162309_663696.jpg","contentUrl":"https:\/\/radioljubuski.ba\/wp-content\/uploads\/2021\/05\/20210527162309_663696.jpg","width":750,"height":500},{"@type":"BreadcrumbList","@id":"https:\/\/radioljubuski.ba\/index.php\/2021\/05\/28\/zidare-tesko-naci-i-za-dnevnicu-od-100-km\/#breadcrumb","itemListElement":[{"@type":"ListItem","position":1,"name":"Po\u010detna stranica","item":"https:\/\/radioljubuski.ba\/"},{"@type":"ListItem","position":2,"name":"Zidare te\u0161ko na\u0107i i za dnevnicu od 100 KM"}]},{"@type":"WebSite","@id":"https:\/\/radioljubuski.ba\/#website","url":"https:\/\/radioljubuski.ba\/","name":"Radio Ljubu\u0161ki","description":"Sun\u010dana frekvencija Hercegovine","publisher":{"@id":"https:\/\/radioljubuski.ba\/#organization"},"potentialAction":[{"@type":"SearchAction","target":{"@type":"EntryPoint","urlTemplate":"https:\/\/radioljubuski.ba\/?s={search_term_string}"},"query-input":{"@type":"PropertyValueSpecification","valueRequired":true,"valueName":"search_term_string"}}],"inLanguage":"hr"},{"@type":"Organization","@id":"https:\/\/radioljubuski.ba\/#organization","name":"Radio Ljubu\u0161ki","url":"https:\/\/radioljubuski.ba\/","logo":{"@type":"ImageObject","inLanguage":"hr","@id":"https:\/\/radioljubuski.ba\/#\/schema\/logo\/image\/","url":"https:\/\/radioljubuski.ba\/wp-content\/uploads\/2021\/02\/cropped-Radio_Ljubuski_logo1.jpg","contentUrl":"https:\/\/radioljubuski.ba\/wp-content\/uploads\/2021\/02\/cropped-Radio_Ljubuski_logo1.jpg","width":512,"height":512,"caption":"Radio Ljubu\u0161ki"},"image":{"@id":"https:\/\/radioljubuski.ba\/#\/schema\/logo\/image\/"},"sameAs":["https:\/\/www.facebook.com\/Radiio-Ljubuski-1490835324566332","https:\/\/x.com\/radioljubuski","https:\/\/hr.linkedin.com\/company\/radio-ljubuski","https:\/\/www.youtube.com\/channel\/UCHYaeO_n0Db3tjNGudGpXyw"]},{"@type":"Person","@id":"https:\/\/radioljubuski.ba\/#\/schema\/person\/19fc700381a780f69665d7956c469e3b","name":"Radio Ljubu\u0161ki"}]}},"_links":{"self":[{"href":"https:\/\/radioljubuski.ba\/index.php\/wp-json\/wp\/v2\/posts\/25872","targetHints":{"allow":["GET"]}}],"collection":[{"href":"https:\/\/radioljubuski.ba\/index.php\/wp-json\/wp\/v2\/posts"}],"about":[{"href":"https:\/\/radioljubuski.ba\/index.php\/wp-json\/wp\/v2\/types\/post"}],"author":[{"embeddable":true,"href":"https:\/\/radioljubuski.ba\/index.php\/wp-json\/wp\/v2\/users\/2"}],"replies":[{"embeddable":true,"href":"https:\/\/radioljubuski.ba\/index.php\/wp-json\/wp\/v2\/comments?post=25872"}],"version-history":[{"count":1,"href":"https:\/\/radioljubuski.ba\/index.php\/wp-json\/wp\/v2\/posts\/25872\/revisions"}],"predecessor-version":[{"id":25874,"href":"https:\/\/radioljubuski.ba\/index.php\/wp-json\/wp\/v2\/posts\/25872\/revisions\/25874"}],"wp:featuredmedia":[{"embeddable":true,"href":"https:\/\/radioljubuski.ba\/index.php\/wp-json\/wp\/v2\/media\/25873"}],"wp:attachment":[{"href":"https:\/\/radioljubuski.ba\/index.php\/wp-json\/wp\/v2\/media?parent=25872"}],"wp:term":[{"taxonomy":"category","embeddable":true,"href":"https:\/\/radioljubuski.ba\/index.php\/wp-json\/wp\/v2\/categories?post=25872"},{"taxonomy":"post_tag","embeddable":true,"href":"https:\/\/radioljubuski.ba\/index.php\/wp-json\/wp\/v2\/tags?post=25872"}],"curies":[{"name":"wp","href":"https:\/\/api.w.org\/{rel}","templated":true}]}}