{"id":25883,"date":"2021-05-28T11:50:21","date_gmt":"2021-05-28T10:50:21","guid":{"rendered":"https:\/\/radioljubuski.ba\/?p=25883"},"modified":"2021-05-28T11:50:21","modified_gmt":"2021-05-28T10:50:21","slug":"sarajlija-nakon-22-godine-pronaden-i-optuzen-za-ubojstvo-konduktera-na-palama","status":"publish","type":"post","link":"https:\/\/radioljubuski.ba\/index.php\/2021\/05\/28\/sarajlija-nakon-22-godine-pronaden-i-optuzen-za-ubojstvo-konduktera-na-palama\/","title":{"rendered":"Sarajlija nakon 22 godine prona\u0111en i optu\u017een za ubojstvo konduktera na Palama"},"content":{"rendered":"\n<p>Nikodin Komadara iz Sarajeva, zvani Nid\u017eo, nakon 22 godine optu\u017een je za ubojstvo \u017deljka Mini\u0107a. Ubojstvo se dogodilo 03.06.1999. godine na Palama.<\/p>\n\n\n\n<p>\u201cOptu\u017enicom se Nikodinu Komadari stavlja na teret da je dana 03.06.1999. godine, na autobuskoj stanici koja se nalazi u ulici Milana Simovi\u0107a, op\u0107ina Pale, u namjeri da ga li\u0161i \u017eivota, iz vatrenog oru\u017eja \u2013 pi\u0161tolja, ispalio vi\u0161e hitaca u pravcu M. \u017d. Pogodio ga je u predio glave i predio grudnog ko\u0161a i trbuha, nanijev\u0161i mu na taj na\u010din prostrelnu ranu grudnog ko\u0161a i trbuha. M. \u017d. je istog dana preminuo u Op\u0107oj bolnici Kasindo\u201d, navodi se u optu\u017enici Okru\u017enog tu\u017eiteljstva Isto\u010dno Sarajevo.<\/p>\n\n\n\n<p>Nikodin Komadara, je nakon ubojstva pobjegao i postao jedan od najtra\u017eenijih bjegunaca iz BiH. Uhap\u0161en je po\u010detkom godine u Moskvi na osnovu me\u0111unarodne potjernice koja je za njim raspisana 2003. godine. Prilikom uhi\u0107enja Komadara je imao krivotvorene putne isprave, izdate na drugo ime, koje su mu pomogle da se skriva vi\u0161e od dva desetlje\u0107a, pi\u0161u Nezavisne novine.<\/p>\n\n\n\n<p>Na zahtjev pravosudnih organa, Rusija je 28. sije\u010dnja ove godine Komadaru izru\u010dila u BiH, te mu je odre\u0111en pritvor.<\/p>\n\n\n\n<p>Izvor:nazavisne.com<\/p>\n","protected":false},"excerpt":{"rendered":"<p>Nikodin Komadara iz Sarajeva, zvani Nid\u017eo, nakon 22 godine optu\u017een je za ubojstvo \u017deljka Mini\u0107a. Ubojstvo se dogodilo 03.06.1999. godine na Palama. \u201cOptu\u017enicom se Nikodinu Komadari stavlja na teret da je dana 03.06.1999. godine, na autobuskoj stanici koja se nalazi u ulici Milana Simovi\u0107a, op\u0107ina Pale, u namjeri da ga li\u0161i \u017eivota, iz vatrenog oru\u017eja [&hellip;]<\/p>\n","protected":false},"author":2,"featured_media":25884,"comment_status":"closed","ping_status":"closed","sticky":false,"template":"","format":"standard","meta":{"h5ap_radio_sources":[],"footnotes":""},"categories":[1],"tags":[],"class_list":["post-25883","post","type-post","status-publish","format-standard","has-post-thumbnail","hentry","category-bihiregija"],"yoast_head":"<!-- This site is optimized with the Yoast SEO plugin v27.5 - https:\/\/yoast.com\/product\/yoast-seo-wordpress\/ -->\n<title>Sarajlija nakon 22 godine prona\u0111en i optu\u017een za ubojstvo konduktera na Palama - RADIO LJUBU\u0160KI<\/title>\n<meta name=\"robots\" content=\"index, follow, max-snippet:-1, max-image-preview:large, max-video-preview:-1\" \/>\n<link rel=\"canonical\" href=\"https:\/\/radioljubuski.ba\/index.php\/2021\/05\/28\/sarajlija-nakon-22-godine-pronaden-i-optuzen-za-ubojstvo-konduktera-na-palama\/\" \/>\n<meta property=\"og:locale\" content=\"hr_HR\" \/>\n<meta property=\"og:type\" content=\"article\" \/>\n<meta property=\"og:title\" content=\"Sarajlija nakon 22 godine prona\u0111en i optu\u017een za ubojstvo konduktera na Palama - RADIO LJUBU\u0160KI\" \/>\n<meta property=\"og:description\" content=\"Nikodin Komadara iz Sarajeva, zvani Nid\u017eo, nakon 22 godine optu\u017een je za ubojstvo \u017deljka Mini\u0107a. Ubojstvo se dogodilo 03.06.1999. godine na Palama. \u201cOptu\u017enicom se Nikodinu Komadari stavlja na teret da je dana 03.06.1999. godine, na autobuskoj stanici koja se nalazi u ulici Milana Simovi\u0107a, op\u0107ina Pale, u namjeri da ga li\u0161i \u017eivota, iz vatrenog oru\u017eja [&hellip;]\" \/>\n<meta property=\"og:url\" content=\"https:\/\/radioljubuski.ba\/index.php\/2021\/05\/28\/sarajlija-nakon-22-godine-pronaden-i-optuzen-za-ubojstvo-konduktera-na-palama\/\" \/>\n<meta property=\"og:site_name\" content=\"RADIO LJUBU\u0160KI\" \/>\n<meta property=\"article:publisher\" content=\"https:\/\/www.facebook.com\/Radiio-Ljubuski-1490835324566332\" \/>\n<meta property=\"article:published_time\" content=\"2021-05-28T10:50:21+00:00\" \/>\n<meta property=\"og:image\" content=\"https:\/\/radioljubuski.ba\/wp-content\/uploads\/2021\/05\/2-2021-05-28-11-06-26-20210526141505_663491.jpg\" \/>\n\t<meta property=\"og:image:width\" content=\"1000\" \/>\n\t<meta property=\"og:image:height\" content=\"625\" \/>\n\t<meta property=\"og:image:type\" content=\"image\/jpeg\" \/>\n<meta name=\"author\" content=\"Radio Ljubu\u0161ki\" \/>\n<meta name=\"twitter:card\" content=\"summary_large_image\" \/>\n<meta name=\"twitter:creator\" content=\"@radioljubuski\" \/>\n<meta name=\"twitter:site\" content=\"@radioljubuski\" \/>\n<meta name=\"twitter:label1\" content=\"Napisao\/la\" \/>\n\t<meta name=\"twitter:data1\" content=\"Radio Ljubu\u0161ki\" \/>\n\t<meta name=\"twitter:label2\" content=\"Procijenjeno vrijeme \u010ditanja\" \/>\n\t<meta name=\"twitter:data2\" content=\"1 minuta\" \/>\n<script type=\"application\/ld+json\" class=\"yoast-schema-graph\">{\"@context\":\"https:\\\/\\\/schema.org\",\"@graph\":[{\"@type\":\"Article\",\"@id\":\"https:\\\/\\\/radioljubuski.ba\\\/index.php\\\/2021\\\/05\\\/28\\\/sarajlija-nakon-22-godine-pronaden-i-optuzen-za-ubojstvo-konduktera-na-palama\\\/#article\",\"isPartOf\":{\"@id\":\"https:\\\/\\\/radioljubuski.ba\\\/index.php\\\/2021\\\/05\\\/28\\\/sarajlija-nakon-22-godine-pronaden-i-optuzen-za-ubojstvo-konduktera-na-palama\\\/\"},\"author\":{\"name\":\"Radio Ljubu\u0161ki\",\"@id\":\"https:\\\/\\\/radioljubuski.ba\\\/#\\\/schema\\\/person\\\/19fc700381a780f69665d7956c469e3b\"},\"headline\":\"Sarajlija nakon 22 godine prona\u0111en i optu\u017een za ubojstvo konduktera na Palama\",\"datePublished\":\"2021-05-28T10:50:21+00:00\",\"mainEntityOfPage\":{\"@id\":\"https:\\\/\\\/radioljubuski.ba\\\/index.php\\\/2021\\\/05\\\/28\\\/sarajlija-nakon-22-godine-pronaden-i-optuzen-za-ubojstvo-konduktera-na-palama\\\/\"},\"wordCount\":219,\"publisher\":{\"@id\":\"https:\\\/\\\/radioljubuski.ba\\\/#organization\"},\"image\":{\"@id\":\"https:\\\/\\\/radioljubuski.ba\\\/index.php\\\/2021\\\/05\\\/28\\\/sarajlija-nakon-22-godine-pronaden-i-optuzen-za-ubojstvo-konduktera-na-palama\\\/#primaryimage\"},\"thumbnailUrl\":\"https:\\\/\\\/radioljubuski.ba\\\/wp-content\\\/uploads\\\/2021\\\/05\\\/2-2021-05-28-11-06-26-20210526141505_663491.jpg\",\"articleSection\":[\"BIH i regija\"],\"inLanguage\":\"hr\"},{\"@type\":\"WebPage\",\"@id\":\"https:\\\/\\\/radioljubuski.ba\\\/index.php\\\/2021\\\/05\\\/28\\\/sarajlija-nakon-22-godine-pronaden-i-optuzen-za-ubojstvo-konduktera-na-palama\\\/\",\"url\":\"https:\\\/\\\/radioljubuski.ba\\\/index.php\\\/2021\\\/05\\\/28\\\/sarajlija-nakon-22-godine-pronaden-i-optuzen-za-ubojstvo-konduktera-na-palama\\\/\",\"name\":\"Sarajlija nakon 22 godine prona\u0111en i optu\u017een za ubojstvo konduktera na Palama - RADIO LJUBU\u0160KI\",\"isPartOf\":{\"@id\":\"https:\\\/\\\/radioljubuski.ba\\\/#website\"},\"primaryImageOfPage\":{\"@id\":\"https:\\\/\\\/radioljubuski.ba\\\/index.php\\\/2021\\\/05\\\/28\\\/sarajlija-nakon-22-godine-pronaden-i-optuzen-za-ubojstvo-konduktera-na-palama\\\/#primaryimage\"},\"image\":{\"@id\":\"https:\\\/\\\/radioljubuski.ba\\\/index.php\\\/2021\\\/05\\\/28\\\/sarajlija-nakon-22-godine-pronaden-i-optuzen-za-ubojstvo-konduktera-na-palama\\\/#primaryimage\"},\"thumbnailUrl\":\"https:\\\/\\\/radioljubuski.ba\\\/wp-content\\\/uploads\\\/2021\\\/05\\\/2-2021-05-28-11-06-26-20210526141505_663491.jpg\",\"datePublished\":\"2021-05-28T10:50:21+00:00\",\"breadcrumb\":{\"@id\":\"https:\\\/\\\/radioljubuski.ba\\\/index.php\\\/2021\\\/05\\\/28\\\/sarajlija-nakon-22-godine-pronaden-i-optuzen-za-ubojstvo-konduktera-na-palama\\\/#breadcrumb\"},\"inLanguage\":\"hr\",\"potentialAction\":[{\"@type\":\"ReadAction\",\"target\":[\"https:\\\/\\\/radioljubuski.ba\\\/index.php\\\/2021\\\/05\\\/28\\\/sarajlija-nakon-22-godine-pronaden-i-optuzen-za-ubojstvo-konduktera-na-palama\\\/\"]}]},{\"@type\":\"ImageObject\",\"inLanguage\":\"hr\",\"@id\":\"https:\\\/\\\/radioljubuski.ba\\\/index.php\\\/2021\\\/05\\\/28\\\/sarajlija-nakon-22-godine-pronaden-i-optuzen-za-ubojstvo-konduktera-na-palama\\\/#primaryimage\",\"url\":\"https:\\\/\\\/radioljubuski.ba\\\/wp-content\\\/uploads\\\/2021\\\/05\\\/2-2021-05-28-11-06-26-20210526141505_663491.jpg\",\"contentUrl\":\"https:\\\/\\\/radioljubuski.ba\\\/wp-content\\\/uploads\\\/2021\\\/05\\\/2-2021-05-28-11-06-26-20210526141505_663491.jpg\",\"width\":1000,\"height\":625},{\"@type\":\"BreadcrumbList\",\"@id\":\"https:\\\/\\\/radioljubuski.ba\\\/index.php\\\/2021\\\/05\\\/28\\\/sarajlija-nakon-22-godine-pronaden-i-optuzen-za-ubojstvo-konduktera-na-palama\\\/#breadcrumb\",\"itemListElement\":[{\"@type\":\"ListItem\",\"position\":1,\"name\":\"Po\u010detna stranica\",\"item\":\"https:\\\/\\\/radioljubuski.ba\\\/\"},{\"@type\":\"ListItem\",\"position\":2,\"name\":\"Sarajlija nakon 22 godine prona\u0111en i optu\u017een za ubojstvo konduktera na Palama\"}]},{\"@type\":\"WebSite\",\"@id\":\"https:\\\/\\\/radioljubuski.ba\\\/#website\",\"url\":\"https:\\\/\\\/radioljubuski.ba\\\/\",\"name\":\"Radio Ljubu\u0161ki\",\"description\":\"Sun\u010dana frekvencija Hercegovine\",\"publisher\":{\"@id\":\"https:\\\/\\\/radioljubuski.ba\\\/#organization\"},\"potentialAction\":[{\"@type\":\"SearchAction\",\"target\":{\"@type\":\"EntryPoint\",\"urlTemplate\":\"https:\\\/\\\/radioljubuski.ba\\\/?s={search_term_string}\"},\"query-input\":{\"@type\":\"PropertyValueSpecification\",\"valueRequired\":true,\"valueName\":\"search_term_string\"}}],\"inLanguage\":\"hr\"},{\"@type\":\"Organization\",\"@id\":\"https:\\\/\\\/radioljubuski.ba\\\/#organization\",\"name\":\"Radio Ljubu\u0161ki\",\"url\":\"https:\\\/\\\/radioljubuski.ba\\\/\",\"logo\":{\"@type\":\"ImageObject\",\"inLanguage\":\"hr\",\"@id\":\"https:\\\/\\\/radioljubuski.ba\\\/#\\\/schema\\\/logo\\\/image\\\/\",\"url\":\"https:\\\/\\\/radioljubuski.ba\\\/wp-content\\\/uploads\\\/2021\\\/02\\\/cropped-Radio_Ljubuski_logo1.jpg\",\"contentUrl\":\"https:\\\/\\\/radioljubuski.ba\\\/wp-content\\\/uploads\\\/2021\\\/02\\\/cropped-Radio_Ljubuski_logo1.jpg\",\"width\":512,\"height\":512,\"caption\":\"Radio Ljubu\u0161ki\"},\"image\":{\"@id\":\"https:\\\/\\\/radioljubuski.ba\\\/#\\\/schema\\\/logo\\\/image\\\/\"},\"sameAs\":[\"https:\\\/\\\/www.facebook.com\\\/Radiio-Ljubuski-1490835324566332\",\"https:\\\/\\\/x.com\\\/radioljubuski\",\"https:\\\/\\\/hr.linkedin.com\\\/company\\\/radio-ljubuski\",\"https:\\\/\\\/www.youtube.com\\\/channel\\\/UCHYaeO_n0Db3tjNGudGpXyw\"]},{\"@type\":\"Person\",\"@id\":\"https:\\\/\\\/radioljubuski.ba\\\/#\\\/schema\\\/person\\\/19fc700381a780f69665d7956c469e3b\",\"name\":\"Radio Ljubu\u0161ki\"}]}<\/script>\n<!-- \/ Yoast SEO plugin. -->","yoast_head_json":{"title":"Sarajlija nakon 22 godine prona\u0111en i optu\u017een za ubojstvo konduktera na Palama - RADIO LJUBU\u0160KI","robots":{"index":"index","follow":"follow","max-snippet":"max-snippet:-1","max-image-preview":"max-image-preview:large","max-video-preview":"max-video-preview:-1"},"canonical":"https:\/\/radioljubuski.ba\/index.php\/2021\/05\/28\/sarajlija-nakon-22-godine-pronaden-i-optuzen-za-ubojstvo-konduktera-na-palama\/","og_locale":"hr_HR","og_type":"article","og_title":"Sarajlija nakon 22 godine prona\u0111en i optu\u017een za ubojstvo konduktera na Palama - RADIO LJUBU\u0160KI","og_description":"Nikodin Komadara iz Sarajeva, zvani Nid\u017eo, nakon 22 godine optu\u017een je za ubojstvo \u017deljka Mini\u0107a. Ubojstvo se dogodilo 03.06.1999. godine na Palama. \u201cOptu\u017enicom se Nikodinu Komadari stavlja na teret da je dana 03.06.1999. godine, na autobuskoj stanici koja se nalazi u ulici Milana Simovi\u0107a, op\u0107ina Pale, u namjeri da ga li\u0161i \u017eivota, iz vatrenog oru\u017eja [&hellip;]","og_url":"https:\/\/radioljubuski.ba\/index.php\/2021\/05\/28\/sarajlija-nakon-22-godine-pronaden-i-optuzen-za-ubojstvo-konduktera-na-palama\/","og_site_name":"RADIO LJUBU\u0160KI","article_publisher":"https:\/\/www.facebook.com\/Radiio-Ljubuski-1490835324566332","article_published_time":"2021-05-28T10:50:21+00:00","og_image":[{"width":1000,"height":625,"url":"https:\/\/radioljubuski.ba\/wp-content\/uploads\/2021\/05\/2-2021-05-28-11-06-26-20210526141505_663491.jpg","type":"image\/jpeg"}],"author":"Radio Ljubu\u0161ki","twitter_card":"summary_large_image","twitter_creator":"@radioljubuski","twitter_site":"@radioljubuski","twitter_misc":{"Napisao\/la":"Radio Ljubu\u0161ki","Procijenjeno vrijeme \u010ditanja":"1 minuta"},"schema":{"@context":"https:\/\/schema.org","@graph":[{"@type":"Article","@id":"https:\/\/radioljubuski.ba\/index.php\/2021\/05\/28\/sarajlija-nakon-22-godine-pronaden-i-optuzen-za-ubojstvo-konduktera-na-palama\/#article","isPartOf":{"@id":"https:\/\/radioljubuski.ba\/index.php\/2021\/05\/28\/sarajlija-nakon-22-godine-pronaden-i-optuzen-za-ubojstvo-konduktera-na-palama\/"},"author":{"name":"Radio Ljubu\u0161ki","@id":"https:\/\/radioljubuski.ba\/#\/schema\/person\/19fc700381a780f69665d7956c469e3b"},"headline":"Sarajlija nakon 22 godine prona\u0111en i optu\u017een za ubojstvo konduktera na Palama","datePublished":"2021-05-28T10:50:21+00:00","mainEntityOfPage":{"@id":"https:\/\/radioljubuski.ba\/index.php\/2021\/05\/28\/sarajlija-nakon-22-godine-pronaden-i-optuzen-za-ubojstvo-konduktera-na-palama\/"},"wordCount":219,"publisher":{"@id":"https:\/\/radioljubuski.ba\/#organization"},"image":{"@id":"https:\/\/radioljubuski.ba\/index.php\/2021\/05\/28\/sarajlija-nakon-22-godine-pronaden-i-optuzen-za-ubojstvo-konduktera-na-palama\/#primaryimage"},"thumbnailUrl":"https:\/\/radioljubuski.ba\/wp-content\/uploads\/2021\/05\/2-2021-05-28-11-06-26-20210526141505_663491.jpg","articleSection":["BIH i regija"],"inLanguage":"hr"},{"@type":"WebPage","@id":"https:\/\/radioljubuski.ba\/index.php\/2021\/05\/28\/sarajlija-nakon-22-godine-pronaden-i-optuzen-za-ubojstvo-konduktera-na-palama\/","url":"https:\/\/radioljubuski.ba\/index.php\/2021\/05\/28\/sarajlija-nakon-22-godine-pronaden-i-optuzen-za-ubojstvo-konduktera-na-palama\/","name":"Sarajlija nakon 22 godine prona\u0111en i optu\u017een za ubojstvo konduktera na Palama - RADIO LJUBU\u0160KI","isPartOf":{"@id":"https:\/\/radioljubuski.ba\/#website"},"primaryImageOfPage":{"@id":"https:\/\/radioljubuski.ba\/index.php\/2021\/05\/28\/sarajlija-nakon-22-godine-pronaden-i-optuzen-za-ubojstvo-konduktera-na-palama\/#primaryimage"},"image":{"@id":"https:\/\/radioljubuski.ba\/index.php\/2021\/05\/28\/sarajlija-nakon-22-godine-pronaden-i-optuzen-za-ubojstvo-konduktera-na-palama\/#primaryimage"},"thumbnailUrl":"https:\/\/radioljubuski.ba\/wp-content\/uploads\/2021\/05\/2-2021-05-28-11-06-26-20210526141505_663491.jpg","datePublished":"2021-05-28T10:50:21+00:00","breadcrumb":{"@id":"https:\/\/radioljubuski.ba\/index.php\/2021\/05\/28\/sarajlija-nakon-22-godine-pronaden-i-optuzen-za-ubojstvo-konduktera-na-palama\/#breadcrumb"},"inLanguage":"hr","potentialAction":[{"@type":"ReadAction","target":["https:\/\/radioljubuski.ba\/index.php\/2021\/05\/28\/sarajlija-nakon-22-godine-pronaden-i-optuzen-za-ubojstvo-konduktera-na-palama\/"]}]},{"@type":"ImageObject","inLanguage":"hr","@id":"https:\/\/radioljubuski.ba\/index.php\/2021\/05\/28\/sarajlija-nakon-22-godine-pronaden-i-optuzen-za-ubojstvo-konduktera-na-palama\/#primaryimage","url":"https:\/\/radioljubuski.ba\/wp-content\/uploads\/2021\/05\/2-2021-05-28-11-06-26-20210526141505_663491.jpg","contentUrl":"https:\/\/radioljubuski.ba\/wp-content\/uploads\/2021\/05\/2-2021-05-28-11-06-26-20210526141505_663491.jpg","width":1000,"height":625},{"@type":"BreadcrumbList","@id":"https:\/\/radioljubuski.ba\/index.php\/2021\/05\/28\/sarajlija-nakon-22-godine-pronaden-i-optuzen-za-ubojstvo-konduktera-na-palama\/#breadcrumb","itemListElement":[{"@type":"ListItem","position":1,"name":"Po\u010detna stranica","item":"https:\/\/radioljubuski.ba\/"},{"@type":"ListItem","position":2,"name":"Sarajlija nakon 22 godine prona\u0111en i optu\u017een za ubojstvo konduktera na Palama"}]},{"@type":"WebSite","@id":"https:\/\/radioljubuski.ba\/#website","url":"https:\/\/radioljubuski.ba\/","name":"Radio Ljubu\u0161ki","description":"Sun\u010dana frekvencija Hercegovine","publisher":{"@id":"https:\/\/radioljubuski.ba\/#organization"},"potentialAction":[{"@type":"SearchAction","target":{"@type":"EntryPoint","urlTemplate":"https:\/\/radioljubuski.ba\/?s={search_term_string}"},"query-input":{"@type":"PropertyValueSpecification","valueRequired":true,"valueName":"search_term_string"}}],"inLanguage":"hr"},{"@type":"Organization","@id":"https:\/\/radioljubuski.ba\/#organization","name":"Radio Ljubu\u0161ki","url":"https:\/\/radioljubuski.ba\/","logo":{"@type":"ImageObject","inLanguage":"hr","@id":"https:\/\/radioljubuski.ba\/#\/schema\/logo\/image\/","url":"https:\/\/radioljubuski.ba\/wp-content\/uploads\/2021\/02\/cropped-Radio_Ljubuski_logo1.jpg","contentUrl":"https:\/\/radioljubuski.ba\/wp-content\/uploads\/2021\/02\/cropped-Radio_Ljubuski_logo1.jpg","width":512,"height":512,"caption":"Radio Ljubu\u0161ki"},"image":{"@id":"https:\/\/radioljubuski.ba\/#\/schema\/logo\/image\/"},"sameAs":["https:\/\/www.facebook.com\/Radiio-Ljubuski-1490835324566332","https:\/\/x.com\/radioljubuski","https:\/\/hr.linkedin.com\/company\/radio-ljubuski","https:\/\/www.youtube.com\/channel\/UCHYaeO_n0Db3tjNGudGpXyw"]},{"@type":"Person","@id":"https:\/\/radioljubuski.ba\/#\/schema\/person\/19fc700381a780f69665d7956c469e3b","name":"Radio Ljubu\u0161ki"}]}},"_links":{"self":[{"href":"https:\/\/radioljubuski.ba\/index.php\/wp-json\/wp\/v2\/posts\/25883","targetHints":{"allow":["GET"]}}],"collection":[{"href":"https:\/\/radioljubuski.ba\/index.php\/wp-json\/wp\/v2\/posts"}],"about":[{"href":"https:\/\/radioljubuski.ba\/index.php\/wp-json\/wp\/v2\/types\/post"}],"author":[{"embeddable":true,"href":"https:\/\/radioljubuski.ba\/index.php\/wp-json\/wp\/v2\/users\/2"}],"replies":[{"embeddable":true,"href":"https:\/\/radioljubuski.ba\/index.php\/wp-json\/wp\/v2\/comments?post=25883"}],"version-history":[{"count":1,"href":"https:\/\/radioljubuski.ba\/index.php\/wp-json\/wp\/v2\/posts\/25883\/revisions"}],"predecessor-version":[{"id":25885,"href":"https:\/\/radioljubuski.ba\/index.php\/wp-json\/wp\/v2\/posts\/25883\/revisions\/25885"}],"wp:featuredmedia":[{"embeddable":true,"href":"https:\/\/radioljubuski.ba\/index.php\/wp-json\/wp\/v2\/media\/25884"}],"wp:attachment":[{"href":"https:\/\/radioljubuski.ba\/index.php\/wp-json\/wp\/v2\/media?parent=25883"}],"wp:term":[{"taxonomy":"category","embeddable":true,"href":"https:\/\/radioljubuski.ba\/index.php\/wp-json\/wp\/v2\/categories?post=25883"},{"taxonomy":"post_tag","embeddable":true,"href":"https:\/\/radioljubuski.ba\/index.php\/wp-json\/wp\/v2\/tags?post=25883"}],"curies":[{"name":"wp","href":"https:\/\/api.w.org\/{rel}","templated":true}]}}