{"id":25886,"date":"2021-05-28T11:52:27","date_gmt":"2021-05-28T10:52:27","guid":{"rendered":"https:\/\/radioljubuski.ba\/?p=25886"},"modified":"2021-05-28T11:52:27","modified_gmt":"2021-05-28T10:52:27","slug":"u-kamp-lipa-izmjesteno-255-migranata-s-cetiri-lokacije-na-podrucju-bihaca","status":"publish","type":"post","link":"https:\/\/radioljubuski.ba\/index.php\/2021\/05\/28\/u-kamp-lipa-izmjesteno-255-migranata-s-cetiri-lokacije-na-podrucju-bihaca\/","title":{"rendered":"U kamp Lipa izmje\u0161teno 255 migranata s \u010detiri lokacije na podru\u010dju Biha\u0107a"},"content":{"rendered":"\n<p>Slu\u017eba za poslove sa strancima poduzela je operativne aktivnosti usmjerene na kontrolu kretanja i boravka migranata na podru\u010dju grada Biha\u0107a na \u010detiri lokacije: \u017degarsko polje, Debelja\u010da, lokacija u blizini \u017dupanijske bolnice i nogometnog stadiona Jedinstvo, a gdje su se migranti okupljali i boravili u improviziranom smje\u0161taju, priop\u0107ila je Slu\u017eba za odnose sa strancima.<\/p>\n\n\n\n<p>U priop\u0107enju se navodi da su inspektori Slu\u017ebe za poslove sa strancima na pomenutim lokacijama zatekli 255 migranta, u najve\u0107em broju dr\u017eavljana Pakistana i Afganistana, te je izvr\u0161ena njihova relokacija, smje\u0161taj i zbrinjavanje u privremeni prihvatni centar Lipa.<\/p>\n\n\n\n<p>Trenutno se provode aktivnosti &nbsp;medicinskog pregleda, identifikacije i registracije, te smje\u0161taj u preventivni izolacijski dio privremenog prihvatnog centra Lipa.<\/p>\n\n\n\n<p>Aktivnosti su provedene u suradnji s policijskim slu\u017ebenicima MUP-a Unsko-sanske \u017eupanije, te uz podr\u0161ku &nbsp;medicinskog tima humanitarne organizacije SOS Biha\u0107.<\/p>\n\n\n\n<p>Ovom prilikom &nbsp;prona\u0111en je odre\u0111en broj maloljetnika bez pratnje o \u010demu je odmah obavije\u0161ten Centar za socijalni rad grada Biha\u0107a radi pokretanja procedura odre\u0111ivanja starateljstva i njihovog daljnjeg smje\u0161taja i zbrinjavanja.<\/p>\n\n\n\n<p>&nbsp;Provo\u0111enje navedenih aktivnosti je nastavak koordinacije Slu\u017ebe za poslove sa strancima s lokalnim vlastima u cilju \u0161to boljeg upravljanja migracijskim procesima na podru\u010dju Unsko-sanske \u017eupanije, te \u0107e se ovakve aktivnosti nastaviti kontinuirano provoditi u narednom periodu, navodi se u priop\u0107enju.<\/p>\n\n\n\n<p>Izvor:pogled.ba<\/p>\n","protected":false},"excerpt":{"rendered":"<p>Slu\u017eba za poslove sa strancima poduzela je operativne aktivnosti usmjerene na kontrolu kretanja i boravka migranata na podru\u010dju grada Biha\u0107a na \u010detiri lokacije: \u017degarsko polje, Debelja\u010da, lokacija u blizini \u017dupanijske bolnice i nogometnog stadiona Jedinstvo, a gdje su se migranti okupljali i boravili u improviziranom smje\u0161taju, priop\u0107ila je Slu\u017eba za odnose sa strancima. U priop\u0107enju [&hellip;]<\/p>\n","protected":false},"author":2,"featured_media":25887,"comment_status":"closed","ping_status":"closed","sticky":false,"template":"","format":"standard","meta":{"h5ap_radio_sources":[],"footnotes":""},"categories":[1],"tags":[],"class_list":["post-25886","post","type-post","status-publish","format-standard","has-post-thumbnail","hentry","category-bihiregija"],"yoast_head":"<!-- This site is optimized with the Yoast SEO plugin v27.5 - https:\/\/yoast.com\/product\/yoast-seo-wordpress\/ -->\n<title>U kamp Lipa izmje\u0161teno 255 migranata s \u010detiri lokacije na podru\u010dju Biha\u0107a - RADIO LJUBU\u0160KI<\/title>\n<meta name=\"robots\" content=\"index, follow, max-snippet:-1, max-image-preview:large, max-video-preview:-1\" \/>\n<link rel=\"canonical\" href=\"https:\/\/radioljubuski.ba\/index.php\/2021\/05\/28\/u-kamp-lipa-izmjesteno-255-migranata-s-cetiri-lokacije-na-podrucju-bihaca\/\" \/>\n<meta property=\"og:locale\" content=\"hr_HR\" \/>\n<meta property=\"og:type\" content=\"article\" \/>\n<meta property=\"og:title\" content=\"U kamp Lipa izmje\u0161teno 255 migranata s \u010detiri lokacije na podru\u010dju Biha\u0107a - RADIO LJUBU\u0160KI\" \/>\n<meta property=\"og:description\" content=\"Slu\u017eba za poslove sa strancima poduzela je operativne aktivnosti usmjerene na kontrolu kretanja i boravka migranata na podru\u010dju grada Biha\u0107a na \u010detiri lokacije: \u017degarsko polje, Debelja\u010da, lokacija u blizini \u017dupanijske bolnice i nogometnog stadiona Jedinstvo, a gdje su se migranti okupljali i boravili u improviziranom smje\u0161taju, priop\u0107ila je Slu\u017eba za odnose sa strancima. U priop\u0107enju [&hellip;]\" \/>\n<meta property=\"og:url\" content=\"https:\/\/radioljubuski.ba\/index.php\/2021\/05\/28\/u-kamp-lipa-izmjesteno-255-migranata-s-cetiri-lokacije-na-podrucju-bihaca\/\" \/>\n<meta property=\"og:site_name\" content=\"RADIO LJUBU\u0160KI\" \/>\n<meta property=\"article:publisher\" content=\"https:\/\/www.facebook.com\/Radiio-Ljubuski-1490835324566332\" \/>\n<meta property=\"article:published_time\" content=\"2021-05-28T10:52:27+00:00\" \/>\n<meta property=\"og:image\" content=\"https:\/\/radioljubuski.ba\/wp-content\/uploads\/2021\/05\/2-2021-05-28-11-14-04-lipa.jpg\" \/>\n\t<meta property=\"og:image:width\" content=\"1000\" \/>\n\t<meta property=\"og:image:height\" content=\"625\" \/>\n\t<meta property=\"og:image:type\" content=\"image\/jpeg\" \/>\n<meta name=\"author\" content=\"Radio Ljubu\u0161ki\" \/>\n<meta name=\"twitter:card\" content=\"summary_large_image\" \/>\n<meta name=\"twitter:creator\" content=\"@radioljubuski\" \/>\n<meta name=\"twitter:site\" content=\"@radioljubuski\" \/>\n<meta name=\"twitter:label1\" content=\"Napisao\/la\" \/>\n\t<meta name=\"twitter:data1\" content=\"Radio Ljubu\u0161ki\" \/>\n\t<meta name=\"twitter:label2\" content=\"Procijenjeno vrijeme \u010ditanja\" \/>\n\t<meta name=\"twitter:data2\" content=\"1 minuta\" \/>\n<script type=\"application\/ld+json\" class=\"yoast-schema-graph\">{\"@context\":\"https:\\\/\\\/schema.org\",\"@graph\":[{\"@type\":\"Article\",\"@id\":\"https:\\\/\\\/radioljubuski.ba\\\/index.php\\\/2021\\\/05\\\/28\\\/u-kamp-lipa-izmjesteno-255-migranata-s-cetiri-lokacije-na-podrucju-bihaca\\\/#article\",\"isPartOf\":{\"@id\":\"https:\\\/\\\/radioljubuski.ba\\\/index.php\\\/2021\\\/05\\\/28\\\/u-kamp-lipa-izmjesteno-255-migranata-s-cetiri-lokacije-na-podrucju-bihaca\\\/\"},\"author\":{\"name\":\"Radio Ljubu\u0161ki\",\"@id\":\"https:\\\/\\\/radioljubuski.ba\\\/#\\\/schema\\\/person\\\/19fc700381a780f69665d7956c469e3b\"},\"headline\":\"U kamp Lipa izmje\u0161teno 255 migranata s \u010detiri lokacije na podru\u010dju Biha\u0107a\",\"datePublished\":\"2021-05-28T10:52:27+00:00\",\"mainEntityOfPage\":{\"@id\":\"https:\\\/\\\/radioljubuski.ba\\\/index.php\\\/2021\\\/05\\\/28\\\/u-kamp-lipa-izmjesteno-255-migranata-s-cetiri-lokacije-na-podrucju-bihaca\\\/\"},\"wordCount\":247,\"publisher\":{\"@id\":\"https:\\\/\\\/radioljubuski.ba\\\/#organization\"},\"image\":{\"@id\":\"https:\\\/\\\/radioljubuski.ba\\\/index.php\\\/2021\\\/05\\\/28\\\/u-kamp-lipa-izmjesteno-255-migranata-s-cetiri-lokacije-na-podrucju-bihaca\\\/#primaryimage\"},\"thumbnailUrl\":\"https:\\\/\\\/radioljubuski.ba\\\/wp-content\\\/uploads\\\/2021\\\/05\\\/2-2021-05-28-11-14-04-lipa.jpg\",\"articleSection\":[\"BIH i regija\"],\"inLanguage\":\"hr\"},{\"@type\":\"WebPage\",\"@id\":\"https:\\\/\\\/radioljubuski.ba\\\/index.php\\\/2021\\\/05\\\/28\\\/u-kamp-lipa-izmjesteno-255-migranata-s-cetiri-lokacije-na-podrucju-bihaca\\\/\",\"url\":\"https:\\\/\\\/radioljubuski.ba\\\/index.php\\\/2021\\\/05\\\/28\\\/u-kamp-lipa-izmjesteno-255-migranata-s-cetiri-lokacije-na-podrucju-bihaca\\\/\",\"name\":\"U kamp Lipa izmje\u0161teno 255 migranata s \u010detiri lokacije na podru\u010dju Biha\u0107a - RADIO LJUBU\u0160KI\",\"isPartOf\":{\"@id\":\"https:\\\/\\\/radioljubuski.ba\\\/#website\"},\"primaryImageOfPage\":{\"@id\":\"https:\\\/\\\/radioljubuski.ba\\\/index.php\\\/2021\\\/05\\\/28\\\/u-kamp-lipa-izmjesteno-255-migranata-s-cetiri-lokacije-na-podrucju-bihaca\\\/#primaryimage\"},\"image\":{\"@id\":\"https:\\\/\\\/radioljubuski.ba\\\/index.php\\\/2021\\\/05\\\/28\\\/u-kamp-lipa-izmjesteno-255-migranata-s-cetiri-lokacije-na-podrucju-bihaca\\\/#primaryimage\"},\"thumbnailUrl\":\"https:\\\/\\\/radioljubuski.ba\\\/wp-content\\\/uploads\\\/2021\\\/05\\\/2-2021-05-28-11-14-04-lipa.jpg\",\"datePublished\":\"2021-05-28T10:52:27+00:00\",\"breadcrumb\":{\"@id\":\"https:\\\/\\\/radioljubuski.ba\\\/index.php\\\/2021\\\/05\\\/28\\\/u-kamp-lipa-izmjesteno-255-migranata-s-cetiri-lokacije-na-podrucju-bihaca\\\/#breadcrumb\"},\"inLanguage\":\"hr\",\"potentialAction\":[{\"@type\":\"ReadAction\",\"target\":[\"https:\\\/\\\/radioljubuski.ba\\\/index.php\\\/2021\\\/05\\\/28\\\/u-kamp-lipa-izmjesteno-255-migranata-s-cetiri-lokacije-na-podrucju-bihaca\\\/\"]}]},{\"@type\":\"ImageObject\",\"inLanguage\":\"hr\",\"@id\":\"https:\\\/\\\/radioljubuski.ba\\\/index.php\\\/2021\\\/05\\\/28\\\/u-kamp-lipa-izmjesteno-255-migranata-s-cetiri-lokacije-na-podrucju-bihaca\\\/#primaryimage\",\"url\":\"https:\\\/\\\/radioljubuski.ba\\\/wp-content\\\/uploads\\\/2021\\\/05\\\/2-2021-05-28-11-14-04-lipa.jpg\",\"contentUrl\":\"https:\\\/\\\/radioljubuski.ba\\\/wp-content\\\/uploads\\\/2021\\\/05\\\/2-2021-05-28-11-14-04-lipa.jpg\",\"width\":1000,\"height\":625},{\"@type\":\"BreadcrumbList\",\"@id\":\"https:\\\/\\\/radioljubuski.ba\\\/index.php\\\/2021\\\/05\\\/28\\\/u-kamp-lipa-izmjesteno-255-migranata-s-cetiri-lokacije-na-podrucju-bihaca\\\/#breadcrumb\",\"itemListElement\":[{\"@type\":\"ListItem\",\"position\":1,\"name\":\"Po\u010detna stranica\",\"item\":\"https:\\\/\\\/radioljubuski.ba\\\/\"},{\"@type\":\"ListItem\",\"position\":2,\"name\":\"U kamp Lipa izmje\u0161teno 255 migranata s \u010detiri lokacije na podru\u010dju Biha\u0107a\"}]},{\"@type\":\"WebSite\",\"@id\":\"https:\\\/\\\/radioljubuski.ba\\\/#website\",\"url\":\"https:\\\/\\\/radioljubuski.ba\\\/\",\"name\":\"Radio Ljubu\u0161ki\",\"description\":\"Sun\u010dana frekvencija Hercegovine\",\"publisher\":{\"@id\":\"https:\\\/\\\/radioljubuski.ba\\\/#organization\"},\"potentialAction\":[{\"@type\":\"SearchAction\",\"target\":{\"@type\":\"EntryPoint\",\"urlTemplate\":\"https:\\\/\\\/radioljubuski.ba\\\/?s={search_term_string}\"},\"query-input\":{\"@type\":\"PropertyValueSpecification\",\"valueRequired\":true,\"valueName\":\"search_term_string\"}}],\"inLanguage\":\"hr\"},{\"@type\":\"Organization\",\"@id\":\"https:\\\/\\\/radioljubuski.ba\\\/#organization\",\"name\":\"Radio Ljubu\u0161ki\",\"url\":\"https:\\\/\\\/radioljubuski.ba\\\/\",\"logo\":{\"@type\":\"ImageObject\",\"inLanguage\":\"hr\",\"@id\":\"https:\\\/\\\/radioljubuski.ba\\\/#\\\/schema\\\/logo\\\/image\\\/\",\"url\":\"https:\\\/\\\/radioljubuski.ba\\\/wp-content\\\/uploads\\\/2021\\\/02\\\/cropped-Radio_Ljubuski_logo1.jpg\",\"contentUrl\":\"https:\\\/\\\/radioljubuski.ba\\\/wp-content\\\/uploads\\\/2021\\\/02\\\/cropped-Radio_Ljubuski_logo1.jpg\",\"width\":512,\"height\":512,\"caption\":\"Radio Ljubu\u0161ki\"},\"image\":{\"@id\":\"https:\\\/\\\/radioljubuski.ba\\\/#\\\/schema\\\/logo\\\/image\\\/\"},\"sameAs\":[\"https:\\\/\\\/www.facebook.com\\\/Radiio-Ljubuski-1490835324566332\",\"https:\\\/\\\/x.com\\\/radioljubuski\",\"https:\\\/\\\/hr.linkedin.com\\\/company\\\/radio-ljubuski\",\"https:\\\/\\\/www.youtube.com\\\/channel\\\/UCHYaeO_n0Db3tjNGudGpXyw\"]},{\"@type\":\"Person\",\"@id\":\"https:\\\/\\\/radioljubuski.ba\\\/#\\\/schema\\\/person\\\/19fc700381a780f69665d7956c469e3b\",\"name\":\"Radio Ljubu\u0161ki\"}]}<\/script>\n<!-- \/ Yoast SEO plugin. -->","yoast_head_json":{"title":"U kamp Lipa izmje\u0161teno 255 migranata s \u010detiri lokacije na podru\u010dju Biha\u0107a - RADIO LJUBU\u0160KI","robots":{"index":"index","follow":"follow","max-snippet":"max-snippet:-1","max-image-preview":"max-image-preview:large","max-video-preview":"max-video-preview:-1"},"canonical":"https:\/\/radioljubuski.ba\/index.php\/2021\/05\/28\/u-kamp-lipa-izmjesteno-255-migranata-s-cetiri-lokacije-na-podrucju-bihaca\/","og_locale":"hr_HR","og_type":"article","og_title":"U kamp Lipa izmje\u0161teno 255 migranata s \u010detiri lokacije na podru\u010dju Biha\u0107a - RADIO LJUBU\u0160KI","og_description":"Slu\u017eba za poslove sa strancima poduzela je operativne aktivnosti usmjerene na kontrolu kretanja i boravka migranata na podru\u010dju grada Biha\u0107a na \u010detiri lokacije: \u017degarsko polje, Debelja\u010da, lokacija u blizini \u017dupanijske bolnice i nogometnog stadiona Jedinstvo, a gdje su se migranti okupljali i boravili u improviziranom smje\u0161taju, priop\u0107ila je Slu\u017eba za odnose sa strancima. U priop\u0107enju [&hellip;]","og_url":"https:\/\/radioljubuski.ba\/index.php\/2021\/05\/28\/u-kamp-lipa-izmjesteno-255-migranata-s-cetiri-lokacije-na-podrucju-bihaca\/","og_site_name":"RADIO LJUBU\u0160KI","article_publisher":"https:\/\/www.facebook.com\/Radiio-Ljubuski-1490835324566332","article_published_time":"2021-05-28T10:52:27+00:00","og_image":[{"width":1000,"height":625,"url":"https:\/\/radioljubuski.ba\/wp-content\/uploads\/2021\/05\/2-2021-05-28-11-14-04-lipa.jpg","type":"image\/jpeg"}],"author":"Radio Ljubu\u0161ki","twitter_card":"summary_large_image","twitter_creator":"@radioljubuski","twitter_site":"@radioljubuski","twitter_misc":{"Napisao\/la":"Radio Ljubu\u0161ki","Procijenjeno vrijeme \u010ditanja":"1 minuta"},"schema":{"@context":"https:\/\/schema.org","@graph":[{"@type":"Article","@id":"https:\/\/radioljubuski.ba\/index.php\/2021\/05\/28\/u-kamp-lipa-izmjesteno-255-migranata-s-cetiri-lokacije-na-podrucju-bihaca\/#article","isPartOf":{"@id":"https:\/\/radioljubuski.ba\/index.php\/2021\/05\/28\/u-kamp-lipa-izmjesteno-255-migranata-s-cetiri-lokacije-na-podrucju-bihaca\/"},"author":{"name":"Radio Ljubu\u0161ki","@id":"https:\/\/radioljubuski.ba\/#\/schema\/person\/19fc700381a780f69665d7956c469e3b"},"headline":"U kamp Lipa izmje\u0161teno 255 migranata s \u010detiri lokacije na podru\u010dju Biha\u0107a","datePublished":"2021-05-28T10:52:27+00:00","mainEntityOfPage":{"@id":"https:\/\/radioljubuski.ba\/index.php\/2021\/05\/28\/u-kamp-lipa-izmjesteno-255-migranata-s-cetiri-lokacije-na-podrucju-bihaca\/"},"wordCount":247,"publisher":{"@id":"https:\/\/radioljubuski.ba\/#organization"},"image":{"@id":"https:\/\/radioljubuski.ba\/index.php\/2021\/05\/28\/u-kamp-lipa-izmjesteno-255-migranata-s-cetiri-lokacije-na-podrucju-bihaca\/#primaryimage"},"thumbnailUrl":"https:\/\/radioljubuski.ba\/wp-content\/uploads\/2021\/05\/2-2021-05-28-11-14-04-lipa.jpg","articleSection":["BIH i regija"],"inLanguage":"hr"},{"@type":"WebPage","@id":"https:\/\/radioljubuski.ba\/index.php\/2021\/05\/28\/u-kamp-lipa-izmjesteno-255-migranata-s-cetiri-lokacije-na-podrucju-bihaca\/","url":"https:\/\/radioljubuski.ba\/index.php\/2021\/05\/28\/u-kamp-lipa-izmjesteno-255-migranata-s-cetiri-lokacije-na-podrucju-bihaca\/","name":"U kamp Lipa izmje\u0161teno 255 migranata s \u010detiri lokacije na podru\u010dju Biha\u0107a - RADIO LJUBU\u0160KI","isPartOf":{"@id":"https:\/\/radioljubuski.ba\/#website"},"primaryImageOfPage":{"@id":"https:\/\/radioljubuski.ba\/index.php\/2021\/05\/28\/u-kamp-lipa-izmjesteno-255-migranata-s-cetiri-lokacije-na-podrucju-bihaca\/#primaryimage"},"image":{"@id":"https:\/\/radioljubuski.ba\/index.php\/2021\/05\/28\/u-kamp-lipa-izmjesteno-255-migranata-s-cetiri-lokacije-na-podrucju-bihaca\/#primaryimage"},"thumbnailUrl":"https:\/\/radioljubuski.ba\/wp-content\/uploads\/2021\/05\/2-2021-05-28-11-14-04-lipa.jpg","datePublished":"2021-05-28T10:52:27+00:00","breadcrumb":{"@id":"https:\/\/radioljubuski.ba\/index.php\/2021\/05\/28\/u-kamp-lipa-izmjesteno-255-migranata-s-cetiri-lokacije-na-podrucju-bihaca\/#breadcrumb"},"inLanguage":"hr","potentialAction":[{"@type":"ReadAction","target":["https:\/\/radioljubuski.ba\/index.php\/2021\/05\/28\/u-kamp-lipa-izmjesteno-255-migranata-s-cetiri-lokacije-na-podrucju-bihaca\/"]}]},{"@type":"ImageObject","inLanguage":"hr","@id":"https:\/\/radioljubuski.ba\/index.php\/2021\/05\/28\/u-kamp-lipa-izmjesteno-255-migranata-s-cetiri-lokacije-na-podrucju-bihaca\/#primaryimage","url":"https:\/\/radioljubuski.ba\/wp-content\/uploads\/2021\/05\/2-2021-05-28-11-14-04-lipa.jpg","contentUrl":"https:\/\/radioljubuski.ba\/wp-content\/uploads\/2021\/05\/2-2021-05-28-11-14-04-lipa.jpg","width":1000,"height":625},{"@type":"BreadcrumbList","@id":"https:\/\/radioljubuski.ba\/index.php\/2021\/05\/28\/u-kamp-lipa-izmjesteno-255-migranata-s-cetiri-lokacije-na-podrucju-bihaca\/#breadcrumb","itemListElement":[{"@type":"ListItem","position":1,"name":"Po\u010detna stranica","item":"https:\/\/radioljubuski.ba\/"},{"@type":"ListItem","position":2,"name":"U kamp Lipa izmje\u0161teno 255 migranata s \u010detiri lokacije na podru\u010dju Biha\u0107a"}]},{"@type":"WebSite","@id":"https:\/\/radioljubuski.ba\/#website","url":"https:\/\/radioljubuski.ba\/","name":"Radio Ljubu\u0161ki","description":"Sun\u010dana frekvencija Hercegovine","publisher":{"@id":"https:\/\/radioljubuski.ba\/#organization"},"potentialAction":[{"@type":"SearchAction","target":{"@type":"EntryPoint","urlTemplate":"https:\/\/radioljubuski.ba\/?s={search_term_string}"},"query-input":{"@type":"PropertyValueSpecification","valueRequired":true,"valueName":"search_term_string"}}],"inLanguage":"hr"},{"@type":"Organization","@id":"https:\/\/radioljubuski.ba\/#organization","name":"Radio Ljubu\u0161ki","url":"https:\/\/radioljubuski.ba\/","logo":{"@type":"ImageObject","inLanguage":"hr","@id":"https:\/\/radioljubuski.ba\/#\/schema\/logo\/image\/","url":"https:\/\/radioljubuski.ba\/wp-content\/uploads\/2021\/02\/cropped-Radio_Ljubuski_logo1.jpg","contentUrl":"https:\/\/radioljubuski.ba\/wp-content\/uploads\/2021\/02\/cropped-Radio_Ljubuski_logo1.jpg","width":512,"height":512,"caption":"Radio Ljubu\u0161ki"},"image":{"@id":"https:\/\/radioljubuski.ba\/#\/schema\/logo\/image\/"},"sameAs":["https:\/\/www.facebook.com\/Radiio-Ljubuski-1490835324566332","https:\/\/x.com\/radioljubuski","https:\/\/hr.linkedin.com\/company\/radio-ljubuski","https:\/\/www.youtube.com\/channel\/UCHYaeO_n0Db3tjNGudGpXyw"]},{"@type":"Person","@id":"https:\/\/radioljubuski.ba\/#\/schema\/person\/19fc700381a780f69665d7956c469e3b","name":"Radio Ljubu\u0161ki"}]}},"_links":{"self":[{"href":"https:\/\/radioljubuski.ba\/index.php\/wp-json\/wp\/v2\/posts\/25886","targetHints":{"allow":["GET"]}}],"collection":[{"href":"https:\/\/radioljubuski.ba\/index.php\/wp-json\/wp\/v2\/posts"}],"about":[{"href":"https:\/\/radioljubuski.ba\/index.php\/wp-json\/wp\/v2\/types\/post"}],"author":[{"embeddable":true,"href":"https:\/\/radioljubuski.ba\/index.php\/wp-json\/wp\/v2\/users\/2"}],"replies":[{"embeddable":true,"href":"https:\/\/radioljubuski.ba\/index.php\/wp-json\/wp\/v2\/comments?post=25886"}],"version-history":[{"count":1,"href":"https:\/\/radioljubuski.ba\/index.php\/wp-json\/wp\/v2\/posts\/25886\/revisions"}],"predecessor-version":[{"id":25888,"href":"https:\/\/radioljubuski.ba\/index.php\/wp-json\/wp\/v2\/posts\/25886\/revisions\/25888"}],"wp:featuredmedia":[{"embeddable":true,"href":"https:\/\/radioljubuski.ba\/index.php\/wp-json\/wp\/v2\/media\/25887"}],"wp:attachment":[{"href":"https:\/\/radioljubuski.ba\/index.php\/wp-json\/wp\/v2\/media?parent=25886"}],"wp:term":[{"taxonomy":"category","embeddable":true,"href":"https:\/\/radioljubuski.ba\/index.php\/wp-json\/wp\/v2\/categories?post=25886"},{"taxonomy":"post_tag","embeddable":true,"href":"https:\/\/radioljubuski.ba\/index.php\/wp-json\/wp\/v2\/tags?post=25886"}],"curies":[{"name":"wp","href":"https:\/\/api.w.org\/{rel}","templated":true}]}}