{"id":2595,"date":"2021-03-10T19:42:49","date_gmt":"2021-03-10T18:42:49","guid":{"rendered":"https:\/\/radioljubuski.ba\/?p=2595"},"modified":"2021-03-10T19:42:50","modified_gmt":"2021-03-10T18:42:50","slug":"upao-u-ambulantu-jednu-medicinsku-sestru-napao-drugoj-srusio-salter-na-glavu-jer-ih-nije-mogao-dobiti-na-telefon-video","status":"publish","type":"post","link":"https:\/\/radioljubuski.ba\/index.php\/2021\/03\/10\/upao-u-ambulantu-jednu-medicinsku-sestru-napao-drugoj-srusio-salter-na-glavu-jer-ih-nije-mogao-dobiti-na-telefon-video\/","title":{"rendered":"Upao u ambulantu: Jednu medicinsku sestru napao, drugoj sru\u0161io \u0161alter na glavu, jer ih nije mogao dobiti na telefon &#8211; video"},"content":{"rendered":"\n<p>Nezadovoljni pacijent upao je sino\u0107 u ambulantu u Bu\u010da Potoku oko 18.30 sati nakon \u010dega je napao dvije medicinske sestre, saznaje Avaz.<\/p>\n\n\n\n<p>Kako se vidi na snimci, koja\u00a0je objavljena na Facebooku, razjareni pacijent je jednu zdravstvenu radnicu fizi\u010dki napao dok je drugoj na glavu sru\u0161io za\u0161titni \u0161alter i polomio ga. Na svu sre\u0107u \u017eene nisu zadobile ozljede, ali su do\u017eivjele veliki strah.<\/p>\n\n\n\n<iframe loading=\"lazy\" src=\"https:\/\/www.facebook.com\/plugins\/video.php?height=314&#038;href=https%3A%2F%2Fwww.facebook.com%2Fdnevniavazcrna%2Fvideos%2F490997558563056%2F&#038;show_text=false&#038;width=560\" width=\"560\" height=\"314\" style=\"border:none;overflow:hidden\" scrolling=\"no\" frameborder=\"0\" allowfullscreen=\"true\" allow=\"autoplay; clipboard-write; encrypted-media; picture-in-picture; web-share\" allowFullScreen=\"true\"><\/iframe>\n\n\n\n<p>Napad se navodno dogodio zbog telefonske opcije Call centra za Covid 19, jer nije uspio uspostaviti vezu s njima, jer su razgovarale sa drugim pacijentima.<\/p>\n\n\n\n<p>Ovo je ina\u010de stalni problem i doga\u0111a se od kada je uvedena telefonska linija Covid, jer se pozivi automatski prebacuju, a u slu\u010daju zauze\u0107a, pacijenti dobiju automatski generirane upute da su svi zauzeti i da se jave kasnije ili ostave podatke kako bi njih kasnije neko kontaktirao, nakon \u010dega uslijedi muzika.<\/p>\n\n\n\n<p>Dnevnik.ba<\/p>\n","protected":false},"excerpt":{"rendered":"<p>Nezadovoljni pacijent upao je sino\u0107 u ambulantu u Bu\u010da Potoku oko 18.30 sati nakon \u010dega je napao dvije medicinske sestre, saznaje Avaz. Kako se vidi na snimci, koja\u00a0je objavljena na Facebooku, razjareni pacijent je jednu zdravstvenu radnicu fizi\u010dki napao dok je drugoj na glavu sru\u0161io za\u0161titni \u0161alter i polomio ga. Na svu sre\u0107u \u017eene nisu [&hellip;]<\/p>\n","protected":false},"author":2,"featured_media":2596,"comment_status":"closed","ping_status":"closed","sticky":false,"template":"","format":"standard","meta":{"h5ap_radio_sources":[],"footnotes":""},"categories":[1],"tags":[],"class_list":["post-2595","post","type-post","status-publish","format-standard","has-post-thumbnail","hentry","category-bihiregija"],"yoast_head":"<!-- This site is optimized with the Yoast SEO plugin v27.5 - https:\/\/yoast.com\/product\/yoast-seo-wordpress\/ -->\n<title>Upao u ambulantu: Jednu medicinsku sestru napao, drugoj sru\u0161io \u0161alter na glavu, jer ih nije mogao dobiti na telefon - video - RADIO LJUBU\u0160KI<\/title>\n<meta name=\"robots\" content=\"index, follow, max-snippet:-1, max-image-preview:large, max-video-preview:-1\" \/>\n<link rel=\"canonical\" href=\"https:\/\/radioljubuski.ba\/index.php\/2021\/03\/10\/upao-u-ambulantu-jednu-medicinsku-sestru-napao-drugoj-srusio-salter-na-glavu-jer-ih-nije-mogao-dobiti-na-telefon-video\/\" \/>\n<meta property=\"og:locale\" content=\"hr_HR\" \/>\n<meta property=\"og:type\" content=\"article\" \/>\n<meta property=\"og:title\" content=\"Upao u ambulantu: Jednu medicinsku sestru napao, drugoj sru\u0161io \u0161alter na glavu, jer ih nije mogao dobiti na telefon - video - RADIO LJUBU\u0160KI\" \/>\n<meta property=\"og:description\" content=\"Nezadovoljni pacijent upao je sino\u0107 u ambulantu u Bu\u010da Potoku oko 18.30 sati nakon \u010dega je napao dvije medicinske sestre, saznaje Avaz. Kako se vidi na snimci, koja\u00a0je objavljena na Facebooku, razjareni pacijent je jednu zdravstvenu radnicu fizi\u010dki napao dok je drugoj na glavu sru\u0161io za\u0161titni \u0161alter i polomio ga. Na svu sre\u0107u \u017eene nisu [&hellip;]\" \/>\n<meta property=\"og:url\" content=\"https:\/\/radioljubuski.ba\/index.php\/2021\/03\/10\/upao-u-ambulantu-jednu-medicinsku-sestru-napao-drugoj-srusio-salter-na-glavu-jer-ih-nije-mogao-dobiti-na-telefon-video\/\" \/>\n<meta property=\"og:site_name\" content=\"RADIO LJUBU\u0160KI\" \/>\n<meta property=\"article:publisher\" content=\"https:\/\/www.facebook.com\/Radiio-Ljubuski-1490835324566332\" \/>\n<meta property=\"article:published_time\" content=\"2021-03-10T18:42:49+00:00\" \/>\n<meta property=\"article:modified_time\" content=\"2021-03-10T18:42:50+00:00\" \/>\n<meta property=\"og:image\" content=\"https:\/\/radioljubuski.ba\/wp-content\/uploads\/2021\/03\/w873_39.jpg\" \/>\n\t<meta property=\"og:image:width\" content=\"840\" \/>\n\t<meta property=\"og:image:height\" content=\"470\" \/>\n\t<meta property=\"og:image:type\" content=\"image\/jpeg\" \/>\n<meta name=\"author\" content=\"Radio Ljubu\u0161ki\" \/>\n<meta name=\"twitter:card\" content=\"summary_large_image\" \/>\n<meta name=\"twitter:creator\" content=\"@radioljubuski\" \/>\n<meta name=\"twitter:site\" content=\"@radioljubuski\" \/>\n<meta name=\"twitter:label1\" content=\"Napisao\/la\" \/>\n\t<meta name=\"twitter:data1\" content=\"Radio Ljubu\u0161ki\" \/>\n\t<meta name=\"twitter:label2\" content=\"Procijenjeno vrijeme \u010ditanja\" \/>\n\t<meta name=\"twitter:data2\" content=\"1 minuta\" \/>\n<script type=\"application\/ld+json\" class=\"yoast-schema-graph\">{\"@context\":\"https:\\\/\\\/schema.org\",\"@graph\":[{\"@type\":\"Article\",\"@id\":\"https:\\\/\\\/radioljubuski.ba\\\/index.php\\\/2021\\\/03\\\/10\\\/upao-u-ambulantu-jednu-medicinsku-sestru-napao-drugoj-srusio-salter-na-glavu-jer-ih-nije-mogao-dobiti-na-telefon-video\\\/#article\",\"isPartOf\":{\"@id\":\"https:\\\/\\\/radioljubuski.ba\\\/index.php\\\/2021\\\/03\\\/10\\\/upao-u-ambulantu-jednu-medicinsku-sestru-napao-drugoj-srusio-salter-na-glavu-jer-ih-nije-mogao-dobiti-na-telefon-video\\\/\"},\"author\":{\"name\":\"Radio Ljubu\u0161ki\",\"@id\":\"https:\\\/\\\/radioljubuski.ba\\\/#\\\/schema\\\/person\\\/19fc700381a780f69665d7956c469e3b\"},\"headline\":\"Upao u ambulantu: Jednu medicinsku sestru napao, drugoj sru\u0161io \u0161alter na glavu, jer ih nije mogao dobiti na telefon &#8211; video\",\"datePublished\":\"2021-03-10T18:42:49+00:00\",\"dateModified\":\"2021-03-10T18:42:50+00:00\",\"mainEntityOfPage\":{\"@id\":\"https:\\\/\\\/radioljubuski.ba\\\/index.php\\\/2021\\\/03\\\/10\\\/upao-u-ambulantu-jednu-medicinsku-sestru-napao-drugoj-srusio-salter-na-glavu-jer-ih-nije-mogao-dobiti-na-telefon-video\\\/\"},\"wordCount\":171,\"publisher\":{\"@id\":\"https:\\\/\\\/radioljubuski.ba\\\/#organization\"},\"image\":{\"@id\":\"https:\\\/\\\/radioljubuski.ba\\\/index.php\\\/2021\\\/03\\\/10\\\/upao-u-ambulantu-jednu-medicinsku-sestru-napao-drugoj-srusio-salter-na-glavu-jer-ih-nije-mogao-dobiti-na-telefon-video\\\/#primaryimage\"},\"thumbnailUrl\":\"https:\\\/\\\/radioljubuski.ba\\\/wp-content\\\/uploads\\\/2021\\\/03\\\/w873_39.jpg\",\"articleSection\":[\"BIH i regija\"],\"inLanguage\":\"hr\"},{\"@type\":\"WebPage\",\"@id\":\"https:\\\/\\\/radioljubuski.ba\\\/index.php\\\/2021\\\/03\\\/10\\\/upao-u-ambulantu-jednu-medicinsku-sestru-napao-drugoj-srusio-salter-na-glavu-jer-ih-nije-mogao-dobiti-na-telefon-video\\\/\",\"url\":\"https:\\\/\\\/radioljubuski.ba\\\/index.php\\\/2021\\\/03\\\/10\\\/upao-u-ambulantu-jednu-medicinsku-sestru-napao-drugoj-srusio-salter-na-glavu-jer-ih-nije-mogao-dobiti-na-telefon-video\\\/\",\"name\":\"Upao u ambulantu: Jednu medicinsku sestru napao, drugoj sru\u0161io \u0161alter na glavu, jer ih nije mogao dobiti na telefon - video - RADIO LJUBU\u0160KI\",\"isPartOf\":{\"@id\":\"https:\\\/\\\/radioljubuski.ba\\\/#website\"},\"primaryImageOfPage\":{\"@id\":\"https:\\\/\\\/radioljubuski.ba\\\/index.php\\\/2021\\\/03\\\/10\\\/upao-u-ambulantu-jednu-medicinsku-sestru-napao-drugoj-srusio-salter-na-glavu-jer-ih-nije-mogao-dobiti-na-telefon-video\\\/#primaryimage\"},\"image\":{\"@id\":\"https:\\\/\\\/radioljubuski.ba\\\/index.php\\\/2021\\\/03\\\/10\\\/upao-u-ambulantu-jednu-medicinsku-sestru-napao-drugoj-srusio-salter-na-glavu-jer-ih-nije-mogao-dobiti-na-telefon-video\\\/#primaryimage\"},\"thumbnailUrl\":\"https:\\\/\\\/radioljubuski.ba\\\/wp-content\\\/uploads\\\/2021\\\/03\\\/w873_39.jpg\",\"datePublished\":\"2021-03-10T18:42:49+00:00\",\"dateModified\":\"2021-03-10T18:42:50+00:00\",\"breadcrumb\":{\"@id\":\"https:\\\/\\\/radioljubuski.ba\\\/index.php\\\/2021\\\/03\\\/10\\\/upao-u-ambulantu-jednu-medicinsku-sestru-napao-drugoj-srusio-salter-na-glavu-jer-ih-nije-mogao-dobiti-na-telefon-video\\\/#breadcrumb\"},\"inLanguage\":\"hr\",\"potentialAction\":[{\"@type\":\"ReadAction\",\"target\":[\"https:\\\/\\\/radioljubuski.ba\\\/index.php\\\/2021\\\/03\\\/10\\\/upao-u-ambulantu-jednu-medicinsku-sestru-napao-drugoj-srusio-salter-na-glavu-jer-ih-nije-mogao-dobiti-na-telefon-video\\\/\"]}]},{\"@type\":\"ImageObject\",\"inLanguage\":\"hr\",\"@id\":\"https:\\\/\\\/radioljubuski.ba\\\/index.php\\\/2021\\\/03\\\/10\\\/upao-u-ambulantu-jednu-medicinsku-sestru-napao-drugoj-srusio-salter-na-glavu-jer-ih-nije-mogao-dobiti-na-telefon-video\\\/#primaryimage\",\"url\":\"https:\\\/\\\/radioljubuski.ba\\\/wp-content\\\/uploads\\\/2021\\\/03\\\/w873_39.jpg\",\"contentUrl\":\"https:\\\/\\\/radioljubuski.ba\\\/wp-content\\\/uploads\\\/2021\\\/03\\\/w873_39.jpg\",\"width\":840,\"height\":470},{\"@type\":\"BreadcrumbList\",\"@id\":\"https:\\\/\\\/radioljubuski.ba\\\/index.php\\\/2021\\\/03\\\/10\\\/upao-u-ambulantu-jednu-medicinsku-sestru-napao-drugoj-srusio-salter-na-glavu-jer-ih-nije-mogao-dobiti-na-telefon-video\\\/#breadcrumb\",\"itemListElement\":[{\"@type\":\"ListItem\",\"position\":1,\"name\":\"Po\u010detna stranica\",\"item\":\"https:\\\/\\\/radioljubuski.ba\\\/\"},{\"@type\":\"ListItem\",\"position\":2,\"name\":\"Upao u ambulantu: Jednu medicinsku sestru napao, drugoj sru\u0161io \u0161alter na glavu, jer ih nije mogao dobiti na telefon &#8211; video\"}]},{\"@type\":\"WebSite\",\"@id\":\"https:\\\/\\\/radioljubuski.ba\\\/#website\",\"url\":\"https:\\\/\\\/radioljubuski.ba\\\/\",\"name\":\"Radio Ljubu\u0161ki\",\"description\":\"Sun\u010dana frekvencija Hercegovine\",\"publisher\":{\"@id\":\"https:\\\/\\\/radioljubuski.ba\\\/#organization\"},\"potentialAction\":[{\"@type\":\"SearchAction\",\"target\":{\"@type\":\"EntryPoint\",\"urlTemplate\":\"https:\\\/\\\/radioljubuski.ba\\\/?s={search_term_string}\"},\"query-input\":{\"@type\":\"PropertyValueSpecification\",\"valueRequired\":true,\"valueName\":\"search_term_string\"}}],\"inLanguage\":\"hr\"},{\"@type\":\"Organization\",\"@id\":\"https:\\\/\\\/radioljubuski.ba\\\/#organization\",\"name\":\"Radio Ljubu\u0161ki\",\"url\":\"https:\\\/\\\/radioljubuski.ba\\\/\",\"logo\":{\"@type\":\"ImageObject\",\"inLanguage\":\"hr\",\"@id\":\"https:\\\/\\\/radioljubuski.ba\\\/#\\\/schema\\\/logo\\\/image\\\/\",\"url\":\"https:\\\/\\\/radioljubuski.ba\\\/wp-content\\\/uploads\\\/2021\\\/02\\\/cropped-Radio_Ljubuski_logo1.jpg\",\"contentUrl\":\"https:\\\/\\\/radioljubuski.ba\\\/wp-content\\\/uploads\\\/2021\\\/02\\\/cropped-Radio_Ljubuski_logo1.jpg\",\"width\":512,\"height\":512,\"caption\":\"Radio Ljubu\u0161ki\"},\"image\":{\"@id\":\"https:\\\/\\\/radioljubuski.ba\\\/#\\\/schema\\\/logo\\\/image\\\/\"},\"sameAs\":[\"https:\\\/\\\/www.facebook.com\\\/Radiio-Ljubuski-1490835324566332\",\"https:\\\/\\\/x.com\\\/radioljubuski\",\"https:\\\/\\\/hr.linkedin.com\\\/company\\\/radio-ljubuski\",\"https:\\\/\\\/www.youtube.com\\\/channel\\\/UCHYaeO_n0Db3tjNGudGpXyw\"]},{\"@type\":\"Person\",\"@id\":\"https:\\\/\\\/radioljubuski.ba\\\/#\\\/schema\\\/person\\\/19fc700381a780f69665d7956c469e3b\",\"name\":\"Radio Ljubu\u0161ki\"}]}<\/script>\n<!-- \/ Yoast SEO plugin. -->","yoast_head_json":{"title":"Upao u ambulantu: Jednu medicinsku sestru napao, drugoj sru\u0161io \u0161alter na glavu, jer ih nije mogao dobiti na telefon - video - RADIO LJUBU\u0160KI","robots":{"index":"index","follow":"follow","max-snippet":"max-snippet:-1","max-image-preview":"max-image-preview:large","max-video-preview":"max-video-preview:-1"},"canonical":"https:\/\/radioljubuski.ba\/index.php\/2021\/03\/10\/upao-u-ambulantu-jednu-medicinsku-sestru-napao-drugoj-srusio-salter-na-glavu-jer-ih-nije-mogao-dobiti-na-telefon-video\/","og_locale":"hr_HR","og_type":"article","og_title":"Upao u ambulantu: Jednu medicinsku sestru napao, drugoj sru\u0161io \u0161alter na glavu, jer ih nije mogao dobiti na telefon - video - RADIO LJUBU\u0160KI","og_description":"Nezadovoljni pacijent upao je sino\u0107 u ambulantu u Bu\u010da Potoku oko 18.30 sati nakon \u010dega je napao dvije medicinske sestre, saznaje Avaz. Kako se vidi na snimci, koja\u00a0je objavljena na Facebooku, razjareni pacijent je jednu zdravstvenu radnicu fizi\u010dki napao dok je drugoj na glavu sru\u0161io za\u0161titni \u0161alter i polomio ga. Na svu sre\u0107u \u017eene nisu [&hellip;]","og_url":"https:\/\/radioljubuski.ba\/index.php\/2021\/03\/10\/upao-u-ambulantu-jednu-medicinsku-sestru-napao-drugoj-srusio-salter-na-glavu-jer-ih-nije-mogao-dobiti-na-telefon-video\/","og_site_name":"RADIO LJUBU\u0160KI","article_publisher":"https:\/\/www.facebook.com\/Radiio-Ljubuski-1490835324566332","article_published_time":"2021-03-10T18:42:49+00:00","article_modified_time":"2021-03-10T18:42:50+00:00","og_image":[{"width":840,"height":470,"url":"https:\/\/radioljubuski.ba\/wp-content\/uploads\/2021\/03\/w873_39.jpg","type":"image\/jpeg"}],"author":"Radio Ljubu\u0161ki","twitter_card":"summary_large_image","twitter_creator":"@radioljubuski","twitter_site":"@radioljubuski","twitter_misc":{"Napisao\/la":"Radio Ljubu\u0161ki","Procijenjeno vrijeme \u010ditanja":"1 minuta"},"schema":{"@context":"https:\/\/schema.org","@graph":[{"@type":"Article","@id":"https:\/\/radioljubuski.ba\/index.php\/2021\/03\/10\/upao-u-ambulantu-jednu-medicinsku-sestru-napao-drugoj-srusio-salter-na-glavu-jer-ih-nije-mogao-dobiti-na-telefon-video\/#article","isPartOf":{"@id":"https:\/\/radioljubuski.ba\/index.php\/2021\/03\/10\/upao-u-ambulantu-jednu-medicinsku-sestru-napao-drugoj-srusio-salter-na-glavu-jer-ih-nije-mogao-dobiti-na-telefon-video\/"},"author":{"name":"Radio Ljubu\u0161ki","@id":"https:\/\/radioljubuski.ba\/#\/schema\/person\/19fc700381a780f69665d7956c469e3b"},"headline":"Upao u ambulantu: Jednu medicinsku sestru napao, drugoj sru\u0161io \u0161alter na glavu, jer ih nije mogao dobiti na telefon &#8211; video","datePublished":"2021-03-10T18:42:49+00:00","dateModified":"2021-03-10T18:42:50+00:00","mainEntityOfPage":{"@id":"https:\/\/radioljubuski.ba\/index.php\/2021\/03\/10\/upao-u-ambulantu-jednu-medicinsku-sestru-napao-drugoj-srusio-salter-na-glavu-jer-ih-nije-mogao-dobiti-na-telefon-video\/"},"wordCount":171,"publisher":{"@id":"https:\/\/radioljubuski.ba\/#organization"},"image":{"@id":"https:\/\/radioljubuski.ba\/index.php\/2021\/03\/10\/upao-u-ambulantu-jednu-medicinsku-sestru-napao-drugoj-srusio-salter-na-glavu-jer-ih-nije-mogao-dobiti-na-telefon-video\/#primaryimage"},"thumbnailUrl":"https:\/\/radioljubuski.ba\/wp-content\/uploads\/2021\/03\/w873_39.jpg","articleSection":["BIH i regija"],"inLanguage":"hr"},{"@type":"WebPage","@id":"https:\/\/radioljubuski.ba\/index.php\/2021\/03\/10\/upao-u-ambulantu-jednu-medicinsku-sestru-napao-drugoj-srusio-salter-na-glavu-jer-ih-nije-mogao-dobiti-na-telefon-video\/","url":"https:\/\/radioljubuski.ba\/index.php\/2021\/03\/10\/upao-u-ambulantu-jednu-medicinsku-sestru-napao-drugoj-srusio-salter-na-glavu-jer-ih-nije-mogao-dobiti-na-telefon-video\/","name":"Upao u ambulantu: Jednu medicinsku sestru napao, drugoj sru\u0161io \u0161alter na glavu, jer ih nije mogao dobiti na telefon - video - RADIO LJUBU\u0160KI","isPartOf":{"@id":"https:\/\/radioljubuski.ba\/#website"},"primaryImageOfPage":{"@id":"https:\/\/radioljubuski.ba\/index.php\/2021\/03\/10\/upao-u-ambulantu-jednu-medicinsku-sestru-napao-drugoj-srusio-salter-na-glavu-jer-ih-nije-mogao-dobiti-na-telefon-video\/#primaryimage"},"image":{"@id":"https:\/\/radioljubuski.ba\/index.php\/2021\/03\/10\/upao-u-ambulantu-jednu-medicinsku-sestru-napao-drugoj-srusio-salter-na-glavu-jer-ih-nije-mogao-dobiti-na-telefon-video\/#primaryimage"},"thumbnailUrl":"https:\/\/radioljubuski.ba\/wp-content\/uploads\/2021\/03\/w873_39.jpg","datePublished":"2021-03-10T18:42:49+00:00","dateModified":"2021-03-10T18:42:50+00:00","breadcrumb":{"@id":"https:\/\/radioljubuski.ba\/index.php\/2021\/03\/10\/upao-u-ambulantu-jednu-medicinsku-sestru-napao-drugoj-srusio-salter-na-glavu-jer-ih-nije-mogao-dobiti-na-telefon-video\/#breadcrumb"},"inLanguage":"hr","potentialAction":[{"@type":"ReadAction","target":["https:\/\/radioljubuski.ba\/index.php\/2021\/03\/10\/upao-u-ambulantu-jednu-medicinsku-sestru-napao-drugoj-srusio-salter-na-glavu-jer-ih-nije-mogao-dobiti-na-telefon-video\/"]}]},{"@type":"ImageObject","inLanguage":"hr","@id":"https:\/\/radioljubuski.ba\/index.php\/2021\/03\/10\/upao-u-ambulantu-jednu-medicinsku-sestru-napao-drugoj-srusio-salter-na-glavu-jer-ih-nije-mogao-dobiti-na-telefon-video\/#primaryimage","url":"https:\/\/radioljubuski.ba\/wp-content\/uploads\/2021\/03\/w873_39.jpg","contentUrl":"https:\/\/radioljubuski.ba\/wp-content\/uploads\/2021\/03\/w873_39.jpg","width":840,"height":470},{"@type":"BreadcrumbList","@id":"https:\/\/radioljubuski.ba\/index.php\/2021\/03\/10\/upao-u-ambulantu-jednu-medicinsku-sestru-napao-drugoj-srusio-salter-na-glavu-jer-ih-nije-mogao-dobiti-na-telefon-video\/#breadcrumb","itemListElement":[{"@type":"ListItem","position":1,"name":"Po\u010detna stranica","item":"https:\/\/radioljubuski.ba\/"},{"@type":"ListItem","position":2,"name":"Upao u ambulantu: Jednu medicinsku sestru napao, drugoj sru\u0161io \u0161alter na glavu, jer ih nije mogao dobiti na telefon &#8211; video"}]},{"@type":"WebSite","@id":"https:\/\/radioljubuski.ba\/#website","url":"https:\/\/radioljubuski.ba\/","name":"Radio Ljubu\u0161ki","description":"Sun\u010dana frekvencija Hercegovine","publisher":{"@id":"https:\/\/radioljubuski.ba\/#organization"},"potentialAction":[{"@type":"SearchAction","target":{"@type":"EntryPoint","urlTemplate":"https:\/\/radioljubuski.ba\/?s={search_term_string}"},"query-input":{"@type":"PropertyValueSpecification","valueRequired":true,"valueName":"search_term_string"}}],"inLanguage":"hr"},{"@type":"Organization","@id":"https:\/\/radioljubuski.ba\/#organization","name":"Radio Ljubu\u0161ki","url":"https:\/\/radioljubuski.ba\/","logo":{"@type":"ImageObject","inLanguage":"hr","@id":"https:\/\/radioljubuski.ba\/#\/schema\/logo\/image\/","url":"https:\/\/radioljubuski.ba\/wp-content\/uploads\/2021\/02\/cropped-Radio_Ljubuski_logo1.jpg","contentUrl":"https:\/\/radioljubuski.ba\/wp-content\/uploads\/2021\/02\/cropped-Radio_Ljubuski_logo1.jpg","width":512,"height":512,"caption":"Radio Ljubu\u0161ki"},"image":{"@id":"https:\/\/radioljubuski.ba\/#\/schema\/logo\/image\/"},"sameAs":["https:\/\/www.facebook.com\/Radiio-Ljubuski-1490835324566332","https:\/\/x.com\/radioljubuski","https:\/\/hr.linkedin.com\/company\/radio-ljubuski","https:\/\/www.youtube.com\/channel\/UCHYaeO_n0Db3tjNGudGpXyw"]},{"@type":"Person","@id":"https:\/\/radioljubuski.ba\/#\/schema\/person\/19fc700381a780f69665d7956c469e3b","name":"Radio Ljubu\u0161ki"}]}},"_links":{"self":[{"href":"https:\/\/radioljubuski.ba\/index.php\/wp-json\/wp\/v2\/posts\/2595","targetHints":{"allow":["GET"]}}],"collection":[{"href":"https:\/\/radioljubuski.ba\/index.php\/wp-json\/wp\/v2\/posts"}],"about":[{"href":"https:\/\/radioljubuski.ba\/index.php\/wp-json\/wp\/v2\/types\/post"}],"author":[{"embeddable":true,"href":"https:\/\/radioljubuski.ba\/index.php\/wp-json\/wp\/v2\/users\/2"}],"replies":[{"embeddable":true,"href":"https:\/\/radioljubuski.ba\/index.php\/wp-json\/wp\/v2\/comments?post=2595"}],"version-history":[{"count":1,"href":"https:\/\/radioljubuski.ba\/index.php\/wp-json\/wp\/v2\/posts\/2595\/revisions"}],"predecessor-version":[{"id":2597,"href":"https:\/\/radioljubuski.ba\/index.php\/wp-json\/wp\/v2\/posts\/2595\/revisions\/2597"}],"wp:featuredmedia":[{"embeddable":true,"href":"https:\/\/radioljubuski.ba\/index.php\/wp-json\/wp\/v2\/media\/2596"}],"wp:attachment":[{"href":"https:\/\/radioljubuski.ba\/index.php\/wp-json\/wp\/v2\/media?parent=2595"}],"wp:term":[{"taxonomy":"category","embeddable":true,"href":"https:\/\/radioljubuski.ba\/index.php\/wp-json\/wp\/v2\/categories?post=2595"},{"taxonomy":"post_tag","embeddable":true,"href":"https:\/\/radioljubuski.ba\/index.php\/wp-json\/wp\/v2\/tags?post=2595"}],"curies":[{"name":"wp","href":"https:\/\/api.w.org\/{rel}","templated":true}]}}