{"id":25991,"date":"2021-05-28T16:11:53","date_gmt":"2021-05-28T15:11:53","guid":{"rendered":"https:\/\/radioljubuski.ba\/?p=25991"},"modified":"2021-05-28T16:11:54","modified_gmt":"2021-05-28T15:11:54","slug":"karacic-napravit-cemo-sve-da-dodemo-do-pobjede-u-bijeljini","status":"publish","type":"post","link":"https:\/\/radioljubuski.ba\/index.php\/2021\/05\/28\/karacic-napravit-cemo-sve-da-dodemo-do-pobjede-u-bijeljini\/","title":{"rendered":"Kara\u010di\u0107: Napravit \u0107emo sve da do\u0111emo do pobjede u Bijeljini"},"content":{"rendered":"\n<p>U 33. kolu Premijer lige BiH na Gradskom stadionu u Bijeljini snage \u0107e odmjeriti doma\u0107i Radnik, koji je ve\u0107 ispao u ni\u017ei rang, i NK \u0160iroki Brijeg, koji se bori za plasman u Europu.<\/p>\n\n\n\n<p>Po rije\u010dima trenera \u0160irokobrije\u017eana Tonija Kara\u010di\u0107a, pripreme za posljednju utakmice sezone protekle su u ne\u0161to lak\u0161em intenzitetu.<\/p>\n\n\n\n<p>&#8211; Ju\u010der smo napravili prvi trening u pripremi za ovu utakmicu. Danas idemo na put za Bijeljinu. Atmosfera je dobra, svi osim Hercega su spremni i na raspolaganju su za ovaj susret. U Bijeljini \u0107emo napraviti dva treninga i pripremiti se za ovu utakmicu. Isklju\u010divo \u0107emo gledati sebe i cilj nam je pobijediti. Bez obzira \u0161to je Radnik ispao iz Premijer lige, posao ne\u0107e biti lagan. O\u010dekujem da budemo puno kvalitetniji u sredini terena nego ovu pro\u0161lu utakmicu &#8211; kazao je Kara\u010di\u0107 na konferenciji za novinare.<\/p>\n\n\n\n<p>Bo\u017eo Musa, koji je u \u0160iroki Brijeg stigao u zimskoj stanci i odmah dobio kapetansku traku, kazao je kako su svi o\u010dekivali, nakon \u0161to je klub napustio veliki broj igra\u010da, puno lo\u0161ije rezultate, ali uo\u010di posljednje utakmice sezone \u0160iroki dr\u017ei visoku \u010detvrtu poziciju na ljestvici.<\/p>\n\n\n\n<p>&#8211; Mi smo svojim anga\u017emanom na treningu i na utakmicama pokazali da mom\u010dad posjeduje kvalitetu i da je zaslu\u017eeno tu gdje je sada. Ima prostora za napredak da to ide na jo\u0161 ve\u0107u razinu. Kada je rije\u010d o utakmici u Bijeljini, sigurno je da \u0107emo se baciti na glavu i poslije zadnjeg su\u010deva zvi\u017eduka, ako treba, iza\u0107i krvavih koljena i sve \u0107emo napraviti da osvojio tri boda &#8211; poru\u010dio je Musa.<\/p>\n\n\n\n<p>Dodao je kako \u0107e se mom\u010dad isklju\u010divo fokusirati na utakmicu u Bijeljini te da se ne\u0107e puno zamarati rezultatima direktnih protivnika za plaman Europu Vele\u017ea i Zrinjskog.<\/p>\n\n\n\n<p>&#8211; Velika mi je \u010dast \u0161to mogu predvoditi ovu mladu ekipu i sigurno da bi puno zna\u010dilo za klub i ove mlade igra\u010de da ve\u0107 na po\u010detku njihovih karijera ostvare zapa\u017een rezultat &#8211; naglasio je Musa.<\/p>\n\n\n\n<p>Utakmica Radnik \u2013 \u0160iroki Brijeg igra se u nedjelju, 30. svibnja, s po\u010detkom u 17 sati, a pobjedom u toj utakmici \u0160iroki \u0107e osigurati minimalno \u010detvrto mjesto i plasman u Uefinu konferencijsku ligu sljede\u0107e sezone.<\/p>\n\n\n\n<p>Izvor:pogled.ba<\/p>\n","protected":false},"excerpt":{"rendered":"<p>U 33. kolu Premijer lige BiH na Gradskom stadionu u Bijeljini snage \u0107e odmjeriti doma\u0107i Radnik, koji je ve\u0107 ispao u ni\u017ei rang, i NK \u0160iroki Brijeg, koji se bori za plasman u Europu. Po rije\u010dima trenera \u0160irokobrije\u017eana Tonija Kara\u010di\u0107a, pripreme za posljednju utakmice sezone protekle su u ne\u0161to lak\u0161em intenzitetu. &#8211; Ju\u010der smo napravili [&hellip;]<\/p>\n","protected":false},"author":2,"featured_media":25992,"comment_status":"closed","ping_status":"closed","sticky":false,"template":"","format":"standard","meta":{"h5ap_radio_sources":[],"footnotes":""},"categories":[1],"tags":[],"class_list":["post-25991","post","type-post","status-publish","format-standard","has-post-thumbnail","hentry","category-bihiregija"],"yoast_head":"<!-- This site is optimized with the Yoast SEO plugin v27.4 - https:\/\/yoast.com\/product\/yoast-seo-wordpress\/ -->\n<title>Kara\u010di\u0107: Napravit \u0107emo sve da do\u0111emo do pobjede u Bijeljini - RADIO LJUBU\u0160KI<\/title>\n<meta name=\"robots\" content=\"index, follow, max-snippet:-1, max-image-preview:large, max-video-preview:-1\" \/>\n<link rel=\"canonical\" href=\"https:\/\/radioljubuski.ba\/index.php\/2021\/05\/28\/karacic-napravit-cemo-sve-da-dodemo-do-pobjede-u-bijeljini\/\" \/>\n<meta property=\"og:locale\" content=\"hr_HR\" \/>\n<meta property=\"og:type\" content=\"article\" \/>\n<meta property=\"og:title\" content=\"Kara\u010di\u0107: Napravit \u0107emo sve da do\u0111emo do pobjede u Bijeljini - RADIO LJUBU\u0160KI\" \/>\n<meta property=\"og:description\" content=\"U 33. kolu Premijer lige BiH na Gradskom stadionu u Bijeljini snage \u0107e odmjeriti doma\u0107i Radnik, koji je ve\u0107 ispao u ni\u017ei rang, i NK \u0160iroki Brijeg, koji se bori za plasman u Europu. Po rije\u010dima trenera \u0160irokobrije\u017eana Tonija Kara\u010di\u0107a, pripreme za posljednju utakmice sezone protekle su u ne\u0161to lak\u0161em intenzitetu. &#8211; Ju\u010der smo napravili [&hellip;]\" \/>\n<meta property=\"og:url\" content=\"https:\/\/radioljubuski.ba\/index.php\/2021\/05\/28\/karacic-napravit-cemo-sve-da-dodemo-do-pobjede-u-bijeljini\/\" \/>\n<meta property=\"og:site_name\" content=\"RADIO LJUBU\u0160KI\" \/>\n<meta property=\"article:publisher\" content=\"https:\/\/www.facebook.com\/Radiio-Ljubuski-1490835324566332\" \/>\n<meta property=\"article:published_time\" content=\"2021-05-28T15:11:53+00:00\" \/>\n<meta property=\"article:modified_time\" content=\"2021-05-28T15:11:54+00:00\" \/>\n<meta property=\"og:image\" content=\"https:\/\/radioljubuski.ba\/wp-content\/uploads\/2021\/05\/2-2021-05-28-13-13-28-SIROKI.jpg\" \/>\n\t<meta property=\"og:image:width\" content=\"1000\" \/>\n\t<meta property=\"og:image:height\" content=\"625\" \/>\n\t<meta property=\"og:image:type\" content=\"image\/jpeg\" \/>\n<meta name=\"author\" content=\"Radio Ljubu\u0161ki\" \/>\n<meta name=\"twitter:card\" content=\"summary_large_image\" \/>\n<meta name=\"twitter:creator\" content=\"@radioljubuski\" \/>\n<meta name=\"twitter:site\" content=\"@radioljubuski\" \/>\n<meta name=\"twitter:label1\" content=\"Napisao\/la\" \/>\n\t<meta name=\"twitter:data1\" content=\"Radio Ljubu\u0161ki\" \/>\n\t<meta name=\"twitter:label2\" content=\"Procijenjeno vrijeme \u010ditanja\" \/>\n\t<meta name=\"twitter:data2\" content=\"2 minute\" \/>\n<script type=\"application\/ld+json\" class=\"yoast-schema-graph\">{\"@context\":\"https:\\\/\\\/schema.org\",\"@graph\":[{\"@type\":\"Article\",\"@id\":\"https:\\\/\\\/radioljubuski.ba\\\/index.php\\\/2021\\\/05\\\/28\\\/karacic-napravit-cemo-sve-da-dodemo-do-pobjede-u-bijeljini\\\/#article\",\"isPartOf\":{\"@id\":\"https:\\\/\\\/radioljubuski.ba\\\/index.php\\\/2021\\\/05\\\/28\\\/karacic-napravit-cemo-sve-da-dodemo-do-pobjede-u-bijeljini\\\/\"},\"author\":{\"name\":\"Radio Ljubu\u0161ki\",\"@id\":\"https:\\\/\\\/radioljubuski.ba\\\/#\\\/schema\\\/person\\\/19fc700381a780f69665d7956c469e3b\"},\"headline\":\"Kara\u010di\u0107: Napravit \u0107emo sve da do\u0111emo do pobjede u Bijeljini\",\"datePublished\":\"2021-05-28T15:11:53+00:00\",\"dateModified\":\"2021-05-28T15:11:54+00:00\",\"mainEntityOfPage\":{\"@id\":\"https:\\\/\\\/radioljubuski.ba\\\/index.php\\\/2021\\\/05\\\/28\\\/karacic-napravit-cemo-sve-da-dodemo-do-pobjede-u-bijeljini\\\/\"},\"wordCount\":400,\"publisher\":{\"@id\":\"https:\\\/\\\/radioljubuski.ba\\\/#organization\"},\"image\":{\"@id\":\"https:\\\/\\\/radioljubuski.ba\\\/index.php\\\/2021\\\/05\\\/28\\\/karacic-napravit-cemo-sve-da-dodemo-do-pobjede-u-bijeljini\\\/#primaryimage\"},\"thumbnailUrl\":\"https:\\\/\\\/radioljubuski.ba\\\/wp-content\\\/uploads\\\/2021\\\/05\\\/2-2021-05-28-13-13-28-SIROKI.jpg\",\"articleSection\":[\"BIH i regija\"],\"inLanguage\":\"hr\"},{\"@type\":\"WebPage\",\"@id\":\"https:\\\/\\\/radioljubuski.ba\\\/index.php\\\/2021\\\/05\\\/28\\\/karacic-napravit-cemo-sve-da-dodemo-do-pobjede-u-bijeljini\\\/\",\"url\":\"https:\\\/\\\/radioljubuski.ba\\\/index.php\\\/2021\\\/05\\\/28\\\/karacic-napravit-cemo-sve-da-dodemo-do-pobjede-u-bijeljini\\\/\",\"name\":\"Kara\u010di\u0107: Napravit \u0107emo sve da do\u0111emo do pobjede u Bijeljini - RADIO LJUBU\u0160KI\",\"isPartOf\":{\"@id\":\"https:\\\/\\\/radioljubuski.ba\\\/#website\"},\"primaryImageOfPage\":{\"@id\":\"https:\\\/\\\/radioljubuski.ba\\\/index.php\\\/2021\\\/05\\\/28\\\/karacic-napravit-cemo-sve-da-dodemo-do-pobjede-u-bijeljini\\\/#primaryimage\"},\"image\":{\"@id\":\"https:\\\/\\\/radioljubuski.ba\\\/index.php\\\/2021\\\/05\\\/28\\\/karacic-napravit-cemo-sve-da-dodemo-do-pobjede-u-bijeljini\\\/#primaryimage\"},\"thumbnailUrl\":\"https:\\\/\\\/radioljubuski.ba\\\/wp-content\\\/uploads\\\/2021\\\/05\\\/2-2021-05-28-13-13-28-SIROKI.jpg\",\"datePublished\":\"2021-05-28T15:11:53+00:00\",\"dateModified\":\"2021-05-28T15:11:54+00:00\",\"breadcrumb\":{\"@id\":\"https:\\\/\\\/radioljubuski.ba\\\/index.php\\\/2021\\\/05\\\/28\\\/karacic-napravit-cemo-sve-da-dodemo-do-pobjede-u-bijeljini\\\/#breadcrumb\"},\"inLanguage\":\"hr\",\"potentialAction\":[{\"@type\":\"ReadAction\",\"target\":[\"https:\\\/\\\/radioljubuski.ba\\\/index.php\\\/2021\\\/05\\\/28\\\/karacic-napravit-cemo-sve-da-dodemo-do-pobjede-u-bijeljini\\\/\"]}]},{\"@type\":\"ImageObject\",\"inLanguage\":\"hr\",\"@id\":\"https:\\\/\\\/radioljubuski.ba\\\/index.php\\\/2021\\\/05\\\/28\\\/karacic-napravit-cemo-sve-da-dodemo-do-pobjede-u-bijeljini\\\/#primaryimage\",\"url\":\"https:\\\/\\\/radioljubuski.ba\\\/wp-content\\\/uploads\\\/2021\\\/05\\\/2-2021-05-28-13-13-28-SIROKI.jpg\",\"contentUrl\":\"https:\\\/\\\/radioljubuski.ba\\\/wp-content\\\/uploads\\\/2021\\\/05\\\/2-2021-05-28-13-13-28-SIROKI.jpg\",\"width\":1000,\"height\":625},{\"@type\":\"BreadcrumbList\",\"@id\":\"https:\\\/\\\/radioljubuski.ba\\\/index.php\\\/2021\\\/05\\\/28\\\/karacic-napravit-cemo-sve-da-dodemo-do-pobjede-u-bijeljini\\\/#breadcrumb\",\"itemListElement\":[{\"@type\":\"ListItem\",\"position\":1,\"name\":\"Po\u010detna stranica\",\"item\":\"https:\\\/\\\/radioljubuski.ba\\\/\"},{\"@type\":\"ListItem\",\"position\":2,\"name\":\"Kara\u010di\u0107: Napravit \u0107emo sve da do\u0111emo do pobjede u Bijeljini\"}]},{\"@type\":\"WebSite\",\"@id\":\"https:\\\/\\\/radioljubuski.ba\\\/#website\",\"url\":\"https:\\\/\\\/radioljubuski.ba\\\/\",\"name\":\"Radio Ljubu\u0161ki\",\"description\":\"Sun\u010dana frekvencija Hercegovine\",\"publisher\":{\"@id\":\"https:\\\/\\\/radioljubuski.ba\\\/#organization\"},\"potentialAction\":[{\"@type\":\"SearchAction\",\"target\":{\"@type\":\"EntryPoint\",\"urlTemplate\":\"https:\\\/\\\/radioljubuski.ba\\\/?s={search_term_string}\"},\"query-input\":{\"@type\":\"PropertyValueSpecification\",\"valueRequired\":true,\"valueName\":\"search_term_string\"}}],\"inLanguage\":\"hr\"},{\"@type\":\"Organization\",\"@id\":\"https:\\\/\\\/radioljubuski.ba\\\/#organization\",\"name\":\"Radio Ljubu\u0161ki\",\"url\":\"https:\\\/\\\/radioljubuski.ba\\\/\",\"logo\":{\"@type\":\"ImageObject\",\"inLanguage\":\"hr\",\"@id\":\"https:\\\/\\\/radioljubuski.ba\\\/#\\\/schema\\\/logo\\\/image\\\/\",\"url\":\"https:\\\/\\\/radioljubuski.ba\\\/wp-content\\\/uploads\\\/2021\\\/02\\\/cropped-Radio_Ljubuski_logo1.jpg\",\"contentUrl\":\"https:\\\/\\\/radioljubuski.ba\\\/wp-content\\\/uploads\\\/2021\\\/02\\\/cropped-Radio_Ljubuski_logo1.jpg\",\"width\":512,\"height\":512,\"caption\":\"Radio Ljubu\u0161ki\"},\"image\":{\"@id\":\"https:\\\/\\\/radioljubuski.ba\\\/#\\\/schema\\\/logo\\\/image\\\/\"},\"sameAs\":[\"https:\\\/\\\/www.facebook.com\\\/Radiio-Ljubuski-1490835324566332\",\"https:\\\/\\\/x.com\\\/radioljubuski\",\"https:\\\/\\\/hr.linkedin.com\\\/company\\\/radio-ljubuski\",\"https:\\\/\\\/www.youtube.com\\\/channel\\\/UCHYaeO_n0Db3tjNGudGpXyw\"]},{\"@type\":\"Person\",\"@id\":\"https:\\\/\\\/radioljubuski.ba\\\/#\\\/schema\\\/person\\\/19fc700381a780f69665d7956c469e3b\",\"name\":\"Radio Ljubu\u0161ki\"}]}<\/script>\n<!-- \/ Yoast SEO plugin. -->","yoast_head_json":{"title":"Kara\u010di\u0107: Napravit \u0107emo sve da do\u0111emo do pobjede u Bijeljini - RADIO LJUBU\u0160KI","robots":{"index":"index","follow":"follow","max-snippet":"max-snippet:-1","max-image-preview":"max-image-preview:large","max-video-preview":"max-video-preview:-1"},"canonical":"https:\/\/radioljubuski.ba\/index.php\/2021\/05\/28\/karacic-napravit-cemo-sve-da-dodemo-do-pobjede-u-bijeljini\/","og_locale":"hr_HR","og_type":"article","og_title":"Kara\u010di\u0107: Napravit \u0107emo sve da do\u0111emo do pobjede u Bijeljini - RADIO LJUBU\u0160KI","og_description":"U 33. kolu Premijer lige BiH na Gradskom stadionu u Bijeljini snage \u0107e odmjeriti doma\u0107i Radnik, koji je ve\u0107 ispao u ni\u017ei rang, i NK \u0160iroki Brijeg, koji se bori za plasman u Europu. Po rije\u010dima trenera \u0160irokobrije\u017eana Tonija Kara\u010di\u0107a, pripreme za posljednju utakmice sezone protekle su u ne\u0161to lak\u0161em intenzitetu. &#8211; Ju\u010der smo napravili [&hellip;]","og_url":"https:\/\/radioljubuski.ba\/index.php\/2021\/05\/28\/karacic-napravit-cemo-sve-da-dodemo-do-pobjede-u-bijeljini\/","og_site_name":"RADIO LJUBU\u0160KI","article_publisher":"https:\/\/www.facebook.com\/Radiio-Ljubuski-1490835324566332","article_published_time":"2021-05-28T15:11:53+00:00","article_modified_time":"2021-05-28T15:11:54+00:00","og_image":[{"width":1000,"height":625,"url":"https:\/\/radioljubuski.ba\/wp-content\/uploads\/2021\/05\/2-2021-05-28-13-13-28-SIROKI.jpg","type":"image\/jpeg"}],"author":"Radio Ljubu\u0161ki","twitter_card":"summary_large_image","twitter_creator":"@radioljubuski","twitter_site":"@radioljubuski","twitter_misc":{"Napisao\/la":"Radio Ljubu\u0161ki","Procijenjeno vrijeme \u010ditanja":"2 minute"},"schema":{"@context":"https:\/\/schema.org","@graph":[{"@type":"Article","@id":"https:\/\/radioljubuski.ba\/index.php\/2021\/05\/28\/karacic-napravit-cemo-sve-da-dodemo-do-pobjede-u-bijeljini\/#article","isPartOf":{"@id":"https:\/\/radioljubuski.ba\/index.php\/2021\/05\/28\/karacic-napravit-cemo-sve-da-dodemo-do-pobjede-u-bijeljini\/"},"author":{"name":"Radio Ljubu\u0161ki","@id":"https:\/\/radioljubuski.ba\/#\/schema\/person\/19fc700381a780f69665d7956c469e3b"},"headline":"Kara\u010di\u0107: Napravit \u0107emo sve da do\u0111emo do pobjede u Bijeljini","datePublished":"2021-05-28T15:11:53+00:00","dateModified":"2021-05-28T15:11:54+00:00","mainEntityOfPage":{"@id":"https:\/\/radioljubuski.ba\/index.php\/2021\/05\/28\/karacic-napravit-cemo-sve-da-dodemo-do-pobjede-u-bijeljini\/"},"wordCount":400,"publisher":{"@id":"https:\/\/radioljubuski.ba\/#organization"},"image":{"@id":"https:\/\/radioljubuski.ba\/index.php\/2021\/05\/28\/karacic-napravit-cemo-sve-da-dodemo-do-pobjede-u-bijeljini\/#primaryimage"},"thumbnailUrl":"https:\/\/radioljubuski.ba\/wp-content\/uploads\/2021\/05\/2-2021-05-28-13-13-28-SIROKI.jpg","articleSection":["BIH i regija"],"inLanguage":"hr"},{"@type":"WebPage","@id":"https:\/\/radioljubuski.ba\/index.php\/2021\/05\/28\/karacic-napravit-cemo-sve-da-dodemo-do-pobjede-u-bijeljini\/","url":"https:\/\/radioljubuski.ba\/index.php\/2021\/05\/28\/karacic-napravit-cemo-sve-da-dodemo-do-pobjede-u-bijeljini\/","name":"Kara\u010di\u0107: Napravit \u0107emo sve da do\u0111emo do pobjede u Bijeljini - RADIO LJUBU\u0160KI","isPartOf":{"@id":"https:\/\/radioljubuski.ba\/#website"},"primaryImageOfPage":{"@id":"https:\/\/radioljubuski.ba\/index.php\/2021\/05\/28\/karacic-napravit-cemo-sve-da-dodemo-do-pobjede-u-bijeljini\/#primaryimage"},"image":{"@id":"https:\/\/radioljubuski.ba\/index.php\/2021\/05\/28\/karacic-napravit-cemo-sve-da-dodemo-do-pobjede-u-bijeljini\/#primaryimage"},"thumbnailUrl":"https:\/\/radioljubuski.ba\/wp-content\/uploads\/2021\/05\/2-2021-05-28-13-13-28-SIROKI.jpg","datePublished":"2021-05-28T15:11:53+00:00","dateModified":"2021-05-28T15:11:54+00:00","breadcrumb":{"@id":"https:\/\/radioljubuski.ba\/index.php\/2021\/05\/28\/karacic-napravit-cemo-sve-da-dodemo-do-pobjede-u-bijeljini\/#breadcrumb"},"inLanguage":"hr","potentialAction":[{"@type":"ReadAction","target":["https:\/\/radioljubuski.ba\/index.php\/2021\/05\/28\/karacic-napravit-cemo-sve-da-dodemo-do-pobjede-u-bijeljini\/"]}]},{"@type":"ImageObject","inLanguage":"hr","@id":"https:\/\/radioljubuski.ba\/index.php\/2021\/05\/28\/karacic-napravit-cemo-sve-da-dodemo-do-pobjede-u-bijeljini\/#primaryimage","url":"https:\/\/radioljubuski.ba\/wp-content\/uploads\/2021\/05\/2-2021-05-28-13-13-28-SIROKI.jpg","contentUrl":"https:\/\/radioljubuski.ba\/wp-content\/uploads\/2021\/05\/2-2021-05-28-13-13-28-SIROKI.jpg","width":1000,"height":625},{"@type":"BreadcrumbList","@id":"https:\/\/radioljubuski.ba\/index.php\/2021\/05\/28\/karacic-napravit-cemo-sve-da-dodemo-do-pobjede-u-bijeljini\/#breadcrumb","itemListElement":[{"@type":"ListItem","position":1,"name":"Po\u010detna stranica","item":"https:\/\/radioljubuski.ba\/"},{"@type":"ListItem","position":2,"name":"Kara\u010di\u0107: Napravit \u0107emo sve da do\u0111emo do pobjede u Bijeljini"}]},{"@type":"WebSite","@id":"https:\/\/radioljubuski.ba\/#website","url":"https:\/\/radioljubuski.ba\/","name":"Radio Ljubu\u0161ki","description":"Sun\u010dana frekvencija Hercegovine","publisher":{"@id":"https:\/\/radioljubuski.ba\/#organization"},"potentialAction":[{"@type":"SearchAction","target":{"@type":"EntryPoint","urlTemplate":"https:\/\/radioljubuski.ba\/?s={search_term_string}"},"query-input":{"@type":"PropertyValueSpecification","valueRequired":true,"valueName":"search_term_string"}}],"inLanguage":"hr"},{"@type":"Organization","@id":"https:\/\/radioljubuski.ba\/#organization","name":"Radio Ljubu\u0161ki","url":"https:\/\/radioljubuski.ba\/","logo":{"@type":"ImageObject","inLanguage":"hr","@id":"https:\/\/radioljubuski.ba\/#\/schema\/logo\/image\/","url":"https:\/\/radioljubuski.ba\/wp-content\/uploads\/2021\/02\/cropped-Radio_Ljubuski_logo1.jpg","contentUrl":"https:\/\/radioljubuski.ba\/wp-content\/uploads\/2021\/02\/cropped-Radio_Ljubuski_logo1.jpg","width":512,"height":512,"caption":"Radio Ljubu\u0161ki"},"image":{"@id":"https:\/\/radioljubuski.ba\/#\/schema\/logo\/image\/"},"sameAs":["https:\/\/www.facebook.com\/Radiio-Ljubuski-1490835324566332","https:\/\/x.com\/radioljubuski","https:\/\/hr.linkedin.com\/company\/radio-ljubuski","https:\/\/www.youtube.com\/channel\/UCHYaeO_n0Db3tjNGudGpXyw"]},{"@type":"Person","@id":"https:\/\/radioljubuski.ba\/#\/schema\/person\/19fc700381a780f69665d7956c469e3b","name":"Radio Ljubu\u0161ki"}]}},"_links":{"self":[{"href":"https:\/\/radioljubuski.ba\/index.php\/wp-json\/wp\/v2\/posts\/25991","targetHints":{"allow":["GET"]}}],"collection":[{"href":"https:\/\/radioljubuski.ba\/index.php\/wp-json\/wp\/v2\/posts"}],"about":[{"href":"https:\/\/radioljubuski.ba\/index.php\/wp-json\/wp\/v2\/types\/post"}],"author":[{"embeddable":true,"href":"https:\/\/radioljubuski.ba\/index.php\/wp-json\/wp\/v2\/users\/2"}],"replies":[{"embeddable":true,"href":"https:\/\/radioljubuski.ba\/index.php\/wp-json\/wp\/v2\/comments?post=25991"}],"version-history":[{"count":1,"href":"https:\/\/radioljubuski.ba\/index.php\/wp-json\/wp\/v2\/posts\/25991\/revisions"}],"predecessor-version":[{"id":25993,"href":"https:\/\/radioljubuski.ba\/index.php\/wp-json\/wp\/v2\/posts\/25991\/revisions\/25993"}],"wp:featuredmedia":[{"embeddable":true,"href":"https:\/\/radioljubuski.ba\/index.php\/wp-json\/wp\/v2\/media\/25992"}],"wp:attachment":[{"href":"https:\/\/radioljubuski.ba\/index.php\/wp-json\/wp\/v2\/media?parent=25991"}],"wp:term":[{"taxonomy":"category","embeddable":true,"href":"https:\/\/radioljubuski.ba\/index.php\/wp-json\/wp\/v2\/categories?post=25991"},{"taxonomy":"post_tag","embeddable":true,"href":"https:\/\/radioljubuski.ba\/index.php\/wp-json\/wp\/v2\/tags?post=25991"}],"curies":[{"name":"wp","href":"https:\/\/api.w.org\/{rel}","templated":true}]}}