{"id":26035,"date":"2021-05-28T16:37:29","date_gmt":"2021-05-28T15:37:29","guid":{"rendered":"https:\/\/radioljubuski.ba\/?p=26035"},"modified":"2021-05-28T16:37:30","modified_gmt":"2021-05-28T15:37:30","slug":"stanivukovic-najavio-rusenje-restorana-kcerke-milorada-dodika","status":"publish","type":"post","link":"https:\/\/radioljubuski.ba\/index.php\/2021\/05\/28\/stanivukovic-najavio-rusenje-restorana-kcerke-milorada-dodika\/","title":{"rendered":"Stanivukovi\u0107 najavio ru\u0161enje restorana k\u0107erke Milorada Dodika"},"content":{"rendered":"\n<p>Gradona\u010delnik Banje Luke Dra\u0161ko Stanivukovi\u0107 predao je danas krivi\u010dnu prijavu protiv glavnog republi\u010dkog i urbanisti\u010dko-gra\u0111evinskog inspektora zbog slu\u010daja &#8220;Kajak&#8221;, a najavio je i ru\u0161enje restorana &#8220;Agape&#8221;, \u010dija je vlasnica k\u0107erka Milorada Dodika.<\/p>\n\n\n\n<p>Kako je rekao okupljenim novinarima nakon \u0161to je predao prijavu, ne\u0107e nikad odustati od pravne dr\u017eave, ma koja bila cijena.<\/p>\n\n\n\n<p>&#8220;Pravna dr\u017eava zna\u010di da je zakon iznad bilo koga. Kuma, sestri\u0107a, roda, tazbine, ma bilo koga u u\u017eoj i \u0161iroj familiji. Danas mi takvu dr\u017eavu nemamo. Osim &#8216;Kajaka&#8217;, vidimo i &#8216;Agape&#8217; koji je nelegalan&#8221;, kazao je Stanivukovi\u0107 dodaju\u0107i da \u0107e izdati rje\u0161enje i za njegovo ru\u0161enje.<\/p>\n\n\n\n<p>Dodao je da je rije\u010d o terasi sa svim popratnim objektima i skladi\u0161tima, tendama i \u0161ankovima koji su potpuno nelegalani.<\/p>\n\n\n\n<p>&#8220;Dodikov kum ima nelegalno izgra\u0111en restoran. Imate njegovu k\u0107erku koja ima nelegalan objekt sa svim popratnim sadr\u017eajima tendama, verandama ili kako god se to zvalo. Imamo sestri\u0107a s nelegalnim bilbordima. Pa imaju li ti ljudi i\u0161ta legalno? Na\u0161i inspektori su \u010dekali da Gorica do\u0111e na sastanak pola sata, ali ona se nije pojavila. Umjesto nje se pojavio republi\u010dki inspektor, ovaj Mijovi\u0107. To je morbidno i zbog toga ovaj \u010dovjek treba dobiti jo\u0161 jednu krivi\u010dnu prijavu&#8221;, istakao je Stanivukovi\u0107.<br>Podsje\u0107amo, nakon preuzimanja mandata Stanivukovi\u0107 je pokrenuo i pitanje izgradnje ugostiteljskog objekta &#8220;Kajak terasa&#8221;, koji je izgra\u0111en na zemlji\u0161tu u vlasni\u0161tvu Grada Banje Luke i za koje oni tvrde da nema gra\u0111evinsku i druge dozvole. Vlasnik ovog restorana je Dodikov kum Mile Radi\u0161i\u0107.<\/p>\n\n\n\n<p>Tako\u0111er, restoran &#8220;Agape&#8221; je u vlasni\u0161tvu Dodikove k\u0107erke Gorice i nalazi se na najatraktivnijoj lokaciji u Banjoj Luci u Gospodskoj ulici.<\/p>\n\n\n\n<p>Izvor:klix.ba<\/p>\n","protected":false},"excerpt":{"rendered":"<p>Gradona\u010delnik Banje Luke Dra\u0161ko Stanivukovi\u0107 predao je danas krivi\u010dnu prijavu protiv glavnog republi\u010dkog i urbanisti\u010dko-gra\u0111evinskog inspektora zbog slu\u010daja &#8220;Kajak&#8221;, a najavio je i ru\u0161enje restorana &#8220;Agape&#8221;, \u010dija je vlasnica k\u0107erka Milorada Dodika. Kako je rekao okupljenim novinarima nakon \u0161to je predao prijavu, ne\u0107e nikad odustati od pravne dr\u017eave, ma koja bila cijena. &#8220;Pravna dr\u017eava zna\u010di [&hellip;]<\/p>\n","protected":false},"author":2,"featured_media":26036,"comment_status":"closed","ping_status":"closed","sticky":false,"template":"","format":"standard","meta":{"h5ap_radio_sources":[],"footnotes":""},"categories":[1],"tags":[],"class_list":["post-26035","post","type-post","status-publish","format-standard","has-post-thumbnail","hentry","category-bihiregija"],"yoast_head":"<!-- This site is optimized with the Yoast SEO plugin v27.4 - https:\/\/yoast.com\/product\/yoast-seo-wordpress\/ -->\n<title>Stanivukovi\u0107 najavio ru\u0161enje restorana k\u0107erke Milorada Dodika - RADIO LJUBU\u0160KI<\/title>\n<meta name=\"robots\" content=\"index, follow, max-snippet:-1, max-image-preview:large, max-video-preview:-1\" \/>\n<link rel=\"canonical\" href=\"https:\/\/radioljubuski.ba\/index.php\/2021\/05\/28\/stanivukovic-najavio-rusenje-restorana-kcerke-milorada-dodika\/\" \/>\n<meta property=\"og:locale\" content=\"hr_HR\" \/>\n<meta property=\"og:type\" content=\"article\" \/>\n<meta property=\"og:title\" content=\"Stanivukovi\u0107 najavio ru\u0161enje restorana k\u0107erke Milorada Dodika - RADIO LJUBU\u0160KI\" \/>\n<meta property=\"og:description\" content=\"Gradona\u010delnik Banje Luke Dra\u0161ko Stanivukovi\u0107 predao je danas krivi\u010dnu prijavu protiv glavnog republi\u010dkog i urbanisti\u010dko-gra\u0111evinskog inspektora zbog slu\u010daja &#8220;Kajak&#8221;, a najavio je i ru\u0161enje restorana &#8220;Agape&#8221;, \u010dija je vlasnica k\u0107erka Milorada Dodika. Kako je rekao okupljenim novinarima nakon \u0161to je predao prijavu, ne\u0107e nikad odustati od pravne dr\u017eave, ma koja bila cijena. &#8220;Pravna dr\u017eava zna\u010di [&hellip;]\" \/>\n<meta property=\"og:url\" content=\"https:\/\/radioljubuski.ba\/index.php\/2021\/05\/28\/stanivukovic-najavio-rusenje-restorana-kcerke-milorada-dodika\/\" \/>\n<meta property=\"og:site_name\" content=\"RADIO LJUBU\u0160KI\" \/>\n<meta property=\"article:publisher\" content=\"https:\/\/www.facebook.com\/Radiio-Ljubuski-1490835324566332\" \/>\n<meta property=\"article:published_time\" content=\"2021-05-28T15:37:29+00:00\" \/>\n<meta property=\"article:modified_time\" content=\"2021-05-28T15:37:30+00:00\" \/>\n<meta property=\"og:image\" content=\"https:\/\/radioljubuski.ba\/wp-content\/uploads\/2021\/05\/kYylUuoq_stanivukovic.jpg\" \/>\n\t<meta property=\"og:image:width\" content=\"1000\" \/>\n\t<meta property=\"og:image:height\" content=\"625\" \/>\n\t<meta property=\"og:image:type\" content=\"image\/jpeg\" \/>\n<meta name=\"author\" content=\"Radio Ljubu\u0161ki\" \/>\n<meta name=\"twitter:card\" content=\"summary_large_image\" \/>\n<meta name=\"twitter:creator\" content=\"@radioljubuski\" \/>\n<meta name=\"twitter:site\" content=\"@radioljubuski\" \/>\n<meta name=\"twitter:label1\" content=\"Napisao\/la\" \/>\n\t<meta name=\"twitter:data1\" content=\"Radio Ljubu\u0161ki\" \/>\n\t<meta name=\"twitter:label2\" content=\"Procijenjeno vrijeme \u010ditanja\" \/>\n\t<meta name=\"twitter:data2\" content=\"2 minute\" \/>\n<script type=\"application\/ld+json\" class=\"yoast-schema-graph\">{\"@context\":\"https:\\\/\\\/schema.org\",\"@graph\":[{\"@type\":\"Article\",\"@id\":\"https:\\\/\\\/radioljubuski.ba\\\/index.php\\\/2021\\\/05\\\/28\\\/stanivukovic-najavio-rusenje-restorana-kcerke-milorada-dodika\\\/#article\",\"isPartOf\":{\"@id\":\"https:\\\/\\\/radioljubuski.ba\\\/index.php\\\/2021\\\/05\\\/28\\\/stanivukovic-najavio-rusenje-restorana-kcerke-milorada-dodika\\\/\"},\"author\":{\"name\":\"Radio Ljubu\u0161ki\",\"@id\":\"https:\\\/\\\/radioljubuski.ba\\\/#\\\/schema\\\/person\\\/19fc700381a780f69665d7956c469e3b\"},\"headline\":\"Stanivukovi\u0107 najavio ru\u0161enje restorana k\u0107erke Milorada Dodika\",\"datePublished\":\"2021-05-28T15:37:29+00:00\",\"dateModified\":\"2021-05-28T15:37:30+00:00\",\"mainEntityOfPage\":{\"@id\":\"https:\\\/\\\/radioljubuski.ba\\\/index.php\\\/2021\\\/05\\\/28\\\/stanivukovic-najavio-rusenje-restorana-kcerke-milorada-dodika\\\/\"},\"wordCount\":310,\"publisher\":{\"@id\":\"https:\\\/\\\/radioljubuski.ba\\\/#organization\"},\"image\":{\"@id\":\"https:\\\/\\\/radioljubuski.ba\\\/index.php\\\/2021\\\/05\\\/28\\\/stanivukovic-najavio-rusenje-restorana-kcerke-milorada-dodika\\\/#primaryimage\"},\"thumbnailUrl\":\"https:\\\/\\\/radioljubuski.ba\\\/wp-content\\\/uploads\\\/2021\\\/05\\\/kYylUuoq_stanivukovic.jpg\",\"articleSection\":[\"BIH i regija\"],\"inLanguage\":\"hr\"},{\"@type\":\"WebPage\",\"@id\":\"https:\\\/\\\/radioljubuski.ba\\\/index.php\\\/2021\\\/05\\\/28\\\/stanivukovic-najavio-rusenje-restorana-kcerke-milorada-dodika\\\/\",\"url\":\"https:\\\/\\\/radioljubuski.ba\\\/index.php\\\/2021\\\/05\\\/28\\\/stanivukovic-najavio-rusenje-restorana-kcerke-milorada-dodika\\\/\",\"name\":\"Stanivukovi\u0107 najavio ru\u0161enje restorana k\u0107erke Milorada Dodika - RADIO LJUBU\u0160KI\",\"isPartOf\":{\"@id\":\"https:\\\/\\\/radioljubuski.ba\\\/#website\"},\"primaryImageOfPage\":{\"@id\":\"https:\\\/\\\/radioljubuski.ba\\\/index.php\\\/2021\\\/05\\\/28\\\/stanivukovic-najavio-rusenje-restorana-kcerke-milorada-dodika\\\/#primaryimage\"},\"image\":{\"@id\":\"https:\\\/\\\/radioljubuski.ba\\\/index.php\\\/2021\\\/05\\\/28\\\/stanivukovic-najavio-rusenje-restorana-kcerke-milorada-dodika\\\/#primaryimage\"},\"thumbnailUrl\":\"https:\\\/\\\/radioljubuski.ba\\\/wp-content\\\/uploads\\\/2021\\\/05\\\/kYylUuoq_stanivukovic.jpg\",\"datePublished\":\"2021-05-28T15:37:29+00:00\",\"dateModified\":\"2021-05-28T15:37:30+00:00\",\"breadcrumb\":{\"@id\":\"https:\\\/\\\/radioljubuski.ba\\\/index.php\\\/2021\\\/05\\\/28\\\/stanivukovic-najavio-rusenje-restorana-kcerke-milorada-dodika\\\/#breadcrumb\"},\"inLanguage\":\"hr\",\"potentialAction\":[{\"@type\":\"ReadAction\",\"target\":[\"https:\\\/\\\/radioljubuski.ba\\\/index.php\\\/2021\\\/05\\\/28\\\/stanivukovic-najavio-rusenje-restorana-kcerke-milorada-dodika\\\/\"]}]},{\"@type\":\"ImageObject\",\"inLanguage\":\"hr\",\"@id\":\"https:\\\/\\\/radioljubuski.ba\\\/index.php\\\/2021\\\/05\\\/28\\\/stanivukovic-najavio-rusenje-restorana-kcerke-milorada-dodika\\\/#primaryimage\",\"url\":\"https:\\\/\\\/radioljubuski.ba\\\/wp-content\\\/uploads\\\/2021\\\/05\\\/kYylUuoq_stanivukovic.jpg\",\"contentUrl\":\"https:\\\/\\\/radioljubuski.ba\\\/wp-content\\\/uploads\\\/2021\\\/05\\\/kYylUuoq_stanivukovic.jpg\",\"width\":1000,\"height\":625},{\"@type\":\"BreadcrumbList\",\"@id\":\"https:\\\/\\\/radioljubuski.ba\\\/index.php\\\/2021\\\/05\\\/28\\\/stanivukovic-najavio-rusenje-restorana-kcerke-milorada-dodika\\\/#breadcrumb\",\"itemListElement\":[{\"@type\":\"ListItem\",\"position\":1,\"name\":\"Po\u010detna stranica\",\"item\":\"https:\\\/\\\/radioljubuski.ba\\\/\"},{\"@type\":\"ListItem\",\"position\":2,\"name\":\"Stanivukovi\u0107 najavio ru\u0161enje restorana k\u0107erke Milorada Dodika\"}]},{\"@type\":\"WebSite\",\"@id\":\"https:\\\/\\\/radioljubuski.ba\\\/#website\",\"url\":\"https:\\\/\\\/radioljubuski.ba\\\/\",\"name\":\"Radio Ljubu\u0161ki\",\"description\":\"Sun\u010dana frekvencija Hercegovine\",\"publisher\":{\"@id\":\"https:\\\/\\\/radioljubuski.ba\\\/#organization\"},\"potentialAction\":[{\"@type\":\"SearchAction\",\"target\":{\"@type\":\"EntryPoint\",\"urlTemplate\":\"https:\\\/\\\/radioljubuski.ba\\\/?s={search_term_string}\"},\"query-input\":{\"@type\":\"PropertyValueSpecification\",\"valueRequired\":true,\"valueName\":\"search_term_string\"}}],\"inLanguage\":\"hr\"},{\"@type\":\"Organization\",\"@id\":\"https:\\\/\\\/radioljubuski.ba\\\/#organization\",\"name\":\"Radio Ljubu\u0161ki\",\"url\":\"https:\\\/\\\/radioljubuski.ba\\\/\",\"logo\":{\"@type\":\"ImageObject\",\"inLanguage\":\"hr\",\"@id\":\"https:\\\/\\\/radioljubuski.ba\\\/#\\\/schema\\\/logo\\\/image\\\/\",\"url\":\"https:\\\/\\\/radioljubuski.ba\\\/wp-content\\\/uploads\\\/2021\\\/02\\\/cropped-Radio_Ljubuski_logo1.jpg\",\"contentUrl\":\"https:\\\/\\\/radioljubuski.ba\\\/wp-content\\\/uploads\\\/2021\\\/02\\\/cropped-Radio_Ljubuski_logo1.jpg\",\"width\":512,\"height\":512,\"caption\":\"Radio Ljubu\u0161ki\"},\"image\":{\"@id\":\"https:\\\/\\\/radioljubuski.ba\\\/#\\\/schema\\\/logo\\\/image\\\/\"},\"sameAs\":[\"https:\\\/\\\/www.facebook.com\\\/Radiio-Ljubuski-1490835324566332\",\"https:\\\/\\\/x.com\\\/radioljubuski\",\"https:\\\/\\\/hr.linkedin.com\\\/company\\\/radio-ljubuski\",\"https:\\\/\\\/www.youtube.com\\\/channel\\\/UCHYaeO_n0Db3tjNGudGpXyw\"]},{\"@type\":\"Person\",\"@id\":\"https:\\\/\\\/radioljubuski.ba\\\/#\\\/schema\\\/person\\\/19fc700381a780f69665d7956c469e3b\",\"name\":\"Radio Ljubu\u0161ki\"}]}<\/script>\n<!-- \/ Yoast SEO plugin. -->","yoast_head_json":{"title":"Stanivukovi\u0107 najavio ru\u0161enje restorana k\u0107erke Milorada Dodika - RADIO LJUBU\u0160KI","robots":{"index":"index","follow":"follow","max-snippet":"max-snippet:-1","max-image-preview":"max-image-preview:large","max-video-preview":"max-video-preview:-1"},"canonical":"https:\/\/radioljubuski.ba\/index.php\/2021\/05\/28\/stanivukovic-najavio-rusenje-restorana-kcerke-milorada-dodika\/","og_locale":"hr_HR","og_type":"article","og_title":"Stanivukovi\u0107 najavio ru\u0161enje restorana k\u0107erke Milorada Dodika - RADIO LJUBU\u0160KI","og_description":"Gradona\u010delnik Banje Luke Dra\u0161ko Stanivukovi\u0107 predao je danas krivi\u010dnu prijavu protiv glavnog republi\u010dkog i urbanisti\u010dko-gra\u0111evinskog inspektora zbog slu\u010daja &#8220;Kajak&#8221;, a najavio je i ru\u0161enje restorana &#8220;Agape&#8221;, \u010dija je vlasnica k\u0107erka Milorada Dodika. Kako je rekao okupljenim novinarima nakon \u0161to je predao prijavu, ne\u0107e nikad odustati od pravne dr\u017eave, ma koja bila cijena. &#8220;Pravna dr\u017eava zna\u010di [&hellip;]","og_url":"https:\/\/radioljubuski.ba\/index.php\/2021\/05\/28\/stanivukovic-najavio-rusenje-restorana-kcerke-milorada-dodika\/","og_site_name":"RADIO LJUBU\u0160KI","article_publisher":"https:\/\/www.facebook.com\/Radiio-Ljubuski-1490835324566332","article_published_time":"2021-05-28T15:37:29+00:00","article_modified_time":"2021-05-28T15:37:30+00:00","og_image":[{"width":1000,"height":625,"url":"https:\/\/radioljubuski.ba\/wp-content\/uploads\/2021\/05\/kYylUuoq_stanivukovic.jpg","type":"image\/jpeg"}],"author":"Radio Ljubu\u0161ki","twitter_card":"summary_large_image","twitter_creator":"@radioljubuski","twitter_site":"@radioljubuski","twitter_misc":{"Napisao\/la":"Radio Ljubu\u0161ki","Procijenjeno vrijeme \u010ditanja":"2 minute"},"schema":{"@context":"https:\/\/schema.org","@graph":[{"@type":"Article","@id":"https:\/\/radioljubuski.ba\/index.php\/2021\/05\/28\/stanivukovic-najavio-rusenje-restorana-kcerke-milorada-dodika\/#article","isPartOf":{"@id":"https:\/\/radioljubuski.ba\/index.php\/2021\/05\/28\/stanivukovic-najavio-rusenje-restorana-kcerke-milorada-dodika\/"},"author":{"name":"Radio Ljubu\u0161ki","@id":"https:\/\/radioljubuski.ba\/#\/schema\/person\/19fc700381a780f69665d7956c469e3b"},"headline":"Stanivukovi\u0107 najavio ru\u0161enje restorana k\u0107erke Milorada Dodika","datePublished":"2021-05-28T15:37:29+00:00","dateModified":"2021-05-28T15:37:30+00:00","mainEntityOfPage":{"@id":"https:\/\/radioljubuski.ba\/index.php\/2021\/05\/28\/stanivukovic-najavio-rusenje-restorana-kcerke-milorada-dodika\/"},"wordCount":310,"publisher":{"@id":"https:\/\/radioljubuski.ba\/#organization"},"image":{"@id":"https:\/\/radioljubuski.ba\/index.php\/2021\/05\/28\/stanivukovic-najavio-rusenje-restorana-kcerke-milorada-dodika\/#primaryimage"},"thumbnailUrl":"https:\/\/radioljubuski.ba\/wp-content\/uploads\/2021\/05\/kYylUuoq_stanivukovic.jpg","articleSection":["BIH i regija"],"inLanguage":"hr"},{"@type":"WebPage","@id":"https:\/\/radioljubuski.ba\/index.php\/2021\/05\/28\/stanivukovic-najavio-rusenje-restorana-kcerke-milorada-dodika\/","url":"https:\/\/radioljubuski.ba\/index.php\/2021\/05\/28\/stanivukovic-najavio-rusenje-restorana-kcerke-milorada-dodika\/","name":"Stanivukovi\u0107 najavio ru\u0161enje restorana k\u0107erke Milorada Dodika - RADIO LJUBU\u0160KI","isPartOf":{"@id":"https:\/\/radioljubuski.ba\/#website"},"primaryImageOfPage":{"@id":"https:\/\/radioljubuski.ba\/index.php\/2021\/05\/28\/stanivukovic-najavio-rusenje-restorana-kcerke-milorada-dodika\/#primaryimage"},"image":{"@id":"https:\/\/radioljubuski.ba\/index.php\/2021\/05\/28\/stanivukovic-najavio-rusenje-restorana-kcerke-milorada-dodika\/#primaryimage"},"thumbnailUrl":"https:\/\/radioljubuski.ba\/wp-content\/uploads\/2021\/05\/kYylUuoq_stanivukovic.jpg","datePublished":"2021-05-28T15:37:29+00:00","dateModified":"2021-05-28T15:37:30+00:00","breadcrumb":{"@id":"https:\/\/radioljubuski.ba\/index.php\/2021\/05\/28\/stanivukovic-najavio-rusenje-restorana-kcerke-milorada-dodika\/#breadcrumb"},"inLanguage":"hr","potentialAction":[{"@type":"ReadAction","target":["https:\/\/radioljubuski.ba\/index.php\/2021\/05\/28\/stanivukovic-najavio-rusenje-restorana-kcerke-milorada-dodika\/"]}]},{"@type":"ImageObject","inLanguage":"hr","@id":"https:\/\/radioljubuski.ba\/index.php\/2021\/05\/28\/stanivukovic-najavio-rusenje-restorana-kcerke-milorada-dodika\/#primaryimage","url":"https:\/\/radioljubuski.ba\/wp-content\/uploads\/2021\/05\/kYylUuoq_stanivukovic.jpg","contentUrl":"https:\/\/radioljubuski.ba\/wp-content\/uploads\/2021\/05\/kYylUuoq_stanivukovic.jpg","width":1000,"height":625},{"@type":"BreadcrumbList","@id":"https:\/\/radioljubuski.ba\/index.php\/2021\/05\/28\/stanivukovic-najavio-rusenje-restorana-kcerke-milorada-dodika\/#breadcrumb","itemListElement":[{"@type":"ListItem","position":1,"name":"Po\u010detna stranica","item":"https:\/\/radioljubuski.ba\/"},{"@type":"ListItem","position":2,"name":"Stanivukovi\u0107 najavio ru\u0161enje restorana k\u0107erke Milorada Dodika"}]},{"@type":"WebSite","@id":"https:\/\/radioljubuski.ba\/#website","url":"https:\/\/radioljubuski.ba\/","name":"Radio Ljubu\u0161ki","description":"Sun\u010dana frekvencija Hercegovine","publisher":{"@id":"https:\/\/radioljubuski.ba\/#organization"},"potentialAction":[{"@type":"SearchAction","target":{"@type":"EntryPoint","urlTemplate":"https:\/\/radioljubuski.ba\/?s={search_term_string}"},"query-input":{"@type":"PropertyValueSpecification","valueRequired":true,"valueName":"search_term_string"}}],"inLanguage":"hr"},{"@type":"Organization","@id":"https:\/\/radioljubuski.ba\/#organization","name":"Radio Ljubu\u0161ki","url":"https:\/\/radioljubuski.ba\/","logo":{"@type":"ImageObject","inLanguage":"hr","@id":"https:\/\/radioljubuski.ba\/#\/schema\/logo\/image\/","url":"https:\/\/radioljubuski.ba\/wp-content\/uploads\/2021\/02\/cropped-Radio_Ljubuski_logo1.jpg","contentUrl":"https:\/\/radioljubuski.ba\/wp-content\/uploads\/2021\/02\/cropped-Radio_Ljubuski_logo1.jpg","width":512,"height":512,"caption":"Radio Ljubu\u0161ki"},"image":{"@id":"https:\/\/radioljubuski.ba\/#\/schema\/logo\/image\/"},"sameAs":["https:\/\/www.facebook.com\/Radiio-Ljubuski-1490835324566332","https:\/\/x.com\/radioljubuski","https:\/\/hr.linkedin.com\/company\/radio-ljubuski","https:\/\/www.youtube.com\/channel\/UCHYaeO_n0Db3tjNGudGpXyw"]},{"@type":"Person","@id":"https:\/\/radioljubuski.ba\/#\/schema\/person\/19fc700381a780f69665d7956c469e3b","name":"Radio Ljubu\u0161ki"}]}},"_links":{"self":[{"href":"https:\/\/radioljubuski.ba\/index.php\/wp-json\/wp\/v2\/posts\/26035","targetHints":{"allow":["GET"]}}],"collection":[{"href":"https:\/\/radioljubuski.ba\/index.php\/wp-json\/wp\/v2\/posts"}],"about":[{"href":"https:\/\/radioljubuski.ba\/index.php\/wp-json\/wp\/v2\/types\/post"}],"author":[{"embeddable":true,"href":"https:\/\/radioljubuski.ba\/index.php\/wp-json\/wp\/v2\/users\/2"}],"replies":[{"embeddable":true,"href":"https:\/\/radioljubuski.ba\/index.php\/wp-json\/wp\/v2\/comments?post=26035"}],"version-history":[{"count":1,"href":"https:\/\/radioljubuski.ba\/index.php\/wp-json\/wp\/v2\/posts\/26035\/revisions"}],"predecessor-version":[{"id":26037,"href":"https:\/\/radioljubuski.ba\/index.php\/wp-json\/wp\/v2\/posts\/26035\/revisions\/26037"}],"wp:featuredmedia":[{"embeddable":true,"href":"https:\/\/radioljubuski.ba\/index.php\/wp-json\/wp\/v2\/media\/26036"}],"wp:attachment":[{"href":"https:\/\/radioljubuski.ba\/index.php\/wp-json\/wp\/v2\/media?parent=26035"}],"wp:term":[{"taxonomy":"category","embeddable":true,"href":"https:\/\/radioljubuski.ba\/index.php\/wp-json\/wp\/v2\/categories?post=26035"},{"taxonomy":"post_tag","embeddable":true,"href":"https:\/\/radioljubuski.ba\/index.php\/wp-json\/wp\/v2\/tags?post=26035"}],"curies":[{"name":"wp","href":"https:\/\/api.w.org\/{rel}","templated":true}]}}