{"id":26072,"date":"2021-05-28T20:09:02","date_gmt":"2021-05-28T19:09:02","guid":{"rendered":"https:\/\/radioljubuski.ba\/?p=26072"},"modified":"2021-05-28T20:09:04","modified_gmt":"2021-05-28T19:09:04","slug":"pokazne-vjezbe-i-izlozeno-naoruzanje-povodom-30-obljetnice-hrvatske-vojske","status":"publish","type":"post","link":"https:\/\/radioljubuski.ba\/index.php\/2021\/05\/28\/pokazne-vjezbe-i-izlozeno-naoruzanje-povodom-30-obljetnice-hrvatske-vojske\/","title":{"rendered":"Pokazne vje\u017ebe i izlo\u017eeno naoru\u017eanje povodom 30. obljetnice Hrvatske vojske"},"content":{"rendered":"\n<p><strong>Dan Oru\u017eanih snaga i Dan Hrvatske kopnene vojske obilje\u017eava se diljem zemlje, na zagreba\u010dkom Jarunu vojska je odr\u017eala prigodni program. Predstavili su opremu i naoru\u017eanje te vje\u017ebu Po\u010dasno-za\u0161titne bojne i Pukovnije vojne policije. Kao i svake godine, gra\u0111ani su odu\u0161evljeni.<\/strong><\/p>\n\n\n\n<p>Dan Oru\u017eanih snaga i Dan Hrvatske kopnene vojske obilje\u017eava se diljem zemlje &#8211; na zagreba\u010dkom Jarunu vojska je odr\u017eala prigodni program. Predstavili su opremu i naoru\u017eanje te vje\u017ebu Po\u010dasno-za\u0161titne bojne i Pukovnije vojne policije. Kao i svake godine, gra\u0111ani su odu\u0161evljeni.<br><br>Bogat i raznolik program pripremljen je na Jarunu za sve posjetitelje. To\u010dno u 10 sati otvoren je tehni\u010dko takti\u010dki zbor i to padobranskim skokom pripadnika zapovjedni\u0161tva specijalnih snaga koji je sko\u010dio iz helikoptera s visine od 900 metara. U rukama je nosio zastavu Republike Hrvatske koja je onda i podignuta.<br><br>&#8211; Sve je nastavljeno himnom Republike Hrvatske u izvedbi orkestra Hrvatske vojske kao i orkestra ameri\u010dkih kopnenih snaga u Europi, izvje\u0161tava\u00a0<strong>Jelena\u00a0Bokun\u00a0<\/strong>za Dnevnik HTV-a.<\/p>\n\n\n\n<figure class=\"wp-block-image\"><img decoding=\"async\" src=\"https:\/\/api.hrt.hr\/media\/40\/dd\/740x438-duplex-dan-oru-anih-snaga-frame-893-20210528140725.png\" alt=\"\"\/><\/figure>\n\n\n\n<p>Program na Jarunu \u0107e trajati do ve\u010dernjih sati, \u010dak 21 sat. Posjetitelji su okupili u velikom broju kako bi vidjeli pokaznu vje\u017ebu specijalne vojne policije koja \u0107e pokazala kako i za \u0161to se to\u010dno koriste slu\u017ebeni psi.<br><br>Uvijek je atraktivan nastup akrobatske skupine ratnog zrakoplovstva &#8220;Krila oluje&#8221; koja nas \u010deka u 19:30 sati. U zraku \u0107e izvest 14 vrlo zahtjevnih elemenata.<br><br>Posjetiteljima je zanimljivo naoru\u017eanje i oprema Hrvatske vojske koji su ovdje izlo\u017eeni, mo\u017ee se vidjeti \u010dak 47 takozvanih krupnih sredstava, oklopna vozila, tenkovi poput M-84 i rakete.<br><br>Ljudi \u010dekaju u redovima kako bi ih vidjeli izbliza, a oni najmla\u0111i fotografiraju se i razgovaraju s pripadnicima vojske.<br><br>Prisutne su zaista sve grane i postrojbe Hrvatske vojske, \u010dak 130 pripadnika.<\/p>\n\n\n\n<div style=\"width: 640px;\" class=\"wp-video\"><video class=\"wp-video-shortcode\" id=\"video-26072-1\" width=\"640\" height=\"360\" preload=\"metadata\" controls=\"controls\"><source type=\"video\/mp4\" src=\"https:\/\/api.hrt.hr\/media\/c1\/2d\/tvd2-dpx-bokun-2805-20210528173136.mp4?_=1\" \/><a href=\"https:\/\/api.hrt.hr\/media\/c1\/2d\/tvd2-dpx-bokun-2805-20210528173136.mp4\">https:\/\/api.hrt.hr\/media\/c1\/2d\/tvd2-dpx-bokun-2805-20210528173136.mp4<\/a><\/video><\/div>\n\n\n\n<p>Na kopnu, moru ili u zraku, impresivan arsenal oru\u017eja i vojne opreme izlo\u017een na jednom mjestu.<br><br>&#8211; U tijeku je jo\u0161 uvijek modernizacija, radi se na tome, a sama specijalnost tenkista nije laka. Mi smo udarna snaga hrvatske kopnene vojske, tako da biti jedan od najboljih nije lako, ka\u017ee bojnik\u00a0<strong>Ivica\u00a0\u0110urkovi\u0107<\/strong>, zamjenik zapovjednika Tenkovske bojne &#8220;Kune&#8221;.<br><br>&#8211; Svakodnevica zna biti zahtjevna, s vremena na vrijeme su pred nama neke pripreme za odlazak u operacije i to intenzivne pripreme koje traju po nekoliko mjeseci, rekao je kapetan Nikola Ba\u0161i\u0107, Hrvatska ratna mornarica.<br><br>Izazovan, uzbudljiv i mnogima privla\u010dan posao.<br><br>&#8211; Najprije treba biti motiviran za ovakav poziv, govorim ne samo o letenju nego i o domoljublju koje osoba i kandidat moraju osje\u0107ati da bi uop\u0107e bio pripadnik hrvatske vojske, obja\u0161njava satnica\u00a0<strong>Antonija\u00a0Trupini\u0107<\/strong>, Hrvatsko ratno zrakoplovstvo.<br><br>&#8211; Zanimljiv i izazovan posao, svaki dan mo\u017ee biti druga\u010diji, tako da svaka preporuka mladim osobama koje se vide i imaju tu razinu patriotizma, rekao je narednik\u00a0<strong>Mladen\u00a0Franki\u0107<\/strong>, instruktor u sredi\u0161tu za obuku Vojne policije.<\/p>\n\n\n\n<figure class=\"wp-block-image\"><img decoding=\"async\" src=\"https:\/\/api.hrt.hr\/media\/b7\/50\/740x438-duplex-jarun-x-frame-1138-20210528173335.png\" alt=\"\"\/><\/figure>\n\n\n\n<p>Oni koji su svoje odslu\u017eili, ka\u017eu, uvijek je lijepo vratiti se na mjesto gdje je sve po\u010delo. S ponosom se prisje\u0107aju po\u010detaka.<br><br>&#8211; Ovdje na Jarunu imali smo prvo postrojavanje, a Republika Hrvatska okupirana. Mo\u017eete zamisliti kakav je to osje\u0107aj bio, koji je to ponos i slava bila, u sviju nas srce je bilo kao Biokovo \u0161to se ka\u017ee kad smo bili tu ispred predsjednika Tu\u0111mana postrojeni, prisje\u0107a se\u00a0<strong>Ante\u00a0\u0160itum<\/strong>, upravitelj braniteljske zadruge iz Ciste Provo.<br><br>Mnogobrojni gra\u0111ani i turisti imali su pregr\u0161t pitanja za vojnike, a ve\u0107ini je i zastajao dah od prizora.<br><br>&#8211; Pa lijepo je i svake godine sam tu jer mi je ujak vojnik i volim gledati vojnike, pri\u010da Mateo.<br><br>&#8211; Jako mi se svi\u0111a ovo \u0161to vidim, najvi\u0161e razli\u010dita oklopna vozila. Moja \u017eena jako voli vojnu opremu pa je to za nju prva poslastica, rekao je Frank, Massachusetts, SAD.<br><br>Uz opremu izlo\u017eba je predstavila svu snagu Hrvatske vojske, ali najvrjedniji su ipak ljudi koji svima nama jam\u010de sigurnost, a na globalnoj razni pridonose stabilnosti i, ono najva\u017enije, svjetskom miru.<\/p>\n\n\n\n<div style=\"width: 640px;\" class=\"wp-video\"><video class=\"wp-video-shortcode\" id=\"video-26072-2\" width=\"640\" height=\"360\" preload=\"metadata\" controls=\"controls\"><source type=\"video\/mp4\" src=\"https:\/\/api.hrt.hr\/media\/c1\/2d\/tvd2-dpx-bokun-2805-20210528173136.mp4?_=2\" \/><a href=\"https:\/\/api.hrt.hr\/media\/c1\/2d\/tvd2-dpx-bokun-2805-20210528173136.mp4\">https:\/\/api.hrt.hr\/media\/c1\/2d\/tvd2-dpx-bokun-2805-20210528173136.mp4<\/a><\/video><\/div>\n\n\n\n<p>Izvor:hrt.hr<\/p>\n","protected":false},"excerpt":{"rendered":"<p>Dan Oru\u017eanih snaga i Dan Hrvatske kopnene vojske obilje\u017eava se diljem zemlje, na zagreba\u010dkom Jarunu vojska je odr\u017eala prigodni program. Predstavili su opremu i naoru\u017eanje te vje\u017ebu Po\u010dasno-za\u0161titne bojne i Pukovnije vojne policije. Kao i svake godine, gra\u0111ani su odu\u0161evljeni. Dan Oru\u017eanih snaga i Dan Hrvatske kopnene vojske obilje\u017eava se diljem zemlje &#8211; na zagreba\u010dkom [&hellip;]<\/p>\n","protected":false},"author":2,"featured_media":26073,"comment_status":"closed","ping_status":"closed","sticky":false,"template":"","format":"standard","meta":{"h5ap_radio_sources":[],"footnotes":""},"categories":[1],"tags":[],"class_list":["post-26072","post","type-post","status-publish","format-standard","has-post-thumbnail","hentry","category-bihiregija"],"yoast_head":"<!-- This site is optimized with the Yoast SEO plugin v27.4 - https:\/\/yoast.com\/product\/yoast-seo-wordpress\/ -->\n<title>Pokazne vje\u017ebe i izlo\u017eeno naoru\u017eanje povodom 30. obljetnice Hrvatske vojske - RADIO LJUBU\u0160KI<\/title>\n<meta name=\"robots\" content=\"index, follow, max-snippet:-1, max-image-preview:large, max-video-preview:-1\" \/>\n<link rel=\"canonical\" href=\"https:\/\/radioljubuski.ba\/index.php\/2021\/05\/28\/pokazne-vjezbe-i-izlozeno-naoruzanje-povodom-30-obljetnice-hrvatske-vojske\/\" \/>\n<meta property=\"og:locale\" content=\"hr_HR\" \/>\n<meta property=\"og:type\" content=\"article\" \/>\n<meta property=\"og:title\" content=\"Pokazne vje\u017ebe i izlo\u017eeno naoru\u017eanje povodom 30. obljetnice Hrvatske vojske - RADIO LJUBU\u0160KI\" \/>\n<meta property=\"og:description\" content=\"Dan Oru\u017eanih snaga i Dan Hrvatske kopnene vojske obilje\u017eava se diljem zemlje, na zagreba\u010dkom Jarunu vojska je odr\u017eala prigodni program. Predstavili su opremu i naoru\u017eanje te vje\u017ebu Po\u010dasno-za\u0161titne bojne i Pukovnije vojne policije. Kao i svake godine, gra\u0111ani su odu\u0161evljeni. Dan Oru\u017eanih snaga i Dan Hrvatske kopnene vojske obilje\u017eava se diljem zemlje &#8211; na zagreba\u010dkom [&hellip;]\" \/>\n<meta property=\"og:url\" content=\"https:\/\/radioljubuski.ba\/index.php\/2021\/05\/28\/pokazne-vjezbe-i-izlozeno-naoruzanje-povodom-30-obljetnice-hrvatske-vojske\/\" \/>\n<meta property=\"og:site_name\" content=\"RADIO LJUBU\u0160KI\" \/>\n<meta property=\"article:publisher\" content=\"https:\/\/www.facebook.com\/Radiio-Ljubuski-1490835324566332\" \/>\n<meta property=\"article:published_time\" content=\"2021-05-28T19:09:02+00:00\" \/>\n<meta property=\"article:modified_time\" content=\"2021-05-28T19:09:04+00:00\" \/>\n<meta property=\"og:image\" content=\"https:\/\/radioljubuski.ba\/wp-content\/uploads\/2021\/05\/740x438-duplex-dan-oru-anih-snaga-frame-318-20210528140651.png\" \/>\n\t<meta property=\"og:image:width\" content=\"740\" \/>\n\t<meta property=\"og:image:height\" content=\"438\" \/>\n\t<meta property=\"og:image:type\" content=\"image\/png\" \/>\n<meta name=\"author\" content=\"Radio Ljubu\u0161ki\" \/>\n<meta name=\"twitter:card\" content=\"summary_large_image\" \/>\n<meta name=\"twitter:creator\" content=\"@radioljubuski\" \/>\n<meta name=\"twitter:site\" content=\"@radioljubuski\" \/>\n<meta name=\"twitter:label1\" content=\"Napisao\/la\" \/>\n\t<meta name=\"twitter:data1\" content=\"Radio Ljubu\u0161ki\" \/>\n\t<meta name=\"twitter:label2\" content=\"Procijenjeno vrijeme \u010ditanja\" \/>\n\t<meta name=\"twitter:data2\" content=\"4 minute\" \/>\n<script type=\"application\/ld+json\" class=\"yoast-schema-graph\">{\"@context\":\"https:\\\/\\\/schema.org\",\"@graph\":[{\"@type\":\"Article\",\"@id\":\"https:\\\/\\\/radioljubuski.ba\\\/index.php\\\/2021\\\/05\\\/28\\\/pokazne-vjezbe-i-izlozeno-naoruzanje-povodom-30-obljetnice-hrvatske-vojske\\\/#article\",\"isPartOf\":{\"@id\":\"https:\\\/\\\/radioljubuski.ba\\\/index.php\\\/2021\\\/05\\\/28\\\/pokazne-vjezbe-i-izlozeno-naoruzanje-povodom-30-obljetnice-hrvatske-vojske\\\/\"},\"author\":{\"name\":\"Radio Ljubu\u0161ki\",\"@id\":\"https:\\\/\\\/radioljubuski.ba\\\/#\\\/schema\\\/person\\\/19fc700381a780f69665d7956c469e3b\"},\"headline\":\"Pokazne vje\u017ebe i izlo\u017eeno naoru\u017eanje povodom 30. obljetnice Hrvatske vojske\",\"datePublished\":\"2021-05-28T19:09:02+00:00\",\"dateModified\":\"2021-05-28T19:09:04+00:00\",\"mainEntityOfPage\":{\"@id\":\"https:\\\/\\\/radioljubuski.ba\\\/index.php\\\/2021\\\/05\\\/28\\\/pokazne-vjezbe-i-izlozeno-naoruzanje-povodom-30-obljetnice-hrvatske-vojske\\\/\"},\"wordCount\":718,\"publisher\":{\"@id\":\"https:\\\/\\\/radioljubuski.ba\\\/#organization\"},\"image\":{\"@id\":\"https:\\\/\\\/radioljubuski.ba\\\/index.php\\\/2021\\\/05\\\/28\\\/pokazne-vjezbe-i-izlozeno-naoruzanje-povodom-30-obljetnice-hrvatske-vojske\\\/#primaryimage\"},\"thumbnailUrl\":\"https:\\\/\\\/radioljubuski.ba\\\/wp-content\\\/uploads\\\/2021\\\/05\\\/740x438-duplex-dan-oru-anih-snaga-frame-318-20210528140651.png\",\"articleSection\":[\"BIH i regija\"],\"inLanguage\":\"hr\"},{\"@type\":\"WebPage\",\"@id\":\"https:\\\/\\\/radioljubuski.ba\\\/index.php\\\/2021\\\/05\\\/28\\\/pokazne-vjezbe-i-izlozeno-naoruzanje-povodom-30-obljetnice-hrvatske-vojske\\\/\",\"url\":\"https:\\\/\\\/radioljubuski.ba\\\/index.php\\\/2021\\\/05\\\/28\\\/pokazne-vjezbe-i-izlozeno-naoruzanje-povodom-30-obljetnice-hrvatske-vojske\\\/\",\"name\":\"Pokazne vje\u017ebe i izlo\u017eeno naoru\u017eanje povodom 30. obljetnice Hrvatske vojske - RADIO LJUBU\u0160KI\",\"isPartOf\":{\"@id\":\"https:\\\/\\\/radioljubuski.ba\\\/#website\"},\"primaryImageOfPage\":{\"@id\":\"https:\\\/\\\/radioljubuski.ba\\\/index.php\\\/2021\\\/05\\\/28\\\/pokazne-vjezbe-i-izlozeno-naoruzanje-povodom-30-obljetnice-hrvatske-vojske\\\/#primaryimage\"},\"image\":{\"@id\":\"https:\\\/\\\/radioljubuski.ba\\\/index.php\\\/2021\\\/05\\\/28\\\/pokazne-vjezbe-i-izlozeno-naoruzanje-povodom-30-obljetnice-hrvatske-vojske\\\/#primaryimage\"},\"thumbnailUrl\":\"https:\\\/\\\/radioljubuski.ba\\\/wp-content\\\/uploads\\\/2021\\\/05\\\/740x438-duplex-dan-oru-anih-snaga-frame-318-20210528140651.png\",\"datePublished\":\"2021-05-28T19:09:02+00:00\",\"dateModified\":\"2021-05-28T19:09:04+00:00\",\"breadcrumb\":{\"@id\":\"https:\\\/\\\/radioljubuski.ba\\\/index.php\\\/2021\\\/05\\\/28\\\/pokazne-vjezbe-i-izlozeno-naoruzanje-povodom-30-obljetnice-hrvatske-vojske\\\/#breadcrumb\"},\"inLanguage\":\"hr\",\"potentialAction\":[{\"@type\":\"ReadAction\",\"target\":[\"https:\\\/\\\/radioljubuski.ba\\\/index.php\\\/2021\\\/05\\\/28\\\/pokazne-vjezbe-i-izlozeno-naoruzanje-povodom-30-obljetnice-hrvatske-vojske\\\/\"]}]},{\"@type\":\"ImageObject\",\"inLanguage\":\"hr\",\"@id\":\"https:\\\/\\\/radioljubuski.ba\\\/index.php\\\/2021\\\/05\\\/28\\\/pokazne-vjezbe-i-izlozeno-naoruzanje-povodom-30-obljetnice-hrvatske-vojske\\\/#primaryimage\",\"url\":\"https:\\\/\\\/radioljubuski.ba\\\/wp-content\\\/uploads\\\/2021\\\/05\\\/740x438-duplex-dan-oru-anih-snaga-frame-318-20210528140651.png\",\"contentUrl\":\"https:\\\/\\\/radioljubuski.ba\\\/wp-content\\\/uploads\\\/2021\\\/05\\\/740x438-duplex-dan-oru-anih-snaga-frame-318-20210528140651.png\",\"width\":740,\"height\":438},{\"@type\":\"BreadcrumbList\",\"@id\":\"https:\\\/\\\/radioljubuski.ba\\\/index.php\\\/2021\\\/05\\\/28\\\/pokazne-vjezbe-i-izlozeno-naoruzanje-povodom-30-obljetnice-hrvatske-vojske\\\/#breadcrumb\",\"itemListElement\":[{\"@type\":\"ListItem\",\"position\":1,\"name\":\"Po\u010detna stranica\",\"item\":\"https:\\\/\\\/radioljubuski.ba\\\/\"},{\"@type\":\"ListItem\",\"position\":2,\"name\":\"Pokazne vje\u017ebe i izlo\u017eeno naoru\u017eanje povodom 30. obljetnice Hrvatske vojske\"}]},{\"@type\":\"WebSite\",\"@id\":\"https:\\\/\\\/radioljubuski.ba\\\/#website\",\"url\":\"https:\\\/\\\/radioljubuski.ba\\\/\",\"name\":\"Radio Ljubu\u0161ki\",\"description\":\"Sun\u010dana frekvencija Hercegovine\",\"publisher\":{\"@id\":\"https:\\\/\\\/radioljubuski.ba\\\/#organization\"},\"potentialAction\":[{\"@type\":\"SearchAction\",\"target\":{\"@type\":\"EntryPoint\",\"urlTemplate\":\"https:\\\/\\\/radioljubuski.ba\\\/?s={search_term_string}\"},\"query-input\":{\"@type\":\"PropertyValueSpecification\",\"valueRequired\":true,\"valueName\":\"search_term_string\"}}],\"inLanguage\":\"hr\"},{\"@type\":\"Organization\",\"@id\":\"https:\\\/\\\/radioljubuski.ba\\\/#organization\",\"name\":\"Radio Ljubu\u0161ki\",\"url\":\"https:\\\/\\\/radioljubuski.ba\\\/\",\"logo\":{\"@type\":\"ImageObject\",\"inLanguage\":\"hr\",\"@id\":\"https:\\\/\\\/radioljubuski.ba\\\/#\\\/schema\\\/logo\\\/image\\\/\",\"url\":\"https:\\\/\\\/radioljubuski.ba\\\/wp-content\\\/uploads\\\/2021\\\/02\\\/cropped-Radio_Ljubuski_logo1.jpg\",\"contentUrl\":\"https:\\\/\\\/radioljubuski.ba\\\/wp-content\\\/uploads\\\/2021\\\/02\\\/cropped-Radio_Ljubuski_logo1.jpg\",\"width\":512,\"height\":512,\"caption\":\"Radio Ljubu\u0161ki\"},\"image\":{\"@id\":\"https:\\\/\\\/radioljubuski.ba\\\/#\\\/schema\\\/logo\\\/image\\\/\"},\"sameAs\":[\"https:\\\/\\\/www.facebook.com\\\/Radiio-Ljubuski-1490835324566332\",\"https:\\\/\\\/x.com\\\/radioljubuski\",\"https:\\\/\\\/hr.linkedin.com\\\/company\\\/radio-ljubuski\",\"https:\\\/\\\/www.youtube.com\\\/channel\\\/UCHYaeO_n0Db3tjNGudGpXyw\"]},{\"@type\":\"Person\",\"@id\":\"https:\\\/\\\/radioljubuski.ba\\\/#\\\/schema\\\/person\\\/19fc700381a780f69665d7956c469e3b\",\"name\":\"Radio Ljubu\u0161ki\"}]}<\/script>\n<!-- \/ Yoast SEO plugin. -->","yoast_head_json":{"title":"Pokazne vje\u017ebe i izlo\u017eeno naoru\u017eanje povodom 30. obljetnice Hrvatske vojske - RADIO LJUBU\u0160KI","robots":{"index":"index","follow":"follow","max-snippet":"max-snippet:-1","max-image-preview":"max-image-preview:large","max-video-preview":"max-video-preview:-1"},"canonical":"https:\/\/radioljubuski.ba\/index.php\/2021\/05\/28\/pokazne-vjezbe-i-izlozeno-naoruzanje-povodom-30-obljetnice-hrvatske-vojske\/","og_locale":"hr_HR","og_type":"article","og_title":"Pokazne vje\u017ebe i izlo\u017eeno naoru\u017eanje povodom 30. obljetnice Hrvatske vojske - RADIO LJUBU\u0160KI","og_description":"Dan Oru\u017eanih snaga i Dan Hrvatske kopnene vojske obilje\u017eava se diljem zemlje, na zagreba\u010dkom Jarunu vojska je odr\u017eala prigodni program. Predstavili su opremu i naoru\u017eanje te vje\u017ebu Po\u010dasno-za\u0161titne bojne i Pukovnije vojne policije. Kao i svake godine, gra\u0111ani su odu\u0161evljeni. Dan Oru\u017eanih snaga i Dan Hrvatske kopnene vojske obilje\u017eava se diljem zemlje &#8211; na zagreba\u010dkom [&hellip;]","og_url":"https:\/\/radioljubuski.ba\/index.php\/2021\/05\/28\/pokazne-vjezbe-i-izlozeno-naoruzanje-povodom-30-obljetnice-hrvatske-vojske\/","og_site_name":"RADIO LJUBU\u0160KI","article_publisher":"https:\/\/www.facebook.com\/Radiio-Ljubuski-1490835324566332","article_published_time":"2021-05-28T19:09:02+00:00","article_modified_time":"2021-05-28T19:09:04+00:00","og_image":[{"width":740,"height":438,"url":"https:\/\/radioljubuski.ba\/wp-content\/uploads\/2021\/05\/740x438-duplex-dan-oru-anih-snaga-frame-318-20210528140651.png","type":"image\/png"}],"author":"Radio Ljubu\u0161ki","twitter_card":"summary_large_image","twitter_creator":"@radioljubuski","twitter_site":"@radioljubuski","twitter_misc":{"Napisao\/la":"Radio Ljubu\u0161ki","Procijenjeno vrijeme \u010ditanja":"4 minute"},"schema":{"@context":"https:\/\/schema.org","@graph":[{"@type":"Article","@id":"https:\/\/radioljubuski.ba\/index.php\/2021\/05\/28\/pokazne-vjezbe-i-izlozeno-naoruzanje-povodom-30-obljetnice-hrvatske-vojske\/#article","isPartOf":{"@id":"https:\/\/radioljubuski.ba\/index.php\/2021\/05\/28\/pokazne-vjezbe-i-izlozeno-naoruzanje-povodom-30-obljetnice-hrvatske-vojske\/"},"author":{"name":"Radio Ljubu\u0161ki","@id":"https:\/\/radioljubuski.ba\/#\/schema\/person\/19fc700381a780f69665d7956c469e3b"},"headline":"Pokazne vje\u017ebe i izlo\u017eeno naoru\u017eanje povodom 30. obljetnice Hrvatske vojske","datePublished":"2021-05-28T19:09:02+00:00","dateModified":"2021-05-28T19:09:04+00:00","mainEntityOfPage":{"@id":"https:\/\/radioljubuski.ba\/index.php\/2021\/05\/28\/pokazne-vjezbe-i-izlozeno-naoruzanje-povodom-30-obljetnice-hrvatske-vojske\/"},"wordCount":718,"publisher":{"@id":"https:\/\/radioljubuski.ba\/#organization"},"image":{"@id":"https:\/\/radioljubuski.ba\/index.php\/2021\/05\/28\/pokazne-vjezbe-i-izlozeno-naoruzanje-povodom-30-obljetnice-hrvatske-vojske\/#primaryimage"},"thumbnailUrl":"https:\/\/radioljubuski.ba\/wp-content\/uploads\/2021\/05\/740x438-duplex-dan-oru-anih-snaga-frame-318-20210528140651.png","articleSection":["BIH i regija"],"inLanguage":"hr"},{"@type":"WebPage","@id":"https:\/\/radioljubuski.ba\/index.php\/2021\/05\/28\/pokazne-vjezbe-i-izlozeno-naoruzanje-povodom-30-obljetnice-hrvatske-vojske\/","url":"https:\/\/radioljubuski.ba\/index.php\/2021\/05\/28\/pokazne-vjezbe-i-izlozeno-naoruzanje-povodom-30-obljetnice-hrvatske-vojske\/","name":"Pokazne vje\u017ebe i izlo\u017eeno naoru\u017eanje povodom 30. obljetnice Hrvatske vojske - RADIO LJUBU\u0160KI","isPartOf":{"@id":"https:\/\/radioljubuski.ba\/#website"},"primaryImageOfPage":{"@id":"https:\/\/radioljubuski.ba\/index.php\/2021\/05\/28\/pokazne-vjezbe-i-izlozeno-naoruzanje-povodom-30-obljetnice-hrvatske-vojske\/#primaryimage"},"image":{"@id":"https:\/\/radioljubuski.ba\/index.php\/2021\/05\/28\/pokazne-vjezbe-i-izlozeno-naoruzanje-povodom-30-obljetnice-hrvatske-vojske\/#primaryimage"},"thumbnailUrl":"https:\/\/radioljubuski.ba\/wp-content\/uploads\/2021\/05\/740x438-duplex-dan-oru-anih-snaga-frame-318-20210528140651.png","datePublished":"2021-05-28T19:09:02+00:00","dateModified":"2021-05-28T19:09:04+00:00","breadcrumb":{"@id":"https:\/\/radioljubuski.ba\/index.php\/2021\/05\/28\/pokazne-vjezbe-i-izlozeno-naoruzanje-povodom-30-obljetnice-hrvatske-vojske\/#breadcrumb"},"inLanguage":"hr","potentialAction":[{"@type":"ReadAction","target":["https:\/\/radioljubuski.ba\/index.php\/2021\/05\/28\/pokazne-vjezbe-i-izlozeno-naoruzanje-povodom-30-obljetnice-hrvatske-vojske\/"]}]},{"@type":"ImageObject","inLanguage":"hr","@id":"https:\/\/radioljubuski.ba\/index.php\/2021\/05\/28\/pokazne-vjezbe-i-izlozeno-naoruzanje-povodom-30-obljetnice-hrvatske-vojske\/#primaryimage","url":"https:\/\/radioljubuski.ba\/wp-content\/uploads\/2021\/05\/740x438-duplex-dan-oru-anih-snaga-frame-318-20210528140651.png","contentUrl":"https:\/\/radioljubuski.ba\/wp-content\/uploads\/2021\/05\/740x438-duplex-dan-oru-anih-snaga-frame-318-20210528140651.png","width":740,"height":438},{"@type":"BreadcrumbList","@id":"https:\/\/radioljubuski.ba\/index.php\/2021\/05\/28\/pokazne-vjezbe-i-izlozeno-naoruzanje-povodom-30-obljetnice-hrvatske-vojske\/#breadcrumb","itemListElement":[{"@type":"ListItem","position":1,"name":"Po\u010detna stranica","item":"https:\/\/radioljubuski.ba\/"},{"@type":"ListItem","position":2,"name":"Pokazne vje\u017ebe i izlo\u017eeno naoru\u017eanje povodom 30. obljetnice Hrvatske vojske"}]},{"@type":"WebSite","@id":"https:\/\/radioljubuski.ba\/#website","url":"https:\/\/radioljubuski.ba\/","name":"Radio Ljubu\u0161ki","description":"Sun\u010dana frekvencija Hercegovine","publisher":{"@id":"https:\/\/radioljubuski.ba\/#organization"},"potentialAction":[{"@type":"SearchAction","target":{"@type":"EntryPoint","urlTemplate":"https:\/\/radioljubuski.ba\/?s={search_term_string}"},"query-input":{"@type":"PropertyValueSpecification","valueRequired":true,"valueName":"search_term_string"}}],"inLanguage":"hr"},{"@type":"Organization","@id":"https:\/\/radioljubuski.ba\/#organization","name":"Radio Ljubu\u0161ki","url":"https:\/\/radioljubuski.ba\/","logo":{"@type":"ImageObject","inLanguage":"hr","@id":"https:\/\/radioljubuski.ba\/#\/schema\/logo\/image\/","url":"https:\/\/radioljubuski.ba\/wp-content\/uploads\/2021\/02\/cropped-Radio_Ljubuski_logo1.jpg","contentUrl":"https:\/\/radioljubuski.ba\/wp-content\/uploads\/2021\/02\/cropped-Radio_Ljubuski_logo1.jpg","width":512,"height":512,"caption":"Radio Ljubu\u0161ki"},"image":{"@id":"https:\/\/radioljubuski.ba\/#\/schema\/logo\/image\/"},"sameAs":["https:\/\/www.facebook.com\/Radiio-Ljubuski-1490835324566332","https:\/\/x.com\/radioljubuski","https:\/\/hr.linkedin.com\/company\/radio-ljubuski","https:\/\/www.youtube.com\/channel\/UCHYaeO_n0Db3tjNGudGpXyw"]},{"@type":"Person","@id":"https:\/\/radioljubuski.ba\/#\/schema\/person\/19fc700381a780f69665d7956c469e3b","name":"Radio Ljubu\u0161ki"}]}},"_links":{"self":[{"href":"https:\/\/radioljubuski.ba\/index.php\/wp-json\/wp\/v2\/posts\/26072","targetHints":{"allow":["GET"]}}],"collection":[{"href":"https:\/\/radioljubuski.ba\/index.php\/wp-json\/wp\/v2\/posts"}],"about":[{"href":"https:\/\/radioljubuski.ba\/index.php\/wp-json\/wp\/v2\/types\/post"}],"author":[{"embeddable":true,"href":"https:\/\/radioljubuski.ba\/index.php\/wp-json\/wp\/v2\/users\/2"}],"replies":[{"embeddable":true,"href":"https:\/\/radioljubuski.ba\/index.php\/wp-json\/wp\/v2\/comments?post=26072"}],"version-history":[{"count":1,"href":"https:\/\/radioljubuski.ba\/index.php\/wp-json\/wp\/v2\/posts\/26072\/revisions"}],"predecessor-version":[{"id":26074,"href":"https:\/\/radioljubuski.ba\/index.php\/wp-json\/wp\/v2\/posts\/26072\/revisions\/26074"}],"wp:featuredmedia":[{"embeddable":true,"href":"https:\/\/radioljubuski.ba\/index.php\/wp-json\/wp\/v2\/media\/26073"}],"wp:attachment":[{"href":"https:\/\/radioljubuski.ba\/index.php\/wp-json\/wp\/v2\/media?parent=26072"}],"wp:term":[{"taxonomy":"category","embeddable":true,"href":"https:\/\/radioljubuski.ba\/index.php\/wp-json\/wp\/v2\/categories?post=26072"},{"taxonomy":"post_tag","embeddable":true,"href":"https:\/\/radioljubuski.ba\/index.php\/wp-json\/wp\/v2\/tags?post=26072"}],"curies":[{"name":"wp","href":"https:\/\/api.w.org\/{rel}","templated":true}]}}