{"id":26131,"date":"2021-05-29T09:48:52","date_gmt":"2021-05-29T08:48:52","guid":{"rendered":"https:\/\/radioljubuski.ba\/?p=26131"},"modified":"2021-05-29T09:48:53","modified_gmt":"2021-05-29T08:48:53","slug":"pogledajte-u-kojoj-je-fazi-izgradnja-mosta-pocitelj-video","status":"publish","type":"post","link":"https:\/\/radioljubuski.ba\/index.php\/2021\/05\/29\/pogledajte-u-kojoj-je-fazi-izgradnja-mosta-pocitelj-video\/","title":{"rendered":"Pogledajte u kojoj je fazi izgradnja Mosta Po\u010ditelj &#8211; video"},"content":{"rendered":"\n<p>Izvo\u0111a\u010d radova za LOT 2 (Most Po\u010ditelj) poddionice Po\u010ditelj \u2013 Zvirovi\u0107i je konzorcij koji \u010dine Azvirt Limited Liability Company (Azerbejd\u017ean), Sinohydro Corporation Limited (Kina) i Powerchina Roadbridge Group Co. Ltd. (Kina), a ukupna vrijednost radova za izgradnju mosta Po\u010ditelj je 28.114.889,53 eura bez PDV-a.<\/p>\n\n\n\n<p>Izgradnja poddionice Po\u010ditelj \u2013 Zvirovi\u0107i financira se iz sredstava osiguranih u okviru ugovora o zajmu sklopljenog sa Europskom investicijskom bankom (EIB) u visini od 100 milijuna eura\u00a0 i bespovratnim sredstvima Europske unije u visini od 5 milijuna eura koja su osigurana u okviru Agende za povezivanje preko Investicijskog okvira za Zapadni Balkan (WBIF).<\/p>\n\n\n\n<p>Ugovor o izgradnji poddionice Po\u010ditelj \u2013 Zvirovi\u0107i potpisan je 20.06.2019. godine. Predvi\u0111eni rok izgradnje za LOT 2 je 30 mjeseci.<\/p>\n\n\n\n<p>Most Po\u010ditelj \u0107e biti du\u017eine 980m i visine 100m. To je kontinurani prednapeti armiranobetonski most sandu\u010dastog popre\u010dnog presjeka, gra\u0111en tehnologijom slobodne konzolne gradnje. Stubovi mosta su visoki 92,97,92,91,88 i 66 m.<\/p>\n\n\n\n<p>Most Po\u010ditelj je najdu\u017ei most te, uz tunel Prenj, i najzahtjevniji objekt na Koridoru 5C. <\/p>\n\n\n\n<p>Premo\u0161tava magistralnu cestu M-17, rijeku Neretvu i \u017eeljezni\u010dku prugu Sarajevo \u2013 Plo\u010de.\u00a0<\/p>\n\n\n\n<iframe loading=\"lazy\" width=\"560\" height=\"315\" src=\"https:\/\/www.youtube.com\/embed\/EoA52mBxQjA\" title=\"YouTube video player\" frameborder=\"0\" allow=\"accelerometer; autoplay; clipboard-write; encrypted-media; gyroscope; picture-in-picture\" allowfullscreen><\/iframe>\n\n\n\n<p>Autor: <strong>Er.B.<\/strong> \/ Dnevni.ba<\/p>\n","protected":false},"excerpt":{"rendered":"<p>Izvo\u0111a\u010d radova za LOT 2 (Most Po\u010ditelj) poddionice Po\u010ditelj \u2013 Zvirovi\u0107i je konzorcij koji \u010dine Azvirt Limited Liability Company (Azerbejd\u017ean), Sinohydro Corporation Limited (Kina) i Powerchina Roadbridge Group Co. Ltd. (Kina), a ukupna vrijednost radova za izgradnju mosta Po\u010ditelj je 28.114.889,53 eura bez PDV-a. Izgradnja poddionice Po\u010ditelj \u2013 Zvirovi\u0107i financira se iz sredstava osiguranih u [&hellip;]<\/p>\n","protected":false},"author":2,"featured_media":26132,"comment_status":"closed","ping_status":"closed","sticky":false,"template":"","format":"standard","meta":{"h5ap_radio_sources":[],"footnotes":""},"categories":[1],"tags":[],"class_list":["post-26131","post","type-post","status-publish","format-standard","has-post-thumbnail","hentry","category-bihiregija"],"yoast_head":"<!-- This site is optimized with the Yoast SEO plugin v27.4 - https:\/\/yoast.com\/product\/yoast-seo-wordpress\/ -->\n<title>Pogledajte u kojoj je fazi izgradnja Mosta Po\u010ditelj - video - RADIO LJUBU\u0160KI<\/title>\n<meta name=\"robots\" content=\"index, follow, max-snippet:-1, max-image-preview:large, max-video-preview:-1\" \/>\n<link rel=\"canonical\" href=\"https:\/\/radioljubuski.ba\/index.php\/2021\/05\/29\/pogledajte-u-kojoj-je-fazi-izgradnja-mosta-pocitelj-video\/\" \/>\n<meta property=\"og:locale\" content=\"hr_HR\" \/>\n<meta property=\"og:type\" content=\"article\" \/>\n<meta property=\"og:title\" content=\"Pogledajte u kojoj je fazi izgradnja Mosta Po\u010ditelj - video - RADIO LJUBU\u0160KI\" \/>\n<meta property=\"og:description\" content=\"Izvo\u0111a\u010d radova za LOT 2 (Most Po\u010ditelj) poddionice Po\u010ditelj \u2013 Zvirovi\u0107i je konzorcij koji \u010dine Azvirt Limited Liability Company (Azerbejd\u017ean), Sinohydro Corporation Limited (Kina) i Powerchina Roadbridge Group Co. Ltd. (Kina), a ukupna vrijednost radova za izgradnju mosta Po\u010ditelj je 28.114.889,53 eura bez PDV-a. Izgradnja poddionice Po\u010ditelj \u2013 Zvirovi\u0107i financira se iz sredstava osiguranih u [&hellip;]\" \/>\n<meta property=\"og:url\" content=\"https:\/\/radioljubuski.ba\/index.php\/2021\/05\/29\/pogledajte-u-kojoj-je-fazi-izgradnja-mosta-pocitelj-video\/\" \/>\n<meta property=\"og:site_name\" content=\"RADIO LJUBU\u0160KI\" \/>\n<meta property=\"article:publisher\" content=\"https:\/\/www.facebook.com\/Radiio-Ljubuski-1490835324566332\" \/>\n<meta property=\"article:published_time\" content=\"2021-05-29T08:48:52+00:00\" \/>\n<meta property=\"article:modified_time\" content=\"2021-05-29T08:48:53+00:00\" \/>\n<meta property=\"og:image\" content=\"https:\/\/radioljubuski.ba\/wp-content\/uploads\/2021\/05\/pocitelj.jpg\" \/>\n\t<meta property=\"og:image:width\" content=\"819\" \/>\n\t<meta property=\"og:image:height\" content=\"442\" \/>\n\t<meta property=\"og:image:type\" content=\"image\/jpeg\" \/>\n<meta name=\"author\" content=\"Radio Ljubu\u0161ki\" \/>\n<meta name=\"twitter:card\" content=\"summary_large_image\" \/>\n<meta name=\"twitter:creator\" content=\"@radioljubuski\" \/>\n<meta name=\"twitter:site\" content=\"@radioljubuski\" \/>\n<meta name=\"twitter:label1\" content=\"Napisao\/la\" \/>\n\t<meta name=\"twitter:data1\" content=\"Radio Ljubu\u0161ki\" \/>\n\t<meta name=\"twitter:label2\" content=\"Procijenjeno vrijeme \u010ditanja\" \/>\n\t<meta name=\"twitter:data2\" content=\"1 minuta\" \/>\n<script type=\"application\/ld+json\" class=\"yoast-schema-graph\">{\"@context\":\"https:\\\/\\\/schema.org\",\"@graph\":[{\"@type\":\"Article\",\"@id\":\"https:\\\/\\\/radioljubuski.ba\\\/index.php\\\/2021\\\/05\\\/29\\\/pogledajte-u-kojoj-je-fazi-izgradnja-mosta-pocitelj-video\\\/#article\",\"isPartOf\":{\"@id\":\"https:\\\/\\\/radioljubuski.ba\\\/index.php\\\/2021\\\/05\\\/29\\\/pogledajte-u-kojoj-je-fazi-izgradnja-mosta-pocitelj-video\\\/\"},\"author\":{\"name\":\"Radio Ljubu\u0161ki\",\"@id\":\"https:\\\/\\\/radioljubuski.ba\\\/#\\\/schema\\\/person\\\/19fc700381a780f69665d7956c469e3b\"},\"headline\":\"Pogledajte u kojoj je fazi izgradnja Mosta Po\u010ditelj &#8211; video\",\"datePublished\":\"2021-05-29T08:48:52+00:00\",\"dateModified\":\"2021-05-29T08:48:53+00:00\",\"mainEntityOfPage\":{\"@id\":\"https:\\\/\\\/radioljubuski.ba\\\/index.php\\\/2021\\\/05\\\/29\\\/pogledajte-u-kojoj-je-fazi-izgradnja-mosta-pocitelj-video\\\/\"},\"wordCount\":199,\"publisher\":{\"@id\":\"https:\\\/\\\/radioljubuski.ba\\\/#organization\"},\"image\":{\"@id\":\"https:\\\/\\\/radioljubuski.ba\\\/index.php\\\/2021\\\/05\\\/29\\\/pogledajte-u-kojoj-je-fazi-izgradnja-mosta-pocitelj-video\\\/#primaryimage\"},\"thumbnailUrl\":\"https:\\\/\\\/radioljubuski.ba\\\/wp-content\\\/uploads\\\/2021\\\/05\\\/pocitelj.jpg\",\"articleSection\":[\"BIH i regija\"],\"inLanguage\":\"hr\"},{\"@type\":\"WebPage\",\"@id\":\"https:\\\/\\\/radioljubuski.ba\\\/index.php\\\/2021\\\/05\\\/29\\\/pogledajte-u-kojoj-je-fazi-izgradnja-mosta-pocitelj-video\\\/\",\"url\":\"https:\\\/\\\/radioljubuski.ba\\\/index.php\\\/2021\\\/05\\\/29\\\/pogledajte-u-kojoj-je-fazi-izgradnja-mosta-pocitelj-video\\\/\",\"name\":\"Pogledajte u kojoj je fazi izgradnja Mosta Po\u010ditelj - video - RADIO LJUBU\u0160KI\",\"isPartOf\":{\"@id\":\"https:\\\/\\\/radioljubuski.ba\\\/#website\"},\"primaryImageOfPage\":{\"@id\":\"https:\\\/\\\/radioljubuski.ba\\\/index.php\\\/2021\\\/05\\\/29\\\/pogledajte-u-kojoj-je-fazi-izgradnja-mosta-pocitelj-video\\\/#primaryimage\"},\"image\":{\"@id\":\"https:\\\/\\\/radioljubuski.ba\\\/index.php\\\/2021\\\/05\\\/29\\\/pogledajte-u-kojoj-je-fazi-izgradnja-mosta-pocitelj-video\\\/#primaryimage\"},\"thumbnailUrl\":\"https:\\\/\\\/radioljubuski.ba\\\/wp-content\\\/uploads\\\/2021\\\/05\\\/pocitelj.jpg\",\"datePublished\":\"2021-05-29T08:48:52+00:00\",\"dateModified\":\"2021-05-29T08:48:53+00:00\",\"breadcrumb\":{\"@id\":\"https:\\\/\\\/radioljubuski.ba\\\/index.php\\\/2021\\\/05\\\/29\\\/pogledajte-u-kojoj-je-fazi-izgradnja-mosta-pocitelj-video\\\/#breadcrumb\"},\"inLanguage\":\"hr\",\"potentialAction\":[{\"@type\":\"ReadAction\",\"target\":[\"https:\\\/\\\/radioljubuski.ba\\\/index.php\\\/2021\\\/05\\\/29\\\/pogledajte-u-kojoj-je-fazi-izgradnja-mosta-pocitelj-video\\\/\"]}]},{\"@type\":\"ImageObject\",\"inLanguage\":\"hr\",\"@id\":\"https:\\\/\\\/radioljubuski.ba\\\/index.php\\\/2021\\\/05\\\/29\\\/pogledajte-u-kojoj-je-fazi-izgradnja-mosta-pocitelj-video\\\/#primaryimage\",\"url\":\"https:\\\/\\\/radioljubuski.ba\\\/wp-content\\\/uploads\\\/2021\\\/05\\\/pocitelj.jpg\",\"contentUrl\":\"https:\\\/\\\/radioljubuski.ba\\\/wp-content\\\/uploads\\\/2021\\\/05\\\/pocitelj.jpg\",\"width\":819,\"height\":442},{\"@type\":\"BreadcrumbList\",\"@id\":\"https:\\\/\\\/radioljubuski.ba\\\/index.php\\\/2021\\\/05\\\/29\\\/pogledajte-u-kojoj-je-fazi-izgradnja-mosta-pocitelj-video\\\/#breadcrumb\",\"itemListElement\":[{\"@type\":\"ListItem\",\"position\":1,\"name\":\"Po\u010detna stranica\",\"item\":\"https:\\\/\\\/radioljubuski.ba\\\/\"},{\"@type\":\"ListItem\",\"position\":2,\"name\":\"Pogledajte u kojoj je fazi izgradnja Mosta Po\u010ditelj &#8211; video\"}]},{\"@type\":\"WebSite\",\"@id\":\"https:\\\/\\\/radioljubuski.ba\\\/#website\",\"url\":\"https:\\\/\\\/radioljubuski.ba\\\/\",\"name\":\"Radio Ljubu\u0161ki\",\"description\":\"Sun\u010dana frekvencija Hercegovine\",\"publisher\":{\"@id\":\"https:\\\/\\\/radioljubuski.ba\\\/#organization\"},\"potentialAction\":[{\"@type\":\"SearchAction\",\"target\":{\"@type\":\"EntryPoint\",\"urlTemplate\":\"https:\\\/\\\/radioljubuski.ba\\\/?s={search_term_string}\"},\"query-input\":{\"@type\":\"PropertyValueSpecification\",\"valueRequired\":true,\"valueName\":\"search_term_string\"}}],\"inLanguage\":\"hr\"},{\"@type\":\"Organization\",\"@id\":\"https:\\\/\\\/radioljubuski.ba\\\/#organization\",\"name\":\"Radio Ljubu\u0161ki\",\"url\":\"https:\\\/\\\/radioljubuski.ba\\\/\",\"logo\":{\"@type\":\"ImageObject\",\"inLanguage\":\"hr\",\"@id\":\"https:\\\/\\\/radioljubuski.ba\\\/#\\\/schema\\\/logo\\\/image\\\/\",\"url\":\"https:\\\/\\\/radioljubuski.ba\\\/wp-content\\\/uploads\\\/2021\\\/02\\\/cropped-Radio_Ljubuski_logo1.jpg\",\"contentUrl\":\"https:\\\/\\\/radioljubuski.ba\\\/wp-content\\\/uploads\\\/2021\\\/02\\\/cropped-Radio_Ljubuski_logo1.jpg\",\"width\":512,\"height\":512,\"caption\":\"Radio Ljubu\u0161ki\"},\"image\":{\"@id\":\"https:\\\/\\\/radioljubuski.ba\\\/#\\\/schema\\\/logo\\\/image\\\/\"},\"sameAs\":[\"https:\\\/\\\/www.facebook.com\\\/Radiio-Ljubuski-1490835324566332\",\"https:\\\/\\\/x.com\\\/radioljubuski\",\"https:\\\/\\\/hr.linkedin.com\\\/company\\\/radio-ljubuski\",\"https:\\\/\\\/www.youtube.com\\\/channel\\\/UCHYaeO_n0Db3tjNGudGpXyw\"]},{\"@type\":\"Person\",\"@id\":\"https:\\\/\\\/radioljubuski.ba\\\/#\\\/schema\\\/person\\\/19fc700381a780f69665d7956c469e3b\",\"name\":\"Radio Ljubu\u0161ki\"}]}<\/script>\n<!-- \/ Yoast SEO plugin. -->","yoast_head_json":{"title":"Pogledajte u kojoj je fazi izgradnja Mosta Po\u010ditelj - video - RADIO LJUBU\u0160KI","robots":{"index":"index","follow":"follow","max-snippet":"max-snippet:-1","max-image-preview":"max-image-preview:large","max-video-preview":"max-video-preview:-1"},"canonical":"https:\/\/radioljubuski.ba\/index.php\/2021\/05\/29\/pogledajte-u-kojoj-je-fazi-izgradnja-mosta-pocitelj-video\/","og_locale":"hr_HR","og_type":"article","og_title":"Pogledajte u kojoj je fazi izgradnja Mosta Po\u010ditelj - video - RADIO LJUBU\u0160KI","og_description":"Izvo\u0111a\u010d radova za LOT 2 (Most Po\u010ditelj) poddionice Po\u010ditelj \u2013 Zvirovi\u0107i je konzorcij koji \u010dine Azvirt Limited Liability Company (Azerbejd\u017ean), Sinohydro Corporation Limited (Kina) i Powerchina Roadbridge Group Co. Ltd. (Kina), a ukupna vrijednost radova za izgradnju mosta Po\u010ditelj je 28.114.889,53 eura bez PDV-a. Izgradnja poddionice Po\u010ditelj \u2013 Zvirovi\u0107i financira se iz sredstava osiguranih u [&hellip;]","og_url":"https:\/\/radioljubuski.ba\/index.php\/2021\/05\/29\/pogledajte-u-kojoj-je-fazi-izgradnja-mosta-pocitelj-video\/","og_site_name":"RADIO LJUBU\u0160KI","article_publisher":"https:\/\/www.facebook.com\/Radiio-Ljubuski-1490835324566332","article_published_time":"2021-05-29T08:48:52+00:00","article_modified_time":"2021-05-29T08:48:53+00:00","og_image":[{"width":819,"height":442,"url":"https:\/\/radioljubuski.ba\/wp-content\/uploads\/2021\/05\/pocitelj.jpg","type":"image\/jpeg"}],"author":"Radio Ljubu\u0161ki","twitter_card":"summary_large_image","twitter_creator":"@radioljubuski","twitter_site":"@radioljubuski","twitter_misc":{"Napisao\/la":"Radio Ljubu\u0161ki","Procijenjeno vrijeme \u010ditanja":"1 minuta"},"schema":{"@context":"https:\/\/schema.org","@graph":[{"@type":"Article","@id":"https:\/\/radioljubuski.ba\/index.php\/2021\/05\/29\/pogledajte-u-kojoj-je-fazi-izgradnja-mosta-pocitelj-video\/#article","isPartOf":{"@id":"https:\/\/radioljubuski.ba\/index.php\/2021\/05\/29\/pogledajte-u-kojoj-je-fazi-izgradnja-mosta-pocitelj-video\/"},"author":{"name":"Radio Ljubu\u0161ki","@id":"https:\/\/radioljubuski.ba\/#\/schema\/person\/19fc700381a780f69665d7956c469e3b"},"headline":"Pogledajte u kojoj je fazi izgradnja Mosta Po\u010ditelj &#8211; video","datePublished":"2021-05-29T08:48:52+00:00","dateModified":"2021-05-29T08:48:53+00:00","mainEntityOfPage":{"@id":"https:\/\/radioljubuski.ba\/index.php\/2021\/05\/29\/pogledajte-u-kojoj-je-fazi-izgradnja-mosta-pocitelj-video\/"},"wordCount":199,"publisher":{"@id":"https:\/\/radioljubuski.ba\/#organization"},"image":{"@id":"https:\/\/radioljubuski.ba\/index.php\/2021\/05\/29\/pogledajte-u-kojoj-je-fazi-izgradnja-mosta-pocitelj-video\/#primaryimage"},"thumbnailUrl":"https:\/\/radioljubuski.ba\/wp-content\/uploads\/2021\/05\/pocitelj.jpg","articleSection":["BIH i regija"],"inLanguage":"hr"},{"@type":"WebPage","@id":"https:\/\/radioljubuski.ba\/index.php\/2021\/05\/29\/pogledajte-u-kojoj-je-fazi-izgradnja-mosta-pocitelj-video\/","url":"https:\/\/radioljubuski.ba\/index.php\/2021\/05\/29\/pogledajte-u-kojoj-je-fazi-izgradnja-mosta-pocitelj-video\/","name":"Pogledajte u kojoj je fazi izgradnja Mosta Po\u010ditelj - video - RADIO LJUBU\u0160KI","isPartOf":{"@id":"https:\/\/radioljubuski.ba\/#website"},"primaryImageOfPage":{"@id":"https:\/\/radioljubuski.ba\/index.php\/2021\/05\/29\/pogledajte-u-kojoj-je-fazi-izgradnja-mosta-pocitelj-video\/#primaryimage"},"image":{"@id":"https:\/\/radioljubuski.ba\/index.php\/2021\/05\/29\/pogledajte-u-kojoj-je-fazi-izgradnja-mosta-pocitelj-video\/#primaryimage"},"thumbnailUrl":"https:\/\/radioljubuski.ba\/wp-content\/uploads\/2021\/05\/pocitelj.jpg","datePublished":"2021-05-29T08:48:52+00:00","dateModified":"2021-05-29T08:48:53+00:00","breadcrumb":{"@id":"https:\/\/radioljubuski.ba\/index.php\/2021\/05\/29\/pogledajte-u-kojoj-je-fazi-izgradnja-mosta-pocitelj-video\/#breadcrumb"},"inLanguage":"hr","potentialAction":[{"@type":"ReadAction","target":["https:\/\/radioljubuski.ba\/index.php\/2021\/05\/29\/pogledajte-u-kojoj-je-fazi-izgradnja-mosta-pocitelj-video\/"]}]},{"@type":"ImageObject","inLanguage":"hr","@id":"https:\/\/radioljubuski.ba\/index.php\/2021\/05\/29\/pogledajte-u-kojoj-je-fazi-izgradnja-mosta-pocitelj-video\/#primaryimage","url":"https:\/\/radioljubuski.ba\/wp-content\/uploads\/2021\/05\/pocitelj.jpg","contentUrl":"https:\/\/radioljubuski.ba\/wp-content\/uploads\/2021\/05\/pocitelj.jpg","width":819,"height":442},{"@type":"BreadcrumbList","@id":"https:\/\/radioljubuski.ba\/index.php\/2021\/05\/29\/pogledajte-u-kojoj-je-fazi-izgradnja-mosta-pocitelj-video\/#breadcrumb","itemListElement":[{"@type":"ListItem","position":1,"name":"Po\u010detna stranica","item":"https:\/\/radioljubuski.ba\/"},{"@type":"ListItem","position":2,"name":"Pogledajte u kojoj je fazi izgradnja Mosta Po\u010ditelj &#8211; video"}]},{"@type":"WebSite","@id":"https:\/\/radioljubuski.ba\/#website","url":"https:\/\/radioljubuski.ba\/","name":"Radio Ljubu\u0161ki","description":"Sun\u010dana frekvencija Hercegovine","publisher":{"@id":"https:\/\/radioljubuski.ba\/#organization"},"potentialAction":[{"@type":"SearchAction","target":{"@type":"EntryPoint","urlTemplate":"https:\/\/radioljubuski.ba\/?s={search_term_string}"},"query-input":{"@type":"PropertyValueSpecification","valueRequired":true,"valueName":"search_term_string"}}],"inLanguage":"hr"},{"@type":"Organization","@id":"https:\/\/radioljubuski.ba\/#organization","name":"Radio Ljubu\u0161ki","url":"https:\/\/radioljubuski.ba\/","logo":{"@type":"ImageObject","inLanguage":"hr","@id":"https:\/\/radioljubuski.ba\/#\/schema\/logo\/image\/","url":"https:\/\/radioljubuski.ba\/wp-content\/uploads\/2021\/02\/cropped-Radio_Ljubuski_logo1.jpg","contentUrl":"https:\/\/radioljubuski.ba\/wp-content\/uploads\/2021\/02\/cropped-Radio_Ljubuski_logo1.jpg","width":512,"height":512,"caption":"Radio Ljubu\u0161ki"},"image":{"@id":"https:\/\/radioljubuski.ba\/#\/schema\/logo\/image\/"},"sameAs":["https:\/\/www.facebook.com\/Radiio-Ljubuski-1490835324566332","https:\/\/x.com\/radioljubuski","https:\/\/hr.linkedin.com\/company\/radio-ljubuski","https:\/\/www.youtube.com\/channel\/UCHYaeO_n0Db3tjNGudGpXyw"]},{"@type":"Person","@id":"https:\/\/radioljubuski.ba\/#\/schema\/person\/19fc700381a780f69665d7956c469e3b","name":"Radio Ljubu\u0161ki"}]}},"_links":{"self":[{"href":"https:\/\/radioljubuski.ba\/index.php\/wp-json\/wp\/v2\/posts\/26131","targetHints":{"allow":["GET"]}}],"collection":[{"href":"https:\/\/radioljubuski.ba\/index.php\/wp-json\/wp\/v2\/posts"}],"about":[{"href":"https:\/\/radioljubuski.ba\/index.php\/wp-json\/wp\/v2\/types\/post"}],"author":[{"embeddable":true,"href":"https:\/\/radioljubuski.ba\/index.php\/wp-json\/wp\/v2\/users\/2"}],"replies":[{"embeddable":true,"href":"https:\/\/radioljubuski.ba\/index.php\/wp-json\/wp\/v2\/comments?post=26131"}],"version-history":[{"count":1,"href":"https:\/\/radioljubuski.ba\/index.php\/wp-json\/wp\/v2\/posts\/26131\/revisions"}],"predecessor-version":[{"id":26133,"href":"https:\/\/radioljubuski.ba\/index.php\/wp-json\/wp\/v2\/posts\/26131\/revisions\/26133"}],"wp:featuredmedia":[{"embeddable":true,"href":"https:\/\/radioljubuski.ba\/index.php\/wp-json\/wp\/v2\/media\/26132"}],"wp:attachment":[{"href":"https:\/\/radioljubuski.ba\/index.php\/wp-json\/wp\/v2\/media?parent=26131"}],"wp:term":[{"taxonomy":"category","embeddable":true,"href":"https:\/\/radioljubuski.ba\/index.php\/wp-json\/wp\/v2\/categories?post=26131"},{"taxonomy":"post_tag","embeddable":true,"href":"https:\/\/radioljubuski.ba\/index.php\/wp-json\/wp\/v2\/tags?post=26131"}],"curies":[{"name":"wp","href":"https:\/\/api.w.org\/{rel}","templated":true}]}}