{"id":26134,"date":"2021-05-29T09:53:04","date_gmt":"2021-05-29T08:53:04","guid":{"rendered":"https:\/\/radioljubuski.ba\/?p=26134"},"modified":"2021-05-29T09:53:05","modified_gmt":"2021-05-29T08:53:05","slug":"ante-grbavac-vratar-izvidac-co-odlazi-u-spanjolsku","status":"publish","type":"post","link":"https:\/\/radioljubuski.ba\/index.php\/2021\/05\/29\/ante-grbavac-vratar-izvidac-co-odlazi-u-spanjolsku\/","title":{"rendered":"Ante Grbavac, vratar Izvi\u0111a\u010d CO odlazi u \u0160panjolsku"},"content":{"rendered":"\n<p>Vratar RK Izvi\u0111a\u010d CO Ante Grbavac po zavr\u0161etku sezone napu\u0161ta klub i odlazi u \u0160panjolsku.<\/p>\n\n\n\n<p>Kako je objavio Incarlopsa Cuenca, klub iz prve lige \u0160panjolske, Grbavac je potpisao ugovor sa \u0161panjolskim klubom na jednu godinu s mogu\u0107no\u0161\u0107u produ\u017eenja od jo\u0161 jedne godine.<\/p>\n\n\n\n<p>Ovo je Grbavcu tre\u0107i klub u karijeri, a tako\u0111er je nastupao i u mla\u0111im reprezentativnim kategorijama BiH. <\/p>\n\n\n\n<p>Ante je pro\u0161ao sve kategorije u rukometnoj \u0161koli Izvi\u0111a\u010da iz Ljubu\u0161kog, branio je u mostarskom Zrinjskom, a u teku\u0107oj sezoni u dresu Izvi\u0111a\u010da osvojio je naslov prvaka.<\/p>\n\n\n\n<p><strong>Izvor: Ljportal.com<\/strong><\/p>\n","protected":false},"excerpt":{"rendered":"<p>Vratar RK Izvi\u0111a\u010d CO Ante Grbavac po zavr\u0161etku sezone napu\u0161ta klub i odlazi u \u0160panjolsku. Kako je objavio Incarlopsa Cuenca, klub iz prve lige \u0160panjolske, Grbavac je potpisao ugovor sa \u0161panjolskim klubom na jednu godinu s mogu\u0107no\u0161\u0107u produ\u017eenja od jo\u0161 jedne godine. Ovo je Grbavcu tre\u0107i klub u karijeri, a tako\u0111er je nastupao i u [&hellip;]<\/p>\n","protected":false},"author":2,"featured_media":20612,"comment_status":"closed","ping_status":"closed","sticky":false,"template":"","format":"standard","meta":{"h5ap_radio_sources":[],"footnotes":""},"categories":[3],"tags":[],"class_list":["post-26134","post","type-post","status-publish","format-standard","has-post-thumbnail","hentry","category-ljubuski"],"yoast_head":"<!-- This site is optimized with the Yoast SEO plugin v27.5 - https:\/\/yoast.com\/product\/yoast-seo-wordpress\/ -->\n<title>Ante Grbavac, vratar Izvi\u0111a\u010d CO odlazi u \u0160panjolsku - RADIO LJUBU\u0160KI<\/title>\n<meta name=\"robots\" content=\"index, follow, max-snippet:-1, max-image-preview:large, max-video-preview:-1\" \/>\n<link rel=\"canonical\" href=\"https:\/\/radioljubuski.ba\/index.php\/2021\/05\/29\/ante-grbavac-vratar-izvidac-co-odlazi-u-spanjolsku\/\" \/>\n<meta property=\"og:locale\" content=\"hr_HR\" \/>\n<meta property=\"og:type\" content=\"article\" \/>\n<meta property=\"og:title\" content=\"Ante Grbavac, vratar Izvi\u0111a\u010d CO odlazi u \u0160panjolsku - RADIO LJUBU\u0160KI\" \/>\n<meta property=\"og:description\" content=\"Vratar RK Izvi\u0111a\u010d CO Ante Grbavac po zavr\u0161etku sezone napu\u0161ta klub i odlazi u \u0160panjolsku. Kako je objavio Incarlopsa Cuenca, klub iz prve lige \u0160panjolske, Grbavac je potpisao ugovor sa \u0161panjolskim klubom na jednu godinu s mogu\u0107no\u0161\u0107u produ\u017eenja od jo\u0161 jedne godine. Ovo je Grbavcu tre\u0107i klub u karijeri, a tako\u0111er je nastupao i u [&hellip;]\" \/>\n<meta property=\"og:url\" content=\"https:\/\/radioljubuski.ba\/index.php\/2021\/05\/29\/ante-grbavac-vratar-izvidac-co-odlazi-u-spanjolsku\/\" \/>\n<meta property=\"og:site_name\" content=\"RADIO LJUBU\u0160KI\" \/>\n<meta property=\"article:publisher\" content=\"https:\/\/www.facebook.com\/Radiio-Ljubuski-1490835324566332\" \/>\n<meta property=\"article:published_time\" content=\"2021-05-29T08:53:04+00:00\" \/>\n<meta property=\"article:modified_time\" content=\"2021-05-29T08:53:05+00:00\" \/>\n<meta property=\"og:image\" content=\"https:\/\/radioljubuski.ba\/wp-content\/uploads\/2021\/05\/Ante-Grbavac-leotar.jpg\" \/>\n\t<meta property=\"og:image:width\" content=\"1357\" \/>\n\t<meta property=\"og:image:height\" content=\"891\" \/>\n\t<meta property=\"og:image:type\" content=\"image\/jpeg\" \/>\n<meta name=\"author\" content=\"Radio Ljubu\u0161ki\" \/>\n<meta name=\"twitter:card\" content=\"summary_large_image\" \/>\n<meta name=\"twitter:creator\" content=\"@radioljubuski\" \/>\n<meta name=\"twitter:site\" content=\"@radioljubuski\" \/>\n<meta name=\"twitter:label1\" content=\"Napisao\/la\" \/>\n\t<meta name=\"twitter:data1\" content=\"Radio Ljubu\u0161ki\" \/>\n\t<meta name=\"twitter:label2\" content=\"Procijenjeno vrijeme \u010ditanja\" \/>\n\t<meta name=\"twitter:data2\" content=\"1 minuta\" \/>\n<script type=\"application\/ld+json\" class=\"yoast-schema-graph\">{\"@context\":\"https:\\\/\\\/schema.org\",\"@graph\":[{\"@type\":\"Article\",\"@id\":\"https:\\\/\\\/radioljubuski.ba\\\/index.php\\\/2021\\\/05\\\/29\\\/ante-grbavac-vratar-izvidac-co-odlazi-u-spanjolsku\\\/#article\",\"isPartOf\":{\"@id\":\"https:\\\/\\\/radioljubuski.ba\\\/index.php\\\/2021\\\/05\\\/29\\\/ante-grbavac-vratar-izvidac-co-odlazi-u-spanjolsku\\\/\"},\"author\":{\"name\":\"Radio Ljubu\u0161ki\",\"@id\":\"https:\\\/\\\/radioljubuski.ba\\\/#\\\/schema\\\/person\\\/19fc700381a780f69665d7956c469e3b\"},\"headline\":\"Ante Grbavac, vratar Izvi\u0111a\u010d CO odlazi u \u0160panjolsku\",\"datePublished\":\"2021-05-29T08:53:04+00:00\",\"dateModified\":\"2021-05-29T08:53:05+00:00\",\"mainEntityOfPage\":{\"@id\":\"https:\\\/\\\/radioljubuski.ba\\\/index.php\\\/2021\\\/05\\\/29\\\/ante-grbavac-vratar-izvidac-co-odlazi-u-spanjolsku\\\/\"},\"wordCount\":114,\"publisher\":{\"@id\":\"https:\\\/\\\/radioljubuski.ba\\\/#organization\"},\"image\":{\"@id\":\"https:\\\/\\\/radioljubuski.ba\\\/index.php\\\/2021\\\/05\\\/29\\\/ante-grbavac-vratar-izvidac-co-odlazi-u-spanjolsku\\\/#primaryimage\"},\"thumbnailUrl\":\"https:\\\/\\\/radioljubuski.ba\\\/wp-content\\\/uploads\\\/2021\\\/05\\\/Ante-Grbavac-leotar.jpg\",\"articleSection\":[\"Ljubu\u0161ki\"],\"inLanguage\":\"hr\"},{\"@type\":\"WebPage\",\"@id\":\"https:\\\/\\\/radioljubuski.ba\\\/index.php\\\/2021\\\/05\\\/29\\\/ante-grbavac-vratar-izvidac-co-odlazi-u-spanjolsku\\\/\",\"url\":\"https:\\\/\\\/radioljubuski.ba\\\/index.php\\\/2021\\\/05\\\/29\\\/ante-grbavac-vratar-izvidac-co-odlazi-u-spanjolsku\\\/\",\"name\":\"Ante Grbavac, vratar Izvi\u0111a\u010d CO odlazi u \u0160panjolsku - RADIO LJUBU\u0160KI\",\"isPartOf\":{\"@id\":\"https:\\\/\\\/radioljubuski.ba\\\/#website\"},\"primaryImageOfPage\":{\"@id\":\"https:\\\/\\\/radioljubuski.ba\\\/index.php\\\/2021\\\/05\\\/29\\\/ante-grbavac-vratar-izvidac-co-odlazi-u-spanjolsku\\\/#primaryimage\"},\"image\":{\"@id\":\"https:\\\/\\\/radioljubuski.ba\\\/index.php\\\/2021\\\/05\\\/29\\\/ante-grbavac-vratar-izvidac-co-odlazi-u-spanjolsku\\\/#primaryimage\"},\"thumbnailUrl\":\"https:\\\/\\\/radioljubuski.ba\\\/wp-content\\\/uploads\\\/2021\\\/05\\\/Ante-Grbavac-leotar.jpg\",\"datePublished\":\"2021-05-29T08:53:04+00:00\",\"dateModified\":\"2021-05-29T08:53:05+00:00\",\"breadcrumb\":{\"@id\":\"https:\\\/\\\/radioljubuski.ba\\\/index.php\\\/2021\\\/05\\\/29\\\/ante-grbavac-vratar-izvidac-co-odlazi-u-spanjolsku\\\/#breadcrumb\"},\"inLanguage\":\"hr\",\"potentialAction\":[{\"@type\":\"ReadAction\",\"target\":[\"https:\\\/\\\/radioljubuski.ba\\\/index.php\\\/2021\\\/05\\\/29\\\/ante-grbavac-vratar-izvidac-co-odlazi-u-spanjolsku\\\/\"]}]},{\"@type\":\"ImageObject\",\"inLanguage\":\"hr\",\"@id\":\"https:\\\/\\\/radioljubuski.ba\\\/index.php\\\/2021\\\/05\\\/29\\\/ante-grbavac-vratar-izvidac-co-odlazi-u-spanjolsku\\\/#primaryimage\",\"url\":\"https:\\\/\\\/radioljubuski.ba\\\/wp-content\\\/uploads\\\/2021\\\/05\\\/Ante-Grbavac-leotar.jpg\",\"contentUrl\":\"https:\\\/\\\/radioljubuski.ba\\\/wp-content\\\/uploads\\\/2021\\\/05\\\/Ante-Grbavac-leotar.jpg\",\"width\":1357,\"height\":891},{\"@type\":\"BreadcrumbList\",\"@id\":\"https:\\\/\\\/radioljubuski.ba\\\/index.php\\\/2021\\\/05\\\/29\\\/ante-grbavac-vratar-izvidac-co-odlazi-u-spanjolsku\\\/#breadcrumb\",\"itemListElement\":[{\"@type\":\"ListItem\",\"position\":1,\"name\":\"Po\u010detna stranica\",\"item\":\"https:\\\/\\\/radioljubuski.ba\\\/\"},{\"@type\":\"ListItem\",\"position\":2,\"name\":\"Ante Grbavac, vratar Izvi\u0111a\u010d CO odlazi u \u0160panjolsku\"}]},{\"@type\":\"WebSite\",\"@id\":\"https:\\\/\\\/radioljubuski.ba\\\/#website\",\"url\":\"https:\\\/\\\/radioljubuski.ba\\\/\",\"name\":\"Radio Ljubu\u0161ki\",\"description\":\"Sun\u010dana frekvencija Hercegovine\",\"publisher\":{\"@id\":\"https:\\\/\\\/radioljubuski.ba\\\/#organization\"},\"potentialAction\":[{\"@type\":\"SearchAction\",\"target\":{\"@type\":\"EntryPoint\",\"urlTemplate\":\"https:\\\/\\\/radioljubuski.ba\\\/?s={search_term_string}\"},\"query-input\":{\"@type\":\"PropertyValueSpecification\",\"valueRequired\":true,\"valueName\":\"search_term_string\"}}],\"inLanguage\":\"hr\"},{\"@type\":\"Organization\",\"@id\":\"https:\\\/\\\/radioljubuski.ba\\\/#organization\",\"name\":\"Radio Ljubu\u0161ki\",\"url\":\"https:\\\/\\\/radioljubuski.ba\\\/\",\"logo\":{\"@type\":\"ImageObject\",\"inLanguage\":\"hr\",\"@id\":\"https:\\\/\\\/radioljubuski.ba\\\/#\\\/schema\\\/logo\\\/image\\\/\",\"url\":\"https:\\\/\\\/radioljubuski.ba\\\/wp-content\\\/uploads\\\/2021\\\/02\\\/cropped-Radio_Ljubuski_logo1.jpg\",\"contentUrl\":\"https:\\\/\\\/radioljubuski.ba\\\/wp-content\\\/uploads\\\/2021\\\/02\\\/cropped-Radio_Ljubuski_logo1.jpg\",\"width\":512,\"height\":512,\"caption\":\"Radio Ljubu\u0161ki\"},\"image\":{\"@id\":\"https:\\\/\\\/radioljubuski.ba\\\/#\\\/schema\\\/logo\\\/image\\\/\"},\"sameAs\":[\"https:\\\/\\\/www.facebook.com\\\/Radiio-Ljubuski-1490835324566332\",\"https:\\\/\\\/x.com\\\/radioljubuski\",\"https:\\\/\\\/hr.linkedin.com\\\/company\\\/radio-ljubuski\",\"https:\\\/\\\/www.youtube.com\\\/channel\\\/UCHYaeO_n0Db3tjNGudGpXyw\"]},{\"@type\":\"Person\",\"@id\":\"https:\\\/\\\/radioljubuski.ba\\\/#\\\/schema\\\/person\\\/19fc700381a780f69665d7956c469e3b\",\"name\":\"Radio Ljubu\u0161ki\"}]}<\/script>\n<!-- \/ Yoast SEO plugin. -->","yoast_head_json":{"title":"Ante Grbavac, vratar Izvi\u0111a\u010d CO odlazi u \u0160panjolsku - RADIO LJUBU\u0160KI","robots":{"index":"index","follow":"follow","max-snippet":"max-snippet:-1","max-image-preview":"max-image-preview:large","max-video-preview":"max-video-preview:-1"},"canonical":"https:\/\/radioljubuski.ba\/index.php\/2021\/05\/29\/ante-grbavac-vratar-izvidac-co-odlazi-u-spanjolsku\/","og_locale":"hr_HR","og_type":"article","og_title":"Ante Grbavac, vratar Izvi\u0111a\u010d CO odlazi u \u0160panjolsku - RADIO LJUBU\u0160KI","og_description":"Vratar RK Izvi\u0111a\u010d CO Ante Grbavac po zavr\u0161etku sezone napu\u0161ta klub i odlazi u \u0160panjolsku. Kako je objavio Incarlopsa Cuenca, klub iz prve lige \u0160panjolske, Grbavac je potpisao ugovor sa \u0161panjolskim klubom na jednu godinu s mogu\u0107no\u0161\u0107u produ\u017eenja od jo\u0161 jedne godine. Ovo je Grbavcu tre\u0107i klub u karijeri, a tako\u0111er je nastupao i u [&hellip;]","og_url":"https:\/\/radioljubuski.ba\/index.php\/2021\/05\/29\/ante-grbavac-vratar-izvidac-co-odlazi-u-spanjolsku\/","og_site_name":"RADIO LJUBU\u0160KI","article_publisher":"https:\/\/www.facebook.com\/Radiio-Ljubuski-1490835324566332","article_published_time":"2021-05-29T08:53:04+00:00","article_modified_time":"2021-05-29T08:53:05+00:00","og_image":[{"width":1357,"height":891,"url":"https:\/\/radioljubuski.ba\/wp-content\/uploads\/2021\/05\/Ante-Grbavac-leotar.jpg","type":"image\/jpeg"}],"author":"Radio Ljubu\u0161ki","twitter_card":"summary_large_image","twitter_creator":"@radioljubuski","twitter_site":"@radioljubuski","twitter_misc":{"Napisao\/la":"Radio Ljubu\u0161ki","Procijenjeno vrijeme \u010ditanja":"1 minuta"},"schema":{"@context":"https:\/\/schema.org","@graph":[{"@type":"Article","@id":"https:\/\/radioljubuski.ba\/index.php\/2021\/05\/29\/ante-grbavac-vratar-izvidac-co-odlazi-u-spanjolsku\/#article","isPartOf":{"@id":"https:\/\/radioljubuski.ba\/index.php\/2021\/05\/29\/ante-grbavac-vratar-izvidac-co-odlazi-u-spanjolsku\/"},"author":{"name":"Radio Ljubu\u0161ki","@id":"https:\/\/radioljubuski.ba\/#\/schema\/person\/19fc700381a780f69665d7956c469e3b"},"headline":"Ante Grbavac, vratar Izvi\u0111a\u010d CO odlazi u \u0160panjolsku","datePublished":"2021-05-29T08:53:04+00:00","dateModified":"2021-05-29T08:53:05+00:00","mainEntityOfPage":{"@id":"https:\/\/radioljubuski.ba\/index.php\/2021\/05\/29\/ante-grbavac-vratar-izvidac-co-odlazi-u-spanjolsku\/"},"wordCount":114,"publisher":{"@id":"https:\/\/radioljubuski.ba\/#organization"},"image":{"@id":"https:\/\/radioljubuski.ba\/index.php\/2021\/05\/29\/ante-grbavac-vratar-izvidac-co-odlazi-u-spanjolsku\/#primaryimage"},"thumbnailUrl":"https:\/\/radioljubuski.ba\/wp-content\/uploads\/2021\/05\/Ante-Grbavac-leotar.jpg","articleSection":["Ljubu\u0161ki"],"inLanguage":"hr"},{"@type":"WebPage","@id":"https:\/\/radioljubuski.ba\/index.php\/2021\/05\/29\/ante-grbavac-vratar-izvidac-co-odlazi-u-spanjolsku\/","url":"https:\/\/radioljubuski.ba\/index.php\/2021\/05\/29\/ante-grbavac-vratar-izvidac-co-odlazi-u-spanjolsku\/","name":"Ante Grbavac, vratar Izvi\u0111a\u010d CO odlazi u \u0160panjolsku - RADIO LJUBU\u0160KI","isPartOf":{"@id":"https:\/\/radioljubuski.ba\/#website"},"primaryImageOfPage":{"@id":"https:\/\/radioljubuski.ba\/index.php\/2021\/05\/29\/ante-grbavac-vratar-izvidac-co-odlazi-u-spanjolsku\/#primaryimage"},"image":{"@id":"https:\/\/radioljubuski.ba\/index.php\/2021\/05\/29\/ante-grbavac-vratar-izvidac-co-odlazi-u-spanjolsku\/#primaryimage"},"thumbnailUrl":"https:\/\/radioljubuski.ba\/wp-content\/uploads\/2021\/05\/Ante-Grbavac-leotar.jpg","datePublished":"2021-05-29T08:53:04+00:00","dateModified":"2021-05-29T08:53:05+00:00","breadcrumb":{"@id":"https:\/\/radioljubuski.ba\/index.php\/2021\/05\/29\/ante-grbavac-vratar-izvidac-co-odlazi-u-spanjolsku\/#breadcrumb"},"inLanguage":"hr","potentialAction":[{"@type":"ReadAction","target":["https:\/\/radioljubuski.ba\/index.php\/2021\/05\/29\/ante-grbavac-vratar-izvidac-co-odlazi-u-spanjolsku\/"]}]},{"@type":"ImageObject","inLanguage":"hr","@id":"https:\/\/radioljubuski.ba\/index.php\/2021\/05\/29\/ante-grbavac-vratar-izvidac-co-odlazi-u-spanjolsku\/#primaryimage","url":"https:\/\/radioljubuski.ba\/wp-content\/uploads\/2021\/05\/Ante-Grbavac-leotar.jpg","contentUrl":"https:\/\/radioljubuski.ba\/wp-content\/uploads\/2021\/05\/Ante-Grbavac-leotar.jpg","width":1357,"height":891},{"@type":"BreadcrumbList","@id":"https:\/\/radioljubuski.ba\/index.php\/2021\/05\/29\/ante-grbavac-vratar-izvidac-co-odlazi-u-spanjolsku\/#breadcrumb","itemListElement":[{"@type":"ListItem","position":1,"name":"Po\u010detna stranica","item":"https:\/\/radioljubuski.ba\/"},{"@type":"ListItem","position":2,"name":"Ante Grbavac, vratar Izvi\u0111a\u010d CO odlazi u \u0160panjolsku"}]},{"@type":"WebSite","@id":"https:\/\/radioljubuski.ba\/#website","url":"https:\/\/radioljubuski.ba\/","name":"Radio Ljubu\u0161ki","description":"Sun\u010dana frekvencija Hercegovine","publisher":{"@id":"https:\/\/radioljubuski.ba\/#organization"},"potentialAction":[{"@type":"SearchAction","target":{"@type":"EntryPoint","urlTemplate":"https:\/\/radioljubuski.ba\/?s={search_term_string}"},"query-input":{"@type":"PropertyValueSpecification","valueRequired":true,"valueName":"search_term_string"}}],"inLanguage":"hr"},{"@type":"Organization","@id":"https:\/\/radioljubuski.ba\/#organization","name":"Radio Ljubu\u0161ki","url":"https:\/\/radioljubuski.ba\/","logo":{"@type":"ImageObject","inLanguage":"hr","@id":"https:\/\/radioljubuski.ba\/#\/schema\/logo\/image\/","url":"https:\/\/radioljubuski.ba\/wp-content\/uploads\/2021\/02\/cropped-Radio_Ljubuski_logo1.jpg","contentUrl":"https:\/\/radioljubuski.ba\/wp-content\/uploads\/2021\/02\/cropped-Radio_Ljubuski_logo1.jpg","width":512,"height":512,"caption":"Radio Ljubu\u0161ki"},"image":{"@id":"https:\/\/radioljubuski.ba\/#\/schema\/logo\/image\/"},"sameAs":["https:\/\/www.facebook.com\/Radiio-Ljubuski-1490835324566332","https:\/\/x.com\/radioljubuski","https:\/\/hr.linkedin.com\/company\/radio-ljubuski","https:\/\/www.youtube.com\/channel\/UCHYaeO_n0Db3tjNGudGpXyw"]},{"@type":"Person","@id":"https:\/\/radioljubuski.ba\/#\/schema\/person\/19fc700381a780f69665d7956c469e3b","name":"Radio Ljubu\u0161ki"}]}},"_links":{"self":[{"href":"https:\/\/radioljubuski.ba\/index.php\/wp-json\/wp\/v2\/posts\/26134","targetHints":{"allow":["GET"]}}],"collection":[{"href":"https:\/\/radioljubuski.ba\/index.php\/wp-json\/wp\/v2\/posts"}],"about":[{"href":"https:\/\/radioljubuski.ba\/index.php\/wp-json\/wp\/v2\/types\/post"}],"author":[{"embeddable":true,"href":"https:\/\/radioljubuski.ba\/index.php\/wp-json\/wp\/v2\/users\/2"}],"replies":[{"embeddable":true,"href":"https:\/\/radioljubuski.ba\/index.php\/wp-json\/wp\/v2\/comments?post=26134"}],"version-history":[{"count":1,"href":"https:\/\/radioljubuski.ba\/index.php\/wp-json\/wp\/v2\/posts\/26134\/revisions"}],"predecessor-version":[{"id":26135,"href":"https:\/\/radioljubuski.ba\/index.php\/wp-json\/wp\/v2\/posts\/26134\/revisions\/26135"}],"wp:featuredmedia":[{"embeddable":true,"href":"https:\/\/radioljubuski.ba\/index.php\/wp-json\/wp\/v2\/media\/20612"}],"wp:attachment":[{"href":"https:\/\/radioljubuski.ba\/index.php\/wp-json\/wp\/v2\/media?parent=26134"}],"wp:term":[{"taxonomy":"category","embeddable":true,"href":"https:\/\/radioljubuski.ba\/index.php\/wp-json\/wp\/v2\/categories?post=26134"},{"taxonomy":"post_tag","embeddable":true,"href":"https:\/\/radioljubuski.ba\/index.php\/wp-json\/wp\/v2\/tags?post=26134"}],"curies":[{"name":"wp","href":"https:\/\/api.w.org\/{rel}","templated":true}]}}