{"id":26157,"date":"2021-05-29T12:09:11","date_gmt":"2021-05-29T11:09:11","guid":{"rendered":"https:\/\/radioljubuski.ba\/?p=26157"},"modified":"2021-05-29T12:09:12","modified_gmt":"2021-05-29T11:09:12","slug":"kakvo-nas-vrijeme-ocekuje-sljedecih-dana","status":"publish","type":"post","link":"https:\/\/radioljubuski.ba\/index.php\/2021\/05\/29\/kakvo-nas-vrijeme-ocekuje-sljedecih-dana\/","title":{"rendered":"Kakvo nas vrijeme o\u010dekuje sljede\u0107ih dana"},"content":{"rendered":"\n<p>Danas \u0107e u Bosni biti sun\u010danije prijepodne, dok se u drugom dijelu dana u Bosni umjereno do prete\u017eno obla\u010dno vrijeme.<\/p>\n\n\n\n<p>U jutarnjim satima po kotlinama i uz rije\u010dne tokove \u0107e biti magle.<\/p>\n\n\n\n<p>U ve\u010dernjim satima ki\u0161a \u0107e zahvatiti ve\u0107i dio Bosne. U Hercegovini sun\u010dano prijepodne. Pove\u0107anje obla\u010dnosti u drugom dijelu dana. Vjetar slab do umjerene ja\u010dine sjevernog smjera.<\/p>\n\n\n\n<p>Najni\u017ea jutarnja temperatura zraka ve\u0107inom izme\u0111u 5 i 10 stupnjeva Celzija, na jugu zemlje do 15. Najvi\u0161a dnevna temperatura zraka uglavnom izme\u0111u 18 i 23, na jugu zemlje do 28.<\/p>\n\n\n\n<p>U Sarajevu sun\u010danije prijepodne. U drugom dijelu dana umjereno do prete\u017eno obla\u010dno vrijeme. Najni\u017ea jutarnja temperatura zraka oko 7, a najvi\u0161a dnevna oko 22 stupnja.<\/p>\n\n\n\n<p>U nedjelju \u0107e u Bosni i Hercegovini prete\u017eno obla\u010dno sa slabom ki\u0161om u ve\u0107em dijelu zemlje. U poslijepodnevnim satima prestanak padalina i smanjenje obla\u010dnosti. Vjetar slab do umjerene ja\u010dine sjevernog smjera.<\/p>\n\n\n\n<p>Najni\u017ea jutarnja temperatura zraka ve\u0107inom izme\u0111u 6 i 10\u00b0C, na jugu zemlje do 15\u00b0C. Najvi\u0161a dnevna temperatura zraka uglavnom izme\u0111u 15 i 20\u00b0C, na jugu zemlje do 24\u00b0C.<\/p>\n\n\n\n<p>U ponedjeljak \u0107e u Bosni umjereno do prete\u017eno obla\u010dno vrijeme. Lokalno sa slabom ki\u0161om ili pljuskom. U Hercegovini mala do umjerena naoblaka. Vjetar slab do umjerene ja\u010dine sjevernog smjera.<\/p>\n\n\n\n<p>Najni\u017ea jutarnja temperatura zraka ve\u0107inom izme\u0111u 5 i 9\u00b0C, na jugu zemlje do 13\u00b0C. Najvi\u0161a dnevna temperatura zraka uglavnom izme\u0111u 15 i 20\u00b0C, na jugu zemlje do 24\u00b0C.<\/p>\n\n\n\n<p>U utorak, 1. lipnja u Bosni \u0107e prevladavat umjerereno do prete\u017eno obla\u010dno vrijeme, a u Hercegovni sun\u010dano uz malu do umjerenu obla\u010dnost. Poslije podne u centralnim i isto\u010dnim podru\u010djima Bosne se o\u010dekuju pljuskovi sa grmljavinom. Jutarnja temperatura od 6 do 12, na jugu od 12 do 17, a dnevna od 12 do 18, na jugu do 20 do 25 stupnjeva.<\/p>\n\n\n\n<p>Sun\u010dano uz umjerenu obla\u010dnost o\u010dekuje se u srijedu, 2. lipnja. Jutarnja temperatura od 7 do 13, na jugu do 16, a dnevna od 17 do 22, na jugu do 26 stupnjeva, priop\u0107eno je iz Federalnog hidrometeorolo\u0161kog zavoda.&nbsp;<\/p>\n\n\n\n<p>Izvor:pogled.ba<\/p>\n","protected":false},"excerpt":{"rendered":"<p>Danas \u0107e u Bosni biti sun\u010danije prijepodne, dok se u drugom dijelu dana u Bosni umjereno do prete\u017eno obla\u010dno vrijeme. U jutarnjim satima po kotlinama i uz rije\u010dne tokove \u0107e biti magle. U ve\u010dernjim satima ki\u0161a \u0107e zahvatiti ve\u0107i dio Bosne. U Hercegovini sun\u010dano prijepodne. Pove\u0107anje obla\u010dnosti u drugom dijelu dana. Vjetar slab do umjerene [&hellip;]<\/p>\n","protected":false},"author":2,"featured_media":0,"comment_status":"closed","ping_status":"closed","sticky":false,"template":"","format":"standard","meta":{"h5ap_radio_sources":[],"footnotes":""},"categories":[1],"tags":[],"class_list":["post-26157","post","type-post","status-publish","format-standard","hentry","category-bihiregija"],"yoast_head":"<!-- This site is optimized with the Yoast SEO plugin v27.5 - https:\/\/yoast.com\/product\/yoast-seo-wordpress\/ -->\n<title>Kakvo nas vrijeme o\u010dekuje sljede\u0107ih dana - RADIO LJUBU\u0160KI<\/title>\n<meta name=\"robots\" content=\"index, follow, max-snippet:-1, max-image-preview:large, max-video-preview:-1\" \/>\n<link rel=\"canonical\" href=\"https:\/\/radioljubuski.ba\/index.php\/2021\/05\/29\/kakvo-nas-vrijeme-ocekuje-sljedecih-dana\/\" \/>\n<meta property=\"og:locale\" content=\"hr_HR\" \/>\n<meta property=\"og:type\" content=\"article\" \/>\n<meta property=\"og:title\" content=\"Kakvo nas vrijeme o\u010dekuje sljede\u0107ih dana - RADIO LJUBU\u0160KI\" \/>\n<meta property=\"og:description\" content=\"Danas \u0107e u Bosni biti sun\u010danije prijepodne, dok se u drugom dijelu dana u Bosni umjereno do prete\u017eno obla\u010dno vrijeme. U jutarnjim satima po kotlinama i uz rije\u010dne tokove \u0107e biti magle. U ve\u010dernjim satima ki\u0161a \u0107e zahvatiti ve\u0107i dio Bosne. U Hercegovini sun\u010dano prijepodne. Pove\u0107anje obla\u010dnosti u drugom dijelu dana. Vjetar slab do umjerene [&hellip;]\" \/>\n<meta property=\"og:url\" content=\"https:\/\/radioljubuski.ba\/index.php\/2021\/05\/29\/kakvo-nas-vrijeme-ocekuje-sljedecih-dana\/\" \/>\n<meta property=\"og:site_name\" content=\"RADIO LJUBU\u0160KI\" \/>\n<meta property=\"article:publisher\" content=\"https:\/\/www.facebook.com\/Radiio-Ljubuski-1490835324566332\" \/>\n<meta property=\"article:published_time\" content=\"2021-05-29T11:09:11+00:00\" \/>\n<meta property=\"article:modified_time\" content=\"2021-05-29T11:09:12+00:00\" \/>\n<meta property=\"og:image\" content=\"https:\/\/radioljubuski.ba\/wp-content\/uploads\/2021\/05\/yQBCJKfG_1605342000_danas_pretezno_oblacno_suncano_u_hercegovini-1.jpg\" \/>\n\t<meta property=\"og:image:width\" content=\"1000\" \/>\n\t<meta property=\"og:image:height\" content=\"625\" \/>\n\t<meta property=\"og:image:type\" content=\"image\/jpeg\" \/>\n<meta name=\"author\" content=\"Radio Ljubu\u0161ki\" \/>\n<meta name=\"twitter:card\" content=\"summary_large_image\" \/>\n<meta name=\"twitter:creator\" content=\"@radioljubuski\" \/>\n<meta name=\"twitter:site\" content=\"@radioljubuski\" \/>\n<meta name=\"twitter:label1\" content=\"Napisao\/la\" \/>\n\t<meta name=\"twitter:data1\" content=\"Radio Ljubu\u0161ki\" \/>\n\t<meta name=\"twitter:label2\" content=\"Procijenjeno vrijeme \u010ditanja\" \/>\n\t<meta name=\"twitter:data2\" content=\"2 minute\" \/>\n<script type=\"application\/ld+json\" class=\"yoast-schema-graph\">{\"@context\":\"https:\\\/\\\/schema.org\",\"@graph\":[{\"@type\":\"Article\",\"@id\":\"https:\\\/\\\/radioljubuski.ba\\\/index.php\\\/2021\\\/05\\\/29\\\/kakvo-nas-vrijeme-ocekuje-sljedecih-dana\\\/#article\",\"isPartOf\":{\"@id\":\"https:\\\/\\\/radioljubuski.ba\\\/index.php\\\/2021\\\/05\\\/29\\\/kakvo-nas-vrijeme-ocekuje-sljedecih-dana\\\/\"},\"author\":{\"name\":\"Radio Ljubu\u0161ki\",\"@id\":\"https:\\\/\\\/radioljubuski.ba\\\/#\\\/schema\\\/person\\\/19fc700381a780f69665d7956c469e3b\"},\"headline\":\"Kakvo nas vrijeme o\u010dekuje sljede\u0107ih dana\",\"datePublished\":\"2021-05-29T11:09:11+00:00\",\"dateModified\":\"2021-05-29T11:09:12+00:00\",\"mainEntityOfPage\":{\"@id\":\"https:\\\/\\\/radioljubuski.ba\\\/index.php\\\/2021\\\/05\\\/29\\\/kakvo-nas-vrijeme-ocekuje-sljedecih-dana\\\/\"},\"wordCount\":363,\"publisher\":{\"@id\":\"https:\\\/\\\/radioljubuski.ba\\\/#organization\"},\"articleSection\":[\"BIH i regija\"],\"inLanguage\":\"hr\"},{\"@type\":\"WebPage\",\"@id\":\"https:\\\/\\\/radioljubuski.ba\\\/index.php\\\/2021\\\/05\\\/29\\\/kakvo-nas-vrijeme-ocekuje-sljedecih-dana\\\/\",\"url\":\"https:\\\/\\\/radioljubuski.ba\\\/index.php\\\/2021\\\/05\\\/29\\\/kakvo-nas-vrijeme-ocekuje-sljedecih-dana\\\/\",\"name\":\"Kakvo nas vrijeme o\u010dekuje sljede\u0107ih dana - RADIO LJUBU\u0160KI\",\"isPartOf\":{\"@id\":\"https:\\\/\\\/radioljubuski.ba\\\/#website\"},\"datePublished\":\"2021-05-29T11:09:11+00:00\",\"dateModified\":\"2021-05-29T11:09:12+00:00\",\"breadcrumb\":{\"@id\":\"https:\\\/\\\/radioljubuski.ba\\\/index.php\\\/2021\\\/05\\\/29\\\/kakvo-nas-vrijeme-ocekuje-sljedecih-dana\\\/#breadcrumb\"},\"inLanguage\":\"hr\",\"potentialAction\":[{\"@type\":\"ReadAction\",\"target\":[\"https:\\\/\\\/radioljubuski.ba\\\/index.php\\\/2021\\\/05\\\/29\\\/kakvo-nas-vrijeme-ocekuje-sljedecih-dana\\\/\"]}]},{\"@type\":\"BreadcrumbList\",\"@id\":\"https:\\\/\\\/radioljubuski.ba\\\/index.php\\\/2021\\\/05\\\/29\\\/kakvo-nas-vrijeme-ocekuje-sljedecih-dana\\\/#breadcrumb\",\"itemListElement\":[{\"@type\":\"ListItem\",\"position\":1,\"name\":\"Po\u010detna stranica\",\"item\":\"https:\\\/\\\/radioljubuski.ba\\\/\"},{\"@type\":\"ListItem\",\"position\":2,\"name\":\"Kakvo nas vrijeme o\u010dekuje sljede\u0107ih dana\"}]},{\"@type\":\"WebSite\",\"@id\":\"https:\\\/\\\/radioljubuski.ba\\\/#website\",\"url\":\"https:\\\/\\\/radioljubuski.ba\\\/\",\"name\":\"Radio Ljubu\u0161ki\",\"description\":\"Sun\u010dana frekvencija Hercegovine\",\"publisher\":{\"@id\":\"https:\\\/\\\/radioljubuski.ba\\\/#organization\"},\"potentialAction\":[{\"@type\":\"SearchAction\",\"target\":{\"@type\":\"EntryPoint\",\"urlTemplate\":\"https:\\\/\\\/radioljubuski.ba\\\/?s={search_term_string}\"},\"query-input\":{\"@type\":\"PropertyValueSpecification\",\"valueRequired\":true,\"valueName\":\"search_term_string\"}}],\"inLanguage\":\"hr\"},{\"@type\":\"Organization\",\"@id\":\"https:\\\/\\\/radioljubuski.ba\\\/#organization\",\"name\":\"Radio Ljubu\u0161ki\",\"url\":\"https:\\\/\\\/radioljubuski.ba\\\/\",\"logo\":{\"@type\":\"ImageObject\",\"inLanguage\":\"hr\",\"@id\":\"https:\\\/\\\/radioljubuski.ba\\\/#\\\/schema\\\/logo\\\/image\\\/\",\"url\":\"https:\\\/\\\/radioljubuski.ba\\\/wp-content\\\/uploads\\\/2021\\\/02\\\/cropped-Radio_Ljubuski_logo1.jpg\",\"contentUrl\":\"https:\\\/\\\/radioljubuski.ba\\\/wp-content\\\/uploads\\\/2021\\\/02\\\/cropped-Radio_Ljubuski_logo1.jpg\",\"width\":512,\"height\":512,\"caption\":\"Radio Ljubu\u0161ki\"},\"image\":{\"@id\":\"https:\\\/\\\/radioljubuski.ba\\\/#\\\/schema\\\/logo\\\/image\\\/\"},\"sameAs\":[\"https:\\\/\\\/www.facebook.com\\\/Radiio-Ljubuski-1490835324566332\",\"https:\\\/\\\/x.com\\\/radioljubuski\",\"https:\\\/\\\/hr.linkedin.com\\\/company\\\/radio-ljubuski\",\"https:\\\/\\\/www.youtube.com\\\/channel\\\/UCHYaeO_n0Db3tjNGudGpXyw\"]},{\"@type\":\"Person\",\"@id\":\"https:\\\/\\\/radioljubuski.ba\\\/#\\\/schema\\\/person\\\/19fc700381a780f69665d7956c469e3b\",\"name\":\"Radio Ljubu\u0161ki\"}]}<\/script>\n<!-- \/ Yoast SEO plugin. -->","yoast_head_json":{"title":"Kakvo nas vrijeme o\u010dekuje sljede\u0107ih dana - RADIO LJUBU\u0160KI","robots":{"index":"index","follow":"follow","max-snippet":"max-snippet:-1","max-image-preview":"max-image-preview:large","max-video-preview":"max-video-preview:-1"},"canonical":"https:\/\/radioljubuski.ba\/index.php\/2021\/05\/29\/kakvo-nas-vrijeme-ocekuje-sljedecih-dana\/","og_locale":"hr_HR","og_type":"article","og_title":"Kakvo nas vrijeme o\u010dekuje sljede\u0107ih dana - RADIO LJUBU\u0160KI","og_description":"Danas \u0107e u Bosni biti sun\u010danije prijepodne, dok se u drugom dijelu dana u Bosni umjereno do prete\u017eno obla\u010dno vrijeme. U jutarnjim satima po kotlinama i uz rije\u010dne tokove \u0107e biti magle. U ve\u010dernjim satima ki\u0161a \u0107e zahvatiti ve\u0107i dio Bosne. U Hercegovini sun\u010dano prijepodne. Pove\u0107anje obla\u010dnosti u drugom dijelu dana. Vjetar slab do umjerene [&hellip;]","og_url":"https:\/\/radioljubuski.ba\/index.php\/2021\/05\/29\/kakvo-nas-vrijeme-ocekuje-sljedecih-dana\/","og_site_name":"RADIO LJUBU\u0160KI","article_publisher":"https:\/\/www.facebook.com\/Radiio-Ljubuski-1490835324566332","article_published_time":"2021-05-29T11:09:11+00:00","article_modified_time":"2021-05-29T11:09:12+00:00","og_image":[{"width":1000,"height":625,"url":"https:\/\/radioljubuski.ba\/wp-content\/uploads\/2021\/05\/yQBCJKfG_1605342000_danas_pretezno_oblacno_suncano_u_hercegovini-1.jpg","type":"image\/jpeg"}],"author":"Radio Ljubu\u0161ki","twitter_card":"summary_large_image","twitter_creator":"@radioljubuski","twitter_site":"@radioljubuski","twitter_misc":{"Napisao\/la":"Radio Ljubu\u0161ki","Procijenjeno vrijeme \u010ditanja":"2 minute"},"schema":{"@context":"https:\/\/schema.org","@graph":[{"@type":"Article","@id":"https:\/\/radioljubuski.ba\/index.php\/2021\/05\/29\/kakvo-nas-vrijeme-ocekuje-sljedecih-dana\/#article","isPartOf":{"@id":"https:\/\/radioljubuski.ba\/index.php\/2021\/05\/29\/kakvo-nas-vrijeme-ocekuje-sljedecih-dana\/"},"author":{"name":"Radio Ljubu\u0161ki","@id":"https:\/\/radioljubuski.ba\/#\/schema\/person\/19fc700381a780f69665d7956c469e3b"},"headline":"Kakvo nas vrijeme o\u010dekuje sljede\u0107ih dana","datePublished":"2021-05-29T11:09:11+00:00","dateModified":"2021-05-29T11:09:12+00:00","mainEntityOfPage":{"@id":"https:\/\/radioljubuski.ba\/index.php\/2021\/05\/29\/kakvo-nas-vrijeme-ocekuje-sljedecih-dana\/"},"wordCount":363,"publisher":{"@id":"https:\/\/radioljubuski.ba\/#organization"},"articleSection":["BIH i regija"],"inLanguage":"hr"},{"@type":"WebPage","@id":"https:\/\/radioljubuski.ba\/index.php\/2021\/05\/29\/kakvo-nas-vrijeme-ocekuje-sljedecih-dana\/","url":"https:\/\/radioljubuski.ba\/index.php\/2021\/05\/29\/kakvo-nas-vrijeme-ocekuje-sljedecih-dana\/","name":"Kakvo nas vrijeme o\u010dekuje sljede\u0107ih dana - RADIO LJUBU\u0160KI","isPartOf":{"@id":"https:\/\/radioljubuski.ba\/#website"},"datePublished":"2021-05-29T11:09:11+00:00","dateModified":"2021-05-29T11:09:12+00:00","breadcrumb":{"@id":"https:\/\/radioljubuski.ba\/index.php\/2021\/05\/29\/kakvo-nas-vrijeme-ocekuje-sljedecih-dana\/#breadcrumb"},"inLanguage":"hr","potentialAction":[{"@type":"ReadAction","target":["https:\/\/radioljubuski.ba\/index.php\/2021\/05\/29\/kakvo-nas-vrijeme-ocekuje-sljedecih-dana\/"]}]},{"@type":"BreadcrumbList","@id":"https:\/\/radioljubuski.ba\/index.php\/2021\/05\/29\/kakvo-nas-vrijeme-ocekuje-sljedecih-dana\/#breadcrumb","itemListElement":[{"@type":"ListItem","position":1,"name":"Po\u010detna stranica","item":"https:\/\/radioljubuski.ba\/"},{"@type":"ListItem","position":2,"name":"Kakvo nas vrijeme o\u010dekuje sljede\u0107ih dana"}]},{"@type":"WebSite","@id":"https:\/\/radioljubuski.ba\/#website","url":"https:\/\/radioljubuski.ba\/","name":"Radio Ljubu\u0161ki","description":"Sun\u010dana frekvencija Hercegovine","publisher":{"@id":"https:\/\/radioljubuski.ba\/#organization"},"potentialAction":[{"@type":"SearchAction","target":{"@type":"EntryPoint","urlTemplate":"https:\/\/radioljubuski.ba\/?s={search_term_string}"},"query-input":{"@type":"PropertyValueSpecification","valueRequired":true,"valueName":"search_term_string"}}],"inLanguage":"hr"},{"@type":"Organization","@id":"https:\/\/radioljubuski.ba\/#organization","name":"Radio Ljubu\u0161ki","url":"https:\/\/radioljubuski.ba\/","logo":{"@type":"ImageObject","inLanguage":"hr","@id":"https:\/\/radioljubuski.ba\/#\/schema\/logo\/image\/","url":"https:\/\/radioljubuski.ba\/wp-content\/uploads\/2021\/02\/cropped-Radio_Ljubuski_logo1.jpg","contentUrl":"https:\/\/radioljubuski.ba\/wp-content\/uploads\/2021\/02\/cropped-Radio_Ljubuski_logo1.jpg","width":512,"height":512,"caption":"Radio Ljubu\u0161ki"},"image":{"@id":"https:\/\/radioljubuski.ba\/#\/schema\/logo\/image\/"},"sameAs":["https:\/\/www.facebook.com\/Radiio-Ljubuski-1490835324566332","https:\/\/x.com\/radioljubuski","https:\/\/hr.linkedin.com\/company\/radio-ljubuski","https:\/\/www.youtube.com\/channel\/UCHYaeO_n0Db3tjNGudGpXyw"]},{"@type":"Person","@id":"https:\/\/radioljubuski.ba\/#\/schema\/person\/19fc700381a780f69665d7956c469e3b","name":"Radio Ljubu\u0161ki"}]}},"_links":{"self":[{"href":"https:\/\/radioljubuski.ba\/index.php\/wp-json\/wp\/v2\/posts\/26157","targetHints":{"allow":["GET"]}}],"collection":[{"href":"https:\/\/radioljubuski.ba\/index.php\/wp-json\/wp\/v2\/posts"}],"about":[{"href":"https:\/\/radioljubuski.ba\/index.php\/wp-json\/wp\/v2\/types\/post"}],"author":[{"embeddable":true,"href":"https:\/\/radioljubuski.ba\/index.php\/wp-json\/wp\/v2\/users\/2"}],"replies":[{"embeddable":true,"href":"https:\/\/radioljubuski.ba\/index.php\/wp-json\/wp\/v2\/comments?post=26157"}],"version-history":[{"count":1,"href":"https:\/\/radioljubuski.ba\/index.php\/wp-json\/wp\/v2\/posts\/26157\/revisions"}],"predecessor-version":[{"id":26159,"href":"https:\/\/radioljubuski.ba\/index.php\/wp-json\/wp\/v2\/posts\/26157\/revisions\/26159"}],"wp:attachment":[{"href":"https:\/\/radioljubuski.ba\/index.php\/wp-json\/wp\/v2\/media?parent=26157"}],"wp:term":[{"taxonomy":"category","embeddable":true,"href":"https:\/\/radioljubuski.ba\/index.php\/wp-json\/wp\/v2\/categories?post=26157"},{"taxonomy":"post_tag","embeddable":true,"href":"https:\/\/radioljubuski.ba\/index.php\/wp-json\/wp\/v2\/tags?post=26157"}],"curies":[{"name":"wp","href":"https:\/\/api.w.org\/{rel}","templated":true}]}}