{"id":26255,"date":"2021-05-29T13:06:43","date_gmt":"2021-05-29T12:06:43","guid":{"rendered":"https:\/\/radioljubuski.ba\/?p=26255"},"modified":"2021-05-29T13:06:43","modified_gmt":"2021-05-29T12:06:43","slug":"divlja-zvijer-nalik-na-pumu-luta-medimurjem","status":"publish","type":"post","link":"https:\/\/radioljubuski.ba\/index.php\/2021\/05\/29\/divlja-zvijer-nalik-na-pumu-luta-medimurjem\/","title":{"rendered":"Divlja zvijer nalik na pumu luta Me\u0111imurjem"},"content":{"rendered":"\n<p>U blizini rezervata Veliki Pa\u017eut na podravskom podru\u010dju ovih je dana uo\u010dena i snimljena nepoznata divlja \u017eivotinja. Pretpostavlja se da je rije\u010d o opasnom grabe\u017eljivcu &#8211; pumi, koja je pobjegla nekomu tko ju je dr\u017eao kao ku\u0107nog ljubimca.&nbsp;<\/p>\n\n\n\n<p>Neobi\u010dan slu\u010daj na relaciji Me\u0111imurje-Podravina. Divlja \u017eivotinja visoka 80 centimetara, duga\u010dka metar i pol te izrazito dugog repa snimljena je kako luta kroz \u0161ikare i polja izme\u0111u Donje Dubrave i Kotoribe.<br><br>&#8211; Negdje na ovom podru\u010dju, u blizini Velikog Pa\u017euta ovih je dana uo\u010dena nepoznata divlja zvijer. Stru\u010dnjaci za divlje \u017eivotinje tvrde da se radi o pumi, kazala je HRT-ova novinarka <strong>Ana Papec<\/strong>.<br><br>&#8211; Svi koji su je vidjeli, vidjeli su je samo u sumrak ili u \u0161umi u nekakvoj sjeni, pa ne mo\u017eemo to\u010dno re\u0107i o kojoj divljoj ma\u010dki se radi i o kakvoj boji se radi. Svi pretpostavljaju da je ona tamnije boje. Tako da je pretpostavka da bi mogla biti nekakva puma, naglasio je <strong>Branimir Reindl<\/strong>.<br><br>Dosad nije prijavljen nestanak \u017eivotinje iz zoolo\u0161kog vrta, pa se smatra da je zalutala divlja ma\u010dka nekome pobjegla. \u017divotinja je to koju nitko ne bi o\u010dekivao na tom podru\u010dju. Mje\u0161tani obli\u017enjeg sela iznena\u0111eni su ovom vije\u0161\u0107u.<br><br>&#8211; Mi to nismo \u010duli i nismo ni vidjeli. Nave\u010der ne idemo van iz ku\u0107e, tako da ni\u0161ta ne znamo, rekla je mje\u0161tanka.<br><br>&#8211; Mislim da nema nekakvih sad problema da bi se ona \u0161etala okolo i da bi napadala ljude. Vjerojatno po no\u0107i dok izlazi i hoda okolo, tako da se ne trebamo bojati, dodala je druga.<br><br>&#8211; \u0160to biste vi u\u010dinili da se sretnete s njom, kako biste postupili?, upitala je novinarka HRT-a.<br><br>&#8211; Put pod noge i \u010dim dalje od nje, poru\u010dio je mje\u0161tanin.<br><br>O doga\u0111aju su obavije\u0161tene i institucije. Stanovnici su upozoreni da budu pa\u017eljivi te da se ni u kojem slu\u010daju ne pribli\u017eavaju toj divljoj \u017eivotinji.<\/p>\n\n\n\n<div style=\"width: 640px;\" class=\"wp-video\"><video class=\"wp-video-shortcode\" id=\"video-26255-1\" width=\"640\" height=\"360\" preload=\"metadata\" controls=\"controls\"><source type=\"video\/mp4\" src=\"https:\/\/api.hrt.hr\/media\/fb\/ef\/tvd2-puma-2805-20210528175954.mp4?_=1\" \/><a href=\"https:\/\/api.hrt.hr\/media\/fb\/ef\/tvd2-puma-2805-20210528175954.mp4\">https:\/\/api.hrt.hr\/media\/fb\/ef\/tvd2-puma-2805-20210528175954.mp4<\/a><\/video><\/div>\n\n\n\n<p>Izvor:hrt.hr<\/p>\n","protected":false},"excerpt":{"rendered":"<p>U blizini rezervata Veliki Pa\u017eut na podravskom podru\u010dju ovih je dana uo\u010dena i snimljena nepoznata divlja \u017eivotinja. Pretpostavlja se da je rije\u010d o opasnom grabe\u017eljivcu &#8211; pumi, koja je pobjegla nekomu tko ju je dr\u017eao kao ku\u0107nog ljubimca.&nbsp; Neobi\u010dan slu\u010daj na relaciji Me\u0111imurje-Podravina. Divlja \u017eivotinja visoka 80 centimetara, duga\u010dka metar i pol te izrazito dugog [&hellip;]<\/p>\n","protected":false},"author":2,"featured_media":26256,"comment_status":"closed","ping_status":"closed","sticky":false,"template":"","format":"standard","meta":{"h5ap_radio_sources":[],"footnotes":""},"categories":[1],"tags":[],"class_list":["post-26255","post","type-post","status-publish","format-standard","has-post-thumbnail","hentry","category-bihiregija"],"yoast_head":"<!-- This site is optimized with the Yoast SEO plugin v27.4 - https:\/\/yoast.com\/product\/yoast-seo-wordpress\/ -->\n<title>Divlja zvijer nalik na pumu luta Me\u0111imurjem - RADIO LJUBU\u0160KI<\/title>\n<meta name=\"robots\" content=\"index, follow, max-snippet:-1, max-image-preview:large, max-video-preview:-1\" \/>\n<link rel=\"canonical\" href=\"https:\/\/radioljubuski.ba\/index.php\/2021\/05\/29\/divlja-zvijer-nalik-na-pumu-luta-medimurjem\/\" \/>\n<meta property=\"og:locale\" content=\"hr_HR\" \/>\n<meta property=\"og:type\" content=\"article\" \/>\n<meta property=\"og:title\" content=\"Divlja zvijer nalik na pumu luta Me\u0111imurjem - RADIO LJUBU\u0160KI\" \/>\n<meta property=\"og:description\" content=\"U blizini rezervata Veliki Pa\u017eut na podravskom podru\u010dju ovih je dana uo\u010dena i snimljena nepoznata divlja \u017eivotinja. Pretpostavlja se da je rije\u010d o opasnom grabe\u017eljivcu &#8211; pumi, koja je pobjegla nekomu tko ju je dr\u017eao kao ku\u0107nog ljubimca.&nbsp; Neobi\u010dan slu\u010daj na relaciji Me\u0111imurje-Podravina. Divlja \u017eivotinja visoka 80 centimetara, duga\u010dka metar i pol te izrazito dugog [&hellip;]\" \/>\n<meta property=\"og:url\" content=\"https:\/\/radioljubuski.ba\/index.php\/2021\/05\/29\/divlja-zvijer-nalik-na-pumu-luta-medimurjem\/\" \/>\n<meta property=\"og:site_name\" content=\"RADIO LJUBU\u0160KI\" \/>\n<meta property=\"article:publisher\" content=\"https:\/\/www.facebook.com\/Radiio-Ljubuski-1490835324566332\" \/>\n<meta property=\"article:published_time\" content=\"2021-05-29T12:06:43+00:00\" \/>\n<meta property=\"og:image\" content=\"https:\/\/radioljubuski.ba\/wp-content\/uploads\/2021\/05\/medimurje.jpg\" \/>\n\t<meta property=\"og:image:width\" content=\"800\" \/>\n\t<meta property=\"og:image:height\" content=\"484\" \/>\n\t<meta property=\"og:image:type\" content=\"image\/jpeg\" \/>\n<meta name=\"author\" content=\"Radio Ljubu\u0161ki\" \/>\n<meta name=\"twitter:card\" content=\"summary_large_image\" \/>\n<meta name=\"twitter:creator\" content=\"@radioljubuski\" \/>\n<meta name=\"twitter:site\" content=\"@radioljubuski\" \/>\n<meta name=\"twitter:label1\" content=\"Napisao\/la\" \/>\n\t<meta name=\"twitter:data1\" content=\"Radio Ljubu\u0161ki\" \/>\n\t<meta name=\"twitter:label2\" content=\"Procijenjeno vrijeme \u010ditanja\" \/>\n\t<meta name=\"twitter:data2\" content=\"2 minute\" \/>\n<script type=\"application\/ld+json\" class=\"yoast-schema-graph\">{\"@context\":\"https:\\\/\\\/schema.org\",\"@graph\":[{\"@type\":\"Article\",\"@id\":\"https:\\\/\\\/radioljubuski.ba\\\/index.php\\\/2021\\\/05\\\/29\\\/divlja-zvijer-nalik-na-pumu-luta-medimurjem\\\/#article\",\"isPartOf\":{\"@id\":\"https:\\\/\\\/radioljubuski.ba\\\/index.php\\\/2021\\\/05\\\/29\\\/divlja-zvijer-nalik-na-pumu-luta-medimurjem\\\/\"},\"author\":{\"name\":\"Radio Ljubu\u0161ki\",\"@id\":\"https:\\\/\\\/radioljubuski.ba\\\/#\\\/schema\\\/person\\\/19fc700381a780f69665d7956c469e3b\"},\"headline\":\"Divlja zvijer nalik na pumu luta Me\u0111imurjem\",\"datePublished\":\"2021-05-29T12:06:43+00:00\",\"mainEntityOfPage\":{\"@id\":\"https:\\\/\\\/radioljubuski.ba\\\/index.php\\\/2021\\\/05\\\/29\\\/divlja-zvijer-nalik-na-pumu-luta-medimurjem\\\/\"},\"wordCount\":366,\"publisher\":{\"@id\":\"https:\\\/\\\/radioljubuski.ba\\\/#organization\"},\"image\":{\"@id\":\"https:\\\/\\\/radioljubuski.ba\\\/index.php\\\/2021\\\/05\\\/29\\\/divlja-zvijer-nalik-na-pumu-luta-medimurjem\\\/#primaryimage\"},\"thumbnailUrl\":\"https:\\\/\\\/radioljubuski.ba\\\/wp-content\\\/uploads\\\/2021\\\/05\\\/medimurje.jpg\",\"articleSection\":[\"BIH i regija\"],\"inLanguage\":\"hr\"},{\"@type\":\"WebPage\",\"@id\":\"https:\\\/\\\/radioljubuski.ba\\\/index.php\\\/2021\\\/05\\\/29\\\/divlja-zvijer-nalik-na-pumu-luta-medimurjem\\\/\",\"url\":\"https:\\\/\\\/radioljubuski.ba\\\/index.php\\\/2021\\\/05\\\/29\\\/divlja-zvijer-nalik-na-pumu-luta-medimurjem\\\/\",\"name\":\"Divlja zvijer nalik na pumu luta Me\u0111imurjem - RADIO LJUBU\u0160KI\",\"isPartOf\":{\"@id\":\"https:\\\/\\\/radioljubuski.ba\\\/#website\"},\"primaryImageOfPage\":{\"@id\":\"https:\\\/\\\/radioljubuski.ba\\\/index.php\\\/2021\\\/05\\\/29\\\/divlja-zvijer-nalik-na-pumu-luta-medimurjem\\\/#primaryimage\"},\"image\":{\"@id\":\"https:\\\/\\\/radioljubuski.ba\\\/index.php\\\/2021\\\/05\\\/29\\\/divlja-zvijer-nalik-na-pumu-luta-medimurjem\\\/#primaryimage\"},\"thumbnailUrl\":\"https:\\\/\\\/radioljubuski.ba\\\/wp-content\\\/uploads\\\/2021\\\/05\\\/medimurje.jpg\",\"datePublished\":\"2021-05-29T12:06:43+00:00\",\"breadcrumb\":{\"@id\":\"https:\\\/\\\/radioljubuski.ba\\\/index.php\\\/2021\\\/05\\\/29\\\/divlja-zvijer-nalik-na-pumu-luta-medimurjem\\\/#breadcrumb\"},\"inLanguage\":\"hr\",\"potentialAction\":[{\"@type\":\"ReadAction\",\"target\":[\"https:\\\/\\\/radioljubuski.ba\\\/index.php\\\/2021\\\/05\\\/29\\\/divlja-zvijer-nalik-na-pumu-luta-medimurjem\\\/\"]}]},{\"@type\":\"ImageObject\",\"inLanguage\":\"hr\",\"@id\":\"https:\\\/\\\/radioljubuski.ba\\\/index.php\\\/2021\\\/05\\\/29\\\/divlja-zvijer-nalik-na-pumu-luta-medimurjem\\\/#primaryimage\",\"url\":\"https:\\\/\\\/radioljubuski.ba\\\/wp-content\\\/uploads\\\/2021\\\/05\\\/medimurje.jpg\",\"contentUrl\":\"https:\\\/\\\/radioljubuski.ba\\\/wp-content\\\/uploads\\\/2021\\\/05\\\/medimurje.jpg\",\"width\":800,\"height\":484},{\"@type\":\"BreadcrumbList\",\"@id\":\"https:\\\/\\\/radioljubuski.ba\\\/index.php\\\/2021\\\/05\\\/29\\\/divlja-zvijer-nalik-na-pumu-luta-medimurjem\\\/#breadcrumb\",\"itemListElement\":[{\"@type\":\"ListItem\",\"position\":1,\"name\":\"Po\u010detna stranica\",\"item\":\"https:\\\/\\\/radioljubuski.ba\\\/\"},{\"@type\":\"ListItem\",\"position\":2,\"name\":\"Divlja zvijer nalik na pumu luta Me\u0111imurjem\"}]},{\"@type\":\"WebSite\",\"@id\":\"https:\\\/\\\/radioljubuski.ba\\\/#website\",\"url\":\"https:\\\/\\\/radioljubuski.ba\\\/\",\"name\":\"Radio Ljubu\u0161ki\",\"description\":\"Sun\u010dana frekvencija Hercegovine\",\"publisher\":{\"@id\":\"https:\\\/\\\/radioljubuski.ba\\\/#organization\"},\"potentialAction\":[{\"@type\":\"SearchAction\",\"target\":{\"@type\":\"EntryPoint\",\"urlTemplate\":\"https:\\\/\\\/radioljubuski.ba\\\/?s={search_term_string}\"},\"query-input\":{\"@type\":\"PropertyValueSpecification\",\"valueRequired\":true,\"valueName\":\"search_term_string\"}}],\"inLanguage\":\"hr\"},{\"@type\":\"Organization\",\"@id\":\"https:\\\/\\\/radioljubuski.ba\\\/#organization\",\"name\":\"Radio Ljubu\u0161ki\",\"url\":\"https:\\\/\\\/radioljubuski.ba\\\/\",\"logo\":{\"@type\":\"ImageObject\",\"inLanguage\":\"hr\",\"@id\":\"https:\\\/\\\/radioljubuski.ba\\\/#\\\/schema\\\/logo\\\/image\\\/\",\"url\":\"https:\\\/\\\/radioljubuski.ba\\\/wp-content\\\/uploads\\\/2021\\\/02\\\/cropped-Radio_Ljubuski_logo1.jpg\",\"contentUrl\":\"https:\\\/\\\/radioljubuski.ba\\\/wp-content\\\/uploads\\\/2021\\\/02\\\/cropped-Radio_Ljubuski_logo1.jpg\",\"width\":512,\"height\":512,\"caption\":\"Radio Ljubu\u0161ki\"},\"image\":{\"@id\":\"https:\\\/\\\/radioljubuski.ba\\\/#\\\/schema\\\/logo\\\/image\\\/\"},\"sameAs\":[\"https:\\\/\\\/www.facebook.com\\\/Radiio-Ljubuski-1490835324566332\",\"https:\\\/\\\/x.com\\\/radioljubuski\",\"https:\\\/\\\/hr.linkedin.com\\\/company\\\/radio-ljubuski\",\"https:\\\/\\\/www.youtube.com\\\/channel\\\/UCHYaeO_n0Db3tjNGudGpXyw\"]},{\"@type\":\"Person\",\"@id\":\"https:\\\/\\\/radioljubuski.ba\\\/#\\\/schema\\\/person\\\/19fc700381a780f69665d7956c469e3b\",\"name\":\"Radio Ljubu\u0161ki\"}]}<\/script>\n<!-- \/ Yoast SEO plugin. -->","yoast_head_json":{"title":"Divlja zvijer nalik na pumu luta Me\u0111imurjem - RADIO LJUBU\u0160KI","robots":{"index":"index","follow":"follow","max-snippet":"max-snippet:-1","max-image-preview":"max-image-preview:large","max-video-preview":"max-video-preview:-1"},"canonical":"https:\/\/radioljubuski.ba\/index.php\/2021\/05\/29\/divlja-zvijer-nalik-na-pumu-luta-medimurjem\/","og_locale":"hr_HR","og_type":"article","og_title":"Divlja zvijer nalik na pumu luta Me\u0111imurjem - RADIO LJUBU\u0160KI","og_description":"U blizini rezervata Veliki Pa\u017eut na podravskom podru\u010dju ovih je dana uo\u010dena i snimljena nepoznata divlja \u017eivotinja. Pretpostavlja se da je rije\u010d o opasnom grabe\u017eljivcu &#8211; pumi, koja je pobjegla nekomu tko ju je dr\u017eao kao ku\u0107nog ljubimca.&nbsp; Neobi\u010dan slu\u010daj na relaciji Me\u0111imurje-Podravina. Divlja \u017eivotinja visoka 80 centimetara, duga\u010dka metar i pol te izrazito dugog [&hellip;]","og_url":"https:\/\/radioljubuski.ba\/index.php\/2021\/05\/29\/divlja-zvijer-nalik-na-pumu-luta-medimurjem\/","og_site_name":"RADIO LJUBU\u0160KI","article_publisher":"https:\/\/www.facebook.com\/Radiio-Ljubuski-1490835324566332","article_published_time":"2021-05-29T12:06:43+00:00","og_image":[{"width":800,"height":484,"url":"https:\/\/radioljubuski.ba\/wp-content\/uploads\/2021\/05\/medimurje.jpg","type":"image\/jpeg"}],"author":"Radio Ljubu\u0161ki","twitter_card":"summary_large_image","twitter_creator":"@radioljubuski","twitter_site":"@radioljubuski","twitter_misc":{"Napisao\/la":"Radio Ljubu\u0161ki","Procijenjeno vrijeme \u010ditanja":"2 minute"},"schema":{"@context":"https:\/\/schema.org","@graph":[{"@type":"Article","@id":"https:\/\/radioljubuski.ba\/index.php\/2021\/05\/29\/divlja-zvijer-nalik-na-pumu-luta-medimurjem\/#article","isPartOf":{"@id":"https:\/\/radioljubuski.ba\/index.php\/2021\/05\/29\/divlja-zvijer-nalik-na-pumu-luta-medimurjem\/"},"author":{"name":"Radio Ljubu\u0161ki","@id":"https:\/\/radioljubuski.ba\/#\/schema\/person\/19fc700381a780f69665d7956c469e3b"},"headline":"Divlja zvijer nalik na pumu luta Me\u0111imurjem","datePublished":"2021-05-29T12:06:43+00:00","mainEntityOfPage":{"@id":"https:\/\/radioljubuski.ba\/index.php\/2021\/05\/29\/divlja-zvijer-nalik-na-pumu-luta-medimurjem\/"},"wordCount":366,"publisher":{"@id":"https:\/\/radioljubuski.ba\/#organization"},"image":{"@id":"https:\/\/radioljubuski.ba\/index.php\/2021\/05\/29\/divlja-zvijer-nalik-na-pumu-luta-medimurjem\/#primaryimage"},"thumbnailUrl":"https:\/\/radioljubuski.ba\/wp-content\/uploads\/2021\/05\/medimurje.jpg","articleSection":["BIH i regija"],"inLanguage":"hr"},{"@type":"WebPage","@id":"https:\/\/radioljubuski.ba\/index.php\/2021\/05\/29\/divlja-zvijer-nalik-na-pumu-luta-medimurjem\/","url":"https:\/\/radioljubuski.ba\/index.php\/2021\/05\/29\/divlja-zvijer-nalik-na-pumu-luta-medimurjem\/","name":"Divlja zvijer nalik na pumu luta Me\u0111imurjem - RADIO LJUBU\u0160KI","isPartOf":{"@id":"https:\/\/radioljubuski.ba\/#website"},"primaryImageOfPage":{"@id":"https:\/\/radioljubuski.ba\/index.php\/2021\/05\/29\/divlja-zvijer-nalik-na-pumu-luta-medimurjem\/#primaryimage"},"image":{"@id":"https:\/\/radioljubuski.ba\/index.php\/2021\/05\/29\/divlja-zvijer-nalik-na-pumu-luta-medimurjem\/#primaryimage"},"thumbnailUrl":"https:\/\/radioljubuski.ba\/wp-content\/uploads\/2021\/05\/medimurje.jpg","datePublished":"2021-05-29T12:06:43+00:00","breadcrumb":{"@id":"https:\/\/radioljubuski.ba\/index.php\/2021\/05\/29\/divlja-zvijer-nalik-na-pumu-luta-medimurjem\/#breadcrumb"},"inLanguage":"hr","potentialAction":[{"@type":"ReadAction","target":["https:\/\/radioljubuski.ba\/index.php\/2021\/05\/29\/divlja-zvijer-nalik-na-pumu-luta-medimurjem\/"]}]},{"@type":"ImageObject","inLanguage":"hr","@id":"https:\/\/radioljubuski.ba\/index.php\/2021\/05\/29\/divlja-zvijer-nalik-na-pumu-luta-medimurjem\/#primaryimage","url":"https:\/\/radioljubuski.ba\/wp-content\/uploads\/2021\/05\/medimurje.jpg","contentUrl":"https:\/\/radioljubuski.ba\/wp-content\/uploads\/2021\/05\/medimurje.jpg","width":800,"height":484},{"@type":"BreadcrumbList","@id":"https:\/\/radioljubuski.ba\/index.php\/2021\/05\/29\/divlja-zvijer-nalik-na-pumu-luta-medimurjem\/#breadcrumb","itemListElement":[{"@type":"ListItem","position":1,"name":"Po\u010detna stranica","item":"https:\/\/radioljubuski.ba\/"},{"@type":"ListItem","position":2,"name":"Divlja zvijer nalik na pumu luta Me\u0111imurjem"}]},{"@type":"WebSite","@id":"https:\/\/radioljubuski.ba\/#website","url":"https:\/\/radioljubuski.ba\/","name":"Radio Ljubu\u0161ki","description":"Sun\u010dana frekvencija Hercegovine","publisher":{"@id":"https:\/\/radioljubuski.ba\/#organization"},"potentialAction":[{"@type":"SearchAction","target":{"@type":"EntryPoint","urlTemplate":"https:\/\/radioljubuski.ba\/?s={search_term_string}"},"query-input":{"@type":"PropertyValueSpecification","valueRequired":true,"valueName":"search_term_string"}}],"inLanguage":"hr"},{"@type":"Organization","@id":"https:\/\/radioljubuski.ba\/#organization","name":"Radio Ljubu\u0161ki","url":"https:\/\/radioljubuski.ba\/","logo":{"@type":"ImageObject","inLanguage":"hr","@id":"https:\/\/radioljubuski.ba\/#\/schema\/logo\/image\/","url":"https:\/\/radioljubuski.ba\/wp-content\/uploads\/2021\/02\/cropped-Radio_Ljubuski_logo1.jpg","contentUrl":"https:\/\/radioljubuski.ba\/wp-content\/uploads\/2021\/02\/cropped-Radio_Ljubuski_logo1.jpg","width":512,"height":512,"caption":"Radio Ljubu\u0161ki"},"image":{"@id":"https:\/\/radioljubuski.ba\/#\/schema\/logo\/image\/"},"sameAs":["https:\/\/www.facebook.com\/Radiio-Ljubuski-1490835324566332","https:\/\/x.com\/radioljubuski","https:\/\/hr.linkedin.com\/company\/radio-ljubuski","https:\/\/www.youtube.com\/channel\/UCHYaeO_n0Db3tjNGudGpXyw"]},{"@type":"Person","@id":"https:\/\/radioljubuski.ba\/#\/schema\/person\/19fc700381a780f69665d7956c469e3b","name":"Radio Ljubu\u0161ki"}]}},"_links":{"self":[{"href":"https:\/\/radioljubuski.ba\/index.php\/wp-json\/wp\/v2\/posts\/26255","targetHints":{"allow":["GET"]}}],"collection":[{"href":"https:\/\/radioljubuski.ba\/index.php\/wp-json\/wp\/v2\/posts"}],"about":[{"href":"https:\/\/radioljubuski.ba\/index.php\/wp-json\/wp\/v2\/types\/post"}],"author":[{"embeddable":true,"href":"https:\/\/radioljubuski.ba\/index.php\/wp-json\/wp\/v2\/users\/2"}],"replies":[{"embeddable":true,"href":"https:\/\/radioljubuski.ba\/index.php\/wp-json\/wp\/v2\/comments?post=26255"}],"version-history":[{"count":1,"href":"https:\/\/radioljubuski.ba\/index.php\/wp-json\/wp\/v2\/posts\/26255\/revisions"}],"predecessor-version":[{"id":26257,"href":"https:\/\/radioljubuski.ba\/index.php\/wp-json\/wp\/v2\/posts\/26255\/revisions\/26257"}],"wp:featuredmedia":[{"embeddable":true,"href":"https:\/\/radioljubuski.ba\/index.php\/wp-json\/wp\/v2\/media\/26256"}],"wp:attachment":[{"href":"https:\/\/radioljubuski.ba\/index.php\/wp-json\/wp\/v2\/media?parent=26255"}],"wp:term":[{"taxonomy":"category","embeddable":true,"href":"https:\/\/radioljubuski.ba\/index.php\/wp-json\/wp\/v2\/categories?post=26255"},{"taxonomy":"post_tag","embeddable":true,"href":"https:\/\/radioljubuski.ba\/index.php\/wp-json\/wp\/v2\/tags?post=26255"}],"curies":[{"name":"wp","href":"https:\/\/api.w.org\/{rel}","templated":true}]}}