{"id":26282,"date":"2021-05-29T13:21:54","date_gmt":"2021-05-29T12:21:54","guid":{"rendered":"https:\/\/radioljubuski.ba\/?p=26282"},"modified":"2021-05-29T13:21:55","modified_gmt":"2021-05-29T12:21:55","slug":"na-popisu-za-olimpijske-kvalifikacije-i-mario-hezonja","status":"publish","type":"post","link":"https:\/\/radioljubuski.ba\/index.php\/2021\/05\/29\/na-popisu-za-olimpijske-kvalifikacije-i-mario-hezonja\/","title":{"rendered":"Na popisu za olimpijske kvalifikacije i Mario Hezonja"},"content":{"rendered":"\n<p>Izbornik mu\u0161ke ko\u0161arka\u0161ke reprezentacije Veljko Mr\u0161i\u0107 objavio je \u0161iri popis igra\u010da koji konkuriraju za mom\u010dad koja \u0107e od 29. lipnja do 4. srpnja u splitskoj Spaladium Areni poku\u0161ati izboriti nastup na Olimpijskim igrama u Tokiju.<\/p>\n\n\n\n<p>Na popisu od 23 imena nalaze se svi hrvatski ko\u0161arka\u0161i iz NBA klubova, osim <strong>Luke \u0160amani\u0107a<\/strong> iz San Antonio Spursa, koji je otpao zbog ozljede ruke. Na popisu se prvi put nakon olimpijskog turnira u Rio de Janeiru 2016. na\u0161lo i ime <strong>Marija Hezonje<\/strong>.<\/p>\n\n\n\n<p>U odnosu na posljednje reprezentativne akcije u kvalifikacijama za Eurobasket zvu\u010dno ime koje nedostaje na popisu je ono mladog Ciboninog kapetana<strong> Roka Prka\u010dina<\/strong>, koji je odlu\u010dio sudjelovati na ovogodi\u0161njem NBA draftu i odlazi put SAD-a pokazati svoje umije\u0107e potencijalnim novim poslodavcima.<br><br>S popisa kandidata ispali su i razigrava\u010d Zadra <strong>Dominik Mavra<\/strong> te centri Splita<strong> Marin Mari\u0107<\/strong> i<strong> Antonio Vrankovi\u0107<\/strong>, dok su se na njemu na\u0161li mladi\u0107i poput <strong>Lovre Gnjidi\u0107a, Ivana Perasovi\u0107a <\/strong>i <strong>Borisa Ti\u0161me<\/strong>.<br><br>Me\u0111u povratnicima su iskusni centar <strong>Darko Planini\u0107<\/strong> i razigrava\u010d <strong>Toni Kati\u0107<\/strong>.<br><br>Jo\u0161 je 31 dan ostao do po\u010detka kvalifikacijskog turnira na kojem \u0107e se Hrvatska boriti za jedno mjesto u konkurenciji Brazila, Tunisa, Njema\u010dke, Rusije i Meksika, a popis na kojem su sada 23 kandidata Mr\u0161i\u0107 bi trebao skratiti na 16 imena po zavr\u0161etku finala doigravanja za prvaka Hrvatske i prvog kruga NBA doigravanja, kad \u0107e biti jasnije koji \u0107e mu igra\u010di doista biti na raspolaganju.<br><br>Predvi\u0111eno je da tih 16 igra\u010da zapo\u010dnu s pripremama 8. lipnja, a do po\u010detka splitskog turnira mom\u010dad \u0107e imati \u010detiri pripremne utakmice. Protiv Slovenije \u0107e igrati 16. lipnja u Rijeci i 18. lipnja u Ljubljani. Nakon toga \u0107e se reprezentacija preseliti u Split, gdje \u0107e prije ulaska u &#8220;epidemiolo\u0161ki balon&#8221; 25. lipnja odigrati jo\u0161 dvije utakmice protiv Portorika.<br><br>\u0160iri popis mu\u0161ke ko\u0161arka\u0161ke reprezentacije za olimpijske kvalifikacije:<br><br>Roko Leni Uki\u0107 (Split)<br>Roko Rogi\u0107 (Mitteldeutscher)<br>Toni Kati\u0107 (Dinamo Sassari)<br>Lovro Gnjidi\u0107 (Cibona)<br>Filip Kru\u0161lin (Dinamo Sassari)<br>Krunoslav Simon (Anadolu Efes)<br>Mateo Dre\u017enjak (Cibona)<br>Antonio Jordano (Zadar)<br>Toni Perkovi\u0107 (Split)<br>Boris Ti\u0161ma (Real Betis, Real Madrid)<br>Bojan Bogdanovi\u0107 (Utah Jazz)<br>Mario Hezonja (Panathinaikos)<br>Pavle Mar\u010dinkovi\u0107 (Split)<br>Ivan Ramljak (Slask Wroclaw)<br>Tomislav Gabri\u0107 (Baskets Oldenburg)<br>Ivan Perasovi\u0107 (Split)<br>\u017deljko \u0160aki\u0107 (Estudiantes)<br>Dragan Bender (Maccabi Tel Aviv)<br>Miro Bilan (Dinamo Sassari)<br>Darko Planini\u0107 (Cibona)<br>Dario \u0160ari\u0107 (Phoenix Suns)<br>Ivica Zubac (LA Clippers)<br>Ante Toni \u017di\u017ei\u0107 (Maccabi Tel Aviv)<\/p>\n\n\n\n<p>Izvor:hrt.hr<\/p>\n","protected":false},"excerpt":{"rendered":"<p>Izbornik mu\u0161ke ko\u0161arka\u0161ke reprezentacije Veljko Mr\u0161i\u0107 objavio je \u0161iri popis igra\u010da koji konkuriraju za mom\u010dad koja \u0107e od 29. lipnja do 4. srpnja u splitskoj Spaladium Areni poku\u0161ati izboriti nastup na Olimpijskim igrama u Tokiju. Na popisu od 23 imena nalaze se svi hrvatski ko\u0161arka\u0161i iz NBA klubova, osim Luke \u0160amani\u0107a iz San Antonio Spursa, [&hellip;]<\/p>\n","protected":false},"author":2,"featured_media":26283,"comment_status":"closed","ping_status":"closed","sticky":false,"template":"","format":"standard","meta":{"h5ap_radio_sources":[],"footnotes":""},"categories":[1],"tags":[],"class_list":["post-26282","post","type-post","status-publish","format-standard","has-post-thumbnail","hentry","category-bihiregija"],"yoast_head":"<!-- This site is optimized with the Yoast SEO plugin v27.4 - https:\/\/yoast.com\/product\/yoast-seo-wordpress\/ -->\n<title>Na popisu za olimpijske kvalifikacije i Mario Hezonja - RADIO LJUBU\u0160KI<\/title>\n<meta name=\"robots\" content=\"index, follow, max-snippet:-1, max-image-preview:large, max-video-preview:-1\" \/>\n<link rel=\"canonical\" href=\"https:\/\/radioljubuski.ba\/index.php\/2021\/05\/29\/na-popisu-za-olimpijske-kvalifikacije-i-mario-hezonja\/\" \/>\n<meta property=\"og:locale\" content=\"hr_HR\" \/>\n<meta property=\"og:type\" content=\"article\" \/>\n<meta property=\"og:title\" content=\"Na popisu za olimpijske kvalifikacije i Mario Hezonja - RADIO LJUBU\u0160KI\" \/>\n<meta property=\"og:description\" content=\"Izbornik mu\u0161ke ko\u0161arka\u0161ke reprezentacije Veljko Mr\u0161i\u0107 objavio je \u0161iri popis igra\u010da koji konkuriraju za mom\u010dad koja \u0107e od 29. lipnja do 4. srpnja u splitskoj Spaladium Areni poku\u0161ati izboriti nastup na Olimpijskim igrama u Tokiju. Na popisu od 23 imena nalaze se svi hrvatski ko\u0161arka\u0161i iz NBA klubova, osim Luke \u0160amani\u0107a iz San Antonio Spursa, [&hellip;]\" \/>\n<meta property=\"og:url\" content=\"https:\/\/radioljubuski.ba\/index.php\/2021\/05\/29\/na-popisu-za-olimpijske-kvalifikacije-i-mario-hezonja\/\" \/>\n<meta property=\"og:site_name\" content=\"RADIO LJUBU\u0160KI\" \/>\n<meta property=\"article:publisher\" content=\"https:\/\/www.facebook.com\/Radiio-Ljubuski-1490835324566332\" \/>\n<meta property=\"article:published_time\" content=\"2021-05-29T12:21:54+00:00\" \/>\n<meta property=\"article:modified_time\" content=\"2021-05-29T12:21:55+00:00\" \/>\n<meta property=\"og:image\" content=\"https:\/\/radioljubuski.ba\/wp-content\/uploads\/2021\/05\/261403.jpg\" \/>\n\t<meta property=\"og:image:width\" content=\"730\" \/>\n\t<meta property=\"og:image:height\" content=\"487\" \/>\n\t<meta property=\"og:image:type\" content=\"image\/jpeg\" \/>\n<meta name=\"author\" content=\"Radio Ljubu\u0161ki\" \/>\n<meta name=\"twitter:card\" content=\"summary_large_image\" \/>\n<meta name=\"twitter:creator\" content=\"@radioljubuski\" \/>\n<meta name=\"twitter:site\" content=\"@radioljubuski\" \/>\n<meta name=\"twitter:label1\" content=\"Napisao\/la\" \/>\n\t<meta name=\"twitter:data1\" content=\"Radio Ljubu\u0161ki\" \/>\n\t<meta name=\"twitter:label2\" content=\"Procijenjeno vrijeme \u010ditanja\" \/>\n\t<meta name=\"twitter:data2\" content=\"2 minute\" \/>\n<script type=\"application\/ld+json\" class=\"yoast-schema-graph\">{\"@context\":\"https:\\\/\\\/schema.org\",\"@graph\":[{\"@type\":\"Article\",\"@id\":\"https:\\\/\\\/radioljubuski.ba\\\/index.php\\\/2021\\\/05\\\/29\\\/na-popisu-za-olimpijske-kvalifikacije-i-mario-hezonja\\\/#article\",\"isPartOf\":{\"@id\":\"https:\\\/\\\/radioljubuski.ba\\\/index.php\\\/2021\\\/05\\\/29\\\/na-popisu-za-olimpijske-kvalifikacije-i-mario-hezonja\\\/\"},\"author\":{\"name\":\"Radio Ljubu\u0161ki\",\"@id\":\"https:\\\/\\\/radioljubuski.ba\\\/#\\\/schema\\\/person\\\/19fc700381a780f69665d7956c469e3b\"},\"headline\":\"Na popisu za olimpijske kvalifikacije i Mario Hezonja\",\"datePublished\":\"2021-05-29T12:21:54+00:00\",\"dateModified\":\"2021-05-29T12:21:55+00:00\",\"mainEntityOfPage\":{\"@id\":\"https:\\\/\\\/radioljubuski.ba\\\/index.php\\\/2021\\\/05\\\/29\\\/na-popisu-za-olimpijske-kvalifikacije-i-mario-hezonja\\\/\"},\"wordCount\":422,\"publisher\":{\"@id\":\"https:\\\/\\\/radioljubuski.ba\\\/#organization\"},\"image\":{\"@id\":\"https:\\\/\\\/radioljubuski.ba\\\/index.php\\\/2021\\\/05\\\/29\\\/na-popisu-za-olimpijske-kvalifikacije-i-mario-hezonja\\\/#primaryimage\"},\"thumbnailUrl\":\"https:\\\/\\\/radioljubuski.ba\\\/wp-content\\\/uploads\\\/2021\\\/05\\\/261403.jpg\",\"articleSection\":[\"BIH i regija\"],\"inLanguage\":\"hr\"},{\"@type\":\"WebPage\",\"@id\":\"https:\\\/\\\/radioljubuski.ba\\\/index.php\\\/2021\\\/05\\\/29\\\/na-popisu-za-olimpijske-kvalifikacije-i-mario-hezonja\\\/\",\"url\":\"https:\\\/\\\/radioljubuski.ba\\\/index.php\\\/2021\\\/05\\\/29\\\/na-popisu-za-olimpijske-kvalifikacije-i-mario-hezonja\\\/\",\"name\":\"Na popisu za olimpijske kvalifikacije i Mario Hezonja - RADIO LJUBU\u0160KI\",\"isPartOf\":{\"@id\":\"https:\\\/\\\/radioljubuski.ba\\\/#website\"},\"primaryImageOfPage\":{\"@id\":\"https:\\\/\\\/radioljubuski.ba\\\/index.php\\\/2021\\\/05\\\/29\\\/na-popisu-za-olimpijske-kvalifikacije-i-mario-hezonja\\\/#primaryimage\"},\"image\":{\"@id\":\"https:\\\/\\\/radioljubuski.ba\\\/index.php\\\/2021\\\/05\\\/29\\\/na-popisu-za-olimpijske-kvalifikacije-i-mario-hezonja\\\/#primaryimage\"},\"thumbnailUrl\":\"https:\\\/\\\/radioljubuski.ba\\\/wp-content\\\/uploads\\\/2021\\\/05\\\/261403.jpg\",\"datePublished\":\"2021-05-29T12:21:54+00:00\",\"dateModified\":\"2021-05-29T12:21:55+00:00\",\"breadcrumb\":{\"@id\":\"https:\\\/\\\/radioljubuski.ba\\\/index.php\\\/2021\\\/05\\\/29\\\/na-popisu-za-olimpijske-kvalifikacije-i-mario-hezonja\\\/#breadcrumb\"},\"inLanguage\":\"hr\",\"potentialAction\":[{\"@type\":\"ReadAction\",\"target\":[\"https:\\\/\\\/radioljubuski.ba\\\/index.php\\\/2021\\\/05\\\/29\\\/na-popisu-za-olimpijske-kvalifikacije-i-mario-hezonja\\\/\"]}]},{\"@type\":\"ImageObject\",\"inLanguage\":\"hr\",\"@id\":\"https:\\\/\\\/radioljubuski.ba\\\/index.php\\\/2021\\\/05\\\/29\\\/na-popisu-za-olimpijske-kvalifikacije-i-mario-hezonja\\\/#primaryimage\",\"url\":\"https:\\\/\\\/radioljubuski.ba\\\/wp-content\\\/uploads\\\/2021\\\/05\\\/261403.jpg\",\"contentUrl\":\"https:\\\/\\\/radioljubuski.ba\\\/wp-content\\\/uploads\\\/2021\\\/05\\\/261403.jpg\",\"width\":730,\"height\":487},{\"@type\":\"BreadcrumbList\",\"@id\":\"https:\\\/\\\/radioljubuski.ba\\\/index.php\\\/2021\\\/05\\\/29\\\/na-popisu-za-olimpijske-kvalifikacije-i-mario-hezonja\\\/#breadcrumb\",\"itemListElement\":[{\"@type\":\"ListItem\",\"position\":1,\"name\":\"Po\u010detna stranica\",\"item\":\"https:\\\/\\\/radioljubuski.ba\\\/\"},{\"@type\":\"ListItem\",\"position\":2,\"name\":\"Na popisu za olimpijske kvalifikacije i Mario Hezonja\"}]},{\"@type\":\"WebSite\",\"@id\":\"https:\\\/\\\/radioljubuski.ba\\\/#website\",\"url\":\"https:\\\/\\\/radioljubuski.ba\\\/\",\"name\":\"Radio Ljubu\u0161ki\",\"description\":\"Sun\u010dana frekvencija Hercegovine\",\"publisher\":{\"@id\":\"https:\\\/\\\/radioljubuski.ba\\\/#organization\"},\"potentialAction\":[{\"@type\":\"SearchAction\",\"target\":{\"@type\":\"EntryPoint\",\"urlTemplate\":\"https:\\\/\\\/radioljubuski.ba\\\/?s={search_term_string}\"},\"query-input\":{\"@type\":\"PropertyValueSpecification\",\"valueRequired\":true,\"valueName\":\"search_term_string\"}}],\"inLanguage\":\"hr\"},{\"@type\":\"Organization\",\"@id\":\"https:\\\/\\\/radioljubuski.ba\\\/#organization\",\"name\":\"Radio Ljubu\u0161ki\",\"url\":\"https:\\\/\\\/radioljubuski.ba\\\/\",\"logo\":{\"@type\":\"ImageObject\",\"inLanguage\":\"hr\",\"@id\":\"https:\\\/\\\/radioljubuski.ba\\\/#\\\/schema\\\/logo\\\/image\\\/\",\"url\":\"https:\\\/\\\/radioljubuski.ba\\\/wp-content\\\/uploads\\\/2021\\\/02\\\/cropped-Radio_Ljubuski_logo1.jpg\",\"contentUrl\":\"https:\\\/\\\/radioljubuski.ba\\\/wp-content\\\/uploads\\\/2021\\\/02\\\/cropped-Radio_Ljubuski_logo1.jpg\",\"width\":512,\"height\":512,\"caption\":\"Radio Ljubu\u0161ki\"},\"image\":{\"@id\":\"https:\\\/\\\/radioljubuski.ba\\\/#\\\/schema\\\/logo\\\/image\\\/\"},\"sameAs\":[\"https:\\\/\\\/www.facebook.com\\\/Radiio-Ljubuski-1490835324566332\",\"https:\\\/\\\/x.com\\\/radioljubuski\",\"https:\\\/\\\/hr.linkedin.com\\\/company\\\/radio-ljubuski\",\"https:\\\/\\\/www.youtube.com\\\/channel\\\/UCHYaeO_n0Db3tjNGudGpXyw\"]},{\"@type\":\"Person\",\"@id\":\"https:\\\/\\\/radioljubuski.ba\\\/#\\\/schema\\\/person\\\/19fc700381a780f69665d7956c469e3b\",\"name\":\"Radio Ljubu\u0161ki\"}]}<\/script>\n<!-- \/ Yoast SEO plugin. -->","yoast_head_json":{"title":"Na popisu za olimpijske kvalifikacije i Mario Hezonja - RADIO LJUBU\u0160KI","robots":{"index":"index","follow":"follow","max-snippet":"max-snippet:-1","max-image-preview":"max-image-preview:large","max-video-preview":"max-video-preview:-1"},"canonical":"https:\/\/radioljubuski.ba\/index.php\/2021\/05\/29\/na-popisu-za-olimpijske-kvalifikacije-i-mario-hezonja\/","og_locale":"hr_HR","og_type":"article","og_title":"Na popisu za olimpijske kvalifikacije i Mario Hezonja - RADIO LJUBU\u0160KI","og_description":"Izbornik mu\u0161ke ko\u0161arka\u0161ke reprezentacije Veljko Mr\u0161i\u0107 objavio je \u0161iri popis igra\u010da koji konkuriraju za mom\u010dad koja \u0107e od 29. lipnja do 4. srpnja u splitskoj Spaladium Areni poku\u0161ati izboriti nastup na Olimpijskim igrama u Tokiju. Na popisu od 23 imena nalaze se svi hrvatski ko\u0161arka\u0161i iz NBA klubova, osim Luke \u0160amani\u0107a iz San Antonio Spursa, [&hellip;]","og_url":"https:\/\/radioljubuski.ba\/index.php\/2021\/05\/29\/na-popisu-za-olimpijske-kvalifikacije-i-mario-hezonja\/","og_site_name":"RADIO LJUBU\u0160KI","article_publisher":"https:\/\/www.facebook.com\/Radiio-Ljubuski-1490835324566332","article_published_time":"2021-05-29T12:21:54+00:00","article_modified_time":"2021-05-29T12:21:55+00:00","og_image":[{"width":730,"height":487,"url":"https:\/\/radioljubuski.ba\/wp-content\/uploads\/2021\/05\/261403.jpg","type":"image\/jpeg"}],"author":"Radio Ljubu\u0161ki","twitter_card":"summary_large_image","twitter_creator":"@radioljubuski","twitter_site":"@radioljubuski","twitter_misc":{"Napisao\/la":"Radio Ljubu\u0161ki","Procijenjeno vrijeme \u010ditanja":"2 minute"},"schema":{"@context":"https:\/\/schema.org","@graph":[{"@type":"Article","@id":"https:\/\/radioljubuski.ba\/index.php\/2021\/05\/29\/na-popisu-za-olimpijske-kvalifikacije-i-mario-hezonja\/#article","isPartOf":{"@id":"https:\/\/radioljubuski.ba\/index.php\/2021\/05\/29\/na-popisu-za-olimpijske-kvalifikacije-i-mario-hezonja\/"},"author":{"name":"Radio Ljubu\u0161ki","@id":"https:\/\/radioljubuski.ba\/#\/schema\/person\/19fc700381a780f69665d7956c469e3b"},"headline":"Na popisu za olimpijske kvalifikacije i Mario Hezonja","datePublished":"2021-05-29T12:21:54+00:00","dateModified":"2021-05-29T12:21:55+00:00","mainEntityOfPage":{"@id":"https:\/\/radioljubuski.ba\/index.php\/2021\/05\/29\/na-popisu-za-olimpijske-kvalifikacije-i-mario-hezonja\/"},"wordCount":422,"publisher":{"@id":"https:\/\/radioljubuski.ba\/#organization"},"image":{"@id":"https:\/\/radioljubuski.ba\/index.php\/2021\/05\/29\/na-popisu-za-olimpijske-kvalifikacije-i-mario-hezonja\/#primaryimage"},"thumbnailUrl":"https:\/\/radioljubuski.ba\/wp-content\/uploads\/2021\/05\/261403.jpg","articleSection":["BIH i regija"],"inLanguage":"hr"},{"@type":"WebPage","@id":"https:\/\/radioljubuski.ba\/index.php\/2021\/05\/29\/na-popisu-za-olimpijske-kvalifikacije-i-mario-hezonja\/","url":"https:\/\/radioljubuski.ba\/index.php\/2021\/05\/29\/na-popisu-za-olimpijske-kvalifikacije-i-mario-hezonja\/","name":"Na popisu za olimpijske kvalifikacije i Mario Hezonja - RADIO LJUBU\u0160KI","isPartOf":{"@id":"https:\/\/radioljubuski.ba\/#website"},"primaryImageOfPage":{"@id":"https:\/\/radioljubuski.ba\/index.php\/2021\/05\/29\/na-popisu-za-olimpijske-kvalifikacije-i-mario-hezonja\/#primaryimage"},"image":{"@id":"https:\/\/radioljubuski.ba\/index.php\/2021\/05\/29\/na-popisu-za-olimpijske-kvalifikacije-i-mario-hezonja\/#primaryimage"},"thumbnailUrl":"https:\/\/radioljubuski.ba\/wp-content\/uploads\/2021\/05\/261403.jpg","datePublished":"2021-05-29T12:21:54+00:00","dateModified":"2021-05-29T12:21:55+00:00","breadcrumb":{"@id":"https:\/\/radioljubuski.ba\/index.php\/2021\/05\/29\/na-popisu-za-olimpijske-kvalifikacije-i-mario-hezonja\/#breadcrumb"},"inLanguage":"hr","potentialAction":[{"@type":"ReadAction","target":["https:\/\/radioljubuski.ba\/index.php\/2021\/05\/29\/na-popisu-za-olimpijske-kvalifikacije-i-mario-hezonja\/"]}]},{"@type":"ImageObject","inLanguage":"hr","@id":"https:\/\/radioljubuski.ba\/index.php\/2021\/05\/29\/na-popisu-za-olimpijske-kvalifikacije-i-mario-hezonja\/#primaryimage","url":"https:\/\/radioljubuski.ba\/wp-content\/uploads\/2021\/05\/261403.jpg","contentUrl":"https:\/\/radioljubuski.ba\/wp-content\/uploads\/2021\/05\/261403.jpg","width":730,"height":487},{"@type":"BreadcrumbList","@id":"https:\/\/radioljubuski.ba\/index.php\/2021\/05\/29\/na-popisu-za-olimpijske-kvalifikacije-i-mario-hezonja\/#breadcrumb","itemListElement":[{"@type":"ListItem","position":1,"name":"Po\u010detna stranica","item":"https:\/\/radioljubuski.ba\/"},{"@type":"ListItem","position":2,"name":"Na popisu za olimpijske kvalifikacije i Mario Hezonja"}]},{"@type":"WebSite","@id":"https:\/\/radioljubuski.ba\/#website","url":"https:\/\/radioljubuski.ba\/","name":"Radio Ljubu\u0161ki","description":"Sun\u010dana frekvencija Hercegovine","publisher":{"@id":"https:\/\/radioljubuski.ba\/#organization"},"potentialAction":[{"@type":"SearchAction","target":{"@type":"EntryPoint","urlTemplate":"https:\/\/radioljubuski.ba\/?s={search_term_string}"},"query-input":{"@type":"PropertyValueSpecification","valueRequired":true,"valueName":"search_term_string"}}],"inLanguage":"hr"},{"@type":"Organization","@id":"https:\/\/radioljubuski.ba\/#organization","name":"Radio Ljubu\u0161ki","url":"https:\/\/radioljubuski.ba\/","logo":{"@type":"ImageObject","inLanguage":"hr","@id":"https:\/\/radioljubuski.ba\/#\/schema\/logo\/image\/","url":"https:\/\/radioljubuski.ba\/wp-content\/uploads\/2021\/02\/cropped-Radio_Ljubuski_logo1.jpg","contentUrl":"https:\/\/radioljubuski.ba\/wp-content\/uploads\/2021\/02\/cropped-Radio_Ljubuski_logo1.jpg","width":512,"height":512,"caption":"Radio Ljubu\u0161ki"},"image":{"@id":"https:\/\/radioljubuski.ba\/#\/schema\/logo\/image\/"},"sameAs":["https:\/\/www.facebook.com\/Radiio-Ljubuski-1490835324566332","https:\/\/x.com\/radioljubuski","https:\/\/hr.linkedin.com\/company\/radio-ljubuski","https:\/\/www.youtube.com\/channel\/UCHYaeO_n0Db3tjNGudGpXyw"]},{"@type":"Person","@id":"https:\/\/radioljubuski.ba\/#\/schema\/person\/19fc700381a780f69665d7956c469e3b","name":"Radio Ljubu\u0161ki"}]}},"_links":{"self":[{"href":"https:\/\/radioljubuski.ba\/index.php\/wp-json\/wp\/v2\/posts\/26282","targetHints":{"allow":["GET"]}}],"collection":[{"href":"https:\/\/radioljubuski.ba\/index.php\/wp-json\/wp\/v2\/posts"}],"about":[{"href":"https:\/\/radioljubuski.ba\/index.php\/wp-json\/wp\/v2\/types\/post"}],"author":[{"embeddable":true,"href":"https:\/\/radioljubuski.ba\/index.php\/wp-json\/wp\/v2\/users\/2"}],"replies":[{"embeddable":true,"href":"https:\/\/radioljubuski.ba\/index.php\/wp-json\/wp\/v2\/comments?post=26282"}],"version-history":[{"count":1,"href":"https:\/\/radioljubuski.ba\/index.php\/wp-json\/wp\/v2\/posts\/26282\/revisions"}],"predecessor-version":[{"id":26284,"href":"https:\/\/radioljubuski.ba\/index.php\/wp-json\/wp\/v2\/posts\/26282\/revisions\/26284"}],"wp:featuredmedia":[{"embeddable":true,"href":"https:\/\/radioljubuski.ba\/index.php\/wp-json\/wp\/v2\/media\/26283"}],"wp:attachment":[{"href":"https:\/\/radioljubuski.ba\/index.php\/wp-json\/wp\/v2\/media?parent=26282"}],"wp:term":[{"taxonomy":"category","embeddable":true,"href":"https:\/\/radioljubuski.ba\/index.php\/wp-json\/wp\/v2\/categories?post=26282"},{"taxonomy":"post_tag","embeddable":true,"href":"https:\/\/radioljubuski.ba\/index.php\/wp-json\/wp\/v2\/tags?post=26282"}],"curies":[{"name":"wp","href":"https:\/\/api.w.org\/{rel}","templated":true}]}}