{"id":26391,"date":"2021-05-29T16:38:26","date_gmt":"2021-05-29T15:38:26","guid":{"rendered":"https:\/\/radioljubuski.ba\/?p=26391"},"modified":"2021-05-29T16:38:27","modified_gmt":"2021-05-29T15:38:27","slug":"na-danasnji-dan-prije-28-godina-bosnjacka-armija-bih-ubila-je-trojicu-talijanskih-humanitaraca","status":"publish","type":"post","link":"https:\/\/radioljubuski.ba\/index.php\/2021\/05\/29\/na-danasnji-dan-prije-28-godina-bosnjacka-armija-bih-ubila-je-trojicu-talijanskih-humanitaraca\/","title":{"rendered":"Na dana\u0161nji dan, prije 28 godina, bo\u0161nja\u010dka Armija BiH ubila je trojicu talijanskih humanitaraca"},"content":{"rendered":"\n<p><strong>Twitter profil \u201cHrvati Bosne i Hercegovine\u201d, koji zadnjih godina detaljno opisuje zlo\u010dine bo\u0161nja\u010dke Armije BiH nad Hrvatima, objavio je malo poznatu pri\u010du o svirepom ubojstvu trojice talijanskih humanitaraca u svibnju 1993. godine na podru\u010dju planine Radovan (Gornji Vakuf) zbog \u010dega je biv\u0161i zapovjednik Tre\u0107eg korpusa bo\u0161nja\u010dke Armije BiH, Hanefija Priji\u0107 Paraga, u Italiji osu\u0111en na do\u017eivotni zatvor, prenosi Hrvatski Medijski Servis.<\/strong><\/p>\n\n\n\n<p>\u201cBiv\u0161i zapovjednik Tre\u0107e bojne 317. brigade tzv. Armije RBiH Hanefija Priji\u0107 Paraga osu\u0111en je na do\u017eivotni zatvor u Italiji zbog ubojstva talijanskih dr\u017eavljana\u201d, navodi se na po\u010detku serije Tweetova o ubojstvu talijanskih humanitaraca.<\/p>\n\n\n\n<blockquote class=\"twitter-tweet\"><p lang=\"und\" dir=\"ltr\">29.5.1993. &#8211; Planina Radovan (G.Vakuf) <br><br>Ubijeno troje talijanskih humanitaraca Fabio Moreno, Sergio Lana i Guido Puletti. <a href=\"https:\/\/t.co\/gmhzNYwNvl\">pic.twitter.com\/gmhzNYwNvl<\/a><\/p>&mdash; Hrvati Bosne i Hercegovine (@hrvatiBH) <a href=\"https:\/\/twitter.com\/hrvatiBH\/status\/1398582304696586241?ref_src=twsrc%5Etfw\">May 29, 2021<\/a><\/blockquote> <script async src=\"https:\/\/platform.twitter.com\/widgets.js\" charset=\"utf-8\"><\/script>\n\n\n\n<p>\u201cNakon \u0161to su humanitarnu pomo\u0107 oplja\u010dkali, Paraga je naredio dvojici vojnika da odvedu u \u0161umu i izrafalaju petoricu Talijana, a tada su se dvojica, Cristhian Penocchio i Agostino Zanotti, uspjela pobje\u0107i. Paraga je kao zapovjednik u Armiji RBiH bio povezan sa zloglasnom postrojbom \u201cZulfikar\u201d \u010dija je pripadnica bila i Rasema Handanovi\u0107 Zolja (pokolj u Trusini)\u201d, objavljeno je na Twitter profilu \u201cHrvati Bosne i Hercegovine\u201d.<\/p>\n\n\n\n<blockquote class=\"twitter-tweet\"><p lang=\"und\" dir=\"ltr\">29.5.1993. &#8211; Planina Radovan (G.Vakuf) <br><br>Ubijeno troje talijanskih humanitaraca Fabio Moreno, Sergio Lana i Guido Puletti. <a href=\"https:\/\/t.co\/gmhzNYwNvl\">pic.twitter.com\/gmhzNYwNvl<\/a><\/p>&mdash; Hrvati Bosne i Hercegovine (@hrvatiBH) <a href=\"https:\/\/twitter.com\/hrvatiBH\/status\/1398582304696586241?ref_src=twsrc%5Etfw\">May 29, 2021<\/a><\/blockquote> <script async src=\"https:\/\/platform.twitter.com\/widgets.js\" charset=\"utf-8\"><\/script>\n\n\n\n<blockquote class=\"twitter-tweet\"><p lang=\"und\" dir=\"ltr\">29.5.1993. &#8211; Planina Radovan (G.Vakuf) <br><br>Ubijeno troje talijanskih humanitaraca Fabio Moreno, Sergio Lana i Guido Puletti. <a href=\"https:\/\/t.co\/gmhzNYwNvl\">pic.twitter.com\/gmhzNYwNvl<\/a><\/p>&mdash; Hrvati Bosne i Hercegovine (@hrvatiBH) <a href=\"https:\/\/twitter.com\/hrvatiBH\/status\/1398582304696586241?ref_src=twsrc%5Etfw\">May 29, 2021<\/a><\/blockquote> <script async src=\"https:\/\/platform.twitter.com\/widgets.js\" charset=\"utf-8\"><\/script>\n\n\n\n<p>Dodaje se da je Zolja bila Paragina asistentica.<\/p>\n\n\n\n<p>-Ona je svjedok, a mogu\u0107e i po\u010dinitelj likvidacije trojice talijanskih humanitaraca, ali Paraga na su\u0111enju nikada nije otkrio kakvu je ona imala ulogu u tom zlo\u010dinu. Sa Zoljom i Paragom tada je bio i njegov ro\u0111ak Sabahudin, stoji u objavi na Twitteru.<\/p>\n\n\n\n<blockquote class=\"twitter-tweet\"><p lang=\"und\" dir=\"ltr\">29.5.1993. &#8211; Planina Radovan (G.Vakuf) <br><br>Ubijeno troje talijanskih humanitaraca Fabio Moreno, Sergio Lana i Guido Puletti. <a href=\"https:\/\/t.co\/gmhzNYwNvl\">pic.twitter.com\/gmhzNYwNvl<\/a><\/p>&mdash; Hrvati Bosne i Hercegovine (@hrvatiBH) <a href=\"https:\/\/twitter.com\/hrvatiBH\/status\/1398582304696586241?ref_src=twsrc%5Etfw\">May 29, 2021<\/a><\/blockquote> <script async src=\"https:\/\/platform.twitter.com\/widgets.js\" charset=\"utf-8\"><\/script>\n\n\n\n<p>Poja\u0161njava se da je ubijeni Guido Puletti bio novinar koji se nakon pre\u017eivljene torture u Argentini vratio u Italiju pa po\u010deo izvje\u0161tavati iz BiH. Tako\u0111er, jedan od ljudi o kojima je pisao u svojim tekstovima iz Zavidovi\u0107a i Bosne bio je Jadranko Bo\u017eanovi\u0107, urednik Radio Zavidovi\u0107a.<\/p>\n\n\n\n<blockquote class=\"twitter-tweet\"><p lang=\"und\" dir=\"ltr\">29.5.1993. &#8211; Planina Radovan (G.Vakuf) <br><br>Ubijeno troje talijanskih humanitaraca Fabio Moreno, Sergio Lana i Guido Puletti. <a href=\"https:\/\/t.co\/gmhzNYwNvl\">pic.twitter.com\/gmhzNYwNvl<\/a><\/p>&mdash; Hrvati Bosne i Hercegovine (@hrvatiBH) <a href=\"https:\/\/twitter.com\/hrvatiBH\/status\/1398582304696586241?ref_src=twsrc%5Etfw\">May 29, 2021<\/a><\/blockquote> <script async src=\"https:\/\/platform.twitter.com\/widgets.js\" charset=\"utf-8\"><\/script>\n\n\n\n<p>Profil \u201cHrvati Bosne i Hercegovine\u201d pi\u0161e i da je Jadranko Bo\u017eanovi\u0107 ubijen u svom domu 10. rujna 1995. Kako se navodi, nikada nisu otkriveni ni ubojice Jadranka Bo\u017eanovi\u0107a, ni drugi ratni zlo\u010dini na ovom podru\u010dju.<\/p>\n\n\n\n<blockquote class=\"twitter-tweet\"><p lang=\"und\" dir=\"ltr\">29.5.1993. &#8211; Planina Radovan (G.Vakuf) <br><br>Ubijeno troje talijanskih humanitaraca Fabio Moreno, Sergio Lana i Guido Puletti. <a href=\"https:\/\/t.co\/gmhzNYwNvl\">pic.twitter.com\/gmhzNYwNvl<\/a><\/p>&mdash; Hrvati Bosne i Hercegovine (@hrvatiBH) <a href=\"https:\/\/twitter.com\/hrvatiBH\/status\/1398582304696586241?ref_src=twsrc%5Etfw\">May 29, 2021<\/a><\/blockquote> <script async src=\"https:\/\/platform.twitter.com\/widgets.js\" charset=\"utf-8\"><\/script>\n\n\n\n<p>-Upravo s Paraginim dolaskom u Bojsku po\u010deli su nestajati Hrvati u kanjonu Bistri\u010dke rike. Na toj lokaciji nestali su Rafael \u017dili\u0107 i Ante \u0110epina iz Travnika te Mijo Mili\u0107 Jerkin iz Krupe kod Uskoplja \u010dije je tijelo kasnije identificirano zajedno s ubijenim Talijanima, objavljeno je.<\/p>\n\n\n\n<blockquote class=\"twitter-tweet\"><p lang=\"und\" dir=\"ltr\">29.5.1993. &#8211; Planina Radovan (G.Vakuf) <br><br>Ubijeno troje talijanskih humanitaraca Fabio Moreno, Sergio Lana i Guido Puletti. <a href=\"https:\/\/t.co\/gmhzNYwNvl\">pic.twitter.com\/gmhzNYwNvl<\/a><\/p>&mdash; Hrvati Bosne i Hercegovine (@hrvatiBH) <a href=\"https:\/\/twitter.com\/hrvatiBH\/status\/1398582304696586241?ref_src=twsrc%5Etfw\">May 29, 2021<\/a><\/blockquote> <script async src=\"https:\/\/platform.twitter.com\/widgets.js\" charset=\"utf-8\"><\/script>\n\n\n\n<p>Serijal tweetova profil \u201cHrvati u Bosni i Hercegovini\u201d zaklju\u010duje ozna\u010davanjem Twitter profila Veleposlanstva Italije u BiH.<\/p>\n\n\n\n<blockquote class=\"twitter-tweet\"><p lang=\"und\" dir=\"ltr\">29.5.1993. &#8211; Planina Radovan (G.Vakuf) <br><br>Ubijeno troje talijanskih humanitaraca Fabio Moreno, Sergio Lana i Guido Puletti. <a href=\"https:\/\/t.co\/gmhzNYwNvl\">pic.twitter.com\/gmhzNYwNvl<\/a><\/p>&mdash; Hrvati Bosne i Hercegovine (@hrvatiBH) <a href=\"https:\/\/twitter.com\/hrvatiBH\/status\/1398582304696586241?ref_src=twsrc%5Etfw\">May 29, 2021<\/a><\/blockquote> <script async src=\"https:\/\/platform.twitter.com\/widgets.js\" charset=\"utf-8\"><\/script>\n\n\n\n<p>\/R. I.\/HMS\/<\/p>\n","protected":false},"excerpt":{"rendered":"<p>Twitter profil \u201cHrvati Bosne i Hercegovine\u201d, koji zadnjih godina detaljno opisuje zlo\u010dine bo\u0161nja\u010dke Armije BiH nad Hrvatima, objavio je malo poznatu pri\u010du o svirepom ubojstvu trojice talijanskih humanitaraca u svibnju 1993. godine na podru\u010dju planine Radovan (Gornji Vakuf) zbog \u010dega je biv\u0161i zapovjednik Tre\u0107eg korpusa bo\u0161nja\u010dke Armije BiH, Hanefija Priji\u0107 Paraga, u Italiji osu\u0111en na [&hellip;]<\/p>\n","protected":false},"author":2,"featured_media":26392,"comment_status":"closed","ping_status":"closed","sticky":false,"template":"","format":"standard","meta":{"h5ap_radio_sources":[],"footnotes":""},"categories":[1],"tags":[],"class_list":["post-26391","post","type-post","status-publish","format-standard","has-post-thumbnail","hentry","category-bihiregija"],"yoast_head":"<!-- This site is optimized with the Yoast SEO plugin v27.4 - https:\/\/yoast.com\/product\/yoast-seo-wordpress\/ -->\n<title>Na dana\u0161nji dan, prije 28 godina, bo\u0161nja\u010dka Armija BiH ubila je trojicu talijanskih humanitaraca - RADIO LJUBU\u0160KI<\/title>\n<meta name=\"robots\" content=\"index, follow, max-snippet:-1, max-image-preview:large, max-video-preview:-1\" \/>\n<link rel=\"canonical\" href=\"https:\/\/radioljubuski.ba\/index.php\/2021\/05\/29\/na-danasnji-dan-prije-28-godina-bosnjacka-armija-bih-ubila-je-trojicu-talijanskih-humanitaraca\/\" \/>\n<meta property=\"og:locale\" content=\"hr_HR\" \/>\n<meta property=\"og:type\" content=\"article\" \/>\n<meta property=\"og:title\" content=\"Na dana\u0161nji dan, prije 28 godina, bo\u0161nja\u010dka Armija BiH ubila je trojicu talijanskih humanitaraca - RADIO LJUBU\u0160KI\" \/>\n<meta property=\"og:description\" content=\"Twitter profil \u201cHrvati Bosne i Hercegovine\u201d, koji zadnjih godina detaljno opisuje zlo\u010dine bo\u0161nja\u010dke Armije BiH nad Hrvatima, objavio je malo poznatu pri\u010du o svirepom ubojstvu trojice talijanskih humanitaraca u svibnju 1993. godine na podru\u010dju planine Radovan (Gornji Vakuf) zbog \u010dega je biv\u0161i zapovjednik Tre\u0107eg korpusa bo\u0161nja\u010dke Armije BiH, Hanefija Priji\u0107 Paraga, u Italiji osu\u0111en na [&hellip;]\" \/>\n<meta property=\"og:url\" content=\"https:\/\/radioljubuski.ba\/index.php\/2021\/05\/29\/na-danasnji-dan-prije-28-godina-bosnjacka-armija-bih-ubila-je-trojicu-talijanskih-humanitaraca\/\" \/>\n<meta property=\"og:site_name\" content=\"RADIO LJUBU\u0160KI\" \/>\n<meta property=\"article:publisher\" content=\"https:\/\/www.facebook.com\/Radiio-Ljubuski-1490835324566332\" \/>\n<meta property=\"article:published_time\" content=\"2021-05-29T15:38:26+00:00\" \/>\n<meta property=\"article:modified_time\" content=\"2021-05-29T15:38:27+00:00\" \/>\n<meta property=\"og:image\" content=\"https:\/\/radioljubuski.ba\/wp-content\/uploads\/2021\/05\/E2jDMOOWEAcpj-t.jpg\" \/>\n\t<meta property=\"og:image:width\" content=\"560\" \/>\n\t<meta property=\"og:image:height\" content=\"315\" \/>\n\t<meta property=\"og:image:type\" content=\"image\/jpeg\" \/>\n<meta name=\"author\" content=\"Radio Ljubu\u0161ki\" \/>\n<meta name=\"twitter:card\" content=\"summary_large_image\" \/>\n<meta name=\"twitter:creator\" content=\"@radioljubuski\" \/>\n<meta name=\"twitter:site\" content=\"@radioljubuski\" \/>\n<meta name=\"twitter:label1\" content=\"Napisao\/la\" \/>\n\t<meta name=\"twitter:data1\" content=\"Radio Ljubu\u0161ki\" \/>\n\t<meta name=\"twitter:label2\" content=\"Procijenjeno vrijeme \u010ditanja\" \/>\n\t<meta name=\"twitter:data2\" content=\"3 minute\" \/>\n<script type=\"application\/ld+json\" class=\"yoast-schema-graph\">{\"@context\":\"https:\\\/\\\/schema.org\",\"@graph\":[{\"@type\":\"Article\",\"@id\":\"https:\\\/\\\/radioljubuski.ba\\\/index.php\\\/2021\\\/05\\\/29\\\/na-danasnji-dan-prije-28-godina-bosnjacka-armija-bih-ubila-je-trojicu-talijanskih-humanitaraca\\\/#article\",\"isPartOf\":{\"@id\":\"https:\\\/\\\/radioljubuski.ba\\\/index.php\\\/2021\\\/05\\\/29\\\/na-danasnji-dan-prije-28-godina-bosnjacka-armija-bih-ubila-je-trojicu-talijanskih-humanitaraca\\\/\"},\"author\":{\"name\":\"Radio Ljubu\u0161ki\",\"@id\":\"https:\\\/\\\/radioljubuski.ba\\\/#\\\/schema\\\/person\\\/19fc700381a780f69665d7956c469e3b\"},\"headline\":\"Na dana\u0161nji dan, prije 28 godina, bo\u0161nja\u010dka Armija BiH ubila je trojicu talijanskih humanitaraca\",\"datePublished\":\"2021-05-29T15:38:26+00:00\",\"dateModified\":\"2021-05-29T15:38:27+00:00\",\"mainEntityOfPage\":{\"@id\":\"https:\\\/\\\/radioljubuski.ba\\\/index.php\\\/2021\\\/05\\\/29\\\/na-danasnji-dan-prije-28-godina-bosnjacka-armija-bih-ubila-je-trojicu-talijanskih-humanitaraca\\\/\"},\"wordCount\":623,\"publisher\":{\"@id\":\"https:\\\/\\\/radioljubuski.ba\\\/#organization\"},\"image\":{\"@id\":\"https:\\\/\\\/radioljubuski.ba\\\/index.php\\\/2021\\\/05\\\/29\\\/na-danasnji-dan-prije-28-godina-bosnjacka-armija-bih-ubila-je-trojicu-talijanskih-humanitaraca\\\/#primaryimage\"},\"thumbnailUrl\":\"https:\\\/\\\/radioljubuski.ba\\\/wp-content\\\/uploads\\\/2021\\\/05\\\/E2jDMOOWEAcpj-t.jpg\",\"articleSection\":[\"BIH i regija\"],\"inLanguage\":\"hr\"},{\"@type\":\"WebPage\",\"@id\":\"https:\\\/\\\/radioljubuski.ba\\\/index.php\\\/2021\\\/05\\\/29\\\/na-danasnji-dan-prije-28-godina-bosnjacka-armija-bih-ubila-je-trojicu-talijanskih-humanitaraca\\\/\",\"url\":\"https:\\\/\\\/radioljubuski.ba\\\/index.php\\\/2021\\\/05\\\/29\\\/na-danasnji-dan-prije-28-godina-bosnjacka-armija-bih-ubila-je-trojicu-talijanskih-humanitaraca\\\/\",\"name\":\"Na dana\u0161nji dan, prije 28 godina, bo\u0161nja\u010dka Armija BiH ubila je trojicu talijanskih humanitaraca - RADIO LJUBU\u0160KI\",\"isPartOf\":{\"@id\":\"https:\\\/\\\/radioljubuski.ba\\\/#website\"},\"primaryImageOfPage\":{\"@id\":\"https:\\\/\\\/radioljubuski.ba\\\/index.php\\\/2021\\\/05\\\/29\\\/na-danasnji-dan-prije-28-godina-bosnjacka-armija-bih-ubila-je-trojicu-talijanskih-humanitaraca\\\/#primaryimage\"},\"image\":{\"@id\":\"https:\\\/\\\/radioljubuski.ba\\\/index.php\\\/2021\\\/05\\\/29\\\/na-danasnji-dan-prije-28-godina-bosnjacka-armija-bih-ubila-je-trojicu-talijanskih-humanitaraca\\\/#primaryimage\"},\"thumbnailUrl\":\"https:\\\/\\\/radioljubuski.ba\\\/wp-content\\\/uploads\\\/2021\\\/05\\\/E2jDMOOWEAcpj-t.jpg\",\"datePublished\":\"2021-05-29T15:38:26+00:00\",\"dateModified\":\"2021-05-29T15:38:27+00:00\",\"breadcrumb\":{\"@id\":\"https:\\\/\\\/radioljubuski.ba\\\/index.php\\\/2021\\\/05\\\/29\\\/na-danasnji-dan-prije-28-godina-bosnjacka-armija-bih-ubila-je-trojicu-talijanskih-humanitaraca\\\/#breadcrumb\"},\"inLanguage\":\"hr\",\"potentialAction\":[{\"@type\":\"ReadAction\",\"target\":[\"https:\\\/\\\/radioljubuski.ba\\\/index.php\\\/2021\\\/05\\\/29\\\/na-danasnji-dan-prije-28-godina-bosnjacka-armija-bih-ubila-je-trojicu-talijanskih-humanitaraca\\\/\"]}]},{\"@type\":\"ImageObject\",\"inLanguage\":\"hr\",\"@id\":\"https:\\\/\\\/radioljubuski.ba\\\/index.php\\\/2021\\\/05\\\/29\\\/na-danasnji-dan-prije-28-godina-bosnjacka-armija-bih-ubila-je-trojicu-talijanskih-humanitaraca\\\/#primaryimage\",\"url\":\"https:\\\/\\\/radioljubuski.ba\\\/wp-content\\\/uploads\\\/2021\\\/05\\\/E2jDMOOWEAcpj-t.jpg\",\"contentUrl\":\"https:\\\/\\\/radioljubuski.ba\\\/wp-content\\\/uploads\\\/2021\\\/05\\\/E2jDMOOWEAcpj-t.jpg\",\"width\":560,\"height\":315},{\"@type\":\"BreadcrumbList\",\"@id\":\"https:\\\/\\\/radioljubuski.ba\\\/index.php\\\/2021\\\/05\\\/29\\\/na-danasnji-dan-prije-28-godina-bosnjacka-armija-bih-ubila-je-trojicu-talijanskih-humanitaraca\\\/#breadcrumb\",\"itemListElement\":[{\"@type\":\"ListItem\",\"position\":1,\"name\":\"Po\u010detna stranica\",\"item\":\"https:\\\/\\\/radioljubuski.ba\\\/\"},{\"@type\":\"ListItem\",\"position\":2,\"name\":\"Na dana\u0161nji dan, prije 28 godina, bo\u0161nja\u010dka Armija BiH ubila je trojicu talijanskih humanitaraca\"}]},{\"@type\":\"WebSite\",\"@id\":\"https:\\\/\\\/radioljubuski.ba\\\/#website\",\"url\":\"https:\\\/\\\/radioljubuski.ba\\\/\",\"name\":\"Radio Ljubu\u0161ki\",\"description\":\"Sun\u010dana frekvencija Hercegovine\",\"publisher\":{\"@id\":\"https:\\\/\\\/radioljubuski.ba\\\/#organization\"},\"potentialAction\":[{\"@type\":\"SearchAction\",\"target\":{\"@type\":\"EntryPoint\",\"urlTemplate\":\"https:\\\/\\\/radioljubuski.ba\\\/?s={search_term_string}\"},\"query-input\":{\"@type\":\"PropertyValueSpecification\",\"valueRequired\":true,\"valueName\":\"search_term_string\"}}],\"inLanguage\":\"hr\"},{\"@type\":\"Organization\",\"@id\":\"https:\\\/\\\/radioljubuski.ba\\\/#organization\",\"name\":\"Radio Ljubu\u0161ki\",\"url\":\"https:\\\/\\\/radioljubuski.ba\\\/\",\"logo\":{\"@type\":\"ImageObject\",\"inLanguage\":\"hr\",\"@id\":\"https:\\\/\\\/radioljubuski.ba\\\/#\\\/schema\\\/logo\\\/image\\\/\",\"url\":\"https:\\\/\\\/radioljubuski.ba\\\/wp-content\\\/uploads\\\/2021\\\/02\\\/cropped-Radio_Ljubuski_logo1.jpg\",\"contentUrl\":\"https:\\\/\\\/radioljubuski.ba\\\/wp-content\\\/uploads\\\/2021\\\/02\\\/cropped-Radio_Ljubuski_logo1.jpg\",\"width\":512,\"height\":512,\"caption\":\"Radio Ljubu\u0161ki\"},\"image\":{\"@id\":\"https:\\\/\\\/radioljubuski.ba\\\/#\\\/schema\\\/logo\\\/image\\\/\"},\"sameAs\":[\"https:\\\/\\\/www.facebook.com\\\/Radiio-Ljubuski-1490835324566332\",\"https:\\\/\\\/x.com\\\/radioljubuski\",\"https:\\\/\\\/hr.linkedin.com\\\/company\\\/radio-ljubuski\",\"https:\\\/\\\/www.youtube.com\\\/channel\\\/UCHYaeO_n0Db3tjNGudGpXyw\"]},{\"@type\":\"Person\",\"@id\":\"https:\\\/\\\/radioljubuski.ba\\\/#\\\/schema\\\/person\\\/19fc700381a780f69665d7956c469e3b\",\"name\":\"Radio Ljubu\u0161ki\"}]}<\/script>\n<!-- \/ Yoast SEO plugin. -->","yoast_head_json":{"title":"Na dana\u0161nji dan, prije 28 godina, bo\u0161nja\u010dka Armija BiH ubila je trojicu talijanskih humanitaraca - RADIO LJUBU\u0160KI","robots":{"index":"index","follow":"follow","max-snippet":"max-snippet:-1","max-image-preview":"max-image-preview:large","max-video-preview":"max-video-preview:-1"},"canonical":"https:\/\/radioljubuski.ba\/index.php\/2021\/05\/29\/na-danasnji-dan-prije-28-godina-bosnjacka-armija-bih-ubila-je-trojicu-talijanskih-humanitaraca\/","og_locale":"hr_HR","og_type":"article","og_title":"Na dana\u0161nji dan, prije 28 godina, bo\u0161nja\u010dka Armija BiH ubila je trojicu talijanskih humanitaraca - RADIO LJUBU\u0160KI","og_description":"Twitter profil \u201cHrvati Bosne i Hercegovine\u201d, koji zadnjih godina detaljno opisuje zlo\u010dine bo\u0161nja\u010dke Armije BiH nad Hrvatima, objavio je malo poznatu pri\u010du o svirepom ubojstvu trojice talijanskih humanitaraca u svibnju 1993. godine na podru\u010dju planine Radovan (Gornji Vakuf) zbog \u010dega je biv\u0161i zapovjednik Tre\u0107eg korpusa bo\u0161nja\u010dke Armije BiH, Hanefija Priji\u0107 Paraga, u Italiji osu\u0111en na [&hellip;]","og_url":"https:\/\/radioljubuski.ba\/index.php\/2021\/05\/29\/na-danasnji-dan-prije-28-godina-bosnjacka-armija-bih-ubila-je-trojicu-talijanskih-humanitaraca\/","og_site_name":"RADIO LJUBU\u0160KI","article_publisher":"https:\/\/www.facebook.com\/Radiio-Ljubuski-1490835324566332","article_published_time":"2021-05-29T15:38:26+00:00","article_modified_time":"2021-05-29T15:38:27+00:00","og_image":[{"width":560,"height":315,"url":"https:\/\/radioljubuski.ba\/wp-content\/uploads\/2021\/05\/E2jDMOOWEAcpj-t.jpg","type":"image\/jpeg"}],"author":"Radio Ljubu\u0161ki","twitter_card":"summary_large_image","twitter_creator":"@radioljubuski","twitter_site":"@radioljubuski","twitter_misc":{"Napisao\/la":"Radio Ljubu\u0161ki","Procijenjeno vrijeme \u010ditanja":"3 minute"},"schema":{"@context":"https:\/\/schema.org","@graph":[{"@type":"Article","@id":"https:\/\/radioljubuski.ba\/index.php\/2021\/05\/29\/na-danasnji-dan-prije-28-godina-bosnjacka-armija-bih-ubila-je-trojicu-talijanskih-humanitaraca\/#article","isPartOf":{"@id":"https:\/\/radioljubuski.ba\/index.php\/2021\/05\/29\/na-danasnji-dan-prije-28-godina-bosnjacka-armija-bih-ubila-je-trojicu-talijanskih-humanitaraca\/"},"author":{"name":"Radio Ljubu\u0161ki","@id":"https:\/\/radioljubuski.ba\/#\/schema\/person\/19fc700381a780f69665d7956c469e3b"},"headline":"Na dana\u0161nji dan, prije 28 godina, bo\u0161nja\u010dka Armija BiH ubila je trojicu talijanskih humanitaraca","datePublished":"2021-05-29T15:38:26+00:00","dateModified":"2021-05-29T15:38:27+00:00","mainEntityOfPage":{"@id":"https:\/\/radioljubuski.ba\/index.php\/2021\/05\/29\/na-danasnji-dan-prije-28-godina-bosnjacka-armija-bih-ubila-je-trojicu-talijanskih-humanitaraca\/"},"wordCount":623,"publisher":{"@id":"https:\/\/radioljubuski.ba\/#organization"},"image":{"@id":"https:\/\/radioljubuski.ba\/index.php\/2021\/05\/29\/na-danasnji-dan-prije-28-godina-bosnjacka-armija-bih-ubila-je-trojicu-talijanskih-humanitaraca\/#primaryimage"},"thumbnailUrl":"https:\/\/radioljubuski.ba\/wp-content\/uploads\/2021\/05\/E2jDMOOWEAcpj-t.jpg","articleSection":["BIH i regija"],"inLanguage":"hr"},{"@type":"WebPage","@id":"https:\/\/radioljubuski.ba\/index.php\/2021\/05\/29\/na-danasnji-dan-prije-28-godina-bosnjacka-armija-bih-ubila-je-trojicu-talijanskih-humanitaraca\/","url":"https:\/\/radioljubuski.ba\/index.php\/2021\/05\/29\/na-danasnji-dan-prije-28-godina-bosnjacka-armija-bih-ubila-je-trojicu-talijanskih-humanitaraca\/","name":"Na dana\u0161nji dan, prije 28 godina, bo\u0161nja\u010dka Armija BiH ubila je trojicu talijanskih humanitaraca - RADIO LJUBU\u0160KI","isPartOf":{"@id":"https:\/\/radioljubuski.ba\/#website"},"primaryImageOfPage":{"@id":"https:\/\/radioljubuski.ba\/index.php\/2021\/05\/29\/na-danasnji-dan-prije-28-godina-bosnjacka-armija-bih-ubila-je-trojicu-talijanskih-humanitaraca\/#primaryimage"},"image":{"@id":"https:\/\/radioljubuski.ba\/index.php\/2021\/05\/29\/na-danasnji-dan-prije-28-godina-bosnjacka-armija-bih-ubila-je-trojicu-talijanskih-humanitaraca\/#primaryimage"},"thumbnailUrl":"https:\/\/radioljubuski.ba\/wp-content\/uploads\/2021\/05\/E2jDMOOWEAcpj-t.jpg","datePublished":"2021-05-29T15:38:26+00:00","dateModified":"2021-05-29T15:38:27+00:00","breadcrumb":{"@id":"https:\/\/radioljubuski.ba\/index.php\/2021\/05\/29\/na-danasnji-dan-prije-28-godina-bosnjacka-armija-bih-ubila-je-trojicu-talijanskih-humanitaraca\/#breadcrumb"},"inLanguage":"hr","potentialAction":[{"@type":"ReadAction","target":["https:\/\/radioljubuski.ba\/index.php\/2021\/05\/29\/na-danasnji-dan-prije-28-godina-bosnjacka-armija-bih-ubila-je-trojicu-talijanskih-humanitaraca\/"]}]},{"@type":"ImageObject","inLanguage":"hr","@id":"https:\/\/radioljubuski.ba\/index.php\/2021\/05\/29\/na-danasnji-dan-prije-28-godina-bosnjacka-armija-bih-ubila-je-trojicu-talijanskih-humanitaraca\/#primaryimage","url":"https:\/\/radioljubuski.ba\/wp-content\/uploads\/2021\/05\/E2jDMOOWEAcpj-t.jpg","contentUrl":"https:\/\/radioljubuski.ba\/wp-content\/uploads\/2021\/05\/E2jDMOOWEAcpj-t.jpg","width":560,"height":315},{"@type":"BreadcrumbList","@id":"https:\/\/radioljubuski.ba\/index.php\/2021\/05\/29\/na-danasnji-dan-prije-28-godina-bosnjacka-armija-bih-ubila-je-trojicu-talijanskih-humanitaraca\/#breadcrumb","itemListElement":[{"@type":"ListItem","position":1,"name":"Po\u010detna stranica","item":"https:\/\/radioljubuski.ba\/"},{"@type":"ListItem","position":2,"name":"Na dana\u0161nji dan, prije 28 godina, bo\u0161nja\u010dka Armija BiH ubila je trojicu talijanskih humanitaraca"}]},{"@type":"WebSite","@id":"https:\/\/radioljubuski.ba\/#website","url":"https:\/\/radioljubuski.ba\/","name":"Radio Ljubu\u0161ki","description":"Sun\u010dana frekvencija Hercegovine","publisher":{"@id":"https:\/\/radioljubuski.ba\/#organization"},"potentialAction":[{"@type":"SearchAction","target":{"@type":"EntryPoint","urlTemplate":"https:\/\/radioljubuski.ba\/?s={search_term_string}"},"query-input":{"@type":"PropertyValueSpecification","valueRequired":true,"valueName":"search_term_string"}}],"inLanguage":"hr"},{"@type":"Organization","@id":"https:\/\/radioljubuski.ba\/#organization","name":"Radio Ljubu\u0161ki","url":"https:\/\/radioljubuski.ba\/","logo":{"@type":"ImageObject","inLanguage":"hr","@id":"https:\/\/radioljubuski.ba\/#\/schema\/logo\/image\/","url":"https:\/\/radioljubuski.ba\/wp-content\/uploads\/2021\/02\/cropped-Radio_Ljubuski_logo1.jpg","contentUrl":"https:\/\/radioljubuski.ba\/wp-content\/uploads\/2021\/02\/cropped-Radio_Ljubuski_logo1.jpg","width":512,"height":512,"caption":"Radio Ljubu\u0161ki"},"image":{"@id":"https:\/\/radioljubuski.ba\/#\/schema\/logo\/image\/"},"sameAs":["https:\/\/www.facebook.com\/Radiio-Ljubuski-1490835324566332","https:\/\/x.com\/radioljubuski","https:\/\/hr.linkedin.com\/company\/radio-ljubuski","https:\/\/www.youtube.com\/channel\/UCHYaeO_n0Db3tjNGudGpXyw"]},{"@type":"Person","@id":"https:\/\/radioljubuski.ba\/#\/schema\/person\/19fc700381a780f69665d7956c469e3b","name":"Radio Ljubu\u0161ki"}]}},"_links":{"self":[{"href":"https:\/\/radioljubuski.ba\/index.php\/wp-json\/wp\/v2\/posts\/26391","targetHints":{"allow":["GET"]}}],"collection":[{"href":"https:\/\/radioljubuski.ba\/index.php\/wp-json\/wp\/v2\/posts"}],"about":[{"href":"https:\/\/radioljubuski.ba\/index.php\/wp-json\/wp\/v2\/types\/post"}],"author":[{"embeddable":true,"href":"https:\/\/radioljubuski.ba\/index.php\/wp-json\/wp\/v2\/users\/2"}],"replies":[{"embeddable":true,"href":"https:\/\/radioljubuski.ba\/index.php\/wp-json\/wp\/v2\/comments?post=26391"}],"version-history":[{"count":1,"href":"https:\/\/radioljubuski.ba\/index.php\/wp-json\/wp\/v2\/posts\/26391\/revisions"}],"predecessor-version":[{"id":26393,"href":"https:\/\/radioljubuski.ba\/index.php\/wp-json\/wp\/v2\/posts\/26391\/revisions\/26393"}],"wp:featuredmedia":[{"embeddable":true,"href":"https:\/\/radioljubuski.ba\/index.php\/wp-json\/wp\/v2\/media\/26392"}],"wp:attachment":[{"href":"https:\/\/radioljubuski.ba\/index.php\/wp-json\/wp\/v2\/media?parent=26391"}],"wp:term":[{"taxonomy":"category","embeddable":true,"href":"https:\/\/radioljubuski.ba\/index.php\/wp-json\/wp\/v2\/categories?post=26391"},{"taxonomy":"post_tag","embeddable":true,"href":"https:\/\/radioljubuski.ba\/index.php\/wp-json\/wp\/v2\/tags?post=26391"}],"curies":[{"name":"wp","href":"https:\/\/api.w.org\/{rel}","templated":true}]}}