{"id":26397,"date":"2021-05-29T16:42:42","date_gmt":"2021-05-29T15:42:42","guid":{"rendered":"https:\/\/radioljubuski.ba\/?p=26397"},"modified":"2021-05-29T16:42:43","modified_gmt":"2021-05-29T15:42:43","slug":"kramaric-trenutno-ima-puno-boljih-momcadi-od-nas","status":"publish","type":"post","link":"https:\/\/radioljubuski.ba\/index.php\/2021\/05\/29\/kramaric-trenutno-ima-puno-boljih-momcadi-od-nas\/","title":{"rendered":"Kramari\u0107: Trenutno ima puno boljih mom\u010dadi od nas"},"content":{"rendered":"\n<p><strong>Andrej Kramari\u0107 imao je odli\u010dnu sezonu u svojem Hoffenheimu te su velika o\u010dekivanja i od njegova nastupa za Hrvatsku na Europskom nogometnom prvenstvu.<\/strong><\/p>\n\n\n\n<p>&#8211; Lijep i super osje\u0107aj je vratiti se i biti tu s de\u010dkima. Naravno da se ne vidimo tako \u010desto, sada nam je prilika da poku\u0161amo napraviti ne\u0161to veliko. Motivirani smo, bit \u0107e nam zanimljivo, nadam se da \u0107emo ostvariti to \u0161to poku\u0161avamo ostvariti, istaknuo je napada\u010d hrvatske reprezentacije&nbsp;<strong>Andrej Kramari\u0107<\/strong>.&nbsp;<br><br>Osvrnuo se i na sezonu koja je iza njega.<br><br>&#8211; Ja se ne osje\u0107am umorno koliko god da mi je sezona bila isprekidana i s koronom i sa sitnim ozljedama. Spreman sam i motiviran te imam energije i \u017eelje nastaviti gdje sam stao.<br><br>Kramari\u0107 se sla\u017ee da mu je statisti\u010dki ovo jedna od najboljih sezona u karijeri.<br><br>&#8211; Golovi sve govore. Moram biti zadovoljan i poku\u0161ati tako nastaviti dalje. Naravno da ne\u0107e biti lako. Kao klub nismo igrali najbolje.&nbsp;<br><br>Ka\u017ee da je \u0161to se trenera ti\u010de da je&nbsp;<strong>Julian Nagelsmann&nbsp;<\/strong>najbolji s kojim je radio.<br><br>&#8211; Zbog njegovih ideja, razmi\u0161ljanja, pristupu treninzima i igra\u010dima. Svi igra\u010di su prihvatili njegove ideje, a on je tra\u017eio najvi\u0161e od svakog igra\u010da. To sam jo\u0161 prije tri godine govorio da \u0107e po meni biti najbolji trener na svijetu, a ve\u0107 je i sada.<br><br>Govore\u0107i o Bayernu i mogu\u0107em transferu u legendarni njema\u010dki klub, Kramari\u0107 ka\u017ee:<br><br>&#8211; Bilo bi lijepo ponovno se s njim susresti, ali prepustit \u0107emo to nekim drugim matemati\u010darima, isti\u010de.<br><br>\u0160to se ti\u010de ostanka u Hoffenheimu Kramari\u0107 ka\u017ee:<br><br>&#8211; Svi me stalno pitaju oko toga, da ne ka\u017eem, gnjave. Znaju da je meni u Hoffenheimu super, da sam zadovoljan sa statusom, ugovorom, na\u010dinom \u017eivota. Vidjet \u0107emo \u0161to \u0107e biti, ulazim u zadnju godinu ugovora, na neki na\u010din ne mogu izgubiti u toj situaciji. Ja volim Hoffenheim, \u0161to god da se dogodi na Europskom, ja \u0107u i dalje biti sretan.&nbsp;<br><br>\u0160to se ti\u010de Hrvatske i Europskog prvenstva, ka\u017ee da mu je te\u0161ko predvidjeti do kuda Hrvatska mo\u017ee do\u0107i.<br><br>&#8211; Kri\u017eamo se s razli\u010ditim grupama, s jakim protivnicima. Moramo biti realni, sigurno da ima trenutno puno boljih mom\u010dadi od nas. Mi smo ponovno potencijalno dobra ekipa, koja mo\u017ee napraviti \u010dudesan rezultat, a doslovno mo\u017eemo ispasti u grupi. Mislim da bi mogli puno napraviti, ali nikada ne zna\u0161 \u0161to stoji ispred nas, kakav \u0107e se dan dogoditi, potrebno je i sre\u0107e. Sude\u0107i po onom \u0161to sam vidio i \u0161to osje\u0107am, motivirani smo, imamo dobru ekipu, potencijalne mlade igra\u010de, Luka je jo\u0161 uvijek tu. Prave rije\u010di treba pokazati na terenu, a ne za stolom.&nbsp;&nbsp;<br><br>Osvrnu se i na Wembley i 3:2 pobjedu Hrvatske u kvalifikacijama za Euro 2008.&nbsp;<br><br>&#8211; Ne znam kakvo je stanje u Engleskoj, pisalo se da bi mo\u017eda mogao biti pun stadion. Bit \u0107e zanimljivo vidjeti kako \u0107e igra\u010di reagirati na navija\u010de, ve\u0107ina igra\u010da nije do\u017eivjela utakmicu s navija\u010dima. To bi trebao biti dodatni motiv i energija, kako za njih tako i za nas. Da barem bude pun stadion, isti\u010de.&nbsp;<\/p>\n\n\n\n<p>Izvor:hrt.hr<\/p>\n","protected":false},"excerpt":{"rendered":"<p>Andrej Kramari\u0107 imao je odli\u010dnu sezonu u svojem Hoffenheimu te su velika o\u010dekivanja i od njegova nastupa za Hrvatsku na Europskom nogometnom prvenstvu. &#8211; Lijep i super osje\u0107aj je vratiti se i biti tu s de\u010dkima. Naravno da se ne vidimo tako \u010desto, sada nam je prilika da poku\u0161amo napraviti ne\u0161to veliko. Motivirani smo, bit [&hellip;]<\/p>\n","protected":false},"author":2,"featured_media":26398,"comment_status":"closed","ping_status":"closed","sticky":false,"template":"","format":"standard","meta":{"h5ap_radio_sources":[],"footnotes":""},"categories":[1],"tags":[],"class_list":["post-26397","post","type-post","status-publish","format-standard","has-post-thumbnail","hentry","category-bihiregija"],"yoast_head":"<!-- This site is optimized with the Yoast SEO plugin v27.4 - https:\/\/yoast.com\/product\/yoast-seo-wordpress\/ -->\n<title>Kramari\u0107: Trenutno ima puno boljih mom\u010dadi od nas - RADIO LJUBU\u0160KI<\/title>\n<meta name=\"robots\" content=\"index, follow, max-snippet:-1, max-image-preview:large, max-video-preview:-1\" \/>\n<link rel=\"canonical\" href=\"https:\/\/radioljubuski.ba\/index.php\/2021\/05\/29\/kramaric-trenutno-ima-puno-boljih-momcadi-od-nas\/\" \/>\n<meta property=\"og:locale\" content=\"hr_HR\" \/>\n<meta property=\"og:type\" content=\"article\" \/>\n<meta property=\"og:title\" content=\"Kramari\u0107: Trenutno ima puno boljih mom\u010dadi od nas - RADIO LJUBU\u0160KI\" \/>\n<meta property=\"og:description\" content=\"Andrej Kramari\u0107 imao je odli\u010dnu sezonu u svojem Hoffenheimu te su velika o\u010dekivanja i od njegova nastupa za Hrvatsku na Europskom nogometnom prvenstvu. &#8211; Lijep i super osje\u0107aj je vratiti se i biti tu s de\u010dkima. Naravno da se ne vidimo tako \u010desto, sada nam je prilika da poku\u0161amo napraviti ne\u0161to veliko. Motivirani smo, bit [&hellip;]\" \/>\n<meta property=\"og:url\" content=\"https:\/\/radioljubuski.ba\/index.php\/2021\/05\/29\/kramaric-trenutno-ima-puno-boljih-momcadi-od-nas\/\" \/>\n<meta property=\"og:site_name\" content=\"RADIO LJUBU\u0160KI\" \/>\n<meta property=\"article:publisher\" content=\"https:\/\/www.facebook.com\/Radiio-Ljubuski-1490835324566332\" \/>\n<meta property=\"article:published_time\" content=\"2021-05-29T15:42:42+00:00\" \/>\n<meta property=\"article:modified_time\" content=\"2021-05-29T15:42:43+00:00\" \/>\n<meta property=\"og:image\" content=\"https:\/\/radioljubuski.ba\/wp-content\/uploads\/2021\/05\/Screenshot_2-20.png\" \/>\n\t<meta property=\"og:image:width\" content=\"684\" \/>\n\t<meta property=\"og:image:height\" content=\"455\" \/>\n\t<meta property=\"og:image:type\" content=\"image\/png\" \/>\n<meta name=\"author\" content=\"Radio Ljubu\u0161ki\" \/>\n<meta name=\"twitter:card\" content=\"summary_large_image\" \/>\n<meta name=\"twitter:creator\" content=\"@radioljubuski\" \/>\n<meta name=\"twitter:site\" content=\"@radioljubuski\" \/>\n<meta name=\"twitter:label1\" content=\"Napisao\/la\" \/>\n\t<meta name=\"twitter:data1\" content=\"Radio Ljubu\u0161ki\" \/>\n\t<meta name=\"twitter:label2\" content=\"Procijenjeno vrijeme \u010ditanja\" \/>\n\t<meta name=\"twitter:data2\" content=\"3 minute\" \/>\n<script type=\"application\/ld+json\" class=\"yoast-schema-graph\">{\"@context\":\"https:\\\/\\\/schema.org\",\"@graph\":[{\"@type\":\"Article\",\"@id\":\"https:\\\/\\\/radioljubuski.ba\\\/index.php\\\/2021\\\/05\\\/29\\\/kramaric-trenutno-ima-puno-boljih-momcadi-od-nas\\\/#article\",\"isPartOf\":{\"@id\":\"https:\\\/\\\/radioljubuski.ba\\\/index.php\\\/2021\\\/05\\\/29\\\/kramaric-trenutno-ima-puno-boljih-momcadi-od-nas\\\/\"},\"author\":{\"name\":\"Radio Ljubu\u0161ki\",\"@id\":\"https:\\\/\\\/radioljubuski.ba\\\/#\\\/schema\\\/person\\\/19fc700381a780f69665d7956c469e3b\"},\"headline\":\"Kramari\u0107: Trenutno ima puno boljih mom\u010dadi od nas\",\"datePublished\":\"2021-05-29T15:42:42+00:00\",\"dateModified\":\"2021-05-29T15:42:43+00:00\",\"mainEntityOfPage\":{\"@id\":\"https:\\\/\\\/radioljubuski.ba\\\/index.php\\\/2021\\\/05\\\/29\\\/kramaric-trenutno-ima-puno-boljih-momcadi-od-nas\\\/\"},\"wordCount\":565,\"publisher\":{\"@id\":\"https:\\\/\\\/radioljubuski.ba\\\/#organization\"},\"image\":{\"@id\":\"https:\\\/\\\/radioljubuski.ba\\\/index.php\\\/2021\\\/05\\\/29\\\/kramaric-trenutno-ima-puno-boljih-momcadi-od-nas\\\/#primaryimage\"},\"thumbnailUrl\":\"https:\\\/\\\/radioljubuski.ba\\\/wp-content\\\/uploads\\\/2021\\\/05\\\/Screenshot_2-20.png\",\"articleSection\":[\"BIH i regija\"],\"inLanguage\":\"hr\"},{\"@type\":\"WebPage\",\"@id\":\"https:\\\/\\\/radioljubuski.ba\\\/index.php\\\/2021\\\/05\\\/29\\\/kramaric-trenutno-ima-puno-boljih-momcadi-od-nas\\\/\",\"url\":\"https:\\\/\\\/radioljubuski.ba\\\/index.php\\\/2021\\\/05\\\/29\\\/kramaric-trenutno-ima-puno-boljih-momcadi-od-nas\\\/\",\"name\":\"Kramari\u0107: Trenutno ima puno boljih mom\u010dadi od nas - RADIO LJUBU\u0160KI\",\"isPartOf\":{\"@id\":\"https:\\\/\\\/radioljubuski.ba\\\/#website\"},\"primaryImageOfPage\":{\"@id\":\"https:\\\/\\\/radioljubuski.ba\\\/index.php\\\/2021\\\/05\\\/29\\\/kramaric-trenutno-ima-puno-boljih-momcadi-od-nas\\\/#primaryimage\"},\"image\":{\"@id\":\"https:\\\/\\\/radioljubuski.ba\\\/index.php\\\/2021\\\/05\\\/29\\\/kramaric-trenutno-ima-puno-boljih-momcadi-od-nas\\\/#primaryimage\"},\"thumbnailUrl\":\"https:\\\/\\\/radioljubuski.ba\\\/wp-content\\\/uploads\\\/2021\\\/05\\\/Screenshot_2-20.png\",\"datePublished\":\"2021-05-29T15:42:42+00:00\",\"dateModified\":\"2021-05-29T15:42:43+00:00\",\"breadcrumb\":{\"@id\":\"https:\\\/\\\/radioljubuski.ba\\\/index.php\\\/2021\\\/05\\\/29\\\/kramaric-trenutno-ima-puno-boljih-momcadi-od-nas\\\/#breadcrumb\"},\"inLanguage\":\"hr\",\"potentialAction\":[{\"@type\":\"ReadAction\",\"target\":[\"https:\\\/\\\/radioljubuski.ba\\\/index.php\\\/2021\\\/05\\\/29\\\/kramaric-trenutno-ima-puno-boljih-momcadi-od-nas\\\/\"]}]},{\"@type\":\"ImageObject\",\"inLanguage\":\"hr\",\"@id\":\"https:\\\/\\\/radioljubuski.ba\\\/index.php\\\/2021\\\/05\\\/29\\\/kramaric-trenutno-ima-puno-boljih-momcadi-od-nas\\\/#primaryimage\",\"url\":\"https:\\\/\\\/radioljubuski.ba\\\/wp-content\\\/uploads\\\/2021\\\/05\\\/Screenshot_2-20.png\",\"contentUrl\":\"https:\\\/\\\/radioljubuski.ba\\\/wp-content\\\/uploads\\\/2021\\\/05\\\/Screenshot_2-20.png\",\"width\":684,\"height\":455},{\"@type\":\"BreadcrumbList\",\"@id\":\"https:\\\/\\\/radioljubuski.ba\\\/index.php\\\/2021\\\/05\\\/29\\\/kramaric-trenutno-ima-puno-boljih-momcadi-od-nas\\\/#breadcrumb\",\"itemListElement\":[{\"@type\":\"ListItem\",\"position\":1,\"name\":\"Po\u010detna stranica\",\"item\":\"https:\\\/\\\/radioljubuski.ba\\\/\"},{\"@type\":\"ListItem\",\"position\":2,\"name\":\"Kramari\u0107: Trenutno ima puno boljih mom\u010dadi od nas\"}]},{\"@type\":\"WebSite\",\"@id\":\"https:\\\/\\\/radioljubuski.ba\\\/#website\",\"url\":\"https:\\\/\\\/radioljubuski.ba\\\/\",\"name\":\"Radio Ljubu\u0161ki\",\"description\":\"Sun\u010dana frekvencija Hercegovine\",\"publisher\":{\"@id\":\"https:\\\/\\\/radioljubuski.ba\\\/#organization\"},\"potentialAction\":[{\"@type\":\"SearchAction\",\"target\":{\"@type\":\"EntryPoint\",\"urlTemplate\":\"https:\\\/\\\/radioljubuski.ba\\\/?s={search_term_string}\"},\"query-input\":{\"@type\":\"PropertyValueSpecification\",\"valueRequired\":true,\"valueName\":\"search_term_string\"}}],\"inLanguage\":\"hr\"},{\"@type\":\"Organization\",\"@id\":\"https:\\\/\\\/radioljubuski.ba\\\/#organization\",\"name\":\"Radio Ljubu\u0161ki\",\"url\":\"https:\\\/\\\/radioljubuski.ba\\\/\",\"logo\":{\"@type\":\"ImageObject\",\"inLanguage\":\"hr\",\"@id\":\"https:\\\/\\\/radioljubuski.ba\\\/#\\\/schema\\\/logo\\\/image\\\/\",\"url\":\"https:\\\/\\\/radioljubuski.ba\\\/wp-content\\\/uploads\\\/2021\\\/02\\\/cropped-Radio_Ljubuski_logo1.jpg\",\"contentUrl\":\"https:\\\/\\\/radioljubuski.ba\\\/wp-content\\\/uploads\\\/2021\\\/02\\\/cropped-Radio_Ljubuski_logo1.jpg\",\"width\":512,\"height\":512,\"caption\":\"Radio Ljubu\u0161ki\"},\"image\":{\"@id\":\"https:\\\/\\\/radioljubuski.ba\\\/#\\\/schema\\\/logo\\\/image\\\/\"},\"sameAs\":[\"https:\\\/\\\/www.facebook.com\\\/Radiio-Ljubuski-1490835324566332\",\"https:\\\/\\\/x.com\\\/radioljubuski\",\"https:\\\/\\\/hr.linkedin.com\\\/company\\\/radio-ljubuski\",\"https:\\\/\\\/www.youtube.com\\\/channel\\\/UCHYaeO_n0Db3tjNGudGpXyw\"]},{\"@type\":\"Person\",\"@id\":\"https:\\\/\\\/radioljubuski.ba\\\/#\\\/schema\\\/person\\\/19fc700381a780f69665d7956c469e3b\",\"name\":\"Radio Ljubu\u0161ki\"}]}<\/script>\n<!-- \/ Yoast SEO plugin. -->","yoast_head_json":{"title":"Kramari\u0107: Trenutno ima puno boljih mom\u010dadi od nas - RADIO LJUBU\u0160KI","robots":{"index":"index","follow":"follow","max-snippet":"max-snippet:-1","max-image-preview":"max-image-preview:large","max-video-preview":"max-video-preview:-1"},"canonical":"https:\/\/radioljubuski.ba\/index.php\/2021\/05\/29\/kramaric-trenutno-ima-puno-boljih-momcadi-od-nas\/","og_locale":"hr_HR","og_type":"article","og_title":"Kramari\u0107: Trenutno ima puno boljih mom\u010dadi od nas - RADIO LJUBU\u0160KI","og_description":"Andrej Kramari\u0107 imao je odli\u010dnu sezonu u svojem Hoffenheimu te su velika o\u010dekivanja i od njegova nastupa za Hrvatsku na Europskom nogometnom prvenstvu. &#8211; Lijep i super osje\u0107aj je vratiti se i biti tu s de\u010dkima. Naravno da se ne vidimo tako \u010desto, sada nam je prilika da poku\u0161amo napraviti ne\u0161to veliko. Motivirani smo, bit [&hellip;]","og_url":"https:\/\/radioljubuski.ba\/index.php\/2021\/05\/29\/kramaric-trenutno-ima-puno-boljih-momcadi-od-nas\/","og_site_name":"RADIO LJUBU\u0160KI","article_publisher":"https:\/\/www.facebook.com\/Radiio-Ljubuski-1490835324566332","article_published_time":"2021-05-29T15:42:42+00:00","article_modified_time":"2021-05-29T15:42:43+00:00","og_image":[{"width":684,"height":455,"url":"https:\/\/radioljubuski.ba\/wp-content\/uploads\/2021\/05\/Screenshot_2-20.png","type":"image\/png"}],"author":"Radio Ljubu\u0161ki","twitter_card":"summary_large_image","twitter_creator":"@radioljubuski","twitter_site":"@radioljubuski","twitter_misc":{"Napisao\/la":"Radio Ljubu\u0161ki","Procijenjeno vrijeme \u010ditanja":"3 minute"},"schema":{"@context":"https:\/\/schema.org","@graph":[{"@type":"Article","@id":"https:\/\/radioljubuski.ba\/index.php\/2021\/05\/29\/kramaric-trenutno-ima-puno-boljih-momcadi-od-nas\/#article","isPartOf":{"@id":"https:\/\/radioljubuski.ba\/index.php\/2021\/05\/29\/kramaric-trenutno-ima-puno-boljih-momcadi-od-nas\/"},"author":{"name":"Radio Ljubu\u0161ki","@id":"https:\/\/radioljubuski.ba\/#\/schema\/person\/19fc700381a780f69665d7956c469e3b"},"headline":"Kramari\u0107: Trenutno ima puno boljih mom\u010dadi od nas","datePublished":"2021-05-29T15:42:42+00:00","dateModified":"2021-05-29T15:42:43+00:00","mainEntityOfPage":{"@id":"https:\/\/radioljubuski.ba\/index.php\/2021\/05\/29\/kramaric-trenutno-ima-puno-boljih-momcadi-od-nas\/"},"wordCount":565,"publisher":{"@id":"https:\/\/radioljubuski.ba\/#organization"},"image":{"@id":"https:\/\/radioljubuski.ba\/index.php\/2021\/05\/29\/kramaric-trenutno-ima-puno-boljih-momcadi-od-nas\/#primaryimage"},"thumbnailUrl":"https:\/\/radioljubuski.ba\/wp-content\/uploads\/2021\/05\/Screenshot_2-20.png","articleSection":["BIH i regija"],"inLanguage":"hr"},{"@type":"WebPage","@id":"https:\/\/radioljubuski.ba\/index.php\/2021\/05\/29\/kramaric-trenutno-ima-puno-boljih-momcadi-od-nas\/","url":"https:\/\/radioljubuski.ba\/index.php\/2021\/05\/29\/kramaric-trenutno-ima-puno-boljih-momcadi-od-nas\/","name":"Kramari\u0107: Trenutno ima puno boljih mom\u010dadi od nas - RADIO LJUBU\u0160KI","isPartOf":{"@id":"https:\/\/radioljubuski.ba\/#website"},"primaryImageOfPage":{"@id":"https:\/\/radioljubuski.ba\/index.php\/2021\/05\/29\/kramaric-trenutno-ima-puno-boljih-momcadi-od-nas\/#primaryimage"},"image":{"@id":"https:\/\/radioljubuski.ba\/index.php\/2021\/05\/29\/kramaric-trenutno-ima-puno-boljih-momcadi-od-nas\/#primaryimage"},"thumbnailUrl":"https:\/\/radioljubuski.ba\/wp-content\/uploads\/2021\/05\/Screenshot_2-20.png","datePublished":"2021-05-29T15:42:42+00:00","dateModified":"2021-05-29T15:42:43+00:00","breadcrumb":{"@id":"https:\/\/radioljubuski.ba\/index.php\/2021\/05\/29\/kramaric-trenutno-ima-puno-boljih-momcadi-od-nas\/#breadcrumb"},"inLanguage":"hr","potentialAction":[{"@type":"ReadAction","target":["https:\/\/radioljubuski.ba\/index.php\/2021\/05\/29\/kramaric-trenutno-ima-puno-boljih-momcadi-od-nas\/"]}]},{"@type":"ImageObject","inLanguage":"hr","@id":"https:\/\/radioljubuski.ba\/index.php\/2021\/05\/29\/kramaric-trenutno-ima-puno-boljih-momcadi-od-nas\/#primaryimage","url":"https:\/\/radioljubuski.ba\/wp-content\/uploads\/2021\/05\/Screenshot_2-20.png","contentUrl":"https:\/\/radioljubuski.ba\/wp-content\/uploads\/2021\/05\/Screenshot_2-20.png","width":684,"height":455},{"@type":"BreadcrumbList","@id":"https:\/\/radioljubuski.ba\/index.php\/2021\/05\/29\/kramaric-trenutno-ima-puno-boljih-momcadi-od-nas\/#breadcrumb","itemListElement":[{"@type":"ListItem","position":1,"name":"Po\u010detna stranica","item":"https:\/\/radioljubuski.ba\/"},{"@type":"ListItem","position":2,"name":"Kramari\u0107: Trenutno ima puno boljih mom\u010dadi od nas"}]},{"@type":"WebSite","@id":"https:\/\/radioljubuski.ba\/#website","url":"https:\/\/radioljubuski.ba\/","name":"Radio Ljubu\u0161ki","description":"Sun\u010dana frekvencija Hercegovine","publisher":{"@id":"https:\/\/radioljubuski.ba\/#organization"},"potentialAction":[{"@type":"SearchAction","target":{"@type":"EntryPoint","urlTemplate":"https:\/\/radioljubuski.ba\/?s={search_term_string}"},"query-input":{"@type":"PropertyValueSpecification","valueRequired":true,"valueName":"search_term_string"}}],"inLanguage":"hr"},{"@type":"Organization","@id":"https:\/\/radioljubuski.ba\/#organization","name":"Radio Ljubu\u0161ki","url":"https:\/\/radioljubuski.ba\/","logo":{"@type":"ImageObject","inLanguage":"hr","@id":"https:\/\/radioljubuski.ba\/#\/schema\/logo\/image\/","url":"https:\/\/radioljubuski.ba\/wp-content\/uploads\/2021\/02\/cropped-Radio_Ljubuski_logo1.jpg","contentUrl":"https:\/\/radioljubuski.ba\/wp-content\/uploads\/2021\/02\/cropped-Radio_Ljubuski_logo1.jpg","width":512,"height":512,"caption":"Radio Ljubu\u0161ki"},"image":{"@id":"https:\/\/radioljubuski.ba\/#\/schema\/logo\/image\/"},"sameAs":["https:\/\/www.facebook.com\/Radiio-Ljubuski-1490835324566332","https:\/\/x.com\/radioljubuski","https:\/\/hr.linkedin.com\/company\/radio-ljubuski","https:\/\/www.youtube.com\/channel\/UCHYaeO_n0Db3tjNGudGpXyw"]},{"@type":"Person","@id":"https:\/\/radioljubuski.ba\/#\/schema\/person\/19fc700381a780f69665d7956c469e3b","name":"Radio Ljubu\u0161ki"}]}},"_links":{"self":[{"href":"https:\/\/radioljubuski.ba\/index.php\/wp-json\/wp\/v2\/posts\/26397","targetHints":{"allow":["GET"]}}],"collection":[{"href":"https:\/\/radioljubuski.ba\/index.php\/wp-json\/wp\/v2\/posts"}],"about":[{"href":"https:\/\/radioljubuski.ba\/index.php\/wp-json\/wp\/v2\/types\/post"}],"author":[{"embeddable":true,"href":"https:\/\/radioljubuski.ba\/index.php\/wp-json\/wp\/v2\/users\/2"}],"replies":[{"embeddable":true,"href":"https:\/\/radioljubuski.ba\/index.php\/wp-json\/wp\/v2\/comments?post=26397"}],"version-history":[{"count":1,"href":"https:\/\/radioljubuski.ba\/index.php\/wp-json\/wp\/v2\/posts\/26397\/revisions"}],"predecessor-version":[{"id":26399,"href":"https:\/\/radioljubuski.ba\/index.php\/wp-json\/wp\/v2\/posts\/26397\/revisions\/26399"}],"wp:featuredmedia":[{"embeddable":true,"href":"https:\/\/radioljubuski.ba\/index.php\/wp-json\/wp\/v2\/media\/26398"}],"wp:attachment":[{"href":"https:\/\/radioljubuski.ba\/index.php\/wp-json\/wp\/v2\/media?parent=26397"}],"wp:term":[{"taxonomy":"category","embeddable":true,"href":"https:\/\/radioljubuski.ba\/index.php\/wp-json\/wp\/v2\/categories?post=26397"},{"taxonomy":"post_tag","embeddable":true,"href":"https:\/\/radioljubuski.ba\/index.php\/wp-json\/wp\/v2\/tags?post=26397"}],"curies":[{"name":"wp","href":"https:\/\/api.w.org\/{rel}","templated":true}]}}