{"id":26445,"date":"2021-05-30T00:54:58","date_gmt":"2021-05-29T23:54:58","guid":{"rendered":"https:\/\/radioljubuski.ba\/?p=26445"},"modified":"2021-05-30T00:54:59","modified_gmt":"2021-05-29T23:54:59","slug":"gorjele-jahte-i-brodovi-u-kastelima-cule-se-i-eksplozije","status":"publish","type":"post","link":"https:\/\/radioljubuski.ba\/index.php\/2021\/05\/30\/gorjele-jahte-i-brodovi-u-kastelima-cule-se-i-eksplozije\/","title":{"rendered":"Gorjele jahte i brodovi u Ka\u0161telima, \u010dule se i eksplozije"},"content":{"rendered":"\n<p><strong>U marini u Ka\u0161tel Gomilici ve\u010deras je buknuo veliki po\u017ear. Vatra koja je planula na jednom brodu pro\u0161irila se na okolne. Ukupno je gorjelo pet brodova, izvijestili su vatrogasci. Po\u017ear je nakon nekog vremena stavljen po kontrolu i radi na se sanaciji i doga\u0161avanju \u0161to \u0107e potrajati.<\/strong><\/p>\n\n\n\n<p>Nema ozlije\u0111enih osoba, javila je Hrvatska televizija.<\/p>\n\n\n\n<figure class=\"wp-block-embed is-type-video is-provider-youtube wp-block-embed-youtube wp-embed-aspect-16-9 wp-has-aspect-ratio\"><div class=\"wp-block-embed__wrapper\">\n<iframe loading=\"lazy\" title=\"Jahta u plamenu u Ka\u0161telima\" width=\"640\" height=\"360\" src=\"https:\/\/www.youtube.com\/embed\/WBC7XOf9JbI?feature=oembed\" frameborder=\"0\" allow=\"accelerometer; autoplay; clipboard-write; encrypted-media; gyroscope; picture-in-picture; web-share\" referrerpolicy=\"strict-origin-when-cross-origin\" allowfullscreen><\/iframe>\n<\/div><\/figure>\n\n\n\n<p>Od pet brodova jedan se sam uzlijed po\u017eara otisnuo s mola, jednog su vatrogasci sami oteglili do pla\u017ee kako bi ga lak\u0161e gasili, a na tri broda se doga\u0161uje po\u017ear na samo vezu.<\/p>\n\n\n\n<p>Na terenu su anga\u017eirane sve raspolo\u017eive vatrogasne snage s ka\u0161telanskog i splitskog podru\u010dja, izvijestili su vatrogasci.<\/p>\n\n\n\n<p>Policija je ranije izvijestila kako je oko 20.15 u marini Ka\u0161tela u Ka\u0161tel Gomilici izbio je po\u017ear na vi\u0161e brodova na vanjskome vezu.<\/p>\n\n\n\n<p>Prema izjavama mje\u0161tana Ka\u0161tela, iz marine u Ka\u0161tel Gomilici vi\u0161e puta su se \u010dule eksplozije.<\/p>\n\n\n\n<p>\/HMS\/<\/p>\n","protected":false},"excerpt":{"rendered":"<p>U marini u Ka\u0161tel Gomilici ve\u010deras je buknuo veliki po\u017ear. Vatra koja je planula na jednom brodu pro\u0161irila se na okolne. Ukupno je gorjelo pet brodova, izvijestili su vatrogasci. Po\u017ear je nakon nekog vremena stavljen po kontrolu i radi na se sanaciji i doga\u0161avanju \u0161to \u0107e potrajati. Nema ozlije\u0111enih osoba, javila je Hrvatska televizija. Od [&hellip;]<\/p>\n","protected":false},"author":2,"featured_media":26446,"comment_status":"closed","ping_status":"closed","sticky":false,"template":"","format":"standard","meta":{"h5ap_radio_sources":[],"footnotes":""},"categories":[1],"tags":[],"class_list":["post-26445","post","type-post","status-publish","format-standard","has-post-thumbnail","hentry","category-bihiregija"],"yoast_head":"<!-- This site is optimized with the Yoast SEO plugin v27.4 - https:\/\/yoast.com\/product\/yoast-seo-wordpress\/ -->\n<title>Gorjele jahte i brodovi u Ka\u0161telima, \u010dule se i eksplozije - RADIO LJUBU\u0160KI<\/title>\n<meta name=\"robots\" content=\"index, follow, max-snippet:-1, max-image-preview:large, max-video-preview:-1\" \/>\n<link rel=\"canonical\" href=\"https:\/\/radioljubuski.ba\/index.php\/2021\/05\/30\/gorjele-jahte-i-brodovi-u-kastelima-cule-se-i-eksplozije\/\" \/>\n<meta property=\"og:locale\" content=\"hr_HR\" \/>\n<meta property=\"og:type\" content=\"article\" \/>\n<meta property=\"og:title\" content=\"Gorjele jahte i brodovi u Ka\u0161telima, \u010dule se i eksplozije - RADIO LJUBU\u0160KI\" \/>\n<meta property=\"og:description\" content=\"U marini u Ka\u0161tel Gomilici ve\u010deras je buknuo veliki po\u017ear. Vatra koja je planula na jednom brodu pro\u0161irila se na okolne. Ukupno je gorjelo pet brodova, izvijestili su vatrogasci. Po\u017ear je nakon nekog vremena stavljen po kontrolu i radi na se sanaciji i doga\u0161avanju \u0161to \u0107e potrajati. Nema ozlije\u0111enih osoba, javila je Hrvatska televizija. Od [&hellip;]\" \/>\n<meta property=\"og:url\" content=\"https:\/\/radioljubuski.ba\/index.php\/2021\/05\/30\/gorjele-jahte-i-brodovi-u-kastelima-cule-se-i-eksplozije\/\" \/>\n<meta property=\"og:site_name\" content=\"RADIO LJUBU\u0160KI\" \/>\n<meta property=\"article:publisher\" content=\"https:\/\/www.facebook.com\/Radiio-Ljubuski-1490835324566332\" \/>\n<meta property=\"article:published_time\" content=\"2021-05-29T23:54:58+00:00\" \/>\n<meta property=\"article:modified_time\" content=\"2021-05-29T23:54:59+00:00\" \/>\n<meta property=\"og:image\" content=\"https:\/\/radioljubuski.ba\/wp-content\/uploads\/2021\/05\/66fa5e9d26a91f75ff42.jpeg\" \/>\n\t<meta property=\"og:image:width\" content=\"1200\" \/>\n\t<meta property=\"og:image:height\" content=\"630\" \/>\n\t<meta property=\"og:image:type\" content=\"image\/jpeg\" \/>\n<meta name=\"author\" content=\"Radio Ljubu\u0161ki\" \/>\n<meta name=\"twitter:card\" content=\"summary_large_image\" \/>\n<meta name=\"twitter:creator\" content=\"@radioljubuski\" \/>\n<meta name=\"twitter:site\" content=\"@radioljubuski\" \/>\n<meta name=\"twitter:label1\" content=\"Napisao\/la\" \/>\n\t<meta name=\"twitter:data1\" content=\"Radio Ljubu\u0161ki\" \/>\n\t<meta name=\"twitter:label2\" content=\"Procijenjeno vrijeme \u010ditanja\" \/>\n\t<meta name=\"twitter:data2\" content=\"1 minuta\" \/>\n<script type=\"application\/ld+json\" class=\"yoast-schema-graph\">{\"@context\":\"https:\\\/\\\/schema.org\",\"@graph\":[{\"@type\":\"Article\",\"@id\":\"https:\\\/\\\/radioljubuski.ba\\\/index.php\\\/2021\\\/05\\\/30\\\/gorjele-jahte-i-brodovi-u-kastelima-cule-se-i-eksplozije\\\/#article\",\"isPartOf\":{\"@id\":\"https:\\\/\\\/radioljubuski.ba\\\/index.php\\\/2021\\\/05\\\/30\\\/gorjele-jahte-i-brodovi-u-kastelima-cule-se-i-eksplozije\\\/\"},\"author\":{\"name\":\"Radio Ljubu\u0161ki\",\"@id\":\"https:\\\/\\\/radioljubuski.ba\\\/#\\\/schema\\\/person\\\/19fc700381a780f69665d7956c469e3b\"},\"headline\":\"Gorjele jahte i brodovi u Ka\u0161telima, \u010dule se i eksplozije\",\"datePublished\":\"2021-05-29T23:54:58+00:00\",\"dateModified\":\"2021-05-29T23:54:59+00:00\",\"mainEntityOfPage\":{\"@id\":\"https:\\\/\\\/radioljubuski.ba\\\/index.php\\\/2021\\\/05\\\/30\\\/gorjele-jahte-i-brodovi-u-kastelima-cule-se-i-eksplozije\\\/\"},\"wordCount\":185,\"publisher\":{\"@id\":\"https:\\\/\\\/radioljubuski.ba\\\/#organization\"},\"image\":{\"@id\":\"https:\\\/\\\/radioljubuski.ba\\\/index.php\\\/2021\\\/05\\\/30\\\/gorjele-jahte-i-brodovi-u-kastelima-cule-se-i-eksplozije\\\/#primaryimage\"},\"thumbnailUrl\":\"https:\\\/\\\/radioljubuski.ba\\\/wp-content\\\/uploads\\\/2021\\\/05\\\/66fa5e9d26a91f75ff42.jpeg\",\"articleSection\":[\"BIH i regija\"],\"inLanguage\":\"hr\"},{\"@type\":\"WebPage\",\"@id\":\"https:\\\/\\\/radioljubuski.ba\\\/index.php\\\/2021\\\/05\\\/30\\\/gorjele-jahte-i-brodovi-u-kastelima-cule-se-i-eksplozije\\\/\",\"url\":\"https:\\\/\\\/radioljubuski.ba\\\/index.php\\\/2021\\\/05\\\/30\\\/gorjele-jahte-i-brodovi-u-kastelima-cule-se-i-eksplozije\\\/\",\"name\":\"Gorjele jahte i brodovi u Ka\u0161telima, \u010dule se i eksplozije - RADIO LJUBU\u0160KI\",\"isPartOf\":{\"@id\":\"https:\\\/\\\/radioljubuski.ba\\\/#website\"},\"primaryImageOfPage\":{\"@id\":\"https:\\\/\\\/radioljubuski.ba\\\/index.php\\\/2021\\\/05\\\/30\\\/gorjele-jahte-i-brodovi-u-kastelima-cule-se-i-eksplozije\\\/#primaryimage\"},\"image\":{\"@id\":\"https:\\\/\\\/radioljubuski.ba\\\/index.php\\\/2021\\\/05\\\/30\\\/gorjele-jahte-i-brodovi-u-kastelima-cule-se-i-eksplozije\\\/#primaryimage\"},\"thumbnailUrl\":\"https:\\\/\\\/radioljubuski.ba\\\/wp-content\\\/uploads\\\/2021\\\/05\\\/66fa5e9d26a91f75ff42.jpeg\",\"datePublished\":\"2021-05-29T23:54:58+00:00\",\"dateModified\":\"2021-05-29T23:54:59+00:00\",\"breadcrumb\":{\"@id\":\"https:\\\/\\\/radioljubuski.ba\\\/index.php\\\/2021\\\/05\\\/30\\\/gorjele-jahte-i-brodovi-u-kastelima-cule-se-i-eksplozije\\\/#breadcrumb\"},\"inLanguage\":\"hr\",\"potentialAction\":[{\"@type\":\"ReadAction\",\"target\":[\"https:\\\/\\\/radioljubuski.ba\\\/index.php\\\/2021\\\/05\\\/30\\\/gorjele-jahte-i-brodovi-u-kastelima-cule-se-i-eksplozije\\\/\"]}]},{\"@type\":\"ImageObject\",\"inLanguage\":\"hr\",\"@id\":\"https:\\\/\\\/radioljubuski.ba\\\/index.php\\\/2021\\\/05\\\/30\\\/gorjele-jahte-i-brodovi-u-kastelima-cule-se-i-eksplozije\\\/#primaryimage\",\"url\":\"https:\\\/\\\/radioljubuski.ba\\\/wp-content\\\/uploads\\\/2021\\\/05\\\/66fa5e9d26a91f75ff42.jpeg\",\"contentUrl\":\"https:\\\/\\\/radioljubuski.ba\\\/wp-content\\\/uploads\\\/2021\\\/05\\\/66fa5e9d26a91f75ff42.jpeg\",\"width\":1200,\"height\":630},{\"@type\":\"BreadcrumbList\",\"@id\":\"https:\\\/\\\/radioljubuski.ba\\\/index.php\\\/2021\\\/05\\\/30\\\/gorjele-jahte-i-brodovi-u-kastelima-cule-se-i-eksplozije\\\/#breadcrumb\",\"itemListElement\":[{\"@type\":\"ListItem\",\"position\":1,\"name\":\"Po\u010detna stranica\",\"item\":\"https:\\\/\\\/radioljubuski.ba\\\/\"},{\"@type\":\"ListItem\",\"position\":2,\"name\":\"Gorjele jahte i brodovi u Ka\u0161telima, \u010dule se i eksplozije\"}]},{\"@type\":\"WebSite\",\"@id\":\"https:\\\/\\\/radioljubuski.ba\\\/#website\",\"url\":\"https:\\\/\\\/radioljubuski.ba\\\/\",\"name\":\"Radio Ljubu\u0161ki\",\"description\":\"Sun\u010dana frekvencija Hercegovine\",\"publisher\":{\"@id\":\"https:\\\/\\\/radioljubuski.ba\\\/#organization\"},\"potentialAction\":[{\"@type\":\"SearchAction\",\"target\":{\"@type\":\"EntryPoint\",\"urlTemplate\":\"https:\\\/\\\/radioljubuski.ba\\\/?s={search_term_string}\"},\"query-input\":{\"@type\":\"PropertyValueSpecification\",\"valueRequired\":true,\"valueName\":\"search_term_string\"}}],\"inLanguage\":\"hr\"},{\"@type\":\"Organization\",\"@id\":\"https:\\\/\\\/radioljubuski.ba\\\/#organization\",\"name\":\"Radio Ljubu\u0161ki\",\"url\":\"https:\\\/\\\/radioljubuski.ba\\\/\",\"logo\":{\"@type\":\"ImageObject\",\"inLanguage\":\"hr\",\"@id\":\"https:\\\/\\\/radioljubuski.ba\\\/#\\\/schema\\\/logo\\\/image\\\/\",\"url\":\"https:\\\/\\\/radioljubuski.ba\\\/wp-content\\\/uploads\\\/2021\\\/02\\\/cropped-Radio_Ljubuski_logo1.jpg\",\"contentUrl\":\"https:\\\/\\\/radioljubuski.ba\\\/wp-content\\\/uploads\\\/2021\\\/02\\\/cropped-Radio_Ljubuski_logo1.jpg\",\"width\":512,\"height\":512,\"caption\":\"Radio Ljubu\u0161ki\"},\"image\":{\"@id\":\"https:\\\/\\\/radioljubuski.ba\\\/#\\\/schema\\\/logo\\\/image\\\/\"},\"sameAs\":[\"https:\\\/\\\/www.facebook.com\\\/Radiio-Ljubuski-1490835324566332\",\"https:\\\/\\\/x.com\\\/radioljubuski\",\"https:\\\/\\\/hr.linkedin.com\\\/company\\\/radio-ljubuski\",\"https:\\\/\\\/www.youtube.com\\\/channel\\\/UCHYaeO_n0Db3tjNGudGpXyw\"]},{\"@type\":\"Person\",\"@id\":\"https:\\\/\\\/radioljubuski.ba\\\/#\\\/schema\\\/person\\\/19fc700381a780f69665d7956c469e3b\",\"name\":\"Radio Ljubu\u0161ki\"}]}<\/script>\n<!-- \/ Yoast SEO plugin. -->","yoast_head_json":{"title":"Gorjele jahte i brodovi u Ka\u0161telima, \u010dule se i eksplozije - RADIO LJUBU\u0160KI","robots":{"index":"index","follow":"follow","max-snippet":"max-snippet:-1","max-image-preview":"max-image-preview:large","max-video-preview":"max-video-preview:-1"},"canonical":"https:\/\/radioljubuski.ba\/index.php\/2021\/05\/30\/gorjele-jahte-i-brodovi-u-kastelima-cule-se-i-eksplozije\/","og_locale":"hr_HR","og_type":"article","og_title":"Gorjele jahte i brodovi u Ka\u0161telima, \u010dule se i eksplozije - RADIO LJUBU\u0160KI","og_description":"U marini u Ka\u0161tel Gomilici ve\u010deras je buknuo veliki po\u017ear. Vatra koja je planula na jednom brodu pro\u0161irila se na okolne. Ukupno je gorjelo pet brodova, izvijestili su vatrogasci. Po\u017ear je nakon nekog vremena stavljen po kontrolu i radi na se sanaciji i doga\u0161avanju \u0161to \u0107e potrajati. Nema ozlije\u0111enih osoba, javila je Hrvatska televizija. Od [&hellip;]","og_url":"https:\/\/radioljubuski.ba\/index.php\/2021\/05\/30\/gorjele-jahte-i-brodovi-u-kastelima-cule-se-i-eksplozije\/","og_site_name":"RADIO LJUBU\u0160KI","article_publisher":"https:\/\/www.facebook.com\/Radiio-Ljubuski-1490835324566332","article_published_time":"2021-05-29T23:54:58+00:00","article_modified_time":"2021-05-29T23:54:59+00:00","og_image":[{"width":1200,"height":630,"url":"https:\/\/radioljubuski.ba\/wp-content\/uploads\/2021\/05\/66fa5e9d26a91f75ff42.jpeg","type":"image\/jpeg"}],"author":"Radio Ljubu\u0161ki","twitter_card":"summary_large_image","twitter_creator":"@radioljubuski","twitter_site":"@radioljubuski","twitter_misc":{"Napisao\/la":"Radio Ljubu\u0161ki","Procijenjeno vrijeme \u010ditanja":"1 minuta"},"schema":{"@context":"https:\/\/schema.org","@graph":[{"@type":"Article","@id":"https:\/\/radioljubuski.ba\/index.php\/2021\/05\/30\/gorjele-jahte-i-brodovi-u-kastelima-cule-se-i-eksplozije\/#article","isPartOf":{"@id":"https:\/\/radioljubuski.ba\/index.php\/2021\/05\/30\/gorjele-jahte-i-brodovi-u-kastelima-cule-se-i-eksplozije\/"},"author":{"name":"Radio Ljubu\u0161ki","@id":"https:\/\/radioljubuski.ba\/#\/schema\/person\/19fc700381a780f69665d7956c469e3b"},"headline":"Gorjele jahte i brodovi u Ka\u0161telima, \u010dule se i eksplozije","datePublished":"2021-05-29T23:54:58+00:00","dateModified":"2021-05-29T23:54:59+00:00","mainEntityOfPage":{"@id":"https:\/\/radioljubuski.ba\/index.php\/2021\/05\/30\/gorjele-jahte-i-brodovi-u-kastelima-cule-se-i-eksplozije\/"},"wordCount":185,"publisher":{"@id":"https:\/\/radioljubuski.ba\/#organization"},"image":{"@id":"https:\/\/radioljubuski.ba\/index.php\/2021\/05\/30\/gorjele-jahte-i-brodovi-u-kastelima-cule-se-i-eksplozije\/#primaryimage"},"thumbnailUrl":"https:\/\/radioljubuski.ba\/wp-content\/uploads\/2021\/05\/66fa5e9d26a91f75ff42.jpeg","articleSection":["BIH i regija"],"inLanguage":"hr"},{"@type":"WebPage","@id":"https:\/\/radioljubuski.ba\/index.php\/2021\/05\/30\/gorjele-jahte-i-brodovi-u-kastelima-cule-se-i-eksplozije\/","url":"https:\/\/radioljubuski.ba\/index.php\/2021\/05\/30\/gorjele-jahte-i-brodovi-u-kastelima-cule-se-i-eksplozije\/","name":"Gorjele jahte i brodovi u Ka\u0161telima, \u010dule se i eksplozije - RADIO LJUBU\u0160KI","isPartOf":{"@id":"https:\/\/radioljubuski.ba\/#website"},"primaryImageOfPage":{"@id":"https:\/\/radioljubuski.ba\/index.php\/2021\/05\/30\/gorjele-jahte-i-brodovi-u-kastelima-cule-se-i-eksplozije\/#primaryimage"},"image":{"@id":"https:\/\/radioljubuski.ba\/index.php\/2021\/05\/30\/gorjele-jahte-i-brodovi-u-kastelima-cule-se-i-eksplozije\/#primaryimage"},"thumbnailUrl":"https:\/\/radioljubuski.ba\/wp-content\/uploads\/2021\/05\/66fa5e9d26a91f75ff42.jpeg","datePublished":"2021-05-29T23:54:58+00:00","dateModified":"2021-05-29T23:54:59+00:00","breadcrumb":{"@id":"https:\/\/radioljubuski.ba\/index.php\/2021\/05\/30\/gorjele-jahte-i-brodovi-u-kastelima-cule-se-i-eksplozije\/#breadcrumb"},"inLanguage":"hr","potentialAction":[{"@type":"ReadAction","target":["https:\/\/radioljubuski.ba\/index.php\/2021\/05\/30\/gorjele-jahte-i-brodovi-u-kastelima-cule-se-i-eksplozije\/"]}]},{"@type":"ImageObject","inLanguage":"hr","@id":"https:\/\/radioljubuski.ba\/index.php\/2021\/05\/30\/gorjele-jahte-i-brodovi-u-kastelima-cule-se-i-eksplozije\/#primaryimage","url":"https:\/\/radioljubuski.ba\/wp-content\/uploads\/2021\/05\/66fa5e9d26a91f75ff42.jpeg","contentUrl":"https:\/\/radioljubuski.ba\/wp-content\/uploads\/2021\/05\/66fa5e9d26a91f75ff42.jpeg","width":1200,"height":630},{"@type":"BreadcrumbList","@id":"https:\/\/radioljubuski.ba\/index.php\/2021\/05\/30\/gorjele-jahte-i-brodovi-u-kastelima-cule-se-i-eksplozije\/#breadcrumb","itemListElement":[{"@type":"ListItem","position":1,"name":"Po\u010detna stranica","item":"https:\/\/radioljubuski.ba\/"},{"@type":"ListItem","position":2,"name":"Gorjele jahte i brodovi u Ka\u0161telima, \u010dule se i eksplozije"}]},{"@type":"WebSite","@id":"https:\/\/radioljubuski.ba\/#website","url":"https:\/\/radioljubuski.ba\/","name":"Radio Ljubu\u0161ki","description":"Sun\u010dana frekvencija Hercegovine","publisher":{"@id":"https:\/\/radioljubuski.ba\/#organization"},"potentialAction":[{"@type":"SearchAction","target":{"@type":"EntryPoint","urlTemplate":"https:\/\/radioljubuski.ba\/?s={search_term_string}"},"query-input":{"@type":"PropertyValueSpecification","valueRequired":true,"valueName":"search_term_string"}}],"inLanguage":"hr"},{"@type":"Organization","@id":"https:\/\/radioljubuski.ba\/#organization","name":"Radio Ljubu\u0161ki","url":"https:\/\/radioljubuski.ba\/","logo":{"@type":"ImageObject","inLanguage":"hr","@id":"https:\/\/radioljubuski.ba\/#\/schema\/logo\/image\/","url":"https:\/\/radioljubuski.ba\/wp-content\/uploads\/2021\/02\/cropped-Radio_Ljubuski_logo1.jpg","contentUrl":"https:\/\/radioljubuski.ba\/wp-content\/uploads\/2021\/02\/cropped-Radio_Ljubuski_logo1.jpg","width":512,"height":512,"caption":"Radio Ljubu\u0161ki"},"image":{"@id":"https:\/\/radioljubuski.ba\/#\/schema\/logo\/image\/"},"sameAs":["https:\/\/www.facebook.com\/Radiio-Ljubuski-1490835324566332","https:\/\/x.com\/radioljubuski","https:\/\/hr.linkedin.com\/company\/radio-ljubuski","https:\/\/www.youtube.com\/channel\/UCHYaeO_n0Db3tjNGudGpXyw"]},{"@type":"Person","@id":"https:\/\/radioljubuski.ba\/#\/schema\/person\/19fc700381a780f69665d7956c469e3b","name":"Radio Ljubu\u0161ki"}]}},"_links":{"self":[{"href":"https:\/\/radioljubuski.ba\/index.php\/wp-json\/wp\/v2\/posts\/26445","targetHints":{"allow":["GET"]}}],"collection":[{"href":"https:\/\/radioljubuski.ba\/index.php\/wp-json\/wp\/v2\/posts"}],"about":[{"href":"https:\/\/radioljubuski.ba\/index.php\/wp-json\/wp\/v2\/types\/post"}],"author":[{"embeddable":true,"href":"https:\/\/radioljubuski.ba\/index.php\/wp-json\/wp\/v2\/users\/2"}],"replies":[{"embeddable":true,"href":"https:\/\/radioljubuski.ba\/index.php\/wp-json\/wp\/v2\/comments?post=26445"}],"version-history":[{"count":1,"href":"https:\/\/radioljubuski.ba\/index.php\/wp-json\/wp\/v2\/posts\/26445\/revisions"}],"predecessor-version":[{"id":26447,"href":"https:\/\/radioljubuski.ba\/index.php\/wp-json\/wp\/v2\/posts\/26445\/revisions\/26447"}],"wp:featuredmedia":[{"embeddable":true,"href":"https:\/\/radioljubuski.ba\/index.php\/wp-json\/wp\/v2\/media\/26446"}],"wp:attachment":[{"href":"https:\/\/radioljubuski.ba\/index.php\/wp-json\/wp\/v2\/media?parent=26445"}],"wp:term":[{"taxonomy":"category","embeddable":true,"href":"https:\/\/radioljubuski.ba\/index.php\/wp-json\/wp\/v2\/categories?post=26445"},{"taxonomy":"post_tag","embeddable":true,"href":"https:\/\/radioljubuski.ba\/index.php\/wp-json\/wp\/v2\/tags?post=26445"}],"curies":[{"name":"wp","href":"https:\/\/api.w.org\/{rel}","templated":true}]}}