{"id":26448,"date":"2021-05-30T00:56:42","date_gmt":"2021-05-29T23:56:42","guid":{"rendered":"https:\/\/radioljubuski.ba\/?p=26448"},"modified":"2021-05-30T00:56:43","modified_gmt":"2021-05-29T23:56:43","slug":"migrant-glavom-ostetio-camparin-sluzbeni-automobil","status":"publish","type":"post","link":"https:\/\/radioljubuski.ba\/index.php\/2021\/05\/30\/migrant-glavom-ostetio-camparin-sluzbeni-automobil\/","title":{"rendered":"Migrant glavom o\u0161tetio \u010camparin slu\u017ebeni automobil"},"content":{"rendered":"\n<p>Pripadnici Policijske uprave Centar Sarajevo preksino\u0107 su u 21.50 sati uhitili O. B. A. (27) iz Maroka.&nbsp;<\/p>\n\n\n\n<p>Migrant je priveden zbog postojanja osnova sumnje da je po\u010dinio krivi\u010dno djelo o\u0161te\u0107enje tu\u0111e stvari.<\/p>\n\n\n\n<p>Kako saznaje Avaz, Marokanac je o\u0161tetio slu\u017ebeno vozilo Aljo\u0161e \u010campare, ministra unutarnjih poslova Federacije BiH.<\/p>\n\n\n\n<p>Ovu informaciju potvrdio je ministar \u010campara.<\/p>\n\n\n\n<p>&#8211; Kako su mi prenijeli, u pitanju su bila dvojica migranata, a jedan je glavom udario u vjetrobran &#8211; kazao je \u010campara za \u201eAvaz\u201c.<\/p>\n\n\n\n<p>Dvojica migranata pravila su probleme u jednoj od trgovina \u201eMerkator\u201c pa je pozvana patrola policije.<\/p>\n\n\n\n<p>Patrola je iza\u0161la na intervenciju te je, prilikom privo\u0111enja, Marokanac o\u0161tetio ministrov Passat koji je bio parkiran.<\/p>\n\n\n\n<p>Izvor:avaz.ba<\/p>\n","protected":false},"excerpt":{"rendered":"<p>Pripadnici Policijske uprave Centar Sarajevo preksino\u0107 su u 21.50 sati uhitili O. B. A. (27) iz Maroka.&nbsp; Migrant je priveden zbog postojanja osnova sumnje da je po\u010dinio krivi\u010dno djelo o\u0161te\u0107enje tu\u0111e stvari. Kako saznaje Avaz, Marokanac je o\u0161tetio slu\u017ebeno vozilo Aljo\u0161e \u010campare, ministra unutarnjih poslova Federacije BiH. Ovu informaciju potvrdio je ministar \u010campara. &#8211; Kako [&hellip;]<\/p>\n","protected":false},"author":2,"featured_media":26449,"comment_status":"closed","ping_status":"closed","sticky":false,"template":"","format":"standard","meta":{"h5ap_radio_sources":[],"footnotes":""},"categories":[1],"tags":[],"class_list":["post-26448","post","type-post","status-publish","format-standard","has-post-thumbnail","hentry","category-bihiregija"],"yoast_head":"<!-- This site is optimized with the Yoast SEO plugin v27.5 - https:\/\/yoast.com\/product\/yoast-seo-wordpress\/ -->\n<title>Migrant glavom o\u0161tetio \u010camparin slu\u017ebeni automobil - RADIO LJUBU\u0160KI<\/title>\n<meta name=\"robots\" content=\"index, follow, max-snippet:-1, max-image-preview:large, max-video-preview:-1\" \/>\n<link rel=\"canonical\" href=\"https:\/\/radioljubuski.ba\/index.php\/2021\/05\/30\/migrant-glavom-ostetio-camparin-sluzbeni-automobil\/\" \/>\n<meta property=\"og:locale\" content=\"hr_HR\" \/>\n<meta property=\"og:type\" content=\"article\" \/>\n<meta property=\"og:title\" content=\"Migrant glavom o\u0161tetio \u010camparin slu\u017ebeni automobil - RADIO LJUBU\u0160KI\" \/>\n<meta property=\"og:description\" content=\"Pripadnici Policijske uprave Centar Sarajevo preksino\u0107 su u 21.50 sati uhitili O. B. A. (27) iz Maroka.&nbsp; Migrant je priveden zbog postojanja osnova sumnje da je po\u010dinio krivi\u010dno djelo o\u0161te\u0107enje tu\u0111e stvari. Kako saznaje Avaz, Marokanac je o\u0161tetio slu\u017ebeno vozilo Aljo\u0161e \u010campare, ministra unutarnjih poslova Federacije BiH. Ovu informaciju potvrdio je ministar \u010campara. &#8211; Kako [&hellip;]\" \/>\n<meta property=\"og:url\" content=\"https:\/\/radioljubuski.ba\/index.php\/2021\/05\/30\/migrant-glavom-ostetio-camparin-sluzbeni-automobil\/\" \/>\n<meta property=\"og:site_name\" content=\"RADIO LJUBU\u0160KI\" \/>\n<meta property=\"article:publisher\" content=\"https:\/\/www.facebook.com\/Radiio-Ljubuski-1490835324566332\" \/>\n<meta property=\"article:published_time\" content=\"2021-05-29T23:56:42+00:00\" \/>\n<meta property=\"article:modified_time\" content=\"2021-05-29T23:56:43+00:00\" \/>\n<meta property=\"og:image\" content=\"https:\/\/radioljubuski.ba\/wp-content\/uploads\/2021\/05\/t3lrxc90_Aljosa_Campara.jpg\" \/>\n\t<meta property=\"og:image:width\" content=\"1000\" \/>\n\t<meta property=\"og:image:height\" content=\"625\" \/>\n\t<meta property=\"og:image:type\" content=\"image\/jpeg\" \/>\n<meta name=\"author\" content=\"Radio Ljubu\u0161ki\" \/>\n<meta name=\"twitter:card\" content=\"summary_large_image\" \/>\n<meta name=\"twitter:creator\" content=\"@radioljubuski\" \/>\n<meta name=\"twitter:site\" content=\"@radioljubuski\" \/>\n<meta name=\"twitter:label1\" content=\"Napisao\/la\" \/>\n\t<meta name=\"twitter:data1\" content=\"Radio Ljubu\u0161ki\" \/>\n\t<meta name=\"twitter:label2\" content=\"Procijenjeno vrijeme \u010ditanja\" \/>\n\t<meta name=\"twitter:data2\" content=\"1 minuta\" \/>\n<script type=\"application\/ld+json\" class=\"yoast-schema-graph\">{\"@context\":\"https:\\\/\\\/schema.org\",\"@graph\":[{\"@type\":\"Article\",\"@id\":\"https:\\\/\\\/radioljubuski.ba\\\/index.php\\\/2021\\\/05\\\/30\\\/migrant-glavom-ostetio-camparin-sluzbeni-automobil\\\/#article\",\"isPartOf\":{\"@id\":\"https:\\\/\\\/radioljubuski.ba\\\/index.php\\\/2021\\\/05\\\/30\\\/migrant-glavom-ostetio-camparin-sluzbeni-automobil\\\/\"},\"author\":{\"name\":\"Radio Ljubu\u0161ki\",\"@id\":\"https:\\\/\\\/radioljubuski.ba\\\/#\\\/schema\\\/person\\\/19fc700381a780f69665d7956c469e3b\"},\"headline\":\"Migrant glavom o\u0161tetio \u010camparin slu\u017ebeni automobil\",\"datePublished\":\"2021-05-29T23:56:42+00:00\",\"dateModified\":\"2021-05-29T23:56:43+00:00\",\"mainEntityOfPage\":{\"@id\":\"https:\\\/\\\/radioljubuski.ba\\\/index.php\\\/2021\\\/05\\\/30\\\/migrant-glavom-ostetio-camparin-sluzbeni-automobil\\\/\"},\"wordCount\":130,\"publisher\":{\"@id\":\"https:\\\/\\\/radioljubuski.ba\\\/#organization\"},\"image\":{\"@id\":\"https:\\\/\\\/radioljubuski.ba\\\/index.php\\\/2021\\\/05\\\/30\\\/migrant-glavom-ostetio-camparin-sluzbeni-automobil\\\/#primaryimage\"},\"thumbnailUrl\":\"https:\\\/\\\/radioljubuski.ba\\\/wp-content\\\/uploads\\\/2021\\\/05\\\/t3lrxc90_Aljosa_Campara.jpg\",\"articleSection\":[\"BIH i regija\"],\"inLanguage\":\"hr\"},{\"@type\":\"WebPage\",\"@id\":\"https:\\\/\\\/radioljubuski.ba\\\/index.php\\\/2021\\\/05\\\/30\\\/migrant-glavom-ostetio-camparin-sluzbeni-automobil\\\/\",\"url\":\"https:\\\/\\\/radioljubuski.ba\\\/index.php\\\/2021\\\/05\\\/30\\\/migrant-glavom-ostetio-camparin-sluzbeni-automobil\\\/\",\"name\":\"Migrant glavom o\u0161tetio \u010camparin slu\u017ebeni automobil - RADIO LJUBU\u0160KI\",\"isPartOf\":{\"@id\":\"https:\\\/\\\/radioljubuski.ba\\\/#website\"},\"primaryImageOfPage\":{\"@id\":\"https:\\\/\\\/radioljubuski.ba\\\/index.php\\\/2021\\\/05\\\/30\\\/migrant-glavom-ostetio-camparin-sluzbeni-automobil\\\/#primaryimage\"},\"image\":{\"@id\":\"https:\\\/\\\/radioljubuski.ba\\\/index.php\\\/2021\\\/05\\\/30\\\/migrant-glavom-ostetio-camparin-sluzbeni-automobil\\\/#primaryimage\"},\"thumbnailUrl\":\"https:\\\/\\\/radioljubuski.ba\\\/wp-content\\\/uploads\\\/2021\\\/05\\\/t3lrxc90_Aljosa_Campara.jpg\",\"datePublished\":\"2021-05-29T23:56:42+00:00\",\"dateModified\":\"2021-05-29T23:56:43+00:00\",\"breadcrumb\":{\"@id\":\"https:\\\/\\\/radioljubuski.ba\\\/index.php\\\/2021\\\/05\\\/30\\\/migrant-glavom-ostetio-camparin-sluzbeni-automobil\\\/#breadcrumb\"},\"inLanguage\":\"hr\",\"potentialAction\":[{\"@type\":\"ReadAction\",\"target\":[\"https:\\\/\\\/radioljubuski.ba\\\/index.php\\\/2021\\\/05\\\/30\\\/migrant-glavom-ostetio-camparin-sluzbeni-automobil\\\/\"]}]},{\"@type\":\"ImageObject\",\"inLanguage\":\"hr\",\"@id\":\"https:\\\/\\\/radioljubuski.ba\\\/index.php\\\/2021\\\/05\\\/30\\\/migrant-glavom-ostetio-camparin-sluzbeni-automobil\\\/#primaryimage\",\"url\":\"https:\\\/\\\/radioljubuski.ba\\\/wp-content\\\/uploads\\\/2021\\\/05\\\/t3lrxc90_Aljosa_Campara.jpg\",\"contentUrl\":\"https:\\\/\\\/radioljubuski.ba\\\/wp-content\\\/uploads\\\/2021\\\/05\\\/t3lrxc90_Aljosa_Campara.jpg\",\"width\":1000,\"height\":625},{\"@type\":\"BreadcrumbList\",\"@id\":\"https:\\\/\\\/radioljubuski.ba\\\/index.php\\\/2021\\\/05\\\/30\\\/migrant-glavom-ostetio-camparin-sluzbeni-automobil\\\/#breadcrumb\",\"itemListElement\":[{\"@type\":\"ListItem\",\"position\":1,\"name\":\"Po\u010detna stranica\",\"item\":\"https:\\\/\\\/radioljubuski.ba\\\/\"},{\"@type\":\"ListItem\",\"position\":2,\"name\":\"Migrant glavom o\u0161tetio \u010camparin slu\u017ebeni automobil\"}]},{\"@type\":\"WebSite\",\"@id\":\"https:\\\/\\\/radioljubuski.ba\\\/#website\",\"url\":\"https:\\\/\\\/radioljubuski.ba\\\/\",\"name\":\"Radio Ljubu\u0161ki\",\"description\":\"Sun\u010dana frekvencija Hercegovine\",\"publisher\":{\"@id\":\"https:\\\/\\\/radioljubuski.ba\\\/#organization\"},\"potentialAction\":[{\"@type\":\"SearchAction\",\"target\":{\"@type\":\"EntryPoint\",\"urlTemplate\":\"https:\\\/\\\/radioljubuski.ba\\\/?s={search_term_string}\"},\"query-input\":{\"@type\":\"PropertyValueSpecification\",\"valueRequired\":true,\"valueName\":\"search_term_string\"}}],\"inLanguage\":\"hr\"},{\"@type\":\"Organization\",\"@id\":\"https:\\\/\\\/radioljubuski.ba\\\/#organization\",\"name\":\"Radio Ljubu\u0161ki\",\"url\":\"https:\\\/\\\/radioljubuski.ba\\\/\",\"logo\":{\"@type\":\"ImageObject\",\"inLanguage\":\"hr\",\"@id\":\"https:\\\/\\\/radioljubuski.ba\\\/#\\\/schema\\\/logo\\\/image\\\/\",\"url\":\"https:\\\/\\\/radioljubuski.ba\\\/wp-content\\\/uploads\\\/2021\\\/02\\\/cropped-Radio_Ljubuski_logo1.jpg\",\"contentUrl\":\"https:\\\/\\\/radioljubuski.ba\\\/wp-content\\\/uploads\\\/2021\\\/02\\\/cropped-Radio_Ljubuski_logo1.jpg\",\"width\":512,\"height\":512,\"caption\":\"Radio Ljubu\u0161ki\"},\"image\":{\"@id\":\"https:\\\/\\\/radioljubuski.ba\\\/#\\\/schema\\\/logo\\\/image\\\/\"},\"sameAs\":[\"https:\\\/\\\/www.facebook.com\\\/Radiio-Ljubuski-1490835324566332\",\"https:\\\/\\\/x.com\\\/radioljubuski\",\"https:\\\/\\\/hr.linkedin.com\\\/company\\\/radio-ljubuski\",\"https:\\\/\\\/www.youtube.com\\\/channel\\\/UCHYaeO_n0Db3tjNGudGpXyw\"]},{\"@type\":\"Person\",\"@id\":\"https:\\\/\\\/radioljubuski.ba\\\/#\\\/schema\\\/person\\\/19fc700381a780f69665d7956c469e3b\",\"name\":\"Radio Ljubu\u0161ki\"}]}<\/script>\n<!-- \/ Yoast SEO plugin. -->","yoast_head_json":{"title":"Migrant glavom o\u0161tetio \u010camparin slu\u017ebeni automobil - RADIO LJUBU\u0160KI","robots":{"index":"index","follow":"follow","max-snippet":"max-snippet:-1","max-image-preview":"max-image-preview:large","max-video-preview":"max-video-preview:-1"},"canonical":"https:\/\/radioljubuski.ba\/index.php\/2021\/05\/30\/migrant-glavom-ostetio-camparin-sluzbeni-automobil\/","og_locale":"hr_HR","og_type":"article","og_title":"Migrant glavom o\u0161tetio \u010camparin slu\u017ebeni automobil - RADIO LJUBU\u0160KI","og_description":"Pripadnici Policijske uprave Centar Sarajevo preksino\u0107 su u 21.50 sati uhitili O. B. A. (27) iz Maroka.&nbsp; Migrant je priveden zbog postojanja osnova sumnje da je po\u010dinio krivi\u010dno djelo o\u0161te\u0107enje tu\u0111e stvari. Kako saznaje Avaz, Marokanac je o\u0161tetio slu\u017ebeno vozilo Aljo\u0161e \u010campare, ministra unutarnjih poslova Federacije BiH. Ovu informaciju potvrdio je ministar \u010campara. &#8211; Kako [&hellip;]","og_url":"https:\/\/radioljubuski.ba\/index.php\/2021\/05\/30\/migrant-glavom-ostetio-camparin-sluzbeni-automobil\/","og_site_name":"RADIO LJUBU\u0160KI","article_publisher":"https:\/\/www.facebook.com\/Radiio-Ljubuski-1490835324566332","article_published_time":"2021-05-29T23:56:42+00:00","article_modified_time":"2021-05-29T23:56:43+00:00","og_image":[{"width":1000,"height":625,"url":"https:\/\/radioljubuski.ba\/wp-content\/uploads\/2021\/05\/t3lrxc90_Aljosa_Campara.jpg","type":"image\/jpeg"}],"author":"Radio Ljubu\u0161ki","twitter_card":"summary_large_image","twitter_creator":"@radioljubuski","twitter_site":"@radioljubuski","twitter_misc":{"Napisao\/la":"Radio Ljubu\u0161ki","Procijenjeno vrijeme \u010ditanja":"1 minuta"},"schema":{"@context":"https:\/\/schema.org","@graph":[{"@type":"Article","@id":"https:\/\/radioljubuski.ba\/index.php\/2021\/05\/30\/migrant-glavom-ostetio-camparin-sluzbeni-automobil\/#article","isPartOf":{"@id":"https:\/\/radioljubuski.ba\/index.php\/2021\/05\/30\/migrant-glavom-ostetio-camparin-sluzbeni-automobil\/"},"author":{"name":"Radio Ljubu\u0161ki","@id":"https:\/\/radioljubuski.ba\/#\/schema\/person\/19fc700381a780f69665d7956c469e3b"},"headline":"Migrant glavom o\u0161tetio \u010camparin slu\u017ebeni automobil","datePublished":"2021-05-29T23:56:42+00:00","dateModified":"2021-05-29T23:56:43+00:00","mainEntityOfPage":{"@id":"https:\/\/radioljubuski.ba\/index.php\/2021\/05\/30\/migrant-glavom-ostetio-camparin-sluzbeni-automobil\/"},"wordCount":130,"publisher":{"@id":"https:\/\/radioljubuski.ba\/#organization"},"image":{"@id":"https:\/\/radioljubuski.ba\/index.php\/2021\/05\/30\/migrant-glavom-ostetio-camparin-sluzbeni-automobil\/#primaryimage"},"thumbnailUrl":"https:\/\/radioljubuski.ba\/wp-content\/uploads\/2021\/05\/t3lrxc90_Aljosa_Campara.jpg","articleSection":["BIH i regija"],"inLanguage":"hr"},{"@type":"WebPage","@id":"https:\/\/radioljubuski.ba\/index.php\/2021\/05\/30\/migrant-glavom-ostetio-camparin-sluzbeni-automobil\/","url":"https:\/\/radioljubuski.ba\/index.php\/2021\/05\/30\/migrant-glavom-ostetio-camparin-sluzbeni-automobil\/","name":"Migrant glavom o\u0161tetio \u010camparin slu\u017ebeni automobil - RADIO LJUBU\u0160KI","isPartOf":{"@id":"https:\/\/radioljubuski.ba\/#website"},"primaryImageOfPage":{"@id":"https:\/\/radioljubuski.ba\/index.php\/2021\/05\/30\/migrant-glavom-ostetio-camparin-sluzbeni-automobil\/#primaryimage"},"image":{"@id":"https:\/\/radioljubuski.ba\/index.php\/2021\/05\/30\/migrant-glavom-ostetio-camparin-sluzbeni-automobil\/#primaryimage"},"thumbnailUrl":"https:\/\/radioljubuski.ba\/wp-content\/uploads\/2021\/05\/t3lrxc90_Aljosa_Campara.jpg","datePublished":"2021-05-29T23:56:42+00:00","dateModified":"2021-05-29T23:56:43+00:00","breadcrumb":{"@id":"https:\/\/radioljubuski.ba\/index.php\/2021\/05\/30\/migrant-glavom-ostetio-camparin-sluzbeni-automobil\/#breadcrumb"},"inLanguage":"hr","potentialAction":[{"@type":"ReadAction","target":["https:\/\/radioljubuski.ba\/index.php\/2021\/05\/30\/migrant-glavom-ostetio-camparin-sluzbeni-automobil\/"]}]},{"@type":"ImageObject","inLanguage":"hr","@id":"https:\/\/radioljubuski.ba\/index.php\/2021\/05\/30\/migrant-glavom-ostetio-camparin-sluzbeni-automobil\/#primaryimage","url":"https:\/\/radioljubuski.ba\/wp-content\/uploads\/2021\/05\/t3lrxc90_Aljosa_Campara.jpg","contentUrl":"https:\/\/radioljubuski.ba\/wp-content\/uploads\/2021\/05\/t3lrxc90_Aljosa_Campara.jpg","width":1000,"height":625},{"@type":"BreadcrumbList","@id":"https:\/\/radioljubuski.ba\/index.php\/2021\/05\/30\/migrant-glavom-ostetio-camparin-sluzbeni-automobil\/#breadcrumb","itemListElement":[{"@type":"ListItem","position":1,"name":"Po\u010detna stranica","item":"https:\/\/radioljubuski.ba\/"},{"@type":"ListItem","position":2,"name":"Migrant glavom o\u0161tetio \u010camparin slu\u017ebeni automobil"}]},{"@type":"WebSite","@id":"https:\/\/radioljubuski.ba\/#website","url":"https:\/\/radioljubuski.ba\/","name":"Radio Ljubu\u0161ki","description":"Sun\u010dana frekvencija Hercegovine","publisher":{"@id":"https:\/\/radioljubuski.ba\/#organization"},"potentialAction":[{"@type":"SearchAction","target":{"@type":"EntryPoint","urlTemplate":"https:\/\/radioljubuski.ba\/?s={search_term_string}"},"query-input":{"@type":"PropertyValueSpecification","valueRequired":true,"valueName":"search_term_string"}}],"inLanguage":"hr"},{"@type":"Organization","@id":"https:\/\/radioljubuski.ba\/#organization","name":"Radio Ljubu\u0161ki","url":"https:\/\/radioljubuski.ba\/","logo":{"@type":"ImageObject","inLanguage":"hr","@id":"https:\/\/radioljubuski.ba\/#\/schema\/logo\/image\/","url":"https:\/\/radioljubuski.ba\/wp-content\/uploads\/2021\/02\/cropped-Radio_Ljubuski_logo1.jpg","contentUrl":"https:\/\/radioljubuski.ba\/wp-content\/uploads\/2021\/02\/cropped-Radio_Ljubuski_logo1.jpg","width":512,"height":512,"caption":"Radio Ljubu\u0161ki"},"image":{"@id":"https:\/\/radioljubuski.ba\/#\/schema\/logo\/image\/"},"sameAs":["https:\/\/www.facebook.com\/Radiio-Ljubuski-1490835324566332","https:\/\/x.com\/radioljubuski","https:\/\/hr.linkedin.com\/company\/radio-ljubuski","https:\/\/www.youtube.com\/channel\/UCHYaeO_n0Db3tjNGudGpXyw"]},{"@type":"Person","@id":"https:\/\/radioljubuski.ba\/#\/schema\/person\/19fc700381a780f69665d7956c469e3b","name":"Radio Ljubu\u0161ki"}]}},"_links":{"self":[{"href":"https:\/\/radioljubuski.ba\/index.php\/wp-json\/wp\/v2\/posts\/26448","targetHints":{"allow":["GET"]}}],"collection":[{"href":"https:\/\/radioljubuski.ba\/index.php\/wp-json\/wp\/v2\/posts"}],"about":[{"href":"https:\/\/radioljubuski.ba\/index.php\/wp-json\/wp\/v2\/types\/post"}],"author":[{"embeddable":true,"href":"https:\/\/radioljubuski.ba\/index.php\/wp-json\/wp\/v2\/users\/2"}],"replies":[{"embeddable":true,"href":"https:\/\/radioljubuski.ba\/index.php\/wp-json\/wp\/v2\/comments?post=26448"}],"version-history":[{"count":1,"href":"https:\/\/radioljubuski.ba\/index.php\/wp-json\/wp\/v2\/posts\/26448\/revisions"}],"predecessor-version":[{"id":26450,"href":"https:\/\/radioljubuski.ba\/index.php\/wp-json\/wp\/v2\/posts\/26448\/revisions\/26450"}],"wp:featuredmedia":[{"embeddable":true,"href":"https:\/\/radioljubuski.ba\/index.php\/wp-json\/wp\/v2\/media\/26449"}],"wp:attachment":[{"href":"https:\/\/radioljubuski.ba\/index.php\/wp-json\/wp\/v2\/media?parent=26448"}],"wp:term":[{"taxonomy":"category","embeddable":true,"href":"https:\/\/radioljubuski.ba\/index.php\/wp-json\/wp\/v2\/categories?post=26448"},{"taxonomy":"post_tag","embeddable":true,"href":"https:\/\/radioljubuski.ba\/index.php\/wp-json\/wp\/v2\/tags?post=26448"}],"curies":[{"name":"wp","href":"https:\/\/api.w.org\/{rel}","templated":true}]}}