{"id":26556,"date":"2021-05-30T12:07:02","date_gmt":"2021-05-30T11:07:02","guid":{"rendered":"https:\/\/radioljubuski.ba\/?p=26556"},"modified":"2021-05-30T12:07:04","modified_gmt":"2021-05-30T11:07:04","slug":"povodom-dana-drzavnosti-slapovi-niagare-zasvijetlili-u-bojama-hrvatske","status":"publish","type":"post","link":"https:\/\/radioljubuski.ba\/index.php\/2021\/05\/30\/povodom-dana-drzavnosti-slapovi-niagare-zasvijetlili-u-bojama-hrvatske\/","title":{"rendered":"Povodom Dana dr\u017eavnosti slapovi Niagare zasvijetlili u bojama Hrvatske"},"content":{"rendered":"\n<p>Povodom obilje\u017eavanja hrvatskog Dana dr\u017eavnosti ameri\u010dki Niagara Falls, odnosno slapovi Niagare, po prvi puta u povijesti zasvijetlili su u bojama Hrvatske i to dva puta tijekom ve\u010deri 29. svibnja.<\/p>\n\n\n\n<p>No\u0107na iluminacija u crvenoj, bijeloj i plavoj boji trajala je od 21 do 21 sat i 15 minuta te od 22 do 22 sata i 15 minuta po ameri\u010dkom vremenu, \u0161to po hrvatskom vremenu pada na sam Dan dr\u017eavnosti, 30. svibnja u ranojutarnjim satima. Hrvatska turisti\u010dka zajednica prenosila je ovaj jedinstveni do\u017eivljaj putem live streaminga na svojim dru\u0161tvenim mre\u017eama Croatia Full of Life koje prati milijunska publika diljem svijeta.<\/p>\n\n\n\n<iframe loading=\"lazy\" src=\"https:\/\/www.facebook.com\/plugins\/post.php?href=https%3A%2F%2Fwww.facebook.com%2Fcroatia.hr%2Fposts%2F10159727003111929&#038;show_text=true&#038;width=500\" width=\"500\" height=\"740\" style=\"border:none;overflow:hidden\" scrolling=\"no\" frameborder=\"0\" allowfullscreen=\"true\" allow=\"autoplay; clipboard-write; encrypted-media; picture-in-picture; web-share\"><\/iframe>\n\n\n\n<p>Ovaj doga\u0111aj, koji \u0107e dodatno skrenuti pa\u017enju na Hrvatsku kao po\u017eeljnu turisti\u010dku destinaciju koju Amerikanci preferiraju, realiziran je na inicijativu Generalnog konzulata Republike Hrvatske u New Yorku uz potporu i anga\u017eman Hrvatske turisti\u010dke zajednice, isti\u010du iz Turisti\u010dke zajednice.<\/p>\n\n\n\n<p>\u201eOvom inicijativom \u017eeljeli smo na simboli\u010dan na\u010din obilje\u017eiti povezanost i strate\u0161ko partnerstvo izme\u0111u Republike Hrvatske i Sjedinjenih Ameri\u010dkih Dr\u017eava, od kulture, sporta i znanosti do vanjske politike, obrane i gospodarstva. Hrvatski iseljenici su posebno zaslu\u017eni u promicanju veza i suradnje izme\u0111u svoje domovine i zemlje u kojoj su prona\u0161li svoj novi dom\u201c, izjavio je generalni konzul Republike Hrvatske u New Yorku Nikica Kopa\u010devi\u0107, prenosi&nbsp;<a href=\"https:\/\/hr.n1info.com\/vijesti\/povodom-dana-drzavnosti-slapovi-niagare-zasvijetlili-u-bojama-hrvatske\/\">N1<\/a>.<\/p>\n\n\n\n<p>Sve\u010danosti su prisustvovali Veleposlanik Republike Hrvatske u Sjedinjenim Ameri\u010dkim Dr\u017eavama Pjer \u0160imunovi\u0107, gradona\u010delnik grada Niagara Falls Robert Restaino, vojni izaslanik Republike Hrvatske u Sjedinjenim Ameri\u010dkim Dr\u017eavama brigadni general Tomislav Gali\u0107, generalna konzulica Republike Hrvatske u Los Angelesu Renee Pea, generalna konzulica Republike Hrvatske u Chicagu Sanja Lakovi\u0107, \u017eupnik Hrvatske katoli\u010dke \u017eupe Majke Bo\u017eje Bistri\u010dke, Lackawana, New York vl\u010d Christopher \u0106ori\u0107 te drugi pripadnici hrvatske zajednice s podru\u010dja dr\u017eave New York.<\/p>\n\n\n\n<p>\u201eOvaj poseban doga\u0111aj va\u017ean je u promociji na\u0161e zemlje kao atraktivne turisti\u010dke destinacije na tr\u017ei\u0161tu SAD-a. Interes Amerikanaca za na\u0161im destinacijama raste iz godine u godinu \u0161to potvr\u0111uju i dvije novouvedene direktne aviolinije koje u ovoj sezoni spajaju Dubrovnik i New York, \u010dime smo s SAD-om postali povezani bolje nego ikada prije. S ovog smo tr\u017ei\u0161ta u dosada\u0161njem dijelu godine ostvarili vi\u0161e od 80 tisu\u0107a no\u0107enja, a brojne najave na\u0161ih partnera daju naslutiti kako \u0107e se dobri trendovi s ameri\u010dkog tr\u017ei\u0161ta nastaviti i u narednom razdoblju\u201c, zaklju\u010dio je direktor HTZ-a Kristjan Stani\u010di\u0107.<\/p>\n\n\n\n<p>Ina\u010de, slapovi Niagare osvijetljeni su pomo\u0107u nekoliko stotina LED svjetiljki, koje se pale u sumrak, svake no\u0107i u godini. Slapovi se kroz godinu posebno osvjetljavaju povodom zna\u010dajnih prigoda i praznika te u znak podr\u0161ke brojnim organizacijama i udrugama.<\/p>\n\n\n\n<p><em>Izvor: narod.hr\/N1<\/em><\/p>\n","protected":false},"excerpt":{"rendered":"<p>Povodom obilje\u017eavanja hrvatskog Dana dr\u017eavnosti ameri\u010dki Niagara Falls, odnosno slapovi Niagare, po prvi puta u povijesti zasvijetlili su u bojama Hrvatske i to dva puta tijekom ve\u010deri 29. svibnja. No\u0107na iluminacija u crvenoj, bijeloj i plavoj boji trajala je od 21 do 21 sat i 15 minuta te od 22 do 22 sata i 15 [&hellip;]<\/p>\n","protected":false},"author":2,"featured_media":26557,"comment_status":"closed","ping_status":"closed","sticky":false,"template":"","format":"standard","meta":{"h5ap_radio_sources":[],"footnotes":""},"categories":[1],"tags":[],"class_list":["post-26556","post","type-post","status-publish","format-standard","has-post-thumbnail","hentry","category-bihiregija"],"yoast_head":"<!-- This site is optimized with the Yoast SEO plugin v27.4 - https:\/\/yoast.com\/product\/yoast-seo-wordpress\/ -->\n<title>Povodom Dana dr\u017eavnosti slapovi Niagare zasvijetlili u bojama Hrvatske - RADIO LJUBU\u0160KI<\/title>\n<meta name=\"robots\" content=\"index, follow, max-snippet:-1, max-image-preview:large, max-video-preview:-1\" \/>\n<link rel=\"canonical\" href=\"https:\/\/radioljubuski.ba\/index.php\/2021\/05\/30\/povodom-dana-drzavnosti-slapovi-niagare-zasvijetlili-u-bojama-hrvatske\/\" \/>\n<meta property=\"og:locale\" content=\"hr_HR\" \/>\n<meta property=\"og:type\" content=\"article\" \/>\n<meta property=\"og:title\" content=\"Povodom Dana dr\u017eavnosti slapovi Niagare zasvijetlili u bojama Hrvatske - RADIO LJUBU\u0160KI\" \/>\n<meta property=\"og:description\" content=\"Povodom obilje\u017eavanja hrvatskog Dana dr\u017eavnosti ameri\u010dki Niagara Falls, odnosno slapovi Niagare, po prvi puta u povijesti zasvijetlili su u bojama Hrvatske i to dva puta tijekom ve\u010deri 29. svibnja. No\u0107na iluminacija u crvenoj, bijeloj i plavoj boji trajala je od 21 do 21 sat i 15 minuta te od 22 do 22 sata i 15 [&hellip;]\" \/>\n<meta property=\"og:url\" content=\"https:\/\/radioljubuski.ba\/index.php\/2021\/05\/30\/povodom-dana-drzavnosti-slapovi-niagare-zasvijetlili-u-bojama-hrvatske\/\" \/>\n<meta property=\"og:site_name\" content=\"RADIO LJUBU\u0160KI\" \/>\n<meta property=\"article:publisher\" content=\"https:\/\/www.facebook.com\/Radiio-Ljubuski-1490835324566332\" \/>\n<meta property=\"article:published_time\" content=\"2021-05-30T11:07:02+00:00\" \/>\n<meta property=\"article:modified_time\" content=\"2021-05-30T11:07:04+00:00\" \/>\n<meta property=\"og:image\" content=\"https:\/\/radioljubuski.ba\/wp-content\/uploads\/2021\/05\/Screenshot-from-2021-05-30-09-44-28-696x490-1.png\" \/>\n\t<meta property=\"og:image:width\" content=\"696\" \/>\n\t<meta property=\"og:image:height\" content=\"490\" \/>\n\t<meta property=\"og:image:type\" content=\"image\/png\" \/>\n<meta name=\"author\" content=\"Radio Ljubu\u0161ki\" \/>\n<meta name=\"twitter:card\" content=\"summary_large_image\" \/>\n<meta name=\"twitter:creator\" content=\"@radioljubuski\" \/>\n<meta name=\"twitter:site\" content=\"@radioljubuski\" \/>\n<meta name=\"twitter:label1\" content=\"Napisao\/la\" \/>\n\t<meta name=\"twitter:data1\" content=\"Radio Ljubu\u0161ki\" \/>\n\t<meta name=\"twitter:label2\" content=\"Procijenjeno vrijeme \u010ditanja\" \/>\n\t<meta name=\"twitter:data2\" content=\"2 minute\" \/>\n<script type=\"application\/ld+json\" class=\"yoast-schema-graph\">{\"@context\":\"https:\\\/\\\/schema.org\",\"@graph\":[{\"@type\":\"Article\",\"@id\":\"https:\\\/\\\/radioljubuski.ba\\\/index.php\\\/2021\\\/05\\\/30\\\/povodom-dana-drzavnosti-slapovi-niagare-zasvijetlili-u-bojama-hrvatske\\\/#article\",\"isPartOf\":{\"@id\":\"https:\\\/\\\/radioljubuski.ba\\\/index.php\\\/2021\\\/05\\\/30\\\/povodom-dana-drzavnosti-slapovi-niagare-zasvijetlili-u-bojama-hrvatske\\\/\"},\"author\":{\"name\":\"Radio Ljubu\u0161ki\",\"@id\":\"https:\\\/\\\/radioljubuski.ba\\\/#\\\/schema\\\/person\\\/19fc700381a780f69665d7956c469e3b\"},\"headline\":\"Povodom Dana dr\u017eavnosti slapovi Niagare zasvijetlili u bojama Hrvatske\",\"datePublished\":\"2021-05-30T11:07:02+00:00\",\"dateModified\":\"2021-05-30T11:07:04+00:00\",\"mainEntityOfPage\":{\"@id\":\"https:\\\/\\\/radioljubuski.ba\\\/index.php\\\/2021\\\/05\\\/30\\\/povodom-dana-drzavnosti-slapovi-niagare-zasvijetlili-u-bojama-hrvatske\\\/\"},\"wordCount\":473,\"publisher\":{\"@id\":\"https:\\\/\\\/radioljubuski.ba\\\/#organization\"},\"image\":{\"@id\":\"https:\\\/\\\/radioljubuski.ba\\\/index.php\\\/2021\\\/05\\\/30\\\/povodom-dana-drzavnosti-slapovi-niagare-zasvijetlili-u-bojama-hrvatske\\\/#primaryimage\"},\"thumbnailUrl\":\"https:\\\/\\\/radioljubuski.ba\\\/wp-content\\\/uploads\\\/2021\\\/05\\\/Screenshot-from-2021-05-30-09-44-28-696x490-1.png\",\"articleSection\":[\"BIH i regija\"],\"inLanguage\":\"hr\"},{\"@type\":\"WebPage\",\"@id\":\"https:\\\/\\\/radioljubuski.ba\\\/index.php\\\/2021\\\/05\\\/30\\\/povodom-dana-drzavnosti-slapovi-niagare-zasvijetlili-u-bojama-hrvatske\\\/\",\"url\":\"https:\\\/\\\/radioljubuski.ba\\\/index.php\\\/2021\\\/05\\\/30\\\/povodom-dana-drzavnosti-slapovi-niagare-zasvijetlili-u-bojama-hrvatske\\\/\",\"name\":\"Povodom Dana dr\u017eavnosti slapovi Niagare zasvijetlili u bojama Hrvatske - RADIO LJUBU\u0160KI\",\"isPartOf\":{\"@id\":\"https:\\\/\\\/radioljubuski.ba\\\/#website\"},\"primaryImageOfPage\":{\"@id\":\"https:\\\/\\\/radioljubuski.ba\\\/index.php\\\/2021\\\/05\\\/30\\\/povodom-dana-drzavnosti-slapovi-niagare-zasvijetlili-u-bojama-hrvatske\\\/#primaryimage\"},\"image\":{\"@id\":\"https:\\\/\\\/radioljubuski.ba\\\/index.php\\\/2021\\\/05\\\/30\\\/povodom-dana-drzavnosti-slapovi-niagare-zasvijetlili-u-bojama-hrvatske\\\/#primaryimage\"},\"thumbnailUrl\":\"https:\\\/\\\/radioljubuski.ba\\\/wp-content\\\/uploads\\\/2021\\\/05\\\/Screenshot-from-2021-05-30-09-44-28-696x490-1.png\",\"datePublished\":\"2021-05-30T11:07:02+00:00\",\"dateModified\":\"2021-05-30T11:07:04+00:00\",\"breadcrumb\":{\"@id\":\"https:\\\/\\\/radioljubuski.ba\\\/index.php\\\/2021\\\/05\\\/30\\\/povodom-dana-drzavnosti-slapovi-niagare-zasvijetlili-u-bojama-hrvatske\\\/#breadcrumb\"},\"inLanguage\":\"hr\",\"potentialAction\":[{\"@type\":\"ReadAction\",\"target\":[\"https:\\\/\\\/radioljubuski.ba\\\/index.php\\\/2021\\\/05\\\/30\\\/povodom-dana-drzavnosti-slapovi-niagare-zasvijetlili-u-bojama-hrvatske\\\/\"]}]},{\"@type\":\"ImageObject\",\"inLanguage\":\"hr\",\"@id\":\"https:\\\/\\\/radioljubuski.ba\\\/index.php\\\/2021\\\/05\\\/30\\\/povodom-dana-drzavnosti-slapovi-niagare-zasvijetlili-u-bojama-hrvatske\\\/#primaryimage\",\"url\":\"https:\\\/\\\/radioljubuski.ba\\\/wp-content\\\/uploads\\\/2021\\\/05\\\/Screenshot-from-2021-05-30-09-44-28-696x490-1.png\",\"contentUrl\":\"https:\\\/\\\/radioljubuski.ba\\\/wp-content\\\/uploads\\\/2021\\\/05\\\/Screenshot-from-2021-05-30-09-44-28-696x490-1.png\",\"width\":696,\"height\":490},{\"@type\":\"BreadcrumbList\",\"@id\":\"https:\\\/\\\/radioljubuski.ba\\\/index.php\\\/2021\\\/05\\\/30\\\/povodom-dana-drzavnosti-slapovi-niagare-zasvijetlili-u-bojama-hrvatske\\\/#breadcrumb\",\"itemListElement\":[{\"@type\":\"ListItem\",\"position\":1,\"name\":\"Po\u010detna stranica\",\"item\":\"https:\\\/\\\/radioljubuski.ba\\\/\"},{\"@type\":\"ListItem\",\"position\":2,\"name\":\"Povodom Dana dr\u017eavnosti slapovi Niagare zasvijetlili u bojama Hrvatske\"}]},{\"@type\":\"WebSite\",\"@id\":\"https:\\\/\\\/radioljubuski.ba\\\/#website\",\"url\":\"https:\\\/\\\/radioljubuski.ba\\\/\",\"name\":\"Radio Ljubu\u0161ki\",\"description\":\"Sun\u010dana frekvencija Hercegovine\",\"publisher\":{\"@id\":\"https:\\\/\\\/radioljubuski.ba\\\/#organization\"},\"potentialAction\":[{\"@type\":\"SearchAction\",\"target\":{\"@type\":\"EntryPoint\",\"urlTemplate\":\"https:\\\/\\\/radioljubuski.ba\\\/?s={search_term_string}\"},\"query-input\":{\"@type\":\"PropertyValueSpecification\",\"valueRequired\":true,\"valueName\":\"search_term_string\"}}],\"inLanguage\":\"hr\"},{\"@type\":\"Organization\",\"@id\":\"https:\\\/\\\/radioljubuski.ba\\\/#organization\",\"name\":\"Radio Ljubu\u0161ki\",\"url\":\"https:\\\/\\\/radioljubuski.ba\\\/\",\"logo\":{\"@type\":\"ImageObject\",\"inLanguage\":\"hr\",\"@id\":\"https:\\\/\\\/radioljubuski.ba\\\/#\\\/schema\\\/logo\\\/image\\\/\",\"url\":\"https:\\\/\\\/radioljubuski.ba\\\/wp-content\\\/uploads\\\/2021\\\/02\\\/cropped-Radio_Ljubuski_logo1.jpg\",\"contentUrl\":\"https:\\\/\\\/radioljubuski.ba\\\/wp-content\\\/uploads\\\/2021\\\/02\\\/cropped-Radio_Ljubuski_logo1.jpg\",\"width\":512,\"height\":512,\"caption\":\"Radio Ljubu\u0161ki\"},\"image\":{\"@id\":\"https:\\\/\\\/radioljubuski.ba\\\/#\\\/schema\\\/logo\\\/image\\\/\"},\"sameAs\":[\"https:\\\/\\\/www.facebook.com\\\/Radiio-Ljubuski-1490835324566332\",\"https:\\\/\\\/x.com\\\/radioljubuski\",\"https:\\\/\\\/hr.linkedin.com\\\/company\\\/radio-ljubuski\",\"https:\\\/\\\/www.youtube.com\\\/channel\\\/UCHYaeO_n0Db3tjNGudGpXyw\"]},{\"@type\":\"Person\",\"@id\":\"https:\\\/\\\/radioljubuski.ba\\\/#\\\/schema\\\/person\\\/19fc700381a780f69665d7956c469e3b\",\"name\":\"Radio Ljubu\u0161ki\"}]}<\/script>\n<!-- \/ Yoast SEO plugin. -->","yoast_head_json":{"title":"Povodom Dana dr\u017eavnosti slapovi Niagare zasvijetlili u bojama Hrvatske - RADIO LJUBU\u0160KI","robots":{"index":"index","follow":"follow","max-snippet":"max-snippet:-1","max-image-preview":"max-image-preview:large","max-video-preview":"max-video-preview:-1"},"canonical":"https:\/\/radioljubuski.ba\/index.php\/2021\/05\/30\/povodom-dana-drzavnosti-slapovi-niagare-zasvijetlili-u-bojama-hrvatske\/","og_locale":"hr_HR","og_type":"article","og_title":"Povodom Dana dr\u017eavnosti slapovi Niagare zasvijetlili u bojama Hrvatske - RADIO LJUBU\u0160KI","og_description":"Povodom obilje\u017eavanja hrvatskog Dana dr\u017eavnosti ameri\u010dki Niagara Falls, odnosno slapovi Niagare, po prvi puta u povijesti zasvijetlili su u bojama Hrvatske i to dva puta tijekom ve\u010deri 29. svibnja. No\u0107na iluminacija u crvenoj, bijeloj i plavoj boji trajala je od 21 do 21 sat i 15 minuta te od 22 do 22 sata i 15 [&hellip;]","og_url":"https:\/\/radioljubuski.ba\/index.php\/2021\/05\/30\/povodom-dana-drzavnosti-slapovi-niagare-zasvijetlili-u-bojama-hrvatske\/","og_site_name":"RADIO LJUBU\u0160KI","article_publisher":"https:\/\/www.facebook.com\/Radiio-Ljubuski-1490835324566332","article_published_time":"2021-05-30T11:07:02+00:00","article_modified_time":"2021-05-30T11:07:04+00:00","og_image":[{"width":696,"height":490,"url":"https:\/\/radioljubuski.ba\/wp-content\/uploads\/2021\/05\/Screenshot-from-2021-05-30-09-44-28-696x490-1.png","type":"image\/png"}],"author":"Radio Ljubu\u0161ki","twitter_card":"summary_large_image","twitter_creator":"@radioljubuski","twitter_site":"@radioljubuski","twitter_misc":{"Napisao\/la":"Radio Ljubu\u0161ki","Procijenjeno vrijeme \u010ditanja":"2 minute"},"schema":{"@context":"https:\/\/schema.org","@graph":[{"@type":"Article","@id":"https:\/\/radioljubuski.ba\/index.php\/2021\/05\/30\/povodom-dana-drzavnosti-slapovi-niagare-zasvijetlili-u-bojama-hrvatske\/#article","isPartOf":{"@id":"https:\/\/radioljubuski.ba\/index.php\/2021\/05\/30\/povodom-dana-drzavnosti-slapovi-niagare-zasvijetlili-u-bojama-hrvatske\/"},"author":{"name":"Radio Ljubu\u0161ki","@id":"https:\/\/radioljubuski.ba\/#\/schema\/person\/19fc700381a780f69665d7956c469e3b"},"headline":"Povodom Dana dr\u017eavnosti slapovi Niagare zasvijetlili u bojama Hrvatske","datePublished":"2021-05-30T11:07:02+00:00","dateModified":"2021-05-30T11:07:04+00:00","mainEntityOfPage":{"@id":"https:\/\/radioljubuski.ba\/index.php\/2021\/05\/30\/povodom-dana-drzavnosti-slapovi-niagare-zasvijetlili-u-bojama-hrvatske\/"},"wordCount":473,"publisher":{"@id":"https:\/\/radioljubuski.ba\/#organization"},"image":{"@id":"https:\/\/radioljubuski.ba\/index.php\/2021\/05\/30\/povodom-dana-drzavnosti-slapovi-niagare-zasvijetlili-u-bojama-hrvatske\/#primaryimage"},"thumbnailUrl":"https:\/\/radioljubuski.ba\/wp-content\/uploads\/2021\/05\/Screenshot-from-2021-05-30-09-44-28-696x490-1.png","articleSection":["BIH i regija"],"inLanguage":"hr"},{"@type":"WebPage","@id":"https:\/\/radioljubuski.ba\/index.php\/2021\/05\/30\/povodom-dana-drzavnosti-slapovi-niagare-zasvijetlili-u-bojama-hrvatske\/","url":"https:\/\/radioljubuski.ba\/index.php\/2021\/05\/30\/povodom-dana-drzavnosti-slapovi-niagare-zasvijetlili-u-bojama-hrvatske\/","name":"Povodom Dana dr\u017eavnosti slapovi Niagare zasvijetlili u bojama Hrvatske - RADIO LJUBU\u0160KI","isPartOf":{"@id":"https:\/\/radioljubuski.ba\/#website"},"primaryImageOfPage":{"@id":"https:\/\/radioljubuski.ba\/index.php\/2021\/05\/30\/povodom-dana-drzavnosti-slapovi-niagare-zasvijetlili-u-bojama-hrvatske\/#primaryimage"},"image":{"@id":"https:\/\/radioljubuski.ba\/index.php\/2021\/05\/30\/povodom-dana-drzavnosti-slapovi-niagare-zasvijetlili-u-bojama-hrvatske\/#primaryimage"},"thumbnailUrl":"https:\/\/radioljubuski.ba\/wp-content\/uploads\/2021\/05\/Screenshot-from-2021-05-30-09-44-28-696x490-1.png","datePublished":"2021-05-30T11:07:02+00:00","dateModified":"2021-05-30T11:07:04+00:00","breadcrumb":{"@id":"https:\/\/radioljubuski.ba\/index.php\/2021\/05\/30\/povodom-dana-drzavnosti-slapovi-niagare-zasvijetlili-u-bojama-hrvatske\/#breadcrumb"},"inLanguage":"hr","potentialAction":[{"@type":"ReadAction","target":["https:\/\/radioljubuski.ba\/index.php\/2021\/05\/30\/povodom-dana-drzavnosti-slapovi-niagare-zasvijetlili-u-bojama-hrvatske\/"]}]},{"@type":"ImageObject","inLanguage":"hr","@id":"https:\/\/radioljubuski.ba\/index.php\/2021\/05\/30\/povodom-dana-drzavnosti-slapovi-niagare-zasvijetlili-u-bojama-hrvatske\/#primaryimage","url":"https:\/\/radioljubuski.ba\/wp-content\/uploads\/2021\/05\/Screenshot-from-2021-05-30-09-44-28-696x490-1.png","contentUrl":"https:\/\/radioljubuski.ba\/wp-content\/uploads\/2021\/05\/Screenshot-from-2021-05-30-09-44-28-696x490-1.png","width":696,"height":490},{"@type":"BreadcrumbList","@id":"https:\/\/radioljubuski.ba\/index.php\/2021\/05\/30\/povodom-dana-drzavnosti-slapovi-niagare-zasvijetlili-u-bojama-hrvatske\/#breadcrumb","itemListElement":[{"@type":"ListItem","position":1,"name":"Po\u010detna stranica","item":"https:\/\/radioljubuski.ba\/"},{"@type":"ListItem","position":2,"name":"Povodom Dana dr\u017eavnosti slapovi Niagare zasvijetlili u bojama Hrvatske"}]},{"@type":"WebSite","@id":"https:\/\/radioljubuski.ba\/#website","url":"https:\/\/radioljubuski.ba\/","name":"Radio Ljubu\u0161ki","description":"Sun\u010dana frekvencija Hercegovine","publisher":{"@id":"https:\/\/radioljubuski.ba\/#organization"},"potentialAction":[{"@type":"SearchAction","target":{"@type":"EntryPoint","urlTemplate":"https:\/\/radioljubuski.ba\/?s={search_term_string}"},"query-input":{"@type":"PropertyValueSpecification","valueRequired":true,"valueName":"search_term_string"}}],"inLanguage":"hr"},{"@type":"Organization","@id":"https:\/\/radioljubuski.ba\/#organization","name":"Radio Ljubu\u0161ki","url":"https:\/\/radioljubuski.ba\/","logo":{"@type":"ImageObject","inLanguage":"hr","@id":"https:\/\/radioljubuski.ba\/#\/schema\/logo\/image\/","url":"https:\/\/radioljubuski.ba\/wp-content\/uploads\/2021\/02\/cropped-Radio_Ljubuski_logo1.jpg","contentUrl":"https:\/\/radioljubuski.ba\/wp-content\/uploads\/2021\/02\/cropped-Radio_Ljubuski_logo1.jpg","width":512,"height":512,"caption":"Radio Ljubu\u0161ki"},"image":{"@id":"https:\/\/radioljubuski.ba\/#\/schema\/logo\/image\/"},"sameAs":["https:\/\/www.facebook.com\/Radiio-Ljubuski-1490835324566332","https:\/\/x.com\/radioljubuski","https:\/\/hr.linkedin.com\/company\/radio-ljubuski","https:\/\/www.youtube.com\/channel\/UCHYaeO_n0Db3tjNGudGpXyw"]},{"@type":"Person","@id":"https:\/\/radioljubuski.ba\/#\/schema\/person\/19fc700381a780f69665d7956c469e3b","name":"Radio Ljubu\u0161ki"}]}},"_links":{"self":[{"href":"https:\/\/radioljubuski.ba\/index.php\/wp-json\/wp\/v2\/posts\/26556","targetHints":{"allow":["GET"]}}],"collection":[{"href":"https:\/\/radioljubuski.ba\/index.php\/wp-json\/wp\/v2\/posts"}],"about":[{"href":"https:\/\/radioljubuski.ba\/index.php\/wp-json\/wp\/v2\/types\/post"}],"author":[{"embeddable":true,"href":"https:\/\/radioljubuski.ba\/index.php\/wp-json\/wp\/v2\/users\/2"}],"replies":[{"embeddable":true,"href":"https:\/\/radioljubuski.ba\/index.php\/wp-json\/wp\/v2\/comments?post=26556"}],"version-history":[{"count":1,"href":"https:\/\/radioljubuski.ba\/index.php\/wp-json\/wp\/v2\/posts\/26556\/revisions"}],"predecessor-version":[{"id":26558,"href":"https:\/\/radioljubuski.ba\/index.php\/wp-json\/wp\/v2\/posts\/26556\/revisions\/26558"}],"wp:featuredmedia":[{"embeddable":true,"href":"https:\/\/radioljubuski.ba\/index.php\/wp-json\/wp\/v2\/media\/26557"}],"wp:attachment":[{"href":"https:\/\/radioljubuski.ba\/index.php\/wp-json\/wp\/v2\/media?parent=26556"}],"wp:term":[{"taxonomy":"category","embeddable":true,"href":"https:\/\/radioljubuski.ba\/index.php\/wp-json\/wp\/v2\/categories?post=26556"},{"taxonomy":"post_tag","embeddable":true,"href":"https:\/\/radioljubuski.ba\/index.php\/wp-json\/wp\/v2\/tags?post=26556"}],"curies":[{"name":"wp","href":"https:\/\/api.w.org\/{rel}","templated":true}]}}