{"id":266,"date":"2021-01-20T10:52:54","date_gmt":"2021-01-20T10:52:54","guid":{"rendered":"https:\/\/radioljubuski.ba\/?p=266"},"modified":"2021-02-25T10:54:23","modified_gmt":"2021-02-25T10:54:23","slug":"perica-bisko-i-franjo-kovac-u-programu-rlj-o-planinarenju","status":"publish","type":"post","link":"https:\/\/radioljubuski.ba\/index.php\/2021\/01\/20\/perica-bisko-i-franjo-kovac-u-programu-rlj-o-planinarenju\/","title":{"rendered":"Perica Bi\u0161ko i Franjo Kova\u010d u programu RLJ o planinarenju"},"content":{"rendered":"\n<p>Ljubitelji planinarenja, Perica Bi\u0161ko i Franjo Kova\u010d gostovali su u programu Radija Ljubu\u0161ki i odgovarali na pitanja kao \u0161to je \u201eZa\u0161to planinariti?\u201c \u0160to je tu tako zanimljivo?&#8221;, te otkrili neke svoje najdra\u017ee uspone i dogodov\u0161tine s planina &#8211; saznali smo kroz razgovor s njima kako su \u010cesi na\u010de\u0161\u0107i gosti na balkanskim planinama, za\u0161to je va\u017eno dobro se pripremiti uo\u010di odlaska na planinu, ali i koliko je planinarenje dobro za odr\u017eavanje fizi\u010dkog zdravlja.<\/p>\n\n\n\n<p>Njih dvojica su nedavno na samom po\u010detku 2021. godine odlu\u010dili krenuti na pohod na Hajdu\u010dka vrata, a nakon probijanja kroz snijeg pod velikim minusima na vrhu su ih do\u010dekali prizori koji ostavljaju bez daha.<\/p>\n\n\n\n<p>Fotografije snijegom prekrivenih \u201eHajdu\u010dkih vrata\u201c odu\u0161evile su mnoge kada su se pojavile na portalima, te je to i bio razlog da Bi\u0161ku i Kova\u010da pozovemo na gostovanje na Radio Ljubu\u0161ki.<\/p>\n\n\n\n<figure class=\"wp-block-image\"><img decoding=\"async\" src=\"https:\/\/i1.wp.com\/www.ljportal.com\/wp-content\/uploads\/2021\/01\/hajducka-vrata.jpg?fit=600%2C400&amp;ssl=1\" alt=\"Ljubu\u0161ak Perica Bi\u0161ko: \u201cDo\u017eivjeli smo prizore koji ostavljaju bez daha\u201d -  Ljubu\u0161ki na dlanu\"\/><\/figure>\n\n\n\n<p>Otkrili su nam mnoge zanimljive stvari \u2013 primjerice, baterije mobitela i aparata se puno br\u017ee prazne na velikim minusima.<\/p>\n\n\n\n<p>\u201e<em>Uvijek pazimo na na\u0161e baterije, ponesemo jedan ili dva \u201epowerbanka\u201c radi niskih temperatura. Sada kada smo bili na Vranu temperature su se kretale od -5 do -10 no\u0107ne, a na \u010cvrsnici smo imali \u010dak do&nbsp; -15 no\u0107ne. Ako \u017eelimo zabilje\u017eiti te neke trenutke moramo paziti na baterije kamera i mobitela, pa baterije uvijek \u010duvamo blizu srca, u posebnim d\u017eepovima blizu srca\u201c<\/em>&nbsp;obja\u0161njava Bi\u0161ko i dodaje kako je vrlo bitno paziti na baterije kako bi preko aplikacija mogli pratiti staze kada se na planini sve zabijeli.<\/p>\n\n\n\n<p>\u201e<em>U tim uvjetima priroda i okoli\u0161 se potpuno promijene pa morate imati mobitel da pazite &#8220;trek\u201c,<\/em>&nbsp;poja\u0161njava Bi\u0161ko.&nbsp;<\/p>\n\n\n\n<p>Na pitanje da li se ikad izgube na planini, Kova\u010d odgovara kako im se to dosad nije doga\u0111alo, a zaslu\u017eni su \u010cesi.<\/p>\n\n\n\n<p>\u201e<em>S kartama koje posjedujemo nismo se nikad izgubili. Koristimo kvalitetne mape, \u010de\u0161ke mape, jer \u010cesi su najbolji \u0161to se ti\u010de turistike i promocije tog \u017eivotnog stila u prirodi. Ba\u0161 oni su obi\u0161li dobar dio Balkana i mapirali planinarske puteve, pa tako i velik dio Hercegovine i isto\u010dne Hercegovine. Kada smo i\u0161li na Magli\u0107, vidjeli smo puno \u010ceha. Isto tako kada smo i\u0161li na Durmitor&#8230; Na vrhu, cijeli vrh je bio pun \u010ceha\u2026<\/em>\u201c, poja\u0161njava Kova\u010d.<\/p>\n\n\n\n<p>I Bi\u0161ko uska\u010de i pohvaljuje \u010cehe.<\/p>\n\n\n\n<p>\u201e<em>\u010cak \u0161to se ti\u010de aplikacija, iznena\u0111eni smo koliko je to detaljno. Ako imate neko odmarali\u0161te, to je na mapi ozna\u010deno i to je precizno u par metara\u2026<\/em>\u201c, ka\u017ee.<\/p>\n\n\n\n<p>Na pitanje kako se kod njih pojavila ljubav za planinarenjem Kova\u010d odgovara da je od malih nogu bio fasciniran dokumentarcima o svijetu i o raznim prirodnim atrakcijama i ljepotama.<\/p>\n\n\n\n<p>\u201e<em>\u0160to sam bio stariji cilj mi je bio ostvariti sve te moje dje\u010dje \u017eelje. I tako poimalo, prije sedam godina, tada sam bio \u201ehard core\u201c gamer, i uz nagovor brata da iza\u0111em malo vani po planinama, odlu\u010dio sam oti\u0107i i tako\u2026 Tako sam se i spojio s Pericom i kroz uspone na ove lokalne vrhove, smo krenuli\u2026\u201c<\/em>, obja\u0161njava Kova\u010d.<\/p>\n\n\n\n<p>Bi\u0161ko dodaje kako se njihova ljubav prema planinarenju samo pove\u0107avala nakon po\u010detnih uspona.<\/p>\n\n\n\n<p><em>\u201eU tom prvom periodu smo krenuli na lokalne vrhove, ali uvijek \u017ee\u0111a\u0161 za ne\u010dim ja\u010dim, novim i vi\u0161im. I tako smo krenuli i\u0107i sve dalje i dalje&#8230; Postepeno se i oprema nabavljala. Svu opremu koju imamo smo nekako postepeno nabavljali, jer kada ode\u0161 na neki vrh, onda vidi\u0161 \u0161to ti to konkretno treba, pa to i nabavi\u0161\u201c,<\/em>&nbsp;dodaje Bi\u0161ko.<\/p>\n\n\n\n<p>Na pitanje o najdra\u017eim planinama, Bi\u0161ko ka\u017ee kako su mu posebno dragi \u010cvrsnica i Prenj.<\/p>\n\n\n\n<p><em>\u201ePrenj ima 12 vrhova koji prelaze 2000 metara. Ja sam osobno bio na tri ili \u010detiri. Evo mi trenutno sudjelujemo u jednom izazovu koji glasi; \u201eIspenji 78 vrhova koji prelaze 2000 metara\u201c. Toliko je zapravo vrhova i kota u BiH. Mi smo se uklju\u010dili. Ja i Frano, a ima jo\u0161 kolega koji idu s nama, sada idemo na te vrhove\u2026\u201c<\/em>, ka\u017ee Bi\u0161ko.<\/p>\n\n\n\n<p>Drage su mu i planine izvan BiH.<\/p>\n\n\n\n<p>\u201e<em>Od uspona mi je dobro ostao u sje\u0107anju najve\u0107i vrh u Crnoj Gori. Crna Gora je fantasti\u010dna. Durmitor, Prokletije&#8230; Kada smo se peli na Zlu Kolatu, najve\u0107i vrh Crne Gore to mi je ostalo u dobrom sje\u0107anju\u2026,<\/em>&nbsp;ka\u017ee Bi\u0161ko, a Kova\u010d dodaje kako je njemu Magli\u0107 ostao u posebnom mjestu u srcu.<\/p>\n\n\n\n<p>\u201e<em>Kada se penjete na Magli\u0107, ima vi\u0161e smjerova kojima mo\u017eete i\u0107i. Mi smo i\u0161li banjolu\u010dkom stranom i to je najstrmija strana. Kada se spu\u0161tate onda idete prema Trnova\u010dkom jezeru i samo to spu\u0161tanje i samo to kupanje u Trnova\u010dkom jezeru i opu\u0161tanje mi\u0161i\u0107a nakon tih napora je bilo neopisivo. To mi je bio jedan od dra\u017eih uspona i rado bih se vratio\u2026.\u201c,<\/em>&nbsp;ka\u017ee Kova\u010d.<\/p>\n\n\n\n<p>Obojica smatraju kako je ovaj prostor bogomdan za planinare.<\/p>\n\n\n\n<p>\u201e<em>Hrvatska promovira taj planinski turizam, a mo\u017ee se re\u0107i, ne upola, nema ni blizu planina kao \u0161to ima BiH\u201c<\/em>, isti\u010de Bi\u0161ko.<\/p>\n\n\n\n<p>Njih dvojica su \u010dlanovi HPD Ljubu\u0161ki i ponosno nose zastavu kluba na planine.<\/p>\n\n\n\n<p>Na pitanje koja im je jo\u0161 neostvarena \u017eelja, ka\u017eu da namjeravaju i\u0107i na najve\u0107i vrh Europe.&nbsp;<\/p>\n\n\n\n<p><em>\u201eNajprije bi htjeli da steknemo iskustvo. Jer uz svu opremu koju \u010dovjek mo\u017ee kupiti, mislim da je iskustvo ipak najva\u017enije. I fizi\u010dka sprema naravno. Ja osobno sam kroz planinarenje skinuo dosta kilograma.. Tako da u budu\u0107nosti, dok jo\u0161 skupimo malo iskustva, imamo \u017eivotnu \u017eelju i\u0107i na Elbrus najve\u0107i vrh Europe, i mo\u017eda Mont Blanc, najve\u0107i vrh Alpa. Nije to toliko ni financijski skupo, koliko bi ta dva vrha htjeli odraditi, ali dok jo\u0161 skupimo iskustva na na\u0161im planinama\u2026\u201c,<\/em>&nbsp;govori Bi\u0161ko.<\/p>\n\n\n\n<p>\u201e<em>Prije par godina bio u Maroku i \u017eao mi je \u0161to se nisam popeo na najve\u0107i vrh sjeverne Afrike Tupka, a od vrhova koje bih \u017eelio osvojiti, tu su Elbrus, pa \u010dak i Nepal i Himalaje, barem do prvog baznog kampa. A Mount Everest, tu ve\u0107 treba imati i velik novac i veliku prirpemu\u201c,<\/em>&nbsp;ka\u017ee Kova\u010d, na \u0161to Bi\u0161ko dobacuje kako uspon na Mount Everest ko\u0161ta 60 tisu\u0107a eura, tako da od toga ni\u0161ta.&nbsp;&nbsp;<\/p>\n\n\n\n<p>Bi\u0161ko ipak dodaje kako ne treba \u201etr\u010dati\u201c za velikim vrhovima i velikim planinama.<\/p>\n\n\n\n<p>\u201e<em>U biti najljep\u0161e planine \u010dak i nisu u tom rangu i uvijek kada nas netko pita, uvijek pitaju gdje ste bili na najve\u0107em vrhu, a ja bih radije nekom preporu\u010dio \u201enemoj tr\u010dati na najve\u0107i vrh, nego gledaj koja je najljep\u0161a planina\u201c,<\/em>&nbsp;dodaje.<\/p>\n\n\n\n<p>Ka\u017eu kako se za svaki uspon pripremaju, provjeravaju prognoze, ali treba znati i to da planine imaju svoje mikroklime i vrijeme zna biti varljivo.<\/p>\n\n\n\n<p>\u201e<em>Evo ja, kada sam se po\u010deo na \u010cvrsnicu penjati, krenuo sam u \u0161orcu. Bilo je lijepo vrijeme, bijeli oblaci i plavo nebo da bi nas do\u010dekala ki\u0161a i snijeg na vrhu. Tijekom uspona promijenila su se sva \u010detiri godi\u0161nja doba\u2026\u201c<\/em>, ka\u017ee Bi\u0161ko, a Kova\u010d ka\u017ee kako je i on imao sli\u010dnu situaciju pri usponu na sv. Juru, najvi\u0161i vrh Biokova.<\/p>\n\n\n\n<p>Ova dvojica strastvenih planinara bi preporu\u010dili svima da krenu u prirodu, ne morate i\u0107i na neke visoke vrhove, ali samo udisanje svje\u017eeg brdskog zraka i \u0161etnja u prirodi dobro je za zdravlje, za fizi\u010dku spremu.<\/p>\n\n\n\n<p>Tako\u0111er, planinarenje je dobro i za opu\u0161tanje od stresne svakodnevnice.<\/p>\n\n\n\n<p>Poslu\u0161ajte vi\u0161e u razgovoru<\/p>\n\n\n\n<iframe src=\"https:\/\/drive.google.com\/file\/d\/1Qu3yev3g7J8DHbzEr04Hx4fcwpddarlB\/preview\" style=\"width: 100%; height: 100px;\"><\/iframe>\n\n\n\n<p><\/p>\n\n\n\n<figure class=\"wp-block-image\"><img decoding=\"async\" src=\"https:\/\/radioljubuski.ba\/images\/stories\/2019\/fotogalerije\/planinarenje-bisko-kovac\/planinarenje-bisko-kovac%20(5).jpg\" alt=\"\"\/><\/figure>\n","protected":false},"excerpt":{"rendered":"<p>Ljubitelji planinarenja, Perica Bi\u0161ko i Franjo Kova\u010d gostovali su u programu Radija Ljubu\u0161ki i odgovarali na pitanja kao \u0161to je \u201eZa\u0161to planinariti?\u201c \u0160to je tu tako zanimljivo?&#8221;, te otkrili neke svoje najdra\u017ee uspone i dogodov\u0161tine s planina &#8211; saznali smo kroz razgovor s njima kako su \u010cesi na\u010de\u0161\u0107i gosti na balkanskim planinama, za\u0161to je va\u017eno [&hellip;]<\/p>\n","protected":false},"author":2,"featured_media":268,"comment_status":"closed","ping_status":"closed","sticky":false,"template":"","format":"standard","meta":{"h5ap_radio_sources":[],"footnotes":""},"categories":[8],"tags":[],"class_list":["post-266","post","type-post","status-publish","format-standard","has-post-thumbnail","hentry","category-rlj-audio"],"yoast_head":"<!-- This site is optimized with the Yoast SEO plugin v27.5 - https:\/\/yoast.com\/product\/yoast-seo-wordpress\/ -->\n<title>Perica Bi\u0161ko i Franjo Kova\u010d u programu RLJ o planinarenju - RADIO LJUBU\u0160KI<\/title>\n<meta name=\"robots\" content=\"index, follow, max-snippet:-1, max-image-preview:large, max-video-preview:-1\" \/>\n<link rel=\"canonical\" href=\"https:\/\/radioljubuski.ba\/index.php\/2021\/01\/20\/perica-bisko-i-franjo-kovac-u-programu-rlj-o-planinarenju\/\" \/>\n<meta property=\"og:locale\" content=\"hr_HR\" \/>\n<meta property=\"og:type\" content=\"article\" \/>\n<meta property=\"og:title\" content=\"Perica Bi\u0161ko i Franjo Kova\u010d u programu RLJ o planinarenju - RADIO LJUBU\u0160KI\" \/>\n<meta property=\"og:description\" content=\"Ljubitelji planinarenja, Perica Bi\u0161ko i Franjo Kova\u010d gostovali su u programu Radija Ljubu\u0161ki i odgovarali na pitanja kao \u0161to je \u201eZa\u0161to planinariti?\u201c \u0160to je tu tako zanimljivo?&#8221;, te otkrili neke svoje najdra\u017ee uspone i dogodov\u0161tine s planina &#8211; saznali smo kroz razgovor s njima kako su \u010cesi na\u010de\u0161\u0107i gosti na balkanskim planinama, za\u0161to je va\u017eno [&hellip;]\" \/>\n<meta property=\"og:url\" content=\"https:\/\/radioljubuski.ba\/index.php\/2021\/01\/20\/perica-bisko-i-franjo-kovac-u-programu-rlj-o-planinarenju\/\" \/>\n<meta property=\"og:site_name\" content=\"RADIO LJUBU\u0160KI\" \/>\n<meta property=\"article:publisher\" content=\"https:\/\/www.facebook.com\/Radiio-Ljubuski-1490835324566332\" \/>\n<meta property=\"article:published_time\" content=\"2021-01-20T10:52:54+00:00\" \/>\n<meta property=\"article:modified_time\" content=\"2021-02-25T10:54:23+00:00\" \/>\n<meta property=\"og:image\" content=\"https:\/\/radioljubuski.ba\/wp-content\/uploads\/2021\/02\/bisko.jpg\" \/>\n\t<meta property=\"og:image:width\" content=\"526\" \/>\n\t<meta property=\"og:image:height\" content=\"701\" \/>\n\t<meta property=\"og:image:type\" content=\"image\/jpeg\" \/>\n<meta name=\"author\" content=\"Radio Ljubu\u0161ki\" \/>\n<meta name=\"twitter:card\" content=\"summary_large_image\" \/>\n<meta name=\"twitter:creator\" content=\"@radioljubuski\" \/>\n<meta name=\"twitter:site\" content=\"@radioljubuski\" \/>\n<meta name=\"twitter:label1\" content=\"Napisao\/la\" \/>\n\t<meta name=\"twitter:data1\" content=\"Radio Ljubu\u0161ki\" \/>\n\t<meta name=\"twitter:label2\" content=\"Procijenjeno vrijeme \u010ditanja\" \/>\n\t<meta name=\"twitter:data2\" content=\"6 minuta\" \/>\n<script type=\"application\/ld+json\" class=\"yoast-schema-graph\">{\"@context\":\"https:\\\/\\\/schema.org\",\"@graph\":[{\"@type\":\"Article\",\"@id\":\"https:\\\/\\\/radioljubuski.ba\\\/index.php\\\/2021\\\/01\\\/20\\\/perica-bisko-i-franjo-kovac-u-programu-rlj-o-planinarenju\\\/#article\",\"isPartOf\":{\"@id\":\"https:\\\/\\\/radioljubuski.ba\\\/index.php\\\/2021\\\/01\\\/20\\\/perica-bisko-i-franjo-kovac-u-programu-rlj-o-planinarenju\\\/\"},\"author\":{\"name\":\"Radio Ljubu\u0161ki\",\"@id\":\"https:\\\/\\\/radioljubuski.ba\\\/#\\\/schema\\\/person\\\/19fc700381a780f69665d7956c469e3b\"},\"headline\":\"Perica Bi\u0161ko i Franjo Kova\u010d u programu RLJ o planinarenju\",\"datePublished\":\"2021-01-20T10:52:54+00:00\",\"dateModified\":\"2021-02-25T10:54:23+00:00\",\"mainEntityOfPage\":{\"@id\":\"https:\\\/\\\/radioljubuski.ba\\\/index.php\\\/2021\\\/01\\\/20\\\/perica-bisko-i-franjo-kovac-u-programu-rlj-o-planinarenju\\\/\"},\"wordCount\":1304,\"publisher\":{\"@id\":\"https:\\\/\\\/radioljubuski.ba\\\/#organization\"},\"image\":{\"@id\":\"https:\\\/\\\/radioljubuski.ba\\\/index.php\\\/2021\\\/01\\\/20\\\/perica-bisko-i-franjo-kovac-u-programu-rlj-o-planinarenju\\\/#primaryimage\"},\"thumbnailUrl\":\"https:\\\/\\\/radioljubuski.ba\\\/wp-content\\\/uploads\\\/2021\\\/02\\\/bisko.jpg\",\"articleSection\":[\"RLJ Audio\"],\"inLanguage\":\"hr\"},{\"@type\":\"WebPage\",\"@id\":\"https:\\\/\\\/radioljubuski.ba\\\/index.php\\\/2021\\\/01\\\/20\\\/perica-bisko-i-franjo-kovac-u-programu-rlj-o-planinarenju\\\/\",\"url\":\"https:\\\/\\\/radioljubuski.ba\\\/index.php\\\/2021\\\/01\\\/20\\\/perica-bisko-i-franjo-kovac-u-programu-rlj-o-planinarenju\\\/\",\"name\":\"Perica Bi\u0161ko i Franjo Kova\u010d u programu RLJ o planinarenju - RADIO LJUBU\u0160KI\",\"isPartOf\":{\"@id\":\"https:\\\/\\\/radioljubuski.ba\\\/#website\"},\"primaryImageOfPage\":{\"@id\":\"https:\\\/\\\/radioljubuski.ba\\\/index.php\\\/2021\\\/01\\\/20\\\/perica-bisko-i-franjo-kovac-u-programu-rlj-o-planinarenju\\\/#primaryimage\"},\"image\":{\"@id\":\"https:\\\/\\\/radioljubuski.ba\\\/index.php\\\/2021\\\/01\\\/20\\\/perica-bisko-i-franjo-kovac-u-programu-rlj-o-planinarenju\\\/#primaryimage\"},\"thumbnailUrl\":\"https:\\\/\\\/radioljubuski.ba\\\/wp-content\\\/uploads\\\/2021\\\/02\\\/bisko.jpg\",\"datePublished\":\"2021-01-20T10:52:54+00:00\",\"dateModified\":\"2021-02-25T10:54:23+00:00\",\"breadcrumb\":{\"@id\":\"https:\\\/\\\/radioljubuski.ba\\\/index.php\\\/2021\\\/01\\\/20\\\/perica-bisko-i-franjo-kovac-u-programu-rlj-o-planinarenju\\\/#breadcrumb\"},\"inLanguage\":\"hr\",\"potentialAction\":[{\"@type\":\"ReadAction\",\"target\":[\"https:\\\/\\\/radioljubuski.ba\\\/index.php\\\/2021\\\/01\\\/20\\\/perica-bisko-i-franjo-kovac-u-programu-rlj-o-planinarenju\\\/\"]}]},{\"@type\":\"ImageObject\",\"inLanguage\":\"hr\",\"@id\":\"https:\\\/\\\/radioljubuski.ba\\\/index.php\\\/2021\\\/01\\\/20\\\/perica-bisko-i-franjo-kovac-u-programu-rlj-o-planinarenju\\\/#primaryimage\",\"url\":\"https:\\\/\\\/radioljubuski.ba\\\/wp-content\\\/uploads\\\/2021\\\/02\\\/bisko.jpg\",\"contentUrl\":\"https:\\\/\\\/radioljubuski.ba\\\/wp-content\\\/uploads\\\/2021\\\/02\\\/bisko.jpg\",\"width\":526,\"height\":701},{\"@type\":\"BreadcrumbList\",\"@id\":\"https:\\\/\\\/radioljubuski.ba\\\/index.php\\\/2021\\\/01\\\/20\\\/perica-bisko-i-franjo-kovac-u-programu-rlj-o-planinarenju\\\/#breadcrumb\",\"itemListElement\":[{\"@type\":\"ListItem\",\"position\":1,\"name\":\"Po\u010detna stranica\",\"item\":\"https:\\\/\\\/radioljubuski.ba\\\/\"},{\"@type\":\"ListItem\",\"position\":2,\"name\":\"Perica Bi\u0161ko i Franjo Kova\u010d u programu RLJ o planinarenju\"}]},{\"@type\":\"WebSite\",\"@id\":\"https:\\\/\\\/radioljubuski.ba\\\/#website\",\"url\":\"https:\\\/\\\/radioljubuski.ba\\\/\",\"name\":\"Radio Ljubu\u0161ki\",\"description\":\"Sun\u010dana frekvencija Hercegovine\",\"publisher\":{\"@id\":\"https:\\\/\\\/radioljubuski.ba\\\/#organization\"},\"potentialAction\":[{\"@type\":\"SearchAction\",\"target\":{\"@type\":\"EntryPoint\",\"urlTemplate\":\"https:\\\/\\\/radioljubuski.ba\\\/?s={search_term_string}\"},\"query-input\":{\"@type\":\"PropertyValueSpecification\",\"valueRequired\":true,\"valueName\":\"search_term_string\"}}],\"inLanguage\":\"hr\"},{\"@type\":\"Organization\",\"@id\":\"https:\\\/\\\/radioljubuski.ba\\\/#organization\",\"name\":\"Radio Ljubu\u0161ki\",\"url\":\"https:\\\/\\\/radioljubuski.ba\\\/\",\"logo\":{\"@type\":\"ImageObject\",\"inLanguage\":\"hr\",\"@id\":\"https:\\\/\\\/radioljubuski.ba\\\/#\\\/schema\\\/logo\\\/image\\\/\",\"url\":\"https:\\\/\\\/radioljubuski.ba\\\/wp-content\\\/uploads\\\/2021\\\/02\\\/cropped-Radio_Ljubuski_logo1.jpg\",\"contentUrl\":\"https:\\\/\\\/radioljubuski.ba\\\/wp-content\\\/uploads\\\/2021\\\/02\\\/cropped-Radio_Ljubuski_logo1.jpg\",\"width\":512,\"height\":512,\"caption\":\"Radio Ljubu\u0161ki\"},\"image\":{\"@id\":\"https:\\\/\\\/radioljubuski.ba\\\/#\\\/schema\\\/logo\\\/image\\\/\"},\"sameAs\":[\"https:\\\/\\\/www.facebook.com\\\/Radiio-Ljubuski-1490835324566332\",\"https:\\\/\\\/x.com\\\/radioljubuski\",\"https:\\\/\\\/hr.linkedin.com\\\/company\\\/radio-ljubuski\",\"https:\\\/\\\/www.youtube.com\\\/channel\\\/UCHYaeO_n0Db3tjNGudGpXyw\"]},{\"@type\":\"Person\",\"@id\":\"https:\\\/\\\/radioljubuski.ba\\\/#\\\/schema\\\/person\\\/19fc700381a780f69665d7956c469e3b\",\"name\":\"Radio Ljubu\u0161ki\"}]}<\/script>\n<!-- \/ Yoast SEO plugin. -->","yoast_head_json":{"title":"Perica Bi\u0161ko i Franjo Kova\u010d u programu RLJ o planinarenju - RADIO LJUBU\u0160KI","robots":{"index":"index","follow":"follow","max-snippet":"max-snippet:-1","max-image-preview":"max-image-preview:large","max-video-preview":"max-video-preview:-1"},"canonical":"https:\/\/radioljubuski.ba\/index.php\/2021\/01\/20\/perica-bisko-i-franjo-kovac-u-programu-rlj-o-planinarenju\/","og_locale":"hr_HR","og_type":"article","og_title":"Perica Bi\u0161ko i Franjo Kova\u010d u programu RLJ o planinarenju - RADIO LJUBU\u0160KI","og_description":"Ljubitelji planinarenja, Perica Bi\u0161ko i Franjo Kova\u010d gostovali su u programu Radija Ljubu\u0161ki i odgovarali na pitanja kao \u0161to je \u201eZa\u0161to planinariti?\u201c \u0160to je tu tako zanimljivo?&#8221;, te otkrili neke svoje najdra\u017ee uspone i dogodov\u0161tine s planina &#8211; saznali smo kroz razgovor s njima kako su \u010cesi na\u010de\u0161\u0107i gosti na balkanskim planinama, za\u0161to je va\u017eno [&hellip;]","og_url":"https:\/\/radioljubuski.ba\/index.php\/2021\/01\/20\/perica-bisko-i-franjo-kovac-u-programu-rlj-o-planinarenju\/","og_site_name":"RADIO LJUBU\u0160KI","article_publisher":"https:\/\/www.facebook.com\/Radiio-Ljubuski-1490835324566332","article_published_time":"2021-01-20T10:52:54+00:00","article_modified_time":"2021-02-25T10:54:23+00:00","og_image":[{"width":526,"height":701,"url":"https:\/\/radioljubuski.ba\/wp-content\/uploads\/2021\/02\/bisko.jpg","type":"image\/jpeg"}],"author":"Radio Ljubu\u0161ki","twitter_card":"summary_large_image","twitter_creator":"@radioljubuski","twitter_site":"@radioljubuski","twitter_misc":{"Napisao\/la":"Radio Ljubu\u0161ki","Procijenjeno vrijeme \u010ditanja":"6 minuta"},"schema":{"@context":"https:\/\/schema.org","@graph":[{"@type":"Article","@id":"https:\/\/radioljubuski.ba\/index.php\/2021\/01\/20\/perica-bisko-i-franjo-kovac-u-programu-rlj-o-planinarenju\/#article","isPartOf":{"@id":"https:\/\/radioljubuski.ba\/index.php\/2021\/01\/20\/perica-bisko-i-franjo-kovac-u-programu-rlj-o-planinarenju\/"},"author":{"name":"Radio Ljubu\u0161ki","@id":"https:\/\/radioljubuski.ba\/#\/schema\/person\/19fc700381a780f69665d7956c469e3b"},"headline":"Perica Bi\u0161ko i Franjo Kova\u010d u programu RLJ o planinarenju","datePublished":"2021-01-20T10:52:54+00:00","dateModified":"2021-02-25T10:54:23+00:00","mainEntityOfPage":{"@id":"https:\/\/radioljubuski.ba\/index.php\/2021\/01\/20\/perica-bisko-i-franjo-kovac-u-programu-rlj-o-planinarenju\/"},"wordCount":1304,"publisher":{"@id":"https:\/\/radioljubuski.ba\/#organization"},"image":{"@id":"https:\/\/radioljubuski.ba\/index.php\/2021\/01\/20\/perica-bisko-i-franjo-kovac-u-programu-rlj-o-planinarenju\/#primaryimage"},"thumbnailUrl":"https:\/\/radioljubuski.ba\/wp-content\/uploads\/2021\/02\/bisko.jpg","articleSection":["RLJ Audio"],"inLanguage":"hr"},{"@type":"WebPage","@id":"https:\/\/radioljubuski.ba\/index.php\/2021\/01\/20\/perica-bisko-i-franjo-kovac-u-programu-rlj-o-planinarenju\/","url":"https:\/\/radioljubuski.ba\/index.php\/2021\/01\/20\/perica-bisko-i-franjo-kovac-u-programu-rlj-o-planinarenju\/","name":"Perica Bi\u0161ko i Franjo Kova\u010d u programu RLJ o planinarenju - RADIO LJUBU\u0160KI","isPartOf":{"@id":"https:\/\/radioljubuski.ba\/#website"},"primaryImageOfPage":{"@id":"https:\/\/radioljubuski.ba\/index.php\/2021\/01\/20\/perica-bisko-i-franjo-kovac-u-programu-rlj-o-planinarenju\/#primaryimage"},"image":{"@id":"https:\/\/radioljubuski.ba\/index.php\/2021\/01\/20\/perica-bisko-i-franjo-kovac-u-programu-rlj-o-planinarenju\/#primaryimage"},"thumbnailUrl":"https:\/\/radioljubuski.ba\/wp-content\/uploads\/2021\/02\/bisko.jpg","datePublished":"2021-01-20T10:52:54+00:00","dateModified":"2021-02-25T10:54:23+00:00","breadcrumb":{"@id":"https:\/\/radioljubuski.ba\/index.php\/2021\/01\/20\/perica-bisko-i-franjo-kovac-u-programu-rlj-o-planinarenju\/#breadcrumb"},"inLanguage":"hr","potentialAction":[{"@type":"ReadAction","target":["https:\/\/radioljubuski.ba\/index.php\/2021\/01\/20\/perica-bisko-i-franjo-kovac-u-programu-rlj-o-planinarenju\/"]}]},{"@type":"ImageObject","inLanguage":"hr","@id":"https:\/\/radioljubuski.ba\/index.php\/2021\/01\/20\/perica-bisko-i-franjo-kovac-u-programu-rlj-o-planinarenju\/#primaryimage","url":"https:\/\/radioljubuski.ba\/wp-content\/uploads\/2021\/02\/bisko.jpg","contentUrl":"https:\/\/radioljubuski.ba\/wp-content\/uploads\/2021\/02\/bisko.jpg","width":526,"height":701},{"@type":"BreadcrumbList","@id":"https:\/\/radioljubuski.ba\/index.php\/2021\/01\/20\/perica-bisko-i-franjo-kovac-u-programu-rlj-o-planinarenju\/#breadcrumb","itemListElement":[{"@type":"ListItem","position":1,"name":"Po\u010detna stranica","item":"https:\/\/radioljubuski.ba\/"},{"@type":"ListItem","position":2,"name":"Perica Bi\u0161ko i Franjo Kova\u010d u programu RLJ o planinarenju"}]},{"@type":"WebSite","@id":"https:\/\/radioljubuski.ba\/#website","url":"https:\/\/radioljubuski.ba\/","name":"Radio Ljubu\u0161ki","description":"Sun\u010dana frekvencija Hercegovine","publisher":{"@id":"https:\/\/radioljubuski.ba\/#organization"},"potentialAction":[{"@type":"SearchAction","target":{"@type":"EntryPoint","urlTemplate":"https:\/\/radioljubuski.ba\/?s={search_term_string}"},"query-input":{"@type":"PropertyValueSpecification","valueRequired":true,"valueName":"search_term_string"}}],"inLanguage":"hr"},{"@type":"Organization","@id":"https:\/\/radioljubuski.ba\/#organization","name":"Radio Ljubu\u0161ki","url":"https:\/\/radioljubuski.ba\/","logo":{"@type":"ImageObject","inLanguage":"hr","@id":"https:\/\/radioljubuski.ba\/#\/schema\/logo\/image\/","url":"https:\/\/radioljubuski.ba\/wp-content\/uploads\/2021\/02\/cropped-Radio_Ljubuski_logo1.jpg","contentUrl":"https:\/\/radioljubuski.ba\/wp-content\/uploads\/2021\/02\/cropped-Radio_Ljubuski_logo1.jpg","width":512,"height":512,"caption":"Radio Ljubu\u0161ki"},"image":{"@id":"https:\/\/radioljubuski.ba\/#\/schema\/logo\/image\/"},"sameAs":["https:\/\/www.facebook.com\/Radiio-Ljubuski-1490835324566332","https:\/\/x.com\/radioljubuski","https:\/\/hr.linkedin.com\/company\/radio-ljubuski","https:\/\/www.youtube.com\/channel\/UCHYaeO_n0Db3tjNGudGpXyw"]},{"@type":"Person","@id":"https:\/\/radioljubuski.ba\/#\/schema\/person\/19fc700381a780f69665d7956c469e3b","name":"Radio Ljubu\u0161ki"}]}},"_links":{"self":[{"href":"https:\/\/radioljubuski.ba\/index.php\/wp-json\/wp\/v2\/posts\/266","targetHints":{"allow":["GET"]}}],"collection":[{"href":"https:\/\/radioljubuski.ba\/index.php\/wp-json\/wp\/v2\/posts"}],"about":[{"href":"https:\/\/radioljubuski.ba\/index.php\/wp-json\/wp\/v2\/types\/post"}],"author":[{"embeddable":true,"href":"https:\/\/radioljubuski.ba\/index.php\/wp-json\/wp\/v2\/users\/2"}],"replies":[{"embeddable":true,"href":"https:\/\/radioljubuski.ba\/index.php\/wp-json\/wp\/v2\/comments?post=266"}],"version-history":[{"count":1,"href":"https:\/\/radioljubuski.ba\/index.php\/wp-json\/wp\/v2\/posts\/266\/revisions"}],"predecessor-version":[{"id":267,"href":"https:\/\/radioljubuski.ba\/index.php\/wp-json\/wp\/v2\/posts\/266\/revisions\/267"}],"wp:featuredmedia":[{"embeddable":true,"href":"https:\/\/radioljubuski.ba\/index.php\/wp-json\/wp\/v2\/media\/268"}],"wp:attachment":[{"href":"https:\/\/radioljubuski.ba\/index.php\/wp-json\/wp\/v2\/media?parent=266"}],"wp:term":[{"taxonomy":"category","embeddable":true,"href":"https:\/\/radioljubuski.ba\/index.php\/wp-json\/wp\/v2\/categories?post=266"},{"taxonomy":"post_tag","embeddable":true,"href":"https:\/\/radioljubuski.ba\/index.php\/wp-json\/wp\/v2\/tags?post=266"}],"curies":[{"name":"wp","href":"https:\/\/api.w.org\/{rel}","templated":true}]}}