{"id":26605,"date":"2021-05-30T15:05:39","date_gmt":"2021-05-30T14:05:39","guid":{"rendered":"https:\/\/radioljubuski.ba\/?p=26605"},"modified":"2021-06-01T13:11:00","modified_gmt":"2021-06-01T12:11:00","slug":"ljof-antonio-barac-pobjednik-utrke-stipe","status":"publish","type":"post","link":"https:\/\/radioljubuski.ba\/index.php\/2021\/05\/30\/ljof-antonio-barac-pobjednik-utrke-stipe\/","title":{"rendered":"LJOF: Antonio Bara\u0107 pobjednik utrke Stipe"},"content":{"rendered":"\n<p>Antonio Bara\u0107, jedan od najboljih biciklista u Bosni i Hercegovini osvojio je utrku \u201eStipe\u201c koja se danas odr\u017eala u sklopu Ljubu\u0161ki outdoor festivala te je tako postao ukupni pobjednik biciklisti\u010dkog dijela programa.<\/p>\n\n\n\n<p>Postavio je i rekord staze. <\/p>\n\n\n\n<p>On dodaje kako mu je bilo drago do\u0107i u Ljubu\u0161ki i uveli\u010dati ovu manifestaciju. Na startu je danas bilo oko 200-tinjak biciklista iz \u010ditave BiH, a oni su se natjecali u dvije utrke. Stipe je bila utrka du\u017eine 41 kilometar i bila je malo zahtjevnija, dok je druga utrka bila Mara duljine 21 kilometar i ona je bila namijenjena za one koji su danas \u017eeljeli u\u017eivati u prekrasnom krajoliku, a da se pri tom ne umore ba\u0161 puno.<\/p>\n\n\n\n<p>Bara\u0107 koji je na kraju osvojio utrku Stipe ka\u017ee kako je \u010ditav doga\u0111aj vrlo dobro organiziran. &nbsp;<\/p>\n\n\n\n<p>\u201eBilo je odli\u010dno. Organizacija je bila na nivou, staza tako\u0111er, imala je sve segmente \u0161to se ti\u010de tehnike, brda, uspona, spusta. Mislim da je ovo jedna odli\u010dna promocija biciklizma u Hercegovini. Imam odvo\u017eenih preko 500 utrka u \u017eivotu i mogu re\u0107i da je ovo bilo na dobroj razini. Organizatori iz Ljubu\u0161kog su na dobrom putu za uspjeh u budu\u0107nosti\u201c, ocijenio je Bara\u0107.<\/p>\n\n\n\n<p>Ivica Petrovi\u0107 iz Biciklisti\u010dkog kluba Mostar je tako\u0111er rekao kako su dojmovi odli\u010dni.<\/p>\n\n\n\n<p>\u201e\u010cestitao bih organizatoru na dobro pripremljenoj i zanimljivoj stazi i na svim popratnim sadr\u017eajima tijekom ova dva dana. Sve je bilo na vrhunskoj razini\u201c, rekao je Petrovi\u0107.<\/p>\n\n\n\n<p>Organizatorima je pohvalu uputio i Pa\u0161o Zarovi\u0107 iz kluba &#8220;Pedala\u0161i&#8221; iz Kaknja.<\/p>\n\n\n\n<p>\u201eSve je bilo za desetku\u201c , prokomentirao je kratko.<\/p>\n\n\n\n<p>Josip Ramljak ispred organizatora, Biciklisti\u010dkog kluba Ljubu\u0161ki je istaknuo kako im je bilo bitno da sve pro\u0111e u redu.<\/p>\n\n\n\n<p>\u201eI pro\u0161lo je sve u redu. Bilo je i padova, ali to je sastavni dio ovog sporta. Jedan je bio malo te\u017ei pad, ali mislim da je sve ok. Mislim da su svi zadovoljni. Dobio sam pozitivne reakcije od klubova iz \u010ditave BiH. Bilo je impresivno vidjeti preko 200 ljudi na startu i jako mi je drago da se ovo odr\u017ealo u Ljubu\u0161kom\u201c, rekao je Ramljak.<\/p>\n\n\n\n<p><br>Poslu\u0161ajte \u0161to smo snimili danas<\/p>\n\n\n\n<iframe loading=\"lazy\" title=\"LJOF: Antonio Bara\u0107 pobjednik utrke Stipe\" allowtransparency=\"true\" style=\"border: none; min-width: min(100%, 430px);\" scrolling=\"no\" data-name=\"pb-iframe-player\" src=\"https:\/\/www.podbean.com\/player-v2\/?i=c3ahp-104e4b3-pb&amp;from=pb6admin&amp;download=1&amp;share=1&amp;download=1&amp;rtl=0&amp;fonts=Arial&amp;skin=1&amp;btn-skin=7\" width=\"100%\" height=\"150\"><\/iframe>\n\n\n\n<iframe loading=\"lazy\" src=\"https:\/\/www.facebook.com\/plugins\/post.php?href=https%3A%2F%2Fwww.facebook.com%2Fpermalink.php%3Fstory_fbid%3D2878922995757551%26id%3D1490835324566332&amp;show_text=true&amp;width=500\" style=\"border:none;overflow:hidden\" scrolling=\"no\" allowfullscreen=\"true\" allow=\"autoplay; clipboard-write; encrypted-media; picture-in-picture; web-share\" width=\"500\" height=\"646\" frameborder=\"0\"><\/iframe>\n","protected":false},"excerpt":{"rendered":"<p>Antonio Bara\u0107, jedan od najboljih biciklista u Bosni i Hercegovini osvojio je utrku \u201eStipe\u201c koja se danas odr\u017eala u sklopu Ljubu\u0161ki outdoor festivala te je tako postao ukupni pobjednik biciklisti\u010dkog dijela programa. Postavio je i rekord staze. On dodaje kako mu je bilo drago do\u0107i u Ljubu\u0161ki i uveli\u010dati ovu manifestaciju. Na startu je danas [&hellip;]<\/p>\n","protected":false},"author":2,"featured_media":26654,"comment_status":"closed","ping_status":"closed","sticky":false,"template":"","format":"standard","meta":{"h5ap_radio_sources":[],"footnotes":""},"categories":[3],"tags":[],"class_list":["post-26605","post","type-post","status-publish","format-standard","has-post-thumbnail","hentry","category-ljubuski"],"yoast_head":"<!-- This site is optimized with the Yoast SEO plugin v27.4 - https:\/\/yoast.com\/product\/yoast-seo-wordpress\/ -->\n<title>LJOF: Antonio Bara\u0107 pobjednik utrke Stipe - RADIO LJUBU\u0160KI<\/title>\n<meta name=\"robots\" content=\"index, follow, max-snippet:-1, max-image-preview:large, max-video-preview:-1\" \/>\n<link rel=\"canonical\" href=\"https:\/\/radioljubuski.ba\/index.php\/2021\/05\/30\/ljof-antonio-barac-pobjednik-utrke-stipe\/\" \/>\n<meta property=\"og:locale\" content=\"hr_HR\" \/>\n<meta property=\"og:type\" content=\"article\" \/>\n<meta property=\"og:title\" content=\"LJOF: Antonio Bara\u0107 pobjednik utrke Stipe - RADIO LJUBU\u0160KI\" \/>\n<meta property=\"og:description\" content=\"Antonio Bara\u0107, jedan od najboljih biciklista u Bosni i Hercegovini osvojio je utrku \u201eStipe\u201c koja se danas odr\u017eala u sklopu Ljubu\u0161ki outdoor festivala te je tako postao ukupni pobjednik biciklisti\u010dkog dijela programa. Postavio je i rekord staze. On dodaje kako mu je bilo drago do\u0107i u Ljubu\u0161ki i uveli\u010dati ovu manifestaciju. Na startu je danas [&hellip;]\" \/>\n<meta property=\"og:url\" content=\"https:\/\/radioljubuski.ba\/index.php\/2021\/05\/30\/ljof-antonio-barac-pobjednik-utrke-stipe\/\" \/>\n<meta property=\"og:site_name\" content=\"RADIO LJUBU\u0160KI\" \/>\n<meta property=\"article:publisher\" content=\"https:\/\/www.facebook.com\/Radiio-Ljubuski-1490835324566332\" \/>\n<meta property=\"article:published_time\" content=\"2021-05-30T14:05:39+00:00\" \/>\n<meta property=\"article:modified_time\" content=\"2021-06-01T12:11:00+00:00\" \/>\n<meta property=\"og:image\" content=\"https:\/\/radioljubuski.ba\/wp-content\/uploads\/2021\/05\/DSC0421.jpg\" \/>\n\t<meta property=\"og:image:width\" content=\"600\" \/>\n\t<meta property=\"og:image:height\" content=\"400\" \/>\n\t<meta property=\"og:image:type\" content=\"image\/jpeg\" \/>\n<meta name=\"author\" content=\"Radio Ljubu\u0161ki\" \/>\n<meta name=\"twitter:card\" content=\"summary_large_image\" \/>\n<meta name=\"twitter:creator\" content=\"@radioljubuski\" \/>\n<meta name=\"twitter:site\" content=\"@radioljubuski\" \/>\n<meta name=\"twitter:label1\" content=\"Napisao\/la\" \/>\n\t<meta name=\"twitter:data1\" content=\"Radio Ljubu\u0161ki\" \/>\n\t<meta name=\"twitter:label2\" content=\"Procijenjeno vrijeme \u010ditanja\" \/>\n\t<meta name=\"twitter:data2\" content=\"2 minute\" \/>\n<script type=\"application\/ld+json\" class=\"yoast-schema-graph\">{\"@context\":\"https:\\\/\\\/schema.org\",\"@graph\":[{\"@type\":\"Article\",\"@id\":\"https:\\\/\\\/radioljubuski.ba\\\/index.php\\\/2021\\\/05\\\/30\\\/ljof-antonio-barac-pobjednik-utrke-stipe\\\/#article\",\"isPartOf\":{\"@id\":\"https:\\\/\\\/radioljubuski.ba\\\/index.php\\\/2021\\\/05\\\/30\\\/ljof-antonio-barac-pobjednik-utrke-stipe\\\/\"},\"author\":{\"name\":\"Radio Ljubu\u0161ki\",\"@id\":\"https:\\\/\\\/radioljubuski.ba\\\/#\\\/schema\\\/person\\\/19fc700381a780f69665d7956c469e3b\"},\"headline\":\"LJOF: Antonio Bara\u0107 pobjednik utrke Stipe\",\"datePublished\":\"2021-05-30T14:05:39+00:00\",\"dateModified\":\"2021-06-01T12:11:00+00:00\",\"mainEntityOfPage\":{\"@id\":\"https:\\\/\\\/radioljubuski.ba\\\/index.php\\\/2021\\\/05\\\/30\\\/ljof-antonio-barac-pobjednik-utrke-stipe\\\/\"},\"wordCount\":378,\"publisher\":{\"@id\":\"https:\\\/\\\/radioljubuski.ba\\\/#organization\"},\"image\":{\"@id\":\"https:\\\/\\\/radioljubuski.ba\\\/index.php\\\/2021\\\/05\\\/30\\\/ljof-antonio-barac-pobjednik-utrke-stipe\\\/#primaryimage\"},\"thumbnailUrl\":\"https:\\\/\\\/radioljubuski.ba\\\/wp-content\\\/uploads\\\/2021\\\/05\\\/DSC0421.jpg\",\"articleSection\":[\"Ljubu\u0161ki\"],\"inLanguage\":\"hr\"},{\"@type\":\"WebPage\",\"@id\":\"https:\\\/\\\/radioljubuski.ba\\\/index.php\\\/2021\\\/05\\\/30\\\/ljof-antonio-barac-pobjednik-utrke-stipe\\\/\",\"url\":\"https:\\\/\\\/radioljubuski.ba\\\/index.php\\\/2021\\\/05\\\/30\\\/ljof-antonio-barac-pobjednik-utrke-stipe\\\/\",\"name\":\"LJOF: Antonio Bara\u0107 pobjednik utrke Stipe - RADIO LJUBU\u0160KI\",\"isPartOf\":{\"@id\":\"https:\\\/\\\/radioljubuski.ba\\\/#website\"},\"primaryImageOfPage\":{\"@id\":\"https:\\\/\\\/radioljubuski.ba\\\/index.php\\\/2021\\\/05\\\/30\\\/ljof-antonio-barac-pobjednik-utrke-stipe\\\/#primaryimage\"},\"image\":{\"@id\":\"https:\\\/\\\/radioljubuski.ba\\\/index.php\\\/2021\\\/05\\\/30\\\/ljof-antonio-barac-pobjednik-utrke-stipe\\\/#primaryimage\"},\"thumbnailUrl\":\"https:\\\/\\\/radioljubuski.ba\\\/wp-content\\\/uploads\\\/2021\\\/05\\\/DSC0421.jpg\",\"datePublished\":\"2021-05-30T14:05:39+00:00\",\"dateModified\":\"2021-06-01T12:11:00+00:00\",\"breadcrumb\":{\"@id\":\"https:\\\/\\\/radioljubuski.ba\\\/index.php\\\/2021\\\/05\\\/30\\\/ljof-antonio-barac-pobjednik-utrke-stipe\\\/#breadcrumb\"},\"inLanguage\":\"hr\",\"potentialAction\":[{\"@type\":\"ReadAction\",\"target\":[\"https:\\\/\\\/radioljubuski.ba\\\/index.php\\\/2021\\\/05\\\/30\\\/ljof-antonio-barac-pobjednik-utrke-stipe\\\/\"]}]},{\"@type\":\"ImageObject\",\"inLanguage\":\"hr\",\"@id\":\"https:\\\/\\\/radioljubuski.ba\\\/index.php\\\/2021\\\/05\\\/30\\\/ljof-antonio-barac-pobjednik-utrke-stipe\\\/#primaryimage\",\"url\":\"https:\\\/\\\/radioljubuski.ba\\\/wp-content\\\/uploads\\\/2021\\\/05\\\/DSC0421.jpg\",\"contentUrl\":\"https:\\\/\\\/radioljubuski.ba\\\/wp-content\\\/uploads\\\/2021\\\/05\\\/DSC0421.jpg\",\"width\":600,\"height\":400},{\"@type\":\"BreadcrumbList\",\"@id\":\"https:\\\/\\\/radioljubuski.ba\\\/index.php\\\/2021\\\/05\\\/30\\\/ljof-antonio-barac-pobjednik-utrke-stipe\\\/#breadcrumb\",\"itemListElement\":[{\"@type\":\"ListItem\",\"position\":1,\"name\":\"Po\u010detna stranica\",\"item\":\"https:\\\/\\\/radioljubuski.ba\\\/\"},{\"@type\":\"ListItem\",\"position\":2,\"name\":\"LJOF: Antonio Bara\u0107 pobjednik utrke Stipe\"}]},{\"@type\":\"WebSite\",\"@id\":\"https:\\\/\\\/radioljubuski.ba\\\/#website\",\"url\":\"https:\\\/\\\/radioljubuski.ba\\\/\",\"name\":\"Radio Ljubu\u0161ki\",\"description\":\"Sun\u010dana frekvencija Hercegovine\",\"publisher\":{\"@id\":\"https:\\\/\\\/radioljubuski.ba\\\/#organization\"},\"potentialAction\":[{\"@type\":\"SearchAction\",\"target\":{\"@type\":\"EntryPoint\",\"urlTemplate\":\"https:\\\/\\\/radioljubuski.ba\\\/?s={search_term_string}\"},\"query-input\":{\"@type\":\"PropertyValueSpecification\",\"valueRequired\":true,\"valueName\":\"search_term_string\"}}],\"inLanguage\":\"hr\"},{\"@type\":\"Organization\",\"@id\":\"https:\\\/\\\/radioljubuski.ba\\\/#organization\",\"name\":\"Radio Ljubu\u0161ki\",\"url\":\"https:\\\/\\\/radioljubuski.ba\\\/\",\"logo\":{\"@type\":\"ImageObject\",\"inLanguage\":\"hr\",\"@id\":\"https:\\\/\\\/radioljubuski.ba\\\/#\\\/schema\\\/logo\\\/image\\\/\",\"url\":\"https:\\\/\\\/radioljubuski.ba\\\/wp-content\\\/uploads\\\/2021\\\/02\\\/cropped-Radio_Ljubuski_logo1.jpg\",\"contentUrl\":\"https:\\\/\\\/radioljubuski.ba\\\/wp-content\\\/uploads\\\/2021\\\/02\\\/cropped-Radio_Ljubuski_logo1.jpg\",\"width\":512,\"height\":512,\"caption\":\"Radio Ljubu\u0161ki\"},\"image\":{\"@id\":\"https:\\\/\\\/radioljubuski.ba\\\/#\\\/schema\\\/logo\\\/image\\\/\"},\"sameAs\":[\"https:\\\/\\\/www.facebook.com\\\/Radiio-Ljubuski-1490835324566332\",\"https:\\\/\\\/x.com\\\/radioljubuski\",\"https:\\\/\\\/hr.linkedin.com\\\/company\\\/radio-ljubuski\",\"https:\\\/\\\/www.youtube.com\\\/channel\\\/UCHYaeO_n0Db3tjNGudGpXyw\"]},{\"@type\":\"Person\",\"@id\":\"https:\\\/\\\/radioljubuski.ba\\\/#\\\/schema\\\/person\\\/19fc700381a780f69665d7956c469e3b\",\"name\":\"Radio Ljubu\u0161ki\"}]}<\/script>\n<!-- \/ Yoast SEO plugin. -->","yoast_head_json":{"title":"LJOF: Antonio Bara\u0107 pobjednik utrke Stipe - RADIO LJUBU\u0160KI","robots":{"index":"index","follow":"follow","max-snippet":"max-snippet:-1","max-image-preview":"max-image-preview:large","max-video-preview":"max-video-preview:-1"},"canonical":"https:\/\/radioljubuski.ba\/index.php\/2021\/05\/30\/ljof-antonio-barac-pobjednik-utrke-stipe\/","og_locale":"hr_HR","og_type":"article","og_title":"LJOF: Antonio Bara\u0107 pobjednik utrke Stipe - RADIO LJUBU\u0160KI","og_description":"Antonio Bara\u0107, jedan od najboljih biciklista u Bosni i Hercegovini osvojio je utrku \u201eStipe\u201c koja se danas odr\u017eala u sklopu Ljubu\u0161ki outdoor festivala te je tako postao ukupni pobjednik biciklisti\u010dkog dijela programa. Postavio je i rekord staze. On dodaje kako mu je bilo drago do\u0107i u Ljubu\u0161ki i uveli\u010dati ovu manifestaciju. Na startu je danas [&hellip;]","og_url":"https:\/\/radioljubuski.ba\/index.php\/2021\/05\/30\/ljof-antonio-barac-pobjednik-utrke-stipe\/","og_site_name":"RADIO LJUBU\u0160KI","article_publisher":"https:\/\/www.facebook.com\/Radiio-Ljubuski-1490835324566332","article_published_time":"2021-05-30T14:05:39+00:00","article_modified_time":"2021-06-01T12:11:00+00:00","og_image":[{"width":600,"height":400,"url":"https:\/\/radioljubuski.ba\/wp-content\/uploads\/2021\/05\/DSC0421.jpg","type":"image\/jpeg"}],"author":"Radio Ljubu\u0161ki","twitter_card":"summary_large_image","twitter_creator":"@radioljubuski","twitter_site":"@radioljubuski","twitter_misc":{"Napisao\/la":"Radio Ljubu\u0161ki","Procijenjeno vrijeme \u010ditanja":"2 minute"},"schema":{"@context":"https:\/\/schema.org","@graph":[{"@type":"Article","@id":"https:\/\/radioljubuski.ba\/index.php\/2021\/05\/30\/ljof-antonio-barac-pobjednik-utrke-stipe\/#article","isPartOf":{"@id":"https:\/\/radioljubuski.ba\/index.php\/2021\/05\/30\/ljof-antonio-barac-pobjednik-utrke-stipe\/"},"author":{"name":"Radio Ljubu\u0161ki","@id":"https:\/\/radioljubuski.ba\/#\/schema\/person\/19fc700381a780f69665d7956c469e3b"},"headline":"LJOF: Antonio Bara\u0107 pobjednik utrke Stipe","datePublished":"2021-05-30T14:05:39+00:00","dateModified":"2021-06-01T12:11:00+00:00","mainEntityOfPage":{"@id":"https:\/\/radioljubuski.ba\/index.php\/2021\/05\/30\/ljof-antonio-barac-pobjednik-utrke-stipe\/"},"wordCount":378,"publisher":{"@id":"https:\/\/radioljubuski.ba\/#organization"},"image":{"@id":"https:\/\/radioljubuski.ba\/index.php\/2021\/05\/30\/ljof-antonio-barac-pobjednik-utrke-stipe\/#primaryimage"},"thumbnailUrl":"https:\/\/radioljubuski.ba\/wp-content\/uploads\/2021\/05\/DSC0421.jpg","articleSection":["Ljubu\u0161ki"],"inLanguage":"hr"},{"@type":"WebPage","@id":"https:\/\/radioljubuski.ba\/index.php\/2021\/05\/30\/ljof-antonio-barac-pobjednik-utrke-stipe\/","url":"https:\/\/radioljubuski.ba\/index.php\/2021\/05\/30\/ljof-antonio-barac-pobjednik-utrke-stipe\/","name":"LJOF: Antonio Bara\u0107 pobjednik utrke Stipe - RADIO LJUBU\u0160KI","isPartOf":{"@id":"https:\/\/radioljubuski.ba\/#website"},"primaryImageOfPage":{"@id":"https:\/\/radioljubuski.ba\/index.php\/2021\/05\/30\/ljof-antonio-barac-pobjednik-utrke-stipe\/#primaryimage"},"image":{"@id":"https:\/\/radioljubuski.ba\/index.php\/2021\/05\/30\/ljof-antonio-barac-pobjednik-utrke-stipe\/#primaryimage"},"thumbnailUrl":"https:\/\/radioljubuski.ba\/wp-content\/uploads\/2021\/05\/DSC0421.jpg","datePublished":"2021-05-30T14:05:39+00:00","dateModified":"2021-06-01T12:11:00+00:00","breadcrumb":{"@id":"https:\/\/radioljubuski.ba\/index.php\/2021\/05\/30\/ljof-antonio-barac-pobjednik-utrke-stipe\/#breadcrumb"},"inLanguage":"hr","potentialAction":[{"@type":"ReadAction","target":["https:\/\/radioljubuski.ba\/index.php\/2021\/05\/30\/ljof-antonio-barac-pobjednik-utrke-stipe\/"]}]},{"@type":"ImageObject","inLanguage":"hr","@id":"https:\/\/radioljubuski.ba\/index.php\/2021\/05\/30\/ljof-antonio-barac-pobjednik-utrke-stipe\/#primaryimage","url":"https:\/\/radioljubuski.ba\/wp-content\/uploads\/2021\/05\/DSC0421.jpg","contentUrl":"https:\/\/radioljubuski.ba\/wp-content\/uploads\/2021\/05\/DSC0421.jpg","width":600,"height":400},{"@type":"BreadcrumbList","@id":"https:\/\/radioljubuski.ba\/index.php\/2021\/05\/30\/ljof-antonio-barac-pobjednik-utrke-stipe\/#breadcrumb","itemListElement":[{"@type":"ListItem","position":1,"name":"Po\u010detna stranica","item":"https:\/\/radioljubuski.ba\/"},{"@type":"ListItem","position":2,"name":"LJOF: Antonio Bara\u0107 pobjednik utrke Stipe"}]},{"@type":"WebSite","@id":"https:\/\/radioljubuski.ba\/#website","url":"https:\/\/radioljubuski.ba\/","name":"Radio Ljubu\u0161ki","description":"Sun\u010dana frekvencija Hercegovine","publisher":{"@id":"https:\/\/radioljubuski.ba\/#organization"},"potentialAction":[{"@type":"SearchAction","target":{"@type":"EntryPoint","urlTemplate":"https:\/\/radioljubuski.ba\/?s={search_term_string}"},"query-input":{"@type":"PropertyValueSpecification","valueRequired":true,"valueName":"search_term_string"}}],"inLanguage":"hr"},{"@type":"Organization","@id":"https:\/\/radioljubuski.ba\/#organization","name":"Radio Ljubu\u0161ki","url":"https:\/\/radioljubuski.ba\/","logo":{"@type":"ImageObject","inLanguage":"hr","@id":"https:\/\/radioljubuski.ba\/#\/schema\/logo\/image\/","url":"https:\/\/radioljubuski.ba\/wp-content\/uploads\/2021\/02\/cropped-Radio_Ljubuski_logo1.jpg","contentUrl":"https:\/\/radioljubuski.ba\/wp-content\/uploads\/2021\/02\/cropped-Radio_Ljubuski_logo1.jpg","width":512,"height":512,"caption":"Radio Ljubu\u0161ki"},"image":{"@id":"https:\/\/radioljubuski.ba\/#\/schema\/logo\/image\/"},"sameAs":["https:\/\/www.facebook.com\/Radiio-Ljubuski-1490835324566332","https:\/\/x.com\/radioljubuski","https:\/\/hr.linkedin.com\/company\/radio-ljubuski","https:\/\/www.youtube.com\/channel\/UCHYaeO_n0Db3tjNGudGpXyw"]},{"@type":"Person","@id":"https:\/\/radioljubuski.ba\/#\/schema\/person\/19fc700381a780f69665d7956c469e3b","name":"Radio Ljubu\u0161ki"}]}},"_links":{"self":[{"href":"https:\/\/radioljubuski.ba\/index.php\/wp-json\/wp\/v2\/posts\/26605","targetHints":{"allow":["GET"]}}],"collection":[{"href":"https:\/\/radioljubuski.ba\/index.php\/wp-json\/wp\/v2\/posts"}],"about":[{"href":"https:\/\/radioljubuski.ba\/index.php\/wp-json\/wp\/v2\/types\/post"}],"author":[{"embeddable":true,"href":"https:\/\/radioljubuski.ba\/index.php\/wp-json\/wp\/v2\/users\/2"}],"replies":[{"embeddable":true,"href":"https:\/\/radioljubuski.ba\/index.php\/wp-json\/wp\/v2\/comments?post=26605"}],"version-history":[{"count":9,"href":"https:\/\/radioljubuski.ba\/index.php\/wp-json\/wp\/v2\/posts\/26605\/revisions"}],"predecessor-version":[{"id":27408,"href":"https:\/\/radioljubuski.ba\/index.php\/wp-json\/wp\/v2\/posts\/26605\/revisions\/27408"}],"wp:featuredmedia":[{"embeddable":true,"href":"https:\/\/radioljubuski.ba\/index.php\/wp-json\/wp\/v2\/media\/26654"}],"wp:attachment":[{"href":"https:\/\/radioljubuski.ba\/index.php\/wp-json\/wp\/v2\/media?parent=26605"}],"wp:term":[{"taxonomy":"category","embeddable":true,"href":"https:\/\/radioljubuski.ba\/index.php\/wp-json\/wp\/v2\/categories?post=26605"},{"taxonomy":"post_tag","embeddable":true,"href":"https:\/\/radioljubuski.ba\/index.php\/wp-json\/wp\/v2\/tags?post=26605"}],"curies":[{"name":"wp","href":"https:\/\/api.w.org\/{rel}","templated":true}]}}