{"id":26677,"date":"2021-05-30T17:51:38","date_gmt":"2021-05-30T16:51:38","guid":{"rendered":"https:\/\/radioljubuski.ba\/?p=26677"},"modified":"2021-05-30T17:51:39","modified_gmt":"2021-05-30T16:51:39","slug":"vise-od-pola-milijarde-km-dodatnih-sredstava-za-ubrzani-gospodarski-rast","status":"publish","type":"post","link":"https:\/\/radioljubuski.ba\/index.php\/2021\/05\/30\/vise-od-pola-milijarde-km-dodatnih-sredstava-za-ubrzani-gospodarski-rast\/","title":{"rendered":"Vi\u0161e od pola milijarde KM dodatnih sredstava za ubrzani gospodarski rast"},"content":{"rendered":"\n<p><strong>S ciljem dostizanja razine ekonomskih aktivnosti u Federaciji BiH s onim u periodu prije izbijanja pandemije koronavirusa, Vlada Federacije Bosne i Hercegovine \u0107e u idu\u0107em periodu poduzimati dodatne mjere koje \u0107e biti osnova za ubrzani gospodarski rast.<\/strong><\/p>\n\n\n\n<p>Iz Vlade Federacije BiH za Fenu ka\u017eu da te mjere, izme\u0111u ostalog, podrazumijevaju i zakonska rje\u0161enja usmjerena na unapre\u0111enje tro\u0161kovne i me\u0111unarodne konkurentnosti privrednih subjekata u Federaciji BiH, a \u010dije provo\u0111enje treba zna\u010dajno pomo\u0107i boljem pozicioniranju na\u0161eg gospodarstva za alternativne lance opskrbljivanja.<\/p>\n\n\n\n<p>Tako Vlada Federacije nastavlja s mjerama podr\u0161ke gospodarstvu i u 2021. godini, \u0161to uklju\u010duje direktnu podr\u0161ku ugro\u017eenim sektorima gospodarstva s ciljem odr\u017eavanja likvidnosti, podizanje stupnja konkurentnosti, odr\u017eavanje razine zaposlenosti, ali i otvaranje novih radnih mjesta.<\/p>\n\n\n\n<p>Tako\u0111er, poja\u0161njavaju da se mjere odnose i na dalje ja\u010danje uloge Garancijskog fonda, ja\u010danje otpornosti zdravstvenog sektora, ali i dodatno financiranje aktivnih mjera zapo\u0161ljavanja.<\/p>\n\n\n\n<p>Garancijski fond bit \u0107e oja\u010dan s dodatnim sredstvima od 25 milijuna KM. Ujedno, s 15 milijuna KM Federalno ministarstvo razvoja, poduzetni\u0161tva i obrta, Federalno ministarstvo poljoprivrede, vodoprivrede i \u0161umarstva, te Federalno ministarstvo energije, rudarstva i industrije definiraju programe utro\u0161ka sredstava za sufinanciranje tro\u0161kova kamate za sve korisnike Garancijskog fonda.<\/p>\n\n\n\n<p>Napominju tako\u0111er, da je Vlada ve\u0107 usvojila \u010detiri nova kreditno-garantna programa. Dva iz sektora razvoja, poduzetni\u0161tva i obrta koja su namijenjena mikro, malim i srednjim poduze\u0107ima, te obrtnicima i ostalim samostalnim gospodarskim djelatnostima.<\/p>\n\n\n\n<p>Dva programa se odnose na sektor energije, rudarstva i industriju, i to za izvoznike i velika poduze\u0107a.<\/p>\n\n\n\n<p>Od spomenutih 15 milijuna KM za sufinanciranje tro\u0161kova kamate, na posljednjoj sjednici federalna vlada je usvojila program za ovu namjenu u iznosu od \u0161est milijuna KM za kredite iz oblasti energije, rudarstva i industrije.<\/p>\n\n\n\n<p>O\u010dekuje se vrlo brzo usvajanje i preostalih programa za sufinanciranje kamate i kreditno-garantnih programa.<\/p>\n\n\n\n<p>U 2021. godini, pored redovnih programa utro\u0161ka sredstava, Vlada planira dodatnu pomo\u0107 privredi u iznosu od 150 milijuna KM, a prvi korak \u0107e biti dono\u0161enje uredbe u iznosu od 100 milijuna KM.<\/p>\n\n\n\n<p>Pored toga, za ni\u017ee razine vlasti planiran je transfer u iznosu od 230 milijuna KM koji \u0107e biti iskori\u0161ten za pru\u017eanje podr\u0161ke odre\u0111enim sektorima gospodarstva.<\/p>\n\n\n\n<p>Za zdravstveni sektor ve\u0107 je odobreno dodatnih 60 milijuna KM, a Federalni zavod za zapo\u0161ljavanje s 50 milijuna KM provodi programe podr\u0161ke zapo\u0161ljavanju, prenosi Fena.<\/p>\n\n\n\n<p>\/HMS\/<\/p>\n","protected":false},"excerpt":{"rendered":"<p>S ciljem dostizanja razine ekonomskih aktivnosti u Federaciji BiH s onim u periodu prije izbijanja pandemije koronavirusa, Vlada Federacije Bosne i Hercegovine \u0107e u idu\u0107em periodu poduzimati dodatne mjere koje \u0107e biti osnova za ubrzani gospodarski rast. Iz Vlade Federacije BiH za Fenu ka\u017eu da te mjere, izme\u0111u ostalog, podrazumijevaju i zakonska rje\u0161enja usmjerena na [&hellip;]<\/p>\n","protected":false},"author":2,"featured_media":26678,"comment_status":"closed","ping_status":"closed","sticky":false,"template":"","format":"standard","meta":{"h5ap_radio_sources":[],"footnotes":""},"categories":[1],"tags":[],"class_list":["post-26677","post","type-post","status-publish","format-standard","has-post-thumbnail","hentry","category-bihiregija"],"yoast_head":"<!-- This site is optimized with the Yoast SEO plugin v27.5 - https:\/\/yoast.com\/product\/yoast-seo-wordpress\/ -->\n<title>Vi\u0161e od pola milijarde KM dodatnih sredstava za ubrzani gospodarski rast - RADIO LJUBU\u0160KI<\/title>\n<meta name=\"robots\" content=\"index, follow, max-snippet:-1, max-image-preview:large, max-video-preview:-1\" \/>\n<link rel=\"canonical\" href=\"https:\/\/radioljubuski.ba\/index.php\/2021\/05\/30\/vise-od-pola-milijarde-km-dodatnih-sredstava-za-ubrzani-gospodarski-rast\/\" \/>\n<meta property=\"og:locale\" content=\"hr_HR\" \/>\n<meta property=\"og:type\" content=\"article\" \/>\n<meta property=\"og:title\" content=\"Vi\u0161e od pola milijarde KM dodatnih sredstava za ubrzani gospodarski rast - RADIO LJUBU\u0160KI\" \/>\n<meta property=\"og:description\" content=\"S ciljem dostizanja razine ekonomskih aktivnosti u Federaciji BiH s onim u periodu prije izbijanja pandemije koronavirusa, Vlada Federacije Bosne i Hercegovine \u0107e u idu\u0107em periodu poduzimati dodatne mjere koje \u0107e biti osnova za ubrzani gospodarski rast. Iz Vlade Federacije BiH za Fenu ka\u017eu da te mjere, izme\u0111u ostalog, podrazumijevaju i zakonska rje\u0161enja usmjerena na [&hellip;]\" \/>\n<meta property=\"og:url\" content=\"https:\/\/radioljubuski.ba\/index.php\/2021\/05\/30\/vise-od-pola-milijarde-km-dodatnih-sredstava-za-ubrzani-gospodarski-rast\/\" \/>\n<meta property=\"og:site_name\" content=\"RADIO LJUBU\u0160KI\" \/>\n<meta property=\"article:publisher\" content=\"https:\/\/www.facebook.com\/Radiio-Ljubuski-1490835324566332\" \/>\n<meta property=\"article:published_time\" content=\"2021-05-30T16:51:38+00:00\" \/>\n<meta property=\"article:modified_time\" content=\"2021-05-30T16:51:39+00:00\" \/>\n<meta property=\"og:image\" content=\"https:\/\/radioljubuski.ba\/wp-content\/uploads\/2021\/05\/1909-vladafbih.jpg\" \/>\n\t<meta property=\"og:image:width\" content=\"750\" \/>\n\t<meta property=\"og:image:height\" content=\"450\" \/>\n\t<meta property=\"og:image:type\" content=\"image\/jpeg\" \/>\n<meta name=\"author\" content=\"Radio Ljubu\u0161ki\" \/>\n<meta name=\"twitter:card\" content=\"summary_large_image\" \/>\n<meta name=\"twitter:creator\" content=\"@radioljubuski\" \/>\n<meta name=\"twitter:site\" content=\"@radioljubuski\" \/>\n<meta name=\"twitter:label1\" content=\"Napisao\/la\" \/>\n\t<meta name=\"twitter:data1\" content=\"Radio Ljubu\u0161ki\" \/>\n\t<meta name=\"twitter:label2\" content=\"Procijenjeno vrijeme \u010ditanja\" \/>\n\t<meta name=\"twitter:data2\" content=\"2 minute\" \/>\n<script type=\"application\/ld+json\" class=\"yoast-schema-graph\">{\"@context\":\"https:\\\/\\\/schema.org\",\"@graph\":[{\"@type\":\"Article\",\"@id\":\"https:\\\/\\\/radioljubuski.ba\\\/index.php\\\/2021\\\/05\\\/30\\\/vise-od-pola-milijarde-km-dodatnih-sredstava-za-ubrzani-gospodarski-rast\\\/#article\",\"isPartOf\":{\"@id\":\"https:\\\/\\\/radioljubuski.ba\\\/index.php\\\/2021\\\/05\\\/30\\\/vise-od-pola-milijarde-km-dodatnih-sredstava-za-ubrzani-gospodarski-rast\\\/\"},\"author\":{\"name\":\"Radio Ljubu\u0161ki\",\"@id\":\"https:\\\/\\\/radioljubuski.ba\\\/#\\\/schema\\\/person\\\/19fc700381a780f69665d7956c469e3b\"},\"headline\":\"Vi\u0161e od pola milijarde KM dodatnih sredstava za ubrzani gospodarski rast\",\"datePublished\":\"2021-05-30T16:51:38+00:00\",\"dateModified\":\"2021-05-30T16:51:39+00:00\",\"mainEntityOfPage\":{\"@id\":\"https:\\\/\\\/radioljubuski.ba\\\/index.php\\\/2021\\\/05\\\/30\\\/vise-od-pola-milijarde-km-dodatnih-sredstava-za-ubrzani-gospodarski-rast\\\/\"},\"wordCount\":412,\"publisher\":{\"@id\":\"https:\\\/\\\/radioljubuski.ba\\\/#organization\"},\"image\":{\"@id\":\"https:\\\/\\\/radioljubuski.ba\\\/index.php\\\/2021\\\/05\\\/30\\\/vise-od-pola-milijarde-km-dodatnih-sredstava-za-ubrzani-gospodarski-rast\\\/#primaryimage\"},\"thumbnailUrl\":\"https:\\\/\\\/radioljubuski.ba\\\/wp-content\\\/uploads\\\/2021\\\/05\\\/1909-vladafbih.jpg\",\"articleSection\":[\"BIH i regija\"],\"inLanguage\":\"hr\"},{\"@type\":\"WebPage\",\"@id\":\"https:\\\/\\\/radioljubuski.ba\\\/index.php\\\/2021\\\/05\\\/30\\\/vise-od-pola-milijarde-km-dodatnih-sredstava-za-ubrzani-gospodarski-rast\\\/\",\"url\":\"https:\\\/\\\/radioljubuski.ba\\\/index.php\\\/2021\\\/05\\\/30\\\/vise-od-pola-milijarde-km-dodatnih-sredstava-za-ubrzani-gospodarski-rast\\\/\",\"name\":\"Vi\u0161e od pola milijarde KM dodatnih sredstava za ubrzani gospodarski rast - RADIO LJUBU\u0160KI\",\"isPartOf\":{\"@id\":\"https:\\\/\\\/radioljubuski.ba\\\/#website\"},\"primaryImageOfPage\":{\"@id\":\"https:\\\/\\\/radioljubuski.ba\\\/index.php\\\/2021\\\/05\\\/30\\\/vise-od-pola-milijarde-km-dodatnih-sredstava-za-ubrzani-gospodarski-rast\\\/#primaryimage\"},\"image\":{\"@id\":\"https:\\\/\\\/radioljubuski.ba\\\/index.php\\\/2021\\\/05\\\/30\\\/vise-od-pola-milijarde-km-dodatnih-sredstava-za-ubrzani-gospodarski-rast\\\/#primaryimage\"},\"thumbnailUrl\":\"https:\\\/\\\/radioljubuski.ba\\\/wp-content\\\/uploads\\\/2021\\\/05\\\/1909-vladafbih.jpg\",\"datePublished\":\"2021-05-30T16:51:38+00:00\",\"dateModified\":\"2021-05-30T16:51:39+00:00\",\"breadcrumb\":{\"@id\":\"https:\\\/\\\/radioljubuski.ba\\\/index.php\\\/2021\\\/05\\\/30\\\/vise-od-pola-milijarde-km-dodatnih-sredstava-za-ubrzani-gospodarski-rast\\\/#breadcrumb\"},\"inLanguage\":\"hr\",\"potentialAction\":[{\"@type\":\"ReadAction\",\"target\":[\"https:\\\/\\\/radioljubuski.ba\\\/index.php\\\/2021\\\/05\\\/30\\\/vise-od-pola-milijarde-km-dodatnih-sredstava-za-ubrzani-gospodarski-rast\\\/\"]}]},{\"@type\":\"ImageObject\",\"inLanguage\":\"hr\",\"@id\":\"https:\\\/\\\/radioljubuski.ba\\\/index.php\\\/2021\\\/05\\\/30\\\/vise-od-pola-milijarde-km-dodatnih-sredstava-za-ubrzani-gospodarski-rast\\\/#primaryimage\",\"url\":\"https:\\\/\\\/radioljubuski.ba\\\/wp-content\\\/uploads\\\/2021\\\/05\\\/1909-vladafbih.jpg\",\"contentUrl\":\"https:\\\/\\\/radioljubuski.ba\\\/wp-content\\\/uploads\\\/2021\\\/05\\\/1909-vladafbih.jpg\",\"width\":750,\"height\":450},{\"@type\":\"BreadcrumbList\",\"@id\":\"https:\\\/\\\/radioljubuski.ba\\\/index.php\\\/2021\\\/05\\\/30\\\/vise-od-pola-milijarde-km-dodatnih-sredstava-za-ubrzani-gospodarski-rast\\\/#breadcrumb\",\"itemListElement\":[{\"@type\":\"ListItem\",\"position\":1,\"name\":\"Po\u010detna stranica\",\"item\":\"https:\\\/\\\/radioljubuski.ba\\\/\"},{\"@type\":\"ListItem\",\"position\":2,\"name\":\"Vi\u0161e od pola milijarde KM dodatnih sredstava za ubrzani gospodarski rast\"}]},{\"@type\":\"WebSite\",\"@id\":\"https:\\\/\\\/radioljubuski.ba\\\/#website\",\"url\":\"https:\\\/\\\/radioljubuski.ba\\\/\",\"name\":\"Radio Ljubu\u0161ki\",\"description\":\"Sun\u010dana frekvencija Hercegovine\",\"publisher\":{\"@id\":\"https:\\\/\\\/radioljubuski.ba\\\/#organization\"},\"potentialAction\":[{\"@type\":\"SearchAction\",\"target\":{\"@type\":\"EntryPoint\",\"urlTemplate\":\"https:\\\/\\\/radioljubuski.ba\\\/?s={search_term_string}\"},\"query-input\":{\"@type\":\"PropertyValueSpecification\",\"valueRequired\":true,\"valueName\":\"search_term_string\"}}],\"inLanguage\":\"hr\"},{\"@type\":\"Organization\",\"@id\":\"https:\\\/\\\/radioljubuski.ba\\\/#organization\",\"name\":\"Radio Ljubu\u0161ki\",\"url\":\"https:\\\/\\\/radioljubuski.ba\\\/\",\"logo\":{\"@type\":\"ImageObject\",\"inLanguage\":\"hr\",\"@id\":\"https:\\\/\\\/radioljubuski.ba\\\/#\\\/schema\\\/logo\\\/image\\\/\",\"url\":\"https:\\\/\\\/radioljubuski.ba\\\/wp-content\\\/uploads\\\/2021\\\/02\\\/cropped-Radio_Ljubuski_logo1.jpg\",\"contentUrl\":\"https:\\\/\\\/radioljubuski.ba\\\/wp-content\\\/uploads\\\/2021\\\/02\\\/cropped-Radio_Ljubuski_logo1.jpg\",\"width\":512,\"height\":512,\"caption\":\"Radio Ljubu\u0161ki\"},\"image\":{\"@id\":\"https:\\\/\\\/radioljubuski.ba\\\/#\\\/schema\\\/logo\\\/image\\\/\"},\"sameAs\":[\"https:\\\/\\\/www.facebook.com\\\/Radiio-Ljubuski-1490835324566332\",\"https:\\\/\\\/x.com\\\/radioljubuski\",\"https:\\\/\\\/hr.linkedin.com\\\/company\\\/radio-ljubuski\",\"https:\\\/\\\/www.youtube.com\\\/channel\\\/UCHYaeO_n0Db3tjNGudGpXyw\"]},{\"@type\":\"Person\",\"@id\":\"https:\\\/\\\/radioljubuski.ba\\\/#\\\/schema\\\/person\\\/19fc700381a780f69665d7956c469e3b\",\"name\":\"Radio Ljubu\u0161ki\"}]}<\/script>\n<!-- \/ Yoast SEO plugin. -->","yoast_head_json":{"title":"Vi\u0161e od pola milijarde KM dodatnih sredstava za ubrzani gospodarski rast - RADIO LJUBU\u0160KI","robots":{"index":"index","follow":"follow","max-snippet":"max-snippet:-1","max-image-preview":"max-image-preview:large","max-video-preview":"max-video-preview:-1"},"canonical":"https:\/\/radioljubuski.ba\/index.php\/2021\/05\/30\/vise-od-pola-milijarde-km-dodatnih-sredstava-za-ubrzani-gospodarski-rast\/","og_locale":"hr_HR","og_type":"article","og_title":"Vi\u0161e od pola milijarde KM dodatnih sredstava za ubrzani gospodarski rast - RADIO LJUBU\u0160KI","og_description":"S ciljem dostizanja razine ekonomskih aktivnosti u Federaciji BiH s onim u periodu prije izbijanja pandemije koronavirusa, Vlada Federacije Bosne i Hercegovine \u0107e u idu\u0107em periodu poduzimati dodatne mjere koje \u0107e biti osnova za ubrzani gospodarski rast. Iz Vlade Federacije BiH za Fenu ka\u017eu da te mjere, izme\u0111u ostalog, podrazumijevaju i zakonska rje\u0161enja usmjerena na [&hellip;]","og_url":"https:\/\/radioljubuski.ba\/index.php\/2021\/05\/30\/vise-od-pola-milijarde-km-dodatnih-sredstava-za-ubrzani-gospodarski-rast\/","og_site_name":"RADIO LJUBU\u0160KI","article_publisher":"https:\/\/www.facebook.com\/Radiio-Ljubuski-1490835324566332","article_published_time":"2021-05-30T16:51:38+00:00","article_modified_time":"2021-05-30T16:51:39+00:00","og_image":[{"width":750,"height":450,"url":"https:\/\/radioljubuski.ba\/wp-content\/uploads\/2021\/05\/1909-vladafbih.jpg","type":"image\/jpeg"}],"author":"Radio Ljubu\u0161ki","twitter_card":"summary_large_image","twitter_creator":"@radioljubuski","twitter_site":"@radioljubuski","twitter_misc":{"Napisao\/la":"Radio Ljubu\u0161ki","Procijenjeno vrijeme \u010ditanja":"2 minute"},"schema":{"@context":"https:\/\/schema.org","@graph":[{"@type":"Article","@id":"https:\/\/radioljubuski.ba\/index.php\/2021\/05\/30\/vise-od-pola-milijarde-km-dodatnih-sredstava-za-ubrzani-gospodarski-rast\/#article","isPartOf":{"@id":"https:\/\/radioljubuski.ba\/index.php\/2021\/05\/30\/vise-od-pola-milijarde-km-dodatnih-sredstava-za-ubrzani-gospodarski-rast\/"},"author":{"name":"Radio Ljubu\u0161ki","@id":"https:\/\/radioljubuski.ba\/#\/schema\/person\/19fc700381a780f69665d7956c469e3b"},"headline":"Vi\u0161e od pola milijarde KM dodatnih sredstava za ubrzani gospodarski rast","datePublished":"2021-05-30T16:51:38+00:00","dateModified":"2021-05-30T16:51:39+00:00","mainEntityOfPage":{"@id":"https:\/\/radioljubuski.ba\/index.php\/2021\/05\/30\/vise-od-pola-milijarde-km-dodatnih-sredstava-za-ubrzani-gospodarski-rast\/"},"wordCount":412,"publisher":{"@id":"https:\/\/radioljubuski.ba\/#organization"},"image":{"@id":"https:\/\/radioljubuski.ba\/index.php\/2021\/05\/30\/vise-od-pola-milijarde-km-dodatnih-sredstava-za-ubrzani-gospodarski-rast\/#primaryimage"},"thumbnailUrl":"https:\/\/radioljubuski.ba\/wp-content\/uploads\/2021\/05\/1909-vladafbih.jpg","articleSection":["BIH i regija"],"inLanguage":"hr"},{"@type":"WebPage","@id":"https:\/\/radioljubuski.ba\/index.php\/2021\/05\/30\/vise-od-pola-milijarde-km-dodatnih-sredstava-za-ubrzani-gospodarski-rast\/","url":"https:\/\/radioljubuski.ba\/index.php\/2021\/05\/30\/vise-od-pola-milijarde-km-dodatnih-sredstava-za-ubrzani-gospodarski-rast\/","name":"Vi\u0161e od pola milijarde KM dodatnih sredstava za ubrzani gospodarski rast - RADIO LJUBU\u0160KI","isPartOf":{"@id":"https:\/\/radioljubuski.ba\/#website"},"primaryImageOfPage":{"@id":"https:\/\/radioljubuski.ba\/index.php\/2021\/05\/30\/vise-od-pola-milijarde-km-dodatnih-sredstava-za-ubrzani-gospodarski-rast\/#primaryimage"},"image":{"@id":"https:\/\/radioljubuski.ba\/index.php\/2021\/05\/30\/vise-od-pola-milijarde-km-dodatnih-sredstava-za-ubrzani-gospodarski-rast\/#primaryimage"},"thumbnailUrl":"https:\/\/radioljubuski.ba\/wp-content\/uploads\/2021\/05\/1909-vladafbih.jpg","datePublished":"2021-05-30T16:51:38+00:00","dateModified":"2021-05-30T16:51:39+00:00","breadcrumb":{"@id":"https:\/\/radioljubuski.ba\/index.php\/2021\/05\/30\/vise-od-pola-milijarde-km-dodatnih-sredstava-za-ubrzani-gospodarski-rast\/#breadcrumb"},"inLanguage":"hr","potentialAction":[{"@type":"ReadAction","target":["https:\/\/radioljubuski.ba\/index.php\/2021\/05\/30\/vise-od-pola-milijarde-km-dodatnih-sredstava-za-ubrzani-gospodarski-rast\/"]}]},{"@type":"ImageObject","inLanguage":"hr","@id":"https:\/\/radioljubuski.ba\/index.php\/2021\/05\/30\/vise-od-pola-milijarde-km-dodatnih-sredstava-za-ubrzani-gospodarski-rast\/#primaryimage","url":"https:\/\/radioljubuski.ba\/wp-content\/uploads\/2021\/05\/1909-vladafbih.jpg","contentUrl":"https:\/\/radioljubuski.ba\/wp-content\/uploads\/2021\/05\/1909-vladafbih.jpg","width":750,"height":450},{"@type":"BreadcrumbList","@id":"https:\/\/radioljubuski.ba\/index.php\/2021\/05\/30\/vise-od-pola-milijarde-km-dodatnih-sredstava-za-ubrzani-gospodarski-rast\/#breadcrumb","itemListElement":[{"@type":"ListItem","position":1,"name":"Po\u010detna stranica","item":"https:\/\/radioljubuski.ba\/"},{"@type":"ListItem","position":2,"name":"Vi\u0161e od pola milijarde KM dodatnih sredstava za ubrzani gospodarski rast"}]},{"@type":"WebSite","@id":"https:\/\/radioljubuski.ba\/#website","url":"https:\/\/radioljubuski.ba\/","name":"Radio Ljubu\u0161ki","description":"Sun\u010dana frekvencija Hercegovine","publisher":{"@id":"https:\/\/radioljubuski.ba\/#organization"},"potentialAction":[{"@type":"SearchAction","target":{"@type":"EntryPoint","urlTemplate":"https:\/\/radioljubuski.ba\/?s={search_term_string}"},"query-input":{"@type":"PropertyValueSpecification","valueRequired":true,"valueName":"search_term_string"}}],"inLanguage":"hr"},{"@type":"Organization","@id":"https:\/\/radioljubuski.ba\/#organization","name":"Radio Ljubu\u0161ki","url":"https:\/\/radioljubuski.ba\/","logo":{"@type":"ImageObject","inLanguage":"hr","@id":"https:\/\/radioljubuski.ba\/#\/schema\/logo\/image\/","url":"https:\/\/radioljubuski.ba\/wp-content\/uploads\/2021\/02\/cropped-Radio_Ljubuski_logo1.jpg","contentUrl":"https:\/\/radioljubuski.ba\/wp-content\/uploads\/2021\/02\/cropped-Radio_Ljubuski_logo1.jpg","width":512,"height":512,"caption":"Radio Ljubu\u0161ki"},"image":{"@id":"https:\/\/radioljubuski.ba\/#\/schema\/logo\/image\/"},"sameAs":["https:\/\/www.facebook.com\/Radiio-Ljubuski-1490835324566332","https:\/\/x.com\/radioljubuski","https:\/\/hr.linkedin.com\/company\/radio-ljubuski","https:\/\/www.youtube.com\/channel\/UCHYaeO_n0Db3tjNGudGpXyw"]},{"@type":"Person","@id":"https:\/\/radioljubuski.ba\/#\/schema\/person\/19fc700381a780f69665d7956c469e3b","name":"Radio Ljubu\u0161ki"}]}},"_links":{"self":[{"href":"https:\/\/radioljubuski.ba\/index.php\/wp-json\/wp\/v2\/posts\/26677","targetHints":{"allow":["GET"]}}],"collection":[{"href":"https:\/\/radioljubuski.ba\/index.php\/wp-json\/wp\/v2\/posts"}],"about":[{"href":"https:\/\/radioljubuski.ba\/index.php\/wp-json\/wp\/v2\/types\/post"}],"author":[{"embeddable":true,"href":"https:\/\/radioljubuski.ba\/index.php\/wp-json\/wp\/v2\/users\/2"}],"replies":[{"embeddable":true,"href":"https:\/\/radioljubuski.ba\/index.php\/wp-json\/wp\/v2\/comments?post=26677"}],"version-history":[{"count":1,"href":"https:\/\/radioljubuski.ba\/index.php\/wp-json\/wp\/v2\/posts\/26677\/revisions"}],"predecessor-version":[{"id":26679,"href":"https:\/\/radioljubuski.ba\/index.php\/wp-json\/wp\/v2\/posts\/26677\/revisions\/26679"}],"wp:featuredmedia":[{"embeddable":true,"href":"https:\/\/radioljubuski.ba\/index.php\/wp-json\/wp\/v2\/media\/26678"}],"wp:attachment":[{"href":"https:\/\/radioljubuski.ba\/index.php\/wp-json\/wp\/v2\/media?parent=26677"}],"wp:term":[{"taxonomy":"category","embeddable":true,"href":"https:\/\/radioljubuski.ba\/index.php\/wp-json\/wp\/v2\/categories?post=26677"},{"taxonomy":"post_tag","embeddable":true,"href":"https:\/\/radioljubuski.ba\/index.php\/wp-json\/wp\/v2\/tags?post=26677"}],"curies":[{"name":"wp","href":"https:\/\/api.w.org\/{rel}","templated":true}]}}