{"id":26680,"date":"2021-05-30T17:53:59","date_gmt":"2021-05-30T16:53:59","guid":{"rendered":"https:\/\/radioljubuski.ba\/?p=26680"},"modified":"2021-05-30T17:54:00","modified_gmt":"2021-05-30T16:54:00","slug":"dodik-lazu-blefiraju-i-petljaju-schmidt-nije-imenovan-za-visokog-predstavnika","status":"publish","type":"post","link":"https:\/\/radioljubuski.ba\/index.php\/2021\/05\/30\/dodik-lazu-blefiraju-i-petljaju-schmidt-nije-imenovan-za-visokog-predstavnika\/","title":{"rendered":"Dodik: La\u017eu, blefiraju i petljaju, Schmidt nije imenovan za visokog predstavnika"},"content":{"rendered":"\n<p><strong>Predsjedavaju\u0107i Predsjedni\u0161tva Bosne i Hercegovine Milorad Dodik izjavio je da \u201cRepublika Srpska ne prihva\u0107a imenovanje njema\u010dkog diplomate Cristiana Schmidta za visokog predstavnika u BiH, niti bilo kakve njegove ingerencije\u201d.<\/strong><\/p>\n\n\n\n<p>Dodik je rekao da je Vije\u0107e za provedbue mira \u201cblefiraju\u0107i ne\u0161to navodno imenovao\u201d, ocijeniv\u0161i da je rije\u010d o \u201cneproceduralnom imenovanju na bazi ignoriranja\u201d.<\/p>\n\n\n\n<p>\u201cTa persona koju su oni navodno imenovali za svog visokog predstavnika, ne\u0107e biti prihvatljiva i Republika Srpska ne\u0107e prihvatiti ime, niti bilo kakve njegove ingerencije\u201d, rekao je Dodik.<\/p>\n\n\n\n<p>Dodik je pozvao javnost da \u201cne prihvati imenovanje Schmidta, jer on nije formalno ni imenovan\u201d.<\/p>\n\n\n\n<p>\u201cVi koji ste samozvani i koji blefirate ponovo ho\u0107ete da nam nametnete pri\u010du o nekom visokom predstavniku kriju\u0107i se da je to Nijemac iza koga bi navodno trebalo da stoji Njema\u010dka, a mi treba da se prepadnemo i ka\u017eemo ok. Nije ok, nije uredu, niste upravu, la\u017eete, blefirate i petljate\u201d, rekao je Dodik.<\/p>\n\n\n\n<p>On je poru\u010dio da RS \u201cne\u0107e pristati na takvo blefiranje i blama\u017eu me\u0111unarodnog faktora, jer oni nisu imali pravo imenovati visokog predstavnika\u201d.<\/p>\n\n\n\n<p>\u201cNema ni Vije\u0107e sigurnosti u pogledu dono\u0161enja relevantne rezolucije kako su to oni sami rekli. Sve je to ra\u0111eno na jedan sumnjiv na\u010din, kao \u0161to je i BiH sumnjiva. To je samo dokaz da BiH ne treba postojati kao zemlja\u201d, rekao je Dodik.<\/p>\n\n\n\n<p>On je ocijenio da je \u201covo najbolji dokaz da me\u0111unarodna zajednice ne vjeruje u BiH\u201d.<\/p>\n\n\n\n<p>\u201cOvo nije imenovani visoki predstavnik i molim na\u0161u javnost da to tako tretira\u201d, rekao je Dodik i poru\u010dio da je na ovom imenovanju \u201cpala pri\u010da predstavnika me\u0111unarodne zajednice o vladavini prava\u201d.<\/p>\n\n\n\n<p>U javnom diskursu ve\u0107 se koristi termin imenovan, ka\u017ee Dodik i dodaje da Schmidt nije imenovan.<\/p>\n\n\n\n<p>\u201cTo je poku\u0161aj imenovanja, to je blef \u2018ako pro\u0111e pro\u0111e\u2019\u201d, rekao je Dodik.<\/p>\n\n\n\n<p>Prema njegovim rije\u010dima, oni se moraju suo\u010diti s \u010dinjenicom da je Narodna skup\u0161tina RS donijela zaklju\u010dke koji su veoma precizni i jasni.<\/p>\n\n\n\n<p>\u201cNaravno da mo\u017eemo razgovarati o novom visokom predstavniku pod uvjetom da se po\u0161tuje procedure za njegov izbor i imenovanje. Ukoliko to ne bude, naravno da ne\u0107emo prihvatiti ni jedno drugo sumnjivo imenovanje, pa ni ovo koje su oni poku\u0161ali napraviti\u201d, rekao je Dodik.<\/p>\n\n\n\n<p>Prema njegovim rije\u010dima, \u201coni uporno kr\u0161e me\u0111unarodno pravo i ne mogu se pozivati na vladavinu prava\u201d.<\/p>\n\n\n\n<p>\/Srna\/HMS\/<\/p>\n","protected":false},"excerpt":{"rendered":"<p>Predsjedavaju\u0107i Predsjedni\u0161tva Bosne i Hercegovine Milorad Dodik izjavio je da \u201cRepublika Srpska ne prihva\u0107a imenovanje njema\u010dkog diplomate Cristiana Schmidta za visokog predstavnika u BiH, niti bilo kakve njegove ingerencije\u201d. Dodik je rekao da je Vije\u0107e za provedbue mira \u201cblefiraju\u0107i ne\u0161to navodno imenovao\u201d, ocijeniv\u0161i da je rije\u010d o \u201cneproceduralnom imenovanju na bazi ignoriranja\u201d. \u201cTa persona koju [&hellip;]<\/p>\n","protected":false},"author":2,"featured_media":26681,"comment_status":"closed","ping_status":"closed","sticky":false,"template":"","format":"standard","meta":{"h5ap_radio_sources":[],"footnotes":""},"categories":[1],"tags":[],"class_list":["post-26680","post","type-post","status-publish","format-standard","has-post-thumbnail","hentry","category-bihiregija"],"yoast_head":"<!-- This site is optimized with the Yoast SEO plugin v27.4 - https:\/\/yoast.com\/product\/yoast-seo-wordpress\/ -->\n<title>Dodik: La\u017eu, blefiraju i petljaju, Schmidt nije imenovan za visokog predstavnika - RADIO LJUBU\u0160KI<\/title>\n<meta name=\"robots\" content=\"index, follow, max-snippet:-1, max-image-preview:large, max-video-preview:-1\" \/>\n<link rel=\"canonical\" href=\"https:\/\/radioljubuski.ba\/index.php\/2021\/05\/30\/dodik-lazu-blefiraju-i-petljaju-schmidt-nije-imenovan-za-visokog-predstavnika\/\" \/>\n<meta property=\"og:locale\" content=\"hr_HR\" \/>\n<meta property=\"og:type\" content=\"article\" \/>\n<meta property=\"og:title\" content=\"Dodik: La\u017eu, blefiraju i petljaju, Schmidt nije imenovan za visokog predstavnika - RADIO LJUBU\u0160KI\" \/>\n<meta property=\"og:description\" content=\"Predsjedavaju\u0107i Predsjedni\u0161tva Bosne i Hercegovine Milorad Dodik izjavio je da \u201cRepublika Srpska ne prihva\u0107a imenovanje njema\u010dkog diplomate Cristiana Schmidta za visokog predstavnika u BiH, niti bilo kakve njegove ingerencije\u201d. Dodik je rekao da je Vije\u0107e za provedbue mira \u201cblefiraju\u0107i ne\u0161to navodno imenovao\u201d, ocijeniv\u0161i da je rije\u010d o \u201cneproceduralnom imenovanju na bazi ignoriranja\u201d. \u201cTa persona koju [&hellip;]\" \/>\n<meta property=\"og:url\" content=\"https:\/\/radioljubuski.ba\/index.php\/2021\/05\/30\/dodik-lazu-blefiraju-i-petljaju-schmidt-nije-imenovan-za-visokog-predstavnika\/\" \/>\n<meta property=\"og:site_name\" content=\"RADIO LJUBU\u0160KI\" \/>\n<meta property=\"article:publisher\" content=\"https:\/\/www.facebook.com\/Radiio-Ljubuski-1490835324566332\" \/>\n<meta property=\"article:published_time\" content=\"2021-05-30T16:53:59+00:00\" \/>\n<meta property=\"article:modified_time\" content=\"2021-05-30T16:54:00+00:00\" \/>\n<meta property=\"og:image\" content=\"https:\/\/radioljubuski.ba\/wp-content\/uploads\/2021\/05\/milorad-dodik-2.jpg\" \/>\n\t<meta property=\"og:image:width\" content=\"631\" \/>\n\t<meta property=\"og:image:height\" content=\"360\" \/>\n\t<meta property=\"og:image:type\" content=\"image\/jpeg\" \/>\n<meta name=\"author\" content=\"Radio Ljubu\u0161ki\" \/>\n<meta name=\"twitter:card\" content=\"summary_large_image\" \/>\n<meta name=\"twitter:creator\" content=\"@radioljubuski\" \/>\n<meta name=\"twitter:site\" content=\"@radioljubuski\" \/>\n<meta name=\"twitter:label1\" content=\"Napisao\/la\" \/>\n\t<meta name=\"twitter:data1\" content=\"Radio Ljubu\u0161ki\" \/>\n\t<meta name=\"twitter:label2\" content=\"Procijenjeno vrijeme \u010ditanja\" \/>\n\t<meta name=\"twitter:data2\" content=\"2 minute\" \/>\n<script type=\"application\/ld+json\" class=\"yoast-schema-graph\">{\"@context\":\"https:\\\/\\\/schema.org\",\"@graph\":[{\"@type\":\"Article\",\"@id\":\"https:\\\/\\\/radioljubuski.ba\\\/index.php\\\/2021\\\/05\\\/30\\\/dodik-lazu-blefiraju-i-petljaju-schmidt-nije-imenovan-za-visokog-predstavnika\\\/#article\",\"isPartOf\":{\"@id\":\"https:\\\/\\\/radioljubuski.ba\\\/index.php\\\/2021\\\/05\\\/30\\\/dodik-lazu-blefiraju-i-petljaju-schmidt-nije-imenovan-za-visokog-predstavnika\\\/\"},\"author\":{\"name\":\"Radio Ljubu\u0161ki\",\"@id\":\"https:\\\/\\\/radioljubuski.ba\\\/#\\\/schema\\\/person\\\/19fc700381a780f69665d7956c469e3b\"},\"headline\":\"Dodik: La\u017eu, blefiraju i petljaju, Schmidt nije imenovan za visokog predstavnika\",\"datePublished\":\"2021-05-30T16:53:59+00:00\",\"dateModified\":\"2021-05-30T16:54:00+00:00\",\"mainEntityOfPage\":{\"@id\":\"https:\\\/\\\/radioljubuski.ba\\\/index.php\\\/2021\\\/05\\\/30\\\/dodik-lazu-blefiraju-i-petljaju-schmidt-nije-imenovan-za-visokog-predstavnika\\\/\"},\"wordCount\":427,\"publisher\":{\"@id\":\"https:\\\/\\\/radioljubuski.ba\\\/#organization\"},\"image\":{\"@id\":\"https:\\\/\\\/radioljubuski.ba\\\/index.php\\\/2021\\\/05\\\/30\\\/dodik-lazu-blefiraju-i-petljaju-schmidt-nije-imenovan-za-visokog-predstavnika\\\/#primaryimage\"},\"thumbnailUrl\":\"https:\\\/\\\/radioljubuski.ba\\\/wp-content\\\/uploads\\\/2021\\\/05\\\/milorad-dodik-2.jpg\",\"articleSection\":[\"BIH i regija\"],\"inLanguage\":\"hr\"},{\"@type\":\"WebPage\",\"@id\":\"https:\\\/\\\/radioljubuski.ba\\\/index.php\\\/2021\\\/05\\\/30\\\/dodik-lazu-blefiraju-i-petljaju-schmidt-nije-imenovan-za-visokog-predstavnika\\\/\",\"url\":\"https:\\\/\\\/radioljubuski.ba\\\/index.php\\\/2021\\\/05\\\/30\\\/dodik-lazu-blefiraju-i-petljaju-schmidt-nije-imenovan-za-visokog-predstavnika\\\/\",\"name\":\"Dodik: La\u017eu, blefiraju i petljaju, Schmidt nije imenovan za visokog predstavnika - RADIO LJUBU\u0160KI\",\"isPartOf\":{\"@id\":\"https:\\\/\\\/radioljubuski.ba\\\/#website\"},\"primaryImageOfPage\":{\"@id\":\"https:\\\/\\\/radioljubuski.ba\\\/index.php\\\/2021\\\/05\\\/30\\\/dodik-lazu-blefiraju-i-petljaju-schmidt-nije-imenovan-za-visokog-predstavnika\\\/#primaryimage\"},\"image\":{\"@id\":\"https:\\\/\\\/radioljubuski.ba\\\/index.php\\\/2021\\\/05\\\/30\\\/dodik-lazu-blefiraju-i-petljaju-schmidt-nije-imenovan-za-visokog-predstavnika\\\/#primaryimage\"},\"thumbnailUrl\":\"https:\\\/\\\/radioljubuski.ba\\\/wp-content\\\/uploads\\\/2021\\\/05\\\/milorad-dodik-2.jpg\",\"datePublished\":\"2021-05-30T16:53:59+00:00\",\"dateModified\":\"2021-05-30T16:54:00+00:00\",\"breadcrumb\":{\"@id\":\"https:\\\/\\\/radioljubuski.ba\\\/index.php\\\/2021\\\/05\\\/30\\\/dodik-lazu-blefiraju-i-petljaju-schmidt-nije-imenovan-za-visokog-predstavnika\\\/#breadcrumb\"},\"inLanguage\":\"hr\",\"potentialAction\":[{\"@type\":\"ReadAction\",\"target\":[\"https:\\\/\\\/radioljubuski.ba\\\/index.php\\\/2021\\\/05\\\/30\\\/dodik-lazu-blefiraju-i-petljaju-schmidt-nije-imenovan-za-visokog-predstavnika\\\/\"]}]},{\"@type\":\"ImageObject\",\"inLanguage\":\"hr\",\"@id\":\"https:\\\/\\\/radioljubuski.ba\\\/index.php\\\/2021\\\/05\\\/30\\\/dodik-lazu-blefiraju-i-petljaju-schmidt-nije-imenovan-za-visokog-predstavnika\\\/#primaryimage\",\"url\":\"https:\\\/\\\/radioljubuski.ba\\\/wp-content\\\/uploads\\\/2021\\\/05\\\/milorad-dodik-2.jpg\",\"contentUrl\":\"https:\\\/\\\/radioljubuski.ba\\\/wp-content\\\/uploads\\\/2021\\\/05\\\/milorad-dodik-2.jpg\",\"width\":631,\"height\":360},{\"@type\":\"BreadcrumbList\",\"@id\":\"https:\\\/\\\/radioljubuski.ba\\\/index.php\\\/2021\\\/05\\\/30\\\/dodik-lazu-blefiraju-i-petljaju-schmidt-nije-imenovan-za-visokog-predstavnika\\\/#breadcrumb\",\"itemListElement\":[{\"@type\":\"ListItem\",\"position\":1,\"name\":\"Po\u010detna stranica\",\"item\":\"https:\\\/\\\/radioljubuski.ba\\\/\"},{\"@type\":\"ListItem\",\"position\":2,\"name\":\"Dodik: La\u017eu, blefiraju i petljaju, Schmidt nije imenovan za visokog predstavnika\"}]},{\"@type\":\"WebSite\",\"@id\":\"https:\\\/\\\/radioljubuski.ba\\\/#website\",\"url\":\"https:\\\/\\\/radioljubuski.ba\\\/\",\"name\":\"Radio Ljubu\u0161ki\",\"description\":\"Sun\u010dana frekvencija Hercegovine\",\"publisher\":{\"@id\":\"https:\\\/\\\/radioljubuski.ba\\\/#organization\"},\"potentialAction\":[{\"@type\":\"SearchAction\",\"target\":{\"@type\":\"EntryPoint\",\"urlTemplate\":\"https:\\\/\\\/radioljubuski.ba\\\/?s={search_term_string}\"},\"query-input\":{\"@type\":\"PropertyValueSpecification\",\"valueRequired\":true,\"valueName\":\"search_term_string\"}}],\"inLanguage\":\"hr\"},{\"@type\":\"Organization\",\"@id\":\"https:\\\/\\\/radioljubuski.ba\\\/#organization\",\"name\":\"Radio Ljubu\u0161ki\",\"url\":\"https:\\\/\\\/radioljubuski.ba\\\/\",\"logo\":{\"@type\":\"ImageObject\",\"inLanguage\":\"hr\",\"@id\":\"https:\\\/\\\/radioljubuski.ba\\\/#\\\/schema\\\/logo\\\/image\\\/\",\"url\":\"https:\\\/\\\/radioljubuski.ba\\\/wp-content\\\/uploads\\\/2021\\\/02\\\/cropped-Radio_Ljubuski_logo1.jpg\",\"contentUrl\":\"https:\\\/\\\/radioljubuski.ba\\\/wp-content\\\/uploads\\\/2021\\\/02\\\/cropped-Radio_Ljubuski_logo1.jpg\",\"width\":512,\"height\":512,\"caption\":\"Radio Ljubu\u0161ki\"},\"image\":{\"@id\":\"https:\\\/\\\/radioljubuski.ba\\\/#\\\/schema\\\/logo\\\/image\\\/\"},\"sameAs\":[\"https:\\\/\\\/www.facebook.com\\\/Radiio-Ljubuski-1490835324566332\",\"https:\\\/\\\/x.com\\\/radioljubuski\",\"https:\\\/\\\/hr.linkedin.com\\\/company\\\/radio-ljubuski\",\"https:\\\/\\\/www.youtube.com\\\/channel\\\/UCHYaeO_n0Db3tjNGudGpXyw\"]},{\"@type\":\"Person\",\"@id\":\"https:\\\/\\\/radioljubuski.ba\\\/#\\\/schema\\\/person\\\/19fc700381a780f69665d7956c469e3b\",\"name\":\"Radio Ljubu\u0161ki\"}]}<\/script>\n<!-- \/ Yoast SEO plugin. -->","yoast_head_json":{"title":"Dodik: La\u017eu, blefiraju i petljaju, Schmidt nije imenovan za visokog predstavnika - RADIO LJUBU\u0160KI","robots":{"index":"index","follow":"follow","max-snippet":"max-snippet:-1","max-image-preview":"max-image-preview:large","max-video-preview":"max-video-preview:-1"},"canonical":"https:\/\/radioljubuski.ba\/index.php\/2021\/05\/30\/dodik-lazu-blefiraju-i-petljaju-schmidt-nije-imenovan-za-visokog-predstavnika\/","og_locale":"hr_HR","og_type":"article","og_title":"Dodik: La\u017eu, blefiraju i petljaju, Schmidt nije imenovan za visokog predstavnika - RADIO LJUBU\u0160KI","og_description":"Predsjedavaju\u0107i Predsjedni\u0161tva Bosne i Hercegovine Milorad Dodik izjavio je da \u201cRepublika Srpska ne prihva\u0107a imenovanje njema\u010dkog diplomate Cristiana Schmidta za visokog predstavnika u BiH, niti bilo kakve njegove ingerencije\u201d. Dodik je rekao da je Vije\u0107e za provedbue mira \u201cblefiraju\u0107i ne\u0161to navodno imenovao\u201d, ocijeniv\u0161i da je rije\u010d o \u201cneproceduralnom imenovanju na bazi ignoriranja\u201d. \u201cTa persona koju [&hellip;]","og_url":"https:\/\/radioljubuski.ba\/index.php\/2021\/05\/30\/dodik-lazu-blefiraju-i-petljaju-schmidt-nije-imenovan-za-visokog-predstavnika\/","og_site_name":"RADIO LJUBU\u0160KI","article_publisher":"https:\/\/www.facebook.com\/Radiio-Ljubuski-1490835324566332","article_published_time":"2021-05-30T16:53:59+00:00","article_modified_time":"2021-05-30T16:54:00+00:00","og_image":[{"width":631,"height":360,"url":"https:\/\/radioljubuski.ba\/wp-content\/uploads\/2021\/05\/milorad-dodik-2.jpg","type":"image\/jpeg"}],"author":"Radio Ljubu\u0161ki","twitter_card":"summary_large_image","twitter_creator":"@radioljubuski","twitter_site":"@radioljubuski","twitter_misc":{"Napisao\/la":"Radio Ljubu\u0161ki","Procijenjeno vrijeme \u010ditanja":"2 minute"},"schema":{"@context":"https:\/\/schema.org","@graph":[{"@type":"Article","@id":"https:\/\/radioljubuski.ba\/index.php\/2021\/05\/30\/dodik-lazu-blefiraju-i-petljaju-schmidt-nije-imenovan-za-visokog-predstavnika\/#article","isPartOf":{"@id":"https:\/\/radioljubuski.ba\/index.php\/2021\/05\/30\/dodik-lazu-blefiraju-i-petljaju-schmidt-nije-imenovan-za-visokog-predstavnika\/"},"author":{"name":"Radio Ljubu\u0161ki","@id":"https:\/\/radioljubuski.ba\/#\/schema\/person\/19fc700381a780f69665d7956c469e3b"},"headline":"Dodik: La\u017eu, blefiraju i petljaju, Schmidt nije imenovan za visokog predstavnika","datePublished":"2021-05-30T16:53:59+00:00","dateModified":"2021-05-30T16:54:00+00:00","mainEntityOfPage":{"@id":"https:\/\/radioljubuski.ba\/index.php\/2021\/05\/30\/dodik-lazu-blefiraju-i-petljaju-schmidt-nije-imenovan-za-visokog-predstavnika\/"},"wordCount":427,"publisher":{"@id":"https:\/\/radioljubuski.ba\/#organization"},"image":{"@id":"https:\/\/radioljubuski.ba\/index.php\/2021\/05\/30\/dodik-lazu-blefiraju-i-petljaju-schmidt-nije-imenovan-za-visokog-predstavnika\/#primaryimage"},"thumbnailUrl":"https:\/\/radioljubuski.ba\/wp-content\/uploads\/2021\/05\/milorad-dodik-2.jpg","articleSection":["BIH i regija"],"inLanguage":"hr"},{"@type":"WebPage","@id":"https:\/\/radioljubuski.ba\/index.php\/2021\/05\/30\/dodik-lazu-blefiraju-i-petljaju-schmidt-nije-imenovan-za-visokog-predstavnika\/","url":"https:\/\/radioljubuski.ba\/index.php\/2021\/05\/30\/dodik-lazu-blefiraju-i-petljaju-schmidt-nije-imenovan-za-visokog-predstavnika\/","name":"Dodik: La\u017eu, blefiraju i petljaju, Schmidt nije imenovan za visokog predstavnika - RADIO LJUBU\u0160KI","isPartOf":{"@id":"https:\/\/radioljubuski.ba\/#website"},"primaryImageOfPage":{"@id":"https:\/\/radioljubuski.ba\/index.php\/2021\/05\/30\/dodik-lazu-blefiraju-i-petljaju-schmidt-nije-imenovan-za-visokog-predstavnika\/#primaryimage"},"image":{"@id":"https:\/\/radioljubuski.ba\/index.php\/2021\/05\/30\/dodik-lazu-blefiraju-i-petljaju-schmidt-nije-imenovan-za-visokog-predstavnika\/#primaryimage"},"thumbnailUrl":"https:\/\/radioljubuski.ba\/wp-content\/uploads\/2021\/05\/milorad-dodik-2.jpg","datePublished":"2021-05-30T16:53:59+00:00","dateModified":"2021-05-30T16:54:00+00:00","breadcrumb":{"@id":"https:\/\/radioljubuski.ba\/index.php\/2021\/05\/30\/dodik-lazu-blefiraju-i-petljaju-schmidt-nije-imenovan-za-visokog-predstavnika\/#breadcrumb"},"inLanguage":"hr","potentialAction":[{"@type":"ReadAction","target":["https:\/\/radioljubuski.ba\/index.php\/2021\/05\/30\/dodik-lazu-blefiraju-i-petljaju-schmidt-nije-imenovan-za-visokog-predstavnika\/"]}]},{"@type":"ImageObject","inLanguage":"hr","@id":"https:\/\/radioljubuski.ba\/index.php\/2021\/05\/30\/dodik-lazu-blefiraju-i-petljaju-schmidt-nije-imenovan-za-visokog-predstavnika\/#primaryimage","url":"https:\/\/radioljubuski.ba\/wp-content\/uploads\/2021\/05\/milorad-dodik-2.jpg","contentUrl":"https:\/\/radioljubuski.ba\/wp-content\/uploads\/2021\/05\/milorad-dodik-2.jpg","width":631,"height":360},{"@type":"BreadcrumbList","@id":"https:\/\/radioljubuski.ba\/index.php\/2021\/05\/30\/dodik-lazu-blefiraju-i-petljaju-schmidt-nije-imenovan-za-visokog-predstavnika\/#breadcrumb","itemListElement":[{"@type":"ListItem","position":1,"name":"Po\u010detna stranica","item":"https:\/\/radioljubuski.ba\/"},{"@type":"ListItem","position":2,"name":"Dodik: La\u017eu, blefiraju i petljaju, Schmidt nije imenovan za visokog predstavnika"}]},{"@type":"WebSite","@id":"https:\/\/radioljubuski.ba\/#website","url":"https:\/\/radioljubuski.ba\/","name":"Radio Ljubu\u0161ki","description":"Sun\u010dana frekvencija Hercegovine","publisher":{"@id":"https:\/\/radioljubuski.ba\/#organization"},"potentialAction":[{"@type":"SearchAction","target":{"@type":"EntryPoint","urlTemplate":"https:\/\/radioljubuski.ba\/?s={search_term_string}"},"query-input":{"@type":"PropertyValueSpecification","valueRequired":true,"valueName":"search_term_string"}}],"inLanguage":"hr"},{"@type":"Organization","@id":"https:\/\/radioljubuski.ba\/#organization","name":"Radio Ljubu\u0161ki","url":"https:\/\/radioljubuski.ba\/","logo":{"@type":"ImageObject","inLanguage":"hr","@id":"https:\/\/radioljubuski.ba\/#\/schema\/logo\/image\/","url":"https:\/\/radioljubuski.ba\/wp-content\/uploads\/2021\/02\/cropped-Radio_Ljubuski_logo1.jpg","contentUrl":"https:\/\/radioljubuski.ba\/wp-content\/uploads\/2021\/02\/cropped-Radio_Ljubuski_logo1.jpg","width":512,"height":512,"caption":"Radio Ljubu\u0161ki"},"image":{"@id":"https:\/\/radioljubuski.ba\/#\/schema\/logo\/image\/"},"sameAs":["https:\/\/www.facebook.com\/Radiio-Ljubuski-1490835324566332","https:\/\/x.com\/radioljubuski","https:\/\/hr.linkedin.com\/company\/radio-ljubuski","https:\/\/www.youtube.com\/channel\/UCHYaeO_n0Db3tjNGudGpXyw"]},{"@type":"Person","@id":"https:\/\/radioljubuski.ba\/#\/schema\/person\/19fc700381a780f69665d7956c469e3b","name":"Radio Ljubu\u0161ki"}]}},"_links":{"self":[{"href":"https:\/\/radioljubuski.ba\/index.php\/wp-json\/wp\/v2\/posts\/26680","targetHints":{"allow":["GET"]}}],"collection":[{"href":"https:\/\/radioljubuski.ba\/index.php\/wp-json\/wp\/v2\/posts"}],"about":[{"href":"https:\/\/radioljubuski.ba\/index.php\/wp-json\/wp\/v2\/types\/post"}],"author":[{"embeddable":true,"href":"https:\/\/radioljubuski.ba\/index.php\/wp-json\/wp\/v2\/users\/2"}],"replies":[{"embeddable":true,"href":"https:\/\/radioljubuski.ba\/index.php\/wp-json\/wp\/v2\/comments?post=26680"}],"version-history":[{"count":1,"href":"https:\/\/radioljubuski.ba\/index.php\/wp-json\/wp\/v2\/posts\/26680\/revisions"}],"predecessor-version":[{"id":26682,"href":"https:\/\/radioljubuski.ba\/index.php\/wp-json\/wp\/v2\/posts\/26680\/revisions\/26682"}],"wp:featuredmedia":[{"embeddable":true,"href":"https:\/\/radioljubuski.ba\/index.php\/wp-json\/wp\/v2\/media\/26681"}],"wp:attachment":[{"href":"https:\/\/radioljubuski.ba\/index.php\/wp-json\/wp\/v2\/media?parent=26680"}],"wp:term":[{"taxonomy":"category","embeddable":true,"href":"https:\/\/radioljubuski.ba\/index.php\/wp-json\/wp\/v2\/categories?post=26680"},{"taxonomy":"post_tag","embeddable":true,"href":"https:\/\/radioljubuski.ba\/index.php\/wp-json\/wp\/v2\/tags?post=26680"}],"curies":[{"name":"wp","href":"https:\/\/api.w.org\/{rel}","templated":true}]}}