{"id":26702,"date":"2021-05-30T21:54:21","date_gmt":"2021-05-30T20:54:21","guid":{"rendered":"https:\/\/radioljubuski.ba\/?p=26702"},"modified":"2021-05-30T21:54:22","modified_gmt":"2021-05-30T20:54:22","slug":"veliki-gradovi-izabrali-nove-gradonacelnike","status":"publish","type":"post","link":"https:\/\/radioljubuski.ba\/index.php\/2021\/05\/30\/veliki-gradovi-izabrali-nove-gradonacelnike\/","title":{"rendered":"Veliki gradovi izabrali nove gradona\u010delnike"},"content":{"rendered":"\n<p><strong>Po podacima Dr\u017eavnog izbornog povjerenstva, na lokalnim izborima u nedjelju u Zagrebu pobje\u0111uje Tomislav Toma\u0161evi\u0107 (Mo\u017eemo), u Splitu Ivica Puljak (Centar), u Rijeci Marko Filipovi\u0107 (SDP) te u Osijeku Ivan Radi\u0107 (HDZ).<\/strong><\/p>\n\n\n\n<iframe loading=\"lazy\" title=\"Lokalni izbori: specijalna emisija\" width=\"640\" height=\"360\" src=\"https:\/\/www.youtube.com\/embed\/p3ABzfPY57k?feature=oembed\" frameborder=\"0\" allow=\"accelerometer; autoplay; clipboard-write; encrypted-media; gyroscope; picture-in-picture; web-share\" referrerpolicy=\"strict-origin-when-cross-origin\" allowfullscreen><\/iframe>\n\n\n\n<p>U Zagrebu su obra\u0111ena sva glasa\u010dka mjesta, a prema podacima DIP-a pobje\u0111uje kandidat platforme Mo\u017eemo i partnera Tomislav Toma\u0161evi\u0107 sa 65,25 posto glasova gra\u0111ana.<br><br><strong>U Zagrebu Tomislav Toma\u0161evi\u0107<br><\/strong><br>Toma\u0161evi\u0107 je u prvome krugu izbora dobio 147.631 glasova, a u drugome krugu 199.630.<br><br>Njegov protukandidat iz redova Domovinskog pokreta Miroslav \u0160koro dobio je 34,75 posto glasova, odnosno 106.300 glasova.<br><br>Izlaznost u Zagrebu bila je 45,07 posto, \u0161to je dva posto manje nego u prvome izbornom krugu, a dva posto glasa\u010dkih listi\u0107a bilo je neva\u017ee\u0107ih.<br><br><strong>U Splitu Ivica Puljak<br><\/strong><br>U Splitu pobje\u0111uje kandidat Centra Ivica Puljak s 56,75 posto glasova. Puljak je u prvome krugu dobio 17.500 glasova bira\u010da, a drugome krugu 35.565.<br><br>Njegov protukandidat iz redova HDZ-a Vice Mihanovi\u0107 dobio je 43,25 posto glasova, odnosno 27.106.<br><br>Izlaznost u Split bila je 43,53 posto, \u0161to je manje nego u prvome krugu, kada je bila 43,97 posto. Neva\u017ee\u0107ih glasa\u010dkih listi\u0107a bilo je 2,90 posto.<br><br><strong>U Rijeci Marko Filipovi\u0107<br><\/strong><br>U Rijeci su tako\u0111er obra\u0111ena sva glasa\u010dka mjesta, a pobje\u0111uje kandidat SDP-a Marko Filipovi\u0107 s 54,48 posto glasova. Filipovi\u0107 je u prvome krugu dobio 11.970 glasova bira\u010da, a u drugome 18.902.<br><br>Kandidat grupe bira\u010da Davor \u0160timac dobio je 45,52 posto glasova.<br><br>Izlaznost u Rijeci bila je 34,16 posto, \u0161to je tri posto manje nego u prvome izbornom krugu, a bilo je 3,37 posto neva\u017ee\u0107ih listi\u0107a.<br><br><strong>U Osijeku Ivan Radi\u0107<br><\/strong><br>U Osijeku su obra\u0111ena sva glasa\u010dka mjesta, a pobje\u0111uje kandidat HDZ-a Ivan Radi\u0107 s 59,68 posto glasova bira\u010da, dok njegov protukandidat Berislav Mlinarevi\u0107, nezavisni uz potporu Domovinskog pokreta i Mosta, ima 35,52 posto glasova.<br><br>Radi\u0107 je u drugome krugu dobio 15.526 glasova, \u0161to je za oko 2000 vi\u0161e glasova nego u prvome krugu kada je dobio 13.655.<br><br>Izlaznost u Osijeku bila je 29,13 posto, \u010dak 10 posto manje nego u prvom krugu kada je bila 39,48 posto. Neva\u017ee\u0107ih glasa\u010dkih listi\u0107a bilo je 4,80 posto.<br><br>Izlaznost na dr\u017eavnoj razini bila je 37,96 posto u izboru za \u017eupane i gradona\u010delnika Grada Zagreba, a 43,86 posto za ostale gradona\u010delnike i op\u0107inske na\u010delnike.<\/p>\n\n\n\n<h4 class=\"wp-block-heading\">IDS bez gradona\u010delnika u sjedi\u0161tu Istarske \u017eupanije te najve\u0107em gradu &#8211; Pazinu i Puli<\/h4>\n\n\n\n<p>22:10<\/p>\n\n\n\n<p>IDS je u drugom krugu lokalnih izbora izgubio mjesto gradona\u010delnika sjedi\u0161ta Istarske \u017eupanije &#8211; Pazina te najve\u0107ega grada u \u017dupaniji &#8211; Pule, u Buzetu nije ni imao svojeg kandidata, a nije osvojio i nekoliko op\u0107ina.<br><br>U Pazinu je Suzana Ja\u0161i\u0107 (Mo\u017eemo!) pobijedila IDS-ovog Renata Krul\u010di\u0107a, kojeg su podr\u017eavali i HSU i HNS, a u Puli je kandidat grupe bira\u010da Filip Zori\u010di\u0107 pobijedio IDS-ovu Elenu Puh Belci (podr\u0161ka IS,PIP, Zeleni).<br><br>U gradu Buzetu je pobijedio nezavisni kandidat na listi SDP-a Damir Kajin. Kajin je, ina\u010de, do 2013. godine bio \u010dlan IDS-a, pa i potpredsjednik te stranke.<br><br>IDS-ovi kandidati nisu uspjeli u drugom krugu lokalnih izbora pobijediti u op\u0107inama Oprtalj, Brtonigla i Gra\u010di\u0161\u0107e.<br><br>U Oprtlju je kandidat grupe bira\u010da Leo Bezjak pobijedio IDS-ovog Sebastijana Ban\u010di\u0107a, u Brtonigli je kandidat grupe bira\u010da Ne\u0161 Sino\u017ei\u0107 pobijedio IDS-ovog Ezija Barnabu, a u Gra\u010di\u0161\u0107u je kandidat grupe bira\u010da Ivan Jeromela pobijedio IDS-ovog Ivana Mijandru\u0161i\u0107a.<br><br>U drugom krugu lokalnih izbora IDS je pobijedio u op\u0107ini Barban na\u010delnik \u0107e biti Dalibor Paus.<br><br>U drugome krugu IDS nije imao kandidate u op\u0107inama Kr\u0161an, Medulin i Karojba. U op\u0107ini Kr\u0161an je izme\u0111u dva kandidata grupe bira\u010da Roman Cari\u0107 pobijedio Valdija Runka, a u Medulinu je Ivan Kirac pobijedio Gorana Bui\u0107a, dok je u Karojbi HDZ-ov Marko Lako\u0161eljac pobijedio kandidata grupe bira\u010da Alena Rosi\u0107a.<br><br>U prvome krugu lokalnih izbora IDS je pobijedio u gradovima Novigrad, Labin, Rovinj, Buje i Pore\u010d, a izgubili su u Vodnjanu.<\/p>\n\n\n\n<h4 class=\"wp-block-heading\">Damir Dekani\u0107 (HDZ) vukovarsko-srijemski \u017eupan<\/h4>\n\n\n\n<p>22:59<\/p>\n\n\n\n<p>HDZ-ov Damir Dekani\u0107 novi je vukovarsko-srijemski \u017eupan nakon \u0161to je u drugom krugu izbora pobjedio biv\u0161eg strana\u010dkog kolegu, a sada nezavisnog Josipa Dabru.<br><br>&#8211; Niti jednog trenutka nisam sumnjao u pobjedu. Govorili smo od po\u010detka izborne kampanje kako smo uvjereni da \u0107e gra\u0111ani Vukovarsko-srijemske \u017eupanije program HDZ-a prepoznati kao najbolji i to se i dogodilo, izjavio je Dekani\u0107, koji je protekle \u010detiri godine bio na\u010delnik Op\u0107ine Andrija\u0161evci nedaleko Vinkovaca.<br><br>Zahvaljujem bira\u010dima \u0161to su iza\u0161li na birali\u0161ta i glas dali meni i programu HDZ-a. Vukovarsko-srijemsku \u017eupaniju \u0107u voditi u bolje sutra, da postane jedna od najboljih \u017eupanija u Hrvatskoj, poru\u010dio je Dekani\u0107.<br><br>Dekani\u0107ev protukandidat i nekada\u0161nji strana\u010dki kolega, nezavisni Josip Dabro izjavio je novinarima kako \u0107e se nastaviti boriti i zalagati za interese gra\u0111ana Vukovarsko-srijemske \u017eupanije.<br><br>&#8211; Nastavit \u0107emo se boriti za Vukovarsko-srijemsku \u017eupaniju, raditi na korist na\u0161ih sugra\u0111ana. U svojoj kampanji ne bih mijenjao ni\u0161ta, zahvaljujem svojim bira\u010dima, ljudi su to koji su prepoznali moj program i politiku, ka\u017ee Dabro.<br><br>Nakon obra\u0111enih 99,5 bira\u010dkih mjesta, za Dekani\u0107a je glasovalo 27.575, a za Dabru 20.981 bira\u010d.<br><br>Na mjestu vukovarsko-srijemskog \u017eupana Dekani\u0107 \u0107e zamijeniti HDZ-ova Bo\u017eu Gali\u0107a, koji je na tom polo\u017eaju bio posljednjih 16 godina. S koalicijskim partnerima HDZ ima ve\u0107inu i u \u017dupanijskoj skup\u0161tini Vukovarsko-srijemske \u017eupanije.<\/p>\n\n\n\n<h4 class=\"wp-block-heading\">HDZ-u Sisa\u010dko-moslava\u010dka \u017eupanija, SDP-u Sisak<\/h4>\n\n\n\n<p>22:55<\/p>\n\n\n\n<p>U Sisku se, nakon izbornih rezultata, slavilo u dva sto\u017eera &#8211; HDZ-ovom zbog pobjede njihovog kandidata Ivana Celjaka za sisa\u010dko-moslava\u010dkog \u017eupana, a u SDP-ovom zbog pobjede Kristine Iki\u0107 Bani\u010dek za gradona\u010delnicu Siska.<br><br>Prema o\u010dekivanju, Celjak je zadr\u017eao prednost iz prvog izbornog kruga ispred protukandidata, nezavisnog Daniela Berdaisa, koji je imao potporu SDP-a.<br><br>&#8211; Jedva \u010dekam da se obave sve formalno-pravni postupci pa da odmah prionem poslu, kako bi bio na usluzi svim stanovnicima Sisa\u010dko-moslava\u010dke \u017eupanije. Prioritet nam je obnova, jer je ova \u017eupanija stradala u Domovinskom ratu, poplavama, klizi\u0161tima i sada u potresu. Moram napomenuti da sam zadovoljan i rezultatom HDZ-a u Petrinji gdje je na\u0161a Magdalena Komes dobila povjerenja gra\u0111ana da u naredne \u010detiri godine vodi taj grad umjesto Darinka Dumbovi\u0107a, rekao je Ivan Celjak.<br><br>Iako je pobjeda Celjaka bila uvjerljiva, Berdais nije bio razo\u010daran rezultratima drugog kruga. &#8220;Bila mi je \u010dast sudjelovati na izborima i upozoriti kako je bilo dosta &#8216;koko\u0161arenja&#8217; s na\u0161om \u017eupanijom. Naime, \u017eupanija je bila ve\u0107 desetak godina zapostavljena i mladi su je napu\u0161tali. Izabranom \u017eupanu Celjaku \u010destitam i poru\u010dujem &#8220;obnova odmah i sada, jer nam to mora biti prioritet&#8221;, zaklju\u010dio je Berdais.<br><br>Pobijediv\u0161i HDZ-ovu kandidatkinju \u017deljku Josi\u0107, Kristina Iki\u0107 Bani\u010dek je osvojila tre\u0107i mandat gradona\u010delnice Siska. Rekla je kako su je bira\u010di nagradili za sve ono \u0161to je radila u proteklih osam godina. \u010cestitala je svima koji su na hrvatski praznik demokracije izabrali novo-staro vodstvo grada.<br><br>&#8211; Pozivam Vladu RH da sve pozive za boljom komunikacijom s gradom Siskom, napokon po\u010dne i ostvarivati, a sugra\u0111ane da se ve\u0107 od sutra uklju\u010de u obnovu na\u0161eg ranjenog grada i nastavak svih zacrtanih projekata za naredne \u010detiri godine. Nadam se suradnji s novim vodstvom \u017eupanije, koje ve\u0107 jednom mora shvatiti da je Sisak glavni grad i sredi\u0161te \u017eupanije, jer bez razvijenog Siska nema ni razvijene \u017eupanije, rekla je Iki\u0107 Bani\u010dek.<br><br>Iako nije prikupila dovoljno glasova za pobjedu, \u017deljka Josi\u0107 je izrazila zadovoljstvo \u0161to se veliki broj gra\u0111ana izjasnio za promjene. &#8220;Na\u017ealost, u kampanji sam bila hendikepirana jer me korona deset dana prisilila na samoizolaciju, ali \u0161to ka\u017eu na\u0161i stari, sve ima svoj razlog za\u0161to se ne\u0161to doga\u0111a. Nastavljam rad kao dr\u017eavna tajnica prema planu rada za ovu godinu i pomagat \u0107emo svima bez obzira na strana\u010dke boje&#8221;, rekla je Josi\u0107.<\/p>\n\n\n\n<h4 class=\"wp-block-heading\">U Karlova\u010dkoj \u017eupaniji sve HDZ-ove liste odnijele pobjedu<\/h4>\n\n\n\n<p>21:55<\/p>\n\n\n\n<p>Gra\u0111ani Karlova\u010dke \u017eupanije odabrali su kandidate HDZ-a na svim listama drugog kruga, za \u017eupana, gradona\u010delnike Karlovca i Ozlja, te na\u010delnika Josipdola.<br><br>Martinu Furdek Hajdin (HDZ) je u drugom krugu postala \u017eupanica, pobijediv\u0161i SDP-ovog Stjepana Mikulandri\u0107a s 21.353 glasa prema 17.186 glasova.<br><br>U prvom je krugu Furdek Hajdin osvojila 46,2 posto glasova, a Mikulandri\u0107 32,8 posto.<br><br>Arhitektica Furdek Hajdin je prije \u010detiri godine izabrana za zamjenicu \u017eupana Damira Jeli\u0107a (HDZ), zadnju godinu mandata je obna\u0161ala du\u017enost \u017eupanice, nakon \u0161to je Jeli\u0107 dao ostavku i napustio politiku.<br><br>Novoizabrana \u017eupanica \u0107e u \u017dupanijskoj skup\u0161tini imati apsolutnu ve\u0107inu svoje stranke HDZ.<br><br>Novo\/stari gradona\u010delnik Karlovca je Damir Mandi\u0107 koji je osvojio 10.383 glasa i pobijedio nezavisnog Davora Petra\u010di\u0107a koji je imao potporu SDP-a, osvojiv\u0161i 8489 glasova.<br><br>Karlova\u010dki bira\u010di gradona\u010delnika su birali gotovo identi\u010dno kao i 2017., tada su tako\u0111er u drugi krug u\u0161li HDZ-ov kandidat Damir Mandi\u0107 i nezavisni Petra\u010di\u0107, te je pobjeda Mandi\u0107a bila tijesna.<br><br>U Ozlju je nova gradona\u010delnica Lidija Bo\u0161njak, nezavisna kandidatkinja s potporom HDZ-a koja je osvojila 1365 glasova, dok je SDP-ova suparnica Biserka Vrani\u0107 dobila 1261 glas.<br><br>Bo\u0161njak je bila gradska pro\u010delnica i jedna od najbliskijih suradnica aktualne gradona\u010delnice Ozlja Gordane Lip\u0161ini\u0107 koja je na pro\u0161lim izborima tako\u0111er kao nezavisna kandidatkinja imala potporu HDZ-a.<br><br>U Josipdolu je Dragan Rudan\u010di\u0107 (HDZ) s 1023 glasa pobijedio dugogodi\u0161njeg na\u010delnika Josipa Mihaljevi\u0107a koji je dobio 722 glasa.<br><br>Predsjednica \u017eupanijske organizacije HDZ-a Nada Murgani\u0107 izjavila je da je HDZ ne\u0107e iznevjeriti bira\u010de od kojih su dobili povjerenje. &#8220;Zadovoljni smo jer je HDZ zadr\u017eao vodstvo u \u017eupaniji, Karlovcu i drugim sredinama&#8221;, kazala je.&nbsp;<\/p>\n\n\n\n<h4 class=\"wp-block-heading\">Novi \u0161ibensko-kninski \u017eupan Jeli\u0107: Ljudi su \u017eeljeli promjene<\/h4>\n\n\n\n<p>21:52<\/p>\n\n\n\n<p>Nezavisni Marko Jeli\u0107, novi \u0161ibensko-kninski \u017eupan u nedjelju nave\u010der zahvalio se svih bira\u010dima koju su iza\u0161li na izbore i ocijenio da su ljudi \u017eeljeli promjene, &#8220;jer su nakon toliko godina osjetili da vi\u0161e nema ni vizije ni smjera za budu\u0107nost&#8221;.<br><br>&#8211; A mi smo im ponudili ono \u0161to smo primijenili ovdje u Kninu u zadnje \u010detiri godine. Zahvaljujem se svima i u Kninu \u0161to su izabrali Marija \u0106a\u0107i\u0107a i Kristinu Peri\u0107a za nastavak upravljanja gradom. Zahvaljujem se nezavisnim na\u010delnicima Pirovca, Tribunja, Murtera, zatim i Stipi Petrini iz Primo\u0161tena. Ovo je velika stvar, imamo priliku promijeniti na\u0161u \u017eupaniju, a samim tim i dr\u017eavu nabolje &#8211; rekao je Jeli\u0107, novi \u017eupan, a donedavni kninski gradona\u010delnik.<br><br>Upitan \u0161to \u0107e mu biti prvi potez kad preuzme vlast u \u017eupaniji, Jeli\u0107 je odgovorio: &#8220;Ono \u0161to cijelo vrijeme govorim jest da svi moramo biti jednaki, \u017eupanijska uprava \u0107e, kad preuzmem du\u017enost, biti jednaka za sve&#8221;.<br><br>Jednako \u0107e se pona\u0161ati i dr\u017eat \u0107e se rokova, kao \u0161to se i kninska uprava dr\u017ei. Tako da svako tko do\u0111e u \u017eupaniju mo\u017ee o\u010dekivati jednak tretman sukladan zakonu.<br><br>&#8211; Drugo, sazvat \u0107u sve na\u010delnike i gradona\u010delnike, barem jednom u dva mjeseca, da zajedno koordiniramo projekte od interesa jedinica lokalne samouprave, a samim tim i \u017eupanije, i da ih zajedno guramo prema dr\u017eavi i europskim fondovima, rekao je Jeli\u0107.<br><br>Predsjednik \u0161ibensko-kninskog HDZ-a Nediljko Duji\u0107 \u010destitao je u nedjelju nave\u010der Marku Jeli\u0107u na pobjedi, a \u010destitkama se pridru\u017eio i Jeli\u0107ev protukandidat dosada\u0161nji \u017eupan Goran Pauk (HDZ).<br><br>Duji\u0107 je \u010destitao i HDZ ovim gradona\u010delnicima- \u0160ibenika \u017deljku Buri\u0107u i Vodica Anti Cukrovu te na\u010delnici Rogoznice Mariji Mladini\u0107.<br><br>Pauk se pridru\u017eio \u010destitkama. &#8220;Sve o \u0161to je Nediljko rekao mogu samo ponoviti. Na\u017ealost, dogodilo se ono \u0161to sam o\u010dekivao da bi se moglo dogoditi, pobjeda Marka Jeli\u0107a je potpuno zaslu\u017eena i ja mu \u010destitam i \u017eelim puno sre\u0107e i uspjeha u daljnjem vo\u0111enju \u017eupanije. Te\u0161ko mi je govoriti \u0161to je presudilo. Tu je jedan trendovski val ru\u0161enja onih koji su dugo tu. Ja sam dugo tu i HDZ je dugo na vlasti u \u017eupaniji, rekao je Pauk .<br><br>Jeli\u0107 je pobijedio sa 60,87 posto osvojenih glasova dok je Pauk dobio 39,13 posto glasova.&nbsp;<\/p>\n\n\n\n<h4 class=\"wp-block-heading\">\u0160timac: Bit \u0107emo ozbiljan \u010dimbenik na politi\u010dkoj sceni<\/h4>\n\n\n\n<p>21:47<\/p>\n\n\n\n<p>Nezavisni kandidat za rije\u010dkog gradona\u010delnika Davor \u0160timac \u010destitao je nakon objave privremenih rezultata drugog kruga lokalnih izbora pobjedu svom protukandidatu Marku Flipovi\u0107u (SDP), poru\u010div\u0161i da \u0107e ljudi s njegove liste biti ozbiljan \u010dimbenik na politi\u010dkoj sceni.<br><br>&#8211; Bit \u0107emo ozbiljan \u010dimbenik na rije\u010dkoj i \u017eupanijskoj politi\u010dkoj sceni, rekao je \u0160timac dodav\u0161i da su do\u0161li do kraja epizode, koja je zapravo po\u010detak neke nove epizode.<br><br>&#8211; Napravili smo novu pri\u010du, zato \u0161to volimo Rijeku i \u017eelimo da ona bude bolja&#8221;, rekao je i zahvalio svima koji su bili dio njegova \u017eivota u proteklih pet mjeseci, volonterima i ljudima na listama, obitelji, gra\u0111anima.<br><br>U\u0161li smo u drugi krug, pobijedili mnoge stranke i u finalu do\u0161li do toga da mo\u017eemo biti zadovoljni, rekao je i \u010destitao Filipovi\u0107u i SDP-u.<br><br>&#8211; Poku\u0161at \u0107emo pomo\u0107i na\u0161im konstruktivnim idejama da na\u0161 grad bude bolji, najavio je \u0160timac i dodao da mu je \u017eao \u0161to je na izbore iza\u0161lo manje od o\u010dekivanog broja ljudi te se nada da \u0107e ih idu\u0107ih godina iza\u0107i barem 50 posto.<br><br>Prema privremenim rezultatima drugog kruga lokalnih izbora i obra\u0111enih 94,05 posto glasova, kandidat koalicije SDP-HSU-IDS-HSS Filipovi\u0107 osvojio je 17.785 glasova, dok je za \u0160timca glasalo 14.601 bira\u010da.<br><br>U izborima za rije\u010dko Gradsko vije\u0107e najvi\u0161e glasova dobila je koalicija SDP, HSU, IDS, HSS &#8211; 28,05 posto.<br><br>HDZ s nositeljem liste Josipom Ostrogovi\u0107em dobio je 16,3 posto, a kandidacijska lista grupe bira\u010da s nositeljem Davorom \u0160timcem 11,11 posto.<br><br>U Gradsko vije\u0107e u\u0161li su i predstavnici Mosta (10,38 posto), zatim PGS-a i Laburista s 8,62 posto, Mo\u017eemo! i Nove ljevice sa 7,64 posto te predstavnici Akcije mladih, Unije Kvarnera i Alternative 101 s 5,58 posto.<\/p>\n\n\n\n<h4 class=\"wp-block-heading\">U drugom krugu izabrano osam novih \u017eupana, a sedam je potvrdilo svoju poziciju<\/h4>\n\n\n\n<p>21:47<\/p>\n\n\n\n<p>Hrvatska nakon drugog kruga lokalnih izbora dobiva osam \u017eupana, me\u0111u njima i Grad Zagreb koji ima status \u017eupanije, dok je sedam dosada\u0161njih \u017eupana potvrdilo svoje pozicije prema neslu\u017ebenim rezultatima drugog kruga lokalnih izbora u nedjelju.<br><br>Dosada\u0161nji \u017eupani Radimir \u010ca\u010di\u0107, Damir Bajs, Goran Pauk i Darko Milinovi\u0107 izgubili su mjesta \u017eupana u svojim \u017eupanijama.<br><br>\u0160estero \u017eupana izabrano je prije dva tjedna u prvom krugu i to Antonija Jozi\u0107 (HDZ\/HSU) u Po\u017ee\u0161ko-slavonskoj \u017eupaniji, Igor Andrilovi\u0107 (HDZ\/HSLS) u Viroviti\u010dko-podravskoj, Ivan Anu\u0161i\u0107 (HDZ i partneri) u Osje\u010dko-baranjskoj, Danijel Maru\u0161i\u0107 (HDZ i partneri) u Brodsko-posavskoj, \u017deljko Kolar (SDP\/HSS\/HSU) u Krapinsko-zagorskoj \u017eupaniji i Matija Posavec (nezavisni) u Me\u0111imurskoj \u017eupaniji.<br><br>Me\u0111u novim \u010delnicima \u017eupanija su dvije \u017eene, uz Jozi\u0107 tu je i Martina Furdek-Hajdin (HDZ\/HSLS).<br><br>HDZ je samostalno dobio 13 \u017eupana, a dao je podr\u0161ku Korenu i Ko\u017ei\u0107u. SDP je osvojio dva mjesta \u017eupana, po jedno IDS i Platforma Mo\u017eemo! (Grad Zagreb). Dva \u017eupana izabrani su kao nezavisni kandidati &#8211; Posavec i Jeli\u0107.<br><br>Nakon obra\u0111enih vi\u0161e od 98 posto glasova Stjepan Ko\u017ei\u0107 (HDZ, SKNL, Stranka rada i solidarnosti, HSU, HSLS, HNS) ponovno osvaja mjesto \u017eupana Zagreba\u010dke \u017eupanije s osvojenih 54,48 posto a pobijedio je Mihaela Zmajlovi\u0107a (SDP, HSS) koji je dobio 45,52 posto.<br><br>I Zlatko Komadina (SDP, PGS, IDS, HSU, HSS) sa osvojio 57,89 posto glasova ostaje \u017eupan Primorsko-goranske \u017eupanije nakon \u0161to se u drugom krugu izbora su\u010delio sa Garijem Cappellijem (HDZ, HSLS) koji je dobio 42,11 posto.<br><br>HDZ je zadr\u017eao Karlova\u010dku \u017eupaniju, a ovoga puta je pobjednica Martina Furdek-Hajdin (HDZ, HSLS) sa 62,07 posto, dok je njezin protukandidat Stjepan Mikulandri\u0107 (SDP, HSS) osvojio 37,93 glasova.<br><br>U Li\u010dko-senjskoj \u017eupaniji do\u0161lo je do promjene &#8211; Ernest Petry (HDZ, HSS, HSU, HBS) novi je \u017eupan s osvojenih 54,01 posto dok je njegov protukandidat dosada\u0161nji \u017eupan Darko Milinovi\u0107 dobio 45,99 posto glasova.<br><br>U Istarskoj \u017eupaniji \u017eupan ostaje Boris Mileti\u0107 (IDS, ISU-PIP, Zeleni) s osvojenih 50,16 posto glasova dok je njegov Danijel Feri\u0107 (SDP) osvojio 49,84 posto.<br><br>U \u0160ibensko-kninskoj \u017eupaniji do\u0161lo je do promjene te je novi \u017eupan Marko Jeli\u0107 (NL) s osvojenih 60,96 posto, a pobijedio je Gorana Pauka (HDZ) koji je osvojio je 39,04 posto glasova.<br><br>Dosada\u0161nji Koprivni\u010dko-kri\u017eeva\u010dki \u017eupan Darko Koren (Mre\u017ea, HDZ) ostaje \u017eupan s dobivenih 51,22 posto, a iza sebe je ostavio Mladena Ke\u0161era (SDP, HSLS, GLAS) koji je osvojio 48,78 posto.<br><br>U Bjelovarsko-bilogorskoj \u017eupaniji dosada\u0161nji \u017eupan Damir Bajs (NL, HSU, SU, BUZ, Demokrati, Reformisti, NSH, GLAS, HSS Bra\u0107e Radi\u0107, HSS) izgubio je sa osvojenih 42,38 posto glasova od novog \u017eupana Marka Maru\u0161i\u0107a (HDZ, HSLS) koji je dobio 57,62 posto glasova.<br><br>U Zadarskoj \u017eupaniji Bo\u017eidar Longin (HDZ, HSP, SU, Reformisti) ostaje \u017eupan s osvojenih 52,43 posto glasova a pobijedio je Ivicu \u017duvelu (NL) koji je odbio 47,57 posto.<br><br>I dosada\u0161nji \u017eupan Vara\u017edinske \u017eupanije Radimir \u010ca\u010di\u0107 (Reformisti, Umirovljenici) izgubio je poziciju \u017eupana sa dobivenih 48,34 posto glasova, a novi je \u017eupan An\u0111elko Stri\u010dak (HDZ, HSLS, HSU) koji je dobio 51,66 posto glasova.<br><br>U Sisa\u010dko-moslava\u010dkoj \u017eupaniji novi je \u017eupan Ivan Celjak (HDZ, HSLS, HSS, HSP, HKS, HNS, HSU) koji je dobio 72,15 posto dok je Daniel Berdais (SDP, Centar, Laburisti, HDRS, Zelena alternativa &#8211; ORah) dobio 27,85 posto.<br><br>Damir Dekani\u0107 (HDZ) pobijedio je sa 56,79 posto glasova Josipa Dabru (NL) koji je dobio 43,21 glasova te je postao novi \u017eupan Vukovarsko-srijemske \u017eupanije.<br><br>Bira\u010di Splitsko-dalmatinske \u017eupanije ponovno su za \u017eupana izabrali Bla\u017eenka Bobana (HDZ) koji je osvojio 60,43 posto dok je njegov potukandidat Ranko Ostoji\u0107 (SDP) osvojio 39,57 posto.<br><br>Dosada\u0161nji \u017eupan Dubrova\u010dko-neretvanske \u017eupanije Nikola Dobroslavi\u0107 (HDZ) ostaje \u017eupan s osvojenih 52,23 posto a pobijedio je Bo\u017eu Petrova (Most) za kojega je glasovalo 47,77 posto bira\u010da.<br><br>U Zagrebu, koji ima i status \u017eupanije, pobijedio je Tomislav Toma\u0161evi\u0107 (Mo\u017eemo! i partneri) osvojiv\u0161i 65,29 posto glasova bira\u010da u drugom krugu lokalnih izbora te je premo\u0107no pobijedio Miroslava \u0160koru (DP, Zelena lista) koji je dobio 34,71 posto.<\/p>\n\n\n\n<h4 class=\"wp-block-heading\">Zadar: Vu\u010deti\u0107 \u010destitao Duki\u0107u pobjedu<\/h4>\n\n\n\n<p>21:49<\/p>\n\n\n\n<p>Kandidat za gradona\u010delnika koalicije Srcem za Zadar Marko Vu\u010deti\u0107 \u010destitao je u nedjelju svom protukandidatu Branku Duki\u0107u iz HDZ-a na pobjedi u drugom krugu lokalnih izbora.<br><br>&#8211; Demokracija nije propu\u0161tanje rezultata kroz vlastite osje\u0107aje, nego prihva\u0107anje. Ovim putem \u010destitam Branu Duki\u0107u i gra\u0111anima, ali i onima koji su birali mene, rekao je Vu\u010deti\u0107.<br><br>Obe\u0107avam im ono \u0161to sam rekao u prvom krugu i \u0161to me motiviralo za ulazak &#8211; demokracija nije pobjeda ni poraz nego demokratski \u017eivot. U tom \u017eivotu \u0107u sudjelovati \u010detiri godine kao vije\u0107nik, politi\u010dki aktivist i onaj koji \u0107e podizati gra\u0111ansku svijest. Dok imamo izlaznost na izborima manju od 40 posto, ne mo\u017eemo biti zadovoljni, rekao je Vu\u010deti\u0107.<br><br>Dodao je kako su gra\u0111ani koji su iza\u0161li na izbore u prvom krugu isto tako odabrali da HDZ nema ve\u0107inu u Gradskom vije\u0107u.<br><br>&#8211; Registriram \u010dinjenicu da oni koji su iza\u0161li na birali\u0161ta \u017eele da Branko Duki\u0107 vodi ovaj grad. Nezavisna lista Enija Me\u0161trovi\u0107a, koja ostaje nezavisna, ima sedmero vije\u0107nika, na\u0161a oporbena lista osmero i jasno je da imamo ili oporbenu ve\u0107inu ili nove izbore ili u najgorem slu\u010daju novu prijevaru bira\u010da, kazao je.<br><br>Ne idemo na ru\u0161enje gradona\u010delnika, jer se on ru\u0161i na prora\u010dunu. Mi \u0107emo u Gradskom vije\u0107u imati priliku mijenjati prora\u010dun, donositi druk\u010diji prora\u010dun, poru\u010dio je.<br><br>Na novinarski upit \u0161to je odlu\u010dilo izbore u Zadru, rekao je kontrola bira\u010dkog tijela.<br><br>Zadar je grad koji je u ve\u0107inskom dijelu poslodavac mnogim gra\u0111anima koji nemaju pravi birati svoga kandidata. Oni na birali\u0161ta moraju iza\u0107i, \u017eive od \u010detiri ili pet tisu\u0107a kuna i zbog toga su se smjestili u rovovski polo\u017eaj onih koji ne mogu birati kako ho\u0107e, nego kako im poslodavac ka\u017ee.<br><br>&#8211; To nisu gra\u0111ani koji su slobodno birali, nego gra\u0111ani koji su na radnome mjestu morali davati potpise za gradona\u010delnika, ustvrdio je Vu\u010deti\u0107.<\/p>\n\n\n\n<h4 class=\"wp-block-heading\">\u0160koro: Predstavljamo svjetlo demokr\u0161\u0107anstva i konzervativizma, \u010destitam Toma\u0161evi\u0107u<\/h4>\n\n\n\n<p>21:30<\/p>\n\n\n\n<p>&#8211; Mi smo stranka koja je mlada, imamo svoj put, ono \u0161to je va\u017eno za re\u0107i, na ovoj na\u0161oj politi\u010dkoj sceni predstavljamo svjetlo demokr\u0161\u0107anstva i konzervativizma, rekao je Miroslav \u0160koro nakon prvih rezultata DIP-a.<br><br>&#8211; \u017delim \u010destitati svima koji su iza\u0161li u drugi krug, posebice onima koji svoj glas dali meni, to je preko 105 000 glasova, da su ovo parlamentarni izbori to bi zna\u010dilo da smo samo u Zagrebu osvojili 14 mandata.<br><br>Tako\u0111er \u017eelim \u010destitati gospodinu Tomislavu Toma\u0161evi\u0107u i znam da mu ne\u0107e biti lako, jer situacija u Zagrebu je takva kakva je, dodaje.<\/p>\n\n\n\n<h4 class=\"wp-block-heading\">HDZ-ov Stri\u010dak novi \u017eupan Vara\u017edinske \u017eupanije<\/h4>\n\n\n\n<p>21:40<\/p>\n\n\n\n<p>Novi \u017eupan Vara\u017edinske \u017eupanije je HDZ-ov An\u0111elko Stri\u010dak koji je, prema neslu\u017ebenim rezultatima Dr\u017eavnog izbornog povjerenstva, nakon 100 posto obra\u0111enih mjesta dobio 28.002 glasova bira\u010da, a njegov protukandidat, dosada\u0161nji \u017eupan Radimir \u010ca\u010di\u0107, 26.181 glas.<br><br>Stri\u010dak, kojeg su u kandidaturi podr\u017eali HSLS i HSU, pobjedu je nazvao povijesnom.<br><br>Nastavljamo istim tempom. Na prvom mjestu su nam investicije, \u017eelimo da se u Vara\u017edinskoj \u017eupaniji svi dobro osje\u0107aju, svaki na\u0161 gra\u0111anin, pripadnici nacionalnih manjina, stranci na privremenom radu, kazao je Stri\u010dak.<br><br>Rekao je kako je dosad kao zastupnik u Hrvatskome saboru dobro sura\u0111ivao sa svim na\u010delnicima i gradona\u010delnicima u Vara\u017edinskoj \u017eupaniji.<br><br>Nikada niste \u010duli rije\u010di primjedbe da nije bilo suradnje ili sli\u010dno. To je smjer kojim nastavljam dalje. Do sada smo igrali za klubove, a od sutra igramo za reprezentaciju zvanu Vara\u017edinska \u017eupanija, poru\u010dio je Stri\u010dak.<br><br>Dodao je kako je sura\u0111ivao sa svima koji su bili spremni za suradnju pa smatra kako su to bira\u010di prepoznali. Rezultat ga stoga nije iznenadio. Ipak, trebat \u0107e se priviknuti, zaklju\u010dio je Stri\u010dak.<br><br>Radimir \u010ca\u010di\u0107, kandidat Reformista i Umirovljenika, vjerojatno se nije nadao ovakvom ishodu jer je nakon objave rezultata rekao da su ankete Reformista pokazivale razliku od pet posto u njegovu korist.<br><br>Mi smo naviknuti na tijesne rezultate, veseli nas u drugom krugu izbora da smo pobijedili u dvije velike op\u0107ine, Trnovec i Jal\u017eabet. Izlaznost je mala, ali demokracija je demokracija, bez obzira kakva je izlaznost vi morate pobijediti, ka\u017ee \u010ca\u010di\u0107.<\/p>\n\n\n\n<h4 class=\"wp-block-heading\">Radi\u0107 (HDZ): Pobjeda je uvjerljiva, ali nema mjesta euforiji<\/h4>\n\n\n\n<p>21:29<\/p>\n\n\n\n<p>HDZ-ov kandidat za osje\u010dkog gradona\u010delnika Ivan Radi\u0107 izjavio je u nedjelju kako je ostvario uvjerljivu pobjedu, ali nema mjesta euforiji, te obe\u0107ao da \u0107e odmah nakon primopredaje vlasti krenuti na posao i realizaciju najavljenih projekata.<br><br>Prema privremenim neslu\u017ebenim rezultatima Gradskog izbornog povjerenstva, prikupljenih sa svih od 117 bira\u010dkih mjesta, Radi\u0107 je dobio 15.526 glasova, a nezavisni kandidat Berislav Mlinarevi\u0107, kojeg podupiru Domovinski pokret i Most, 9241 posto glasova.<br><br>U izjavi novinarima u izbornom sto\u017eeru HDZ-a Radi\u0107 je istaknuo kako je pobjedu ostvario s velikom razlikom, ali nema mjesta euforiji jer Osijek nema vremena za \u010dekanje.<br><br>&#8211; \u010cuo sam se s gradona\u010delnikom Ivicom Vrki\u0107em, \u010dim prije \u0107emo obaviti primopredaju, krenuti na posao i pokrenuti grad, kao \u0161to sam govorio u kampanji. Osijek mora biti prava slavonska metropola i pokreta\u010d razvoja Slavonije, rekao je Radi\u0107.<br><br>S obzirom da HDZ s partnerima ima ve\u0107inu i u osje\u010dkom Gradskom vije\u0107u, Radi\u0107 isti\u010de kako je to bitno zbog stabilnosti, ali i da se \u010dim prije po\u010dne pripremati prva sjednica Vije\u0107a.<br><br>Zahvalio je svim bira\u010dima koji su iza\u0161li na izbore, neovisno o tome za koga su glasovali, te \u010destitao protukandidatu Mlinarevi\u0107u na ostvarenom rezultatu.<br><br>Pozivam sve vije\u0107nike u Gradskom vije\u0107u da budemo konstruktivni i predla\u017eemo dobre projekte, a kao gradona\u010delnik \u0107u biti uklju\u010div i prihvatit \u0107u sve dobre projekte kako bi napravili najbolje za na\u0161 grad, poru\u010dio je Radi\u0107.<br><br>Najavio je kako \u0107e, nakon primopredaje, prvo odr\u017eati sastanak sa svim pro\u010delnicima gradskih upravnih odjela i direktorima gradskih javnih poduze\u0107a, vidjeti koji su projekti u postupku, \u0161to se planira, te na temelju novih projekata pokrenuti grad.<\/p>\n\n\n\n<h4 class=\"wp-block-heading\">Filipovi\u0107 pobjednik drugog kruga gradona\u010delni\u010dkih izbora u Rijeci<\/h4>\n\n\n\n<p>21:22<\/p>\n\n\n\n<p>Prema prvim neslu\u017ebenim rezultatima drugog kruga izbora, gradona\u010delnik Rijeke u sljede\u0107e \u010detiri godine bit \u0107e Marko Filipovi\u0107 (SDP).<br><br>Prema rezultatima izbora s obra\u0111enih 94 posto bira\u010dkih mjesta, kandidat koalicije SDP-HSU-IDS-HSS osvaja oko 55 posto glasova, a njegov protukandidat, nezavisni Davor \u0160timac 45 posto.<br><br>Filipovi\u0107 je u izjavi novinarima izrazio zadovoljstvo rezultatima, poru\u010duju\u0107i da je &#8220;Rijeka dokazala da socijaldemokracija stanuje u Rijeci, da je stanovala i da \u0107e stanovati \u0107e u naredne \u010detiri godine&#8221;.<br><br>Upitan nudi li kakve promjene u odnosu na prethodnika odgovorio je kako je &#8220;ovo definitivno promjena&#8221;. &#8220;Ja sam Marko Filipovi\u0107, zahvaljujem se Vojku Obersnelu na 21 godinu obrane socijaldemokratskih vrijednosti u Rijeci.<br><br>Istaknuo je da \u0107e me\u0111u prvim projektima koje \u0107e po\u010deti ostvarivati biti gradnja dva nova vrti\u0107a, 1000 novih stanova i otvaranje Rijeke moru.<br><br>Upitan o sastavljanju ve\u0107ine u Gradskom vije\u0107u, istaknuo je da pregovori traju od zaklju\u010denja prvog kruga izbora te da njegova koalicija nastavlja razgovore sa svima od centra prema lijevo.<br><br>&#8211; Siguran sam da \u0107emo u idu\u0107im tjednima formirati ve\u0107inu i konstituirati Gradsko vije\u0107e te izabrati predsjednika i nastaviti raditi u novom ritmu u sljede\u0107e \u010detiri godine.<br><br>Zahvalio se svima koji su iza\u0161li na izbore i \u010destitao protukandidatu na ostvarenom rezultatu.<\/p>\n\n\n\n<h4 class=\"wp-block-heading\">Bori\u0107: Ne \u010dude me rezultati, protukandidati su vodili opasnu kampanju<\/h4>\n\n\n\n<p>21:20<\/p>\n\n\n\n<p>Saborska zastupnica Nove ljevice&nbsp;<strong>Rada Bori\u0107&nbsp;<\/strong>kazala je u nedjelju da je ne \u010dudi \u010dinjenica da je Toma\u0161evi\u0107 dobio do sada najve\u0107u potporu bira\u010da u Zagrebu, istaknuv\u0161i da su protukandidati vodili opasnu hu\u0161ka\u010dku kampanju.<br><br>Situacija od prije dva tjedna se nije promijenila \u0161to se ti\u010de na\u0161e kampanje i samog kandidata Toma\u0161evi\u0107a, koji je uporno govorio ne samo o problemima, nego i rje\u0161enjima za probleme Zagreba, za razliku od protukandidata Miroslava \u0160kore koji se bavio nikad vi\u0111enim, posebice u lokalnim kampanjama, prljavom kampanjom, kazala je Bori\u0107 za Hinu iz sto\u017eera Mo\u017eemo!.<br><br>Prema rezultatima Dr\u017eavnog izbornog povjerenstva u 21 sat, Tomislav Toma\u0161evi\u0107 osvojio je 197.845 glasova na izborima za gradona\u010delnika Zagreba, \u0161to je do sada najve\u0107i broj glasova, vi\u0161e i od podr\u0161ke koju je pokojni gradona\u010delnik Milan Bandi\u0107 dobio 2013. godine.<br><br>Bori\u0107 je o\u0161tro osudila kampanju protukandidata Domovinskog pokreta Miroslava \u0160kore, koji je od gra\u0111ana Zagreba dobio upola manju potporu i stala u obranu civilnog dru\u0161tva.<br><br>Bilo je izuzetno opasno, nekakva vrsta &#8216;orbanizacije&#8217; civilnog dru\u0161tva i napad na civilno dru\u0161tvo koje je transparentno pokazivalo svoje izvje\u0161taje. \u017dalosti me da je bila takva kampanja, kazala je.<br><br>Bori\u0107 je potvrdila da nakon lokalnih izbora, ne\u0107e zadr\u017eati poziciju zastupnice u Hrvatskom saboru.<br><br>Bit \u0107u zastupnica u Skup\u0161tini, ali \u0107u iza\u0107i iz Sabora. Mislim da je sada zna\u010dajnije pokazati to iskustvo koje imamo u funkcioniranju Skup\u0161tine, poru\u010dila je te izrazila je nadu da \u0107e u Gradskoj skup\u0161tini u redovima oporbe vidjeti i kandidate Domovinskog pokreta.<br><br>Ja se samo nadam da \u0107e njegovi zastupnici biti prisutni u Skup\u0161tini. Iako \u0107emo imati stabilnu ve\u0107inu, za velike projekte \u017eelimo konsenzus i sa budu\u0107om opozicijom, pa se nadam da \u0107e i \u0160koro, Hasanbegovi\u0107 i Lederer biti tamo i raspravljati o tim kapitalnim projektima za Zagreb i imati kreativne prijedloge, poru\u010dila je.<\/p>\n\n\n\n<h4 class=\"wp-block-heading\">Jandrokovi\u0107: HDZ pobijedio u 15 od 20 \u017eupanija<\/h4>\n\n\n\n<p>21:17<\/p>\n\n\n\n<p>Predsjednik Hrvatskog sabora i \u010dlan Predsjedni\u0161tva HDZ-a Gordan Jandrokovi\u0107 izrazio je u nedjelju zadovoljstvo rezultatom lokalnih izbora istaknuv\u0161i da su HDZ-ovi kandidati pobijedili u 15 od 20 \u017eupanija.<br><br>&#8211; \u017delio bih iskazati zadovoljstvo rezultatom lokalnih izbora i drugim krugom jer su brojke vrlo pozitivne za HDZ. Pobijedili smo u 15 od 20 \u017eupanija, rekao je Jandrokovi\u0107 novinarima u Sredi\u0161njici HDZ-a.<br><br>Istaknuo je kako su posebice zadovoljni pobjedama u Bjelovarsko-bilogorskoj \u017eupaniji, iz koje i on potje\u010de, te Li\u010dko-senjskoj \u017eupaniji. Naglasio je da su u HDZ-u &#8220;posebno ponosni i pozitivno iznena\u0111eni&#8221; pobjedom An\u0111elka Stri\u010daka u Vara\u017edinskoj \u017eupaniji.<br><br>Jandrokovi\u0107 je rekao da su od \u010detiri velika grada izgubili Split, ali su pobijedili u Osijeku, \u0161to je velika pobjeda Ivana Radi\u0107a.<br><br>Ka\u017ee kako su obranili svih pet slavonskih \u017eupanija, dok su na dalmatinskom podru\u010dju izgubili \u0160ibensko-kninsku \u017eupaniju. No, pobijedili su u Dubrova\u010dko-neretvanskoj \u017eupaniji, Splitsko-dalmatinskoj i Zadarskoj \u017eupaniji.<br><br>Tako\u0111er, obranili su gradove &#8211; Zadar, \u0160ibenik, Dubrovnik, Karlovac i Karlova\u010dku \u017eupaniju.<br><br>&#8211; Vrlo smo zadovoljni rezultatima i vjerujem da \u0107e u kona\u010dnici broj \u017eupanija, gradova i op\u0107ina biti na razini, mo\u017eda \u010dak i ne\u0161to bolje, nego 2017. godine, rekao je Jandrokovi\u0107.<\/p>\n\n\n\n<h4 class=\"wp-block-heading\">Nakon afere &#8220;Kaj bi ti \u0161tel biti?&#8221; &#8211; \u0160imuni\u0107 postao gradona\u010delnik Oroslavja<\/h4>\n\n\n\n<p>21:13<\/p>\n\n\n\n<p>Kandidat grupe bira\u010da Viktor \u0160imuni\u0107, \u0161iroj javnosti poznat jer je u aferi &#8220;Kaj bi ti \u0161tel biti?&#8221; objavio audio snimku iz koje proizlazi da mu je HDZ nudio protuuslugu u zamjenu za podr\u0161ku na lokalnim izborima, pobijedio je u drugom krugu izbora za gradona\u010delnika Oroslavja.<br><br>\u0160imuni\u0107 je s 1456 osvojenih glasova pobijedio aktualnog gradona\u010delnika Emila Gredi\u010daka (HDZ, HSU,HSLS) koji je osvojio 1224 glasa.<br><br>Obra\u0111ena su sva bira\u010dka mjesta, njih sedam, objavio je DIP.<br><br>Krajem sije\u010dnja u medijima je objavljena snimka razgovora biv\u0161eg predsjednika Krapinsko-zagorskog HDZ-a \u017darka Tu\u0161eka te Gredi\u010daka s \u0160imuni\u0107em, tada nezavisnim vije\u0107nikom.<br><br>Iz tog razgovora, koji je \u0160imuni\u0107 snimio, proizlazi da su Tu\u0161ek i Gredi\u010dak nudili \u0160imuni\u0107u protuuslugu u zamjenu za njegovu podr\u0161ku na lokalnim izborima.<br><br>\u0160imuni\u0107 je o cijelom slu\u010daju dao i iskaz Uskoku.<\/p>\n\n\n\n<h4 class=\"wp-block-heading\">Penava obranio mjesto gradona\u010delnika Vukovara<\/h4>\n\n\n\n<p>21:12<\/p>\n\n\n\n<p>Ivan Penava ostaje gradona\u010delnikom Vukovara nakon \u0161to je u drugom krugu lokalnih izbora pobijedio HDZ-ovog Nikolu Ma\u017eara.<br><br>&#8211; Gra\u0111ani Vukovara rekli su svoje i opredjelili se za program koji sam im ponudio. Nastavljam raditi u korist Vukovara i gra\u0111ana ovoga grada. Nastavljamo s projektima jer \u017eelimo jo\u0161 ljep\u0161i Vukovar, s novim radnim mjestima i zadovoljnim gra\u0111anima, kratko je kazao Ivan Penava.<br><br>Prema privremenim i neslu\u017ebenim rezultatima za Penavu, koji je pro\u0161le godine napustio HDZ te je u izbornu utrku za drugi gradona\u010delni\u010dki mandat u\u0161ao kao nezavisni uz podr\u0161ku Hrvatskih suverenista, Hrvatske konzervativne stranke i Domovinskog pokreta, glasovalo je 5392 glasa\u010da. HDZ-ov Nikola Ma\u017ear dobio je glasove 4529 vukovarskih glasa\u010da.<br><br>Iako je obranio mjesto gradona\u010delnika, za ve\u0107inu u Gradskom vije\u0107u Vukovara Nezavisnoj listi Ivan Penava nedostaje jedno vije\u0107ni\u010dko mjesto. Penava ima devet vije\u0107nika, HDZ pet, SDSS dva, a po jednog vije\u0107nika imaju Nezavisna lista \u017deljko Sabo, Demokratski savez Srba i Koalicija HNS-HSS-ANU-HSLS.<\/p>\n\n\n\n<h4 class=\"wp-block-heading\">Ljerka Cividini nova gradona\u010delnica \u010cakovca<\/h4>\n\n\n\n<p>21:12<\/p>\n\n\n\n<p>Ljerka Cividini, kandidatkinja HNS-a, Nezavisne liste Matije Posavca, Demokrata, HSLS-a i HDSS-a nova je gradona\u010delnica \u010cakovca koja je u nedjelju u drugom krugu lokalnih izbora pobijedila dosada\u0161njeg gradona\u010delnika Stjepana Kova\u010da (SDP).<br><br>Prema neslu\u017ebenim rezultatima, u drugom krugu lokalnih izbora Cividini je nakon obra\u0111enih svih bira\u010dkih mjesta dobila 5.617 glasova bira\u010da, a njezin protukandidat, SDP-ov Stjepan Kova\u010d 4.141 glas.<br><br>Zahvaliv\u0161i svim bira\u010dima koji su, kako je rekla, prepoznali njihov program i \u017eelju za promjenom u gradu \u010cakovcu, Cividini je istaknula da s radom po\u010dinje ve\u0107 u ponedjeljak, uz maksimalno zalaganje za bolji razvoj grada i svih prigradskih naselja.<br><br>Grad \u010cakovec broji 13 prigradskih naselja koja zahtijevaju dodatna ulaganja, od infrastrukture, oborinske odvodnje, ulaganja u domove. Ima puno potreba koje smo slu\u0161ali od gra\u0111ana i nadam se da \u0107emo u idu\u0107e godine barem djelomi\u010dno mo\u0107i rije\u0161iti njihovu problematiku, rekla je Cividini te dodala da je sastav Gradskog vije\u0107a na njihovoj strani.<br><br>Na razini Grada \u010cakovca i Me\u0111imurske \u017eupanije po prvi je put jedinstvena opcija i Cividini vjeruje kako \u0107e suradnja Grada i \u017dupanije sada biti daleko bolja.<br><br>Suradnja s gospodinom Posavcem bila je korektna i kroz moju ulogu ravnateljice \u017dUC-a i vjerujem da \u0107e nam pomo\u0107i u startnim, pozicijama i odlukama koje \u0107emo morati donositi za grad, istaknula je Cividini.<br><br>Njezin protukandidat Kova\u010d koji je u\u0161ao u Gradsko vije\u0107e na listi SDP-a ponudio joj je suradnju, a Cividini je rekla da ne\u0107e biti zatvorena za bilo kakve dobre ideje ili suradnju.<br><br>\u010cestitav\u0161i Ljerki Cividini na pobjedi, Kova\u010d joj je po\u017eelio uspjeh u vo\u0111enju Grada.<br><br>Vjerujem da \u0107e i dalje grad biti najpo\u017eeljniji i najbolji grad za \u017eivot u Hrvatskoj. Mi stojimo za suradnju, za bilo kakvu pomo\u0107, savjet, kritiku, tu smo tako i dalje \u0107emo biti ovdje u gradu, rekao je Kova\u010d.<br><br>Na strana\u010dkim tijelima \u0107emo analizirati rezultate imamo hvala Bogu vremena za to da se poslo\u017eimo, konsolidiramo i da idemo u nove pobjede, zaklju\u010dio je Kova\u010d.<\/p>\n\n\n\n<h4 class=\"wp-block-heading\">Marko Maru\u0161i\u0107 novi je bjelovarsko-bilogorski \u017eupan<\/h4>\n\n\n\n<p>21:04<\/p>\n\n\n\n<p>Kandidat HDZ-a i HSLS-a Marko Maru\u0161i\u0107 novi je \u017eupan Bjelovarsko-bilogorske \u017eupanije koji je prema neslu\u017ebenim podacima, nakon 99 posto obra\u0111enih bira\u010dkih mjesta osvojio 19.415 glasova dok je za njegova protukandidata dosada\u0161njeg \u017eupana Damira Bajsa glasovalo 14.065 bira\u010da.<br><br>\u017delim biti \u017eupan svih gra\u0111ana bez obzira na politi\u010dke boje i svjetonazor. Hvala stranci i na\u0161im partnerima, gradona\u010delnicima i na\u010delnicima koji su mi dali potporu i veselim se suradnji. Samo zajedni\u010dkom suradnjom \u017eupana, gradona\u010delnika i na\u010delnika zajedno s Vladom mo\u017eemo maknuti \u017eupaniju iz dru\u0161tva najnerazvijenijih, rekao je Maru\u0161i\u0107. Zahvalio je dosada\u0161njem \u017eupanu Bajsu na svemu \u0161to je napravio za Bjelovarsko-bilogorsku \u017eupaniju.<br><br>Maru\u0161i\u0107 je 36-godi\u0161nji diplomirani ekonomist i predstojnik Podru\u010dnog ureda Bjelovar Hrvatskog zavoda za mirovinsko osiguranje, a \u010dlan je HDZ-a od 18-te godine \u017eivota.<\/p>\n\n\n\n<h4 class=\"wp-block-heading\">Budali\u0107 ponovno gradona\u010delnik Imotskoga<\/h4>\n\n\n\n<p>20:47<\/p>\n\n\n\n<p>HDZ-ov Ivan Budali\u0107 osvojio je novi mandat gradona\u010delnika Imotskoga, potvr\u0111uju podaci Dr\u017eavnog izbornog povjerenstva (DIP).<br><br>Podaci sa svih devet bira\u010dkih mjesta pokazuju da je Budali\u0107 dobio glasove 2 578 bira\u010da, a njegov protukandidat nezavisni Bruno Rebi\u0107 njih 1 876.<br><br>Na izbore se odazvalo 51, 05 posto bira\u010da, odnosno njih 4 543 od ukupno 8 906.<\/p>\n\n\n\n<h4 class=\"wp-block-heading\">DIP o Vukovaru, Vara\u017edinu, Dubrovniku i Sisku<\/h4>\n\n\n\n<p>20:19<\/p>\n\n\n\n<p>Prema privremenim rezultatima DIP-a, u drugom krugu izbora aktualni gradona\u010delnik Vukovara, nekada\u0161nji HDZ-ovac, sada nezavisni, Ivan Penava vodi u srazu s HDZ-ovim Nikolom Ma\u017earom, dok u Vara\u017edinu SDP-ov Neven Bosilj vodi ispred aktualnog gradona\u010delnika Ivana \u010cehoka.<br><br>Prema podacima DIP-a u 20.10 sati, Penava vodi s 4542 glasova, dok njegov biv\u0161i strana\u010dki kolega Ma\u017ear ima 3982 glasova. Obra\u0111eno je 28 od 32 bira\u010dka mjesta.<br><br>SDP-ov Neven Bosilj u Vara\u017edinu, ima 3956 glasova, a aktualni gradona\u010delnik, nezavisni Ivan \u010cehok ima 3321 glasova. Obra\u0111eno je 24 od 51 bira\u010dkog mjesta.<br><br>U Dubrovniku aktualni gradona\u010delnik, HDZ-ov Mate Frankovi\u0107 ima 2189 glasova, a Pero Vi\u0107an iz DDS-a ima 1424 glasova. Obra\u0111eno je 18 od 52 bira\u010dka mjesta.<br><br>U Sisku se za novi mandat natje\u010de SDP-ova Kristina Iki\u0107 Bani\u010dek koja s 3597 glasova tijesno vodi ispred HDZ-ove \u017deljke Josi\u0107 koja ima 3540 glasova. Obra\u0111eno je 29 od 69 bira\u010dkih mjesta.<br><br>U Zadru Branko Duki\u0107 (HDZ, HSP, SU, Reformisti) vodi s 4153, a Marko Vu\u010deti\u0107 (SDP, AM, HSS,Glas, Centar) 3533 glasova. Obra\u0111eno je 29 od 71 bira\u010dkog mjesta.<br><br>Kandidat grupe bira\u010da, Filip Zori\u010di\u0107 u izborima za gradona\u010delnika Pule s 5366 glasa vodi ispred IDS-ove Helene Puh Belci koja ima 4079 glasova. Obra\u0111eno je 28 od 51 bira\u010dkog mjesta.<\/p>\n\n\n\n<h4 class=\"wp-block-heading\">SDP zadovoljan, Filipovi\u0107 izgledan novi gradona\u010delnik Rijeke<\/h4>\n\n\n\n<p>20:13<\/p>\n\n\n\n<p>Nakon objave izlaznih anketa za drugi krug lokalnih izbora u \u010detiri najve\u0107a grada, koji su pokazali da SDP-ov Marko Filipovi\u0107 vodi u utrci za gradona\u010delnika Rijeke, u SDP-u su izrazili zadovoljstvo rezultatima jer o\u010dekuju da \u0107e zadr\u017eati sve sredine koje su imali i dobiti neke nove.<br><br>Potpredsjednica SDP-a&nbsp;<strong>Sabina Glasovac&nbsp;<\/strong>izjavila je da su zadovoljni izlaznim anketama koje govore da je njihov kandidat Marko Filipovi\u0107 izgledan budu\u0107i gradona\u010delnik Rijeke.<br><br>&#8211; To mi je posebno drago jer vidimo da je u Hrvatskoj na nacionalnoj razini svojevrsna smjena generacija, a Filipovi\u0107 je sigurno pripadnik te generacije. Brojni na\u0161i gradona\u010delnici, na\u010delnici i \u017eupani su pripadnici nove generacije politi\u010dara za koje vjerujem da \u0107e se na\u0107i i na nacionalnoj razini. Drago mi je da smo u prvom krugu na dosta podru\u010dja opravdali povjerenje iz prethodnog mandata, rekla je Glasovac.<br><br>O\u010dekujemo da \u0107emo zadr\u017eati povjerenje gra\u0111ana svugdje gdje smo ga imali, pri \u010demu posebno potenciram Sisak i \u010cakovec, ali i da dobijemo povjerenje gdje do sada nismo imali prilike upravljati. Rije\u010d je o dosta sredina u Splitsko-dalmatinskoj, Zagreba\u010dkoj, Istarskoj i drugim \u017eupanijama, ali i u Zadru, Vara\u017edinu i drugdje, poru\u010dila je.<br><br>Na pitanje \u0161to u SDP-u slijedi nakon izbora, Glasovac je odgovorila &#8220;sutra je novi dan&#8221;. &#8220;Mi smo velika stranka, pro\u0161li smo puno izbora, ima i ugodnih iznena\u0111enja i neugodnih povrataka u stvarnost, no, bitno je s njima se suo\u010diti i iz njih ne\u0161to nau\u010diti, nije to ni\u0161ta katastrofalno&#8221;, kazala je.<br><br><strong>Filipovi\u0107 potvrdio da Rijeka cijeni socijaldemokraciju<\/strong><strong><br><\/strong><br>I politi\u010dka tajnica SDP-a i na\u010delnica Omi\u0161lja&nbsp;<strong>Mirela Ahmetovi\u0107&nbsp;<\/strong>ustvrdila je da su za SDP izlazne ankete o\u010dekivane. &#8220;U \u010dak tri od \u010detiri grada lijevo-liberalna opcija je prihvatljivija bira\u010dima. Drago nam je, \u0161to smo i o\u010dekivali, da je Filipovi\u0107 potvrdio da je Rijeka slobodan, tolerantan grad koji cijeni socijaldemokraciju i koji je sklon birati konkretno i dati povjerenje novoj, mladoj energiji&#8221;, istaknula je Ahmetovi\u0107.<br><br>Dodala je kako &#8220;nikakvi kandidati iza kojih stoje neke \u010dudne tvorevine u Rijeci ne prolaze&#8221;, ma koliko se ti kandidati poku\u0161avali distancirati od nekih konzervativnijih opcija, nisu uspjeli.<br><br>&#8211; Filipovi\u0107, za kojeg su govorili da nije prepoznatljiv, u zadnja dva dogradona\u010delni\u010dka mandata stekao je prepoznatljivost uz gradona\u010delnika Vojka Obersnela. Sada je na njemu da Rijeci udahne novu energiju i omogu\u0107i joj novi uzlet, to o\u010dekujemo od njega, ustvrdila je politi\u010dka tajnica SDP-a.<br><br><\/p>\n\n\n\n<p>U sjedi\u0161tu SDP-a u izbornoj ve\u010deri pojavila se ve\u0107ina \u010dlanova Predsjedni\u0161tva stranke i kandidati koji su izbore rije\u0161ili ve\u0107 u prvom krugu. Do\u0161ao je i kandidat stranke za gradona\u010delnika Zagreba Jo\u0161ko Klisovi\u0107, a unato\u010d tome \u0161to rezultati izbora ne pokazuju bitan iskorak SDP-a, raspolo\u017eenje je dobro.<\/p>\n\n\n\n<h4 class=\"wp-block-heading\">Bartulica: \u010cekat \u0107emo do kraja objavu kona\u010dnih rezultata<\/h4>\n\n\n\n<p>20:13<\/p>\n\n\n\n<p><strong>Stijepo Bartulica<\/strong>&nbsp;(Domovinski pokret) nakon objave prvih izlaznih anketa izbora za zagreba\u010dkog gradona\u010delnika po kojima Miroslav \u0160koro uvjerljivo gubi od Tomislava Toma\u0161evi\u0107a rekao je kako \u0107e \u010dekati do kraja objavu kona\u010dnih rezultata.<br><br>Dodao je kako je protukandidat zeleno-lijeve koalicije Toma\u0161evi\u0107 bio favorit izbora dugog kruga.<br><br>&#8211; Imao je velik vjetar u le\u0111a, nezahvalno je biti izaziva\u010d, razlika je bila prili\u010dno velika, vidjet \u0107emo na kraju koliko smo je smanjili, rekao je predsjednik Kluba zastupnika Domovinskog pokreta Bartulica.<br><br>No, kako god \u017eelimo da se stvari u Zagrebu promijene, upozoravat \u0107emo i dalje na one ideje za koje mislimo da su \u0161tetne. \u010cesto govorim iz najdubljeg uvjerenja da socijalisti svugdje obe\u0107avaju, ali na\u017ealost, isporu\u010duju &#8220;pakao&#8221;, ustvrdio je Bartulica.<br><br>&#8211; Ne o\u010dekujem da \u0107e se stvari brzo promijeniti u Zagrebu i osobno mislim da \u0107e do\u0107i do otrije\u017enjenja mnogih ljudi, dodao je.<br><br>Upitan je li taj pakao, primjerice, &#8220;lezbijski sindikalizam&#8221;, Bartulica je rekao kako ne bi sada ulazio u to, nego govori o ekonomskim iskustvima drugih zemlja od \u0160panjolske sve do Venezuele.<br><br>Na razini ideja ne vjerujem da su oni (Mo\u017eemo!) rje\u0161enje za grad, to je zapakirano u zelenoj politici, ali zapravo se, po meni, radi o starim ve\u0107 potro\u0161enim idejama tak da smo mi tek na po\u010detku, no to nas ne\u0107e obeshrabriti, poru\u010dio je Bartulica. Svjesni smo situacije pa i medijskog okru\u017eenja koje nije nama bilo sklono, dodao je.<br><br>Na tvrdnju iz sto\u017eera Mo\u017eemo da su izgubili jer su vodili hu\u0161ka\u010dku kampanju, nasuprot njihove pozitivne koja je nudila rje\u0161enja, Bartulica je rekao kako bi to zna\u010dilo da su iznena\u0111eni izlaznim anketama i o\u010dekivali pobjedu Domovinskog pokreta.<br><br>Ne, mislim da je to kriva teza, mo\u017ee ispasti malo nezahvalno \u0161to smo morali iznositi te podatke, rekao je napominju\u0107i kako njegova udruga nije primila ni jednu kunu iz gradskog ili dr\u017eavnog prora\u010duna, nego malu bazu dobro\u010dinitelja.<br><br>&#8211; Mogu samo zamisliti kako bi mi bilo da sam imao milijunske donacije pa i malu vojsku zaposlenih ljudi, dok su drugi profesionalni aktivisti. Mislim da je legitimno na to ukazati, istaknuo je Bartulica.<br><br>Odgovaraju\u0107i na upit o podr\u0161ci HDZ-ovh bira\u010da rekao je da \u0107e se vidjeti u analizi \u0161to se doga\u0111alo, no da je \u010dinjenica kako je ljevica imala korist od toga \u0161to je jedinstvenija od desne stranke politi\u010dkog spektra. Smatra kako su izjave HDZ-ova predsjednika Andreja Plenkovi\u0107a podosta odudarale od mi\u0161ljenja obi\u010dnih \u010dlanova.<\/p>\n\n\n\n<h4 class=\"wp-block-heading\">Ivo\u0161evi\u0107: Predizborna anketa nikad nije dala toliku prednost jednom kandidatu -Puljku<\/h4>\n\n\n\n<p>21:12<\/p>\n\n\n\n<p>Kandidat Centra za gradona\u010delnika Splita Ivica Puljak je prema izlaznim anketama osvojio 59,78 posto, protukandidat Vice Mihanovi\u0107 (HDZ) 40,22 posto, a kandidat za Puljkovog zamjenika Bojan Ivo\u0161evi\u0107 je rekao da se ne sje\u0107a kad je neka predizborna anketa dala toliku prednost jednom kandidatu.<br><br>Komentiraju\u0107i izlazne ankete&nbsp;<strong>Bojan Ivo\u0161evi\u0107<\/strong>&nbsp;je novinarima rekao da ipak treba&#8221; pri\u010dekati slu\u017ebene rezultate Dr\u017eavnog izbornog povjerenstva (DIP) prije stvarnog slavlja.<br><br>&#8211; Ovo je vrlo lijepa prednost prema izlaznim anketama. Vjerovao sam u ovaj grad i gra\u0111ane da unato\u010d svemu \u0161to je izgovoreno protiv nas da gra\u0111ani znaju tko smo i \u0161to smo, kao i \u0161to predstavljamo, kakve vrijednosti zastupamo, kakav grad \u017eelimo vidjeti i da \u0107e oni to nagraditi, rekao je Ivo\u0161evi\u0107.<br><br>Nastavio je da \u0107e tek rezultati izbora pokazati jesu li ih gra\u0111ani prepoznali ili ne.<br><br>Saborska zastupnica Centra&nbsp;<strong>Dalija Ore\u0161kovi\u0107<\/strong>&nbsp;je izjavila kako je Split grad koji bi po mnogo \u010demu trebao biti primjer drugim gradovima Dalmacije. Rekla je da se gra\u0111ani polako okre\u0107u novim vrijednostima, politi\u010darima koji donose neku novu kvalitetu i druga\u010diji sadr\u017eaj. To su svi oni glasa\u010di koji su bili nezadovoljni politi\u010dkom trgovinom i korupcijom koja je rastakala javno dobro, dobre vrijednosti Splita i sve ono \u0161to se desetlje\u0107ima slijevalo iz javnih prora\u010duna u privatne d\u017eepove.<br><br>&#8211; To su ljudi koji \u017eele da grad Split krene dalje, da to bude grad iz kojeg na\u0161i gra\u0111ani ne\u0107e odlaziti nego grad u koji \u0107e se na\u0161i ljudi vra\u0107ati, grad koji ima itekako puno kroz svoju povijest i vrijednosti i dobrih, marljivih ljudi koji naprosto mogu Hrvatskoj donijeti jedan preokret. Mislim da je u Splitu, a tako i u drugim velikim gradovima do\u0161lo do preokreta, do jednog trenda koji tra\u017ei nove, zdrave, progresivne, politi\u010dke snage koje \u0107e zasukati rukave i primiti se posla, te stvoriti novu vrijednost za sve gra\u0111ane, izjavila je Ore\u0161kovi\u0107.<br><br>U Splitsko-dalmatinskoj \u017eupaniji je do 16.30 sati, po informacijama iz DIP- a, iza\u0161lo 28,85 posto glasa\u010da.<br><br>U sto\u017eeru&nbsp;<strong>Ivice Puljka<\/strong>, koji je u samom sredi\u0161tu Splita kod zgrade HNK, puno je \u010dlanova, simpatizera i gra\u0111ana. Gradona\u010delni\u010dki kandidat Ivica Puljak se u sto\u017eeru o\u010dekuje oko 22 sata nakon \u0161to budu objavljeni slu\u017ebeni podaci.<\/p>\n\n\n\n<h4 class=\"wp-block-heading\">Obistine li se izlazne ankete, SDP je ostvario svoj glavni cilj u Rijeci<\/h4>\n\n\n\n<p>20:45<\/p>\n\n\n\n<p>Obistine li se izlazne ankete, SDP je ostvario svoj glavni cilj. Vojko Obersnel je oti\u0161ao, ali Rijeka im je ostala.<br><br>&#8211; Ako govorimo o \u010detiri glavna grada, naravno da potpisujemo razultate izlaznih anketa. Izvrstan rezultat Marka Filipovi\u0107a i Rijeka ostaje bastion socijaldemokracije, rekla je Mirela Ahmetovi\u0107, politi\u010dka tajnica SDP-a, u Dnevniku HTV-a.<\/p>\n\n\n\n<p>Uop\u0107e ne sumnjamo u Primorsko-goransku \u017eupaniju i \u010dinjenicu da \u0107e Zlatko Komadina ostati na\u0161 \u017eupana, dodala je Ahmetovi\u0107 istaknuv\u0161i kako izlazne ankete pokazuju da gra\u0111ani najve\u0107e povjerenje daju lijevo liberalnim opcijama.<\/p>\n\n\n\n<p>&#8211; To \u0107e se potvrditi i u Rijeci i u Primorsko-goranskoj \u017eupaniji gdje \u0107e SDP obna\u0161ati du\u017enosti gradona\u010delnika i \u017eupana, zaklju\u010dila je Ahmetovi\u0107.<\/p>\n\n\n\n<p>Izvor:hrt.hr<\/p>\n","protected":false},"excerpt":{"rendered":"<p>Po podacima Dr\u017eavnog izbornog povjerenstva, na lokalnim izborima u nedjelju u Zagrebu pobje\u0111uje Tomislav Toma\u0161evi\u0107 (Mo\u017eemo), u Splitu Ivica Puljak (Centar), u Rijeci Marko Filipovi\u0107 (SDP) te u Osijeku Ivan Radi\u0107 (HDZ). U Zagrebu su obra\u0111ena sva glasa\u010dka mjesta, a prema podacima DIP-a pobje\u0111uje kandidat platforme Mo\u017eemo i partnera Tomislav Toma\u0161evi\u0107 sa 65,25 posto glasova [&hellip;]<\/p>\n","protected":false},"author":2,"featured_media":26703,"comment_status":"closed","ping_status":"closed","sticky":false,"template":"","format":"standard","meta":{"h5ap_radio_sources":[],"footnotes":""},"categories":[1],"tags":[],"class_list":["post-26702","post","type-post","status-publish","format-standard","has-post-thumbnail","hentry","category-bihiregija"],"yoast_head":"<!-- This site is optimized with the Yoast SEO plugin v27.5 - https:\/\/yoast.com\/product\/yoast-seo-wordpress\/ -->\n<title>Veliki gradovi izabrali nove gradona\u010delnike - RADIO LJUBU\u0160KI<\/title>\n<meta name=\"robots\" content=\"index, follow, max-snippet:-1, max-image-preview:large, max-video-preview:-1\" \/>\n<link rel=\"canonical\" href=\"https:\/\/radioljubuski.ba\/index.php\/2021\/05\/30\/veliki-gradovi-izabrali-nove-gradonacelnike\/\" \/>\n<meta property=\"og:locale\" content=\"hr_HR\" \/>\n<meta property=\"og:type\" content=\"article\" \/>\n<meta property=\"og:title\" content=\"Veliki gradovi izabrali nove gradona\u010delnike - RADIO LJUBU\u0160KI\" \/>\n<meta property=\"og:description\" content=\"Po podacima Dr\u017eavnog izbornog povjerenstva, na lokalnim izborima u nedjelju u Zagrebu pobje\u0111uje Tomislav Toma\u0161evi\u0107 (Mo\u017eemo), u Splitu Ivica Puljak (Centar), u Rijeci Marko Filipovi\u0107 (SDP) te u Osijeku Ivan Radi\u0107 (HDZ). U Zagrebu su obra\u0111ena sva glasa\u010dka mjesta, a prema podacima DIP-a pobje\u0111uje kandidat platforme Mo\u017eemo i partnera Tomislav Toma\u0161evi\u0107 sa 65,25 posto glasova [&hellip;]\" \/>\n<meta property=\"og:url\" content=\"https:\/\/radioljubuski.ba\/index.php\/2021\/05\/30\/veliki-gradovi-izabrali-nove-gradonacelnike\/\" \/>\n<meta property=\"og:site_name\" content=\"RADIO LJUBU\u0160KI\" \/>\n<meta property=\"article:publisher\" content=\"https:\/\/www.facebook.com\/Radiio-Ljubuski-1490835324566332\" \/>\n<meta property=\"article:published_time\" content=\"2021-05-30T20:54:21+00:00\" \/>\n<meta property=\"article:modified_time\" content=\"2021-05-30T20:54:22+00:00\" \/>\n<meta property=\"og:image\" content=\"https:\/\/radioljubuski.ba\/wp-content\/uploads\/2021\/05\/gradonacelnici.jpg\" \/>\n\t<meta property=\"og:image:width\" content=\"800\" \/>\n\t<meta property=\"og:image:height\" content=\"500\" \/>\n\t<meta property=\"og:image:type\" content=\"image\/jpeg\" \/>\n<meta name=\"author\" content=\"Radio Ljubu\u0161ki\" \/>\n<meta name=\"twitter:card\" content=\"summary_large_image\" \/>\n<meta name=\"twitter:creator\" content=\"@radioljubuski\" \/>\n<meta name=\"twitter:site\" content=\"@radioljubuski\" \/>\n<meta name=\"twitter:label1\" content=\"Napisao\/la\" \/>\n\t<meta name=\"twitter:data1\" content=\"Radio Ljubu\u0161ki\" \/>\n\t<meta name=\"twitter:label2\" content=\"Procijenjeno vrijeme \u010ditanja\" \/>\n\t<meta name=\"twitter:data2\" content=\"30 minuta\" \/>\n<script type=\"application\/ld+json\" class=\"yoast-schema-graph\">{\"@context\":\"https:\\\/\\\/schema.org\",\"@graph\":[{\"@type\":\"Article\",\"@id\":\"https:\\\/\\\/radioljubuski.ba\\\/index.php\\\/2021\\\/05\\\/30\\\/veliki-gradovi-izabrali-nove-gradonacelnike\\\/#article\",\"isPartOf\":{\"@id\":\"https:\\\/\\\/radioljubuski.ba\\\/index.php\\\/2021\\\/05\\\/30\\\/veliki-gradovi-izabrali-nove-gradonacelnike\\\/\"},\"author\":{\"name\":\"Radio Ljubu\u0161ki\",\"@id\":\"https:\\\/\\\/radioljubuski.ba\\\/#\\\/schema\\\/person\\\/19fc700381a780f69665d7956c469e3b\"},\"headline\":\"Veliki gradovi izabrali nove gradona\u010delnike\",\"datePublished\":\"2021-05-30T20:54:21+00:00\",\"dateModified\":\"2021-05-30T20:54:22+00:00\",\"mainEntityOfPage\":{\"@id\":\"https:\\\/\\\/radioljubuski.ba\\\/index.php\\\/2021\\\/05\\\/30\\\/veliki-gradovi-izabrali-nove-gradonacelnike\\\/\"},\"wordCount\":7359,\"publisher\":{\"@id\":\"https:\\\/\\\/radioljubuski.ba\\\/#organization\"},\"image\":{\"@id\":\"https:\\\/\\\/radioljubuski.ba\\\/index.php\\\/2021\\\/05\\\/30\\\/veliki-gradovi-izabrali-nove-gradonacelnike\\\/#primaryimage\"},\"thumbnailUrl\":\"https:\\\/\\\/radioljubuski.ba\\\/wp-content\\\/uploads\\\/2021\\\/05\\\/gradonacelnici.jpg\",\"articleSection\":[\"BIH i regija\"],\"inLanguage\":\"hr\"},{\"@type\":\"WebPage\",\"@id\":\"https:\\\/\\\/radioljubuski.ba\\\/index.php\\\/2021\\\/05\\\/30\\\/veliki-gradovi-izabrali-nove-gradonacelnike\\\/\",\"url\":\"https:\\\/\\\/radioljubuski.ba\\\/index.php\\\/2021\\\/05\\\/30\\\/veliki-gradovi-izabrali-nove-gradonacelnike\\\/\",\"name\":\"Veliki gradovi izabrali nove gradona\u010delnike - RADIO LJUBU\u0160KI\",\"isPartOf\":{\"@id\":\"https:\\\/\\\/radioljubuski.ba\\\/#website\"},\"primaryImageOfPage\":{\"@id\":\"https:\\\/\\\/radioljubuski.ba\\\/index.php\\\/2021\\\/05\\\/30\\\/veliki-gradovi-izabrali-nove-gradonacelnike\\\/#primaryimage\"},\"image\":{\"@id\":\"https:\\\/\\\/radioljubuski.ba\\\/index.php\\\/2021\\\/05\\\/30\\\/veliki-gradovi-izabrali-nove-gradonacelnike\\\/#primaryimage\"},\"thumbnailUrl\":\"https:\\\/\\\/radioljubuski.ba\\\/wp-content\\\/uploads\\\/2021\\\/05\\\/gradonacelnici.jpg\",\"datePublished\":\"2021-05-30T20:54:21+00:00\",\"dateModified\":\"2021-05-30T20:54:22+00:00\",\"breadcrumb\":{\"@id\":\"https:\\\/\\\/radioljubuski.ba\\\/index.php\\\/2021\\\/05\\\/30\\\/veliki-gradovi-izabrali-nove-gradonacelnike\\\/#breadcrumb\"},\"inLanguage\":\"hr\",\"potentialAction\":[{\"@type\":\"ReadAction\",\"target\":[\"https:\\\/\\\/radioljubuski.ba\\\/index.php\\\/2021\\\/05\\\/30\\\/veliki-gradovi-izabrali-nove-gradonacelnike\\\/\"]}]},{\"@type\":\"ImageObject\",\"inLanguage\":\"hr\",\"@id\":\"https:\\\/\\\/radioljubuski.ba\\\/index.php\\\/2021\\\/05\\\/30\\\/veliki-gradovi-izabrali-nove-gradonacelnike\\\/#primaryimage\",\"url\":\"https:\\\/\\\/radioljubuski.ba\\\/wp-content\\\/uploads\\\/2021\\\/05\\\/gradonacelnici.jpg\",\"contentUrl\":\"https:\\\/\\\/radioljubuski.ba\\\/wp-content\\\/uploads\\\/2021\\\/05\\\/gradonacelnici.jpg\",\"width\":800,\"height\":500},{\"@type\":\"BreadcrumbList\",\"@id\":\"https:\\\/\\\/radioljubuski.ba\\\/index.php\\\/2021\\\/05\\\/30\\\/veliki-gradovi-izabrali-nove-gradonacelnike\\\/#breadcrumb\",\"itemListElement\":[{\"@type\":\"ListItem\",\"position\":1,\"name\":\"Po\u010detna stranica\",\"item\":\"https:\\\/\\\/radioljubuski.ba\\\/\"},{\"@type\":\"ListItem\",\"position\":2,\"name\":\"Veliki gradovi izabrali nove gradona\u010delnike\"}]},{\"@type\":\"WebSite\",\"@id\":\"https:\\\/\\\/radioljubuski.ba\\\/#website\",\"url\":\"https:\\\/\\\/radioljubuski.ba\\\/\",\"name\":\"Radio Ljubu\u0161ki\",\"description\":\"Sun\u010dana frekvencija Hercegovine\",\"publisher\":{\"@id\":\"https:\\\/\\\/radioljubuski.ba\\\/#organization\"},\"potentialAction\":[{\"@type\":\"SearchAction\",\"target\":{\"@type\":\"EntryPoint\",\"urlTemplate\":\"https:\\\/\\\/radioljubuski.ba\\\/?s={search_term_string}\"},\"query-input\":{\"@type\":\"PropertyValueSpecification\",\"valueRequired\":true,\"valueName\":\"search_term_string\"}}],\"inLanguage\":\"hr\"},{\"@type\":\"Organization\",\"@id\":\"https:\\\/\\\/radioljubuski.ba\\\/#organization\",\"name\":\"Radio Ljubu\u0161ki\",\"url\":\"https:\\\/\\\/radioljubuski.ba\\\/\",\"logo\":{\"@type\":\"ImageObject\",\"inLanguage\":\"hr\",\"@id\":\"https:\\\/\\\/radioljubuski.ba\\\/#\\\/schema\\\/logo\\\/image\\\/\",\"url\":\"https:\\\/\\\/radioljubuski.ba\\\/wp-content\\\/uploads\\\/2021\\\/02\\\/cropped-Radio_Ljubuski_logo1.jpg\",\"contentUrl\":\"https:\\\/\\\/radioljubuski.ba\\\/wp-content\\\/uploads\\\/2021\\\/02\\\/cropped-Radio_Ljubuski_logo1.jpg\",\"width\":512,\"height\":512,\"caption\":\"Radio Ljubu\u0161ki\"},\"image\":{\"@id\":\"https:\\\/\\\/radioljubuski.ba\\\/#\\\/schema\\\/logo\\\/image\\\/\"},\"sameAs\":[\"https:\\\/\\\/www.facebook.com\\\/Radiio-Ljubuski-1490835324566332\",\"https:\\\/\\\/x.com\\\/radioljubuski\",\"https:\\\/\\\/hr.linkedin.com\\\/company\\\/radio-ljubuski\",\"https:\\\/\\\/www.youtube.com\\\/channel\\\/UCHYaeO_n0Db3tjNGudGpXyw\"]},{\"@type\":\"Person\",\"@id\":\"https:\\\/\\\/radioljubuski.ba\\\/#\\\/schema\\\/person\\\/19fc700381a780f69665d7956c469e3b\",\"name\":\"Radio Ljubu\u0161ki\"}]}<\/script>\n<!-- \/ Yoast SEO plugin. -->","yoast_head_json":{"title":"Veliki gradovi izabrali nove gradona\u010delnike - RADIO LJUBU\u0160KI","robots":{"index":"index","follow":"follow","max-snippet":"max-snippet:-1","max-image-preview":"max-image-preview:large","max-video-preview":"max-video-preview:-1"},"canonical":"https:\/\/radioljubuski.ba\/index.php\/2021\/05\/30\/veliki-gradovi-izabrali-nove-gradonacelnike\/","og_locale":"hr_HR","og_type":"article","og_title":"Veliki gradovi izabrali nove gradona\u010delnike - RADIO LJUBU\u0160KI","og_description":"Po podacima Dr\u017eavnog izbornog povjerenstva, na lokalnim izborima u nedjelju u Zagrebu pobje\u0111uje Tomislav Toma\u0161evi\u0107 (Mo\u017eemo), u Splitu Ivica Puljak (Centar), u Rijeci Marko Filipovi\u0107 (SDP) te u Osijeku Ivan Radi\u0107 (HDZ). U Zagrebu su obra\u0111ena sva glasa\u010dka mjesta, a prema podacima DIP-a pobje\u0111uje kandidat platforme Mo\u017eemo i partnera Tomislav Toma\u0161evi\u0107 sa 65,25 posto glasova [&hellip;]","og_url":"https:\/\/radioljubuski.ba\/index.php\/2021\/05\/30\/veliki-gradovi-izabrali-nove-gradonacelnike\/","og_site_name":"RADIO LJUBU\u0160KI","article_publisher":"https:\/\/www.facebook.com\/Radiio-Ljubuski-1490835324566332","article_published_time":"2021-05-30T20:54:21+00:00","article_modified_time":"2021-05-30T20:54:22+00:00","og_image":[{"width":800,"height":500,"url":"https:\/\/radioljubuski.ba\/wp-content\/uploads\/2021\/05\/gradonacelnici.jpg","type":"image\/jpeg"}],"author":"Radio Ljubu\u0161ki","twitter_card":"summary_large_image","twitter_creator":"@radioljubuski","twitter_site":"@radioljubuski","twitter_misc":{"Napisao\/la":"Radio Ljubu\u0161ki","Procijenjeno vrijeme \u010ditanja":"30 minuta"},"schema":{"@context":"https:\/\/schema.org","@graph":[{"@type":"Article","@id":"https:\/\/radioljubuski.ba\/index.php\/2021\/05\/30\/veliki-gradovi-izabrali-nove-gradonacelnike\/#article","isPartOf":{"@id":"https:\/\/radioljubuski.ba\/index.php\/2021\/05\/30\/veliki-gradovi-izabrali-nove-gradonacelnike\/"},"author":{"name":"Radio Ljubu\u0161ki","@id":"https:\/\/radioljubuski.ba\/#\/schema\/person\/19fc700381a780f69665d7956c469e3b"},"headline":"Veliki gradovi izabrali nove gradona\u010delnike","datePublished":"2021-05-30T20:54:21+00:00","dateModified":"2021-05-30T20:54:22+00:00","mainEntityOfPage":{"@id":"https:\/\/radioljubuski.ba\/index.php\/2021\/05\/30\/veliki-gradovi-izabrali-nove-gradonacelnike\/"},"wordCount":7359,"publisher":{"@id":"https:\/\/radioljubuski.ba\/#organization"},"image":{"@id":"https:\/\/radioljubuski.ba\/index.php\/2021\/05\/30\/veliki-gradovi-izabrali-nove-gradonacelnike\/#primaryimage"},"thumbnailUrl":"https:\/\/radioljubuski.ba\/wp-content\/uploads\/2021\/05\/gradonacelnici.jpg","articleSection":["BIH i regija"],"inLanguage":"hr"},{"@type":"WebPage","@id":"https:\/\/radioljubuski.ba\/index.php\/2021\/05\/30\/veliki-gradovi-izabrali-nove-gradonacelnike\/","url":"https:\/\/radioljubuski.ba\/index.php\/2021\/05\/30\/veliki-gradovi-izabrali-nove-gradonacelnike\/","name":"Veliki gradovi izabrali nove gradona\u010delnike - RADIO LJUBU\u0160KI","isPartOf":{"@id":"https:\/\/radioljubuski.ba\/#website"},"primaryImageOfPage":{"@id":"https:\/\/radioljubuski.ba\/index.php\/2021\/05\/30\/veliki-gradovi-izabrali-nove-gradonacelnike\/#primaryimage"},"image":{"@id":"https:\/\/radioljubuski.ba\/index.php\/2021\/05\/30\/veliki-gradovi-izabrali-nove-gradonacelnike\/#primaryimage"},"thumbnailUrl":"https:\/\/radioljubuski.ba\/wp-content\/uploads\/2021\/05\/gradonacelnici.jpg","datePublished":"2021-05-30T20:54:21+00:00","dateModified":"2021-05-30T20:54:22+00:00","breadcrumb":{"@id":"https:\/\/radioljubuski.ba\/index.php\/2021\/05\/30\/veliki-gradovi-izabrali-nove-gradonacelnike\/#breadcrumb"},"inLanguage":"hr","potentialAction":[{"@type":"ReadAction","target":["https:\/\/radioljubuski.ba\/index.php\/2021\/05\/30\/veliki-gradovi-izabrali-nove-gradonacelnike\/"]}]},{"@type":"ImageObject","inLanguage":"hr","@id":"https:\/\/radioljubuski.ba\/index.php\/2021\/05\/30\/veliki-gradovi-izabrali-nove-gradonacelnike\/#primaryimage","url":"https:\/\/radioljubuski.ba\/wp-content\/uploads\/2021\/05\/gradonacelnici.jpg","contentUrl":"https:\/\/radioljubuski.ba\/wp-content\/uploads\/2021\/05\/gradonacelnici.jpg","width":800,"height":500},{"@type":"BreadcrumbList","@id":"https:\/\/radioljubuski.ba\/index.php\/2021\/05\/30\/veliki-gradovi-izabrali-nove-gradonacelnike\/#breadcrumb","itemListElement":[{"@type":"ListItem","position":1,"name":"Po\u010detna stranica","item":"https:\/\/radioljubuski.ba\/"},{"@type":"ListItem","position":2,"name":"Veliki gradovi izabrali nove gradona\u010delnike"}]},{"@type":"WebSite","@id":"https:\/\/radioljubuski.ba\/#website","url":"https:\/\/radioljubuski.ba\/","name":"Radio Ljubu\u0161ki","description":"Sun\u010dana frekvencija Hercegovine","publisher":{"@id":"https:\/\/radioljubuski.ba\/#organization"},"potentialAction":[{"@type":"SearchAction","target":{"@type":"EntryPoint","urlTemplate":"https:\/\/radioljubuski.ba\/?s={search_term_string}"},"query-input":{"@type":"PropertyValueSpecification","valueRequired":true,"valueName":"search_term_string"}}],"inLanguage":"hr"},{"@type":"Organization","@id":"https:\/\/radioljubuski.ba\/#organization","name":"Radio Ljubu\u0161ki","url":"https:\/\/radioljubuski.ba\/","logo":{"@type":"ImageObject","inLanguage":"hr","@id":"https:\/\/radioljubuski.ba\/#\/schema\/logo\/image\/","url":"https:\/\/radioljubuski.ba\/wp-content\/uploads\/2021\/02\/cropped-Radio_Ljubuski_logo1.jpg","contentUrl":"https:\/\/radioljubuski.ba\/wp-content\/uploads\/2021\/02\/cropped-Radio_Ljubuski_logo1.jpg","width":512,"height":512,"caption":"Radio Ljubu\u0161ki"},"image":{"@id":"https:\/\/radioljubuski.ba\/#\/schema\/logo\/image\/"},"sameAs":["https:\/\/www.facebook.com\/Radiio-Ljubuski-1490835324566332","https:\/\/x.com\/radioljubuski","https:\/\/hr.linkedin.com\/company\/radio-ljubuski","https:\/\/www.youtube.com\/channel\/UCHYaeO_n0Db3tjNGudGpXyw"]},{"@type":"Person","@id":"https:\/\/radioljubuski.ba\/#\/schema\/person\/19fc700381a780f69665d7956c469e3b","name":"Radio Ljubu\u0161ki"}]}},"_links":{"self":[{"href":"https:\/\/radioljubuski.ba\/index.php\/wp-json\/wp\/v2\/posts\/26702","targetHints":{"allow":["GET"]}}],"collection":[{"href":"https:\/\/radioljubuski.ba\/index.php\/wp-json\/wp\/v2\/posts"}],"about":[{"href":"https:\/\/radioljubuski.ba\/index.php\/wp-json\/wp\/v2\/types\/post"}],"author":[{"embeddable":true,"href":"https:\/\/radioljubuski.ba\/index.php\/wp-json\/wp\/v2\/users\/2"}],"replies":[{"embeddable":true,"href":"https:\/\/radioljubuski.ba\/index.php\/wp-json\/wp\/v2\/comments?post=26702"}],"version-history":[{"count":1,"href":"https:\/\/radioljubuski.ba\/index.php\/wp-json\/wp\/v2\/posts\/26702\/revisions"}],"predecessor-version":[{"id":26704,"href":"https:\/\/radioljubuski.ba\/index.php\/wp-json\/wp\/v2\/posts\/26702\/revisions\/26704"}],"wp:featuredmedia":[{"embeddable":true,"href":"https:\/\/radioljubuski.ba\/index.php\/wp-json\/wp\/v2\/media\/26703"}],"wp:attachment":[{"href":"https:\/\/radioljubuski.ba\/index.php\/wp-json\/wp\/v2\/media?parent=26702"}],"wp:term":[{"taxonomy":"category","embeddable":true,"href":"https:\/\/radioljubuski.ba\/index.php\/wp-json\/wp\/v2\/categories?post=26702"},{"taxonomy":"post_tag","embeddable":true,"href":"https:\/\/radioljubuski.ba\/index.php\/wp-json\/wp\/v2\/tags?post=26702"}],"curies":[{"name":"wp","href":"https:\/\/api.w.org\/{rel}","templated":true}]}}