{"id":26750,"date":"2021-05-30T23:01:52","date_gmt":"2021-05-30T22:01:52","guid":{"rendered":"https:\/\/radioljubuski.ba\/?p=26750"},"modified":"2021-05-30T23:01:54","modified_gmt":"2021-05-30T22:01:54","slug":"budimir-minuta-pola-sata-90-minuta-bit-cu-spreman","status":"publish","type":"post","link":"https:\/\/radioljubuski.ba\/index.php\/2021\/05\/30\/budimir-minuta-pola-sata-90-minuta-bit-cu-spreman\/","title":{"rendered":"Budimir: Minuta, pola sata, 90 minuta&#8230; bit \u0107u spreman"},"content":{"rendered":"\n<p><strong>Pred Antom Budimirom prvo je veliko natjecanje u dresu hrvatske nogometne reprezentacije.<\/strong><\/p>\n\n\n\n<blockquote class=\"twitter-tweet\"><p lang=\"und\" dir=\"ltr\">Ante Budimir po prvi je puta u karijeri na pripremama Vatrenih za jedno veliko natjecanje. Na dana\u0161njoj je presici govorio o konkurenciji u napadu. <a href=\"https:\/\/t.co\/mKVBT4Oasg\">pic.twitter.com\/mKVBT4Oasg<\/a><\/p>&mdash; HRT Sport (@HRTsport) <a href=\"https:\/\/twitter.com\/HRTsport\/status\/1399063747914878977?ref_src=twsrc%5Etfw\">May 30, 2021<\/a><\/blockquote> <script async src=\"https:\/\/platform.twitter.com\/widgets.js\" charset=\"utf-8\"><\/script>\n\n\n\n<p>&#8211; Imao sam priliku biti na standardnim, klasi\u010dnim okupljanima, utakmicama, ali ovo je ne\u0161to druk\u010dije. Biti od 0 do 24 sa suigra\u010dima, sto\u017eerom, sa svom ekipom koja je oko nas je posebno. Tek smo na po\u010detku, jo\u0161 \u0107e trajati. Vremena za upoznavanje ima. Jako se veselim tome.<br><br>Budimir je bio najbolji strijelac Osasune s ukupno 12 golova u svim natjecanjima. Sedam je golova postigao glavom \u010dime je najbolji strijelac Primere u toj kategoriji. Mogao bi biti&nbsp;<strong>Dali\u0107eva&nbsp;<\/strong>opcija u napada\u010dkom dijelu.<br><br>&#8211;&nbsp; Imamo jako puno kvalitetnih igra\u010da u ofenzivnom dijelu. Konkurencija? Svi imamo isti cilj, ho\u0107emo biti na maksimumu, \u017eelimo imati svoj udio u ekipi. Gledam na to da treniram, probam biti u \u0161to boljem izdanju i naravno po\u0161tujemo sve odluke izbornika.<\/p>\n\n\n\n<p>\u0160to o\u010dekuje od nastupa na Europskom prvenstvu?<br><br>&#8211; O\u010dekujem da u\u0111emo u Euro kompaktni, s idejom da znamo \u0161to \u017eelimo. Vjerujem u na\u0161u ekipu, vjerujem da mo\u017eemo pro\u0107i skupinu i nakon toga sva\u0161ta se mo\u017ee desiti. Najbitnije kroz pripreme i pripremne utakmice je da se \u0161to bolje upoznamo i \u0161to bolje izvje\u017ebamo detalje da 13.6. budemo pravi. Tu sam unutar 26 igra\u010da koji imaju privilegiju tu biti. Opet ka\u017eem, nastojim biti spreman, za ono \u0161to me \u010deka da budem pravi. \u0160to je to? Ne znam i ne \u017eelim se zamarati. Minuta, pola sata, 90&#8230; \u017eelim biti spreman za ono \u0161to \u0107e do\u0107i.<\/p>\n\n\n\n<p>Izvor:hrt.hr<\/p>\n","protected":false},"excerpt":{"rendered":"<p>Pred Antom Budimirom prvo je veliko natjecanje u dresu hrvatske nogometne reprezentacije. Ante Budimir po prvi je puta u karijeri na pripremama Vatrenih za jedno veliko natjecanje. Na dana\u0161njoj je presici govorio o konkurenciji u napadu. pic.twitter.com\/mKVBT4Oasg &mdash; HRT Sport (@HRTsport) May 30, 2021 &#8211; Imao sam priliku biti na standardnim, klasi\u010dnim okupljanima, utakmicama, ali [&hellip;]<\/p>\n","protected":false},"author":2,"featured_media":26751,"comment_status":"closed","ping_status":"closed","sticky":false,"template":"","format":"standard","meta":{"h5ap_radio_sources":[],"footnotes":""},"categories":[1],"tags":[],"class_list":["post-26750","post","type-post","status-publish","format-standard","has-post-thumbnail","hentry","category-bihiregija"],"yoast_head":"<!-- This site is optimized with the Yoast SEO plugin v27.4 - https:\/\/yoast.com\/product\/yoast-seo-wordpress\/ -->\n<title>Budimir: Minuta, pola sata, 90 minuta... bit \u0107u spreman - RADIO LJUBU\u0160KI<\/title>\n<meta name=\"robots\" content=\"index, follow, max-snippet:-1, max-image-preview:large, max-video-preview:-1\" \/>\n<link rel=\"canonical\" href=\"https:\/\/radioljubuski.ba\/index.php\/2021\/05\/30\/budimir-minuta-pola-sata-90-minuta-bit-cu-spreman\/\" \/>\n<meta property=\"og:locale\" content=\"hr_HR\" \/>\n<meta property=\"og:type\" content=\"article\" \/>\n<meta property=\"og:title\" content=\"Budimir: Minuta, pola sata, 90 minuta... bit \u0107u spreman - RADIO LJUBU\u0160KI\" \/>\n<meta property=\"og:description\" content=\"Pred Antom Budimirom prvo je veliko natjecanje u dresu hrvatske nogometne reprezentacije. Ante Budimir po prvi je puta u karijeri na pripremama Vatrenih za jedno veliko natjecanje. Na dana\u0161njoj je presici govorio o konkurenciji u napadu. pic.twitter.com\/mKVBT4Oasg &mdash; HRT Sport (@HRTsport) May 30, 2021 &#8211; Imao sam priliku biti na standardnim, klasi\u010dnim okupljanima, utakmicama, ali [&hellip;]\" \/>\n<meta property=\"og:url\" content=\"https:\/\/radioljubuski.ba\/index.php\/2021\/05\/30\/budimir-minuta-pola-sata-90-minuta-bit-cu-spreman\/\" \/>\n<meta property=\"og:site_name\" content=\"RADIO LJUBU\u0160KI\" \/>\n<meta property=\"article:publisher\" content=\"https:\/\/www.facebook.com\/Radiio-Ljubuski-1490835324566332\" \/>\n<meta property=\"article:published_time\" content=\"2021-05-30T22:01:52+00:00\" \/>\n<meta property=\"article:modified_time\" content=\"2021-05-30T22:01:54+00:00\" \/>\n<meta property=\"og:image\" content=\"https:\/\/radioljubuski.ba\/wp-content\/uploads\/2021\/05\/ante-budimir.png\" \/>\n\t<meta property=\"og:image:width\" content=\"636\" \/>\n\t<meta property=\"og:image:height\" content=\"334\" \/>\n\t<meta property=\"og:image:type\" content=\"image\/png\" \/>\n<meta name=\"author\" content=\"Radio Ljubu\u0161ki\" \/>\n<meta name=\"twitter:card\" content=\"summary_large_image\" \/>\n<meta name=\"twitter:creator\" content=\"@radioljubuski\" \/>\n<meta name=\"twitter:site\" content=\"@radioljubuski\" \/>\n<meta name=\"twitter:label1\" content=\"Napisao\/la\" \/>\n\t<meta name=\"twitter:data1\" content=\"Radio Ljubu\u0161ki\" \/>\n\t<meta name=\"twitter:label2\" content=\"Procijenjeno vrijeme \u010ditanja\" \/>\n\t<meta name=\"twitter:data2\" content=\"2 minute\" \/>\n<script type=\"application\/ld+json\" class=\"yoast-schema-graph\">{\"@context\":\"https:\\\/\\\/schema.org\",\"@graph\":[{\"@type\":\"Article\",\"@id\":\"https:\\\/\\\/radioljubuski.ba\\\/index.php\\\/2021\\\/05\\\/30\\\/budimir-minuta-pola-sata-90-minuta-bit-cu-spreman\\\/#article\",\"isPartOf\":{\"@id\":\"https:\\\/\\\/radioljubuski.ba\\\/index.php\\\/2021\\\/05\\\/30\\\/budimir-minuta-pola-sata-90-minuta-bit-cu-spreman\\\/\"},\"author\":{\"name\":\"Radio Ljubu\u0161ki\",\"@id\":\"https:\\\/\\\/radioljubuski.ba\\\/#\\\/schema\\\/person\\\/19fc700381a780f69665d7956c469e3b\"},\"headline\":\"Budimir: Minuta, pola sata, 90 minuta&#8230; bit \u0107u spreman\",\"datePublished\":\"2021-05-30T22:01:52+00:00\",\"dateModified\":\"2021-05-30T22:01:54+00:00\",\"mainEntityOfPage\":{\"@id\":\"https:\\\/\\\/radioljubuski.ba\\\/index.php\\\/2021\\\/05\\\/30\\\/budimir-minuta-pola-sata-90-minuta-bit-cu-spreman\\\/\"},\"wordCount\":302,\"publisher\":{\"@id\":\"https:\\\/\\\/radioljubuski.ba\\\/#organization\"},\"image\":{\"@id\":\"https:\\\/\\\/radioljubuski.ba\\\/index.php\\\/2021\\\/05\\\/30\\\/budimir-minuta-pola-sata-90-minuta-bit-cu-spreman\\\/#primaryimage\"},\"thumbnailUrl\":\"https:\\\/\\\/radioljubuski.ba\\\/wp-content\\\/uploads\\\/2021\\\/05\\\/ante-budimir.png\",\"articleSection\":[\"BIH i regija\"],\"inLanguage\":\"hr\"},{\"@type\":\"WebPage\",\"@id\":\"https:\\\/\\\/radioljubuski.ba\\\/index.php\\\/2021\\\/05\\\/30\\\/budimir-minuta-pola-sata-90-minuta-bit-cu-spreman\\\/\",\"url\":\"https:\\\/\\\/radioljubuski.ba\\\/index.php\\\/2021\\\/05\\\/30\\\/budimir-minuta-pola-sata-90-minuta-bit-cu-spreman\\\/\",\"name\":\"Budimir: Minuta, pola sata, 90 minuta... bit \u0107u spreman - RADIO LJUBU\u0160KI\",\"isPartOf\":{\"@id\":\"https:\\\/\\\/radioljubuski.ba\\\/#website\"},\"primaryImageOfPage\":{\"@id\":\"https:\\\/\\\/radioljubuski.ba\\\/index.php\\\/2021\\\/05\\\/30\\\/budimir-minuta-pola-sata-90-minuta-bit-cu-spreman\\\/#primaryimage\"},\"image\":{\"@id\":\"https:\\\/\\\/radioljubuski.ba\\\/index.php\\\/2021\\\/05\\\/30\\\/budimir-minuta-pola-sata-90-minuta-bit-cu-spreman\\\/#primaryimage\"},\"thumbnailUrl\":\"https:\\\/\\\/radioljubuski.ba\\\/wp-content\\\/uploads\\\/2021\\\/05\\\/ante-budimir.png\",\"datePublished\":\"2021-05-30T22:01:52+00:00\",\"dateModified\":\"2021-05-30T22:01:54+00:00\",\"breadcrumb\":{\"@id\":\"https:\\\/\\\/radioljubuski.ba\\\/index.php\\\/2021\\\/05\\\/30\\\/budimir-minuta-pola-sata-90-minuta-bit-cu-spreman\\\/#breadcrumb\"},\"inLanguage\":\"hr\",\"potentialAction\":[{\"@type\":\"ReadAction\",\"target\":[\"https:\\\/\\\/radioljubuski.ba\\\/index.php\\\/2021\\\/05\\\/30\\\/budimir-minuta-pola-sata-90-minuta-bit-cu-spreman\\\/\"]}]},{\"@type\":\"ImageObject\",\"inLanguage\":\"hr\",\"@id\":\"https:\\\/\\\/radioljubuski.ba\\\/index.php\\\/2021\\\/05\\\/30\\\/budimir-minuta-pola-sata-90-minuta-bit-cu-spreman\\\/#primaryimage\",\"url\":\"https:\\\/\\\/radioljubuski.ba\\\/wp-content\\\/uploads\\\/2021\\\/05\\\/ante-budimir.png\",\"contentUrl\":\"https:\\\/\\\/radioljubuski.ba\\\/wp-content\\\/uploads\\\/2021\\\/05\\\/ante-budimir.png\",\"width\":636,\"height\":334},{\"@type\":\"BreadcrumbList\",\"@id\":\"https:\\\/\\\/radioljubuski.ba\\\/index.php\\\/2021\\\/05\\\/30\\\/budimir-minuta-pola-sata-90-minuta-bit-cu-spreman\\\/#breadcrumb\",\"itemListElement\":[{\"@type\":\"ListItem\",\"position\":1,\"name\":\"Po\u010detna stranica\",\"item\":\"https:\\\/\\\/radioljubuski.ba\\\/\"},{\"@type\":\"ListItem\",\"position\":2,\"name\":\"Budimir: Minuta, pola sata, 90 minuta&#8230; bit \u0107u spreman\"}]},{\"@type\":\"WebSite\",\"@id\":\"https:\\\/\\\/radioljubuski.ba\\\/#website\",\"url\":\"https:\\\/\\\/radioljubuski.ba\\\/\",\"name\":\"Radio Ljubu\u0161ki\",\"description\":\"Sun\u010dana frekvencija Hercegovine\",\"publisher\":{\"@id\":\"https:\\\/\\\/radioljubuski.ba\\\/#organization\"},\"potentialAction\":[{\"@type\":\"SearchAction\",\"target\":{\"@type\":\"EntryPoint\",\"urlTemplate\":\"https:\\\/\\\/radioljubuski.ba\\\/?s={search_term_string}\"},\"query-input\":{\"@type\":\"PropertyValueSpecification\",\"valueRequired\":true,\"valueName\":\"search_term_string\"}}],\"inLanguage\":\"hr\"},{\"@type\":\"Organization\",\"@id\":\"https:\\\/\\\/radioljubuski.ba\\\/#organization\",\"name\":\"Radio Ljubu\u0161ki\",\"url\":\"https:\\\/\\\/radioljubuski.ba\\\/\",\"logo\":{\"@type\":\"ImageObject\",\"inLanguage\":\"hr\",\"@id\":\"https:\\\/\\\/radioljubuski.ba\\\/#\\\/schema\\\/logo\\\/image\\\/\",\"url\":\"https:\\\/\\\/radioljubuski.ba\\\/wp-content\\\/uploads\\\/2021\\\/02\\\/cropped-Radio_Ljubuski_logo1.jpg\",\"contentUrl\":\"https:\\\/\\\/radioljubuski.ba\\\/wp-content\\\/uploads\\\/2021\\\/02\\\/cropped-Radio_Ljubuski_logo1.jpg\",\"width\":512,\"height\":512,\"caption\":\"Radio Ljubu\u0161ki\"},\"image\":{\"@id\":\"https:\\\/\\\/radioljubuski.ba\\\/#\\\/schema\\\/logo\\\/image\\\/\"},\"sameAs\":[\"https:\\\/\\\/www.facebook.com\\\/Radiio-Ljubuski-1490835324566332\",\"https:\\\/\\\/x.com\\\/radioljubuski\",\"https:\\\/\\\/hr.linkedin.com\\\/company\\\/radio-ljubuski\",\"https:\\\/\\\/www.youtube.com\\\/channel\\\/UCHYaeO_n0Db3tjNGudGpXyw\"]},{\"@type\":\"Person\",\"@id\":\"https:\\\/\\\/radioljubuski.ba\\\/#\\\/schema\\\/person\\\/19fc700381a780f69665d7956c469e3b\",\"name\":\"Radio Ljubu\u0161ki\"}]}<\/script>\n<!-- \/ Yoast SEO plugin. -->","yoast_head_json":{"title":"Budimir: Minuta, pola sata, 90 minuta... bit \u0107u spreman - RADIO LJUBU\u0160KI","robots":{"index":"index","follow":"follow","max-snippet":"max-snippet:-1","max-image-preview":"max-image-preview:large","max-video-preview":"max-video-preview:-1"},"canonical":"https:\/\/radioljubuski.ba\/index.php\/2021\/05\/30\/budimir-minuta-pola-sata-90-minuta-bit-cu-spreman\/","og_locale":"hr_HR","og_type":"article","og_title":"Budimir: Minuta, pola sata, 90 minuta... bit \u0107u spreman - RADIO LJUBU\u0160KI","og_description":"Pred Antom Budimirom prvo je veliko natjecanje u dresu hrvatske nogometne reprezentacije. Ante Budimir po prvi je puta u karijeri na pripremama Vatrenih za jedno veliko natjecanje. Na dana\u0161njoj je presici govorio o konkurenciji u napadu. pic.twitter.com\/mKVBT4Oasg &mdash; HRT Sport (@HRTsport) May 30, 2021 &#8211; Imao sam priliku biti na standardnim, klasi\u010dnim okupljanima, utakmicama, ali [&hellip;]","og_url":"https:\/\/radioljubuski.ba\/index.php\/2021\/05\/30\/budimir-minuta-pola-sata-90-minuta-bit-cu-spreman\/","og_site_name":"RADIO LJUBU\u0160KI","article_publisher":"https:\/\/www.facebook.com\/Radiio-Ljubuski-1490835324566332","article_published_time":"2021-05-30T22:01:52+00:00","article_modified_time":"2021-05-30T22:01:54+00:00","og_image":[{"width":636,"height":334,"url":"https:\/\/radioljubuski.ba\/wp-content\/uploads\/2021\/05\/ante-budimir.png","type":"image\/png"}],"author":"Radio Ljubu\u0161ki","twitter_card":"summary_large_image","twitter_creator":"@radioljubuski","twitter_site":"@radioljubuski","twitter_misc":{"Napisao\/la":"Radio Ljubu\u0161ki","Procijenjeno vrijeme \u010ditanja":"2 minute"},"schema":{"@context":"https:\/\/schema.org","@graph":[{"@type":"Article","@id":"https:\/\/radioljubuski.ba\/index.php\/2021\/05\/30\/budimir-minuta-pola-sata-90-minuta-bit-cu-spreman\/#article","isPartOf":{"@id":"https:\/\/radioljubuski.ba\/index.php\/2021\/05\/30\/budimir-minuta-pola-sata-90-minuta-bit-cu-spreman\/"},"author":{"name":"Radio Ljubu\u0161ki","@id":"https:\/\/radioljubuski.ba\/#\/schema\/person\/19fc700381a780f69665d7956c469e3b"},"headline":"Budimir: Minuta, pola sata, 90 minuta&#8230; bit \u0107u spreman","datePublished":"2021-05-30T22:01:52+00:00","dateModified":"2021-05-30T22:01:54+00:00","mainEntityOfPage":{"@id":"https:\/\/radioljubuski.ba\/index.php\/2021\/05\/30\/budimir-minuta-pola-sata-90-minuta-bit-cu-spreman\/"},"wordCount":302,"publisher":{"@id":"https:\/\/radioljubuski.ba\/#organization"},"image":{"@id":"https:\/\/radioljubuski.ba\/index.php\/2021\/05\/30\/budimir-minuta-pola-sata-90-minuta-bit-cu-spreman\/#primaryimage"},"thumbnailUrl":"https:\/\/radioljubuski.ba\/wp-content\/uploads\/2021\/05\/ante-budimir.png","articleSection":["BIH i regija"],"inLanguage":"hr"},{"@type":"WebPage","@id":"https:\/\/radioljubuski.ba\/index.php\/2021\/05\/30\/budimir-minuta-pola-sata-90-minuta-bit-cu-spreman\/","url":"https:\/\/radioljubuski.ba\/index.php\/2021\/05\/30\/budimir-minuta-pola-sata-90-minuta-bit-cu-spreman\/","name":"Budimir: Minuta, pola sata, 90 minuta... bit \u0107u spreman - RADIO LJUBU\u0160KI","isPartOf":{"@id":"https:\/\/radioljubuski.ba\/#website"},"primaryImageOfPage":{"@id":"https:\/\/radioljubuski.ba\/index.php\/2021\/05\/30\/budimir-minuta-pola-sata-90-minuta-bit-cu-spreman\/#primaryimage"},"image":{"@id":"https:\/\/radioljubuski.ba\/index.php\/2021\/05\/30\/budimir-minuta-pola-sata-90-minuta-bit-cu-spreman\/#primaryimage"},"thumbnailUrl":"https:\/\/radioljubuski.ba\/wp-content\/uploads\/2021\/05\/ante-budimir.png","datePublished":"2021-05-30T22:01:52+00:00","dateModified":"2021-05-30T22:01:54+00:00","breadcrumb":{"@id":"https:\/\/radioljubuski.ba\/index.php\/2021\/05\/30\/budimir-minuta-pola-sata-90-minuta-bit-cu-spreman\/#breadcrumb"},"inLanguage":"hr","potentialAction":[{"@type":"ReadAction","target":["https:\/\/radioljubuski.ba\/index.php\/2021\/05\/30\/budimir-minuta-pola-sata-90-minuta-bit-cu-spreman\/"]}]},{"@type":"ImageObject","inLanguage":"hr","@id":"https:\/\/radioljubuski.ba\/index.php\/2021\/05\/30\/budimir-minuta-pola-sata-90-minuta-bit-cu-spreman\/#primaryimage","url":"https:\/\/radioljubuski.ba\/wp-content\/uploads\/2021\/05\/ante-budimir.png","contentUrl":"https:\/\/radioljubuski.ba\/wp-content\/uploads\/2021\/05\/ante-budimir.png","width":636,"height":334},{"@type":"BreadcrumbList","@id":"https:\/\/radioljubuski.ba\/index.php\/2021\/05\/30\/budimir-minuta-pola-sata-90-minuta-bit-cu-spreman\/#breadcrumb","itemListElement":[{"@type":"ListItem","position":1,"name":"Po\u010detna stranica","item":"https:\/\/radioljubuski.ba\/"},{"@type":"ListItem","position":2,"name":"Budimir: Minuta, pola sata, 90 minuta&#8230; bit \u0107u spreman"}]},{"@type":"WebSite","@id":"https:\/\/radioljubuski.ba\/#website","url":"https:\/\/radioljubuski.ba\/","name":"Radio Ljubu\u0161ki","description":"Sun\u010dana frekvencija Hercegovine","publisher":{"@id":"https:\/\/radioljubuski.ba\/#organization"},"potentialAction":[{"@type":"SearchAction","target":{"@type":"EntryPoint","urlTemplate":"https:\/\/radioljubuski.ba\/?s={search_term_string}"},"query-input":{"@type":"PropertyValueSpecification","valueRequired":true,"valueName":"search_term_string"}}],"inLanguage":"hr"},{"@type":"Organization","@id":"https:\/\/radioljubuski.ba\/#organization","name":"Radio Ljubu\u0161ki","url":"https:\/\/radioljubuski.ba\/","logo":{"@type":"ImageObject","inLanguage":"hr","@id":"https:\/\/radioljubuski.ba\/#\/schema\/logo\/image\/","url":"https:\/\/radioljubuski.ba\/wp-content\/uploads\/2021\/02\/cropped-Radio_Ljubuski_logo1.jpg","contentUrl":"https:\/\/radioljubuski.ba\/wp-content\/uploads\/2021\/02\/cropped-Radio_Ljubuski_logo1.jpg","width":512,"height":512,"caption":"Radio Ljubu\u0161ki"},"image":{"@id":"https:\/\/radioljubuski.ba\/#\/schema\/logo\/image\/"},"sameAs":["https:\/\/www.facebook.com\/Radiio-Ljubuski-1490835324566332","https:\/\/x.com\/radioljubuski","https:\/\/hr.linkedin.com\/company\/radio-ljubuski","https:\/\/www.youtube.com\/channel\/UCHYaeO_n0Db3tjNGudGpXyw"]},{"@type":"Person","@id":"https:\/\/radioljubuski.ba\/#\/schema\/person\/19fc700381a780f69665d7956c469e3b","name":"Radio Ljubu\u0161ki"}]}},"_links":{"self":[{"href":"https:\/\/radioljubuski.ba\/index.php\/wp-json\/wp\/v2\/posts\/26750","targetHints":{"allow":["GET"]}}],"collection":[{"href":"https:\/\/radioljubuski.ba\/index.php\/wp-json\/wp\/v2\/posts"}],"about":[{"href":"https:\/\/radioljubuski.ba\/index.php\/wp-json\/wp\/v2\/types\/post"}],"author":[{"embeddable":true,"href":"https:\/\/radioljubuski.ba\/index.php\/wp-json\/wp\/v2\/users\/2"}],"replies":[{"embeddable":true,"href":"https:\/\/radioljubuski.ba\/index.php\/wp-json\/wp\/v2\/comments?post=26750"}],"version-history":[{"count":1,"href":"https:\/\/radioljubuski.ba\/index.php\/wp-json\/wp\/v2\/posts\/26750\/revisions"}],"predecessor-version":[{"id":26752,"href":"https:\/\/radioljubuski.ba\/index.php\/wp-json\/wp\/v2\/posts\/26750\/revisions\/26752"}],"wp:featuredmedia":[{"embeddable":true,"href":"https:\/\/radioljubuski.ba\/index.php\/wp-json\/wp\/v2\/media\/26751"}],"wp:attachment":[{"href":"https:\/\/radioljubuski.ba\/index.php\/wp-json\/wp\/v2\/media?parent=26750"}],"wp:term":[{"taxonomy":"category","embeddable":true,"href":"https:\/\/radioljubuski.ba\/index.php\/wp-json\/wp\/v2\/categories?post=26750"},{"taxonomy":"post_tag","embeddable":true,"href":"https:\/\/radioljubuski.ba\/index.php\/wp-json\/wp\/v2\/tags?post=26750"}],"curies":[{"name":"wp","href":"https:\/\/api.w.org\/{rel}","templated":true}]}}