{"id":26789,"date":"2021-05-31T00:12:13","date_gmt":"2021-05-30T23:12:13","guid":{"rendered":"https:\/\/radioljubuski.ba\/?p=26789"},"modified":"2021-05-31T00:12:14","modified_gmt":"2021-05-30T23:12:14","slug":"faruk-drina-nadam-se-da-ce-hadzifejzovica-strefiti-il-srcani-il-mozdani","status":"publish","type":"post","link":"https:\/\/radioljubuski.ba\/index.php\/2021\/05\/31\/faruk-drina-nadam-se-da-ce-hadzifejzovica-strefiti-il-srcani-il-mozdani\/","title":{"rendered":"Faruk Drina: \u201cNadam se da \u0107e Had\u017eifejzovi\u0107a strefiti il\u2019 sr\u010dani il\u2019 mo\u017edani\u201d"},"content":{"rendered":"\n<p><strong>Novinar Senad Ha\u017eifejzovi\u0107 posljednjih dana meta je bjesomu\u010dnih napada i uvreda od strane botova Stranke demokratske akcije (SDA), od kojih prima najgnusnije uvrede i optu\u017ebe, pi\u0161e \u201cAvaz\u201d. I dok Had\u017eifejzovi\u0107u podr\u0161ku pru\u017eaju brojni intelektualci, kolege novinari i obi\u010dni gra\u0111ani, jedan od \u201cbotova\u201d koji se pridru\u017eio napadima na Had\u017eifejzovi\u0107a jeste i estradni menad\u017eer Faruk Drina. Iako je doti\u010dni napisao niz uvredljivih statusa na svom Facebook profilu na ra\u010dun Had\u017eifejzovi\u0107a, po svojoj gnusnosti se posebno isti\u010de onaj posljednji.<\/strong><\/p>\n\n\n\n<p>\u2013 Evo gledam senada na FAKE TV. Lik je totalno poludio, svaka mu druga izgovorena Bakir i Sebija, to vi\u0161e zdrav razum nemo\u017ee podnijeti \ud83e\udd2e Nadam se da \u0107e ga ne\u0161to strefiti, il\u2019 sr\u010dani il\u2019 mo\u017edani.. in\u0161alah, pa da prestane poganiti atmosferu, napisao je Drina, estradni menad\u017eer koji objavljuje primitivne postove na Facebooku u kojima na najbrutalniji na\u010din vrije\u0111a svakoga tko se na bilo koji na\u010din suprostavlja bra\u010dnom paru Izetbegovi\u0107. Takvi su njihovi simpatizeri, zaklju\u010duje \u201cAvaz\u201d.<\/p>\n\n\n\n<figure class=\"wp-block-image\"><img decoding=\"async\" src=\"https:\/\/hms.ba\/wp-content\/uploads\/2021\/05\/hadzifejzovic-prijetnja.jpg\" alt=\"\"\/><\/figure>\n\n\n\n<p>Jo\u0161 gnusniju poruku Drina je Had\u017eifejzovi\u0107u uputio preko dru\u0161tvene mre\u017ee kada je objavio njegovu fotografiju montiranu na smrtovnicu s veoma uvrijedljivim sadr\u017eajem.<\/p>\n\n\n\n<p>Drina se na ovome nije zaustavio te je nastavio objavljivati zlokobne komentare i fotografije pozivaju\u0107i na Had\u017eifejzovi\u0107evu smrt.<\/p>\n\n\n\n<figure class=\"wp-block-image\"><img decoding=\"async\" src=\"https:\/\/hms.ba\/wp-content\/uploads\/2021\/05\/hadzifejzovic-drina2.jpg\" alt=\"\"\/><\/figure>\n\n\n\n<p>\/HMS\/<\/p>\n","protected":false},"excerpt":{"rendered":"<p>Novinar Senad Ha\u017eifejzovi\u0107 posljednjih dana meta je bjesomu\u010dnih napada i uvreda od strane botova Stranke demokratske akcije (SDA), od kojih prima najgnusnije uvrede i optu\u017ebe, pi\u0161e \u201cAvaz\u201d. I dok Had\u017eifejzovi\u0107u podr\u0161ku pru\u017eaju brojni intelektualci, kolege novinari i obi\u010dni gra\u0111ani, jedan od \u201cbotova\u201d koji se pridru\u017eio napadima na Had\u017eifejzovi\u0107a jeste i estradni menad\u017eer Faruk Drina. Iako [&hellip;]<\/p>\n","protected":false},"author":2,"featured_media":26790,"comment_status":"closed","ping_status":"closed","sticky":false,"template":"","format":"standard","meta":{"h5ap_radio_sources":[],"footnotes":""},"categories":[1],"tags":[],"class_list":["post-26789","post","type-post","status-publish","format-standard","has-post-thumbnail","hentry","category-bihiregija"],"yoast_head":"<!-- This site is optimized with the Yoast SEO plugin v27.5 - https:\/\/yoast.com\/product\/yoast-seo-wordpress\/ -->\n<title>Faruk Drina: \u201cNadam se da \u0107e Had\u017eifejzovi\u0107a strefiti il\u2019 sr\u010dani il\u2019 mo\u017edani\u201d - RADIO LJUBU\u0160KI<\/title>\n<meta name=\"robots\" content=\"index, follow, max-snippet:-1, max-image-preview:large, max-video-preview:-1\" \/>\n<link rel=\"canonical\" href=\"https:\/\/radioljubuski.ba\/index.php\/2021\/05\/31\/faruk-drina-nadam-se-da-ce-hadzifejzovica-strefiti-il-srcani-il-mozdani\/\" \/>\n<meta property=\"og:locale\" content=\"hr_HR\" \/>\n<meta property=\"og:type\" content=\"article\" \/>\n<meta property=\"og:title\" content=\"Faruk Drina: \u201cNadam se da \u0107e Had\u017eifejzovi\u0107a strefiti il\u2019 sr\u010dani il\u2019 mo\u017edani\u201d - RADIO LJUBU\u0160KI\" \/>\n<meta property=\"og:description\" content=\"Novinar Senad Ha\u017eifejzovi\u0107 posljednjih dana meta je bjesomu\u010dnih napada i uvreda od strane botova Stranke demokratske akcije (SDA), od kojih prima najgnusnije uvrede i optu\u017ebe, pi\u0161e \u201cAvaz\u201d. I dok Had\u017eifejzovi\u0107u podr\u0161ku pru\u017eaju brojni intelektualci, kolege novinari i obi\u010dni gra\u0111ani, jedan od \u201cbotova\u201d koji se pridru\u017eio napadima na Had\u017eifejzovi\u0107a jeste i estradni menad\u017eer Faruk Drina. Iako [&hellip;]\" \/>\n<meta property=\"og:url\" content=\"https:\/\/radioljubuski.ba\/index.php\/2021\/05\/31\/faruk-drina-nadam-se-da-ce-hadzifejzovica-strefiti-il-srcani-il-mozdani\/\" \/>\n<meta property=\"og:site_name\" content=\"RADIO LJUBU\u0160KI\" \/>\n<meta property=\"article:publisher\" content=\"https:\/\/www.facebook.com\/Radiio-Ljubuski-1490835324566332\" \/>\n<meta property=\"article:published_time\" content=\"2021-05-30T23:12:13+00:00\" \/>\n<meta property=\"article:modified_time\" content=\"2021-05-30T23:12:14+00:00\" \/>\n<meta property=\"og:image\" content=\"https:\/\/radioljubuski.ba\/wp-content\/uploads\/2021\/05\/hadzifejzovic-osmrtnica2.jpg\" \/>\n\t<meta property=\"og:image:width\" content=\"738\" \/>\n\t<meta property=\"og:image:height\" content=\"415\" \/>\n\t<meta property=\"og:image:type\" content=\"image\/jpeg\" \/>\n<meta name=\"author\" content=\"Radio Ljubu\u0161ki\" \/>\n<meta name=\"twitter:card\" content=\"summary_large_image\" \/>\n<meta name=\"twitter:creator\" content=\"@radioljubuski\" \/>\n<meta name=\"twitter:site\" content=\"@radioljubuski\" \/>\n<meta name=\"twitter:label1\" content=\"Napisao\/la\" \/>\n\t<meta name=\"twitter:data1\" content=\"Radio Ljubu\u0161ki\" \/>\n\t<meta name=\"twitter:label2\" content=\"Procijenjeno vrijeme \u010ditanja\" \/>\n\t<meta name=\"twitter:data2\" content=\"2 minute\" \/>\n<script type=\"application\/ld+json\" class=\"yoast-schema-graph\">{\"@context\":\"https:\\\/\\\/schema.org\",\"@graph\":[{\"@type\":\"Article\",\"@id\":\"https:\\\/\\\/radioljubuski.ba\\\/index.php\\\/2021\\\/05\\\/31\\\/faruk-drina-nadam-se-da-ce-hadzifejzovica-strefiti-il-srcani-il-mozdani\\\/#article\",\"isPartOf\":{\"@id\":\"https:\\\/\\\/radioljubuski.ba\\\/index.php\\\/2021\\\/05\\\/31\\\/faruk-drina-nadam-se-da-ce-hadzifejzovica-strefiti-il-srcani-il-mozdani\\\/\"},\"author\":{\"name\":\"Radio Ljubu\u0161ki\",\"@id\":\"https:\\\/\\\/radioljubuski.ba\\\/#\\\/schema\\\/person\\\/19fc700381a780f69665d7956c469e3b\"},\"headline\":\"Faruk Drina: \u201cNadam se da \u0107e Had\u017eifejzovi\u0107a strefiti il\u2019 sr\u010dani il\u2019 mo\u017edani\u201d\",\"datePublished\":\"2021-05-30T23:12:13+00:00\",\"dateModified\":\"2021-05-30T23:12:14+00:00\",\"mainEntityOfPage\":{\"@id\":\"https:\\\/\\\/radioljubuski.ba\\\/index.php\\\/2021\\\/05\\\/31\\\/faruk-drina-nadam-se-da-ce-hadzifejzovica-strefiti-il-srcani-il-mozdani\\\/\"},\"wordCount\":246,\"publisher\":{\"@id\":\"https:\\\/\\\/radioljubuski.ba\\\/#organization\"},\"image\":{\"@id\":\"https:\\\/\\\/radioljubuski.ba\\\/index.php\\\/2021\\\/05\\\/31\\\/faruk-drina-nadam-se-da-ce-hadzifejzovica-strefiti-il-srcani-il-mozdani\\\/#primaryimage\"},\"thumbnailUrl\":\"https:\\\/\\\/radioljubuski.ba\\\/wp-content\\\/uploads\\\/2021\\\/05\\\/hadzifejzovic-osmrtnica2.jpg\",\"articleSection\":[\"BIH i regija\"],\"inLanguage\":\"hr\"},{\"@type\":\"WebPage\",\"@id\":\"https:\\\/\\\/radioljubuski.ba\\\/index.php\\\/2021\\\/05\\\/31\\\/faruk-drina-nadam-se-da-ce-hadzifejzovica-strefiti-il-srcani-il-mozdani\\\/\",\"url\":\"https:\\\/\\\/radioljubuski.ba\\\/index.php\\\/2021\\\/05\\\/31\\\/faruk-drina-nadam-se-da-ce-hadzifejzovica-strefiti-il-srcani-il-mozdani\\\/\",\"name\":\"Faruk Drina: \u201cNadam se da \u0107e Had\u017eifejzovi\u0107a strefiti il\u2019 sr\u010dani il\u2019 mo\u017edani\u201d - RADIO LJUBU\u0160KI\",\"isPartOf\":{\"@id\":\"https:\\\/\\\/radioljubuski.ba\\\/#website\"},\"primaryImageOfPage\":{\"@id\":\"https:\\\/\\\/radioljubuski.ba\\\/index.php\\\/2021\\\/05\\\/31\\\/faruk-drina-nadam-se-da-ce-hadzifejzovica-strefiti-il-srcani-il-mozdani\\\/#primaryimage\"},\"image\":{\"@id\":\"https:\\\/\\\/radioljubuski.ba\\\/index.php\\\/2021\\\/05\\\/31\\\/faruk-drina-nadam-se-da-ce-hadzifejzovica-strefiti-il-srcani-il-mozdani\\\/#primaryimage\"},\"thumbnailUrl\":\"https:\\\/\\\/radioljubuski.ba\\\/wp-content\\\/uploads\\\/2021\\\/05\\\/hadzifejzovic-osmrtnica2.jpg\",\"datePublished\":\"2021-05-30T23:12:13+00:00\",\"dateModified\":\"2021-05-30T23:12:14+00:00\",\"breadcrumb\":{\"@id\":\"https:\\\/\\\/radioljubuski.ba\\\/index.php\\\/2021\\\/05\\\/31\\\/faruk-drina-nadam-se-da-ce-hadzifejzovica-strefiti-il-srcani-il-mozdani\\\/#breadcrumb\"},\"inLanguage\":\"hr\",\"potentialAction\":[{\"@type\":\"ReadAction\",\"target\":[\"https:\\\/\\\/radioljubuski.ba\\\/index.php\\\/2021\\\/05\\\/31\\\/faruk-drina-nadam-se-da-ce-hadzifejzovica-strefiti-il-srcani-il-mozdani\\\/\"]}]},{\"@type\":\"ImageObject\",\"inLanguage\":\"hr\",\"@id\":\"https:\\\/\\\/radioljubuski.ba\\\/index.php\\\/2021\\\/05\\\/31\\\/faruk-drina-nadam-se-da-ce-hadzifejzovica-strefiti-il-srcani-il-mozdani\\\/#primaryimage\",\"url\":\"https:\\\/\\\/radioljubuski.ba\\\/wp-content\\\/uploads\\\/2021\\\/05\\\/hadzifejzovic-osmrtnica2.jpg\",\"contentUrl\":\"https:\\\/\\\/radioljubuski.ba\\\/wp-content\\\/uploads\\\/2021\\\/05\\\/hadzifejzovic-osmrtnica2.jpg\",\"width\":738,\"height\":415},{\"@type\":\"BreadcrumbList\",\"@id\":\"https:\\\/\\\/radioljubuski.ba\\\/index.php\\\/2021\\\/05\\\/31\\\/faruk-drina-nadam-se-da-ce-hadzifejzovica-strefiti-il-srcani-il-mozdani\\\/#breadcrumb\",\"itemListElement\":[{\"@type\":\"ListItem\",\"position\":1,\"name\":\"Po\u010detna stranica\",\"item\":\"https:\\\/\\\/radioljubuski.ba\\\/\"},{\"@type\":\"ListItem\",\"position\":2,\"name\":\"Faruk Drina: \u201cNadam se da \u0107e Had\u017eifejzovi\u0107a strefiti il\u2019 sr\u010dani il\u2019 mo\u017edani\u201d\"}]},{\"@type\":\"WebSite\",\"@id\":\"https:\\\/\\\/radioljubuski.ba\\\/#website\",\"url\":\"https:\\\/\\\/radioljubuski.ba\\\/\",\"name\":\"Radio Ljubu\u0161ki\",\"description\":\"Sun\u010dana frekvencija Hercegovine\",\"publisher\":{\"@id\":\"https:\\\/\\\/radioljubuski.ba\\\/#organization\"},\"potentialAction\":[{\"@type\":\"SearchAction\",\"target\":{\"@type\":\"EntryPoint\",\"urlTemplate\":\"https:\\\/\\\/radioljubuski.ba\\\/?s={search_term_string}\"},\"query-input\":{\"@type\":\"PropertyValueSpecification\",\"valueRequired\":true,\"valueName\":\"search_term_string\"}}],\"inLanguage\":\"hr\"},{\"@type\":\"Organization\",\"@id\":\"https:\\\/\\\/radioljubuski.ba\\\/#organization\",\"name\":\"Radio Ljubu\u0161ki\",\"url\":\"https:\\\/\\\/radioljubuski.ba\\\/\",\"logo\":{\"@type\":\"ImageObject\",\"inLanguage\":\"hr\",\"@id\":\"https:\\\/\\\/radioljubuski.ba\\\/#\\\/schema\\\/logo\\\/image\\\/\",\"url\":\"https:\\\/\\\/radioljubuski.ba\\\/wp-content\\\/uploads\\\/2021\\\/02\\\/cropped-Radio_Ljubuski_logo1.jpg\",\"contentUrl\":\"https:\\\/\\\/radioljubuski.ba\\\/wp-content\\\/uploads\\\/2021\\\/02\\\/cropped-Radio_Ljubuski_logo1.jpg\",\"width\":512,\"height\":512,\"caption\":\"Radio Ljubu\u0161ki\"},\"image\":{\"@id\":\"https:\\\/\\\/radioljubuski.ba\\\/#\\\/schema\\\/logo\\\/image\\\/\"},\"sameAs\":[\"https:\\\/\\\/www.facebook.com\\\/Radiio-Ljubuski-1490835324566332\",\"https:\\\/\\\/x.com\\\/radioljubuski\",\"https:\\\/\\\/hr.linkedin.com\\\/company\\\/radio-ljubuski\",\"https:\\\/\\\/www.youtube.com\\\/channel\\\/UCHYaeO_n0Db3tjNGudGpXyw\"]},{\"@type\":\"Person\",\"@id\":\"https:\\\/\\\/radioljubuski.ba\\\/#\\\/schema\\\/person\\\/19fc700381a780f69665d7956c469e3b\",\"name\":\"Radio Ljubu\u0161ki\"}]}<\/script>\n<!-- \/ Yoast SEO plugin. -->","yoast_head_json":{"title":"Faruk Drina: \u201cNadam se da \u0107e Had\u017eifejzovi\u0107a strefiti il\u2019 sr\u010dani il\u2019 mo\u017edani\u201d - RADIO LJUBU\u0160KI","robots":{"index":"index","follow":"follow","max-snippet":"max-snippet:-1","max-image-preview":"max-image-preview:large","max-video-preview":"max-video-preview:-1"},"canonical":"https:\/\/radioljubuski.ba\/index.php\/2021\/05\/31\/faruk-drina-nadam-se-da-ce-hadzifejzovica-strefiti-il-srcani-il-mozdani\/","og_locale":"hr_HR","og_type":"article","og_title":"Faruk Drina: \u201cNadam se da \u0107e Had\u017eifejzovi\u0107a strefiti il\u2019 sr\u010dani il\u2019 mo\u017edani\u201d - RADIO LJUBU\u0160KI","og_description":"Novinar Senad Ha\u017eifejzovi\u0107 posljednjih dana meta je bjesomu\u010dnih napada i uvreda od strane botova Stranke demokratske akcije (SDA), od kojih prima najgnusnije uvrede i optu\u017ebe, pi\u0161e \u201cAvaz\u201d. I dok Had\u017eifejzovi\u0107u podr\u0161ku pru\u017eaju brojni intelektualci, kolege novinari i obi\u010dni gra\u0111ani, jedan od \u201cbotova\u201d koji se pridru\u017eio napadima na Had\u017eifejzovi\u0107a jeste i estradni menad\u017eer Faruk Drina. Iako [&hellip;]","og_url":"https:\/\/radioljubuski.ba\/index.php\/2021\/05\/31\/faruk-drina-nadam-se-da-ce-hadzifejzovica-strefiti-il-srcani-il-mozdani\/","og_site_name":"RADIO LJUBU\u0160KI","article_publisher":"https:\/\/www.facebook.com\/Radiio-Ljubuski-1490835324566332","article_published_time":"2021-05-30T23:12:13+00:00","article_modified_time":"2021-05-30T23:12:14+00:00","og_image":[{"width":738,"height":415,"url":"https:\/\/radioljubuski.ba\/wp-content\/uploads\/2021\/05\/hadzifejzovic-osmrtnica2.jpg","type":"image\/jpeg"}],"author":"Radio Ljubu\u0161ki","twitter_card":"summary_large_image","twitter_creator":"@radioljubuski","twitter_site":"@radioljubuski","twitter_misc":{"Napisao\/la":"Radio Ljubu\u0161ki","Procijenjeno vrijeme \u010ditanja":"2 minute"},"schema":{"@context":"https:\/\/schema.org","@graph":[{"@type":"Article","@id":"https:\/\/radioljubuski.ba\/index.php\/2021\/05\/31\/faruk-drina-nadam-se-da-ce-hadzifejzovica-strefiti-il-srcani-il-mozdani\/#article","isPartOf":{"@id":"https:\/\/radioljubuski.ba\/index.php\/2021\/05\/31\/faruk-drina-nadam-se-da-ce-hadzifejzovica-strefiti-il-srcani-il-mozdani\/"},"author":{"name":"Radio Ljubu\u0161ki","@id":"https:\/\/radioljubuski.ba\/#\/schema\/person\/19fc700381a780f69665d7956c469e3b"},"headline":"Faruk Drina: \u201cNadam se da \u0107e Had\u017eifejzovi\u0107a strefiti il\u2019 sr\u010dani il\u2019 mo\u017edani\u201d","datePublished":"2021-05-30T23:12:13+00:00","dateModified":"2021-05-30T23:12:14+00:00","mainEntityOfPage":{"@id":"https:\/\/radioljubuski.ba\/index.php\/2021\/05\/31\/faruk-drina-nadam-se-da-ce-hadzifejzovica-strefiti-il-srcani-il-mozdani\/"},"wordCount":246,"publisher":{"@id":"https:\/\/radioljubuski.ba\/#organization"},"image":{"@id":"https:\/\/radioljubuski.ba\/index.php\/2021\/05\/31\/faruk-drina-nadam-se-da-ce-hadzifejzovica-strefiti-il-srcani-il-mozdani\/#primaryimage"},"thumbnailUrl":"https:\/\/radioljubuski.ba\/wp-content\/uploads\/2021\/05\/hadzifejzovic-osmrtnica2.jpg","articleSection":["BIH i regija"],"inLanguage":"hr"},{"@type":"WebPage","@id":"https:\/\/radioljubuski.ba\/index.php\/2021\/05\/31\/faruk-drina-nadam-se-da-ce-hadzifejzovica-strefiti-il-srcani-il-mozdani\/","url":"https:\/\/radioljubuski.ba\/index.php\/2021\/05\/31\/faruk-drina-nadam-se-da-ce-hadzifejzovica-strefiti-il-srcani-il-mozdani\/","name":"Faruk Drina: \u201cNadam se da \u0107e Had\u017eifejzovi\u0107a strefiti il\u2019 sr\u010dani il\u2019 mo\u017edani\u201d - RADIO LJUBU\u0160KI","isPartOf":{"@id":"https:\/\/radioljubuski.ba\/#website"},"primaryImageOfPage":{"@id":"https:\/\/radioljubuski.ba\/index.php\/2021\/05\/31\/faruk-drina-nadam-se-da-ce-hadzifejzovica-strefiti-il-srcani-il-mozdani\/#primaryimage"},"image":{"@id":"https:\/\/radioljubuski.ba\/index.php\/2021\/05\/31\/faruk-drina-nadam-se-da-ce-hadzifejzovica-strefiti-il-srcani-il-mozdani\/#primaryimage"},"thumbnailUrl":"https:\/\/radioljubuski.ba\/wp-content\/uploads\/2021\/05\/hadzifejzovic-osmrtnica2.jpg","datePublished":"2021-05-30T23:12:13+00:00","dateModified":"2021-05-30T23:12:14+00:00","breadcrumb":{"@id":"https:\/\/radioljubuski.ba\/index.php\/2021\/05\/31\/faruk-drina-nadam-se-da-ce-hadzifejzovica-strefiti-il-srcani-il-mozdani\/#breadcrumb"},"inLanguage":"hr","potentialAction":[{"@type":"ReadAction","target":["https:\/\/radioljubuski.ba\/index.php\/2021\/05\/31\/faruk-drina-nadam-se-da-ce-hadzifejzovica-strefiti-il-srcani-il-mozdani\/"]}]},{"@type":"ImageObject","inLanguage":"hr","@id":"https:\/\/radioljubuski.ba\/index.php\/2021\/05\/31\/faruk-drina-nadam-se-da-ce-hadzifejzovica-strefiti-il-srcani-il-mozdani\/#primaryimage","url":"https:\/\/radioljubuski.ba\/wp-content\/uploads\/2021\/05\/hadzifejzovic-osmrtnica2.jpg","contentUrl":"https:\/\/radioljubuski.ba\/wp-content\/uploads\/2021\/05\/hadzifejzovic-osmrtnica2.jpg","width":738,"height":415},{"@type":"BreadcrumbList","@id":"https:\/\/radioljubuski.ba\/index.php\/2021\/05\/31\/faruk-drina-nadam-se-da-ce-hadzifejzovica-strefiti-il-srcani-il-mozdani\/#breadcrumb","itemListElement":[{"@type":"ListItem","position":1,"name":"Po\u010detna stranica","item":"https:\/\/radioljubuski.ba\/"},{"@type":"ListItem","position":2,"name":"Faruk Drina: \u201cNadam se da \u0107e Had\u017eifejzovi\u0107a strefiti il\u2019 sr\u010dani il\u2019 mo\u017edani\u201d"}]},{"@type":"WebSite","@id":"https:\/\/radioljubuski.ba\/#website","url":"https:\/\/radioljubuski.ba\/","name":"Radio Ljubu\u0161ki","description":"Sun\u010dana frekvencija Hercegovine","publisher":{"@id":"https:\/\/radioljubuski.ba\/#organization"},"potentialAction":[{"@type":"SearchAction","target":{"@type":"EntryPoint","urlTemplate":"https:\/\/radioljubuski.ba\/?s={search_term_string}"},"query-input":{"@type":"PropertyValueSpecification","valueRequired":true,"valueName":"search_term_string"}}],"inLanguage":"hr"},{"@type":"Organization","@id":"https:\/\/radioljubuski.ba\/#organization","name":"Radio Ljubu\u0161ki","url":"https:\/\/radioljubuski.ba\/","logo":{"@type":"ImageObject","inLanguage":"hr","@id":"https:\/\/radioljubuski.ba\/#\/schema\/logo\/image\/","url":"https:\/\/radioljubuski.ba\/wp-content\/uploads\/2021\/02\/cropped-Radio_Ljubuski_logo1.jpg","contentUrl":"https:\/\/radioljubuski.ba\/wp-content\/uploads\/2021\/02\/cropped-Radio_Ljubuski_logo1.jpg","width":512,"height":512,"caption":"Radio Ljubu\u0161ki"},"image":{"@id":"https:\/\/radioljubuski.ba\/#\/schema\/logo\/image\/"},"sameAs":["https:\/\/www.facebook.com\/Radiio-Ljubuski-1490835324566332","https:\/\/x.com\/radioljubuski","https:\/\/hr.linkedin.com\/company\/radio-ljubuski","https:\/\/www.youtube.com\/channel\/UCHYaeO_n0Db3tjNGudGpXyw"]},{"@type":"Person","@id":"https:\/\/radioljubuski.ba\/#\/schema\/person\/19fc700381a780f69665d7956c469e3b","name":"Radio Ljubu\u0161ki"}]}},"_links":{"self":[{"href":"https:\/\/radioljubuski.ba\/index.php\/wp-json\/wp\/v2\/posts\/26789","targetHints":{"allow":["GET"]}}],"collection":[{"href":"https:\/\/radioljubuski.ba\/index.php\/wp-json\/wp\/v2\/posts"}],"about":[{"href":"https:\/\/radioljubuski.ba\/index.php\/wp-json\/wp\/v2\/types\/post"}],"author":[{"embeddable":true,"href":"https:\/\/radioljubuski.ba\/index.php\/wp-json\/wp\/v2\/users\/2"}],"replies":[{"embeddable":true,"href":"https:\/\/radioljubuski.ba\/index.php\/wp-json\/wp\/v2\/comments?post=26789"}],"version-history":[{"count":1,"href":"https:\/\/radioljubuski.ba\/index.php\/wp-json\/wp\/v2\/posts\/26789\/revisions"}],"predecessor-version":[{"id":26791,"href":"https:\/\/radioljubuski.ba\/index.php\/wp-json\/wp\/v2\/posts\/26789\/revisions\/26791"}],"wp:featuredmedia":[{"embeddable":true,"href":"https:\/\/radioljubuski.ba\/index.php\/wp-json\/wp\/v2\/media\/26790"}],"wp:attachment":[{"href":"https:\/\/radioljubuski.ba\/index.php\/wp-json\/wp\/v2\/media?parent=26789"}],"wp:term":[{"taxonomy":"category","embeddable":true,"href":"https:\/\/radioljubuski.ba\/index.php\/wp-json\/wp\/v2\/categories?post=26789"},{"taxonomy":"post_tag","embeddable":true,"href":"https:\/\/radioljubuski.ba\/index.php\/wp-json\/wp\/v2\/tags?post=26789"}],"curies":[{"name":"wp","href":"https:\/\/api.w.org\/{rel}","templated":true}]}}