{"id":2687,"date":"2021-03-11T10:10:55","date_gmt":"2021-03-11T09:10:55","guid":{"rendered":"https:\/\/radioljubuski.ba\/?p=2687"},"modified":"2021-03-11T10:10:55","modified_gmt":"2021-03-11T09:10:55","slug":"marin-sego-podbadali-smo-se-u-klubu-s-francuzima-i-portugalcima-sanjamo-tokio","status":"publish","type":"post","link":"https:\/\/radioljubuski.ba\/index.php\/2021\/03\/11\/marin-sego-podbadali-smo-se-u-klubu-s-francuzima-i-portugalcima-sanjamo-tokio\/","title":{"rendered":"Marin \u0160ego: Podbadali smo se u klubu s Francuzima i Portugalcima. Sanjamo Tokio"},"content":{"rendered":"\n<p><strong>Hrvatska reprezentacija u petak kre\u0107e s kvalifikacijama za Olimpijske Igre sljede\u0107e godine, a &#8216;kaubojima&#8217; \u0107e na putu prema Tokiju stajati Francuska, Portugal i Tunis.<\/strong><\/p>\n\n\n\n<p>Kvalifikacijski turnir u Montpellieru otvaramo s doma\u0107inom u petak u 21 sati, zatim slijedi Portugal u subotu u 18.30, a zatvaramo s Tunisom u nedjelju tako\u0111er u 18.30.<\/p>\n\n\n\n<p>&#8216;Kauboji&#8217; su posljednji trening uo\u010di leta za Francusku odradili u Kutiji \u0161ibica.<\/p>\n\n\n\n<p>Prvi golman reprezentacije brani za Montpellier, stoga trenira i sa nekoliko francuskih reprezentativaca, kao i s dva Portugalca.<\/p>\n\n\n\n<p><em>&#8220;Moramo biti optimisti\u010dni. To je ve\u0107 bilo i pro\u0161lo. Najva\u017enije da smo svi zdravi i i nadamo se dobrom rezultatu u Montpellieru. Igram s nekoliko njih u klubu, oni su pod ve\u0107im pritiskom. Oni igraju doma, imaju novog trenera. U posljednje vrijeme ne igraju kako su navikli, no to je svejedno jedna od najboljih mom\u010dadi na svijetu, ali mi se nadamo dobrom turniru. Ve\u0107 se odavno &#8216;podbadamo&#8217;, tako\u0111er i sa dva Portugalca koji su sa mnom u klubu&#8221;,<\/em>&nbsp;rekao je Marin \u0160ego prije posljednjeg treninga uo\u010di odlaska u Francusku.<\/p>\n\n\n\n<p>\u0160ego je imao problema s gle\u017enjem zbog kojeg nije imao veliku minuta\u017eu u Egiptu, no problemi s nogom sada su iza njega.<\/p>\n\n\n\n<p><em>&#8220;Zglob me ne boli, preventivno ga banda\u017eiram, ali nemam nikakvih problema. Najvi\u0161e smo se bavili analizom, igramo tri utakmice u tri dana. Najvi\u0161e smo analizirali Francuze jer s njima prvo igramo. Jo\u0161 nikad nisam bio na Olimpijskim igrama, a to je san svakog sporta\u0161a. Francuzi su vrhunska ekipa, znamo svi \u0161to se dogodilo s s njihovim golmanom tako da oni imaju odre\u0111enih problema unutar mom\u010dadi, ali svejedno se radi o odli\u010dnoj mom\u010dadi&#8221;<\/em>, zaklju\u010dio je.<\/p>\n\n\n\n<p><strong>Izvor: Iks-portal.info<\/strong><\/p>\n","protected":false},"excerpt":{"rendered":"<p>Hrvatska reprezentacija u petak kre\u0107e s kvalifikacijama za Olimpijske Igre sljede\u0107e godine, a &#8216;kaubojima&#8217; \u0107e na putu prema Tokiju stajati Francuska, Portugal i Tunis. Kvalifikacijski turnir u Montpellieru otvaramo s doma\u0107inom u petak u 21 sati, zatim slijedi Portugal u subotu u 18.30, a zatvaramo s Tunisom u nedjelju tako\u0111er u 18.30. &#8216;Kauboji&#8217; su posljednji [&hellip;]<\/p>\n","protected":false},"author":2,"featured_media":2688,"comment_status":"closed","ping_status":"closed","sticky":false,"template":"","format":"standard","meta":{"h5ap_radio_sources":[],"footnotes":""},"categories":[1],"tags":[],"class_list":["post-2687","post","type-post","status-publish","format-standard","has-post-thumbnail","hentry","category-bihiregija"],"yoast_head":"<!-- This site is optimized with the Yoast SEO plugin v27.5 - https:\/\/yoast.com\/product\/yoast-seo-wordpress\/ -->\n<title>Marin \u0160ego: Podbadali smo se u klubu s Francuzima i Portugalcima. Sanjamo Tokio - RADIO LJUBU\u0160KI<\/title>\n<meta name=\"robots\" content=\"index, follow, max-snippet:-1, max-image-preview:large, max-video-preview:-1\" \/>\n<link rel=\"canonical\" href=\"https:\/\/radioljubuski.ba\/index.php\/2021\/03\/11\/marin-sego-podbadali-smo-se-u-klubu-s-francuzima-i-portugalcima-sanjamo-tokio\/\" \/>\n<meta property=\"og:locale\" content=\"hr_HR\" \/>\n<meta property=\"og:type\" content=\"article\" \/>\n<meta property=\"og:title\" content=\"Marin \u0160ego: Podbadali smo se u klubu s Francuzima i Portugalcima. Sanjamo Tokio - RADIO LJUBU\u0160KI\" \/>\n<meta property=\"og:description\" content=\"Hrvatska reprezentacija u petak kre\u0107e s kvalifikacijama za Olimpijske Igre sljede\u0107e godine, a &#8216;kaubojima&#8217; \u0107e na putu prema Tokiju stajati Francuska, Portugal i Tunis. Kvalifikacijski turnir u Montpellieru otvaramo s doma\u0107inom u petak u 21 sati, zatim slijedi Portugal u subotu u 18.30, a zatvaramo s Tunisom u nedjelju tako\u0111er u 18.30. &#8216;Kauboji&#8217; su posljednji [&hellip;]\" \/>\n<meta property=\"og:url\" content=\"https:\/\/radioljubuski.ba\/index.php\/2021\/03\/11\/marin-sego-podbadali-smo-se-u-klubu-s-francuzima-i-portugalcima-sanjamo-tokio\/\" \/>\n<meta property=\"og:site_name\" content=\"RADIO LJUBU\u0160KI\" \/>\n<meta property=\"article:publisher\" content=\"https:\/\/www.facebook.com\/Radiio-Ljubuski-1490835324566332\" \/>\n<meta property=\"article:published_time\" content=\"2021-03-11T09:10:55+00:00\" \/>\n<meta property=\"og:image\" content=\"https:\/\/radioljubuski.ba\/wp-content\/uploads\/2021\/03\/marin-sego.jpg\" \/>\n\t<meta property=\"og:image:width\" content=\"1024\" \/>\n\t<meta property=\"og:image:height\" content=\"480\" \/>\n\t<meta property=\"og:image:type\" content=\"image\/jpeg\" \/>\n<meta name=\"author\" content=\"Radio Ljubu\u0161ki\" \/>\n<meta name=\"twitter:card\" content=\"summary_large_image\" \/>\n<meta name=\"twitter:creator\" content=\"@radioljubuski\" \/>\n<meta name=\"twitter:site\" content=\"@radioljubuski\" \/>\n<meta name=\"twitter:label1\" content=\"Napisao\/la\" \/>\n\t<meta name=\"twitter:data1\" content=\"Radio Ljubu\u0161ki\" \/>\n\t<meta name=\"twitter:label2\" content=\"Procijenjeno vrijeme \u010ditanja\" \/>\n\t<meta name=\"twitter:data2\" content=\"2 minute\" \/>\n<script type=\"application\/ld+json\" class=\"yoast-schema-graph\">{\"@context\":\"https:\\\/\\\/schema.org\",\"@graph\":[{\"@type\":\"Article\",\"@id\":\"https:\\\/\\\/radioljubuski.ba\\\/index.php\\\/2021\\\/03\\\/11\\\/marin-sego-podbadali-smo-se-u-klubu-s-francuzima-i-portugalcima-sanjamo-tokio\\\/#article\",\"isPartOf\":{\"@id\":\"https:\\\/\\\/radioljubuski.ba\\\/index.php\\\/2021\\\/03\\\/11\\\/marin-sego-podbadali-smo-se-u-klubu-s-francuzima-i-portugalcima-sanjamo-tokio\\\/\"},\"author\":{\"name\":\"Radio Ljubu\u0161ki\",\"@id\":\"https:\\\/\\\/radioljubuski.ba\\\/#\\\/schema\\\/person\\\/19fc700381a780f69665d7956c469e3b\"},\"headline\":\"Marin \u0160ego: Podbadali smo se u klubu s Francuzima i Portugalcima. Sanjamo Tokio\",\"datePublished\":\"2021-03-11T09:10:55+00:00\",\"mainEntityOfPage\":{\"@id\":\"https:\\\/\\\/radioljubuski.ba\\\/index.php\\\/2021\\\/03\\\/11\\\/marin-sego-podbadali-smo-se-u-klubu-s-francuzima-i-portugalcima-sanjamo-tokio\\\/\"},\"wordCount\":304,\"publisher\":{\"@id\":\"https:\\\/\\\/radioljubuski.ba\\\/#organization\"},\"image\":{\"@id\":\"https:\\\/\\\/radioljubuski.ba\\\/index.php\\\/2021\\\/03\\\/11\\\/marin-sego-podbadali-smo-se-u-klubu-s-francuzima-i-portugalcima-sanjamo-tokio\\\/#primaryimage\"},\"thumbnailUrl\":\"https:\\\/\\\/radioljubuski.ba\\\/wp-content\\\/uploads\\\/2021\\\/03\\\/marin-sego.jpg\",\"articleSection\":[\"BIH i regija\"],\"inLanguage\":\"hr\"},{\"@type\":\"WebPage\",\"@id\":\"https:\\\/\\\/radioljubuski.ba\\\/index.php\\\/2021\\\/03\\\/11\\\/marin-sego-podbadali-smo-se-u-klubu-s-francuzima-i-portugalcima-sanjamo-tokio\\\/\",\"url\":\"https:\\\/\\\/radioljubuski.ba\\\/index.php\\\/2021\\\/03\\\/11\\\/marin-sego-podbadali-smo-se-u-klubu-s-francuzima-i-portugalcima-sanjamo-tokio\\\/\",\"name\":\"Marin \u0160ego: Podbadali smo se u klubu s Francuzima i Portugalcima. Sanjamo Tokio - RADIO LJUBU\u0160KI\",\"isPartOf\":{\"@id\":\"https:\\\/\\\/radioljubuski.ba\\\/#website\"},\"primaryImageOfPage\":{\"@id\":\"https:\\\/\\\/radioljubuski.ba\\\/index.php\\\/2021\\\/03\\\/11\\\/marin-sego-podbadali-smo-se-u-klubu-s-francuzima-i-portugalcima-sanjamo-tokio\\\/#primaryimage\"},\"image\":{\"@id\":\"https:\\\/\\\/radioljubuski.ba\\\/index.php\\\/2021\\\/03\\\/11\\\/marin-sego-podbadali-smo-se-u-klubu-s-francuzima-i-portugalcima-sanjamo-tokio\\\/#primaryimage\"},\"thumbnailUrl\":\"https:\\\/\\\/radioljubuski.ba\\\/wp-content\\\/uploads\\\/2021\\\/03\\\/marin-sego.jpg\",\"datePublished\":\"2021-03-11T09:10:55+00:00\",\"breadcrumb\":{\"@id\":\"https:\\\/\\\/radioljubuski.ba\\\/index.php\\\/2021\\\/03\\\/11\\\/marin-sego-podbadali-smo-se-u-klubu-s-francuzima-i-portugalcima-sanjamo-tokio\\\/#breadcrumb\"},\"inLanguage\":\"hr\",\"potentialAction\":[{\"@type\":\"ReadAction\",\"target\":[\"https:\\\/\\\/radioljubuski.ba\\\/index.php\\\/2021\\\/03\\\/11\\\/marin-sego-podbadali-smo-se-u-klubu-s-francuzima-i-portugalcima-sanjamo-tokio\\\/\"]}]},{\"@type\":\"ImageObject\",\"inLanguage\":\"hr\",\"@id\":\"https:\\\/\\\/radioljubuski.ba\\\/index.php\\\/2021\\\/03\\\/11\\\/marin-sego-podbadali-smo-se-u-klubu-s-francuzima-i-portugalcima-sanjamo-tokio\\\/#primaryimage\",\"url\":\"https:\\\/\\\/radioljubuski.ba\\\/wp-content\\\/uploads\\\/2021\\\/03\\\/marin-sego.jpg\",\"contentUrl\":\"https:\\\/\\\/radioljubuski.ba\\\/wp-content\\\/uploads\\\/2021\\\/03\\\/marin-sego.jpg\",\"width\":1024,\"height\":480},{\"@type\":\"BreadcrumbList\",\"@id\":\"https:\\\/\\\/radioljubuski.ba\\\/index.php\\\/2021\\\/03\\\/11\\\/marin-sego-podbadali-smo-se-u-klubu-s-francuzima-i-portugalcima-sanjamo-tokio\\\/#breadcrumb\",\"itemListElement\":[{\"@type\":\"ListItem\",\"position\":1,\"name\":\"Po\u010detna stranica\",\"item\":\"https:\\\/\\\/radioljubuski.ba\\\/\"},{\"@type\":\"ListItem\",\"position\":2,\"name\":\"Marin \u0160ego: Podbadali smo se u klubu s Francuzima i Portugalcima. Sanjamo Tokio\"}]},{\"@type\":\"WebSite\",\"@id\":\"https:\\\/\\\/radioljubuski.ba\\\/#website\",\"url\":\"https:\\\/\\\/radioljubuski.ba\\\/\",\"name\":\"Radio Ljubu\u0161ki\",\"description\":\"Sun\u010dana frekvencija Hercegovine\",\"publisher\":{\"@id\":\"https:\\\/\\\/radioljubuski.ba\\\/#organization\"},\"potentialAction\":[{\"@type\":\"SearchAction\",\"target\":{\"@type\":\"EntryPoint\",\"urlTemplate\":\"https:\\\/\\\/radioljubuski.ba\\\/?s={search_term_string}\"},\"query-input\":{\"@type\":\"PropertyValueSpecification\",\"valueRequired\":true,\"valueName\":\"search_term_string\"}}],\"inLanguage\":\"hr\"},{\"@type\":\"Organization\",\"@id\":\"https:\\\/\\\/radioljubuski.ba\\\/#organization\",\"name\":\"Radio Ljubu\u0161ki\",\"url\":\"https:\\\/\\\/radioljubuski.ba\\\/\",\"logo\":{\"@type\":\"ImageObject\",\"inLanguage\":\"hr\",\"@id\":\"https:\\\/\\\/radioljubuski.ba\\\/#\\\/schema\\\/logo\\\/image\\\/\",\"url\":\"https:\\\/\\\/radioljubuski.ba\\\/wp-content\\\/uploads\\\/2021\\\/02\\\/cropped-Radio_Ljubuski_logo1.jpg\",\"contentUrl\":\"https:\\\/\\\/radioljubuski.ba\\\/wp-content\\\/uploads\\\/2021\\\/02\\\/cropped-Radio_Ljubuski_logo1.jpg\",\"width\":512,\"height\":512,\"caption\":\"Radio Ljubu\u0161ki\"},\"image\":{\"@id\":\"https:\\\/\\\/radioljubuski.ba\\\/#\\\/schema\\\/logo\\\/image\\\/\"},\"sameAs\":[\"https:\\\/\\\/www.facebook.com\\\/Radiio-Ljubuski-1490835324566332\",\"https:\\\/\\\/x.com\\\/radioljubuski\",\"https:\\\/\\\/hr.linkedin.com\\\/company\\\/radio-ljubuski\",\"https:\\\/\\\/www.youtube.com\\\/channel\\\/UCHYaeO_n0Db3tjNGudGpXyw\"]},{\"@type\":\"Person\",\"@id\":\"https:\\\/\\\/radioljubuski.ba\\\/#\\\/schema\\\/person\\\/19fc700381a780f69665d7956c469e3b\",\"name\":\"Radio Ljubu\u0161ki\"}]}<\/script>\n<!-- \/ Yoast SEO plugin. -->","yoast_head_json":{"title":"Marin \u0160ego: Podbadali smo se u klubu s Francuzima i Portugalcima. Sanjamo Tokio - RADIO LJUBU\u0160KI","robots":{"index":"index","follow":"follow","max-snippet":"max-snippet:-1","max-image-preview":"max-image-preview:large","max-video-preview":"max-video-preview:-1"},"canonical":"https:\/\/radioljubuski.ba\/index.php\/2021\/03\/11\/marin-sego-podbadali-smo-se-u-klubu-s-francuzima-i-portugalcima-sanjamo-tokio\/","og_locale":"hr_HR","og_type":"article","og_title":"Marin \u0160ego: Podbadali smo se u klubu s Francuzima i Portugalcima. Sanjamo Tokio - RADIO LJUBU\u0160KI","og_description":"Hrvatska reprezentacija u petak kre\u0107e s kvalifikacijama za Olimpijske Igre sljede\u0107e godine, a &#8216;kaubojima&#8217; \u0107e na putu prema Tokiju stajati Francuska, Portugal i Tunis. Kvalifikacijski turnir u Montpellieru otvaramo s doma\u0107inom u petak u 21 sati, zatim slijedi Portugal u subotu u 18.30, a zatvaramo s Tunisom u nedjelju tako\u0111er u 18.30. &#8216;Kauboji&#8217; su posljednji [&hellip;]","og_url":"https:\/\/radioljubuski.ba\/index.php\/2021\/03\/11\/marin-sego-podbadali-smo-se-u-klubu-s-francuzima-i-portugalcima-sanjamo-tokio\/","og_site_name":"RADIO LJUBU\u0160KI","article_publisher":"https:\/\/www.facebook.com\/Radiio-Ljubuski-1490835324566332","article_published_time":"2021-03-11T09:10:55+00:00","og_image":[{"width":1024,"height":480,"url":"https:\/\/radioljubuski.ba\/wp-content\/uploads\/2021\/03\/marin-sego.jpg","type":"image\/jpeg"}],"author":"Radio Ljubu\u0161ki","twitter_card":"summary_large_image","twitter_creator":"@radioljubuski","twitter_site":"@radioljubuski","twitter_misc":{"Napisao\/la":"Radio Ljubu\u0161ki","Procijenjeno vrijeme \u010ditanja":"2 minute"},"schema":{"@context":"https:\/\/schema.org","@graph":[{"@type":"Article","@id":"https:\/\/radioljubuski.ba\/index.php\/2021\/03\/11\/marin-sego-podbadali-smo-se-u-klubu-s-francuzima-i-portugalcima-sanjamo-tokio\/#article","isPartOf":{"@id":"https:\/\/radioljubuski.ba\/index.php\/2021\/03\/11\/marin-sego-podbadali-smo-se-u-klubu-s-francuzima-i-portugalcima-sanjamo-tokio\/"},"author":{"name":"Radio Ljubu\u0161ki","@id":"https:\/\/radioljubuski.ba\/#\/schema\/person\/19fc700381a780f69665d7956c469e3b"},"headline":"Marin \u0160ego: Podbadali smo se u klubu s Francuzima i Portugalcima. Sanjamo Tokio","datePublished":"2021-03-11T09:10:55+00:00","mainEntityOfPage":{"@id":"https:\/\/radioljubuski.ba\/index.php\/2021\/03\/11\/marin-sego-podbadali-smo-se-u-klubu-s-francuzima-i-portugalcima-sanjamo-tokio\/"},"wordCount":304,"publisher":{"@id":"https:\/\/radioljubuski.ba\/#organization"},"image":{"@id":"https:\/\/radioljubuski.ba\/index.php\/2021\/03\/11\/marin-sego-podbadali-smo-se-u-klubu-s-francuzima-i-portugalcima-sanjamo-tokio\/#primaryimage"},"thumbnailUrl":"https:\/\/radioljubuski.ba\/wp-content\/uploads\/2021\/03\/marin-sego.jpg","articleSection":["BIH i regija"],"inLanguage":"hr"},{"@type":"WebPage","@id":"https:\/\/radioljubuski.ba\/index.php\/2021\/03\/11\/marin-sego-podbadali-smo-se-u-klubu-s-francuzima-i-portugalcima-sanjamo-tokio\/","url":"https:\/\/radioljubuski.ba\/index.php\/2021\/03\/11\/marin-sego-podbadali-smo-se-u-klubu-s-francuzima-i-portugalcima-sanjamo-tokio\/","name":"Marin \u0160ego: Podbadali smo se u klubu s Francuzima i Portugalcima. Sanjamo Tokio - RADIO LJUBU\u0160KI","isPartOf":{"@id":"https:\/\/radioljubuski.ba\/#website"},"primaryImageOfPage":{"@id":"https:\/\/radioljubuski.ba\/index.php\/2021\/03\/11\/marin-sego-podbadali-smo-se-u-klubu-s-francuzima-i-portugalcima-sanjamo-tokio\/#primaryimage"},"image":{"@id":"https:\/\/radioljubuski.ba\/index.php\/2021\/03\/11\/marin-sego-podbadali-smo-se-u-klubu-s-francuzima-i-portugalcima-sanjamo-tokio\/#primaryimage"},"thumbnailUrl":"https:\/\/radioljubuski.ba\/wp-content\/uploads\/2021\/03\/marin-sego.jpg","datePublished":"2021-03-11T09:10:55+00:00","breadcrumb":{"@id":"https:\/\/radioljubuski.ba\/index.php\/2021\/03\/11\/marin-sego-podbadali-smo-se-u-klubu-s-francuzima-i-portugalcima-sanjamo-tokio\/#breadcrumb"},"inLanguage":"hr","potentialAction":[{"@type":"ReadAction","target":["https:\/\/radioljubuski.ba\/index.php\/2021\/03\/11\/marin-sego-podbadali-smo-se-u-klubu-s-francuzima-i-portugalcima-sanjamo-tokio\/"]}]},{"@type":"ImageObject","inLanguage":"hr","@id":"https:\/\/radioljubuski.ba\/index.php\/2021\/03\/11\/marin-sego-podbadali-smo-se-u-klubu-s-francuzima-i-portugalcima-sanjamo-tokio\/#primaryimage","url":"https:\/\/radioljubuski.ba\/wp-content\/uploads\/2021\/03\/marin-sego.jpg","contentUrl":"https:\/\/radioljubuski.ba\/wp-content\/uploads\/2021\/03\/marin-sego.jpg","width":1024,"height":480},{"@type":"BreadcrumbList","@id":"https:\/\/radioljubuski.ba\/index.php\/2021\/03\/11\/marin-sego-podbadali-smo-se-u-klubu-s-francuzima-i-portugalcima-sanjamo-tokio\/#breadcrumb","itemListElement":[{"@type":"ListItem","position":1,"name":"Po\u010detna stranica","item":"https:\/\/radioljubuski.ba\/"},{"@type":"ListItem","position":2,"name":"Marin \u0160ego: Podbadali smo se u klubu s Francuzima i Portugalcima. Sanjamo Tokio"}]},{"@type":"WebSite","@id":"https:\/\/radioljubuski.ba\/#website","url":"https:\/\/radioljubuski.ba\/","name":"Radio Ljubu\u0161ki","description":"Sun\u010dana frekvencija Hercegovine","publisher":{"@id":"https:\/\/radioljubuski.ba\/#organization"},"potentialAction":[{"@type":"SearchAction","target":{"@type":"EntryPoint","urlTemplate":"https:\/\/radioljubuski.ba\/?s={search_term_string}"},"query-input":{"@type":"PropertyValueSpecification","valueRequired":true,"valueName":"search_term_string"}}],"inLanguage":"hr"},{"@type":"Organization","@id":"https:\/\/radioljubuski.ba\/#organization","name":"Radio Ljubu\u0161ki","url":"https:\/\/radioljubuski.ba\/","logo":{"@type":"ImageObject","inLanguage":"hr","@id":"https:\/\/radioljubuski.ba\/#\/schema\/logo\/image\/","url":"https:\/\/radioljubuski.ba\/wp-content\/uploads\/2021\/02\/cropped-Radio_Ljubuski_logo1.jpg","contentUrl":"https:\/\/radioljubuski.ba\/wp-content\/uploads\/2021\/02\/cropped-Radio_Ljubuski_logo1.jpg","width":512,"height":512,"caption":"Radio Ljubu\u0161ki"},"image":{"@id":"https:\/\/radioljubuski.ba\/#\/schema\/logo\/image\/"},"sameAs":["https:\/\/www.facebook.com\/Radiio-Ljubuski-1490835324566332","https:\/\/x.com\/radioljubuski","https:\/\/hr.linkedin.com\/company\/radio-ljubuski","https:\/\/www.youtube.com\/channel\/UCHYaeO_n0Db3tjNGudGpXyw"]},{"@type":"Person","@id":"https:\/\/radioljubuski.ba\/#\/schema\/person\/19fc700381a780f69665d7956c469e3b","name":"Radio Ljubu\u0161ki"}]}},"_links":{"self":[{"href":"https:\/\/radioljubuski.ba\/index.php\/wp-json\/wp\/v2\/posts\/2687","targetHints":{"allow":["GET"]}}],"collection":[{"href":"https:\/\/radioljubuski.ba\/index.php\/wp-json\/wp\/v2\/posts"}],"about":[{"href":"https:\/\/radioljubuski.ba\/index.php\/wp-json\/wp\/v2\/types\/post"}],"author":[{"embeddable":true,"href":"https:\/\/radioljubuski.ba\/index.php\/wp-json\/wp\/v2\/users\/2"}],"replies":[{"embeddable":true,"href":"https:\/\/radioljubuski.ba\/index.php\/wp-json\/wp\/v2\/comments?post=2687"}],"version-history":[{"count":1,"href":"https:\/\/radioljubuski.ba\/index.php\/wp-json\/wp\/v2\/posts\/2687\/revisions"}],"predecessor-version":[{"id":2689,"href":"https:\/\/radioljubuski.ba\/index.php\/wp-json\/wp\/v2\/posts\/2687\/revisions\/2689"}],"wp:featuredmedia":[{"embeddable":true,"href":"https:\/\/radioljubuski.ba\/index.php\/wp-json\/wp\/v2\/media\/2688"}],"wp:attachment":[{"href":"https:\/\/radioljubuski.ba\/index.php\/wp-json\/wp\/v2\/media?parent=2687"}],"wp:term":[{"taxonomy":"category","embeddable":true,"href":"https:\/\/radioljubuski.ba\/index.php\/wp-json\/wp\/v2\/categories?post=2687"},{"taxonomy":"post_tag","embeddable":true,"href":"https:\/\/radioljubuski.ba\/index.php\/wp-json\/wp\/v2\/tags?post=2687"}],"curies":[{"name":"wp","href":"https:\/\/api.w.org\/{rel}","templated":true}]}}