{"id":2690,"date":"2021-03-11T10:12:05","date_gmt":"2021-03-11T09:12:05","guid":{"rendered":"https:\/\/radioljubuski.ba\/?p=2690"},"modified":"2021-03-11T10:12:05","modified_gmt":"2021-03-11T09:12:05","slug":"hercegovina-sprema-novu-turisticku-ponudu-video","status":"publish","type":"post","link":"https:\/\/radioljubuski.ba\/index.php\/2021\/03\/11\/hercegovina-sprema-novu-turisticku-ponudu-video\/","title":{"rendered":"Hercegovina sprema novu turisti\u010dku ponudu &#8211; video"},"content":{"rendered":"\n<p><strong>Europski projekt MAPPAE, u okviru kojeg \u0107e biti kreirane turisti\u010dke rute koje \u0107e promovirati ljekovito i aromati\u010dno bilje, predstavljen je u \u0160irokom Brijegu.<\/strong><\/p>\n\n\n\n<p>&#8220;Smatram da je ovaj projekt od iznimnog zna\u010daja ne samo za BiH nego i za cijelu regiju. Projekt se doti\u010de onog dijela turisti\u010dke ponude koji je do sada bio zanemaren. Ovo je ne\u0161to novo i ne\u0161to u \u0161to smo se uklju\u010dili u s dr\u017eavama Mediterana koje imaju sli\u010dnu ponudu. Mislim da \u0107e ove ture, kada popusti situacija s koronom, biti zanimljive za turiste iz cijelog svijeta&#8221;, kazala je koordinatorica projekta Marija \u017divkovi\u0107.<\/p>\n\n\n\n<p>Projekt MAPPAE (Medicinal and Aromatic Plants Pathways Across Europe &#8211; Putevi ljekovitog i aromati\u010dnog bilja diljem Europe) povezuju\u0107i europska odredi\u0161ta ujedinjena zajedni\u010dkom tradicijom na polju ljekovitih i aromati\u010dnih biljaka u \u0161est europskih dr\u017eava &#8211; Italija, Francuska, Bosna i Hercegovina, Hrvatska, Malta i Cipar.<\/p>\n\n\n\n<p>U okviru projekta isplanirano je 12 itinerara dizajniranih za u\u017eivanje u svijetu aromati\u010dnog bilja i mirisa, po dva u svakoj zemlji.<\/p>\n\n\n\n<p>Kroz projekt su razvijeni digitalni alati kao \u0161to su web portal, video i multimedijski sadr\u017eaj te posebna aplikacija koja koristi inovativne mobilne tehnologije.<\/p>\n\n\n\n<figure class=\"wp-block-embed is-type-rich is-provider-youtube wp-block-embed-youtube\"><div class=\"wp-block-embed__wrapper\">\n<iframe loading=\"lazy\" title=\"RTV HB | Turizam poja\u010dan autenti\u010dnim mirisom i okusom\" width=\"640\" height=\"360\" src=\"https:\/\/www.youtube.com\/embed\/FKCF9Uv3KUQ?feature=oembed\" frameborder=\"0\" allow=\"accelerometer; autoplay; clipboard-write; encrypted-media; gyroscope; picture-in-picture; web-share\" referrerpolicy=\"strict-origin-when-cross-origin\" allowfullscreen><\/iframe>\n<\/div><\/figure>\n\n\n\n<p>Partneri na projektu su Associazione Le Terre dei Savoia (Italija), Heritage Srl (Italija), WAWU (Francuska), Troodos Network (Cipar), Zamjenik Ministra turizma Cipra (Cipar), Miomirisni Oto\u010dki Vrt (Hrvatska), Gradsko vije\u0107e grada Gharb (Malta) i Kadar d.o.o. (Bosna i Hercegovina).<\/p>\n\n\n\n<p><strong>Izvor: iks-portal.info<\/strong><\/p>\n","protected":false},"excerpt":{"rendered":"<p>Europski projekt MAPPAE, u okviru kojeg \u0107e biti kreirane turisti\u010dke rute koje \u0107e promovirati ljekovito i aromati\u010dno bilje, predstavljen je u \u0160irokom Brijegu. &#8220;Smatram da je ovaj projekt od iznimnog zna\u010daja ne samo za BiH nego i za cijelu regiju. Projekt se doti\u010de onog dijela turisti\u010dke ponude koji je do sada bio zanemaren. Ovo je [&hellip;]<\/p>\n","protected":false},"author":2,"featured_media":2691,"comment_status":"closed","ping_status":"closed","sticky":false,"template":"","format":"standard","meta":{"h5ap_radio_sources":[],"footnotes":""},"categories":[1],"tags":[],"class_list":["post-2690","post","type-post","status-publish","format-standard","has-post-thumbnail","hentry","category-bihiregija"],"yoast_head":"<!-- This site is optimized with the Yoast SEO plugin v27.5 - https:\/\/yoast.com\/product\/yoast-seo-wordpress\/ -->\n<title>Hercegovina sprema novu turisti\u010dku ponudu - video - RADIO LJUBU\u0160KI<\/title>\n<meta name=\"robots\" content=\"index, follow, max-snippet:-1, max-image-preview:large, max-video-preview:-1\" \/>\n<link rel=\"canonical\" href=\"https:\/\/radioljubuski.ba\/index.php\/2021\/03\/11\/hercegovina-sprema-novu-turisticku-ponudu-video\/\" \/>\n<meta property=\"og:locale\" content=\"hr_HR\" \/>\n<meta property=\"og:type\" content=\"article\" \/>\n<meta property=\"og:title\" content=\"Hercegovina sprema novu turisti\u010dku ponudu - video - RADIO LJUBU\u0160KI\" \/>\n<meta property=\"og:description\" content=\"Europski projekt MAPPAE, u okviru kojeg \u0107e biti kreirane turisti\u010dke rute koje \u0107e promovirati ljekovito i aromati\u010dno bilje, predstavljen je u \u0160irokom Brijegu. &#8220;Smatram da je ovaj projekt od iznimnog zna\u010daja ne samo za BiH nego i za cijelu regiju. Projekt se doti\u010de onog dijela turisti\u010dke ponude koji je do sada bio zanemaren. Ovo je [&hellip;]\" \/>\n<meta property=\"og:url\" content=\"https:\/\/radioljubuski.ba\/index.php\/2021\/03\/11\/hercegovina-sprema-novu-turisticku-ponudu-video\/\" \/>\n<meta property=\"og:site_name\" content=\"RADIO LJUBU\u0160KI\" \/>\n<meta property=\"article:publisher\" content=\"https:\/\/www.facebook.com\/Radiio-Ljubuski-1490835324566332\" \/>\n<meta property=\"article:published_time\" content=\"2021-03-11T09:12:05+00:00\" \/>\n<meta property=\"og:image\" content=\"https:\/\/radioljubuski.ba\/wp-content\/uploads\/2021\/03\/smilje.jpg\" \/>\n\t<meta property=\"og:image:width\" content=\"1024\" \/>\n\t<meta property=\"og:image:height\" content=\"568\" \/>\n\t<meta property=\"og:image:type\" content=\"image\/jpeg\" \/>\n<meta name=\"author\" content=\"Radio Ljubu\u0161ki\" \/>\n<meta name=\"twitter:card\" content=\"summary_large_image\" \/>\n<meta name=\"twitter:creator\" content=\"@radioljubuski\" \/>\n<meta name=\"twitter:site\" content=\"@radioljubuski\" \/>\n<meta name=\"twitter:label1\" content=\"Napisao\/la\" \/>\n\t<meta name=\"twitter:data1\" content=\"Radio Ljubu\u0161ki\" \/>\n\t<meta name=\"twitter:label2\" content=\"Procijenjeno vrijeme \u010ditanja\" \/>\n\t<meta name=\"twitter:data2\" content=\"1 minuta\" \/>\n<script type=\"application\/ld+json\" class=\"yoast-schema-graph\">{\"@context\":\"https:\\\/\\\/schema.org\",\"@graph\":[{\"@type\":\"Article\",\"@id\":\"https:\\\/\\\/radioljubuski.ba\\\/index.php\\\/2021\\\/03\\\/11\\\/hercegovina-sprema-novu-turisticku-ponudu-video\\\/#article\",\"isPartOf\":{\"@id\":\"https:\\\/\\\/radioljubuski.ba\\\/index.php\\\/2021\\\/03\\\/11\\\/hercegovina-sprema-novu-turisticku-ponudu-video\\\/\"},\"author\":{\"name\":\"Radio Ljubu\u0161ki\",\"@id\":\"https:\\\/\\\/radioljubuski.ba\\\/#\\\/schema\\\/person\\\/19fc700381a780f69665d7956c469e3b\"},\"headline\":\"Hercegovina sprema novu turisti\u010dku ponudu &#8211; video\",\"datePublished\":\"2021-03-11T09:12:05+00:00\",\"mainEntityOfPage\":{\"@id\":\"https:\\\/\\\/radioljubuski.ba\\\/index.php\\\/2021\\\/03\\\/11\\\/hercegovina-sprema-novu-turisticku-ponudu-video\\\/\"},\"wordCount\":262,\"publisher\":{\"@id\":\"https:\\\/\\\/radioljubuski.ba\\\/#organization\"},\"image\":{\"@id\":\"https:\\\/\\\/radioljubuski.ba\\\/index.php\\\/2021\\\/03\\\/11\\\/hercegovina-sprema-novu-turisticku-ponudu-video\\\/#primaryimage\"},\"thumbnailUrl\":\"https:\\\/\\\/radioljubuski.ba\\\/wp-content\\\/uploads\\\/2021\\\/03\\\/smilje.jpg\",\"articleSection\":[\"BIH i regija\"],\"inLanguage\":\"hr\"},{\"@type\":\"WebPage\",\"@id\":\"https:\\\/\\\/radioljubuski.ba\\\/index.php\\\/2021\\\/03\\\/11\\\/hercegovina-sprema-novu-turisticku-ponudu-video\\\/\",\"url\":\"https:\\\/\\\/radioljubuski.ba\\\/index.php\\\/2021\\\/03\\\/11\\\/hercegovina-sprema-novu-turisticku-ponudu-video\\\/\",\"name\":\"Hercegovina sprema novu turisti\u010dku ponudu - video - RADIO LJUBU\u0160KI\",\"isPartOf\":{\"@id\":\"https:\\\/\\\/radioljubuski.ba\\\/#website\"},\"primaryImageOfPage\":{\"@id\":\"https:\\\/\\\/radioljubuski.ba\\\/index.php\\\/2021\\\/03\\\/11\\\/hercegovina-sprema-novu-turisticku-ponudu-video\\\/#primaryimage\"},\"image\":{\"@id\":\"https:\\\/\\\/radioljubuski.ba\\\/index.php\\\/2021\\\/03\\\/11\\\/hercegovina-sprema-novu-turisticku-ponudu-video\\\/#primaryimage\"},\"thumbnailUrl\":\"https:\\\/\\\/radioljubuski.ba\\\/wp-content\\\/uploads\\\/2021\\\/03\\\/smilje.jpg\",\"datePublished\":\"2021-03-11T09:12:05+00:00\",\"breadcrumb\":{\"@id\":\"https:\\\/\\\/radioljubuski.ba\\\/index.php\\\/2021\\\/03\\\/11\\\/hercegovina-sprema-novu-turisticku-ponudu-video\\\/#breadcrumb\"},\"inLanguage\":\"hr\",\"potentialAction\":[{\"@type\":\"ReadAction\",\"target\":[\"https:\\\/\\\/radioljubuski.ba\\\/index.php\\\/2021\\\/03\\\/11\\\/hercegovina-sprema-novu-turisticku-ponudu-video\\\/\"]}]},{\"@type\":\"ImageObject\",\"inLanguage\":\"hr\",\"@id\":\"https:\\\/\\\/radioljubuski.ba\\\/index.php\\\/2021\\\/03\\\/11\\\/hercegovina-sprema-novu-turisticku-ponudu-video\\\/#primaryimage\",\"url\":\"https:\\\/\\\/radioljubuski.ba\\\/wp-content\\\/uploads\\\/2021\\\/03\\\/smilje.jpg\",\"contentUrl\":\"https:\\\/\\\/radioljubuski.ba\\\/wp-content\\\/uploads\\\/2021\\\/03\\\/smilje.jpg\",\"width\":1024,\"height\":568},{\"@type\":\"BreadcrumbList\",\"@id\":\"https:\\\/\\\/radioljubuski.ba\\\/index.php\\\/2021\\\/03\\\/11\\\/hercegovina-sprema-novu-turisticku-ponudu-video\\\/#breadcrumb\",\"itemListElement\":[{\"@type\":\"ListItem\",\"position\":1,\"name\":\"Po\u010detna stranica\",\"item\":\"https:\\\/\\\/radioljubuski.ba\\\/\"},{\"@type\":\"ListItem\",\"position\":2,\"name\":\"Hercegovina sprema novu turisti\u010dku ponudu &#8211; video\"}]},{\"@type\":\"WebSite\",\"@id\":\"https:\\\/\\\/radioljubuski.ba\\\/#website\",\"url\":\"https:\\\/\\\/radioljubuski.ba\\\/\",\"name\":\"Radio Ljubu\u0161ki\",\"description\":\"Sun\u010dana frekvencija Hercegovine\",\"publisher\":{\"@id\":\"https:\\\/\\\/radioljubuski.ba\\\/#organization\"},\"potentialAction\":[{\"@type\":\"SearchAction\",\"target\":{\"@type\":\"EntryPoint\",\"urlTemplate\":\"https:\\\/\\\/radioljubuski.ba\\\/?s={search_term_string}\"},\"query-input\":{\"@type\":\"PropertyValueSpecification\",\"valueRequired\":true,\"valueName\":\"search_term_string\"}}],\"inLanguage\":\"hr\"},{\"@type\":\"Organization\",\"@id\":\"https:\\\/\\\/radioljubuski.ba\\\/#organization\",\"name\":\"Radio Ljubu\u0161ki\",\"url\":\"https:\\\/\\\/radioljubuski.ba\\\/\",\"logo\":{\"@type\":\"ImageObject\",\"inLanguage\":\"hr\",\"@id\":\"https:\\\/\\\/radioljubuski.ba\\\/#\\\/schema\\\/logo\\\/image\\\/\",\"url\":\"https:\\\/\\\/radioljubuski.ba\\\/wp-content\\\/uploads\\\/2021\\\/02\\\/cropped-Radio_Ljubuski_logo1.jpg\",\"contentUrl\":\"https:\\\/\\\/radioljubuski.ba\\\/wp-content\\\/uploads\\\/2021\\\/02\\\/cropped-Radio_Ljubuski_logo1.jpg\",\"width\":512,\"height\":512,\"caption\":\"Radio Ljubu\u0161ki\"},\"image\":{\"@id\":\"https:\\\/\\\/radioljubuski.ba\\\/#\\\/schema\\\/logo\\\/image\\\/\"},\"sameAs\":[\"https:\\\/\\\/www.facebook.com\\\/Radiio-Ljubuski-1490835324566332\",\"https:\\\/\\\/x.com\\\/radioljubuski\",\"https:\\\/\\\/hr.linkedin.com\\\/company\\\/radio-ljubuski\",\"https:\\\/\\\/www.youtube.com\\\/channel\\\/UCHYaeO_n0Db3tjNGudGpXyw\"]},{\"@type\":\"Person\",\"@id\":\"https:\\\/\\\/radioljubuski.ba\\\/#\\\/schema\\\/person\\\/19fc700381a780f69665d7956c469e3b\",\"name\":\"Radio Ljubu\u0161ki\"}]}<\/script>\n<!-- \/ Yoast SEO plugin. -->","yoast_head_json":{"title":"Hercegovina sprema novu turisti\u010dku ponudu - video - RADIO LJUBU\u0160KI","robots":{"index":"index","follow":"follow","max-snippet":"max-snippet:-1","max-image-preview":"max-image-preview:large","max-video-preview":"max-video-preview:-1"},"canonical":"https:\/\/radioljubuski.ba\/index.php\/2021\/03\/11\/hercegovina-sprema-novu-turisticku-ponudu-video\/","og_locale":"hr_HR","og_type":"article","og_title":"Hercegovina sprema novu turisti\u010dku ponudu - video - RADIO LJUBU\u0160KI","og_description":"Europski projekt MAPPAE, u okviru kojeg \u0107e biti kreirane turisti\u010dke rute koje \u0107e promovirati ljekovito i aromati\u010dno bilje, predstavljen je u \u0160irokom Brijegu. &#8220;Smatram da je ovaj projekt od iznimnog zna\u010daja ne samo za BiH nego i za cijelu regiju. Projekt se doti\u010de onog dijela turisti\u010dke ponude koji je do sada bio zanemaren. Ovo je [&hellip;]","og_url":"https:\/\/radioljubuski.ba\/index.php\/2021\/03\/11\/hercegovina-sprema-novu-turisticku-ponudu-video\/","og_site_name":"RADIO LJUBU\u0160KI","article_publisher":"https:\/\/www.facebook.com\/Radiio-Ljubuski-1490835324566332","article_published_time":"2021-03-11T09:12:05+00:00","og_image":[{"width":1024,"height":568,"url":"https:\/\/radioljubuski.ba\/wp-content\/uploads\/2021\/03\/smilje.jpg","type":"image\/jpeg"}],"author":"Radio Ljubu\u0161ki","twitter_card":"summary_large_image","twitter_creator":"@radioljubuski","twitter_site":"@radioljubuski","twitter_misc":{"Napisao\/la":"Radio Ljubu\u0161ki","Procijenjeno vrijeme \u010ditanja":"1 minuta"},"schema":{"@context":"https:\/\/schema.org","@graph":[{"@type":"Article","@id":"https:\/\/radioljubuski.ba\/index.php\/2021\/03\/11\/hercegovina-sprema-novu-turisticku-ponudu-video\/#article","isPartOf":{"@id":"https:\/\/radioljubuski.ba\/index.php\/2021\/03\/11\/hercegovina-sprema-novu-turisticku-ponudu-video\/"},"author":{"name":"Radio Ljubu\u0161ki","@id":"https:\/\/radioljubuski.ba\/#\/schema\/person\/19fc700381a780f69665d7956c469e3b"},"headline":"Hercegovina sprema novu turisti\u010dku ponudu &#8211; video","datePublished":"2021-03-11T09:12:05+00:00","mainEntityOfPage":{"@id":"https:\/\/radioljubuski.ba\/index.php\/2021\/03\/11\/hercegovina-sprema-novu-turisticku-ponudu-video\/"},"wordCount":262,"publisher":{"@id":"https:\/\/radioljubuski.ba\/#organization"},"image":{"@id":"https:\/\/radioljubuski.ba\/index.php\/2021\/03\/11\/hercegovina-sprema-novu-turisticku-ponudu-video\/#primaryimage"},"thumbnailUrl":"https:\/\/radioljubuski.ba\/wp-content\/uploads\/2021\/03\/smilje.jpg","articleSection":["BIH i regija"],"inLanguage":"hr"},{"@type":"WebPage","@id":"https:\/\/radioljubuski.ba\/index.php\/2021\/03\/11\/hercegovina-sprema-novu-turisticku-ponudu-video\/","url":"https:\/\/radioljubuski.ba\/index.php\/2021\/03\/11\/hercegovina-sprema-novu-turisticku-ponudu-video\/","name":"Hercegovina sprema novu turisti\u010dku ponudu - video - RADIO LJUBU\u0160KI","isPartOf":{"@id":"https:\/\/radioljubuski.ba\/#website"},"primaryImageOfPage":{"@id":"https:\/\/radioljubuski.ba\/index.php\/2021\/03\/11\/hercegovina-sprema-novu-turisticku-ponudu-video\/#primaryimage"},"image":{"@id":"https:\/\/radioljubuski.ba\/index.php\/2021\/03\/11\/hercegovina-sprema-novu-turisticku-ponudu-video\/#primaryimage"},"thumbnailUrl":"https:\/\/radioljubuski.ba\/wp-content\/uploads\/2021\/03\/smilje.jpg","datePublished":"2021-03-11T09:12:05+00:00","breadcrumb":{"@id":"https:\/\/radioljubuski.ba\/index.php\/2021\/03\/11\/hercegovina-sprema-novu-turisticku-ponudu-video\/#breadcrumb"},"inLanguage":"hr","potentialAction":[{"@type":"ReadAction","target":["https:\/\/radioljubuski.ba\/index.php\/2021\/03\/11\/hercegovina-sprema-novu-turisticku-ponudu-video\/"]}]},{"@type":"ImageObject","inLanguage":"hr","@id":"https:\/\/radioljubuski.ba\/index.php\/2021\/03\/11\/hercegovina-sprema-novu-turisticku-ponudu-video\/#primaryimage","url":"https:\/\/radioljubuski.ba\/wp-content\/uploads\/2021\/03\/smilje.jpg","contentUrl":"https:\/\/radioljubuski.ba\/wp-content\/uploads\/2021\/03\/smilje.jpg","width":1024,"height":568},{"@type":"BreadcrumbList","@id":"https:\/\/radioljubuski.ba\/index.php\/2021\/03\/11\/hercegovina-sprema-novu-turisticku-ponudu-video\/#breadcrumb","itemListElement":[{"@type":"ListItem","position":1,"name":"Po\u010detna stranica","item":"https:\/\/radioljubuski.ba\/"},{"@type":"ListItem","position":2,"name":"Hercegovina sprema novu turisti\u010dku ponudu &#8211; video"}]},{"@type":"WebSite","@id":"https:\/\/radioljubuski.ba\/#website","url":"https:\/\/radioljubuski.ba\/","name":"Radio Ljubu\u0161ki","description":"Sun\u010dana frekvencija Hercegovine","publisher":{"@id":"https:\/\/radioljubuski.ba\/#organization"},"potentialAction":[{"@type":"SearchAction","target":{"@type":"EntryPoint","urlTemplate":"https:\/\/radioljubuski.ba\/?s={search_term_string}"},"query-input":{"@type":"PropertyValueSpecification","valueRequired":true,"valueName":"search_term_string"}}],"inLanguage":"hr"},{"@type":"Organization","@id":"https:\/\/radioljubuski.ba\/#organization","name":"Radio Ljubu\u0161ki","url":"https:\/\/radioljubuski.ba\/","logo":{"@type":"ImageObject","inLanguage":"hr","@id":"https:\/\/radioljubuski.ba\/#\/schema\/logo\/image\/","url":"https:\/\/radioljubuski.ba\/wp-content\/uploads\/2021\/02\/cropped-Radio_Ljubuski_logo1.jpg","contentUrl":"https:\/\/radioljubuski.ba\/wp-content\/uploads\/2021\/02\/cropped-Radio_Ljubuski_logo1.jpg","width":512,"height":512,"caption":"Radio Ljubu\u0161ki"},"image":{"@id":"https:\/\/radioljubuski.ba\/#\/schema\/logo\/image\/"},"sameAs":["https:\/\/www.facebook.com\/Radiio-Ljubuski-1490835324566332","https:\/\/x.com\/radioljubuski","https:\/\/hr.linkedin.com\/company\/radio-ljubuski","https:\/\/www.youtube.com\/channel\/UCHYaeO_n0Db3tjNGudGpXyw"]},{"@type":"Person","@id":"https:\/\/radioljubuski.ba\/#\/schema\/person\/19fc700381a780f69665d7956c469e3b","name":"Radio Ljubu\u0161ki"}]}},"_links":{"self":[{"href":"https:\/\/radioljubuski.ba\/index.php\/wp-json\/wp\/v2\/posts\/2690","targetHints":{"allow":["GET"]}}],"collection":[{"href":"https:\/\/radioljubuski.ba\/index.php\/wp-json\/wp\/v2\/posts"}],"about":[{"href":"https:\/\/radioljubuski.ba\/index.php\/wp-json\/wp\/v2\/types\/post"}],"author":[{"embeddable":true,"href":"https:\/\/radioljubuski.ba\/index.php\/wp-json\/wp\/v2\/users\/2"}],"replies":[{"embeddable":true,"href":"https:\/\/radioljubuski.ba\/index.php\/wp-json\/wp\/v2\/comments?post=2690"}],"version-history":[{"count":1,"href":"https:\/\/radioljubuski.ba\/index.php\/wp-json\/wp\/v2\/posts\/2690\/revisions"}],"predecessor-version":[{"id":2692,"href":"https:\/\/radioljubuski.ba\/index.php\/wp-json\/wp\/v2\/posts\/2690\/revisions\/2692"}],"wp:featuredmedia":[{"embeddable":true,"href":"https:\/\/radioljubuski.ba\/index.php\/wp-json\/wp\/v2\/media\/2691"}],"wp:attachment":[{"href":"https:\/\/radioljubuski.ba\/index.php\/wp-json\/wp\/v2\/media?parent=2690"}],"wp:term":[{"taxonomy":"category","embeddable":true,"href":"https:\/\/radioljubuski.ba\/index.php\/wp-json\/wp\/v2\/categories?post=2690"},{"taxonomy":"post_tag","embeddable":true,"href":"https:\/\/radioljubuski.ba\/index.php\/wp-json\/wp\/v2\/tags?post=2690"}],"curies":[{"name":"wp","href":"https:\/\/api.w.org\/{rel}","templated":true}]}}