{"id":26940,"date":"2021-05-31T12:41:27","date_gmt":"2021-05-31T11:41:27","guid":{"rendered":"https:\/\/radioljubuski.ba\/?p=26940"},"modified":"2021-05-31T12:41:29","modified_gmt":"2021-05-31T11:41:29","slug":"uskoro-odobrenje-prvog-lijeka-za-usporavanje-razvoja-alzheimerove-bolesti","status":"publish","type":"post","link":"https:\/\/radioljubuski.ba\/index.php\/2021\/05\/31\/uskoro-odobrenje-prvog-lijeka-za-usporavanje-razvoja-alzheimerove-bolesti\/","title":{"rendered":"Uskoro odobrenje prvog lijeka za usporavanje razvoja Alzheimerove bolesti?"},"content":{"rendered":"\n<p>Aducanumab, prvi lijek za koji se tvrdi da usporava razvoj Alzheimerove bolesti, mogao bi biti dostupan na tr\u017ei\u0161tu do 2022. godine ako ga odobre regulatorna tijela u Sjedinjenim Dr\u017eavama, prenose britanski mediji.<\/p>\n\n\n\n<p>Iz ameri\u010dke farmaceutske tvrtke Biogen, koja ve\u0107 dugo radi na razvoju ovog medikamenta ka\u017eu da bi aducanumab mogao postati prvi lijek koji \u0107e usporiti razvoj Alzheimerove bolesti u ranoj fazi.<\/p>\n\n\n\n<p>Uprava Biogena nada se da \u0107e idu\u0107i mjesec dobiti &#8216;zeleno svjetlo&#8217; regulatornih tijela te istodobno napominje da lijek ne lije\u010di bolest, ali usporava pogor\u0161anje stanja pacijenata, &#8216;\u010duvaju\u0107i&#8217; njihovo pam\u0107enje, kao i sposobnost snala\u017eenja u svakodnevnom \u017eivotu.<\/p>\n\n\n\n<p>Odluka FDA 7. lipnja<\/p>\n\n\n\n<p>Ameri\u010dka agencija za hranu i lijekove (FDA) bi 7. lipnja trebala donijeti odluku o tomu ho\u0107e li odobriti upotrebu aducanumaba, a lijek bi nakon toga do po\u010detka jeseni mogao biti odobren i u Velikoj Britaniji, pi\u0161e Daily Mirror.<\/p>\n\n\n\n<p>Dr. Susan Kohlaas, voditeljica odjela istra\u017eivanja u britanskome centru Alzheimer&#8217;s Research za Mirror je rekla da je uistinu va\u017eno ustanoviti kako \u0107e pro\u0107i prve terapije koje utje\u010du na razvoj bolesti te da potencijalno lije\u010denje ovim lijekom pru\u017ea &#8220;golemu nadu&#8221;.<\/p>\n\n\n\n<p>&#8220;Ovo bi uistinu mogao biti zna\u010dajan korak u promjeni cijelog jednog istra\u017eiva\u010dkog podru\u010dja&#8221;, smatra dr. Kohlaas.&nbsp;<\/p>\n\n\n\n<p>Demencija uzrokuje kontinuirano propadanje funkcija mozga, \u0161to mo\u017ee utjecati na pam\u0107enje, brzinu razmi\u0161ljanja, govor, raspolo\u017eenje i kretanje. Svrha aducanumaba, lijeka koji je razvila tvrtka Biogen iz Massachusettsa je pridonijeti &#8216;\u010di\u0161\u0107enju&#8217; \u0161tetnih nakupina proteina iz mozga, nazvanih beta-amiloidi.<\/p>\n\n\n\n<p>Preciznije, aducanumab cilja protein amiloid koji formira goleme naslage u mozgu u osoba koje boluju od Alzheimerove bolesti. Znanstvenici vjeruju da su te naslage toksi\u010dne za mo\u017edane stanice i da bi njihovo uklanjanje uz pomo\u0107 ovoga lijeka predstavljalo velik korak u lije\u010denju bolesti, premda ne i u potpunom izlje\u010denju demencije.<\/p>\n\n\n\n<p>Zanimljivo je da dulje od deset godina u borbi protiv demencije farmaceutske tvrtke nisu ponudile nikakav novi lijek.<\/p>\n\n\n\n<p>Aducanumab u\u010dinkovit u visokim dozama<\/p>\n\n\n\n<p>Klini\u010dka istra\u017eivanja pro\u0161le su godine prekinuta jer su znanstvenici kazali kako im se \u010dini da lijek ne djeluje.<\/p>\n\n\n\n<p>No iz Biogena su kasnije kazali da je prvobitna analiza rezultata bila neto\u010dna i da su kasnije prikupljeni rezultati istra\u017eivanja pokazali da je aducanumab u\u010dinkovit u visokim dozama.<\/p>\n\n\n\n<p>Alzheimerova bolest je progresivna bolest mozga koju karakterizira gubitak pam\u0107enja, sposobnost rasu\u0111ivanja i promjena osobnosti. Osim \u0161to se radi o vode\u0107em javnozdravstvenom problemu, ovaj poreme\u0107aj predstavlja naj\u010de\u0161\u0107i oblik demencije koji zahtijeva pravodobno prepoznavanje i lije\u010denje.<\/p>\n\n\n\n<p>S obzirom na to da se u\u010destalost Alzheimera i ostalih demencija zna\u010dajno pove\u0107ava sa \u017eivotnom dobi, a primjetan je i trend starenja svjetske populacije, o\u010dekuje se daljnji porast toga broja te nam, kako predvi\u0111aju stru\u010dnjaci, predstoji &#8220;epidemija demencija&#8221;.<\/p>\n\n\n\n<p>Alzheimerovu bolest karakterizira neprimjetan po\u010detak i postupno pogor\u0161anje mentalnog statusa. U prvih nekoliko godina bolest ne mora pokazivati dramati\u010dne simptome, dok u kasnoj fazi bolesti bolesnik sve vi\u0161e ovisi o tu\u0111oj pomo\u0107i.<\/p>\n\n\n\n<p>Premda se bolest ne razvija na isti na\u010din kod svih bolesnika, u prosjeku njezin razvoj traje oko 10 godina.<\/p>\n\n\n\n<p>Izvor:pogled.ba<\/p>\n","protected":false},"excerpt":{"rendered":"<p>Aducanumab, prvi lijek za koji se tvrdi da usporava razvoj Alzheimerove bolesti, mogao bi biti dostupan na tr\u017ei\u0161tu do 2022. godine ako ga odobre regulatorna tijela u Sjedinjenim Dr\u017eavama, prenose britanski mediji. Iz ameri\u010dke farmaceutske tvrtke Biogen, koja ve\u0107 dugo radi na razvoju ovog medikamenta ka\u017eu da bi aducanumab mogao postati prvi lijek koji \u0107e [&hellip;]<\/p>\n","protected":false},"author":2,"featured_media":26941,"comment_status":"closed","ping_status":"closed","sticky":false,"template":"","format":"standard","meta":{"h5ap_radio_sources":[],"footnotes":""},"categories":[1],"tags":[],"class_list":["post-26940","post","type-post","status-publish","format-standard","has-post-thumbnail","hentry","category-bihiregija"],"yoast_head":"<!-- This site is optimized with the Yoast SEO plugin v27.4 - https:\/\/yoast.com\/product\/yoast-seo-wordpress\/ -->\n<title>Uskoro odobrenje prvog lijeka za usporavanje razvoja Alzheimerove bolesti? - RADIO LJUBU\u0160KI<\/title>\n<meta name=\"robots\" content=\"index, follow, max-snippet:-1, max-image-preview:large, max-video-preview:-1\" \/>\n<link rel=\"canonical\" href=\"https:\/\/radioljubuski.ba\/index.php\/2021\/05\/31\/uskoro-odobrenje-prvog-lijeka-za-usporavanje-razvoja-alzheimerove-bolesti\/\" \/>\n<meta property=\"og:locale\" content=\"hr_HR\" \/>\n<meta property=\"og:type\" content=\"article\" \/>\n<meta property=\"og:title\" content=\"Uskoro odobrenje prvog lijeka za usporavanje razvoja Alzheimerove bolesti? - RADIO LJUBU\u0160KI\" \/>\n<meta property=\"og:description\" content=\"Aducanumab, prvi lijek za koji se tvrdi da usporava razvoj Alzheimerove bolesti, mogao bi biti dostupan na tr\u017ei\u0161tu do 2022. godine ako ga odobre regulatorna tijela u Sjedinjenim Dr\u017eavama, prenose britanski mediji. Iz ameri\u010dke farmaceutske tvrtke Biogen, koja ve\u0107 dugo radi na razvoju ovog medikamenta ka\u017eu da bi aducanumab mogao postati prvi lijek koji \u0107e [&hellip;]\" \/>\n<meta property=\"og:url\" content=\"https:\/\/radioljubuski.ba\/index.php\/2021\/05\/31\/uskoro-odobrenje-prvog-lijeka-za-usporavanje-razvoja-alzheimerove-bolesti\/\" \/>\n<meta property=\"og:site_name\" content=\"RADIO LJUBU\u0160KI\" \/>\n<meta property=\"article:publisher\" content=\"https:\/\/www.facebook.com\/Radiio-Ljubuski-1490835324566332\" \/>\n<meta property=\"article:published_time\" content=\"2021-05-31T11:41:27+00:00\" \/>\n<meta property=\"article:modified_time\" content=\"2021-05-31T11:41:29+00:00\" \/>\n<meta property=\"og:image\" content=\"https:\/\/radioljubuski.ba\/wp-content\/uploads\/2021\/05\/JIeldihE_alzheimerova_bolesr.jpg\" \/>\n\t<meta property=\"og:image:width\" content=\"1000\" \/>\n\t<meta property=\"og:image:height\" content=\"625\" \/>\n\t<meta property=\"og:image:type\" content=\"image\/jpeg\" \/>\n<meta name=\"author\" content=\"Radio Ljubu\u0161ki\" \/>\n<meta name=\"twitter:card\" content=\"summary_large_image\" \/>\n<meta name=\"twitter:creator\" content=\"@radioljubuski\" \/>\n<meta name=\"twitter:site\" content=\"@radioljubuski\" \/>\n<meta name=\"twitter:label1\" content=\"Napisao\/la\" \/>\n\t<meta name=\"twitter:data1\" content=\"Radio Ljubu\u0161ki\" \/>\n\t<meta name=\"twitter:label2\" content=\"Procijenjeno vrijeme \u010ditanja\" \/>\n\t<meta name=\"twitter:data2\" content=\"3 minute\" \/>\n<script type=\"application\/ld+json\" class=\"yoast-schema-graph\">{\"@context\":\"https:\\\/\\\/schema.org\",\"@graph\":[{\"@type\":\"Article\",\"@id\":\"https:\\\/\\\/radioljubuski.ba\\\/index.php\\\/2021\\\/05\\\/31\\\/uskoro-odobrenje-prvog-lijeka-za-usporavanje-razvoja-alzheimerove-bolesti\\\/#article\",\"isPartOf\":{\"@id\":\"https:\\\/\\\/radioljubuski.ba\\\/index.php\\\/2021\\\/05\\\/31\\\/uskoro-odobrenje-prvog-lijeka-za-usporavanje-razvoja-alzheimerove-bolesti\\\/\"},\"author\":{\"name\":\"Radio Ljubu\u0161ki\",\"@id\":\"https:\\\/\\\/radioljubuski.ba\\\/#\\\/schema\\\/person\\\/19fc700381a780f69665d7956c469e3b\"},\"headline\":\"Uskoro odobrenje prvog lijeka za usporavanje razvoja Alzheimerove bolesti?\",\"datePublished\":\"2021-05-31T11:41:27+00:00\",\"dateModified\":\"2021-05-31T11:41:29+00:00\",\"mainEntityOfPage\":{\"@id\":\"https:\\\/\\\/radioljubuski.ba\\\/index.php\\\/2021\\\/05\\\/31\\\/uskoro-odobrenje-prvog-lijeka-za-usporavanje-razvoja-alzheimerove-bolesti\\\/\"},\"wordCount\":546,\"publisher\":{\"@id\":\"https:\\\/\\\/radioljubuski.ba\\\/#organization\"},\"image\":{\"@id\":\"https:\\\/\\\/radioljubuski.ba\\\/index.php\\\/2021\\\/05\\\/31\\\/uskoro-odobrenje-prvog-lijeka-za-usporavanje-razvoja-alzheimerove-bolesti\\\/#primaryimage\"},\"thumbnailUrl\":\"https:\\\/\\\/radioljubuski.ba\\\/wp-content\\\/uploads\\\/2021\\\/05\\\/JIeldihE_alzheimerova_bolesr.jpg\",\"articleSection\":[\"BIH i regija\"],\"inLanguage\":\"hr\"},{\"@type\":\"WebPage\",\"@id\":\"https:\\\/\\\/radioljubuski.ba\\\/index.php\\\/2021\\\/05\\\/31\\\/uskoro-odobrenje-prvog-lijeka-za-usporavanje-razvoja-alzheimerove-bolesti\\\/\",\"url\":\"https:\\\/\\\/radioljubuski.ba\\\/index.php\\\/2021\\\/05\\\/31\\\/uskoro-odobrenje-prvog-lijeka-za-usporavanje-razvoja-alzheimerove-bolesti\\\/\",\"name\":\"Uskoro odobrenje prvog lijeka za usporavanje razvoja Alzheimerove bolesti? - RADIO LJUBU\u0160KI\",\"isPartOf\":{\"@id\":\"https:\\\/\\\/radioljubuski.ba\\\/#website\"},\"primaryImageOfPage\":{\"@id\":\"https:\\\/\\\/radioljubuski.ba\\\/index.php\\\/2021\\\/05\\\/31\\\/uskoro-odobrenje-prvog-lijeka-za-usporavanje-razvoja-alzheimerove-bolesti\\\/#primaryimage\"},\"image\":{\"@id\":\"https:\\\/\\\/radioljubuski.ba\\\/index.php\\\/2021\\\/05\\\/31\\\/uskoro-odobrenje-prvog-lijeka-za-usporavanje-razvoja-alzheimerove-bolesti\\\/#primaryimage\"},\"thumbnailUrl\":\"https:\\\/\\\/radioljubuski.ba\\\/wp-content\\\/uploads\\\/2021\\\/05\\\/JIeldihE_alzheimerova_bolesr.jpg\",\"datePublished\":\"2021-05-31T11:41:27+00:00\",\"dateModified\":\"2021-05-31T11:41:29+00:00\",\"breadcrumb\":{\"@id\":\"https:\\\/\\\/radioljubuski.ba\\\/index.php\\\/2021\\\/05\\\/31\\\/uskoro-odobrenje-prvog-lijeka-za-usporavanje-razvoja-alzheimerove-bolesti\\\/#breadcrumb\"},\"inLanguage\":\"hr\",\"potentialAction\":[{\"@type\":\"ReadAction\",\"target\":[\"https:\\\/\\\/radioljubuski.ba\\\/index.php\\\/2021\\\/05\\\/31\\\/uskoro-odobrenje-prvog-lijeka-za-usporavanje-razvoja-alzheimerove-bolesti\\\/\"]}]},{\"@type\":\"ImageObject\",\"inLanguage\":\"hr\",\"@id\":\"https:\\\/\\\/radioljubuski.ba\\\/index.php\\\/2021\\\/05\\\/31\\\/uskoro-odobrenje-prvog-lijeka-za-usporavanje-razvoja-alzheimerove-bolesti\\\/#primaryimage\",\"url\":\"https:\\\/\\\/radioljubuski.ba\\\/wp-content\\\/uploads\\\/2021\\\/05\\\/JIeldihE_alzheimerova_bolesr.jpg\",\"contentUrl\":\"https:\\\/\\\/radioljubuski.ba\\\/wp-content\\\/uploads\\\/2021\\\/05\\\/JIeldihE_alzheimerova_bolesr.jpg\",\"width\":1000,\"height\":625},{\"@type\":\"BreadcrumbList\",\"@id\":\"https:\\\/\\\/radioljubuski.ba\\\/index.php\\\/2021\\\/05\\\/31\\\/uskoro-odobrenje-prvog-lijeka-za-usporavanje-razvoja-alzheimerove-bolesti\\\/#breadcrumb\",\"itemListElement\":[{\"@type\":\"ListItem\",\"position\":1,\"name\":\"Po\u010detna stranica\",\"item\":\"https:\\\/\\\/radioljubuski.ba\\\/\"},{\"@type\":\"ListItem\",\"position\":2,\"name\":\"Uskoro odobrenje prvog lijeka za usporavanje razvoja Alzheimerove bolesti?\"}]},{\"@type\":\"WebSite\",\"@id\":\"https:\\\/\\\/radioljubuski.ba\\\/#website\",\"url\":\"https:\\\/\\\/radioljubuski.ba\\\/\",\"name\":\"Radio Ljubu\u0161ki\",\"description\":\"Sun\u010dana frekvencija Hercegovine\",\"publisher\":{\"@id\":\"https:\\\/\\\/radioljubuski.ba\\\/#organization\"},\"potentialAction\":[{\"@type\":\"SearchAction\",\"target\":{\"@type\":\"EntryPoint\",\"urlTemplate\":\"https:\\\/\\\/radioljubuski.ba\\\/?s={search_term_string}\"},\"query-input\":{\"@type\":\"PropertyValueSpecification\",\"valueRequired\":true,\"valueName\":\"search_term_string\"}}],\"inLanguage\":\"hr\"},{\"@type\":\"Organization\",\"@id\":\"https:\\\/\\\/radioljubuski.ba\\\/#organization\",\"name\":\"Radio Ljubu\u0161ki\",\"url\":\"https:\\\/\\\/radioljubuski.ba\\\/\",\"logo\":{\"@type\":\"ImageObject\",\"inLanguage\":\"hr\",\"@id\":\"https:\\\/\\\/radioljubuski.ba\\\/#\\\/schema\\\/logo\\\/image\\\/\",\"url\":\"https:\\\/\\\/radioljubuski.ba\\\/wp-content\\\/uploads\\\/2021\\\/02\\\/cropped-Radio_Ljubuski_logo1.jpg\",\"contentUrl\":\"https:\\\/\\\/radioljubuski.ba\\\/wp-content\\\/uploads\\\/2021\\\/02\\\/cropped-Radio_Ljubuski_logo1.jpg\",\"width\":512,\"height\":512,\"caption\":\"Radio Ljubu\u0161ki\"},\"image\":{\"@id\":\"https:\\\/\\\/radioljubuski.ba\\\/#\\\/schema\\\/logo\\\/image\\\/\"},\"sameAs\":[\"https:\\\/\\\/www.facebook.com\\\/Radiio-Ljubuski-1490835324566332\",\"https:\\\/\\\/x.com\\\/radioljubuski\",\"https:\\\/\\\/hr.linkedin.com\\\/company\\\/radio-ljubuski\",\"https:\\\/\\\/www.youtube.com\\\/channel\\\/UCHYaeO_n0Db3tjNGudGpXyw\"]},{\"@type\":\"Person\",\"@id\":\"https:\\\/\\\/radioljubuski.ba\\\/#\\\/schema\\\/person\\\/19fc700381a780f69665d7956c469e3b\",\"name\":\"Radio Ljubu\u0161ki\"}]}<\/script>\n<!-- \/ Yoast SEO plugin. -->","yoast_head_json":{"title":"Uskoro odobrenje prvog lijeka za usporavanje razvoja Alzheimerove bolesti? - RADIO LJUBU\u0160KI","robots":{"index":"index","follow":"follow","max-snippet":"max-snippet:-1","max-image-preview":"max-image-preview:large","max-video-preview":"max-video-preview:-1"},"canonical":"https:\/\/radioljubuski.ba\/index.php\/2021\/05\/31\/uskoro-odobrenje-prvog-lijeka-za-usporavanje-razvoja-alzheimerove-bolesti\/","og_locale":"hr_HR","og_type":"article","og_title":"Uskoro odobrenje prvog lijeka za usporavanje razvoja Alzheimerove bolesti? - RADIO LJUBU\u0160KI","og_description":"Aducanumab, prvi lijek za koji se tvrdi da usporava razvoj Alzheimerove bolesti, mogao bi biti dostupan na tr\u017ei\u0161tu do 2022. godine ako ga odobre regulatorna tijela u Sjedinjenim Dr\u017eavama, prenose britanski mediji. Iz ameri\u010dke farmaceutske tvrtke Biogen, koja ve\u0107 dugo radi na razvoju ovog medikamenta ka\u017eu da bi aducanumab mogao postati prvi lijek koji \u0107e [&hellip;]","og_url":"https:\/\/radioljubuski.ba\/index.php\/2021\/05\/31\/uskoro-odobrenje-prvog-lijeka-za-usporavanje-razvoja-alzheimerove-bolesti\/","og_site_name":"RADIO LJUBU\u0160KI","article_publisher":"https:\/\/www.facebook.com\/Radiio-Ljubuski-1490835324566332","article_published_time":"2021-05-31T11:41:27+00:00","article_modified_time":"2021-05-31T11:41:29+00:00","og_image":[{"width":1000,"height":625,"url":"https:\/\/radioljubuski.ba\/wp-content\/uploads\/2021\/05\/JIeldihE_alzheimerova_bolesr.jpg","type":"image\/jpeg"}],"author":"Radio Ljubu\u0161ki","twitter_card":"summary_large_image","twitter_creator":"@radioljubuski","twitter_site":"@radioljubuski","twitter_misc":{"Napisao\/la":"Radio Ljubu\u0161ki","Procijenjeno vrijeme \u010ditanja":"3 minute"},"schema":{"@context":"https:\/\/schema.org","@graph":[{"@type":"Article","@id":"https:\/\/radioljubuski.ba\/index.php\/2021\/05\/31\/uskoro-odobrenje-prvog-lijeka-za-usporavanje-razvoja-alzheimerove-bolesti\/#article","isPartOf":{"@id":"https:\/\/radioljubuski.ba\/index.php\/2021\/05\/31\/uskoro-odobrenje-prvog-lijeka-za-usporavanje-razvoja-alzheimerove-bolesti\/"},"author":{"name":"Radio Ljubu\u0161ki","@id":"https:\/\/radioljubuski.ba\/#\/schema\/person\/19fc700381a780f69665d7956c469e3b"},"headline":"Uskoro odobrenje prvog lijeka za usporavanje razvoja Alzheimerove bolesti?","datePublished":"2021-05-31T11:41:27+00:00","dateModified":"2021-05-31T11:41:29+00:00","mainEntityOfPage":{"@id":"https:\/\/radioljubuski.ba\/index.php\/2021\/05\/31\/uskoro-odobrenje-prvog-lijeka-za-usporavanje-razvoja-alzheimerove-bolesti\/"},"wordCount":546,"publisher":{"@id":"https:\/\/radioljubuski.ba\/#organization"},"image":{"@id":"https:\/\/radioljubuski.ba\/index.php\/2021\/05\/31\/uskoro-odobrenje-prvog-lijeka-za-usporavanje-razvoja-alzheimerove-bolesti\/#primaryimage"},"thumbnailUrl":"https:\/\/radioljubuski.ba\/wp-content\/uploads\/2021\/05\/JIeldihE_alzheimerova_bolesr.jpg","articleSection":["BIH i regija"],"inLanguage":"hr"},{"@type":"WebPage","@id":"https:\/\/radioljubuski.ba\/index.php\/2021\/05\/31\/uskoro-odobrenje-prvog-lijeka-za-usporavanje-razvoja-alzheimerove-bolesti\/","url":"https:\/\/radioljubuski.ba\/index.php\/2021\/05\/31\/uskoro-odobrenje-prvog-lijeka-za-usporavanje-razvoja-alzheimerove-bolesti\/","name":"Uskoro odobrenje prvog lijeka za usporavanje razvoja Alzheimerove bolesti? - RADIO LJUBU\u0160KI","isPartOf":{"@id":"https:\/\/radioljubuski.ba\/#website"},"primaryImageOfPage":{"@id":"https:\/\/radioljubuski.ba\/index.php\/2021\/05\/31\/uskoro-odobrenje-prvog-lijeka-za-usporavanje-razvoja-alzheimerove-bolesti\/#primaryimage"},"image":{"@id":"https:\/\/radioljubuski.ba\/index.php\/2021\/05\/31\/uskoro-odobrenje-prvog-lijeka-za-usporavanje-razvoja-alzheimerove-bolesti\/#primaryimage"},"thumbnailUrl":"https:\/\/radioljubuski.ba\/wp-content\/uploads\/2021\/05\/JIeldihE_alzheimerova_bolesr.jpg","datePublished":"2021-05-31T11:41:27+00:00","dateModified":"2021-05-31T11:41:29+00:00","breadcrumb":{"@id":"https:\/\/radioljubuski.ba\/index.php\/2021\/05\/31\/uskoro-odobrenje-prvog-lijeka-za-usporavanje-razvoja-alzheimerove-bolesti\/#breadcrumb"},"inLanguage":"hr","potentialAction":[{"@type":"ReadAction","target":["https:\/\/radioljubuski.ba\/index.php\/2021\/05\/31\/uskoro-odobrenje-prvog-lijeka-za-usporavanje-razvoja-alzheimerove-bolesti\/"]}]},{"@type":"ImageObject","inLanguage":"hr","@id":"https:\/\/radioljubuski.ba\/index.php\/2021\/05\/31\/uskoro-odobrenje-prvog-lijeka-za-usporavanje-razvoja-alzheimerove-bolesti\/#primaryimage","url":"https:\/\/radioljubuski.ba\/wp-content\/uploads\/2021\/05\/JIeldihE_alzheimerova_bolesr.jpg","contentUrl":"https:\/\/radioljubuski.ba\/wp-content\/uploads\/2021\/05\/JIeldihE_alzheimerova_bolesr.jpg","width":1000,"height":625},{"@type":"BreadcrumbList","@id":"https:\/\/radioljubuski.ba\/index.php\/2021\/05\/31\/uskoro-odobrenje-prvog-lijeka-za-usporavanje-razvoja-alzheimerove-bolesti\/#breadcrumb","itemListElement":[{"@type":"ListItem","position":1,"name":"Po\u010detna stranica","item":"https:\/\/radioljubuski.ba\/"},{"@type":"ListItem","position":2,"name":"Uskoro odobrenje prvog lijeka za usporavanje razvoja Alzheimerove bolesti?"}]},{"@type":"WebSite","@id":"https:\/\/radioljubuski.ba\/#website","url":"https:\/\/radioljubuski.ba\/","name":"Radio Ljubu\u0161ki","description":"Sun\u010dana frekvencija Hercegovine","publisher":{"@id":"https:\/\/radioljubuski.ba\/#organization"},"potentialAction":[{"@type":"SearchAction","target":{"@type":"EntryPoint","urlTemplate":"https:\/\/radioljubuski.ba\/?s={search_term_string}"},"query-input":{"@type":"PropertyValueSpecification","valueRequired":true,"valueName":"search_term_string"}}],"inLanguage":"hr"},{"@type":"Organization","@id":"https:\/\/radioljubuski.ba\/#organization","name":"Radio Ljubu\u0161ki","url":"https:\/\/radioljubuski.ba\/","logo":{"@type":"ImageObject","inLanguage":"hr","@id":"https:\/\/radioljubuski.ba\/#\/schema\/logo\/image\/","url":"https:\/\/radioljubuski.ba\/wp-content\/uploads\/2021\/02\/cropped-Radio_Ljubuski_logo1.jpg","contentUrl":"https:\/\/radioljubuski.ba\/wp-content\/uploads\/2021\/02\/cropped-Radio_Ljubuski_logo1.jpg","width":512,"height":512,"caption":"Radio Ljubu\u0161ki"},"image":{"@id":"https:\/\/radioljubuski.ba\/#\/schema\/logo\/image\/"},"sameAs":["https:\/\/www.facebook.com\/Radiio-Ljubuski-1490835324566332","https:\/\/x.com\/radioljubuski","https:\/\/hr.linkedin.com\/company\/radio-ljubuski","https:\/\/www.youtube.com\/channel\/UCHYaeO_n0Db3tjNGudGpXyw"]},{"@type":"Person","@id":"https:\/\/radioljubuski.ba\/#\/schema\/person\/19fc700381a780f69665d7956c469e3b","name":"Radio Ljubu\u0161ki"}]}},"_links":{"self":[{"href":"https:\/\/radioljubuski.ba\/index.php\/wp-json\/wp\/v2\/posts\/26940","targetHints":{"allow":["GET"]}}],"collection":[{"href":"https:\/\/radioljubuski.ba\/index.php\/wp-json\/wp\/v2\/posts"}],"about":[{"href":"https:\/\/radioljubuski.ba\/index.php\/wp-json\/wp\/v2\/types\/post"}],"author":[{"embeddable":true,"href":"https:\/\/radioljubuski.ba\/index.php\/wp-json\/wp\/v2\/users\/2"}],"replies":[{"embeddable":true,"href":"https:\/\/radioljubuski.ba\/index.php\/wp-json\/wp\/v2\/comments?post=26940"}],"version-history":[{"count":1,"href":"https:\/\/radioljubuski.ba\/index.php\/wp-json\/wp\/v2\/posts\/26940\/revisions"}],"predecessor-version":[{"id":26942,"href":"https:\/\/radioljubuski.ba\/index.php\/wp-json\/wp\/v2\/posts\/26940\/revisions\/26942"}],"wp:featuredmedia":[{"embeddable":true,"href":"https:\/\/radioljubuski.ba\/index.php\/wp-json\/wp\/v2\/media\/26941"}],"wp:attachment":[{"href":"https:\/\/radioljubuski.ba\/index.php\/wp-json\/wp\/v2\/media?parent=26940"}],"wp:term":[{"taxonomy":"category","embeddable":true,"href":"https:\/\/radioljubuski.ba\/index.php\/wp-json\/wp\/v2\/categories?post=26940"},{"taxonomy":"post_tag","embeddable":true,"href":"https:\/\/radioljubuski.ba\/index.php\/wp-json\/wp\/v2\/tags?post=26940"}],"curies":[{"name":"wp","href":"https:\/\/api.w.org\/{rel}","templated":true}]}}