{"id":26966,"date":"2021-05-31T13:08:27","date_gmt":"2021-05-31T12:08:27","guid":{"rendered":"https:\/\/radioljubuski.ba\/?p=26966"},"modified":"2021-05-31T13:08:28","modified_gmt":"2021-05-31T12:08:28","slug":"ivan-bulic-iz-ljubuskog-pobjednik-utrke-povodom-dana-drzavnosti-u-zadru","status":"publish","type":"post","link":"https:\/\/radioljubuski.ba\/index.php\/2021\/05\/31\/ivan-bulic-iz-ljubuskog-pobjednik-utrke-povodom-dana-drzavnosti-u-zadru\/","title":{"rendered":"Ivan Buli\u0107 iz Ljubu\u0161kog pobjednik utrke povodom Dana dr\u017eavnosti u Zadru"},"content":{"rendered":"\n<p><strong>U Zadru je u subotu povodom Dana dr\u017eavnosti odr\u017eana utrka Petica za Domovinu u du\u017eini od 5 km.<\/strong><\/p>\n\n\n\n<p>Utrka se bodovala za Hrvatsku atletsku cestovnu ligu, a tr\u010dalo se oko \u0160C Vi\u0161njik sa startom i ciljem ispred dvorane Kre\u0161imir \u0106osi\u0107.<\/p>\n\n\n\n<p>U mu\u0161koj konkurenciji najbr\u017ei je bio\u00a0<strong>Ivan Buli\u0107<\/strong>\u00a0iz Ljubu\u0161kog koji tr\u010di za Atletski klub Dubrovnik, drugo mjesto osvojio je \u010dlan Atletski klub Rogovo \u2013 Sveti Filip i Jakov\u00a0<strong>\u017deljko Birki\u0107<\/strong>, a tre\u0107e doma\u0107i natjecatelj pretpla\u0107en na pobjedni\u010dka postolja\u00a0<strong>Juraj Bilaver<\/strong>\u00a0(Atlatski klub Alojzije Stepinac)<\/p>\n\n\n\n<p><em>&#8220;Ovo su utrke u kojima su svi pobjednici, i prvi i posljednji. Planirao sam davno dolazak kako bi spojio odmor u Zadru i utrku. Atleti\u010darima ovakve utrke nakon brojnih otkazivanja zbog korona krize puno zna\u010de, no dobro smo utrenirani i mislim da \u0107e biti jako dobrih rezultata ovu jesen&#8221;<\/em>, izjavio je ukupni pobjednik utrke Ivan Buli\u0107.<\/p>\n\n\n\n<p>U \u017eenskoj konkurenciji slavila je&nbsp;<strong>Lucija Kopi\u0107<\/strong>&nbsp;iz AK Fit Zapre\u0161i\u0107.<\/p>\n\n\n\n<p>Drugo mjesto osvojila je&nbsp;<strong>Lukrecija Krsti\u010devi\u0107<\/strong>&nbsp;iz Rukometne akademije Jerkovac, dok je tre\u0107a bila \u010dlanica AK Alojzije Stepinac&nbsp;<strong>Marija Kurta<\/strong>.<\/p>\n\n\n\n<p><em>&#8220;Bilo je te\u0161ko, bilo je vru\u0107e, ali kao i uvijek u Zadru lijepo. Umor brzo pro\u0111e, zadovoljstvo ostaje. Spojit \u0107u ugodno s korisnim i cijeli vikend provesti u Zadru&#8221;<\/em>, rekla je pobjednica Lucija Kopi\u0107 nakon utrke.<\/p>\n\n\n\n<p>Organizator utrke bio je Atletski klub Alojzije Stepinac Zadar uz potporu Kluba atletskih veterana Zadar, a pokrovitelji Grad Zadar i Zadarska \u017eupanija i Ministarstvo hrvatskih branitelja. Nagrade najboljima uru\u010dio predsjednik kluba\u00a0<strong>Mladen Pe\u0161a<\/strong>.\u00a0<\/p>\n\n\n\n<p><strong>Izvor: Iks-portal.info<\/strong><\/p>\n","protected":false},"excerpt":{"rendered":"<p>U Zadru je u subotu povodom Dana dr\u017eavnosti odr\u017eana utrka Petica za Domovinu u du\u017eini od 5 km. Utrka se bodovala za Hrvatsku atletsku cestovnu ligu, a tr\u010dalo se oko \u0160C Vi\u0161njik sa startom i ciljem ispred dvorane Kre\u0161imir \u0106osi\u0107. U mu\u0161koj konkurenciji najbr\u017ei je bio\u00a0Ivan Buli\u0107\u00a0iz Ljubu\u0161kog koji tr\u010di za Atletski klub Dubrovnik, drugo [&hellip;]<\/p>\n","protected":false},"author":2,"featured_media":26969,"comment_status":"closed","ping_status":"closed","sticky":false,"template":"","format":"standard","meta":{"h5ap_radio_sources":[],"footnotes":""},"categories":[3],"tags":[],"class_list":["post-26966","post","type-post","status-publish","format-standard","has-post-thumbnail","hentry","category-ljubuski"],"yoast_head":"<!-- This site is optimized with the Yoast SEO plugin v27.4 - https:\/\/yoast.com\/product\/yoast-seo-wordpress\/ -->\n<title>Ivan Buli\u0107 iz Ljubu\u0161kog pobjednik utrke povodom Dana dr\u017eavnosti u Zadru - RADIO LJUBU\u0160KI<\/title>\n<meta name=\"robots\" content=\"index, follow, max-snippet:-1, max-image-preview:large, max-video-preview:-1\" \/>\n<link rel=\"canonical\" href=\"https:\/\/radioljubuski.ba\/index.php\/2021\/05\/31\/ivan-bulic-iz-ljubuskog-pobjednik-utrke-povodom-dana-drzavnosti-u-zadru\/\" \/>\n<meta property=\"og:locale\" content=\"hr_HR\" \/>\n<meta property=\"og:type\" content=\"article\" \/>\n<meta property=\"og:title\" content=\"Ivan Buli\u0107 iz Ljubu\u0161kog pobjednik utrke povodom Dana dr\u017eavnosti u Zadru - RADIO LJUBU\u0160KI\" \/>\n<meta property=\"og:description\" content=\"U Zadru je u subotu povodom Dana dr\u017eavnosti odr\u017eana utrka Petica za Domovinu u du\u017eini od 5 km. Utrka se bodovala za Hrvatsku atletsku cestovnu ligu, a tr\u010dalo se oko \u0160C Vi\u0161njik sa startom i ciljem ispred dvorane Kre\u0161imir \u0106osi\u0107. U mu\u0161koj konkurenciji najbr\u017ei je bio\u00a0Ivan Buli\u0107\u00a0iz Ljubu\u0161kog koji tr\u010di za Atletski klub Dubrovnik, drugo [&hellip;]\" \/>\n<meta property=\"og:url\" content=\"https:\/\/radioljubuski.ba\/index.php\/2021\/05\/31\/ivan-bulic-iz-ljubuskog-pobjednik-utrke-povodom-dana-drzavnosti-u-zadru\/\" \/>\n<meta property=\"og:site_name\" content=\"RADIO LJUBU\u0160KI\" \/>\n<meta property=\"article:publisher\" content=\"https:\/\/www.facebook.com\/Radiio-Ljubuski-1490835324566332\" \/>\n<meta property=\"article:published_time\" content=\"2021-05-31T12:08:27+00:00\" \/>\n<meta property=\"article:modified_time\" content=\"2021-05-31T12:08:28+00:00\" \/>\n<meta property=\"og:image\" content=\"https:\/\/radioljubuski.ba\/wp-content\/uploads\/2021\/05\/bulic.jpg\" \/>\n\t<meta property=\"og:image:width\" content=\"1024\" \/>\n\t<meta property=\"og:image:height\" content=\"548\" \/>\n\t<meta property=\"og:image:type\" content=\"image\/jpeg\" \/>\n<meta name=\"author\" content=\"Radio Ljubu\u0161ki\" \/>\n<meta name=\"twitter:card\" content=\"summary_large_image\" \/>\n<meta name=\"twitter:creator\" content=\"@radioljubuski\" \/>\n<meta name=\"twitter:site\" content=\"@radioljubuski\" \/>\n<meta name=\"twitter:label1\" content=\"Napisao\/la\" \/>\n\t<meta name=\"twitter:data1\" content=\"Radio Ljubu\u0161ki\" \/>\n\t<meta name=\"twitter:label2\" content=\"Procijenjeno vrijeme \u010ditanja\" \/>\n\t<meta name=\"twitter:data2\" content=\"2 minute\" \/>\n<script type=\"application\/ld+json\" class=\"yoast-schema-graph\">{\"@context\":\"https:\\\/\\\/schema.org\",\"@graph\":[{\"@type\":\"Article\",\"@id\":\"https:\\\/\\\/radioljubuski.ba\\\/index.php\\\/2021\\\/05\\\/31\\\/ivan-bulic-iz-ljubuskog-pobjednik-utrke-povodom-dana-drzavnosti-u-zadru\\\/#article\",\"isPartOf\":{\"@id\":\"https:\\\/\\\/radioljubuski.ba\\\/index.php\\\/2021\\\/05\\\/31\\\/ivan-bulic-iz-ljubuskog-pobjednik-utrke-povodom-dana-drzavnosti-u-zadru\\\/\"},\"author\":{\"name\":\"Radio Ljubu\u0161ki\",\"@id\":\"https:\\\/\\\/radioljubuski.ba\\\/#\\\/schema\\\/person\\\/19fc700381a780f69665d7956c469e3b\"},\"headline\":\"Ivan Buli\u0107 iz Ljubu\u0161kog pobjednik utrke povodom Dana dr\u017eavnosti u Zadru\",\"datePublished\":\"2021-05-31T12:08:27+00:00\",\"dateModified\":\"2021-05-31T12:08:28+00:00\",\"mainEntityOfPage\":{\"@id\":\"https:\\\/\\\/radioljubuski.ba\\\/index.php\\\/2021\\\/05\\\/31\\\/ivan-bulic-iz-ljubuskog-pobjednik-utrke-povodom-dana-drzavnosti-u-zadru\\\/\"},\"wordCount\":284,\"publisher\":{\"@id\":\"https:\\\/\\\/radioljubuski.ba\\\/#organization\"},\"image\":{\"@id\":\"https:\\\/\\\/radioljubuski.ba\\\/index.php\\\/2021\\\/05\\\/31\\\/ivan-bulic-iz-ljubuskog-pobjednik-utrke-povodom-dana-drzavnosti-u-zadru\\\/#primaryimage\"},\"thumbnailUrl\":\"https:\\\/\\\/radioljubuski.ba\\\/wp-content\\\/uploads\\\/2021\\\/05\\\/bulic.jpg\",\"articleSection\":[\"Ljubu\u0161ki\"],\"inLanguage\":\"hr\"},{\"@type\":\"WebPage\",\"@id\":\"https:\\\/\\\/radioljubuski.ba\\\/index.php\\\/2021\\\/05\\\/31\\\/ivan-bulic-iz-ljubuskog-pobjednik-utrke-povodom-dana-drzavnosti-u-zadru\\\/\",\"url\":\"https:\\\/\\\/radioljubuski.ba\\\/index.php\\\/2021\\\/05\\\/31\\\/ivan-bulic-iz-ljubuskog-pobjednik-utrke-povodom-dana-drzavnosti-u-zadru\\\/\",\"name\":\"Ivan Buli\u0107 iz Ljubu\u0161kog pobjednik utrke povodom Dana dr\u017eavnosti u Zadru - RADIO LJUBU\u0160KI\",\"isPartOf\":{\"@id\":\"https:\\\/\\\/radioljubuski.ba\\\/#website\"},\"primaryImageOfPage\":{\"@id\":\"https:\\\/\\\/radioljubuski.ba\\\/index.php\\\/2021\\\/05\\\/31\\\/ivan-bulic-iz-ljubuskog-pobjednik-utrke-povodom-dana-drzavnosti-u-zadru\\\/#primaryimage\"},\"image\":{\"@id\":\"https:\\\/\\\/radioljubuski.ba\\\/index.php\\\/2021\\\/05\\\/31\\\/ivan-bulic-iz-ljubuskog-pobjednik-utrke-povodom-dana-drzavnosti-u-zadru\\\/#primaryimage\"},\"thumbnailUrl\":\"https:\\\/\\\/radioljubuski.ba\\\/wp-content\\\/uploads\\\/2021\\\/05\\\/bulic.jpg\",\"datePublished\":\"2021-05-31T12:08:27+00:00\",\"dateModified\":\"2021-05-31T12:08:28+00:00\",\"breadcrumb\":{\"@id\":\"https:\\\/\\\/radioljubuski.ba\\\/index.php\\\/2021\\\/05\\\/31\\\/ivan-bulic-iz-ljubuskog-pobjednik-utrke-povodom-dana-drzavnosti-u-zadru\\\/#breadcrumb\"},\"inLanguage\":\"hr\",\"potentialAction\":[{\"@type\":\"ReadAction\",\"target\":[\"https:\\\/\\\/radioljubuski.ba\\\/index.php\\\/2021\\\/05\\\/31\\\/ivan-bulic-iz-ljubuskog-pobjednik-utrke-povodom-dana-drzavnosti-u-zadru\\\/\"]}]},{\"@type\":\"ImageObject\",\"inLanguage\":\"hr\",\"@id\":\"https:\\\/\\\/radioljubuski.ba\\\/index.php\\\/2021\\\/05\\\/31\\\/ivan-bulic-iz-ljubuskog-pobjednik-utrke-povodom-dana-drzavnosti-u-zadru\\\/#primaryimage\",\"url\":\"https:\\\/\\\/radioljubuski.ba\\\/wp-content\\\/uploads\\\/2021\\\/05\\\/bulic.jpg\",\"contentUrl\":\"https:\\\/\\\/radioljubuski.ba\\\/wp-content\\\/uploads\\\/2021\\\/05\\\/bulic.jpg\",\"width\":1024,\"height\":548},{\"@type\":\"BreadcrumbList\",\"@id\":\"https:\\\/\\\/radioljubuski.ba\\\/index.php\\\/2021\\\/05\\\/31\\\/ivan-bulic-iz-ljubuskog-pobjednik-utrke-povodom-dana-drzavnosti-u-zadru\\\/#breadcrumb\",\"itemListElement\":[{\"@type\":\"ListItem\",\"position\":1,\"name\":\"Po\u010detna stranica\",\"item\":\"https:\\\/\\\/radioljubuski.ba\\\/\"},{\"@type\":\"ListItem\",\"position\":2,\"name\":\"Ivan Buli\u0107 iz Ljubu\u0161kog pobjednik utrke povodom Dana dr\u017eavnosti u Zadru\"}]},{\"@type\":\"WebSite\",\"@id\":\"https:\\\/\\\/radioljubuski.ba\\\/#website\",\"url\":\"https:\\\/\\\/radioljubuski.ba\\\/\",\"name\":\"Radio Ljubu\u0161ki\",\"description\":\"Sun\u010dana frekvencija Hercegovine\",\"publisher\":{\"@id\":\"https:\\\/\\\/radioljubuski.ba\\\/#organization\"},\"potentialAction\":[{\"@type\":\"SearchAction\",\"target\":{\"@type\":\"EntryPoint\",\"urlTemplate\":\"https:\\\/\\\/radioljubuski.ba\\\/?s={search_term_string}\"},\"query-input\":{\"@type\":\"PropertyValueSpecification\",\"valueRequired\":true,\"valueName\":\"search_term_string\"}}],\"inLanguage\":\"hr\"},{\"@type\":\"Organization\",\"@id\":\"https:\\\/\\\/radioljubuski.ba\\\/#organization\",\"name\":\"Radio Ljubu\u0161ki\",\"url\":\"https:\\\/\\\/radioljubuski.ba\\\/\",\"logo\":{\"@type\":\"ImageObject\",\"inLanguage\":\"hr\",\"@id\":\"https:\\\/\\\/radioljubuski.ba\\\/#\\\/schema\\\/logo\\\/image\\\/\",\"url\":\"https:\\\/\\\/radioljubuski.ba\\\/wp-content\\\/uploads\\\/2021\\\/02\\\/cropped-Radio_Ljubuski_logo1.jpg\",\"contentUrl\":\"https:\\\/\\\/radioljubuski.ba\\\/wp-content\\\/uploads\\\/2021\\\/02\\\/cropped-Radio_Ljubuski_logo1.jpg\",\"width\":512,\"height\":512,\"caption\":\"Radio Ljubu\u0161ki\"},\"image\":{\"@id\":\"https:\\\/\\\/radioljubuski.ba\\\/#\\\/schema\\\/logo\\\/image\\\/\"},\"sameAs\":[\"https:\\\/\\\/www.facebook.com\\\/Radiio-Ljubuski-1490835324566332\",\"https:\\\/\\\/x.com\\\/radioljubuski\",\"https:\\\/\\\/hr.linkedin.com\\\/company\\\/radio-ljubuski\",\"https:\\\/\\\/www.youtube.com\\\/channel\\\/UCHYaeO_n0Db3tjNGudGpXyw\"]},{\"@type\":\"Person\",\"@id\":\"https:\\\/\\\/radioljubuski.ba\\\/#\\\/schema\\\/person\\\/19fc700381a780f69665d7956c469e3b\",\"name\":\"Radio Ljubu\u0161ki\"}]}<\/script>\n<!-- \/ Yoast SEO plugin. -->","yoast_head_json":{"title":"Ivan Buli\u0107 iz Ljubu\u0161kog pobjednik utrke povodom Dana dr\u017eavnosti u Zadru - RADIO LJUBU\u0160KI","robots":{"index":"index","follow":"follow","max-snippet":"max-snippet:-1","max-image-preview":"max-image-preview:large","max-video-preview":"max-video-preview:-1"},"canonical":"https:\/\/radioljubuski.ba\/index.php\/2021\/05\/31\/ivan-bulic-iz-ljubuskog-pobjednik-utrke-povodom-dana-drzavnosti-u-zadru\/","og_locale":"hr_HR","og_type":"article","og_title":"Ivan Buli\u0107 iz Ljubu\u0161kog pobjednik utrke povodom Dana dr\u017eavnosti u Zadru - RADIO LJUBU\u0160KI","og_description":"U Zadru je u subotu povodom Dana dr\u017eavnosti odr\u017eana utrka Petica za Domovinu u du\u017eini od 5 km. Utrka se bodovala za Hrvatsku atletsku cestovnu ligu, a tr\u010dalo se oko \u0160C Vi\u0161njik sa startom i ciljem ispred dvorane Kre\u0161imir \u0106osi\u0107. U mu\u0161koj konkurenciji najbr\u017ei je bio\u00a0Ivan Buli\u0107\u00a0iz Ljubu\u0161kog koji tr\u010di za Atletski klub Dubrovnik, drugo [&hellip;]","og_url":"https:\/\/radioljubuski.ba\/index.php\/2021\/05\/31\/ivan-bulic-iz-ljubuskog-pobjednik-utrke-povodom-dana-drzavnosti-u-zadru\/","og_site_name":"RADIO LJUBU\u0160KI","article_publisher":"https:\/\/www.facebook.com\/Radiio-Ljubuski-1490835324566332","article_published_time":"2021-05-31T12:08:27+00:00","article_modified_time":"2021-05-31T12:08:28+00:00","og_image":[{"width":1024,"height":548,"url":"https:\/\/radioljubuski.ba\/wp-content\/uploads\/2021\/05\/bulic.jpg","type":"image\/jpeg"}],"author":"Radio Ljubu\u0161ki","twitter_card":"summary_large_image","twitter_creator":"@radioljubuski","twitter_site":"@radioljubuski","twitter_misc":{"Napisao\/la":"Radio Ljubu\u0161ki","Procijenjeno vrijeme \u010ditanja":"2 minute"},"schema":{"@context":"https:\/\/schema.org","@graph":[{"@type":"Article","@id":"https:\/\/radioljubuski.ba\/index.php\/2021\/05\/31\/ivan-bulic-iz-ljubuskog-pobjednik-utrke-povodom-dana-drzavnosti-u-zadru\/#article","isPartOf":{"@id":"https:\/\/radioljubuski.ba\/index.php\/2021\/05\/31\/ivan-bulic-iz-ljubuskog-pobjednik-utrke-povodom-dana-drzavnosti-u-zadru\/"},"author":{"name":"Radio Ljubu\u0161ki","@id":"https:\/\/radioljubuski.ba\/#\/schema\/person\/19fc700381a780f69665d7956c469e3b"},"headline":"Ivan Buli\u0107 iz Ljubu\u0161kog pobjednik utrke povodom Dana dr\u017eavnosti u Zadru","datePublished":"2021-05-31T12:08:27+00:00","dateModified":"2021-05-31T12:08:28+00:00","mainEntityOfPage":{"@id":"https:\/\/radioljubuski.ba\/index.php\/2021\/05\/31\/ivan-bulic-iz-ljubuskog-pobjednik-utrke-povodom-dana-drzavnosti-u-zadru\/"},"wordCount":284,"publisher":{"@id":"https:\/\/radioljubuski.ba\/#organization"},"image":{"@id":"https:\/\/radioljubuski.ba\/index.php\/2021\/05\/31\/ivan-bulic-iz-ljubuskog-pobjednik-utrke-povodom-dana-drzavnosti-u-zadru\/#primaryimage"},"thumbnailUrl":"https:\/\/radioljubuski.ba\/wp-content\/uploads\/2021\/05\/bulic.jpg","articleSection":["Ljubu\u0161ki"],"inLanguage":"hr"},{"@type":"WebPage","@id":"https:\/\/radioljubuski.ba\/index.php\/2021\/05\/31\/ivan-bulic-iz-ljubuskog-pobjednik-utrke-povodom-dana-drzavnosti-u-zadru\/","url":"https:\/\/radioljubuski.ba\/index.php\/2021\/05\/31\/ivan-bulic-iz-ljubuskog-pobjednik-utrke-povodom-dana-drzavnosti-u-zadru\/","name":"Ivan Buli\u0107 iz Ljubu\u0161kog pobjednik utrke povodom Dana dr\u017eavnosti u Zadru - RADIO LJUBU\u0160KI","isPartOf":{"@id":"https:\/\/radioljubuski.ba\/#website"},"primaryImageOfPage":{"@id":"https:\/\/radioljubuski.ba\/index.php\/2021\/05\/31\/ivan-bulic-iz-ljubuskog-pobjednik-utrke-povodom-dana-drzavnosti-u-zadru\/#primaryimage"},"image":{"@id":"https:\/\/radioljubuski.ba\/index.php\/2021\/05\/31\/ivan-bulic-iz-ljubuskog-pobjednik-utrke-povodom-dana-drzavnosti-u-zadru\/#primaryimage"},"thumbnailUrl":"https:\/\/radioljubuski.ba\/wp-content\/uploads\/2021\/05\/bulic.jpg","datePublished":"2021-05-31T12:08:27+00:00","dateModified":"2021-05-31T12:08:28+00:00","breadcrumb":{"@id":"https:\/\/radioljubuski.ba\/index.php\/2021\/05\/31\/ivan-bulic-iz-ljubuskog-pobjednik-utrke-povodom-dana-drzavnosti-u-zadru\/#breadcrumb"},"inLanguage":"hr","potentialAction":[{"@type":"ReadAction","target":["https:\/\/radioljubuski.ba\/index.php\/2021\/05\/31\/ivan-bulic-iz-ljubuskog-pobjednik-utrke-povodom-dana-drzavnosti-u-zadru\/"]}]},{"@type":"ImageObject","inLanguage":"hr","@id":"https:\/\/radioljubuski.ba\/index.php\/2021\/05\/31\/ivan-bulic-iz-ljubuskog-pobjednik-utrke-povodom-dana-drzavnosti-u-zadru\/#primaryimage","url":"https:\/\/radioljubuski.ba\/wp-content\/uploads\/2021\/05\/bulic.jpg","contentUrl":"https:\/\/radioljubuski.ba\/wp-content\/uploads\/2021\/05\/bulic.jpg","width":1024,"height":548},{"@type":"BreadcrumbList","@id":"https:\/\/radioljubuski.ba\/index.php\/2021\/05\/31\/ivan-bulic-iz-ljubuskog-pobjednik-utrke-povodom-dana-drzavnosti-u-zadru\/#breadcrumb","itemListElement":[{"@type":"ListItem","position":1,"name":"Po\u010detna stranica","item":"https:\/\/radioljubuski.ba\/"},{"@type":"ListItem","position":2,"name":"Ivan Buli\u0107 iz Ljubu\u0161kog pobjednik utrke povodom Dana dr\u017eavnosti u Zadru"}]},{"@type":"WebSite","@id":"https:\/\/radioljubuski.ba\/#website","url":"https:\/\/radioljubuski.ba\/","name":"Radio Ljubu\u0161ki","description":"Sun\u010dana frekvencija Hercegovine","publisher":{"@id":"https:\/\/radioljubuski.ba\/#organization"},"potentialAction":[{"@type":"SearchAction","target":{"@type":"EntryPoint","urlTemplate":"https:\/\/radioljubuski.ba\/?s={search_term_string}"},"query-input":{"@type":"PropertyValueSpecification","valueRequired":true,"valueName":"search_term_string"}}],"inLanguage":"hr"},{"@type":"Organization","@id":"https:\/\/radioljubuski.ba\/#organization","name":"Radio Ljubu\u0161ki","url":"https:\/\/radioljubuski.ba\/","logo":{"@type":"ImageObject","inLanguage":"hr","@id":"https:\/\/radioljubuski.ba\/#\/schema\/logo\/image\/","url":"https:\/\/radioljubuski.ba\/wp-content\/uploads\/2021\/02\/cropped-Radio_Ljubuski_logo1.jpg","contentUrl":"https:\/\/radioljubuski.ba\/wp-content\/uploads\/2021\/02\/cropped-Radio_Ljubuski_logo1.jpg","width":512,"height":512,"caption":"Radio Ljubu\u0161ki"},"image":{"@id":"https:\/\/radioljubuski.ba\/#\/schema\/logo\/image\/"},"sameAs":["https:\/\/www.facebook.com\/Radiio-Ljubuski-1490835324566332","https:\/\/x.com\/radioljubuski","https:\/\/hr.linkedin.com\/company\/radio-ljubuski","https:\/\/www.youtube.com\/channel\/UCHYaeO_n0Db3tjNGudGpXyw"]},{"@type":"Person","@id":"https:\/\/radioljubuski.ba\/#\/schema\/person\/19fc700381a780f69665d7956c469e3b","name":"Radio Ljubu\u0161ki"}]}},"_links":{"self":[{"href":"https:\/\/radioljubuski.ba\/index.php\/wp-json\/wp\/v2\/posts\/26966","targetHints":{"allow":["GET"]}}],"collection":[{"href":"https:\/\/radioljubuski.ba\/index.php\/wp-json\/wp\/v2\/posts"}],"about":[{"href":"https:\/\/radioljubuski.ba\/index.php\/wp-json\/wp\/v2\/types\/post"}],"author":[{"embeddable":true,"href":"https:\/\/radioljubuski.ba\/index.php\/wp-json\/wp\/v2\/users\/2"}],"replies":[{"embeddable":true,"href":"https:\/\/radioljubuski.ba\/index.php\/wp-json\/wp\/v2\/comments?post=26966"}],"version-history":[{"count":1,"href":"https:\/\/radioljubuski.ba\/index.php\/wp-json\/wp\/v2\/posts\/26966\/revisions"}],"predecessor-version":[{"id":26970,"href":"https:\/\/radioljubuski.ba\/index.php\/wp-json\/wp\/v2\/posts\/26966\/revisions\/26970"}],"wp:featuredmedia":[{"embeddable":true,"href":"https:\/\/radioljubuski.ba\/index.php\/wp-json\/wp\/v2\/media\/26969"}],"wp:attachment":[{"href":"https:\/\/radioljubuski.ba\/index.php\/wp-json\/wp\/v2\/media?parent=26966"}],"wp:term":[{"taxonomy":"category","embeddable":true,"href":"https:\/\/radioljubuski.ba\/index.php\/wp-json\/wp\/v2\/categories?post=26966"},{"taxonomy":"post_tag","embeddable":true,"href":"https:\/\/radioljubuski.ba\/index.php\/wp-json\/wp\/v2\/tags?post=26966"}],"curies":[{"name":"wp","href":"https:\/\/api.w.org\/{rel}","templated":true}]}}