{"id":26981,"date":"2021-05-31T13:34:13","date_gmt":"2021-05-31T12:34:13","guid":{"rendered":"https:\/\/radioljubuski.ba\/?p=26981"},"modified":"2021-05-31T13:35:36","modified_gmt":"2021-05-31T12:35:36","slug":"priveden-muskarac-koji-je-vrijedao-okupljene-i-zapalio-manji-pozar-u-stozeru-mozemo","status":"publish","type":"post","link":"https:\/\/radioljubuski.ba\/index.php\/2021\/05\/31\/priveden-muskarac-koji-je-vrijedao-okupljene-i-zapalio-manji-pozar-u-stozeru-mozemo\/","title":{"rendered":"Priveden mu\u0161karac koji je vrije\u0111ao okupljene i zapalio manji po\u017ear u sto\u017eeru Mo\u017eemo!"},"content":{"rendered":"\n<p>Zagreba\u010dka policija privela je mu\u0161karca koji je u nedjelju nave\u010der vrije\u0111ao okupljene i zapalio manji po\u017ear u izbornom sto\u017eeru Mo\u017eemo! i partnera u Muzeju suvremene umjetnosti u Novom Zagrebu.<\/p>\n\n\n\n<p>Nad privedenim mu\u0161karcem trenutno se provodi kriminalisti\u010dko istra\u017eivanje, izvijestila je policija u ponedjeljak ne preciziraju\u0107i identitet mu\u0161karca ni detalje doga\u0111aja.<br><br>Mu\u0161karac je u nedjelju nave\u010der po\u017earnim stepenicama do\u0161ao do pozornice sto\u017eera Mo\u017eemo! i partnera gdje su ga zaustavili za\u0161titari. Nakon \u0161to je vrije\u0111ao za\u0161titare i okupljene u sto\u017eeru, mu\u0161karac je polio zapaljivu teku\u0107inu po po\u017earnim stepenicama, zapalio manji po\u017ear i potom oti\u0161ao.<br><br>Po\u017ear je ubrzo uga\u0161en, a u izborni sto\u017eer je pozvana policija koja je naknadno privela izgrednika.<\/p>\n\n\n\n<p>Izvor:hrt.hr<\/p>\n","protected":false},"excerpt":{"rendered":"<p>Zagreba\u010dka policija privela je mu\u0161karca koji je u nedjelju nave\u010der vrije\u0111ao okupljene i zapalio manji po\u017ear u izbornom sto\u017eeru Mo\u017eemo! i partnera u Muzeju suvremene umjetnosti u Novom Zagrebu. Nad privedenim mu\u0161karcem trenutno se provodi kriminalisti\u010dko istra\u017eivanje, izvijestila je policija u ponedjeljak ne preciziraju\u0107i identitet mu\u0161karca ni detalje doga\u0111aja. Mu\u0161karac je u nedjelju nave\u010der po\u017earnim [&hellip;]<\/p>\n","protected":false},"author":2,"featured_media":26982,"comment_status":"closed","ping_status":"closed","sticky":false,"template":"","format":"standard","meta":{"h5ap_radio_sources":[],"footnotes":""},"categories":[1],"tags":[],"class_list":["post-26981","post","type-post","status-publish","format-standard","has-post-thumbnail","hentry","category-bihiregija"],"yoast_head":"<!-- This site is optimized with the Yoast SEO plugin v27.4 - https:\/\/yoast.com\/product\/yoast-seo-wordpress\/ -->\n<title>Priveden mu\u0161karac koji je vrije\u0111ao okupljene i zapalio manji po\u017ear u sto\u017eeru Mo\u017eemo! - RADIO LJUBU\u0160KI<\/title>\n<meta name=\"robots\" content=\"index, follow, max-snippet:-1, max-image-preview:large, max-video-preview:-1\" \/>\n<link rel=\"canonical\" href=\"https:\/\/radioljubuski.ba\/index.php\/2021\/05\/31\/priveden-muskarac-koji-je-vrijedao-okupljene-i-zapalio-manji-pozar-u-stozeru-mozemo\/\" \/>\n<meta property=\"og:locale\" content=\"hr_HR\" \/>\n<meta property=\"og:type\" content=\"article\" \/>\n<meta property=\"og:title\" content=\"Priveden mu\u0161karac koji je vrije\u0111ao okupljene i zapalio manji po\u017ear u sto\u017eeru Mo\u017eemo! - RADIO LJUBU\u0160KI\" \/>\n<meta property=\"og:description\" content=\"Zagreba\u010dka policija privela je mu\u0161karca koji je u nedjelju nave\u010der vrije\u0111ao okupljene i zapalio manji po\u017ear u izbornom sto\u017eeru Mo\u017eemo! i partnera u Muzeju suvremene umjetnosti u Novom Zagrebu. Nad privedenim mu\u0161karcem trenutno se provodi kriminalisti\u010dko istra\u017eivanje, izvijestila je policija u ponedjeljak ne preciziraju\u0107i identitet mu\u0161karca ni detalje doga\u0111aja. Mu\u0161karac je u nedjelju nave\u010der po\u017earnim [&hellip;]\" \/>\n<meta property=\"og:url\" content=\"https:\/\/radioljubuski.ba\/index.php\/2021\/05\/31\/priveden-muskarac-koji-je-vrijedao-okupljene-i-zapalio-manji-pozar-u-stozeru-mozemo\/\" \/>\n<meta property=\"og:site_name\" content=\"RADIO LJUBU\u0160KI\" \/>\n<meta property=\"article:publisher\" content=\"https:\/\/www.facebook.com\/Radiio-Ljubuski-1490835324566332\" \/>\n<meta property=\"article:published_time\" content=\"2021-05-31T12:34:13+00:00\" \/>\n<meta property=\"article:modified_time\" content=\"2021-05-31T12:35:36+00:00\" \/>\n<meta property=\"og:image\" content=\"https:\/\/radioljubuski.ba\/wp-content\/uploads\/2021\/05\/indeksiraj6-3.jpg\" \/>\n\t<meta property=\"og:image:width\" content=\"276\" \/>\n\t<meta property=\"og:image:height\" content=\"183\" \/>\n\t<meta property=\"og:image:type\" content=\"image\/jpeg\" \/>\n<meta name=\"author\" content=\"Radio Ljubu\u0161ki\" \/>\n<meta name=\"twitter:card\" content=\"summary_large_image\" \/>\n<meta name=\"twitter:creator\" content=\"@radioljubuski\" \/>\n<meta name=\"twitter:site\" content=\"@radioljubuski\" \/>\n<meta name=\"twitter:label1\" content=\"Napisao\/la\" \/>\n\t<meta name=\"twitter:data1\" content=\"Radio Ljubu\u0161ki\" \/>\n\t<meta name=\"twitter:label2\" content=\"Procijenjeno vrijeme \u010ditanja\" \/>\n\t<meta name=\"twitter:data2\" content=\"1 minuta\" \/>\n<script type=\"application\/ld+json\" class=\"yoast-schema-graph\">{\"@context\":\"https:\\\/\\\/schema.org\",\"@graph\":[{\"@type\":\"Article\",\"@id\":\"https:\\\/\\\/radioljubuski.ba\\\/index.php\\\/2021\\\/05\\\/31\\\/priveden-muskarac-koji-je-vrijedao-okupljene-i-zapalio-manji-pozar-u-stozeru-mozemo\\\/#article\",\"isPartOf\":{\"@id\":\"https:\\\/\\\/radioljubuski.ba\\\/index.php\\\/2021\\\/05\\\/31\\\/priveden-muskarac-koji-je-vrijedao-okupljene-i-zapalio-manji-pozar-u-stozeru-mozemo\\\/\"},\"author\":{\"name\":\"Radio Ljubu\u0161ki\",\"@id\":\"https:\\\/\\\/radioljubuski.ba\\\/#\\\/schema\\\/person\\\/19fc700381a780f69665d7956c469e3b\"},\"headline\":\"Priveden mu\u0161karac koji je vrije\u0111ao okupljene i zapalio manji po\u017ear u sto\u017eeru Mo\u017eemo!\",\"datePublished\":\"2021-05-31T12:34:13+00:00\",\"dateModified\":\"2021-05-31T12:35:36+00:00\",\"mainEntityOfPage\":{\"@id\":\"https:\\\/\\\/radioljubuski.ba\\\/index.php\\\/2021\\\/05\\\/31\\\/priveden-muskarac-koji-je-vrijedao-okupljene-i-zapalio-manji-pozar-u-stozeru-mozemo\\\/\"},\"wordCount\":159,\"publisher\":{\"@id\":\"https:\\\/\\\/radioljubuski.ba\\\/#organization\"},\"image\":{\"@id\":\"https:\\\/\\\/radioljubuski.ba\\\/index.php\\\/2021\\\/05\\\/31\\\/priveden-muskarac-koji-je-vrijedao-okupljene-i-zapalio-manji-pozar-u-stozeru-mozemo\\\/#primaryimage\"},\"thumbnailUrl\":\"https:\\\/\\\/radioljubuski.ba\\\/wp-content\\\/uploads\\\/2021\\\/05\\\/indeksiraj6-3.jpg\",\"articleSection\":[\"BIH i regija\"],\"inLanguage\":\"hr\"},{\"@type\":\"WebPage\",\"@id\":\"https:\\\/\\\/radioljubuski.ba\\\/index.php\\\/2021\\\/05\\\/31\\\/priveden-muskarac-koji-je-vrijedao-okupljene-i-zapalio-manji-pozar-u-stozeru-mozemo\\\/\",\"url\":\"https:\\\/\\\/radioljubuski.ba\\\/index.php\\\/2021\\\/05\\\/31\\\/priveden-muskarac-koji-je-vrijedao-okupljene-i-zapalio-manji-pozar-u-stozeru-mozemo\\\/\",\"name\":\"Priveden mu\u0161karac koji je vrije\u0111ao okupljene i zapalio manji po\u017ear u sto\u017eeru Mo\u017eemo! - RADIO LJUBU\u0160KI\",\"isPartOf\":{\"@id\":\"https:\\\/\\\/radioljubuski.ba\\\/#website\"},\"primaryImageOfPage\":{\"@id\":\"https:\\\/\\\/radioljubuski.ba\\\/index.php\\\/2021\\\/05\\\/31\\\/priveden-muskarac-koji-je-vrijedao-okupljene-i-zapalio-manji-pozar-u-stozeru-mozemo\\\/#primaryimage\"},\"image\":{\"@id\":\"https:\\\/\\\/radioljubuski.ba\\\/index.php\\\/2021\\\/05\\\/31\\\/priveden-muskarac-koji-je-vrijedao-okupljene-i-zapalio-manji-pozar-u-stozeru-mozemo\\\/#primaryimage\"},\"thumbnailUrl\":\"https:\\\/\\\/radioljubuski.ba\\\/wp-content\\\/uploads\\\/2021\\\/05\\\/indeksiraj6-3.jpg\",\"datePublished\":\"2021-05-31T12:34:13+00:00\",\"dateModified\":\"2021-05-31T12:35:36+00:00\",\"breadcrumb\":{\"@id\":\"https:\\\/\\\/radioljubuski.ba\\\/index.php\\\/2021\\\/05\\\/31\\\/priveden-muskarac-koji-je-vrijedao-okupljene-i-zapalio-manji-pozar-u-stozeru-mozemo\\\/#breadcrumb\"},\"inLanguage\":\"hr\",\"potentialAction\":[{\"@type\":\"ReadAction\",\"target\":[\"https:\\\/\\\/radioljubuski.ba\\\/index.php\\\/2021\\\/05\\\/31\\\/priveden-muskarac-koji-je-vrijedao-okupljene-i-zapalio-manji-pozar-u-stozeru-mozemo\\\/\"]}]},{\"@type\":\"ImageObject\",\"inLanguage\":\"hr\",\"@id\":\"https:\\\/\\\/radioljubuski.ba\\\/index.php\\\/2021\\\/05\\\/31\\\/priveden-muskarac-koji-je-vrijedao-okupljene-i-zapalio-manji-pozar-u-stozeru-mozemo\\\/#primaryimage\",\"url\":\"https:\\\/\\\/radioljubuski.ba\\\/wp-content\\\/uploads\\\/2021\\\/05\\\/indeksiraj6-3.jpg\",\"contentUrl\":\"https:\\\/\\\/radioljubuski.ba\\\/wp-content\\\/uploads\\\/2021\\\/05\\\/indeksiraj6-3.jpg\",\"width\":276,\"height\":183},{\"@type\":\"BreadcrumbList\",\"@id\":\"https:\\\/\\\/radioljubuski.ba\\\/index.php\\\/2021\\\/05\\\/31\\\/priveden-muskarac-koji-je-vrijedao-okupljene-i-zapalio-manji-pozar-u-stozeru-mozemo\\\/#breadcrumb\",\"itemListElement\":[{\"@type\":\"ListItem\",\"position\":1,\"name\":\"Po\u010detna stranica\",\"item\":\"https:\\\/\\\/radioljubuski.ba\\\/\"},{\"@type\":\"ListItem\",\"position\":2,\"name\":\"Priveden mu\u0161karac koji je vrije\u0111ao okupljene i zapalio manji po\u017ear u sto\u017eeru Mo\u017eemo!\"}]},{\"@type\":\"WebSite\",\"@id\":\"https:\\\/\\\/radioljubuski.ba\\\/#website\",\"url\":\"https:\\\/\\\/radioljubuski.ba\\\/\",\"name\":\"Radio Ljubu\u0161ki\",\"description\":\"Sun\u010dana frekvencija Hercegovine\",\"publisher\":{\"@id\":\"https:\\\/\\\/radioljubuski.ba\\\/#organization\"},\"potentialAction\":[{\"@type\":\"SearchAction\",\"target\":{\"@type\":\"EntryPoint\",\"urlTemplate\":\"https:\\\/\\\/radioljubuski.ba\\\/?s={search_term_string}\"},\"query-input\":{\"@type\":\"PropertyValueSpecification\",\"valueRequired\":true,\"valueName\":\"search_term_string\"}}],\"inLanguage\":\"hr\"},{\"@type\":\"Organization\",\"@id\":\"https:\\\/\\\/radioljubuski.ba\\\/#organization\",\"name\":\"Radio Ljubu\u0161ki\",\"url\":\"https:\\\/\\\/radioljubuski.ba\\\/\",\"logo\":{\"@type\":\"ImageObject\",\"inLanguage\":\"hr\",\"@id\":\"https:\\\/\\\/radioljubuski.ba\\\/#\\\/schema\\\/logo\\\/image\\\/\",\"url\":\"https:\\\/\\\/radioljubuski.ba\\\/wp-content\\\/uploads\\\/2021\\\/02\\\/cropped-Radio_Ljubuski_logo1.jpg\",\"contentUrl\":\"https:\\\/\\\/radioljubuski.ba\\\/wp-content\\\/uploads\\\/2021\\\/02\\\/cropped-Radio_Ljubuski_logo1.jpg\",\"width\":512,\"height\":512,\"caption\":\"Radio Ljubu\u0161ki\"},\"image\":{\"@id\":\"https:\\\/\\\/radioljubuski.ba\\\/#\\\/schema\\\/logo\\\/image\\\/\"},\"sameAs\":[\"https:\\\/\\\/www.facebook.com\\\/Radiio-Ljubuski-1490835324566332\",\"https:\\\/\\\/x.com\\\/radioljubuski\",\"https:\\\/\\\/hr.linkedin.com\\\/company\\\/radio-ljubuski\",\"https:\\\/\\\/www.youtube.com\\\/channel\\\/UCHYaeO_n0Db3tjNGudGpXyw\"]},{\"@type\":\"Person\",\"@id\":\"https:\\\/\\\/radioljubuski.ba\\\/#\\\/schema\\\/person\\\/19fc700381a780f69665d7956c469e3b\",\"name\":\"Radio Ljubu\u0161ki\"}]}<\/script>\n<!-- \/ Yoast SEO plugin. -->","yoast_head_json":{"title":"Priveden mu\u0161karac koji je vrije\u0111ao okupljene i zapalio manji po\u017ear u sto\u017eeru Mo\u017eemo! - RADIO LJUBU\u0160KI","robots":{"index":"index","follow":"follow","max-snippet":"max-snippet:-1","max-image-preview":"max-image-preview:large","max-video-preview":"max-video-preview:-1"},"canonical":"https:\/\/radioljubuski.ba\/index.php\/2021\/05\/31\/priveden-muskarac-koji-je-vrijedao-okupljene-i-zapalio-manji-pozar-u-stozeru-mozemo\/","og_locale":"hr_HR","og_type":"article","og_title":"Priveden mu\u0161karac koji je vrije\u0111ao okupljene i zapalio manji po\u017ear u sto\u017eeru Mo\u017eemo! - RADIO LJUBU\u0160KI","og_description":"Zagreba\u010dka policija privela je mu\u0161karca koji je u nedjelju nave\u010der vrije\u0111ao okupljene i zapalio manji po\u017ear u izbornom sto\u017eeru Mo\u017eemo! i partnera u Muzeju suvremene umjetnosti u Novom Zagrebu. Nad privedenim mu\u0161karcem trenutno se provodi kriminalisti\u010dko istra\u017eivanje, izvijestila je policija u ponedjeljak ne preciziraju\u0107i identitet mu\u0161karca ni detalje doga\u0111aja. Mu\u0161karac je u nedjelju nave\u010der po\u017earnim [&hellip;]","og_url":"https:\/\/radioljubuski.ba\/index.php\/2021\/05\/31\/priveden-muskarac-koji-je-vrijedao-okupljene-i-zapalio-manji-pozar-u-stozeru-mozemo\/","og_site_name":"RADIO LJUBU\u0160KI","article_publisher":"https:\/\/www.facebook.com\/Radiio-Ljubuski-1490835324566332","article_published_time":"2021-05-31T12:34:13+00:00","article_modified_time":"2021-05-31T12:35:36+00:00","og_image":[{"width":276,"height":183,"url":"https:\/\/radioljubuski.ba\/wp-content\/uploads\/2021\/05\/indeksiraj6-3.jpg","type":"image\/jpeg"}],"author":"Radio Ljubu\u0161ki","twitter_card":"summary_large_image","twitter_creator":"@radioljubuski","twitter_site":"@radioljubuski","twitter_misc":{"Napisao\/la":"Radio Ljubu\u0161ki","Procijenjeno vrijeme \u010ditanja":"1 minuta"},"schema":{"@context":"https:\/\/schema.org","@graph":[{"@type":"Article","@id":"https:\/\/radioljubuski.ba\/index.php\/2021\/05\/31\/priveden-muskarac-koji-je-vrijedao-okupljene-i-zapalio-manji-pozar-u-stozeru-mozemo\/#article","isPartOf":{"@id":"https:\/\/radioljubuski.ba\/index.php\/2021\/05\/31\/priveden-muskarac-koji-je-vrijedao-okupljene-i-zapalio-manji-pozar-u-stozeru-mozemo\/"},"author":{"name":"Radio Ljubu\u0161ki","@id":"https:\/\/radioljubuski.ba\/#\/schema\/person\/19fc700381a780f69665d7956c469e3b"},"headline":"Priveden mu\u0161karac koji je vrije\u0111ao okupljene i zapalio manji po\u017ear u sto\u017eeru Mo\u017eemo!","datePublished":"2021-05-31T12:34:13+00:00","dateModified":"2021-05-31T12:35:36+00:00","mainEntityOfPage":{"@id":"https:\/\/radioljubuski.ba\/index.php\/2021\/05\/31\/priveden-muskarac-koji-je-vrijedao-okupljene-i-zapalio-manji-pozar-u-stozeru-mozemo\/"},"wordCount":159,"publisher":{"@id":"https:\/\/radioljubuski.ba\/#organization"},"image":{"@id":"https:\/\/radioljubuski.ba\/index.php\/2021\/05\/31\/priveden-muskarac-koji-je-vrijedao-okupljene-i-zapalio-manji-pozar-u-stozeru-mozemo\/#primaryimage"},"thumbnailUrl":"https:\/\/radioljubuski.ba\/wp-content\/uploads\/2021\/05\/indeksiraj6-3.jpg","articleSection":["BIH i regija"],"inLanguage":"hr"},{"@type":"WebPage","@id":"https:\/\/radioljubuski.ba\/index.php\/2021\/05\/31\/priveden-muskarac-koji-je-vrijedao-okupljene-i-zapalio-manji-pozar-u-stozeru-mozemo\/","url":"https:\/\/radioljubuski.ba\/index.php\/2021\/05\/31\/priveden-muskarac-koji-je-vrijedao-okupljene-i-zapalio-manji-pozar-u-stozeru-mozemo\/","name":"Priveden mu\u0161karac koji je vrije\u0111ao okupljene i zapalio manji po\u017ear u sto\u017eeru Mo\u017eemo! - RADIO LJUBU\u0160KI","isPartOf":{"@id":"https:\/\/radioljubuski.ba\/#website"},"primaryImageOfPage":{"@id":"https:\/\/radioljubuski.ba\/index.php\/2021\/05\/31\/priveden-muskarac-koji-je-vrijedao-okupljene-i-zapalio-manji-pozar-u-stozeru-mozemo\/#primaryimage"},"image":{"@id":"https:\/\/radioljubuski.ba\/index.php\/2021\/05\/31\/priveden-muskarac-koji-je-vrijedao-okupljene-i-zapalio-manji-pozar-u-stozeru-mozemo\/#primaryimage"},"thumbnailUrl":"https:\/\/radioljubuski.ba\/wp-content\/uploads\/2021\/05\/indeksiraj6-3.jpg","datePublished":"2021-05-31T12:34:13+00:00","dateModified":"2021-05-31T12:35:36+00:00","breadcrumb":{"@id":"https:\/\/radioljubuski.ba\/index.php\/2021\/05\/31\/priveden-muskarac-koji-je-vrijedao-okupljene-i-zapalio-manji-pozar-u-stozeru-mozemo\/#breadcrumb"},"inLanguage":"hr","potentialAction":[{"@type":"ReadAction","target":["https:\/\/radioljubuski.ba\/index.php\/2021\/05\/31\/priveden-muskarac-koji-je-vrijedao-okupljene-i-zapalio-manji-pozar-u-stozeru-mozemo\/"]}]},{"@type":"ImageObject","inLanguage":"hr","@id":"https:\/\/radioljubuski.ba\/index.php\/2021\/05\/31\/priveden-muskarac-koji-je-vrijedao-okupljene-i-zapalio-manji-pozar-u-stozeru-mozemo\/#primaryimage","url":"https:\/\/radioljubuski.ba\/wp-content\/uploads\/2021\/05\/indeksiraj6-3.jpg","contentUrl":"https:\/\/radioljubuski.ba\/wp-content\/uploads\/2021\/05\/indeksiraj6-3.jpg","width":276,"height":183},{"@type":"BreadcrumbList","@id":"https:\/\/radioljubuski.ba\/index.php\/2021\/05\/31\/priveden-muskarac-koji-je-vrijedao-okupljene-i-zapalio-manji-pozar-u-stozeru-mozemo\/#breadcrumb","itemListElement":[{"@type":"ListItem","position":1,"name":"Po\u010detna stranica","item":"https:\/\/radioljubuski.ba\/"},{"@type":"ListItem","position":2,"name":"Priveden mu\u0161karac koji je vrije\u0111ao okupljene i zapalio manji po\u017ear u sto\u017eeru Mo\u017eemo!"}]},{"@type":"WebSite","@id":"https:\/\/radioljubuski.ba\/#website","url":"https:\/\/radioljubuski.ba\/","name":"Radio Ljubu\u0161ki","description":"Sun\u010dana frekvencija Hercegovine","publisher":{"@id":"https:\/\/radioljubuski.ba\/#organization"},"potentialAction":[{"@type":"SearchAction","target":{"@type":"EntryPoint","urlTemplate":"https:\/\/radioljubuski.ba\/?s={search_term_string}"},"query-input":{"@type":"PropertyValueSpecification","valueRequired":true,"valueName":"search_term_string"}}],"inLanguage":"hr"},{"@type":"Organization","@id":"https:\/\/radioljubuski.ba\/#organization","name":"Radio Ljubu\u0161ki","url":"https:\/\/radioljubuski.ba\/","logo":{"@type":"ImageObject","inLanguage":"hr","@id":"https:\/\/radioljubuski.ba\/#\/schema\/logo\/image\/","url":"https:\/\/radioljubuski.ba\/wp-content\/uploads\/2021\/02\/cropped-Radio_Ljubuski_logo1.jpg","contentUrl":"https:\/\/radioljubuski.ba\/wp-content\/uploads\/2021\/02\/cropped-Radio_Ljubuski_logo1.jpg","width":512,"height":512,"caption":"Radio Ljubu\u0161ki"},"image":{"@id":"https:\/\/radioljubuski.ba\/#\/schema\/logo\/image\/"},"sameAs":["https:\/\/www.facebook.com\/Radiio-Ljubuski-1490835324566332","https:\/\/x.com\/radioljubuski","https:\/\/hr.linkedin.com\/company\/radio-ljubuski","https:\/\/www.youtube.com\/channel\/UCHYaeO_n0Db3tjNGudGpXyw"]},{"@type":"Person","@id":"https:\/\/radioljubuski.ba\/#\/schema\/person\/19fc700381a780f69665d7956c469e3b","name":"Radio Ljubu\u0161ki"}]}},"_links":{"self":[{"href":"https:\/\/radioljubuski.ba\/index.php\/wp-json\/wp\/v2\/posts\/26981","targetHints":{"allow":["GET"]}}],"collection":[{"href":"https:\/\/radioljubuski.ba\/index.php\/wp-json\/wp\/v2\/posts"}],"about":[{"href":"https:\/\/radioljubuski.ba\/index.php\/wp-json\/wp\/v2\/types\/post"}],"author":[{"embeddable":true,"href":"https:\/\/radioljubuski.ba\/index.php\/wp-json\/wp\/v2\/users\/2"}],"replies":[{"embeddable":true,"href":"https:\/\/radioljubuski.ba\/index.php\/wp-json\/wp\/v2\/comments?post=26981"}],"version-history":[{"count":1,"href":"https:\/\/radioljubuski.ba\/index.php\/wp-json\/wp\/v2\/posts\/26981\/revisions"}],"predecessor-version":[{"id":26983,"href":"https:\/\/radioljubuski.ba\/index.php\/wp-json\/wp\/v2\/posts\/26981\/revisions\/26983"}],"wp:featuredmedia":[{"embeddable":true,"href":"https:\/\/radioljubuski.ba\/index.php\/wp-json\/wp\/v2\/media\/26982"}],"wp:attachment":[{"href":"https:\/\/radioljubuski.ba\/index.php\/wp-json\/wp\/v2\/media?parent=26981"}],"wp:term":[{"taxonomy":"category","embeddable":true,"href":"https:\/\/radioljubuski.ba\/index.php\/wp-json\/wp\/v2\/categories?post=26981"},{"taxonomy":"post_tag","embeddable":true,"href":"https:\/\/radioljubuski.ba\/index.php\/wp-json\/wp\/v2\/tags?post=26981"}],"curies":[{"name":"wp","href":"https:\/\/api.w.org\/{rel}","templated":true}]}}