{"id":26990,"date":"2021-05-31T13:40:16","date_gmt":"2021-05-31T12:40:16","guid":{"rendered":"https:\/\/radioljubuski.ba\/?p=26990"},"modified":"2021-05-31T13:40:17","modified_gmt":"2021-05-31T12:40:17","slug":"kamo-ide-ricard-i-njegovih-sest-vijecnika","status":"publish","type":"post","link":"https:\/\/radioljubuski.ba\/index.php\/2021\/05\/31\/kamo-ide-ricard-i-njegovih-sest-vijecnika\/","title":{"rendered":"Kamo ide Ri\u010dard i njegovih \u0161est vije\u0107nika?"},"content":{"rendered":"\n<p>Najprije su ga sugra\u0111ani gledali pomalo sumnji\u010davo pa i bje\u017eali od njega. Skidao se on i puno prije nego \u0161to je to postalo popularno me\u0111u politi\u010darima. Kao Borat, prostitutka, Playboyeva ze\u010dica. No, tek ga je Ri\u010dard, ra\u0161\u010dupani gorostas, vinuo u orbitu kao politi\u010dku zvijezdu ovih izbora.<\/p>\n\n\n\n<p>Isprva u ma\u0161karama, sa svojim KUD-om Bleke i konji, \u0161okirao je malogra\u0111ane, rugao se vladaju\u0107ima i njihovim megalomanskim projektima.<br><br>Nakon prve runde izbora otvorilo se pitanje svih pitanja ovih zadarskih lokalnih izbora. S kime \u0107e Enio? Konkretan odgovor nitko nije dobio. Ka\u017ee, prikloniti se ne\u0107e nikomu nego \u0107e njegova Nezavisna lista postavljati uvjete pa tko im se pridru\u017ei, pridru\u017ei. Uvjeti bi trebali biti javni.<br><br>&#8211; Onda \u0107emo oformiti vije\u0107e, ako netko prihvati va\u0161e uvjete, a te uvjete \u0107e biti te\u0161ko prihvatiti, ako ih ne prihvate onda \u0107emo i\u0107i na nove izbore, rekao je<strong> Enio Me\u0161trovi\u0107.<\/strong><br><br>&#8211; Jedni i drugi ne\u0107e stavljati za pro\u010delnike svoje ljude nego \u0107e se otvarati natje\u010daji, transparentno, za stru\u010dne ljude koji to mogu raditi. Ima tamo ljudi u Gradu danas koji rade dobro posao, a ima i onih koji \u0107e biti lijepo zamoljeni da se povuku u miru, dodao je.<br><br>U izbornoj no\u0107i Ri\u010dard je slavio uz &#8220;Thunder strike&#8221;. Poput udara groma, odjeknulo je, Enio je zamalo u\u0161ao u drugi krug za gradona\u010delnika Zadra i osvojio \u010dak 7 vije\u0107ni\u010dkih mjesta.<br><br>&#8211; Radio kao kuhar po profesiji, igrao ko\u0161arku, otvorio konobu, piturao, maslinar sam, imam OPG, hvatao sam poskoke , bio izbaciva\u010d u New Yorku, drvsje\u010da u Lici, ali pomo\u0107ni drvosje\u010da. Ja znam da ja stojim iza sedam ljudi s liste i 6000 ljudi koji su glasali, rekao je Me\u0161trovi\u0107, Konji- Nezavisna lista za grad Zadar.<br><br>No, njegovi bira\u010di su i lijevi i desni i oni rezignirani. Koja je formula da se svima udovolji? Ho\u0107e li na kraju ispasti da je i nama odraslima Ri\u010dard pri\u010dao pri\u010de za malu djecu? Kamo ide Enio i njegovih \u0161est vije\u0107nika, znat \u0107e se uskoro.<\/p>\n\n\n\n<div style=\"width: 640px;\" class=\"wp-video\"><video class=\"wp-video-shortcode\" id=\"video-26990-1\" width=\"640\" height=\"360\" preload=\"metadata\" controls=\"controls\"><source type=\"video\/mp4\" src=\"https:\/\/api.hrt.hr\/media\/b3\/77\/izbori300521-eniomestrovic-20210530214505.mp4?_=1\" \/><a href=\"https:\/\/api.hrt.hr\/media\/b3\/77\/izbori300521-eniomestrovic-20210530214505.mp4\">https:\/\/api.hrt.hr\/media\/b3\/77\/izbori300521-eniomestrovic-20210530214505.mp4<\/a><\/video><\/div>\n\n\n\n<p>Izvor:hrt.hr<\/p>\n","protected":false},"excerpt":{"rendered":"<p>Najprije su ga sugra\u0111ani gledali pomalo sumnji\u010davo pa i bje\u017eali od njega. Skidao se on i puno prije nego \u0161to je to postalo popularno me\u0111u politi\u010darima. Kao Borat, prostitutka, Playboyeva ze\u010dica. No, tek ga je Ri\u010dard, ra\u0161\u010dupani gorostas, vinuo u orbitu kao politi\u010dku zvijezdu ovih izbora. Isprva u ma\u0161karama, sa svojim KUD-om Bleke i konji, [&hellip;]<\/p>\n","protected":false},"author":2,"featured_media":26991,"comment_status":"closed","ping_status":"closed","sticky":false,"template":"","format":"standard","meta":{"h5ap_radio_sources":[],"footnotes":""},"categories":[1],"tags":[],"class_list":["post-26990","post","type-post","status-publish","format-standard","has-post-thumbnail","hentry","category-bihiregija"],"yoast_head":"<!-- This site is optimized with the Yoast SEO plugin v27.5 - https:\/\/yoast.com\/product\/yoast-seo-wordpress\/ -->\n<title>Kamo ide Ri\u010dard i njegovih \u0161est vije\u0107nika? - RADIO LJUBU\u0160KI<\/title>\n<meta name=\"robots\" content=\"index, follow, max-snippet:-1, max-image-preview:large, max-video-preview:-1\" \/>\n<link rel=\"canonical\" href=\"https:\/\/radioljubuski.ba\/index.php\/2021\/05\/31\/kamo-ide-ricard-i-njegovih-sest-vijecnika\/\" \/>\n<meta property=\"og:locale\" content=\"hr_HR\" \/>\n<meta property=\"og:type\" content=\"article\" \/>\n<meta property=\"og:title\" content=\"Kamo ide Ri\u010dard i njegovih \u0161est vije\u0107nika? - RADIO LJUBU\u0160KI\" \/>\n<meta property=\"og:description\" content=\"Najprije su ga sugra\u0111ani gledali pomalo sumnji\u010davo pa i bje\u017eali od njega. Skidao se on i puno prije nego \u0161to je to postalo popularno me\u0111u politi\u010darima. Kao Borat, prostitutka, Playboyeva ze\u010dica. No, tek ga je Ri\u010dard, ra\u0161\u010dupani gorostas, vinuo u orbitu kao politi\u010dku zvijezdu ovih izbora. Isprva u ma\u0161karama, sa svojim KUD-om Bleke i konji, [&hellip;]\" \/>\n<meta property=\"og:url\" content=\"https:\/\/radioljubuski.ba\/index.php\/2021\/05\/31\/kamo-ide-ricard-i-njegovih-sest-vijecnika\/\" \/>\n<meta property=\"og:site_name\" content=\"RADIO LJUBU\u0160KI\" \/>\n<meta property=\"article:publisher\" content=\"https:\/\/www.facebook.com\/Radiio-Ljubuski-1490835324566332\" \/>\n<meta property=\"article:published_time\" content=\"2021-05-31T12:40:16+00:00\" \/>\n<meta property=\"article:modified_time\" content=\"2021-05-31T12:40:17+00:00\" \/>\n<meta property=\"og:image\" content=\"https:\/\/radioljubuski.ba\/wp-content\/uploads\/2021\/05\/t-izbori300521-eniomestrovic-20210530214505.jpg\" \/>\n\t<meta property=\"og:image:width\" content=\"1920\" \/>\n\t<meta property=\"og:image:height\" content=\"1080\" \/>\n\t<meta property=\"og:image:type\" content=\"image\/jpeg\" \/>\n<meta name=\"author\" content=\"Radio Ljubu\u0161ki\" \/>\n<meta name=\"twitter:card\" content=\"summary_large_image\" \/>\n<meta name=\"twitter:creator\" content=\"@radioljubuski\" \/>\n<meta name=\"twitter:site\" content=\"@radioljubuski\" \/>\n<meta name=\"twitter:label1\" content=\"Napisao\/la\" \/>\n\t<meta name=\"twitter:data1\" content=\"Radio Ljubu\u0161ki\" \/>\n\t<meta name=\"twitter:label2\" content=\"Procijenjeno vrijeme \u010ditanja\" \/>\n\t<meta name=\"twitter:data2\" content=\"2 minute\" \/>\n<script type=\"application\/ld+json\" class=\"yoast-schema-graph\">{\"@context\":\"https:\\\/\\\/schema.org\",\"@graph\":[{\"@type\":\"Article\",\"@id\":\"https:\\\/\\\/radioljubuski.ba\\\/index.php\\\/2021\\\/05\\\/31\\\/kamo-ide-ricard-i-njegovih-sest-vijecnika\\\/#article\",\"isPartOf\":{\"@id\":\"https:\\\/\\\/radioljubuski.ba\\\/index.php\\\/2021\\\/05\\\/31\\\/kamo-ide-ricard-i-njegovih-sest-vijecnika\\\/\"},\"author\":{\"name\":\"Radio Ljubu\u0161ki\",\"@id\":\"https:\\\/\\\/radioljubuski.ba\\\/#\\\/schema\\\/person\\\/19fc700381a780f69665d7956c469e3b\"},\"headline\":\"Kamo ide Ri\u010dard i njegovih \u0161est vije\u0107nika?\",\"datePublished\":\"2021-05-31T12:40:16+00:00\",\"dateModified\":\"2021-05-31T12:40:17+00:00\",\"mainEntityOfPage\":{\"@id\":\"https:\\\/\\\/radioljubuski.ba\\\/index.php\\\/2021\\\/05\\\/31\\\/kamo-ide-ricard-i-njegovih-sest-vijecnika\\\/\"},\"wordCount\":380,\"publisher\":{\"@id\":\"https:\\\/\\\/radioljubuski.ba\\\/#organization\"},\"image\":{\"@id\":\"https:\\\/\\\/radioljubuski.ba\\\/index.php\\\/2021\\\/05\\\/31\\\/kamo-ide-ricard-i-njegovih-sest-vijecnika\\\/#primaryimage\"},\"thumbnailUrl\":\"https:\\\/\\\/radioljubuski.ba\\\/wp-content\\\/uploads\\\/2021\\\/05\\\/t-izbori300521-eniomestrovic-20210530214505.jpg\",\"articleSection\":[\"BIH i regija\"],\"inLanguage\":\"hr\"},{\"@type\":\"WebPage\",\"@id\":\"https:\\\/\\\/radioljubuski.ba\\\/index.php\\\/2021\\\/05\\\/31\\\/kamo-ide-ricard-i-njegovih-sest-vijecnika\\\/\",\"url\":\"https:\\\/\\\/radioljubuski.ba\\\/index.php\\\/2021\\\/05\\\/31\\\/kamo-ide-ricard-i-njegovih-sest-vijecnika\\\/\",\"name\":\"Kamo ide Ri\u010dard i njegovih \u0161est vije\u0107nika? - RADIO LJUBU\u0160KI\",\"isPartOf\":{\"@id\":\"https:\\\/\\\/radioljubuski.ba\\\/#website\"},\"primaryImageOfPage\":{\"@id\":\"https:\\\/\\\/radioljubuski.ba\\\/index.php\\\/2021\\\/05\\\/31\\\/kamo-ide-ricard-i-njegovih-sest-vijecnika\\\/#primaryimage\"},\"image\":{\"@id\":\"https:\\\/\\\/radioljubuski.ba\\\/index.php\\\/2021\\\/05\\\/31\\\/kamo-ide-ricard-i-njegovih-sest-vijecnika\\\/#primaryimage\"},\"thumbnailUrl\":\"https:\\\/\\\/radioljubuski.ba\\\/wp-content\\\/uploads\\\/2021\\\/05\\\/t-izbori300521-eniomestrovic-20210530214505.jpg\",\"datePublished\":\"2021-05-31T12:40:16+00:00\",\"dateModified\":\"2021-05-31T12:40:17+00:00\",\"breadcrumb\":{\"@id\":\"https:\\\/\\\/radioljubuski.ba\\\/index.php\\\/2021\\\/05\\\/31\\\/kamo-ide-ricard-i-njegovih-sest-vijecnika\\\/#breadcrumb\"},\"inLanguage\":\"hr\",\"potentialAction\":[{\"@type\":\"ReadAction\",\"target\":[\"https:\\\/\\\/radioljubuski.ba\\\/index.php\\\/2021\\\/05\\\/31\\\/kamo-ide-ricard-i-njegovih-sest-vijecnika\\\/\"]}]},{\"@type\":\"ImageObject\",\"inLanguage\":\"hr\",\"@id\":\"https:\\\/\\\/radioljubuski.ba\\\/index.php\\\/2021\\\/05\\\/31\\\/kamo-ide-ricard-i-njegovih-sest-vijecnika\\\/#primaryimage\",\"url\":\"https:\\\/\\\/radioljubuski.ba\\\/wp-content\\\/uploads\\\/2021\\\/05\\\/t-izbori300521-eniomestrovic-20210530214505.jpg\",\"contentUrl\":\"https:\\\/\\\/radioljubuski.ba\\\/wp-content\\\/uploads\\\/2021\\\/05\\\/t-izbori300521-eniomestrovic-20210530214505.jpg\",\"width\":1920,\"height\":1080},{\"@type\":\"BreadcrumbList\",\"@id\":\"https:\\\/\\\/radioljubuski.ba\\\/index.php\\\/2021\\\/05\\\/31\\\/kamo-ide-ricard-i-njegovih-sest-vijecnika\\\/#breadcrumb\",\"itemListElement\":[{\"@type\":\"ListItem\",\"position\":1,\"name\":\"Po\u010detna stranica\",\"item\":\"https:\\\/\\\/radioljubuski.ba\\\/\"},{\"@type\":\"ListItem\",\"position\":2,\"name\":\"Kamo ide Ri\u010dard i njegovih \u0161est vije\u0107nika?\"}]},{\"@type\":\"WebSite\",\"@id\":\"https:\\\/\\\/radioljubuski.ba\\\/#website\",\"url\":\"https:\\\/\\\/radioljubuski.ba\\\/\",\"name\":\"Radio Ljubu\u0161ki\",\"description\":\"Sun\u010dana frekvencija Hercegovine\",\"publisher\":{\"@id\":\"https:\\\/\\\/radioljubuski.ba\\\/#organization\"},\"potentialAction\":[{\"@type\":\"SearchAction\",\"target\":{\"@type\":\"EntryPoint\",\"urlTemplate\":\"https:\\\/\\\/radioljubuski.ba\\\/?s={search_term_string}\"},\"query-input\":{\"@type\":\"PropertyValueSpecification\",\"valueRequired\":true,\"valueName\":\"search_term_string\"}}],\"inLanguage\":\"hr\"},{\"@type\":\"Organization\",\"@id\":\"https:\\\/\\\/radioljubuski.ba\\\/#organization\",\"name\":\"Radio Ljubu\u0161ki\",\"url\":\"https:\\\/\\\/radioljubuski.ba\\\/\",\"logo\":{\"@type\":\"ImageObject\",\"inLanguage\":\"hr\",\"@id\":\"https:\\\/\\\/radioljubuski.ba\\\/#\\\/schema\\\/logo\\\/image\\\/\",\"url\":\"https:\\\/\\\/radioljubuski.ba\\\/wp-content\\\/uploads\\\/2021\\\/02\\\/cropped-Radio_Ljubuski_logo1.jpg\",\"contentUrl\":\"https:\\\/\\\/radioljubuski.ba\\\/wp-content\\\/uploads\\\/2021\\\/02\\\/cropped-Radio_Ljubuski_logo1.jpg\",\"width\":512,\"height\":512,\"caption\":\"Radio Ljubu\u0161ki\"},\"image\":{\"@id\":\"https:\\\/\\\/radioljubuski.ba\\\/#\\\/schema\\\/logo\\\/image\\\/\"},\"sameAs\":[\"https:\\\/\\\/www.facebook.com\\\/Radiio-Ljubuski-1490835324566332\",\"https:\\\/\\\/x.com\\\/radioljubuski\",\"https:\\\/\\\/hr.linkedin.com\\\/company\\\/radio-ljubuski\",\"https:\\\/\\\/www.youtube.com\\\/channel\\\/UCHYaeO_n0Db3tjNGudGpXyw\"]},{\"@type\":\"Person\",\"@id\":\"https:\\\/\\\/radioljubuski.ba\\\/#\\\/schema\\\/person\\\/19fc700381a780f69665d7956c469e3b\",\"name\":\"Radio Ljubu\u0161ki\"}]}<\/script>\n<!-- \/ Yoast SEO plugin. -->","yoast_head_json":{"title":"Kamo ide Ri\u010dard i njegovih \u0161est vije\u0107nika? - RADIO LJUBU\u0160KI","robots":{"index":"index","follow":"follow","max-snippet":"max-snippet:-1","max-image-preview":"max-image-preview:large","max-video-preview":"max-video-preview:-1"},"canonical":"https:\/\/radioljubuski.ba\/index.php\/2021\/05\/31\/kamo-ide-ricard-i-njegovih-sest-vijecnika\/","og_locale":"hr_HR","og_type":"article","og_title":"Kamo ide Ri\u010dard i njegovih \u0161est vije\u0107nika? - RADIO LJUBU\u0160KI","og_description":"Najprije su ga sugra\u0111ani gledali pomalo sumnji\u010davo pa i bje\u017eali od njega. Skidao se on i puno prije nego \u0161to je to postalo popularno me\u0111u politi\u010darima. Kao Borat, prostitutka, Playboyeva ze\u010dica. No, tek ga je Ri\u010dard, ra\u0161\u010dupani gorostas, vinuo u orbitu kao politi\u010dku zvijezdu ovih izbora. Isprva u ma\u0161karama, sa svojim KUD-om Bleke i konji, [&hellip;]","og_url":"https:\/\/radioljubuski.ba\/index.php\/2021\/05\/31\/kamo-ide-ricard-i-njegovih-sest-vijecnika\/","og_site_name":"RADIO LJUBU\u0160KI","article_publisher":"https:\/\/www.facebook.com\/Radiio-Ljubuski-1490835324566332","article_published_time":"2021-05-31T12:40:16+00:00","article_modified_time":"2021-05-31T12:40:17+00:00","og_image":[{"width":1920,"height":1080,"url":"https:\/\/radioljubuski.ba\/wp-content\/uploads\/2021\/05\/t-izbori300521-eniomestrovic-20210530214505.jpg","type":"image\/jpeg"}],"author":"Radio Ljubu\u0161ki","twitter_card":"summary_large_image","twitter_creator":"@radioljubuski","twitter_site":"@radioljubuski","twitter_misc":{"Napisao\/la":"Radio Ljubu\u0161ki","Procijenjeno vrijeme \u010ditanja":"2 minute"},"schema":{"@context":"https:\/\/schema.org","@graph":[{"@type":"Article","@id":"https:\/\/radioljubuski.ba\/index.php\/2021\/05\/31\/kamo-ide-ricard-i-njegovih-sest-vijecnika\/#article","isPartOf":{"@id":"https:\/\/radioljubuski.ba\/index.php\/2021\/05\/31\/kamo-ide-ricard-i-njegovih-sest-vijecnika\/"},"author":{"name":"Radio Ljubu\u0161ki","@id":"https:\/\/radioljubuski.ba\/#\/schema\/person\/19fc700381a780f69665d7956c469e3b"},"headline":"Kamo ide Ri\u010dard i njegovih \u0161est vije\u0107nika?","datePublished":"2021-05-31T12:40:16+00:00","dateModified":"2021-05-31T12:40:17+00:00","mainEntityOfPage":{"@id":"https:\/\/radioljubuski.ba\/index.php\/2021\/05\/31\/kamo-ide-ricard-i-njegovih-sest-vijecnika\/"},"wordCount":380,"publisher":{"@id":"https:\/\/radioljubuski.ba\/#organization"},"image":{"@id":"https:\/\/radioljubuski.ba\/index.php\/2021\/05\/31\/kamo-ide-ricard-i-njegovih-sest-vijecnika\/#primaryimage"},"thumbnailUrl":"https:\/\/radioljubuski.ba\/wp-content\/uploads\/2021\/05\/t-izbori300521-eniomestrovic-20210530214505.jpg","articleSection":["BIH i regija"],"inLanguage":"hr"},{"@type":"WebPage","@id":"https:\/\/radioljubuski.ba\/index.php\/2021\/05\/31\/kamo-ide-ricard-i-njegovih-sest-vijecnika\/","url":"https:\/\/radioljubuski.ba\/index.php\/2021\/05\/31\/kamo-ide-ricard-i-njegovih-sest-vijecnika\/","name":"Kamo ide Ri\u010dard i njegovih \u0161est vije\u0107nika? - RADIO LJUBU\u0160KI","isPartOf":{"@id":"https:\/\/radioljubuski.ba\/#website"},"primaryImageOfPage":{"@id":"https:\/\/radioljubuski.ba\/index.php\/2021\/05\/31\/kamo-ide-ricard-i-njegovih-sest-vijecnika\/#primaryimage"},"image":{"@id":"https:\/\/radioljubuski.ba\/index.php\/2021\/05\/31\/kamo-ide-ricard-i-njegovih-sest-vijecnika\/#primaryimage"},"thumbnailUrl":"https:\/\/radioljubuski.ba\/wp-content\/uploads\/2021\/05\/t-izbori300521-eniomestrovic-20210530214505.jpg","datePublished":"2021-05-31T12:40:16+00:00","dateModified":"2021-05-31T12:40:17+00:00","breadcrumb":{"@id":"https:\/\/radioljubuski.ba\/index.php\/2021\/05\/31\/kamo-ide-ricard-i-njegovih-sest-vijecnika\/#breadcrumb"},"inLanguage":"hr","potentialAction":[{"@type":"ReadAction","target":["https:\/\/radioljubuski.ba\/index.php\/2021\/05\/31\/kamo-ide-ricard-i-njegovih-sest-vijecnika\/"]}]},{"@type":"ImageObject","inLanguage":"hr","@id":"https:\/\/radioljubuski.ba\/index.php\/2021\/05\/31\/kamo-ide-ricard-i-njegovih-sest-vijecnika\/#primaryimage","url":"https:\/\/radioljubuski.ba\/wp-content\/uploads\/2021\/05\/t-izbori300521-eniomestrovic-20210530214505.jpg","contentUrl":"https:\/\/radioljubuski.ba\/wp-content\/uploads\/2021\/05\/t-izbori300521-eniomestrovic-20210530214505.jpg","width":1920,"height":1080},{"@type":"BreadcrumbList","@id":"https:\/\/radioljubuski.ba\/index.php\/2021\/05\/31\/kamo-ide-ricard-i-njegovih-sest-vijecnika\/#breadcrumb","itemListElement":[{"@type":"ListItem","position":1,"name":"Po\u010detna stranica","item":"https:\/\/radioljubuski.ba\/"},{"@type":"ListItem","position":2,"name":"Kamo ide Ri\u010dard i njegovih \u0161est vije\u0107nika?"}]},{"@type":"WebSite","@id":"https:\/\/radioljubuski.ba\/#website","url":"https:\/\/radioljubuski.ba\/","name":"Radio Ljubu\u0161ki","description":"Sun\u010dana frekvencija Hercegovine","publisher":{"@id":"https:\/\/radioljubuski.ba\/#organization"},"potentialAction":[{"@type":"SearchAction","target":{"@type":"EntryPoint","urlTemplate":"https:\/\/radioljubuski.ba\/?s={search_term_string}"},"query-input":{"@type":"PropertyValueSpecification","valueRequired":true,"valueName":"search_term_string"}}],"inLanguage":"hr"},{"@type":"Organization","@id":"https:\/\/radioljubuski.ba\/#organization","name":"Radio Ljubu\u0161ki","url":"https:\/\/radioljubuski.ba\/","logo":{"@type":"ImageObject","inLanguage":"hr","@id":"https:\/\/radioljubuski.ba\/#\/schema\/logo\/image\/","url":"https:\/\/radioljubuski.ba\/wp-content\/uploads\/2021\/02\/cropped-Radio_Ljubuski_logo1.jpg","contentUrl":"https:\/\/radioljubuski.ba\/wp-content\/uploads\/2021\/02\/cropped-Radio_Ljubuski_logo1.jpg","width":512,"height":512,"caption":"Radio Ljubu\u0161ki"},"image":{"@id":"https:\/\/radioljubuski.ba\/#\/schema\/logo\/image\/"},"sameAs":["https:\/\/www.facebook.com\/Radiio-Ljubuski-1490835324566332","https:\/\/x.com\/radioljubuski","https:\/\/hr.linkedin.com\/company\/radio-ljubuski","https:\/\/www.youtube.com\/channel\/UCHYaeO_n0Db3tjNGudGpXyw"]},{"@type":"Person","@id":"https:\/\/radioljubuski.ba\/#\/schema\/person\/19fc700381a780f69665d7956c469e3b","name":"Radio Ljubu\u0161ki"}]}},"_links":{"self":[{"href":"https:\/\/radioljubuski.ba\/index.php\/wp-json\/wp\/v2\/posts\/26990","targetHints":{"allow":["GET"]}}],"collection":[{"href":"https:\/\/radioljubuski.ba\/index.php\/wp-json\/wp\/v2\/posts"}],"about":[{"href":"https:\/\/radioljubuski.ba\/index.php\/wp-json\/wp\/v2\/types\/post"}],"author":[{"embeddable":true,"href":"https:\/\/radioljubuski.ba\/index.php\/wp-json\/wp\/v2\/users\/2"}],"replies":[{"embeddable":true,"href":"https:\/\/radioljubuski.ba\/index.php\/wp-json\/wp\/v2\/comments?post=26990"}],"version-history":[{"count":1,"href":"https:\/\/radioljubuski.ba\/index.php\/wp-json\/wp\/v2\/posts\/26990\/revisions"}],"predecessor-version":[{"id":26992,"href":"https:\/\/radioljubuski.ba\/index.php\/wp-json\/wp\/v2\/posts\/26990\/revisions\/26992"}],"wp:featuredmedia":[{"embeddable":true,"href":"https:\/\/radioljubuski.ba\/index.php\/wp-json\/wp\/v2\/media\/26991"}],"wp:attachment":[{"href":"https:\/\/radioljubuski.ba\/index.php\/wp-json\/wp\/v2\/media?parent=26990"}],"wp:term":[{"taxonomy":"category","embeddable":true,"href":"https:\/\/radioljubuski.ba\/index.php\/wp-json\/wp\/v2\/categories?post=26990"},{"taxonomy":"post_tag","embeddable":true,"href":"https:\/\/radioljubuski.ba\/index.php\/wp-json\/wp\/v2\/tags?post=26990"}],"curies":[{"name":"wp","href":"https:\/\/api.w.org\/{rel}","templated":true}]}}