{"id":26995,"date":"2021-05-31T13:44:31","date_gmt":"2021-05-31T12:44:31","guid":{"rendered":"https:\/\/radioljubuski.ba\/?p=26995"},"modified":"2021-05-31T13:44:31","modified_gmt":"2021-05-31T12:44:31","slug":"navijacu-celticsa-prijeti-dozivotna-zabrana-dolaska-na-utakmice","status":"publish","type":"post","link":"https:\/\/radioljubuski.ba\/index.php\/2021\/05\/31\/navijacu-celticsa-prijeti-dozivotna-zabrana-dolaska-na-utakmice\/","title":{"rendered":"Navija\u010du Celticsa prijeti do\u017eivotna zabrana dolaska na utakmice"},"content":{"rendered":"\n<p>Navija\u010d NBA mom\u010dadi Boston Celticsa uhi\u0107en je i mogao bi se suo\u010diti s do\u017eivotnom zabranom posjeta TD Gardenu nakon \u0161to je bacio bocu vode na igra\u010da Brooklyn Netsa Kyriea Irvinga poslije nedjeljne utakmice.<\/p>\n\n\n\n<p>Kamere su prikazale da su redari brzo reagirali prije nego \u0161to su navija\u010da odveli u lisicama. Izvje\u0161taj Stadiuma ka\u017ee da je navija\u010du do\u017eivotno zabranjeno prisustvovanje utakmicama Celticsa, dok je prema drugim izvje\u0161\u0107ima do\u017eivotna zabrana mogu\u0107a, ali nije finalizirana.<\/p>\n\n\n\n<blockquote class=\"twitter-tweet\"><p lang=\"en\" dir=\"ltr\">Celtics fan appears to throw water bottle at Irving<a href=\"https:\/\/twitter.com\/hashtag\/breakingnews?src=hash&amp;ref_src=twsrc%5Etfw\">#breakingnews<\/a> <a href=\"https:\/\/twitter.com\/hashtag\/news?src=hash&amp;ref_src=twsrc%5Etfw\">#news<\/a> <a href=\"https:\/\/twitter.com\/hashtag\/china?src=hash&amp;ref_src=twsrc%5Etfw\">#china<\/a> <a href=\"https:\/\/twitter.com\/hashtag\/trump?src=hash&amp;ref_src=twsrc%5Etfw\">#trump<\/a> <a href=\"https:\/\/twitter.com\/hashtag\/biden?src=hash&amp;ref_src=twsrc%5Etfw\">#biden<\/a> <a href=\"https:\/\/twitter.com\/hashtag\/photo?src=hash&amp;ref_src=twsrc%5Etfw\">#photo<\/a><a href=\"https:\/\/twitter.com\/hashtag\/appears?src=hash&amp;ref_src=twsrc%5Etfw\">#appears<\/a> <a href=\"https:\/\/twitter.com\/hashtag\/bostonceltics?src=hash&amp;ref_src=twsrc%5Etfw\">#bostonceltics<\/a> <a href=\"https:\/\/twitter.com\/hashtag\/bottle?src=hash&amp;ref_src=twsrc%5Etfw\">#bottle<\/a> <a href=\"https:\/\/twitter.com\/hashtag\/brooklynnets?src=hash&amp;ref_src=twsrc%5Etfw\">#brooklynnets<\/a> <a href=\"https:\/\/twitter.com\/hashtag\/celtics?src=hash&amp;ref_src=twsrc%5Etfw\">#celtics<\/a> <a href=\"https:\/\/twitter.com\/hashtag\/espn?src=hash&amp;ref_src=twsrc%5Etfw\">#espn<\/a> <a href=\"https:\/\/twitter.com\/hashtag\/fan?src=hash&amp;ref_src=twsrc%5Etfw\">#fan<\/a> <a href=\"https:\/\/twitter.com\/hashtag\/irving?src=hash&amp;ref_src=twsrc%5Etfw\">#irving<\/a> <a href=\"https:\/\/twitter.com\/hashtag\/kyrieirving?src=hash&amp;ref_src=twsrc%5Etfw\">#kyrieirving<\/a> <a href=\"https:\/\/twitter.com\/hashtag\/nba?src=hash&amp;ref_src=twsrc%5Etfw\">#nba<\/a> <a href=\"https:\/\/twitter.com\/hashtag\/news?src=hash&amp;ref_src=twsrc%5Etfw\">#news<\/a> <a href=\"https:\/\/twitter.com\/hashtag\/throw?src=hash&amp;ref_src=twsrc%5Etfw\">#throw<\/a> <a href=\"https:\/\/twitter.com\/hashtag\/water?src=hash&amp;ref_src=twsrc%5Etfw\">#water<\/a><a href=\"https:\/\/t.co\/sg0GcuEkPR\">https:\/\/t.co\/sg0GcuEkPR<\/a><\/p>&mdash; Break&#39;n News (@breaknnews1) <a href=\"https:\/\/twitter.com\/breaknnews1\/status\/1399204290296573953?ref_src=twsrc%5Etfw\">May 31, 2021<\/a><\/blockquote> <script async src=\"https:\/\/platform.twitter.com\/widgets.js\" charset=\"utf-8\"><\/script> \n\n\n\n<p>Incident se dogodio nakon \u0161to su Netsi u \u010detvrtoj utakmici doigravanja Isto\u010dne konferencije pobijedili Celtics 141:126 Celtics i poveli s 3-1 u seriji na \u010detiri pobjede. Irving je pri\u0161ao centru i pravio se kao da bri\u0161e tenisicu na logu Celticsa prije nego \u0161to se okrenuo prema svla\u010dionici.<br><br>Prije nego \u0161to je stigao do tunela, navija\u010d je bacio bocu u njegovu smjeru. Boca nije udarila Irvinga, ali privukla mu je pa\u017enju, a on i nekoliko suigra\u010da zaustavili su se i razgovarali s navija\u010dem.<br><br>Irving je izazivao zvi\u017eduke tijekom cijele utakmice koju je pratilo 17.226 gledatelja. Dvije sezone igrao je za Boston (2017.\/18. i 2018.\/19.) prije nego je pre\u0161ao u Brooklyn.<\/p>\n\n\n\n<p>Izvor:hrt.hr<\/p>\n","protected":false},"excerpt":{"rendered":"<p>Navija\u010d NBA mom\u010dadi Boston Celticsa uhi\u0107en je i mogao bi se suo\u010diti s do\u017eivotnom zabranom posjeta TD Gardenu nakon \u0161to je bacio bocu vode na igra\u010da Brooklyn Netsa Kyriea Irvinga poslije nedjeljne utakmice. Kamere su prikazale da su redari brzo reagirali prije nego \u0161to su navija\u010da odveli u lisicama. Izvje\u0161taj Stadiuma ka\u017ee da je navija\u010du [&hellip;]<\/p>\n","protected":false},"author":2,"featured_media":26996,"comment_status":"closed","ping_status":"closed","sticky":false,"template":"","format":"standard","meta":{"h5ap_radio_sources":[],"footnotes":""},"categories":[1],"tags":[],"class_list":["post-26995","post","type-post","status-publish","format-standard","has-post-thumbnail","hentry","category-bihiregija"],"yoast_head":"<!-- This site is optimized with the Yoast SEO plugin v27.4 - https:\/\/yoast.com\/product\/yoast-seo-wordpress\/ -->\n<title>Navija\u010du Celticsa prijeti do\u017eivotna zabrana dolaska na utakmice - RADIO LJUBU\u0160KI<\/title>\n<meta name=\"robots\" content=\"index, follow, max-snippet:-1, max-image-preview:large, max-video-preview:-1\" \/>\n<link rel=\"canonical\" href=\"https:\/\/radioljubuski.ba\/index.php\/2021\/05\/31\/navijacu-celticsa-prijeti-dozivotna-zabrana-dolaska-na-utakmice\/\" \/>\n<meta property=\"og:locale\" content=\"hr_HR\" \/>\n<meta property=\"og:type\" content=\"article\" \/>\n<meta property=\"og:title\" content=\"Navija\u010du Celticsa prijeti do\u017eivotna zabrana dolaska na utakmice - RADIO LJUBU\u0160KI\" \/>\n<meta property=\"og:description\" content=\"Navija\u010d NBA mom\u010dadi Boston Celticsa uhi\u0107en je i mogao bi se suo\u010diti s do\u017eivotnom zabranom posjeta TD Gardenu nakon \u0161to je bacio bocu vode na igra\u010da Brooklyn Netsa Kyriea Irvinga poslije nedjeljne utakmice. Kamere su prikazale da su redari brzo reagirali prije nego \u0161to su navija\u010da odveli u lisicama. Izvje\u0161taj Stadiuma ka\u017ee da je navija\u010du [&hellip;]\" \/>\n<meta property=\"og:url\" content=\"https:\/\/radioljubuski.ba\/index.php\/2021\/05\/31\/navijacu-celticsa-prijeti-dozivotna-zabrana-dolaska-na-utakmice\/\" \/>\n<meta property=\"og:site_name\" content=\"RADIO LJUBU\u0160KI\" \/>\n<meta property=\"article:publisher\" content=\"https:\/\/www.facebook.com\/Radiio-Ljubuski-1490835324566332\" \/>\n<meta property=\"article:published_time\" content=\"2021-05-31T12:44:31+00:00\" \/>\n<meta property=\"og:image\" content=\"https:\/\/radioljubuski.ba\/wp-content\/uploads\/2021\/05\/indeksiraj7-1.jpg\" \/>\n\t<meta property=\"og:image:width\" content=\"294\" \/>\n\t<meta property=\"og:image:height\" content=\"171\" \/>\n\t<meta property=\"og:image:type\" content=\"image\/jpeg\" \/>\n<meta name=\"author\" content=\"Radio Ljubu\u0161ki\" \/>\n<meta name=\"twitter:card\" content=\"summary_large_image\" \/>\n<meta name=\"twitter:creator\" content=\"@radioljubuski\" \/>\n<meta name=\"twitter:site\" content=\"@radioljubuski\" \/>\n<meta name=\"twitter:label1\" content=\"Napisao\/la\" \/>\n\t<meta name=\"twitter:data1\" content=\"Radio Ljubu\u0161ki\" \/>\n\t<meta name=\"twitter:label2\" content=\"Procijenjeno vrijeme \u010ditanja\" \/>\n\t<meta name=\"twitter:data2\" content=\"1 minuta\" \/>\n<script type=\"application\/ld+json\" class=\"yoast-schema-graph\">{\"@context\":\"https:\\\/\\\/schema.org\",\"@graph\":[{\"@type\":\"Article\",\"@id\":\"https:\\\/\\\/radioljubuski.ba\\\/index.php\\\/2021\\\/05\\\/31\\\/navijacu-celticsa-prijeti-dozivotna-zabrana-dolaska-na-utakmice\\\/#article\",\"isPartOf\":{\"@id\":\"https:\\\/\\\/radioljubuski.ba\\\/index.php\\\/2021\\\/05\\\/31\\\/navijacu-celticsa-prijeti-dozivotna-zabrana-dolaska-na-utakmice\\\/\"},\"author\":{\"name\":\"Radio Ljubu\u0161ki\",\"@id\":\"https:\\\/\\\/radioljubuski.ba\\\/#\\\/schema\\\/person\\\/19fc700381a780f69665d7956c469e3b\"},\"headline\":\"Navija\u010du Celticsa prijeti do\u017eivotna zabrana dolaska na utakmice\",\"datePublished\":\"2021-05-31T12:44:31+00:00\",\"mainEntityOfPage\":{\"@id\":\"https:\\\/\\\/radioljubuski.ba\\\/index.php\\\/2021\\\/05\\\/31\\\/navijacu-celticsa-prijeti-dozivotna-zabrana-dolaska-na-utakmice\\\/\"},\"wordCount\":250,\"publisher\":{\"@id\":\"https:\\\/\\\/radioljubuski.ba\\\/#organization\"},\"image\":{\"@id\":\"https:\\\/\\\/radioljubuski.ba\\\/index.php\\\/2021\\\/05\\\/31\\\/navijacu-celticsa-prijeti-dozivotna-zabrana-dolaska-na-utakmice\\\/#primaryimage\"},\"thumbnailUrl\":\"https:\\\/\\\/radioljubuski.ba\\\/wp-content\\\/uploads\\\/2021\\\/05\\\/indeksiraj7-1.jpg\",\"articleSection\":[\"BIH i regija\"],\"inLanguage\":\"hr\"},{\"@type\":\"WebPage\",\"@id\":\"https:\\\/\\\/radioljubuski.ba\\\/index.php\\\/2021\\\/05\\\/31\\\/navijacu-celticsa-prijeti-dozivotna-zabrana-dolaska-na-utakmice\\\/\",\"url\":\"https:\\\/\\\/radioljubuski.ba\\\/index.php\\\/2021\\\/05\\\/31\\\/navijacu-celticsa-prijeti-dozivotna-zabrana-dolaska-na-utakmice\\\/\",\"name\":\"Navija\u010du Celticsa prijeti do\u017eivotna zabrana dolaska na utakmice - RADIO LJUBU\u0160KI\",\"isPartOf\":{\"@id\":\"https:\\\/\\\/radioljubuski.ba\\\/#website\"},\"primaryImageOfPage\":{\"@id\":\"https:\\\/\\\/radioljubuski.ba\\\/index.php\\\/2021\\\/05\\\/31\\\/navijacu-celticsa-prijeti-dozivotna-zabrana-dolaska-na-utakmice\\\/#primaryimage\"},\"image\":{\"@id\":\"https:\\\/\\\/radioljubuski.ba\\\/index.php\\\/2021\\\/05\\\/31\\\/navijacu-celticsa-prijeti-dozivotna-zabrana-dolaska-na-utakmice\\\/#primaryimage\"},\"thumbnailUrl\":\"https:\\\/\\\/radioljubuski.ba\\\/wp-content\\\/uploads\\\/2021\\\/05\\\/indeksiraj7-1.jpg\",\"datePublished\":\"2021-05-31T12:44:31+00:00\",\"breadcrumb\":{\"@id\":\"https:\\\/\\\/radioljubuski.ba\\\/index.php\\\/2021\\\/05\\\/31\\\/navijacu-celticsa-prijeti-dozivotna-zabrana-dolaska-na-utakmice\\\/#breadcrumb\"},\"inLanguage\":\"hr\",\"potentialAction\":[{\"@type\":\"ReadAction\",\"target\":[\"https:\\\/\\\/radioljubuski.ba\\\/index.php\\\/2021\\\/05\\\/31\\\/navijacu-celticsa-prijeti-dozivotna-zabrana-dolaska-na-utakmice\\\/\"]}]},{\"@type\":\"ImageObject\",\"inLanguage\":\"hr\",\"@id\":\"https:\\\/\\\/radioljubuski.ba\\\/index.php\\\/2021\\\/05\\\/31\\\/navijacu-celticsa-prijeti-dozivotna-zabrana-dolaska-na-utakmice\\\/#primaryimage\",\"url\":\"https:\\\/\\\/radioljubuski.ba\\\/wp-content\\\/uploads\\\/2021\\\/05\\\/indeksiraj7-1.jpg\",\"contentUrl\":\"https:\\\/\\\/radioljubuski.ba\\\/wp-content\\\/uploads\\\/2021\\\/05\\\/indeksiraj7-1.jpg\",\"width\":294,\"height\":171},{\"@type\":\"BreadcrumbList\",\"@id\":\"https:\\\/\\\/radioljubuski.ba\\\/index.php\\\/2021\\\/05\\\/31\\\/navijacu-celticsa-prijeti-dozivotna-zabrana-dolaska-na-utakmice\\\/#breadcrumb\",\"itemListElement\":[{\"@type\":\"ListItem\",\"position\":1,\"name\":\"Po\u010detna stranica\",\"item\":\"https:\\\/\\\/radioljubuski.ba\\\/\"},{\"@type\":\"ListItem\",\"position\":2,\"name\":\"Navija\u010du Celticsa prijeti do\u017eivotna zabrana dolaska na utakmice\"}]},{\"@type\":\"WebSite\",\"@id\":\"https:\\\/\\\/radioljubuski.ba\\\/#website\",\"url\":\"https:\\\/\\\/radioljubuski.ba\\\/\",\"name\":\"Radio Ljubu\u0161ki\",\"description\":\"Sun\u010dana frekvencija Hercegovine\",\"publisher\":{\"@id\":\"https:\\\/\\\/radioljubuski.ba\\\/#organization\"},\"potentialAction\":[{\"@type\":\"SearchAction\",\"target\":{\"@type\":\"EntryPoint\",\"urlTemplate\":\"https:\\\/\\\/radioljubuski.ba\\\/?s={search_term_string}\"},\"query-input\":{\"@type\":\"PropertyValueSpecification\",\"valueRequired\":true,\"valueName\":\"search_term_string\"}}],\"inLanguage\":\"hr\"},{\"@type\":\"Organization\",\"@id\":\"https:\\\/\\\/radioljubuski.ba\\\/#organization\",\"name\":\"Radio Ljubu\u0161ki\",\"url\":\"https:\\\/\\\/radioljubuski.ba\\\/\",\"logo\":{\"@type\":\"ImageObject\",\"inLanguage\":\"hr\",\"@id\":\"https:\\\/\\\/radioljubuski.ba\\\/#\\\/schema\\\/logo\\\/image\\\/\",\"url\":\"https:\\\/\\\/radioljubuski.ba\\\/wp-content\\\/uploads\\\/2021\\\/02\\\/cropped-Radio_Ljubuski_logo1.jpg\",\"contentUrl\":\"https:\\\/\\\/radioljubuski.ba\\\/wp-content\\\/uploads\\\/2021\\\/02\\\/cropped-Radio_Ljubuski_logo1.jpg\",\"width\":512,\"height\":512,\"caption\":\"Radio Ljubu\u0161ki\"},\"image\":{\"@id\":\"https:\\\/\\\/radioljubuski.ba\\\/#\\\/schema\\\/logo\\\/image\\\/\"},\"sameAs\":[\"https:\\\/\\\/www.facebook.com\\\/Radiio-Ljubuski-1490835324566332\",\"https:\\\/\\\/x.com\\\/radioljubuski\",\"https:\\\/\\\/hr.linkedin.com\\\/company\\\/radio-ljubuski\",\"https:\\\/\\\/www.youtube.com\\\/channel\\\/UCHYaeO_n0Db3tjNGudGpXyw\"]},{\"@type\":\"Person\",\"@id\":\"https:\\\/\\\/radioljubuski.ba\\\/#\\\/schema\\\/person\\\/19fc700381a780f69665d7956c469e3b\",\"name\":\"Radio Ljubu\u0161ki\"}]}<\/script>\n<!-- \/ Yoast SEO plugin. -->","yoast_head_json":{"title":"Navija\u010du Celticsa prijeti do\u017eivotna zabrana dolaska na utakmice - RADIO LJUBU\u0160KI","robots":{"index":"index","follow":"follow","max-snippet":"max-snippet:-1","max-image-preview":"max-image-preview:large","max-video-preview":"max-video-preview:-1"},"canonical":"https:\/\/radioljubuski.ba\/index.php\/2021\/05\/31\/navijacu-celticsa-prijeti-dozivotna-zabrana-dolaska-na-utakmice\/","og_locale":"hr_HR","og_type":"article","og_title":"Navija\u010du Celticsa prijeti do\u017eivotna zabrana dolaska na utakmice - RADIO LJUBU\u0160KI","og_description":"Navija\u010d NBA mom\u010dadi Boston Celticsa uhi\u0107en je i mogao bi se suo\u010diti s do\u017eivotnom zabranom posjeta TD Gardenu nakon \u0161to je bacio bocu vode na igra\u010da Brooklyn Netsa Kyriea Irvinga poslije nedjeljne utakmice. Kamere su prikazale da su redari brzo reagirali prije nego \u0161to su navija\u010da odveli u lisicama. Izvje\u0161taj Stadiuma ka\u017ee da je navija\u010du [&hellip;]","og_url":"https:\/\/radioljubuski.ba\/index.php\/2021\/05\/31\/navijacu-celticsa-prijeti-dozivotna-zabrana-dolaska-na-utakmice\/","og_site_name":"RADIO LJUBU\u0160KI","article_publisher":"https:\/\/www.facebook.com\/Radiio-Ljubuski-1490835324566332","article_published_time":"2021-05-31T12:44:31+00:00","og_image":[{"width":294,"height":171,"url":"https:\/\/radioljubuski.ba\/wp-content\/uploads\/2021\/05\/indeksiraj7-1.jpg","type":"image\/jpeg"}],"author":"Radio Ljubu\u0161ki","twitter_card":"summary_large_image","twitter_creator":"@radioljubuski","twitter_site":"@radioljubuski","twitter_misc":{"Napisao\/la":"Radio Ljubu\u0161ki","Procijenjeno vrijeme \u010ditanja":"1 minuta"},"schema":{"@context":"https:\/\/schema.org","@graph":[{"@type":"Article","@id":"https:\/\/radioljubuski.ba\/index.php\/2021\/05\/31\/navijacu-celticsa-prijeti-dozivotna-zabrana-dolaska-na-utakmice\/#article","isPartOf":{"@id":"https:\/\/radioljubuski.ba\/index.php\/2021\/05\/31\/navijacu-celticsa-prijeti-dozivotna-zabrana-dolaska-na-utakmice\/"},"author":{"name":"Radio Ljubu\u0161ki","@id":"https:\/\/radioljubuski.ba\/#\/schema\/person\/19fc700381a780f69665d7956c469e3b"},"headline":"Navija\u010du Celticsa prijeti do\u017eivotna zabrana dolaska na utakmice","datePublished":"2021-05-31T12:44:31+00:00","mainEntityOfPage":{"@id":"https:\/\/radioljubuski.ba\/index.php\/2021\/05\/31\/navijacu-celticsa-prijeti-dozivotna-zabrana-dolaska-na-utakmice\/"},"wordCount":250,"publisher":{"@id":"https:\/\/radioljubuski.ba\/#organization"},"image":{"@id":"https:\/\/radioljubuski.ba\/index.php\/2021\/05\/31\/navijacu-celticsa-prijeti-dozivotna-zabrana-dolaska-na-utakmice\/#primaryimage"},"thumbnailUrl":"https:\/\/radioljubuski.ba\/wp-content\/uploads\/2021\/05\/indeksiraj7-1.jpg","articleSection":["BIH i regija"],"inLanguage":"hr"},{"@type":"WebPage","@id":"https:\/\/radioljubuski.ba\/index.php\/2021\/05\/31\/navijacu-celticsa-prijeti-dozivotna-zabrana-dolaska-na-utakmice\/","url":"https:\/\/radioljubuski.ba\/index.php\/2021\/05\/31\/navijacu-celticsa-prijeti-dozivotna-zabrana-dolaska-na-utakmice\/","name":"Navija\u010du Celticsa prijeti do\u017eivotna zabrana dolaska na utakmice - RADIO LJUBU\u0160KI","isPartOf":{"@id":"https:\/\/radioljubuski.ba\/#website"},"primaryImageOfPage":{"@id":"https:\/\/radioljubuski.ba\/index.php\/2021\/05\/31\/navijacu-celticsa-prijeti-dozivotna-zabrana-dolaska-na-utakmice\/#primaryimage"},"image":{"@id":"https:\/\/radioljubuski.ba\/index.php\/2021\/05\/31\/navijacu-celticsa-prijeti-dozivotna-zabrana-dolaska-na-utakmice\/#primaryimage"},"thumbnailUrl":"https:\/\/radioljubuski.ba\/wp-content\/uploads\/2021\/05\/indeksiraj7-1.jpg","datePublished":"2021-05-31T12:44:31+00:00","breadcrumb":{"@id":"https:\/\/radioljubuski.ba\/index.php\/2021\/05\/31\/navijacu-celticsa-prijeti-dozivotna-zabrana-dolaska-na-utakmice\/#breadcrumb"},"inLanguage":"hr","potentialAction":[{"@type":"ReadAction","target":["https:\/\/radioljubuski.ba\/index.php\/2021\/05\/31\/navijacu-celticsa-prijeti-dozivotna-zabrana-dolaska-na-utakmice\/"]}]},{"@type":"ImageObject","inLanguage":"hr","@id":"https:\/\/radioljubuski.ba\/index.php\/2021\/05\/31\/navijacu-celticsa-prijeti-dozivotna-zabrana-dolaska-na-utakmice\/#primaryimage","url":"https:\/\/radioljubuski.ba\/wp-content\/uploads\/2021\/05\/indeksiraj7-1.jpg","contentUrl":"https:\/\/radioljubuski.ba\/wp-content\/uploads\/2021\/05\/indeksiraj7-1.jpg","width":294,"height":171},{"@type":"BreadcrumbList","@id":"https:\/\/radioljubuski.ba\/index.php\/2021\/05\/31\/navijacu-celticsa-prijeti-dozivotna-zabrana-dolaska-na-utakmice\/#breadcrumb","itemListElement":[{"@type":"ListItem","position":1,"name":"Po\u010detna stranica","item":"https:\/\/radioljubuski.ba\/"},{"@type":"ListItem","position":2,"name":"Navija\u010du Celticsa prijeti do\u017eivotna zabrana dolaska na utakmice"}]},{"@type":"WebSite","@id":"https:\/\/radioljubuski.ba\/#website","url":"https:\/\/radioljubuski.ba\/","name":"Radio Ljubu\u0161ki","description":"Sun\u010dana frekvencija Hercegovine","publisher":{"@id":"https:\/\/radioljubuski.ba\/#organization"},"potentialAction":[{"@type":"SearchAction","target":{"@type":"EntryPoint","urlTemplate":"https:\/\/radioljubuski.ba\/?s={search_term_string}"},"query-input":{"@type":"PropertyValueSpecification","valueRequired":true,"valueName":"search_term_string"}}],"inLanguage":"hr"},{"@type":"Organization","@id":"https:\/\/radioljubuski.ba\/#organization","name":"Radio Ljubu\u0161ki","url":"https:\/\/radioljubuski.ba\/","logo":{"@type":"ImageObject","inLanguage":"hr","@id":"https:\/\/radioljubuski.ba\/#\/schema\/logo\/image\/","url":"https:\/\/radioljubuski.ba\/wp-content\/uploads\/2021\/02\/cropped-Radio_Ljubuski_logo1.jpg","contentUrl":"https:\/\/radioljubuski.ba\/wp-content\/uploads\/2021\/02\/cropped-Radio_Ljubuski_logo1.jpg","width":512,"height":512,"caption":"Radio Ljubu\u0161ki"},"image":{"@id":"https:\/\/radioljubuski.ba\/#\/schema\/logo\/image\/"},"sameAs":["https:\/\/www.facebook.com\/Radiio-Ljubuski-1490835324566332","https:\/\/x.com\/radioljubuski","https:\/\/hr.linkedin.com\/company\/radio-ljubuski","https:\/\/www.youtube.com\/channel\/UCHYaeO_n0Db3tjNGudGpXyw"]},{"@type":"Person","@id":"https:\/\/radioljubuski.ba\/#\/schema\/person\/19fc700381a780f69665d7956c469e3b","name":"Radio Ljubu\u0161ki"}]}},"_links":{"self":[{"href":"https:\/\/radioljubuski.ba\/index.php\/wp-json\/wp\/v2\/posts\/26995","targetHints":{"allow":["GET"]}}],"collection":[{"href":"https:\/\/radioljubuski.ba\/index.php\/wp-json\/wp\/v2\/posts"}],"about":[{"href":"https:\/\/radioljubuski.ba\/index.php\/wp-json\/wp\/v2\/types\/post"}],"author":[{"embeddable":true,"href":"https:\/\/radioljubuski.ba\/index.php\/wp-json\/wp\/v2\/users\/2"}],"replies":[{"embeddable":true,"href":"https:\/\/radioljubuski.ba\/index.php\/wp-json\/wp\/v2\/comments?post=26995"}],"version-history":[{"count":1,"href":"https:\/\/radioljubuski.ba\/index.php\/wp-json\/wp\/v2\/posts\/26995\/revisions"}],"predecessor-version":[{"id":26997,"href":"https:\/\/radioljubuski.ba\/index.php\/wp-json\/wp\/v2\/posts\/26995\/revisions\/26997"}],"wp:featuredmedia":[{"embeddable":true,"href":"https:\/\/radioljubuski.ba\/index.php\/wp-json\/wp\/v2\/media\/26996"}],"wp:attachment":[{"href":"https:\/\/radioljubuski.ba\/index.php\/wp-json\/wp\/v2\/media?parent=26995"}],"wp:term":[{"taxonomy":"category","embeddable":true,"href":"https:\/\/radioljubuski.ba\/index.php\/wp-json\/wp\/v2\/categories?post=26995"},{"taxonomy":"post_tag","embeddable":true,"href":"https:\/\/radioljubuski.ba\/index.php\/wp-json\/wp\/v2\/tags?post=26995"}],"curies":[{"name":"wp","href":"https:\/\/api.w.org\/{rel}","templated":true}]}}