{"id":26998,"date":"2021-05-31T13:49:05","date_gmt":"2021-05-31T12:49:05","guid":{"rendered":"https:\/\/radioljubuski.ba\/?p=26998"},"modified":"2021-05-31T13:49:05","modified_gmt":"2021-05-31T12:49:05","slug":"zadar-po-naslov-prvaka-split-za-ostanak-u-finalnoj-seriji","status":"publish","type":"post","link":"https:\/\/radioljubuski.ba\/index.php\/2021\/05\/31\/zadar-po-naslov-prvaka-split-za-ostanak-u-finalnoj-seriji\/","title":{"rendered":"Zadar po naslov prvaka, Split za ostanak u finalnoj seriji"},"content":{"rendered":"\n<p>Ko\u0161arka\u0161i Zadra iskoristili su prednost doma\u0107eg parketa i s dvije doma\u0107e pobjede poveli 2-0 protiv Splita u finalnoj seriji za prvaka Hrvatske.<\/p>\n\n\n\n<p>Zadranima tako jo\u0161 jedna pobjeda nedostaje za osvajanje tre\u0107eg naslova u klupskoj povijesti nakon \u0161to su prvaci Hrvatske bili 2005. i 2008. Spli\u0107ani bi pak ostali u igri za drugu titulu. Jedini naslov osvojili su 2003.<br><br>Tre\u0107a utakmica igra se ve\u010deras u 21 sat, a mo\u017eete je pratiti u prijenosu na Drugom programu HTV-a.<\/p>\n\n\n\n<blockquote class=\"twitter-tweet\"><p lang=\"und\" dir=\"ltr\">\u2757\ufe0f Ve\u010deras u 21:00 \u2757\ufe0f<br><br>\ud83d\udd1b | Tre\u0107a utakmica finala <a href=\"https:\/\/twitter.com\/kksplit_?ref_src=twsrc%5Etfw\">@kksplit_<\/a> \ud83c\udd9a <a href=\"https:\/\/twitter.com\/kkzadar?ref_src=twsrc%5Etfw\">@kkzadar<\/a> <br><br>\ud83d\udcfa | <a href=\"https:\/\/twitter.com\/HRTsport?ref_src=twsrc%5Etfw\">@HRTsport<\/a> &amp; <a href=\"https:\/\/twitter.com\/arenasport_tv?ref_src=twsrc%5Etfw\">@arenasport_tv<\/a> <br><br>&#8230; lli-ili&#8230; \ud83d\udfe1 ili \ud83d\udd35?<a href=\"https:\/\/twitter.com\/hashtag\/HTPremijerliga?src=hash&amp;ref_src=twsrc%5Etfw\">#HTPremijerliga<\/a><a href=\"https:\/\/t.co\/HJh8hH3COH\">https:\/\/t.co\/HJh8hH3COH<\/a><\/p>&mdash; HKS_CBF \ud83c\udded\ud83c\uddf7\ud83c\udfc0 (@CbfHks) <a href=\"https:\/\/twitter.com\/CbfHks\/status\/1399279631195332610?ref_src=twsrc%5Etfw\">May 31, 2021<\/a><\/blockquote> <script async src=\"https:\/\/platform.twitter.com\/widgets.js\" charset=\"utf-8\"><\/script> \n\n\n\n<p>&#8211; Svaka utakmica je nova pri\u010da. \u017delja nam je odigrati najbolje \u0161to mo\u017eemo i ostvariti tre\u0107u pobjedu u ovoj finalnoj seriji. Da bismo to napravili, trebat \u0107emo se dobro potruditi. Moramo biti bolji nego \u0161to smo bili u drugoj utakmici. Mislim da imamo snage, volje, \u017eelje i kvalitete da to napravimo, rekao je trener Zadra <strong>Veljko Mr\u0161i\u0107<\/strong>.<\/p>\n\n\n\n<iframe loading=\"lazy\" src=\"https:\/\/www.facebook.com\/plugins\/post.php?href=https%3A%2F%2Fwww.facebook.com%2Fkkzadar%2Fposts%2F10158612595366225&#038;show_text=true&#038;width=500\" width=\"500\" height=\"668\" style=\"border:none;overflow:hidden\" scrolling=\"no\" frameborder=\"0\" allowfullscreen=\"true\" allow=\"autoplay; clipboard-write; encrypted-media; picture-in-picture; web-share\"><\/iframe>\n\n\n\n<p>Split nema pravo na kiks. Njihovim porazom zavr\u0161ava finalna serija, a pobjeda donosi nadu.<br><br>&#8211; Nemam sumnje da \u0107emo se vratiti, vjerovao bih i da su s druge strane Lakersi, a ne Zadar. Nama treba samo jedna pobjeda, nakon toga \u0107e sve biti mogu\u0107e. Moramo dobiti tre\u0107u utakmicu, nema odustajanja, rekao je trener Splita <strong>Mile Karaka\u0161<\/strong>.<\/p>\n\n\n\n<p>Izvor:hrt.hr<\/p>\n","protected":false},"excerpt":{"rendered":"<p>Ko\u0161arka\u0161i Zadra iskoristili su prednost doma\u0107eg parketa i s dvije doma\u0107e pobjede poveli 2-0 protiv Splita u finalnoj seriji za prvaka Hrvatske. Zadranima tako jo\u0161 jedna pobjeda nedostaje za osvajanje tre\u0107eg naslova u klupskoj povijesti nakon \u0161to su prvaci Hrvatske bili 2005. i 2008. Spli\u0107ani bi pak ostali u igri za drugu titulu. Jedini naslov [&hellip;]<\/p>\n","protected":false},"author":2,"featured_media":27002,"comment_status":"closed","ping_status":"closed","sticky":false,"template":"","format":"standard","meta":{"h5ap_radio_sources":[],"footnotes":""},"categories":[1],"tags":[],"class_list":["post-26998","post","type-post","status-publish","format-standard","has-post-thumbnail","hentry","category-bihiregija"],"yoast_head":"<!-- This site is optimized with the Yoast SEO plugin v27.4 - https:\/\/yoast.com\/product\/yoast-seo-wordpress\/ -->\n<title>Zadar po naslov prvaka, Split za ostanak u finalnoj seriji - RADIO LJUBU\u0160KI<\/title>\n<meta name=\"robots\" content=\"index, follow, max-snippet:-1, max-image-preview:large, max-video-preview:-1\" \/>\n<link rel=\"canonical\" href=\"https:\/\/radioljubuski.ba\/index.php\/2021\/05\/31\/zadar-po-naslov-prvaka-split-za-ostanak-u-finalnoj-seriji\/\" \/>\n<meta property=\"og:locale\" content=\"hr_HR\" \/>\n<meta property=\"og:type\" content=\"article\" \/>\n<meta property=\"og:title\" content=\"Zadar po naslov prvaka, Split za ostanak u finalnoj seriji - RADIO LJUBU\u0160KI\" \/>\n<meta property=\"og:description\" content=\"Ko\u0161arka\u0161i Zadra iskoristili su prednost doma\u0107eg parketa i s dvije doma\u0107e pobjede poveli 2-0 protiv Splita u finalnoj seriji za prvaka Hrvatske. Zadranima tako jo\u0161 jedna pobjeda nedostaje za osvajanje tre\u0107eg naslova u klupskoj povijesti nakon \u0161to su prvaci Hrvatske bili 2005. i 2008. Spli\u0107ani bi pak ostali u igri za drugu titulu. Jedini naslov [&hellip;]\" \/>\n<meta property=\"og:url\" content=\"https:\/\/radioljubuski.ba\/index.php\/2021\/05\/31\/zadar-po-naslov-prvaka-split-za-ostanak-u-finalnoj-seriji\/\" \/>\n<meta property=\"og:site_name\" content=\"RADIO LJUBU\u0160KI\" \/>\n<meta property=\"article:publisher\" content=\"https:\/\/www.facebook.com\/Radiio-Ljubuski-1490835324566332\" \/>\n<meta property=\"article:published_time\" content=\"2021-05-31T12:49:05+00:00\" \/>\n<meta property=\"og:image\" content=\"https:\/\/radioljubuski.ba\/wp-content\/uploads\/2021\/05\/indeksiraj8.jpg\" \/>\n\t<meta property=\"og:image:width\" content=\"275\" \/>\n\t<meta property=\"og:image:height\" content=\"183\" \/>\n\t<meta property=\"og:image:type\" content=\"image\/jpeg\" \/>\n<meta name=\"author\" content=\"Radio Ljubu\u0161ki\" \/>\n<meta name=\"twitter:card\" content=\"summary_large_image\" \/>\n<meta name=\"twitter:creator\" content=\"@radioljubuski\" \/>\n<meta name=\"twitter:site\" content=\"@radioljubuski\" \/>\n<meta name=\"twitter:label1\" content=\"Napisao\/la\" \/>\n\t<meta name=\"twitter:data1\" content=\"Radio Ljubu\u0161ki\" \/>\n\t<meta name=\"twitter:label2\" content=\"Procijenjeno vrijeme \u010ditanja\" \/>\n\t<meta name=\"twitter:data2\" content=\"1 minuta\" \/>\n<script type=\"application\/ld+json\" class=\"yoast-schema-graph\">{\"@context\":\"https:\\\/\\\/schema.org\",\"@graph\":[{\"@type\":\"Article\",\"@id\":\"https:\\\/\\\/radioljubuski.ba\\\/index.php\\\/2021\\\/05\\\/31\\\/zadar-po-naslov-prvaka-split-za-ostanak-u-finalnoj-seriji\\\/#article\",\"isPartOf\":{\"@id\":\"https:\\\/\\\/radioljubuski.ba\\\/index.php\\\/2021\\\/05\\\/31\\\/zadar-po-naslov-prvaka-split-za-ostanak-u-finalnoj-seriji\\\/\"},\"author\":{\"name\":\"Radio Ljubu\u0161ki\",\"@id\":\"https:\\\/\\\/radioljubuski.ba\\\/#\\\/schema\\\/person\\\/19fc700381a780f69665d7956c469e3b\"},\"headline\":\"Zadar po naslov prvaka, Split za ostanak u finalnoj seriji\",\"datePublished\":\"2021-05-31T12:49:05+00:00\",\"mainEntityOfPage\":{\"@id\":\"https:\\\/\\\/radioljubuski.ba\\\/index.php\\\/2021\\\/05\\\/31\\\/zadar-po-naslov-prvaka-split-za-ostanak-u-finalnoj-seriji\\\/\"},\"wordCount\":241,\"publisher\":{\"@id\":\"https:\\\/\\\/radioljubuski.ba\\\/#organization\"},\"image\":{\"@id\":\"https:\\\/\\\/radioljubuski.ba\\\/index.php\\\/2021\\\/05\\\/31\\\/zadar-po-naslov-prvaka-split-za-ostanak-u-finalnoj-seriji\\\/#primaryimage\"},\"thumbnailUrl\":\"https:\\\/\\\/radioljubuski.ba\\\/wp-content\\\/uploads\\\/2021\\\/05\\\/indeksiraj8.jpg\",\"articleSection\":[\"BIH i regija\"],\"inLanguage\":\"hr\"},{\"@type\":\"WebPage\",\"@id\":\"https:\\\/\\\/radioljubuski.ba\\\/index.php\\\/2021\\\/05\\\/31\\\/zadar-po-naslov-prvaka-split-za-ostanak-u-finalnoj-seriji\\\/\",\"url\":\"https:\\\/\\\/radioljubuski.ba\\\/index.php\\\/2021\\\/05\\\/31\\\/zadar-po-naslov-prvaka-split-za-ostanak-u-finalnoj-seriji\\\/\",\"name\":\"Zadar po naslov prvaka, Split za ostanak u finalnoj seriji - RADIO LJUBU\u0160KI\",\"isPartOf\":{\"@id\":\"https:\\\/\\\/radioljubuski.ba\\\/#website\"},\"primaryImageOfPage\":{\"@id\":\"https:\\\/\\\/radioljubuski.ba\\\/index.php\\\/2021\\\/05\\\/31\\\/zadar-po-naslov-prvaka-split-za-ostanak-u-finalnoj-seriji\\\/#primaryimage\"},\"image\":{\"@id\":\"https:\\\/\\\/radioljubuski.ba\\\/index.php\\\/2021\\\/05\\\/31\\\/zadar-po-naslov-prvaka-split-za-ostanak-u-finalnoj-seriji\\\/#primaryimage\"},\"thumbnailUrl\":\"https:\\\/\\\/radioljubuski.ba\\\/wp-content\\\/uploads\\\/2021\\\/05\\\/indeksiraj8.jpg\",\"datePublished\":\"2021-05-31T12:49:05+00:00\",\"breadcrumb\":{\"@id\":\"https:\\\/\\\/radioljubuski.ba\\\/index.php\\\/2021\\\/05\\\/31\\\/zadar-po-naslov-prvaka-split-za-ostanak-u-finalnoj-seriji\\\/#breadcrumb\"},\"inLanguage\":\"hr\",\"potentialAction\":[{\"@type\":\"ReadAction\",\"target\":[\"https:\\\/\\\/radioljubuski.ba\\\/index.php\\\/2021\\\/05\\\/31\\\/zadar-po-naslov-prvaka-split-za-ostanak-u-finalnoj-seriji\\\/\"]}]},{\"@type\":\"ImageObject\",\"inLanguage\":\"hr\",\"@id\":\"https:\\\/\\\/radioljubuski.ba\\\/index.php\\\/2021\\\/05\\\/31\\\/zadar-po-naslov-prvaka-split-za-ostanak-u-finalnoj-seriji\\\/#primaryimage\",\"url\":\"https:\\\/\\\/radioljubuski.ba\\\/wp-content\\\/uploads\\\/2021\\\/05\\\/indeksiraj8.jpg\",\"contentUrl\":\"https:\\\/\\\/radioljubuski.ba\\\/wp-content\\\/uploads\\\/2021\\\/05\\\/indeksiraj8.jpg\",\"width\":275,\"height\":183},{\"@type\":\"BreadcrumbList\",\"@id\":\"https:\\\/\\\/radioljubuski.ba\\\/index.php\\\/2021\\\/05\\\/31\\\/zadar-po-naslov-prvaka-split-za-ostanak-u-finalnoj-seriji\\\/#breadcrumb\",\"itemListElement\":[{\"@type\":\"ListItem\",\"position\":1,\"name\":\"Po\u010detna stranica\",\"item\":\"https:\\\/\\\/radioljubuski.ba\\\/\"},{\"@type\":\"ListItem\",\"position\":2,\"name\":\"Zadar po naslov prvaka, Split za ostanak u finalnoj seriji\"}]},{\"@type\":\"WebSite\",\"@id\":\"https:\\\/\\\/radioljubuski.ba\\\/#website\",\"url\":\"https:\\\/\\\/radioljubuski.ba\\\/\",\"name\":\"Radio Ljubu\u0161ki\",\"description\":\"Sun\u010dana frekvencija Hercegovine\",\"publisher\":{\"@id\":\"https:\\\/\\\/radioljubuski.ba\\\/#organization\"},\"potentialAction\":[{\"@type\":\"SearchAction\",\"target\":{\"@type\":\"EntryPoint\",\"urlTemplate\":\"https:\\\/\\\/radioljubuski.ba\\\/?s={search_term_string}\"},\"query-input\":{\"@type\":\"PropertyValueSpecification\",\"valueRequired\":true,\"valueName\":\"search_term_string\"}}],\"inLanguage\":\"hr\"},{\"@type\":\"Organization\",\"@id\":\"https:\\\/\\\/radioljubuski.ba\\\/#organization\",\"name\":\"Radio Ljubu\u0161ki\",\"url\":\"https:\\\/\\\/radioljubuski.ba\\\/\",\"logo\":{\"@type\":\"ImageObject\",\"inLanguage\":\"hr\",\"@id\":\"https:\\\/\\\/radioljubuski.ba\\\/#\\\/schema\\\/logo\\\/image\\\/\",\"url\":\"https:\\\/\\\/radioljubuski.ba\\\/wp-content\\\/uploads\\\/2021\\\/02\\\/cropped-Radio_Ljubuski_logo1.jpg\",\"contentUrl\":\"https:\\\/\\\/radioljubuski.ba\\\/wp-content\\\/uploads\\\/2021\\\/02\\\/cropped-Radio_Ljubuski_logo1.jpg\",\"width\":512,\"height\":512,\"caption\":\"Radio Ljubu\u0161ki\"},\"image\":{\"@id\":\"https:\\\/\\\/radioljubuski.ba\\\/#\\\/schema\\\/logo\\\/image\\\/\"},\"sameAs\":[\"https:\\\/\\\/www.facebook.com\\\/Radiio-Ljubuski-1490835324566332\",\"https:\\\/\\\/x.com\\\/radioljubuski\",\"https:\\\/\\\/hr.linkedin.com\\\/company\\\/radio-ljubuski\",\"https:\\\/\\\/www.youtube.com\\\/channel\\\/UCHYaeO_n0Db3tjNGudGpXyw\"]},{\"@type\":\"Person\",\"@id\":\"https:\\\/\\\/radioljubuski.ba\\\/#\\\/schema\\\/person\\\/19fc700381a780f69665d7956c469e3b\",\"name\":\"Radio Ljubu\u0161ki\"}]}<\/script>\n<!-- \/ Yoast SEO plugin. -->","yoast_head_json":{"title":"Zadar po naslov prvaka, Split za ostanak u finalnoj seriji - RADIO LJUBU\u0160KI","robots":{"index":"index","follow":"follow","max-snippet":"max-snippet:-1","max-image-preview":"max-image-preview:large","max-video-preview":"max-video-preview:-1"},"canonical":"https:\/\/radioljubuski.ba\/index.php\/2021\/05\/31\/zadar-po-naslov-prvaka-split-za-ostanak-u-finalnoj-seriji\/","og_locale":"hr_HR","og_type":"article","og_title":"Zadar po naslov prvaka, Split za ostanak u finalnoj seriji - RADIO LJUBU\u0160KI","og_description":"Ko\u0161arka\u0161i Zadra iskoristili su prednost doma\u0107eg parketa i s dvije doma\u0107e pobjede poveli 2-0 protiv Splita u finalnoj seriji za prvaka Hrvatske. Zadranima tako jo\u0161 jedna pobjeda nedostaje za osvajanje tre\u0107eg naslova u klupskoj povijesti nakon \u0161to su prvaci Hrvatske bili 2005. i 2008. Spli\u0107ani bi pak ostali u igri za drugu titulu. Jedini naslov [&hellip;]","og_url":"https:\/\/radioljubuski.ba\/index.php\/2021\/05\/31\/zadar-po-naslov-prvaka-split-za-ostanak-u-finalnoj-seriji\/","og_site_name":"RADIO LJUBU\u0160KI","article_publisher":"https:\/\/www.facebook.com\/Radiio-Ljubuski-1490835324566332","article_published_time":"2021-05-31T12:49:05+00:00","og_image":[{"width":275,"height":183,"url":"https:\/\/radioljubuski.ba\/wp-content\/uploads\/2021\/05\/indeksiraj8.jpg","type":"image\/jpeg"}],"author":"Radio Ljubu\u0161ki","twitter_card":"summary_large_image","twitter_creator":"@radioljubuski","twitter_site":"@radioljubuski","twitter_misc":{"Napisao\/la":"Radio Ljubu\u0161ki","Procijenjeno vrijeme \u010ditanja":"1 minuta"},"schema":{"@context":"https:\/\/schema.org","@graph":[{"@type":"Article","@id":"https:\/\/radioljubuski.ba\/index.php\/2021\/05\/31\/zadar-po-naslov-prvaka-split-za-ostanak-u-finalnoj-seriji\/#article","isPartOf":{"@id":"https:\/\/radioljubuski.ba\/index.php\/2021\/05\/31\/zadar-po-naslov-prvaka-split-za-ostanak-u-finalnoj-seriji\/"},"author":{"name":"Radio Ljubu\u0161ki","@id":"https:\/\/radioljubuski.ba\/#\/schema\/person\/19fc700381a780f69665d7956c469e3b"},"headline":"Zadar po naslov prvaka, Split za ostanak u finalnoj seriji","datePublished":"2021-05-31T12:49:05+00:00","mainEntityOfPage":{"@id":"https:\/\/radioljubuski.ba\/index.php\/2021\/05\/31\/zadar-po-naslov-prvaka-split-za-ostanak-u-finalnoj-seriji\/"},"wordCount":241,"publisher":{"@id":"https:\/\/radioljubuski.ba\/#organization"},"image":{"@id":"https:\/\/radioljubuski.ba\/index.php\/2021\/05\/31\/zadar-po-naslov-prvaka-split-za-ostanak-u-finalnoj-seriji\/#primaryimage"},"thumbnailUrl":"https:\/\/radioljubuski.ba\/wp-content\/uploads\/2021\/05\/indeksiraj8.jpg","articleSection":["BIH i regija"],"inLanguage":"hr"},{"@type":"WebPage","@id":"https:\/\/radioljubuski.ba\/index.php\/2021\/05\/31\/zadar-po-naslov-prvaka-split-za-ostanak-u-finalnoj-seriji\/","url":"https:\/\/radioljubuski.ba\/index.php\/2021\/05\/31\/zadar-po-naslov-prvaka-split-za-ostanak-u-finalnoj-seriji\/","name":"Zadar po naslov prvaka, Split za ostanak u finalnoj seriji - RADIO LJUBU\u0160KI","isPartOf":{"@id":"https:\/\/radioljubuski.ba\/#website"},"primaryImageOfPage":{"@id":"https:\/\/radioljubuski.ba\/index.php\/2021\/05\/31\/zadar-po-naslov-prvaka-split-za-ostanak-u-finalnoj-seriji\/#primaryimage"},"image":{"@id":"https:\/\/radioljubuski.ba\/index.php\/2021\/05\/31\/zadar-po-naslov-prvaka-split-za-ostanak-u-finalnoj-seriji\/#primaryimage"},"thumbnailUrl":"https:\/\/radioljubuski.ba\/wp-content\/uploads\/2021\/05\/indeksiraj8.jpg","datePublished":"2021-05-31T12:49:05+00:00","breadcrumb":{"@id":"https:\/\/radioljubuski.ba\/index.php\/2021\/05\/31\/zadar-po-naslov-prvaka-split-za-ostanak-u-finalnoj-seriji\/#breadcrumb"},"inLanguage":"hr","potentialAction":[{"@type":"ReadAction","target":["https:\/\/radioljubuski.ba\/index.php\/2021\/05\/31\/zadar-po-naslov-prvaka-split-za-ostanak-u-finalnoj-seriji\/"]}]},{"@type":"ImageObject","inLanguage":"hr","@id":"https:\/\/radioljubuski.ba\/index.php\/2021\/05\/31\/zadar-po-naslov-prvaka-split-za-ostanak-u-finalnoj-seriji\/#primaryimage","url":"https:\/\/radioljubuski.ba\/wp-content\/uploads\/2021\/05\/indeksiraj8.jpg","contentUrl":"https:\/\/radioljubuski.ba\/wp-content\/uploads\/2021\/05\/indeksiraj8.jpg","width":275,"height":183},{"@type":"BreadcrumbList","@id":"https:\/\/radioljubuski.ba\/index.php\/2021\/05\/31\/zadar-po-naslov-prvaka-split-za-ostanak-u-finalnoj-seriji\/#breadcrumb","itemListElement":[{"@type":"ListItem","position":1,"name":"Po\u010detna stranica","item":"https:\/\/radioljubuski.ba\/"},{"@type":"ListItem","position":2,"name":"Zadar po naslov prvaka, Split za ostanak u finalnoj seriji"}]},{"@type":"WebSite","@id":"https:\/\/radioljubuski.ba\/#website","url":"https:\/\/radioljubuski.ba\/","name":"Radio Ljubu\u0161ki","description":"Sun\u010dana frekvencija Hercegovine","publisher":{"@id":"https:\/\/radioljubuski.ba\/#organization"},"potentialAction":[{"@type":"SearchAction","target":{"@type":"EntryPoint","urlTemplate":"https:\/\/radioljubuski.ba\/?s={search_term_string}"},"query-input":{"@type":"PropertyValueSpecification","valueRequired":true,"valueName":"search_term_string"}}],"inLanguage":"hr"},{"@type":"Organization","@id":"https:\/\/radioljubuski.ba\/#organization","name":"Radio Ljubu\u0161ki","url":"https:\/\/radioljubuski.ba\/","logo":{"@type":"ImageObject","inLanguage":"hr","@id":"https:\/\/radioljubuski.ba\/#\/schema\/logo\/image\/","url":"https:\/\/radioljubuski.ba\/wp-content\/uploads\/2021\/02\/cropped-Radio_Ljubuski_logo1.jpg","contentUrl":"https:\/\/radioljubuski.ba\/wp-content\/uploads\/2021\/02\/cropped-Radio_Ljubuski_logo1.jpg","width":512,"height":512,"caption":"Radio Ljubu\u0161ki"},"image":{"@id":"https:\/\/radioljubuski.ba\/#\/schema\/logo\/image\/"},"sameAs":["https:\/\/www.facebook.com\/Radiio-Ljubuski-1490835324566332","https:\/\/x.com\/radioljubuski","https:\/\/hr.linkedin.com\/company\/radio-ljubuski","https:\/\/www.youtube.com\/channel\/UCHYaeO_n0Db3tjNGudGpXyw"]},{"@type":"Person","@id":"https:\/\/radioljubuski.ba\/#\/schema\/person\/19fc700381a780f69665d7956c469e3b","name":"Radio Ljubu\u0161ki"}]}},"_links":{"self":[{"href":"https:\/\/radioljubuski.ba\/index.php\/wp-json\/wp\/v2\/posts\/26998","targetHints":{"allow":["GET"]}}],"collection":[{"href":"https:\/\/radioljubuski.ba\/index.php\/wp-json\/wp\/v2\/posts"}],"about":[{"href":"https:\/\/radioljubuski.ba\/index.php\/wp-json\/wp\/v2\/types\/post"}],"author":[{"embeddable":true,"href":"https:\/\/radioljubuski.ba\/index.php\/wp-json\/wp\/v2\/users\/2"}],"replies":[{"embeddable":true,"href":"https:\/\/radioljubuski.ba\/index.php\/wp-json\/wp\/v2\/comments?post=26998"}],"version-history":[{"count":1,"href":"https:\/\/radioljubuski.ba\/index.php\/wp-json\/wp\/v2\/posts\/26998\/revisions"}],"predecessor-version":[{"id":27003,"href":"https:\/\/radioljubuski.ba\/index.php\/wp-json\/wp\/v2\/posts\/26998\/revisions\/27003"}],"wp:featuredmedia":[{"embeddable":true,"href":"https:\/\/radioljubuski.ba\/index.php\/wp-json\/wp\/v2\/media\/27002"}],"wp:attachment":[{"href":"https:\/\/radioljubuski.ba\/index.php\/wp-json\/wp\/v2\/media?parent=26998"}],"wp:term":[{"taxonomy":"category","embeddable":true,"href":"https:\/\/radioljubuski.ba\/index.php\/wp-json\/wp\/v2\/categories?post=26998"},{"taxonomy":"post_tag","embeddable":true,"href":"https:\/\/radioljubuski.ba\/index.php\/wp-json\/wp\/v2\/tags?post=26998"}],"curies":[{"name":"wp","href":"https:\/\/api.w.org\/{rel}","templated":true}]}}