{"id":26999,"date":"2021-05-31T13:48:00","date_gmt":"2021-05-31T12:48:00","guid":{"rendered":"https:\/\/radioljubuski.ba\/?p=26999"},"modified":"2021-05-31T13:48:02","modified_gmt":"2021-05-31T12:48:02","slug":"ju-ksc-ljubuski-pocela-pripreme-za-pocetak-mnl-mz-grada-ljubuskog","status":"publish","type":"post","link":"https:\/\/radioljubuski.ba\/index.php\/2021\/05\/31\/ju-ksc-ljubuski-pocela-pripreme-za-pocetak-mnl-mz-grada-ljubuskog\/","title":{"rendered":"JU &#8220;K\u0160C&#8221; Ljubu\u0161ki po\u010dela pripreme za po\u010detak MNL MZ Grada Ljubu\u0161kog"},"content":{"rendered":"\n<p><strong>JU &#8220;K\u0160C&#8221; Ljubu\u0161ki uveliko radi na pripremama 17. Malonogometne ligi MZ i 10. Malonogometne ligi MZ Grada Ljubu\u0161kog do 16 godina.<\/strong><\/p>\n\n\n\n<p>Tradicionalno i ovog ljeta, na Centru malih \u0161portova Ljubu\u0161ki, u drugoj polovici srpnja i prvoj polovici kolovoza, odr\u017eat \u0107e se ve\u0107 17. po redu Malonogometna Liga MZ Ljubu\u0161kog i 10. Malonogometna liga mz Grada Ljubu\u0161kog do 16 godina, jedan od najva\u017enijih i najposje\u0107enijih ljetnih sportskih doga\u0111aja u ljubu\u0161kom.<\/p>\n\n\n\n<p>Sredinom lipnja predvi\u0111en je sastanak s predsjednicima ili predstavnicima Mjesnih zajednica Grada Ljubu\u0161kog te osobama koje predstavljaju ekipe, a isti se mole da u svojim sredinama (MZ) razmotre mogu\u0107nost sudjelovanja ekipa na ovogodi\u0161njem natjecanju.<\/p>\n\n\n\n<p>Organizatori iz JU \u201eKulturno-\u0161portski centar\u201c istaknuli su kako se za natjecanje pripremaju kao i prethodnih godina, s tim da se \u0107e ono biti prilago\u0111eno uputama nadle\u017enih sto\u017eera vezanih za epidemiolo\u0161ku situaciju uzrokovanu koronavirusom.<\/p>\n\n\n\n<p>Za sve dodatne upite i informacije mo\u017eete nas kontaktirati!<\/p>\n\n\n\n<p>Kontakt osobe su:<\/p>\n\n\n\n<p>Slaven Tomi\u0107,<\/p>\n\n\n\n<p>Stru\u010di suradnik za sport i rekreaciju<\/p>\n\n\n\n<p>e-mail:<a href=\"mailto:slaven.osj@gmail.com\">slaven.osj@gmail.com<\/a>,&nbsp;<a href=\"mailto:slaven.tomic@tel.net.ba\">slaven.tomic@tel.net.ba<\/a><br>tel\/mob: +387 63 321 590<\/p>\n\n\n\n<p>Ivan Bebek,<\/p>\n\n\n\n<p>Ravnatelj JU &#8220;K\u0160C&#8221; Ljubu\u0161ki<\/p>\n\n\n\n<p>e-mail:\u00a0<a href=\"mailto:ivan.ljubuski@gmail.com\">ivan.ljubuski@gmail.com<\/a>,\u00a0<a href=\"mailto:ksc.ljubuski@gmail.com\">ksc.ljubuski@gmail.com<\/a><br>tel\/mob: +387 63 036 777<\/p>\n\n\n\n<p><strong><a href=\"https:\/\/iks-portal.info\/grad-i-ljudi\/liga-mz-ljubuski\/item\/15265-ju-ksc-ljubuski-pocela-priprema-za-pocetak-mnl-mz-grada-ljubuskog.html\" target=\"_blank\" rel=\"noreferrer noopener\">Izvor: iks-portal.info<\/a><\/strong><\/p>\n","protected":false},"excerpt":{"rendered":"<p>JU &#8220;K\u0160C&#8221; Ljubu\u0161ki uveliko radi na pripremama 17. Malonogometne ligi MZ i 10. Malonogometne ligi MZ Grada Ljubu\u0161kog do 16 godina. Tradicionalno i ovog ljeta, na Centru malih \u0161portova Ljubu\u0161ki, u drugoj polovici srpnja i prvoj polovici kolovoza, odr\u017eat \u0107e se ve\u0107 17. po redu Malonogometna Liga MZ Ljubu\u0161kog i 10. Malonogometna liga mz Grada [&hellip;]<\/p>\n","protected":false},"author":2,"featured_media":27000,"comment_status":"closed","ping_status":"closed","sticky":false,"template":"","format":"standard","meta":{"h5ap_radio_sources":[],"footnotes":""},"categories":[3],"tags":[],"class_list":["post-26999","post","type-post","status-publish","format-standard","has-post-thumbnail","hentry","category-ljubuski"],"yoast_head":"<!-- This site is optimized with the Yoast SEO plugin v27.4 - https:\/\/yoast.com\/product\/yoast-seo-wordpress\/ -->\n<title>JU &quot;K\u0160C&quot; Ljubu\u0161ki po\u010dela pripreme za po\u010detak MNL MZ Grada Ljubu\u0161kog - RADIO LJUBU\u0160KI<\/title>\n<meta name=\"robots\" content=\"index, follow, max-snippet:-1, max-image-preview:large, max-video-preview:-1\" \/>\n<link rel=\"canonical\" href=\"https:\/\/radioljubuski.ba\/index.php\/2021\/05\/31\/ju-ksc-ljubuski-pocela-pripreme-za-pocetak-mnl-mz-grada-ljubuskog\/\" \/>\n<meta property=\"og:locale\" content=\"hr_HR\" \/>\n<meta property=\"og:type\" content=\"article\" \/>\n<meta property=\"og:title\" content=\"JU &quot;K\u0160C&quot; Ljubu\u0161ki po\u010dela pripreme za po\u010detak MNL MZ Grada Ljubu\u0161kog - RADIO LJUBU\u0160KI\" \/>\n<meta property=\"og:description\" content=\"JU &#8220;K\u0160C&#8221; Ljubu\u0161ki uveliko radi na pripremama 17. Malonogometne ligi MZ i 10. Malonogometne ligi MZ Grada Ljubu\u0161kog do 16 godina. Tradicionalno i ovog ljeta, na Centru malih \u0161portova Ljubu\u0161ki, u drugoj polovici srpnja i prvoj polovici kolovoza, odr\u017eat \u0107e se ve\u0107 17. po redu Malonogometna Liga MZ Ljubu\u0161kog i 10. Malonogometna liga mz Grada [&hellip;]\" \/>\n<meta property=\"og:url\" content=\"https:\/\/radioljubuski.ba\/index.php\/2021\/05\/31\/ju-ksc-ljubuski-pocela-pripreme-za-pocetak-mnl-mz-grada-ljubuskog\/\" \/>\n<meta property=\"og:site_name\" content=\"RADIO LJUBU\u0160KI\" \/>\n<meta property=\"article:publisher\" content=\"https:\/\/www.facebook.com\/Radiio-Ljubuski-1490835324566332\" \/>\n<meta property=\"article:published_time\" content=\"2021-05-31T12:48:00+00:00\" \/>\n<meta property=\"article:modified_time\" content=\"2021-05-31T12:48:02+00:00\" \/>\n<meta property=\"og:image\" content=\"https:\/\/radioljubuski.ba\/wp-content\/uploads\/2021\/05\/mjesne.jpg\" \/>\n\t<meta property=\"og:image:width\" content=\"1024\" \/>\n\t<meta property=\"og:image:height\" content=\"683\" \/>\n\t<meta property=\"og:image:type\" content=\"image\/jpeg\" \/>\n<meta name=\"author\" content=\"Radio Ljubu\u0161ki\" \/>\n<meta name=\"twitter:card\" content=\"summary_large_image\" \/>\n<meta name=\"twitter:creator\" content=\"@radioljubuski\" \/>\n<meta name=\"twitter:site\" content=\"@radioljubuski\" \/>\n<meta name=\"twitter:label1\" content=\"Napisao\/la\" \/>\n\t<meta name=\"twitter:data1\" content=\"Radio Ljubu\u0161ki\" \/>\n\t<meta name=\"twitter:label2\" content=\"Procijenjeno vrijeme \u010ditanja\" \/>\n\t<meta name=\"twitter:data2\" content=\"1 minuta\" \/>\n<script type=\"application\/ld+json\" class=\"yoast-schema-graph\">{\"@context\":\"https:\\\/\\\/schema.org\",\"@graph\":[{\"@type\":\"Article\",\"@id\":\"https:\\\/\\\/radioljubuski.ba\\\/index.php\\\/2021\\\/05\\\/31\\\/ju-ksc-ljubuski-pocela-pripreme-za-pocetak-mnl-mz-grada-ljubuskog\\\/#article\",\"isPartOf\":{\"@id\":\"https:\\\/\\\/radioljubuski.ba\\\/index.php\\\/2021\\\/05\\\/31\\\/ju-ksc-ljubuski-pocela-pripreme-za-pocetak-mnl-mz-grada-ljubuskog\\\/\"},\"author\":{\"name\":\"Radio Ljubu\u0161ki\",\"@id\":\"https:\\\/\\\/radioljubuski.ba\\\/#\\\/schema\\\/person\\\/19fc700381a780f69665d7956c469e3b\"},\"headline\":\"JU &#8220;K\u0160C&#8221; Ljubu\u0161ki po\u010dela pripreme za po\u010detak MNL MZ Grada Ljubu\u0161kog\",\"datePublished\":\"2021-05-31T12:48:00+00:00\",\"dateModified\":\"2021-05-31T12:48:02+00:00\",\"mainEntityOfPage\":{\"@id\":\"https:\\\/\\\/radioljubuski.ba\\\/index.php\\\/2021\\\/05\\\/31\\\/ju-ksc-ljubuski-pocela-pripreme-za-pocetak-mnl-mz-grada-ljubuskog\\\/\"},\"wordCount\":223,\"publisher\":{\"@id\":\"https:\\\/\\\/radioljubuski.ba\\\/#organization\"},\"image\":{\"@id\":\"https:\\\/\\\/radioljubuski.ba\\\/index.php\\\/2021\\\/05\\\/31\\\/ju-ksc-ljubuski-pocela-pripreme-za-pocetak-mnl-mz-grada-ljubuskog\\\/#primaryimage\"},\"thumbnailUrl\":\"https:\\\/\\\/radioljubuski.ba\\\/wp-content\\\/uploads\\\/2021\\\/05\\\/mjesne.jpg\",\"articleSection\":[\"Ljubu\u0161ki\"],\"inLanguage\":\"hr\"},{\"@type\":\"WebPage\",\"@id\":\"https:\\\/\\\/radioljubuski.ba\\\/index.php\\\/2021\\\/05\\\/31\\\/ju-ksc-ljubuski-pocela-pripreme-za-pocetak-mnl-mz-grada-ljubuskog\\\/\",\"url\":\"https:\\\/\\\/radioljubuski.ba\\\/index.php\\\/2021\\\/05\\\/31\\\/ju-ksc-ljubuski-pocela-pripreme-za-pocetak-mnl-mz-grada-ljubuskog\\\/\",\"name\":\"JU \\\"K\u0160C\\\" Ljubu\u0161ki po\u010dela pripreme za po\u010detak MNL MZ Grada Ljubu\u0161kog - RADIO LJUBU\u0160KI\",\"isPartOf\":{\"@id\":\"https:\\\/\\\/radioljubuski.ba\\\/#website\"},\"primaryImageOfPage\":{\"@id\":\"https:\\\/\\\/radioljubuski.ba\\\/index.php\\\/2021\\\/05\\\/31\\\/ju-ksc-ljubuski-pocela-pripreme-za-pocetak-mnl-mz-grada-ljubuskog\\\/#primaryimage\"},\"image\":{\"@id\":\"https:\\\/\\\/radioljubuski.ba\\\/index.php\\\/2021\\\/05\\\/31\\\/ju-ksc-ljubuski-pocela-pripreme-za-pocetak-mnl-mz-grada-ljubuskog\\\/#primaryimage\"},\"thumbnailUrl\":\"https:\\\/\\\/radioljubuski.ba\\\/wp-content\\\/uploads\\\/2021\\\/05\\\/mjesne.jpg\",\"datePublished\":\"2021-05-31T12:48:00+00:00\",\"dateModified\":\"2021-05-31T12:48:02+00:00\",\"breadcrumb\":{\"@id\":\"https:\\\/\\\/radioljubuski.ba\\\/index.php\\\/2021\\\/05\\\/31\\\/ju-ksc-ljubuski-pocela-pripreme-za-pocetak-mnl-mz-grada-ljubuskog\\\/#breadcrumb\"},\"inLanguage\":\"hr\",\"potentialAction\":[{\"@type\":\"ReadAction\",\"target\":[\"https:\\\/\\\/radioljubuski.ba\\\/index.php\\\/2021\\\/05\\\/31\\\/ju-ksc-ljubuski-pocela-pripreme-za-pocetak-mnl-mz-grada-ljubuskog\\\/\"]}]},{\"@type\":\"ImageObject\",\"inLanguage\":\"hr\",\"@id\":\"https:\\\/\\\/radioljubuski.ba\\\/index.php\\\/2021\\\/05\\\/31\\\/ju-ksc-ljubuski-pocela-pripreme-za-pocetak-mnl-mz-grada-ljubuskog\\\/#primaryimage\",\"url\":\"https:\\\/\\\/radioljubuski.ba\\\/wp-content\\\/uploads\\\/2021\\\/05\\\/mjesne.jpg\",\"contentUrl\":\"https:\\\/\\\/radioljubuski.ba\\\/wp-content\\\/uploads\\\/2021\\\/05\\\/mjesne.jpg\",\"width\":1024,\"height\":683},{\"@type\":\"BreadcrumbList\",\"@id\":\"https:\\\/\\\/radioljubuski.ba\\\/index.php\\\/2021\\\/05\\\/31\\\/ju-ksc-ljubuski-pocela-pripreme-za-pocetak-mnl-mz-grada-ljubuskog\\\/#breadcrumb\",\"itemListElement\":[{\"@type\":\"ListItem\",\"position\":1,\"name\":\"Po\u010detna stranica\",\"item\":\"https:\\\/\\\/radioljubuski.ba\\\/\"},{\"@type\":\"ListItem\",\"position\":2,\"name\":\"JU &#8220;K\u0160C&#8221; Ljubu\u0161ki po\u010dela pripreme za po\u010detak MNL MZ Grada Ljubu\u0161kog\"}]},{\"@type\":\"WebSite\",\"@id\":\"https:\\\/\\\/radioljubuski.ba\\\/#website\",\"url\":\"https:\\\/\\\/radioljubuski.ba\\\/\",\"name\":\"Radio Ljubu\u0161ki\",\"description\":\"Sun\u010dana frekvencija Hercegovine\",\"publisher\":{\"@id\":\"https:\\\/\\\/radioljubuski.ba\\\/#organization\"},\"potentialAction\":[{\"@type\":\"SearchAction\",\"target\":{\"@type\":\"EntryPoint\",\"urlTemplate\":\"https:\\\/\\\/radioljubuski.ba\\\/?s={search_term_string}\"},\"query-input\":{\"@type\":\"PropertyValueSpecification\",\"valueRequired\":true,\"valueName\":\"search_term_string\"}}],\"inLanguage\":\"hr\"},{\"@type\":\"Organization\",\"@id\":\"https:\\\/\\\/radioljubuski.ba\\\/#organization\",\"name\":\"Radio Ljubu\u0161ki\",\"url\":\"https:\\\/\\\/radioljubuski.ba\\\/\",\"logo\":{\"@type\":\"ImageObject\",\"inLanguage\":\"hr\",\"@id\":\"https:\\\/\\\/radioljubuski.ba\\\/#\\\/schema\\\/logo\\\/image\\\/\",\"url\":\"https:\\\/\\\/radioljubuski.ba\\\/wp-content\\\/uploads\\\/2021\\\/02\\\/cropped-Radio_Ljubuski_logo1.jpg\",\"contentUrl\":\"https:\\\/\\\/radioljubuski.ba\\\/wp-content\\\/uploads\\\/2021\\\/02\\\/cropped-Radio_Ljubuski_logo1.jpg\",\"width\":512,\"height\":512,\"caption\":\"Radio Ljubu\u0161ki\"},\"image\":{\"@id\":\"https:\\\/\\\/radioljubuski.ba\\\/#\\\/schema\\\/logo\\\/image\\\/\"},\"sameAs\":[\"https:\\\/\\\/www.facebook.com\\\/Radiio-Ljubuski-1490835324566332\",\"https:\\\/\\\/x.com\\\/radioljubuski\",\"https:\\\/\\\/hr.linkedin.com\\\/company\\\/radio-ljubuski\",\"https:\\\/\\\/www.youtube.com\\\/channel\\\/UCHYaeO_n0Db3tjNGudGpXyw\"]},{\"@type\":\"Person\",\"@id\":\"https:\\\/\\\/radioljubuski.ba\\\/#\\\/schema\\\/person\\\/19fc700381a780f69665d7956c469e3b\",\"name\":\"Radio Ljubu\u0161ki\"}]}<\/script>\n<!-- \/ Yoast SEO plugin. -->","yoast_head_json":{"title":"JU \"K\u0160C\" Ljubu\u0161ki po\u010dela pripreme za po\u010detak MNL MZ Grada Ljubu\u0161kog - RADIO LJUBU\u0160KI","robots":{"index":"index","follow":"follow","max-snippet":"max-snippet:-1","max-image-preview":"max-image-preview:large","max-video-preview":"max-video-preview:-1"},"canonical":"https:\/\/radioljubuski.ba\/index.php\/2021\/05\/31\/ju-ksc-ljubuski-pocela-pripreme-za-pocetak-mnl-mz-grada-ljubuskog\/","og_locale":"hr_HR","og_type":"article","og_title":"JU \"K\u0160C\" Ljubu\u0161ki po\u010dela pripreme za po\u010detak MNL MZ Grada Ljubu\u0161kog - RADIO LJUBU\u0160KI","og_description":"JU &#8220;K\u0160C&#8221; Ljubu\u0161ki uveliko radi na pripremama 17. Malonogometne ligi MZ i 10. Malonogometne ligi MZ Grada Ljubu\u0161kog do 16 godina. Tradicionalno i ovog ljeta, na Centru malih \u0161portova Ljubu\u0161ki, u drugoj polovici srpnja i prvoj polovici kolovoza, odr\u017eat \u0107e se ve\u0107 17. po redu Malonogometna Liga MZ Ljubu\u0161kog i 10. Malonogometna liga mz Grada [&hellip;]","og_url":"https:\/\/radioljubuski.ba\/index.php\/2021\/05\/31\/ju-ksc-ljubuski-pocela-pripreme-za-pocetak-mnl-mz-grada-ljubuskog\/","og_site_name":"RADIO LJUBU\u0160KI","article_publisher":"https:\/\/www.facebook.com\/Radiio-Ljubuski-1490835324566332","article_published_time":"2021-05-31T12:48:00+00:00","article_modified_time":"2021-05-31T12:48:02+00:00","og_image":[{"width":1024,"height":683,"url":"https:\/\/radioljubuski.ba\/wp-content\/uploads\/2021\/05\/mjesne.jpg","type":"image\/jpeg"}],"author":"Radio Ljubu\u0161ki","twitter_card":"summary_large_image","twitter_creator":"@radioljubuski","twitter_site":"@radioljubuski","twitter_misc":{"Napisao\/la":"Radio Ljubu\u0161ki","Procijenjeno vrijeme \u010ditanja":"1 minuta"},"schema":{"@context":"https:\/\/schema.org","@graph":[{"@type":"Article","@id":"https:\/\/radioljubuski.ba\/index.php\/2021\/05\/31\/ju-ksc-ljubuski-pocela-pripreme-za-pocetak-mnl-mz-grada-ljubuskog\/#article","isPartOf":{"@id":"https:\/\/radioljubuski.ba\/index.php\/2021\/05\/31\/ju-ksc-ljubuski-pocela-pripreme-za-pocetak-mnl-mz-grada-ljubuskog\/"},"author":{"name":"Radio Ljubu\u0161ki","@id":"https:\/\/radioljubuski.ba\/#\/schema\/person\/19fc700381a780f69665d7956c469e3b"},"headline":"JU &#8220;K\u0160C&#8221; Ljubu\u0161ki po\u010dela pripreme za po\u010detak MNL MZ Grada Ljubu\u0161kog","datePublished":"2021-05-31T12:48:00+00:00","dateModified":"2021-05-31T12:48:02+00:00","mainEntityOfPage":{"@id":"https:\/\/radioljubuski.ba\/index.php\/2021\/05\/31\/ju-ksc-ljubuski-pocela-pripreme-za-pocetak-mnl-mz-grada-ljubuskog\/"},"wordCount":223,"publisher":{"@id":"https:\/\/radioljubuski.ba\/#organization"},"image":{"@id":"https:\/\/radioljubuski.ba\/index.php\/2021\/05\/31\/ju-ksc-ljubuski-pocela-pripreme-za-pocetak-mnl-mz-grada-ljubuskog\/#primaryimage"},"thumbnailUrl":"https:\/\/radioljubuski.ba\/wp-content\/uploads\/2021\/05\/mjesne.jpg","articleSection":["Ljubu\u0161ki"],"inLanguage":"hr"},{"@type":"WebPage","@id":"https:\/\/radioljubuski.ba\/index.php\/2021\/05\/31\/ju-ksc-ljubuski-pocela-pripreme-za-pocetak-mnl-mz-grada-ljubuskog\/","url":"https:\/\/radioljubuski.ba\/index.php\/2021\/05\/31\/ju-ksc-ljubuski-pocela-pripreme-za-pocetak-mnl-mz-grada-ljubuskog\/","name":"JU \"K\u0160C\" Ljubu\u0161ki po\u010dela pripreme za po\u010detak MNL MZ Grada Ljubu\u0161kog - RADIO LJUBU\u0160KI","isPartOf":{"@id":"https:\/\/radioljubuski.ba\/#website"},"primaryImageOfPage":{"@id":"https:\/\/radioljubuski.ba\/index.php\/2021\/05\/31\/ju-ksc-ljubuski-pocela-pripreme-za-pocetak-mnl-mz-grada-ljubuskog\/#primaryimage"},"image":{"@id":"https:\/\/radioljubuski.ba\/index.php\/2021\/05\/31\/ju-ksc-ljubuski-pocela-pripreme-za-pocetak-mnl-mz-grada-ljubuskog\/#primaryimage"},"thumbnailUrl":"https:\/\/radioljubuski.ba\/wp-content\/uploads\/2021\/05\/mjesne.jpg","datePublished":"2021-05-31T12:48:00+00:00","dateModified":"2021-05-31T12:48:02+00:00","breadcrumb":{"@id":"https:\/\/radioljubuski.ba\/index.php\/2021\/05\/31\/ju-ksc-ljubuski-pocela-pripreme-za-pocetak-mnl-mz-grada-ljubuskog\/#breadcrumb"},"inLanguage":"hr","potentialAction":[{"@type":"ReadAction","target":["https:\/\/radioljubuski.ba\/index.php\/2021\/05\/31\/ju-ksc-ljubuski-pocela-pripreme-za-pocetak-mnl-mz-grada-ljubuskog\/"]}]},{"@type":"ImageObject","inLanguage":"hr","@id":"https:\/\/radioljubuski.ba\/index.php\/2021\/05\/31\/ju-ksc-ljubuski-pocela-pripreme-za-pocetak-mnl-mz-grada-ljubuskog\/#primaryimage","url":"https:\/\/radioljubuski.ba\/wp-content\/uploads\/2021\/05\/mjesne.jpg","contentUrl":"https:\/\/radioljubuski.ba\/wp-content\/uploads\/2021\/05\/mjesne.jpg","width":1024,"height":683},{"@type":"BreadcrumbList","@id":"https:\/\/radioljubuski.ba\/index.php\/2021\/05\/31\/ju-ksc-ljubuski-pocela-pripreme-za-pocetak-mnl-mz-grada-ljubuskog\/#breadcrumb","itemListElement":[{"@type":"ListItem","position":1,"name":"Po\u010detna stranica","item":"https:\/\/radioljubuski.ba\/"},{"@type":"ListItem","position":2,"name":"JU &#8220;K\u0160C&#8221; Ljubu\u0161ki po\u010dela pripreme za po\u010detak MNL MZ Grada Ljubu\u0161kog"}]},{"@type":"WebSite","@id":"https:\/\/radioljubuski.ba\/#website","url":"https:\/\/radioljubuski.ba\/","name":"Radio Ljubu\u0161ki","description":"Sun\u010dana frekvencija Hercegovine","publisher":{"@id":"https:\/\/radioljubuski.ba\/#organization"},"potentialAction":[{"@type":"SearchAction","target":{"@type":"EntryPoint","urlTemplate":"https:\/\/radioljubuski.ba\/?s={search_term_string}"},"query-input":{"@type":"PropertyValueSpecification","valueRequired":true,"valueName":"search_term_string"}}],"inLanguage":"hr"},{"@type":"Organization","@id":"https:\/\/radioljubuski.ba\/#organization","name":"Radio Ljubu\u0161ki","url":"https:\/\/radioljubuski.ba\/","logo":{"@type":"ImageObject","inLanguage":"hr","@id":"https:\/\/radioljubuski.ba\/#\/schema\/logo\/image\/","url":"https:\/\/radioljubuski.ba\/wp-content\/uploads\/2021\/02\/cropped-Radio_Ljubuski_logo1.jpg","contentUrl":"https:\/\/radioljubuski.ba\/wp-content\/uploads\/2021\/02\/cropped-Radio_Ljubuski_logo1.jpg","width":512,"height":512,"caption":"Radio Ljubu\u0161ki"},"image":{"@id":"https:\/\/radioljubuski.ba\/#\/schema\/logo\/image\/"},"sameAs":["https:\/\/www.facebook.com\/Radiio-Ljubuski-1490835324566332","https:\/\/x.com\/radioljubuski","https:\/\/hr.linkedin.com\/company\/radio-ljubuski","https:\/\/www.youtube.com\/channel\/UCHYaeO_n0Db3tjNGudGpXyw"]},{"@type":"Person","@id":"https:\/\/radioljubuski.ba\/#\/schema\/person\/19fc700381a780f69665d7956c469e3b","name":"Radio Ljubu\u0161ki"}]}},"_links":{"self":[{"href":"https:\/\/radioljubuski.ba\/index.php\/wp-json\/wp\/v2\/posts\/26999","targetHints":{"allow":["GET"]}}],"collection":[{"href":"https:\/\/radioljubuski.ba\/index.php\/wp-json\/wp\/v2\/posts"}],"about":[{"href":"https:\/\/radioljubuski.ba\/index.php\/wp-json\/wp\/v2\/types\/post"}],"author":[{"embeddable":true,"href":"https:\/\/radioljubuski.ba\/index.php\/wp-json\/wp\/v2\/users\/2"}],"replies":[{"embeddable":true,"href":"https:\/\/radioljubuski.ba\/index.php\/wp-json\/wp\/v2\/comments?post=26999"}],"version-history":[{"count":1,"href":"https:\/\/radioljubuski.ba\/index.php\/wp-json\/wp\/v2\/posts\/26999\/revisions"}],"predecessor-version":[{"id":27001,"href":"https:\/\/radioljubuski.ba\/index.php\/wp-json\/wp\/v2\/posts\/26999\/revisions\/27001"}],"wp:featuredmedia":[{"embeddable":true,"href":"https:\/\/radioljubuski.ba\/index.php\/wp-json\/wp\/v2\/media\/27000"}],"wp:attachment":[{"href":"https:\/\/radioljubuski.ba\/index.php\/wp-json\/wp\/v2\/media?parent=26999"}],"wp:term":[{"taxonomy":"category","embeddable":true,"href":"https:\/\/radioljubuski.ba\/index.php\/wp-json\/wp\/v2\/categories?post=26999"},{"taxonomy":"post_tag","embeddable":true,"href":"https:\/\/radioljubuski.ba\/index.php\/wp-json\/wp\/v2\/tags?post=26999"}],"curies":[{"name":"wp","href":"https:\/\/api.w.org\/{rel}","templated":true}]}}