{"id":270,"date":"2021-02-25T10:59:24","date_gmt":"2021-02-25T10:59:24","guid":{"rendered":"https:\/\/radioljubuski.ba\/?p=270"},"modified":"2021-02-25T10:59:25","modified_gmt":"2021-02-25T10:59:25","slug":"stvara-se-rukometni-dream-team","status":"publish","type":"post","link":"https:\/\/radioljubuski.ba\/index.php\/2021\/02\/25\/stvara-se-rukometni-dream-team\/","title":{"rendered":"Stvara se rukometni Dream Team"},"content":{"rendered":"\n<p>Danska rukometna reprezentacija apsolutni je vladar svjetskog rukometa proteklih godina. Aktualni olimpijski pobjednici u Egiptu su ovog sije\u010dnja do\u0161li i do drugog uzastopnog naslova prvaka svijeta, a nakon \u0161to su na reprezentativnoj razini poharali konkurenciju, Danci \u0107e to isto poku\u0161ati napraviti i na klupskoj.<\/p>\n\n\n\n<p>Preciznije re\u010deno, njihov prvak Aalborg gradi fenomenalnu mom\u010dad koju \u0107emo, kad se kompletira, slobodno mo\u0107i zvati rukometni Dream Team.<\/p>\n\n\n\n<p>Ljubitelje rukometa nedavno je zaintrigirala objava kako je za Aalborg potpisao najbolji svjetski \u0161uter Mikkel Hansen. Vijest da je najkorisniji igra\u010d protekla dva svjetska prvenstva odlu\u010dio napustiti PSG i po isteku ugovora u ljeto 2022. vratiti se u domovinu bila je nagovje\u0161taj toga da se na sjeveru Danske sprema ne\u0161to veliko.<\/p>\n\n\n\n<p>U Aalborgu ve\u0107 igraju Henrik Mollgard, Magnus Saugstrup i Mads Christensen &#8211; trojica danskih reprezentativaca koji su osvojili zlato na SP-u u Egiptu protekli mjesec.<\/p>\n\n\n\n<p>Tu su i tri igra\u010da iz reprezentacije \u0160vedske, koja je u finalu SP-a pora\u017eena od Danske: Felix Claar, Mikael Aggefors i Lukas Sandell.<\/p>\n\n\n\n<p>Ve\u0107 sad je to respektabilna ekipa, koja je trenuta\u010dno na odli\u010dnoj tre\u0107oj poziciji u skupini B Lige prvaka (u kojoj je hrvatski prvak PPD Zagreb na za\u010delju bez ijednog boda), a u idu\u0107oj sezoni i prije nego \u0161to im do\u0111e Hansen bit \u0107e kudikamo ja\u010di.<\/p>\n\n\n\n<p>Ovih dana potpisali su \u010detiri poja\u010danja, od kojih je najzvu\u010dnije Aron Palmarsson. Islandski Bali\u0107 zavr\u0161ava svoju avanturu u Barceloni i sti\u017ee u Aalborg, ba\u0161 kao i norve\u0161ki reprezentativac Kristian Bjornsen iz njema\u010dkog Wetzlara. Potvr\u0111eni su i dolazak Jacoba Holma, jo\u0161 jednog svjetskog prvaka iz Egipta, kao i Sigvaldi Gudjonsson, Islan\u0111anin koji sti\u017ee iz poljskog Kielcea.<\/p>\n\n\n\n<p>Zanimljivo je da su i u trenuta\u010dnom kadru i me\u0111u najavljenim poja\u010danjima Aalborga svi Skandinavci. O\u010dito je plan pokupiti sve ono najbolje \u0161to skandinavski rukomet nudi i \u0161to je dostupno (jer Sandera Sagosena iz Kiela zasad ipak ne mogu dovesti) pa onda napasti sam europski tron.<\/p>\n\n\n\n<p>izvor:pogled.ba<\/p>\n","protected":false},"excerpt":{"rendered":"<p>Danska rukometna reprezentacija apsolutni je vladar svjetskog rukometa proteklih godina. Aktualni olimpijski pobjednici u Egiptu su ovog sije\u010dnja do\u0161li i do drugog uzastopnog naslova prvaka svijeta, a nakon \u0161to su na reprezentativnoj razini poharali konkurenciju, Danci \u0107e to isto poku\u0161ati napraviti i na klupskoj. Preciznije re\u010deno, njihov prvak Aalborg gradi fenomenalnu mom\u010dad koju \u0107emo, kad [&hellip;]<\/p>\n","protected":false},"author":2,"featured_media":271,"comment_status":"closed","ping_status":"closed","sticky":false,"template":"","format":"standard","meta":{"h5ap_radio_sources":[],"footnotes":""},"categories":[1],"tags":[],"class_list":["post-270","post","type-post","status-publish","format-standard","has-post-thumbnail","hentry","category-bihiregija"],"yoast_head":"<!-- This site is optimized with the Yoast SEO plugin v27.5 - https:\/\/yoast.com\/product\/yoast-seo-wordpress\/ -->\n<title>Stvara se rukometni Dream Team - RADIO LJUBU\u0160KI<\/title>\n<meta name=\"robots\" content=\"index, follow, max-snippet:-1, max-image-preview:large, max-video-preview:-1\" \/>\n<link rel=\"canonical\" href=\"https:\/\/radioljubuski.ba\/index.php\/2021\/02\/25\/stvara-se-rukometni-dream-team\/\" \/>\n<meta property=\"og:locale\" content=\"hr_HR\" \/>\n<meta property=\"og:type\" content=\"article\" \/>\n<meta property=\"og:title\" content=\"Stvara se rukometni Dream Team - RADIO LJUBU\u0160KI\" \/>\n<meta property=\"og:description\" content=\"Danska rukometna reprezentacija apsolutni je vladar svjetskog rukometa proteklih godina. Aktualni olimpijski pobjednici u Egiptu su ovog sije\u010dnja do\u0161li i do drugog uzastopnog naslova prvaka svijeta, a nakon \u0161to su na reprezentativnoj razini poharali konkurenciju, Danci \u0107e to isto poku\u0161ati napraviti i na klupskoj. Preciznije re\u010deno, njihov prvak Aalborg gradi fenomenalnu mom\u010dad koju \u0107emo, kad [&hellip;]\" \/>\n<meta property=\"og:url\" content=\"https:\/\/radioljubuski.ba\/index.php\/2021\/02\/25\/stvara-se-rukometni-dream-team\/\" \/>\n<meta property=\"og:site_name\" content=\"RADIO LJUBU\u0160KI\" \/>\n<meta property=\"article:publisher\" content=\"https:\/\/www.facebook.com\/Radiio-Ljubuski-1490835324566332\" \/>\n<meta property=\"article:published_time\" content=\"2021-02-25T10:59:24+00:00\" \/>\n<meta property=\"article:modified_time\" content=\"2021-02-25T10:59:25+00:00\" \/>\n<meta property=\"og:image\" content=\"https:\/\/radioljubuski.ba\/wp-content\/uploads\/2021\/02\/jPJMwb3K_alborg_475_316_85_s_c1.jpg\" \/>\n\t<meta property=\"og:image:width\" content=\"475\" \/>\n\t<meta property=\"og:image:height\" content=\"316\" \/>\n\t<meta property=\"og:image:type\" content=\"image\/jpeg\" \/>\n<meta name=\"author\" content=\"Radio Ljubu\u0161ki\" \/>\n<meta name=\"twitter:card\" content=\"summary_large_image\" \/>\n<meta name=\"twitter:creator\" content=\"@radioljubuski\" \/>\n<meta name=\"twitter:site\" content=\"@radioljubuski\" \/>\n<meta name=\"twitter:label1\" content=\"Napisao\/la\" \/>\n\t<meta name=\"twitter:data1\" content=\"Radio Ljubu\u0161ki\" \/>\n\t<meta name=\"twitter:label2\" content=\"Procijenjeno vrijeme \u010ditanja\" \/>\n\t<meta name=\"twitter:data2\" content=\"2 minute\" \/>\n<script type=\"application\/ld+json\" class=\"yoast-schema-graph\">{\"@context\":\"https:\\\/\\\/schema.org\",\"@graph\":[{\"@type\":\"Article\",\"@id\":\"https:\\\/\\\/radioljubuski.ba\\\/index.php\\\/2021\\\/02\\\/25\\\/stvara-se-rukometni-dream-team\\\/#article\",\"isPartOf\":{\"@id\":\"https:\\\/\\\/radioljubuski.ba\\\/index.php\\\/2021\\\/02\\\/25\\\/stvara-se-rukometni-dream-team\\\/\"},\"author\":{\"name\":\"Radio Ljubu\u0161ki\",\"@id\":\"https:\\\/\\\/radioljubuski.ba\\\/#\\\/schema\\\/person\\\/19fc700381a780f69665d7956c469e3b\"},\"headline\":\"Stvara se rukometni Dream Team\",\"datePublished\":\"2021-02-25T10:59:24+00:00\",\"dateModified\":\"2021-02-25T10:59:25+00:00\",\"mainEntityOfPage\":{\"@id\":\"https:\\\/\\\/radioljubuski.ba\\\/index.php\\\/2021\\\/02\\\/25\\\/stvara-se-rukometni-dream-team\\\/\"},\"wordCount\":346,\"publisher\":{\"@id\":\"https:\\\/\\\/radioljubuski.ba\\\/#organization\"},\"image\":{\"@id\":\"https:\\\/\\\/radioljubuski.ba\\\/index.php\\\/2021\\\/02\\\/25\\\/stvara-se-rukometni-dream-team\\\/#primaryimage\"},\"thumbnailUrl\":\"https:\\\/\\\/radioljubuski.ba\\\/wp-content\\\/uploads\\\/2021\\\/02\\\/jPJMwb3K_alborg_475_316_85_s_c1.jpg\",\"articleSection\":[\"BIH i regija\"],\"inLanguage\":\"hr\"},{\"@type\":\"WebPage\",\"@id\":\"https:\\\/\\\/radioljubuski.ba\\\/index.php\\\/2021\\\/02\\\/25\\\/stvara-se-rukometni-dream-team\\\/\",\"url\":\"https:\\\/\\\/radioljubuski.ba\\\/index.php\\\/2021\\\/02\\\/25\\\/stvara-se-rukometni-dream-team\\\/\",\"name\":\"Stvara se rukometni Dream Team - RADIO LJUBU\u0160KI\",\"isPartOf\":{\"@id\":\"https:\\\/\\\/radioljubuski.ba\\\/#website\"},\"primaryImageOfPage\":{\"@id\":\"https:\\\/\\\/radioljubuski.ba\\\/index.php\\\/2021\\\/02\\\/25\\\/stvara-se-rukometni-dream-team\\\/#primaryimage\"},\"image\":{\"@id\":\"https:\\\/\\\/radioljubuski.ba\\\/index.php\\\/2021\\\/02\\\/25\\\/stvara-se-rukometni-dream-team\\\/#primaryimage\"},\"thumbnailUrl\":\"https:\\\/\\\/radioljubuski.ba\\\/wp-content\\\/uploads\\\/2021\\\/02\\\/jPJMwb3K_alborg_475_316_85_s_c1.jpg\",\"datePublished\":\"2021-02-25T10:59:24+00:00\",\"dateModified\":\"2021-02-25T10:59:25+00:00\",\"breadcrumb\":{\"@id\":\"https:\\\/\\\/radioljubuski.ba\\\/index.php\\\/2021\\\/02\\\/25\\\/stvara-se-rukometni-dream-team\\\/#breadcrumb\"},\"inLanguage\":\"hr\",\"potentialAction\":[{\"@type\":\"ReadAction\",\"target\":[\"https:\\\/\\\/radioljubuski.ba\\\/index.php\\\/2021\\\/02\\\/25\\\/stvara-se-rukometni-dream-team\\\/\"]}]},{\"@type\":\"ImageObject\",\"inLanguage\":\"hr\",\"@id\":\"https:\\\/\\\/radioljubuski.ba\\\/index.php\\\/2021\\\/02\\\/25\\\/stvara-se-rukometni-dream-team\\\/#primaryimage\",\"url\":\"https:\\\/\\\/radioljubuski.ba\\\/wp-content\\\/uploads\\\/2021\\\/02\\\/jPJMwb3K_alborg_475_316_85_s_c1.jpg\",\"contentUrl\":\"https:\\\/\\\/radioljubuski.ba\\\/wp-content\\\/uploads\\\/2021\\\/02\\\/jPJMwb3K_alborg_475_316_85_s_c1.jpg\",\"width\":475,\"height\":316},{\"@type\":\"BreadcrumbList\",\"@id\":\"https:\\\/\\\/radioljubuski.ba\\\/index.php\\\/2021\\\/02\\\/25\\\/stvara-se-rukometni-dream-team\\\/#breadcrumb\",\"itemListElement\":[{\"@type\":\"ListItem\",\"position\":1,\"name\":\"Po\u010detna stranica\",\"item\":\"https:\\\/\\\/radioljubuski.ba\\\/\"},{\"@type\":\"ListItem\",\"position\":2,\"name\":\"Stvara se rukometni Dream Team\"}]},{\"@type\":\"WebSite\",\"@id\":\"https:\\\/\\\/radioljubuski.ba\\\/#website\",\"url\":\"https:\\\/\\\/radioljubuski.ba\\\/\",\"name\":\"Radio Ljubu\u0161ki\",\"description\":\"Sun\u010dana frekvencija Hercegovine\",\"publisher\":{\"@id\":\"https:\\\/\\\/radioljubuski.ba\\\/#organization\"},\"potentialAction\":[{\"@type\":\"SearchAction\",\"target\":{\"@type\":\"EntryPoint\",\"urlTemplate\":\"https:\\\/\\\/radioljubuski.ba\\\/?s={search_term_string}\"},\"query-input\":{\"@type\":\"PropertyValueSpecification\",\"valueRequired\":true,\"valueName\":\"search_term_string\"}}],\"inLanguage\":\"hr\"},{\"@type\":\"Organization\",\"@id\":\"https:\\\/\\\/radioljubuski.ba\\\/#organization\",\"name\":\"Radio Ljubu\u0161ki\",\"url\":\"https:\\\/\\\/radioljubuski.ba\\\/\",\"logo\":{\"@type\":\"ImageObject\",\"inLanguage\":\"hr\",\"@id\":\"https:\\\/\\\/radioljubuski.ba\\\/#\\\/schema\\\/logo\\\/image\\\/\",\"url\":\"https:\\\/\\\/radioljubuski.ba\\\/wp-content\\\/uploads\\\/2021\\\/02\\\/cropped-Radio_Ljubuski_logo1.jpg\",\"contentUrl\":\"https:\\\/\\\/radioljubuski.ba\\\/wp-content\\\/uploads\\\/2021\\\/02\\\/cropped-Radio_Ljubuski_logo1.jpg\",\"width\":512,\"height\":512,\"caption\":\"Radio Ljubu\u0161ki\"},\"image\":{\"@id\":\"https:\\\/\\\/radioljubuski.ba\\\/#\\\/schema\\\/logo\\\/image\\\/\"},\"sameAs\":[\"https:\\\/\\\/www.facebook.com\\\/Radiio-Ljubuski-1490835324566332\",\"https:\\\/\\\/x.com\\\/radioljubuski\",\"https:\\\/\\\/hr.linkedin.com\\\/company\\\/radio-ljubuski\",\"https:\\\/\\\/www.youtube.com\\\/channel\\\/UCHYaeO_n0Db3tjNGudGpXyw\"]},{\"@type\":\"Person\",\"@id\":\"https:\\\/\\\/radioljubuski.ba\\\/#\\\/schema\\\/person\\\/19fc700381a780f69665d7956c469e3b\",\"name\":\"Radio Ljubu\u0161ki\"}]}<\/script>\n<!-- \/ Yoast SEO plugin. -->","yoast_head_json":{"title":"Stvara se rukometni Dream Team - RADIO LJUBU\u0160KI","robots":{"index":"index","follow":"follow","max-snippet":"max-snippet:-1","max-image-preview":"max-image-preview:large","max-video-preview":"max-video-preview:-1"},"canonical":"https:\/\/radioljubuski.ba\/index.php\/2021\/02\/25\/stvara-se-rukometni-dream-team\/","og_locale":"hr_HR","og_type":"article","og_title":"Stvara se rukometni Dream Team - RADIO LJUBU\u0160KI","og_description":"Danska rukometna reprezentacija apsolutni je vladar svjetskog rukometa proteklih godina. Aktualni olimpijski pobjednici u Egiptu su ovog sije\u010dnja do\u0161li i do drugog uzastopnog naslova prvaka svijeta, a nakon \u0161to su na reprezentativnoj razini poharali konkurenciju, Danci \u0107e to isto poku\u0161ati napraviti i na klupskoj. Preciznije re\u010deno, njihov prvak Aalborg gradi fenomenalnu mom\u010dad koju \u0107emo, kad [&hellip;]","og_url":"https:\/\/radioljubuski.ba\/index.php\/2021\/02\/25\/stvara-se-rukometni-dream-team\/","og_site_name":"RADIO LJUBU\u0160KI","article_publisher":"https:\/\/www.facebook.com\/Radiio-Ljubuski-1490835324566332","article_published_time":"2021-02-25T10:59:24+00:00","article_modified_time":"2021-02-25T10:59:25+00:00","og_image":[{"width":475,"height":316,"url":"https:\/\/radioljubuski.ba\/wp-content\/uploads\/2021\/02\/jPJMwb3K_alborg_475_316_85_s_c1.jpg","type":"image\/jpeg"}],"author":"Radio Ljubu\u0161ki","twitter_card":"summary_large_image","twitter_creator":"@radioljubuski","twitter_site":"@radioljubuski","twitter_misc":{"Napisao\/la":"Radio Ljubu\u0161ki","Procijenjeno vrijeme \u010ditanja":"2 minute"},"schema":{"@context":"https:\/\/schema.org","@graph":[{"@type":"Article","@id":"https:\/\/radioljubuski.ba\/index.php\/2021\/02\/25\/stvara-se-rukometni-dream-team\/#article","isPartOf":{"@id":"https:\/\/radioljubuski.ba\/index.php\/2021\/02\/25\/stvara-se-rukometni-dream-team\/"},"author":{"name":"Radio Ljubu\u0161ki","@id":"https:\/\/radioljubuski.ba\/#\/schema\/person\/19fc700381a780f69665d7956c469e3b"},"headline":"Stvara se rukometni Dream Team","datePublished":"2021-02-25T10:59:24+00:00","dateModified":"2021-02-25T10:59:25+00:00","mainEntityOfPage":{"@id":"https:\/\/radioljubuski.ba\/index.php\/2021\/02\/25\/stvara-se-rukometni-dream-team\/"},"wordCount":346,"publisher":{"@id":"https:\/\/radioljubuski.ba\/#organization"},"image":{"@id":"https:\/\/radioljubuski.ba\/index.php\/2021\/02\/25\/stvara-se-rukometni-dream-team\/#primaryimage"},"thumbnailUrl":"https:\/\/radioljubuski.ba\/wp-content\/uploads\/2021\/02\/jPJMwb3K_alborg_475_316_85_s_c1.jpg","articleSection":["BIH i regija"],"inLanguage":"hr"},{"@type":"WebPage","@id":"https:\/\/radioljubuski.ba\/index.php\/2021\/02\/25\/stvara-se-rukometni-dream-team\/","url":"https:\/\/radioljubuski.ba\/index.php\/2021\/02\/25\/stvara-se-rukometni-dream-team\/","name":"Stvara se rukometni Dream Team - RADIO LJUBU\u0160KI","isPartOf":{"@id":"https:\/\/radioljubuski.ba\/#website"},"primaryImageOfPage":{"@id":"https:\/\/radioljubuski.ba\/index.php\/2021\/02\/25\/stvara-se-rukometni-dream-team\/#primaryimage"},"image":{"@id":"https:\/\/radioljubuski.ba\/index.php\/2021\/02\/25\/stvara-se-rukometni-dream-team\/#primaryimage"},"thumbnailUrl":"https:\/\/radioljubuski.ba\/wp-content\/uploads\/2021\/02\/jPJMwb3K_alborg_475_316_85_s_c1.jpg","datePublished":"2021-02-25T10:59:24+00:00","dateModified":"2021-02-25T10:59:25+00:00","breadcrumb":{"@id":"https:\/\/radioljubuski.ba\/index.php\/2021\/02\/25\/stvara-se-rukometni-dream-team\/#breadcrumb"},"inLanguage":"hr","potentialAction":[{"@type":"ReadAction","target":["https:\/\/radioljubuski.ba\/index.php\/2021\/02\/25\/stvara-se-rukometni-dream-team\/"]}]},{"@type":"ImageObject","inLanguage":"hr","@id":"https:\/\/radioljubuski.ba\/index.php\/2021\/02\/25\/stvara-se-rukometni-dream-team\/#primaryimage","url":"https:\/\/radioljubuski.ba\/wp-content\/uploads\/2021\/02\/jPJMwb3K_alborg_475_316_85_s_c1.jpg","contentUrl":"https:\/\/radioljubuski.ba\/wp-content\/uploads\/2021\/02\/jPJMwb3K_alborg_475_316_85_s_c1.jpg","width":475,"height":316},{"@type":"BreadcrumbList","@id":"https:\/\/radioljubuski.ba\/index.php\/2021\/02\/25\/stvara-se-rukometni-dream-team\/#breadcrumb","itemListElement":[{"@type":"ListItem","position":1,"name":"Po\u010detna stranica","item":"https:\/\/radioljubuski.ba\/"},{"@type":"ListItem","position":2,"name":"Stvara se rukometni Dream Team"}]},{"@type":"WebSite","@id":"https:\/\/radioljubuski.ba\/#website","url":"https:\/\/radioljubuski.ba\/","name":"Radio Ljubu\u0161ki","description":"Sun\u010dana frekvencija Hercegovine","publisher":{"@id":"https:\/\/radioljubuski.ba\/#organization"},"potentialAction":[{"@type":"SearchAction","target":{"@type":"EntryPoint","urlTemplate":"https:\/\/radioljubuski.ba\/?s={search_term_string}"},"query-input":{"@type":"PropertyValueSpecification","valueRequired":true,"valueName":"search_term_string"}}],"inLanguage":"hr"},{"@type":"Organization","@id":"https:\/\/radioljubuski.ba\/#organization","name":"Radio Ljubu\u0161ki","url":"https:\/\/radioljubuski.ba\/","logo":{"@type":"ImageObject","inLanguage":"hr","@id":"https:\/\/radioljubuski.ba\/#\/schema\/logo\/image\/","url":"https:\/\/radioljubuski.ba\/wp-content\/uploads\/2021\/02\/cropped-Radio_Ljubuski_logo1.jpg","contentUrl":"https:\/\/radioljubuski.ba\/wp-content\/uploads\/2021\/02\/cropped-Radio_Ljubuski_logo1.jpg","width":512,"height":512,"caption":"Radio Ljubu\u0161ki"},"image":{"@id":"https:\/\/radioljubuski.ba\/#\/schema\/logo\/image\/"},"sameAs":["https:\/\/www.facebook.com\/Radiio-Ljubuski-1490835324566332","https:\/\/x.com\/radioljubuski","https:\/\/hr.linkedin.com\/company\/radio-ljubuski","https:\/\/www.youtube.com\/channel\/UCHYaeO_n0Db3tjNGudGpXyw"]},{"@type":"Person","@id":"https:\/\/radioljubuski.ba\/#\/schema\/person\/19fc700381a780f69665d7956c469e3b","name":"Radio Ljubu\u0161ki"}]}},"_links":{"self":[{"href":"https:\/\/radioljubuski.ba\/index.php\/wp-json\/wp\/v2\/posts\/270","targetHints":{"allow":["GET"]}}],"collection":[{"href":"https:\/\/radioljubuski.ba\/index.php\/wp-json\/wp\/v2\/posts"}],"about":[{"href":"https:\/\/radioljubuski.ba\/index.php\/wp-json\/wp\/v2\/types\/post"}],"author":[{"embeddable":true,"href":"https:\/\/radioljubuski.ba\/index.php\/wp-json\/wp\/v2\/users\/2"}],"replies":[{"embeddable":true,"href":"https:\/\/radioljubuski.ba\/index.php\/wp-json\/wp\/v2\/comments?post=270"}],"version-history":[{"count":1,"href":"https:\/\/radioljubuski.ba\/index.php\/wp-json\/wp\/v2\/posts\/270\/revisions"}],"predecessor-version":[{"id":272,"href":"https:\/\/radioljubuski.ba\/index.php\/wp-json\/wp\/v2\/posts\/270\/revisions\/272"}],"wp:featuredmedia":[{"embeddable":true,"href":"https:\/\/radioljubuski.ba\/index.php\/wp-json\/wp\/v2\/media\/271"}],"wp:attachment":[{"href":"https:\/\/radioljubuski.ba\/index.php\/wp-json\/wp\/v2\/media?parent=270"}],"wp:term":[{"taxonomy":"category","embeddable":true,"href":"https:\/\/radioljubuski.ba\/index.php\/wp-json\/wp\/v2\/categories?post=270"},{"taxonomy":"post_tag","embeddable":true,"href":"https:\/\/radioljubuski.ba\/index.php\/wp-json\/wp\/v2\/tags?post=270"}],"curies":[{"name":"wp","href":"https:\/\/api.w.org\/{rel}","templated":true}]}}