{"id":27005,"date":"2021-05-31T13:57:17","date_gmt":"2021-05-31T12:57:17","guid":{"rendered":"https:\/\/radioljubuski.ba\/?p=27005"},"modified":"2021-05-31T13:57:18","modified_gmt":"2021-05-31T12:57:18","slug":"hsk-zrinjski-putuj-europo","status":"publish","type":"post","link":"https:\/\/radioljubuski.ba\/index.php\/2021\/05\/31\/hsk-zrinjski-putuj-europo\/","title":{"rendered":"H\u0160K Zrinjski: Putuj Europo!"},"content":{"rendered":"\n<p>Pale su zavjese na jo\u0161 jednu sezonu bh. Premijer lige, nesvakida\u0161nju po mnogo\u010demu. Otu\u017ena i do sami kraj potpuno li\u0161ena gledatelja, ova sezona nam je ipak ponudila velika iznena\u0111enja ali i neizostavni cirkus koji su nam opet priredili suci omiljene nam lige. Ipak, FK Sarajevo, koje je na polusezoni bje\u017ealo 13 bodova novom prvaku Borcu ipak je najzaslu\u017enije \u0161to nije podiglo tre\u0107i uzastopni pehar namijenjen prvaku Bosne i Hercegovine.<\/p>\n\n\n\n<p>Bordo tim je na pauzi prodao Benjamina Tatara i Amara Radmanovi\u0107a koji su direktno ili indirektno u\u010destvovali u skoro svim golovima Sarajlija u prvom dijelu, dok njihove zamjene nisu bile ni blizu njihovih prethodnika te su u klubu s Ko\u0161eva, ispostavilo se, znala\u010dki sami sebi &#8216;pucali u nogu&#8217;.<\/p>\n\n\n\n<p>Ono \u0161to se pak u drugom sarajevskom divu, \u017deljezni\u010daru, doga\u0111alo, spada u domene Vidovite D\u017eemile ili Babe Vange, no tim koji je na zimsku pauzu oti\u0161ao kao drugoplasirani, potpuno se raspao u nastavku, a ni preuzimanje klupe od strane Bake Sli\u0161kovi\u0107a plavima s Grbavice nije donijelo ni\u0161ta dobrog te su sezonu zavr\u0161ili na razo\u010daravaju\u0107em i nikada lo\u0161ijem sedmom mjestu.<\/p>\n\n\n\n<p>S druge strane, novi prvak Borac, znala\u010dki je koristio kikseve konkurencije i ruku na srce, sa svesrdnim suda\u010dkim pogurancem, do\u0161ao do titule na koju je &#8216;Velikan iz Platonove&#8217; \u010dekao 10 godina. No ne treba grije\u0161iti du\u0161u i re\u0107i da je taj &#8216;poguranac&#8217; isklju\u010divi razlog za titulu Banjalu\u010dana. Borac uza sve ima i kvalitet, a to \u0161to je konkurencija rasipala bodove kao pijan dinare, nije bio njihov problem. Oni su uzeli ono \u0161to im je ponu\u0111eno i Banja Luka \u0107e ovo ljeto svoje ljubimce gledati u kvalifikacijama za Ligu prvaka.<\/p>\n\n\n\n<p>Osim Borca i Sarajeva Bosnu i Hercegovinu \u0107e u konfederacijskoj ligi, to\u010dnije kvalifikacijama za istu, predstavljati FK Vele\u017e i NK \u0160iroki Brijeg. Mladi (37. godina) Sarajlija Fe\u0111a Dudi\u0107 najzaslu\u017eniji je za ovaj povijesni rezultat mostarskog Vele\u017ea. Dudi\u0107 nakon 33 godine potpisuje prvi poslijeratni izlazak Ro\u0111enih u europska natjecanja a Vele\u017e je trenutno na 20 utakmica bez poraza, a zadnji su do\u017eivjeli pod Bijelim Brijegom od gradskog rivala Zrinjskog jo\u0161 u listopadu 2020. godine.<\/p>\n\n\n\n<p>Ruku na srce, s limitiranom ekipom posti\u0107i ovakav uspjeh zaslu\u017euje skidanje kape, a i Vele\u017e je jo\u0161 jedan od dokaza da novci nisu presudni za rezultat jer je mostarski tim imao daleko manji prora\u010dun i od dosta timova koji \u0107e Europu gledati na malim ekranima.<\/p>\n\n\n\n<p>U tu pri\u010du se apsolutno uklapa i NK \u0160iroki Brijeg kojem su svima uo\u010di ove sezone prognozirali borbu za ostanak u Premijer ligi ili ga makar nisu vidjeli ovoliko visoko. No, Toni Kara\u010di\u0107 se nije obazirao na prognoze i prognozere te je s mladim nogometa\u0161ima, uglavnom izdancima tamo\u0161nje \u0161kole nogometa, polu\u010dio ogroman uspjeh te \u0107e se na Pecari opet igrati Europa.<\/p>\n\n\n\n<p>A gdje je tu H\u0160K Zrinjski? Najtrofejniji klub od osnutka Premijer lige?<\/p>\n\n\n\n<p>Plemi\u0107i \u0107e, nakon osam uzastopnih sezona u kojima se igrala Europa, ove sezone od iste odmoriti. Turbulentan prvi dio sezone na kraju je sporazumnim raskidom ugovora platio Mladen \u017di\u017eovi\u0107 koji je Plemi\u0107e ostavio na \u0161estom mjestu na ljestvici.<\/p>\n\n\n\n<p>Popularni \u017di\u017ea koji je mostarski klub mnogo zadu\u017eio kao igra\u010d bio je tijekom polusezone bio velika \u017ertva komentara na dru\u0161tvenim mre\u017eama i brzo se stekao dojam da mu navija\u010dka jezgra Zrinjskog nije naklonjena, a svi njegovi oponenti do\u0161li su na svoje na kraju polusezone kada je klub objavio rastanak sa \u017di\u017eovi\u0107em. Na njegovo mjesto zasjelo je zanimljivo trenersko ime, Sergej Jakirovi\u0107, Mostarac ro\u0111enjem, Metkovac odrastanjem.<\/p>\n\n\n\n<p>U svom CV-ju imao je ubilje\u017eeno vo\u0111enje timova Gorice i slovenskog Maribora gdje je imao nekih zapa\u017eenih rezultata. Prva dva kola nastavka Premijer lige bila su dovoljna da Jakirovi\u0107 zaludi navija\u010de Zrinjskog. Prvo je pod Bijelim Brijegom pala Krupa, a potom u velikom derbiju i FK Sarajevo na Ko\u0161evu koje je ve\u0107 tada pokazivalo znake onoga \u0161to je u fini\u0161u sezone rezultiralo potpunim kolapsom bordo tima.<\/p>\n\n\n\n<p>No Zrinjski nije nastavio tim kursom. Ni rezultatski, a ni igrom.<\/p>\n\n\n\n<p>Uvodna dva trijumfa koja su razgalila ma\u0161tu navija\u010da skoro su se rastopila rasipanjem bodova u idu\u0107im kolima. Bilo je tu bolnih poraza, razo\u010daravaju\u0107ih nastupa, a nekako je vi\u0161e od samog rezultata brinula lo\u0161a forma i igra bez igre mostarskog Zrinjskog.<\/p>\n\n\n\n<p>Plemi\u0107i su skupili niz od nekoliko utakmica bez pobjede a hvatanje forme potkraj prvenstva, ispostavilo se, bilo je kasno da se nastavi kontinuitet europskih natjecanja. Mnogi \u0107e krivce tra\u017eiti na razli\u010ditim adresama. Neki u lo\u0161em odabiru poja\u010danja, neki u treneru, neki u nedovoljnom zalaganju igra\u010da i svi \u0107e oni pomalo, na svoj na\u010din, biti u pravu. Da je mo\u017eda liga potrajala jo\u0161 koje kolo, mo\u017eda bi Plemi\u0107i sada razmi\u0161ljali o rezervaciji karata za neki europski grad, no, liga je zavr\u0161ena.<\/p>\n\n\n\n<p>Zrinjski je zavr\u0161io kao petoplasirani i pred nama je ne\u0161to mirnije ljeto pod Bijelim Brijegom u odnosu na ona na koja su nas u Zrinjskom navikli. Pred Sergejom Jakirovi\u0107em je nimalo lak zadatak rekonstrukcije ovog tima, a tu \u0107e mu trebati podr\u0161ka uprave mostarskog diva. Prije svega, bilo bi lijepo i po\u017eeljno kada bi se Sergej okrenuo malo vi\u0161e vlastitom bazenu jer tu kvaliteta jednostavno &#8211; postoji.<\/p>\n\n\n\n<p>Ne mo\u017ee nam nitko re\u0107i da u ovoj sezoni nakon partija koje su pru\u017eali na lijevom beku Beki\u0107 i Ibanez (?) mladi Patrik Bo\u0161njak, kapetan juniorske ekipe Plemi\u0107a nije zaslu\u017eio \u0161ansu pokazati \u0161to zna. Ivan Ba\u0161i\u0107 je sa svojih 19 godina do\u010dekao \u0161ansu, iskoristio je i pokazao da se mo\u017ee, ukoliko se \u0161ansa pru\u017ei. Mladi Posu\u0161ak \u0107e u narednim sezonama sigurno biti jedan od oslonaca mostarskog kluba.<\/p>\n\n\n\n<p>Tu je i mladi i sjajni stoper Bla\u017e Bo\u0161kovi\u0107 koji bi morao biti ozbiljna i ravnopravna konkurencija jednoj od legendi kluba Slobodanu Jakovljevi\u0107u i Marinu Magdi\u0107u. Dru\u0161tvene mre\u017ee a i obi\u010dna kava sa navija\u010dima Zrinjskog otkrit \u0107e da je ve\u0107ini koja voli Plemi\u0107e puna kapa dovo\u0111enja islu\u017eenih i neprovjerenih nogometa\u0161a &#8216;sa strane&#8217; koji nisu nimalo bolji ili su \u010dak lo\u0161iji od onog \u0161to Zrinjski ima u vlastitom omladinskom pogonu. Pored ovog trojca tu je zasigurno jo\u0161 nekoliko ozbiljnih potencijala koji su zaslu\u017eili da im se da \u0161ansa u seniorima.<\/p>\n\n\n\n<p>Primjer \u0160irokog pokazao je da se mo\u017ee. Itekako mo\u017ee. A usporede li se rezultati omladinskih kategorija kluba s Pecare i Plemi\u0107a u posljednjih nekoliko godina, dolazi se do jasnog zaklju\u010dka da bi moralo biti materijala me\u0111u igra\u010dima koji su konstantno u vrhu juniorske pa i kadetske omladinske Premijer lige Bosne i Hercegovine. I da se shvati da klub ne \u010dini samo prvi tim. Klub je dosta vi\u0161e od toga.<\/p>\n\n\n\n<p>Omladinski pogon, navija\u010di, stadion&#8230;ehhh, stadion, ovdje \u0107emo stati da ne zagrebemo i ne prolijemo krvi vi\u0161e nego \u0161to treba. I za kraj spomenuti neuni\u0161tivog Nemanju Bilbiju.<\/p>\n\n\n\n<p>Sa 17 pogodaka ligu je zavr\u0161io kao najbolji strijelac i nakon toliko sezona opet bio daleko najboljim igra\u010dem Zrinjskog. Nadamo se da \u0107e Nemanja povesti neki novi H\u0160K Zrinjski u narednu sezonu i vratiti ovaj klub gdje on objektivno i pripada.&nbsp;<\/p>\n\n\n\n<p>Izvor:pogled.ba<\/p>\n","protected":false},"excerpt":{"rendered":"<p>Pale su zavjese na jo\u0161 jednu sezonu bh. Premijer lige, nesvakida\u0161nju po mnogo\u010demu. Otu\u017ena i do sami kraj potpuno li\u0161ena gledatelja, ova sezona nam je ipak ponudila velika iznena\u0111enja ali i neizostavni cirkus koji su nam opet priredili suci omiljene nam lige. Ipak, FK Sarajevo, koje je na polusezoni bje\u017ealo 13 bodova novom prvaku Borcu [&hellip;]<\/p>\n","protected":false},"author":2,"featured_media":27007,"comment_status":"closed","ping_status":"closed","sticky":false,"template":"","format":"standard","meta":{"h5ap_radio_sources":[],"footnotes":""},"categories":[1],"tags":[],"class_list":["post-27005","post","type-post","status-publish","format-standard","has-post-thumbnail","hentry","category-bihiregija"],"yoast_head":"<!-- This site is optimized with the Yoast SEO plugin v27.5 - https:\/\/yoast.com\/product\/yoast-seo-wordpress\/ -->\n<title>H\u0160K Zrinjski: Putuj Europo! - RADIO LJUBU\u0160KI<\/title>\n<meta name=\"robots\" content=\"index, follow, max-snippet:-1, max-image-preview:large, max-video-preview:-1\" \/>\n<link rel=\"canonical\" href=\"https:\/\/radioljubuski.ba\/index.php\/2021\/05\/31\/hsk-zrinjski-putuj-europo\/\" \/>\n<meta property=\"og:locale\" content=\"hr_HR\" \/>\n<meta property=\"og:type\" content=\"article\" \/>\n<meta property=\"og:title\" content=\"H\u0160K Zrinjski: Putuj Europo! - RADIO LJUBU\u0160KI\" \/>\n<meta property=\"og:description\" content=\"Pale su zavjese na jo\u0161 jednu sezonu bh. Premijer lige, nesvakida\u0161nju po mnogo\u010demu. Otu\u017ena i do sami kraj potpuno li\u0161ena gledatelja, ova sezona nam je ipak ponudila velika iznena\u0111enja ali i neizostavni cirkus koji su nam opet priredili suci omiljene nam lige. Ipak, FK Sarajevo, koje je na polusezoni bje\u017ealo 13 bodova novom prvaku Borcu [&hellip;]\" \/>\n<meta property=\"og:url\" content=\"https:\/\/radioljubuski.ba\/index.php\/2021\/05\/31\/hsk-zrinjski-putuj-europo\/\" \/>\n<meta property=\"og:site_name\" content=\"RADIO LJUBU\u0160KI\" \/>\n<meta property=\"article:publisher\" content=\"https:\/\/www.facebook.com\/Radiio-Ljubuski-1490835324566332\" \/>\n<meta property=\"article:published_time\" content=\"2021-05-31T12:57:17+00:00\" \/>\n<meta property=\"article:modified_time\" content=\"2021-05-31T12:57:18+00:00\" \/>\n<meta property=\"og:image\" content=\"https:\/\/radioljubuski.ba\/wp-content\/uploads\/2021\/05\/2-2021-05-31-12-39-11-m_IMG_6594.jpg\" \/>\n\t<meta property=\"og:image:width\" content=\"1000\" \/>\n\t<meta property=\"og:image:height\" content=\"625\" \/>\n\t<meta property=\"og:image:type\" content=\"image\/jpeg\" \/>\n<meta name=\"author\" content=\"Radio Ljubu\u0161ki\" \/>\n<meta name=\"twitter:card\" content=\"summary_large_image\" \/>\n<meta name=\"twitter:creator\" content=\"@radioljubuski\" \/>\n<meta name=\"twitter:site\" content=\"@radioljubuski\" \/>\n<meta name=\"twitter:label1\" content=\"Napisao\/la\" \/>\n\t<meta name=\"twitter:data1\" content=\"Radio Ljubu\u0161ki\" \/>\n\t<meta name=\"twitter:label2\" content=\"Procijenjeno vrijeme \u010ditanja\" \/>\n\t<meta name=\"twitter:data2\" content=\"5 minuta\" \/>\n<script type=\"application\/ld+json\" class=\"yoast-schema-graph\">{\"@context\":\"https:\\\/\\\/schema.org\",\"@graph\":[{\"@type\":\"Article\",\"@id\":\"https:\\\/\\\/radioljubuski.ba\\\/index.php\\\/2021\\\/05\\\/31\\\/hsk-zrinjski-putuj-europo\\\/#article\",\"isPartOf\":{\"@id\":\"https:\\\/\\\/radioljubuski.ba\\\/index.php\\\/2021\\\/05\\\/31\\\/hsk-zrinjski-putuj-europo\\\/\"},\"author\":{\"name\":\"Radio Ljubu\u0161ki\",\"@id\":\"https:\\\/\\\/radioljubuski.ba\\\/#\\\/schema\\\/person\\\/19fc700381a780f69665d7956c469e3b\"},\"headline\":\"H\u0160K Zrinjski: Putuj Europo!\",\"datePublished\":\"2021-05-31T12:57:17+00:00\",\"dateModified\":\"2021-05-31T12:57:18+00:00\",\"mainEntityOfPage\":{\"@id\":\"https:\\\/\\\/radioljubuski.ba\\\/index.php\\\/2021\\\/05\\\/31\\\/hsk-zrinjski-putuj-europo\\\/\"},\"wordCount\":1245,\"publisher\":{\"@id\":\"https:\\\/\\\/radioljubuski.ba\\\/#organization\"},\"image\":{\"@id\":\"https:\\\/\\\/radioljubuski.ba\\\/index.php\\\/2021\\\/05\\\/31\\\/hsk-zrinjski-putuj-europo\\\/#primaryimage\"},\"thumbnailUrl\":\"https:\\\/\\\/radioljubuski.ba\\\/wp-content\\\/uploads\\\/2021\\\/05\\\/2-2021-05-31-12-39-11-m_IMG_6594.jpg\",\"articleSection\":[\"BIH i regija\"],\"inLanguage\":\"hr\"},{\"@type\":\"WebPage\",\"@id\":\"https:\\\/\\\/radioljubuski.ba\\\/index.php\\\/2021\\\/05\\\/31\\\/hsk-zrinjski-putuj-europo\\\/\",\"url\":\"https:\\\/\\\/radioljubuski.ba\\\/index.php\\\/2021\\\/05\\\/31\\\/hsk-zrinjski-putuj-europo\\\/\",\"name\":\"H\u0160K Zrinjski: Putuj Europo! - RADIO LJUBU\u0160KI\",\"isPartOf\":{\"@id\":\"https:\\\/\\\/radioljubuski.ba\\\/#website\"},\"primaryImageOfPage\":{\"@id\":\"https:\\\/\\\/radioljubuski.ba\\\/index.php\\\/2021\\\/05\\\/31\\\/hsk-zrinjski-putuj-europo\\\/#primaryimage\"},\"image\":{\"@id\":\"https:\\\/\\\/radioljubuski.ba\\\/index.php\\\/2021\\\/05\\\/31\\\/hsk-zrinjski-putuj-europo\\\/#primaryimage\"},\"thumbnailUrl\":\"https:\\\/\\\/radioljubuski.ba\\\/wp-content\\\/uploads\\\/2021\\\/05\\\/2-2021-05-31-12-39-11-m_IMG_6594.jpg\",\"datePublished\":\"2021-05-31T12:57:17+00:00\",\"dateModified\":\"2021-05-31T12:57:18+00:00\",\"breadcrumb\":{\"@id\":\"https:\\\/\\\/radioljubuski.ba\\\/index.php\\\/2021\\\/05\\\/31\\\/hsk-zrinjski-putuj-europo\\\/#breadcrumb\"},\"inLanguage\":\"hr\",\"potentialAction\":[{\"@type\":\"ReadAction\",\"target\":[\"https:\\\/\\\/radioljubuski.ba\\\/index.php\\\/2021\\\/05\\\/31\\\/hsk-zrinjski-putuj-europo\\\/\"]}]},{\"@type\":\"ImageObject\",\"inLanguage\":\"hr\",\"@id\":\"https:\\\/\\\/radioljubuski.ba\\\/index.php\\\/2021\\\/05\\\/31\\\/hsk-zrinjski-putuj-europo\\\/#primaryimage\",\"url\":\"https:\\\/\\\/radioljubuski.ba\\\/wp-content\\\/uploads\\\/2021\\\/05\\\/2-2021-05-31-12-39-11-m_IMG_6594.jpg\",\"contentUrl\":\"https:\\\/\\\/radioljubuski.ba\\\/wp-content\\\/uploads\\\/2021\\\/05\\\/2-2021-05-31-12-39-11-m_IMG_6594.jpg\",\"width\":1000,\"height\":625},{\"@type\":\"BreadcrumbList\",\"@id\":\"https:\\\/\\\/radioljubuski.ba\\\/index.php\\\/2021\\\/05\\\/31\\\/hsk-zrinjski-putuj-europo\\\/#breadcrumb\",\"itemListElement\":[{\"@type\":\"ListItem\",\"position\":1,\"name\":\"Po\u010detna stranica\",\"item\":\"https:\\\/\\\/radioljubuski.ba\\\/\"},{\"@type\":\"ListItem\",\"position\":2,\"name\":\"H\u0160K Zrinjski: Putuj Europo!\"}]},{\"@type\":\"WebSite\",\"@id\":\"https:\\\/\\\/radioljubuski.ba\\\/#website\",\"url\":\"https:\\\/\\\/radioljubuski.ba\\\/\",\"name\":\"Radio Ljubu\u0161ki\",\"description\":\"Sun\u010dana frekvencija Hercegovine\",\"publisher\":{\"@id\":\"https:\\\/\\\/radioljubuski.ba\\\/#organization\"},\"potentialAction\":[{\"@type\":\"SearchAction\",\"target\":{\"@type\":\"EntryPoint\",\"urlTemplate\":\"https:\\\/\\\/radioljubuski.ba\\\/?s={search_term_string}\"},\"query-input\":{\"@type\":\"PropertyValueSpecification\",\"valueRequired\":true,\"valueName\":\"search_term_string\"}}],\"inLanguage\":\"hr\"},{\"@type\":\"Organization\",\"@id\":\"https:\\\/\\\/radioljubuski.ba\\\/#organization\",\"name\":\"Radio Ljubu\u0161ki\",\"url\":\"https:\\\/\\\/radioljubuski.ba\\\/\",\"logo\":{\"@type\":\"ImageObject\",\"inLanguage\":\"hr\",\"@id\":\"https:\\\/\\\/radioljubuski.ba\\\/#\\\/schema\\\/logo\\\/image\\\/\",\"url\":\"https:\\\/\\\/radioljubuski.ba\\\/wp-content\\\/uploads\\\/2021\\\/02\\\/cropped-Radio_Ljubuski_logo1.jpg\",\"contentUrl\":\"https:\\\/\\\/radioljubuski.ba\\\/wp-content\\\/uploads\\\/2021\\\/02\\\/cropped-Radio_Ljubuski_logo1.jpg\",\"width\":512,\"height\":512,\"caption\":\"Radio Ljubu\u0161ki\"},\"image\":{\"@id\":\"https:\\\/\\\/radioljubuski.ba\\\/#\\\/schema\\\/logo\\\/image\\\/\"},\"sameAs\":[\"https:\\\/\\\/www.facebook.com\\\/Radiio-Ljubuski-1490835324566332\",\"https:\\\/\\\/x.com\\\/radioljubuski\",\"https:\\\/\\\/hr.linkedin.com\\\/company\\\/radio-ljubuski\",\"https:\\\/\\\/www.youtube.com\\\/channel\\\/UCHYaeO_n0Db3tjNGudGpXyw\"]},{\"@type\":\"Person\",\"@id\":\"https:\\\/\\\/radioljubuski.ba\\\/#\\\/schema\\\/person\\\/19fc700381a780f69665d7956c469e3b\",\"name\":\"Radio Ljubu\u0161ki\"}]}<\/script>\n<!-- \/ Yoast SEO plugin. -->","yoast_head_json":{"title":"H\u0160K Zrinjski: Putuj Europo! - RADIO LJUBU\u0160KI","robots":{"index":"index","follow":"follow","max-snippet":"max-snippet:-1","max-image-preview":"max-image-preview:large","max-video-preview":"max-video-preview:-1"},"canonical":"https:\/\/radioljubuski.ba\/index.php\/2021\/05\/31\/hsk-zrinjski-putuj-europo\/","og_locale":"hr_HR","og_type":"article","og_title":"H\u0160K Zrinjski: Putuj Europo! - RADIO LJUBU\u0160KI","og_description":"Pale su zavjese na jo\u0161 jednu sezonu bh. Premijer lige, nesvakida\u0161nju po mnogo\u010demu. Otu\u017ena i do sami kraj potpuno li\u0161ena gledatelja, ova sezona nam je ipak ponudila velika iznena\u0111enja ali i neizostavni cirkus koji su nam opet priredili suci omiljene nam lige. Ipak, FK Sarajevo, koje je na polusezoni bje\u017ealo 13 bodova novom prvaku Borcu [&hellip;]","og_url":"https:\/\/radioljubuski.ba\/index.php\/2021\/05\/31\/hsk-zrinjski-putuj-europo\/","og_site_name":"RADIO LJUBU\u0160KI","article_publisher":"https:\/\/www.facebook.com\/Radiio-Ljubuski-1490835324566332","article_published_time":"2021-05-31T12:57:17+00:00","article_modified_time":"2021-05-31T12:57:18+00:00","og_image":[{"width":1000,"height":625,"url":"https:\/\/radioljubuski.ba\/wp-content\/uploads\/2021\/05\/2-2021-05-31-12-39-11-m_IMG_6594.jpg","type":"image\/jpeg"}],"author":"Radio Ljubu\u0161ki","twitter_card":"summary_large_image","twitter_creator":"@radioljubuski","twitter_site":"@radioljubuski","twitter_misc":{"Napisao\/la":"Radio Ljubu\u0161ki","Procijenjeno vrijeme \u010ditanja":"5 minuta"},"schema":{"@context":"https:\/\/schema.org","@graph":[{"@type":"Article","@id":"https:\/\/radioljubuski.ba\/index.php\/2021\/05\/31\/hsk-zrinjski-putuj-europo\/#article","isPartOf":{"@id":"https:\/\/radioljubuski.ba\/index.php\/2021\/05\/31\/hsk-zrinjski-putuj-europo\/"},"author":{"name":"Radio Ljubu\u0161ki","@id":"https:\/\/radioljubuski.ba\/#\/schema\/person\/19fc700381a780f69665d7956c469e3b"},"headline":"H\u0160K Zrinjski: Putuj Europo!","datePublished":"2021-05-31T12:57:17+00:00","dateModified":"2021-05-31T12:57:18+00:00","mainEntityOfPage":{"@id":"https:\/\/radioljubuski.ba\/index.php\/2021\/05\/31\/hsk-zrinjski-putuj-europo\/"},"wordCount":1245,"publisher":{"@id":"https:\/\/radioljubuski.ba\/#organization"},"image":{"@id":"https:\/\/radioljubuski.ba\/index.php\/2021\/05\/31\/hsk-zrinjski-putuj-europo\/#primaryimage"},"thumbnailUrl":"https:\/\/radioljubuski.ba\/wp-content\/uploads\/2021\/05\/2-2021-05-31-12-39-11-m_IMG_6594.jpg","articleSection":["BIH i regija"],"inLanguage":"hr"},{"@type":"WebPage","@id":"https:\/\/radioljubuski.ba\/index.php\/2021\/05\/31\/hsk-zrinjski-putuj-europo\/","url":"https:\/\/radioljubuski.ba\/index.php\/2021\/05\/31\/hsk-zrinjski-putuj-europo\/","name":"H\u0160K Zrinjski: Putuj Europo! - RADIO LJUBU\u0160KI","isPartOf":{"@id":"https:\/\/radioljubuski.ba\/#website"},"primaryImageOfPage":{"@id":"https:\/\/radioljubuski.ba\/index.php\/2021\/05\/31\/hsk-zrinjski-putuj-europo\/#primaryimage"},"image":{"@id":"https:\/\/radioljubuski.ba\/index.php\/2021\/05\/31\/hsk-zrinjski-putuj-europo\/#primaryimage"},"thumbnailUrl":"https:\/\/radioljubuski.ba\/wp-content\/uploads\/2021\/05\/2-2021-05-31-12-39-11-m_IMG_6594.jpg","datePublished":"2021-05-31T12:57:17+00:00","dateModified":"2021-05-31T12:57:18+00:00","breadcrumb":{"@id":"https:\/\/radioljubuski.ba\/index.php\/2021\/05\/31\/hsk-zrinjski-putuj-europo\/#breadcrumb"},"inLanguage":"hr","potentialAction":[{"@type":"ReadAction","target":["https:\/\/radioljubuski.ba\/index.php\/2021\/05\/31\/hsk-zrinjski-putuj-europo\/"]}]},{"@type":"ImageObject","inLanguage":"hr","@id":"https:\/\/radioljubuski.ba\/index.php\/2021\/05\/31\/hsk-zrinjski-putuj-europo\/#primaryimage","url":"https:\/\/radioljubuski.ba\/wp-content\/uploads\/2021\/05\/2-2021-05-31-12-39-11-m_IMG_6594.jpg","contentUrl":"https:\/\/radioljubuski.ba\/wp-content\/uploads\/2021\/05\/2-2021-05-31-12-39-11-m_IMG_6594.jpg","width":1000,"height":625},{"@type":"BreadcrumbList","@id":"https:\/\/radioljubuski.ba\/index.php\/2021\/05\/31\/hsk-zrinjski-putuj-europo\/#breadcrumb","itemListElement":[{"@type":"ListItem","position":1,"name":"Po\u010detna stranica","item":"https:\/\/radioljubuski.ba\/"},{"@type":"ListItem","position":2,"name":"H\u0160K Zrinjski: Putuj Europo!"}]},{"@type":"WebSite","@id":"https:\/\/radioljubuski.ba\/#website","url":"https:\/\/radioljubuski.ba\/","name":"Radio Ljubu\u0161ki","description":"Sun\u010dana frekvencija Hercegovine","publisher":{"@id":"https:\/\/radioljubuski.ba\/#organization"},"potentialAction":[{"@type":"SearchAction","target":{"@type":"EntryPoint","urlTemplate":"https:\/\/radioljubuski.ba\/?s={search_term_string}"},"query-input":{"@type":"PropertyValueSpecification","valueRequired":true,"valueName":"search_term_string"}}],"inLanguage":"hr"},{"@type":"Organization","@id":"https:\/\/radioljubuski.ba\/#organization","name":"Radio Ljubu\u0161ki","url":"https:\/\/radioljubuski.ba\/","logo":{"@type":"ImageObject","inLanguage":"hr","@id":"https:\/\/radioljubuski.ba\/#\/schema\/logo\/image\/","url":"https:\/\/radioljubuski.ba\/wp-content\/uploads\/2021\/02\/cropped-Radio_Ljubuski_logo1.jpg","contentUrl":"https:\/\/radioljubuski.ba\/wp-content\/uploads\/2021\/02\/cropped-Radio_Ljubuski_logo1.jpg","width":512,"height":512,"caption":"Radio Ljubu\u0161ki"},"image":{"@id":"https:\/\/radioljubuski.ba\/#\/schema\/logo\/image\/"},"sameAs":["https:\/\/www.facebook.com\/Radiio-Ljubuski-1490835324566332","https:\/\/x.com\/radioljubuski","https:\/\/hr.linkedin.com\/company\/radio-ljubuski","https:\/\/www.youtube.com\/channel\/UCHYaeO_n0Db3tjNGudGpXyw"]},{"@type":"Person","@id":"https:\/\/radioljubuski.ba\/#\/schema\/person\/19fc700381a780f69665d7956c469e3b","name":"Radio Ljubu\u0161ki"}]}},"_links":{"self":[{"href":"https:\/\/radioljubuski.ba\/index.php\/wp-json\/wp\/v2\/posts\/27005","targetHints":{"allow":["GET"]}}],"collection":[{"href":"https:\/\/radioljubuski.ba\/index.php\/wp-json\/wp\/v2\/posts"}],"about":[{"href":"https:\/\/radioljubuski.ba\/index.php\/wp-json\/wp\/v2\/types\/post"}],"author":[{"embeddable":true,"href":"https:\/\/radioljubuski.ba\/index.php\/wp-json\/wp\/v2\/users\/2"}],"replies":[{"embeddable":true,"href":"https:\/\/radioljubuski.ba\/index.php\/wp-json\/wp\/v2\/comments?post=27005"}],"version-history":[{"count":1,"href":"https:\/\/radioljubuski.ba\/index.php\/wp-json\/wp\/v2\/posts\/27005\/revisions"}],"predecessor-version":[{"id":27009,"href":"https:\/\/radioljubuski.ba\/index.php\/wp-json\/wp\/v2\/posts\/27005\/revisions\/27009"}],"wp:featuredmedia":[{"embeddable":true,"href":"https:\/\/radioljubuski.ba\/index.php\/wp-json\/wp\/v2\/media\/27007"}],"wp:attachment":[{"href":"https:\/\/radioljubuski.ba\/index.php\/wp-json\/wp\/v2\/media?parent=27005"}],"wp:term":[{"taxonomy":"category","embeddable":true,"href":"https:\/\/radioljubuski.ba\/index.php\/wp-json\/wp\/v2\/categories?post=27005"},{"taxonomy":"post_tag","embeddable":true,"href":"https:\/\/radioljubuski.ba\/index.php\/wp-json\/wp\/v2\/tags?post=27005"}],"curies":[{"name":"wp","href":"https:\/\/api.w.org\/{rel}","templated":true}]}}