{"id":27042,"date":"2021-05-31T22:48:03","date_gmt":"2021-05-31T21:48:03","guid":{"rendered":"https:\/\/radioljubuski.ba\/?p=27042"},"modified":"2021-05-31T22:48:04","modified_gmt":"2021-05-31T21:48:04","slug":"tuzno-sjecanje-na-3-176-ubijenih-prijedorcana-i-102-djece","status":"publish","type":"post","link":"https:\/\/radioljubuski.ba\/index.php\/2021\/05\/31\/tuzno-sjecanje-na-3-176-ubijenih-prijedorcana-i-102-djece\/","title":{"rendered":"Tu\u017eno sje\u0107anje na 3.176 ubijenih Prijedor\u010dana i 102 djece"},"content":{"rendered":"\n<p><strong>Danas se prisje\u0107amo 3.176 ubijenih Prijedor\u010dana, civila nesrpske nacionalnosti, me\u0111u kojima je 102 djece.<\/strong><\/p>\n\n\n\n<p>\u201cDan bijelih traka \u2013 31. svibanj\u201d, koji je ve\u0107 odavno prerastao i Prijedor i Bosnu i Hercegovinu, i ove godine bit \u0107e obilje\u017een simboli\u010dnim mirnom prosvjednom \u0161etnjom pre\u017eivjelih Prijedor\u010dana kroz prijedorsko \u0161etali\u0161te i na Gradskom trgu pridr\u017eavaju\u0107i se svih epidemiolo\u0161kih mjera, a kako je najavljeno, i u mnogim drugim gradovima \u0161irom svijeta.<\/p>\n\n\n\n<p>Predsjednik Regionalnog saveza udru\u017eenja logora\u0161a regije Banja Luka i biv\u0161i logora\u0161 Omarske, Manja\u010de i Trnopolja Mirsad Duratovi\u0107 kazao je u razgovoru za Fenu da \u0107e fokus ove godine biti na 102 ubijene prijedorske djece i inicijativu roditelja da se postavi dostojno spomen-obilje\u017eje ubijenim mali\u0161anima u centru Prijedora, iako gradske vlasti ve\u0107 dugo odbijaju to uraditi.<\/p>\n\n\n\n<p>\u201cBijele trake su jedan od dokaza namjere da se u Prijedoru po\u010dini genocid, jer se obilje\u017eila grupa na vidljiv i jasan na\u010din zbog istrebljenja i progona s tog teritorija\u201d, isti\u010de Duratovi\u0107.<\/p>\n\n\n\n<p>Govore\u0107i o presudama za po\u010dinjene zlo\u010dine u Prijedoru, Duratovi\u0107 ka\u017ee da je do sada doneseno vi\u0161e od 50 pravosna\u017enih presuda, a da su zlo\u010dinci osu\u0111eni na vi\u0161e od 800 godina zatvora. Pojedini zlo\u010dinci su osu\u0111eni i po dva i \u010dak tri puta.<\/p>\n\n\n\n<p>\u201cTe presude su za Prijedor\u010dane srpske nacionalnosti i ne postoji grad u svijetu u kojem \u017eivi toliko gra\u0111ana koji su osu\u0111eni za ratne zlo\u010dine nad susjedima\u201d, kazao je Duratovi\u0107.<\/p>\n\n\n\n<p>Dodao je da se vode procesi na Sudu BiH za vi\u0161e od 30 osumnji\u010denih za ratne zlo\u010dine u Prijedoru te je izrazio nadu da \u0107e i ostali po\u010dinitelji najte\u017eih ratnih zlo\u010dina odgovarati za svoja djela.<\/p>\n\n\n\n<p>\u201cU Prijedoru se danas ne \u017eivi, ve\u0107 pre\u017eivljava, jer smo mi \u2018strano tijelo\u2019 kojeg se netko poku\u0161ao osloboditi 1992. godine, pa nije uspio genocidnom operacijom, a danas to radi drugim, nimalo bla\u017eim metodama koje nisu toliko uo\u010dljive kao genocid\u201d, istakao je.<\/p>\n\n\n\n<p>Za to postoji, naglasio je, mnogo primjera diskriminacije kojim su izlo\u017eeni povratnici, \u017ertve logora i zlo\u010dina, koji ne mogu ostvariti osnovna prava.<\/p>\n\n\n\n<p>Vlasti bosanskih Srba u Prijedoru su 31. svibnja 1992. izdale naredbu putem lokalnog radija kojom se nesrpskom stanovni\u0161tvu nala\u017ee da obilje\u017ei svoje ku\u0107e bijelim zastavama ili \u010dar\u0161afima, te da pri izlasku iz ku\u0107a stave bijele trake oko rukava.<\/p>\n\n\n\n<p>Zlo\u010dini u Prijedoru su po\u010deli napadima srpskih snaga na bo\u0161nja\u010dka naselja na Mataru\u0161kom brdu 22. svibnja, zatim napada na Kozarac 24. svibnja i otvaranja logora Keraterm, Omarska i Trnopolje izme\u0111u 26. i 30. svibnja. Tako su i po\u010deli zlo\u010dini u Prijedoru, odvo\u0111enjem stanovni\u0161tva u logore, masovnim egzekucijama i drugim zlo\u010dinima.<\/p>\n\n\n\n<p>Ubijeno je 3.176 osoba, me\u0111u kojima je 102 djece.<\/p>\n\n\n\n<p>\/Fena\/HMS\/<\/p>\n","protected":false},"excerpt":{"rendered":"<p>Danas se prisje\u0107amo 3.176 ubijenih Prijedor\u010dana, civila nesrpske nacionalnosti, me\u0111u kojima je 102 djece. \u201cDan bijelih traka \u2013 31. svibanj\u201d, koji je ve\u0107 odavno prerastao i Prijedor i Bosnu i Hercegovinu, i ove godine bit \u0107e obilje\u017een simboli\u010dnim mirnom prosvjednom \u0161etnjom pre\u017eivjelih Prijedor\u010dana kroz prijedorsko \u0161etali\u0161te i na Gradskom trgu pridr\u017eavaju\u0107i se svih epidemiolo\u0161kih mjera, [&hellip;]<\/p>\n","protected":false},"author":2,"featured_media":27043,"comment_status":"closed","ping_status":"closed","sticky":false,"template":"","format":"standard","meta":{"h5ap_radio_sources":[],"footnotes":""},"categories":[1],"tags":[],"class_list":["post-27042","post","type-post","status-publish","format-standard","has-post-thumbnail","hentry","category-bihiregija"],"yoast_head":"<!-- This site is optimized with the Yoast SEO plugin v27.4 - https:\/\/yoast.com\/product\/yoast-seo-wordpress\/ -->\n<title>Tu\u017eno sje\u0107anje na 3.176 ubijenih Prijedor\u010dana i 102 djece - RADIO LJUBU\u0160KI<\/title>\n<meta name=\"robots\" content=\"index, follow, max-snippet:-1, max-image-preview:large, max-video-preview:-1\" \/>\n<link rel=\"canonical\" href=\"https:\/\/radioljubuski.ba\/index.php\/2021\/05\/31\/tuzno-sjecanje-na-3-176-ubijenih-prijedorcana-i-102-djece\/\" \/>\n<meta property=\"og:locale\" content=\"hr_HR\" \/>\n<meta property=\"og:type\" content=\"article\" \/>\n<meta property=\"og:title\" content=\"Tu\u017eno sje\u0107anje na 3.176 ubijenih Prijedor\u010dana i 102 djece - RADIO LJUBU\u0160KI\" \/>\n<meta property=\"og:description\" content=\"Danas se prisje\u0107amo 3.176 ubijenih Prijedor\u010dana, civila nesrpske nacionalnosti, me\u0111u kojima je 102 djece. \u201cDan bijelih traka \u2013 31. svibanj\u201d, koji je ve\u0107 odavno prerastao i Prijedor i Bosnu i Hercegovinu, i ove godine bit \u0107e obilje\u017een simboli\u010dnim mirnom prosvjednom \u0161etnjom pre\u017eivjelih Prijedor\u010dana kroz prijedorsko \u0161etali\u0161te i na Gradskom trgu pridr\u017eavaju\u0107i se svih epidemiolo\u0161kih mjera, [&hellip;]\" \/>\n<meta property=\"og:url\" content=\"https:\/\/radioljubuski.ba\/index.php\/2021\/05\/31\/tuzno-sjecanje-na-3-176-ubijenih-prijedorcana-i-102-djece\/\" \/>\n<meta property=\"og:site_name\" content=\"RADIO LJUBU\u0160KI\" \/>\n<meta property=\"article:publisher\" content=\"https:\/\/www.facebook.com\/Radiio-Ljubuski-1490835324566332\" \/>\n<meta property=\"article:published_time\" content=\"2021-05-31T21:48:03+00:00\" \/>\n<meta property=\"article:modified_time\" content=\"2021-05-31T21:48:04+00:00\" \/>\n<meta property=\"og:image\" content=\"https:\/\/radioljubuski.ba\/wp-content\/uploads\/2021\/05\/dan-bijelih-traka.jpg\" \/>\n\t<meta property=\"og:image:width\" content=\"940\" \/>\n\t<meta property=\"og:image:height\" content=\"529\" \/>\n\t<meta property=\"og:image:type\" content=\"image\/jpeg\" \/>\n<meta name=\"author\" content=\"Radio Ljubu\u0161ki\" \/>\n<meta name=\"twitter:card\" content=\"summary_large_image\" \/>\n<meta name=\"twitter:creator\" content=\"@radioljubuski\" \/>\n<meta name=\"twitter:site\" content=\"@radioljubuski\" \/>\n<meta name=\"twitter:label1\" content=\"Napisao\/la\" \/>\n\t<meta name=\"twitter:data1\" content=\"Radio Ljubu\u0161ki\" \/>\n\t<meta name=\"twitter:label2\" content=\"Procijenjeno vrijeme \u010ditanja\" \/>\n\t<meta name=\"twitter:data2\" content=\"2 minute\" \/>\n<script type=\"application\/ld+json\" class=\"yoast-schema-graph\">{\"@context\":\"https:\\\/\\\/schema.org\",\"@graph\":[{\"@type\":\"Article\",\"@id\":\"https:\\\/\\\/radioljubuski.ba\\\/index.php\\\/2021\\\/05\\\/31\\\/tuzno-sjecanje-na-3-176-ubijenih-prijedorcana-i-102-djece\\\/#article\",\"isPartOf\":{\"@id\":\"https:\\\/\\\/radioljubuski.ba\\\/index.php\\\/2021\\\/05\\\/31\\\/tuzno-sjecanje-na-3-176-ubijenih-prijedorcana-i-102-djece\\\/\"},\"author\":{\"name\":\"Radio Ljubu\u0161ki\",\"@id\":\"https:\\\/\\\/radioljubuski.ba\\\/#\\\/schema\\\/person\\\/19fc700381a780f69665d7956c469e3b\"},\"headline\":\"Tu\u017eno sje\u0107anje na 3.176 ubijenih Prijedor\u010dana i 102 djece\",\"datePublished\":\"2021-05-31T21:48:03+00:00\",\"dateModified\":\"2021-05-31T21:48:04+00:00\",\"mainEntityOfPage\":{\"@id\":\"https:\\\/\\\/radioljubuski.ba\\\/index.php\\\/2021\\\/05\\\/31\\\/tuzno-sjecanje-na-3-176-ubijenih-prijedorcana-i-102-djece\\\/\"},\"wordCount\":479,\"publisher\":{\"@id\":\"https:\\\/\\\/radioljubuski.ba\\\/#organization\"},\"image\":{\"@id\":\"https:\\\/\\\/radioljubuski.ba\\\/index.php\\\/2021\\\/05\\\/31\\\/tuzno-sjecanje-na-3-176-ubijenih-prijedorcana-i-102-djece\\\/#primaryimage\"},\"thumbnailUrl\":\"https:\\\/\\\/radioljubuski.ba\\\/wp-content\\\/uploads\\\/2021\\\/05\\\/dan-bijelih-traka.jpg\",\"articleSection\":[\"BIH i regija\"],\"inLanguage\":\"hr\"},{\"@type\":\"WebPage\",\"@id\":\"https:\\\/\\\/radioljubuski.ba\\\/index.php\\\/2021\\\/05\\\/31\\\/tuzno-sjecanje-na-3-176-ubijenih-prijedorcana-i-102-djece\\\/\",\"url\":\"https:\\\/\\\/radioljubuski.ba\\\/index.php\\\/2021\\\/05\\\/31\\\/tuzno-sjecanje-na-3-176-ubijenih-prijedorcana-i-102-djece\\\/\",\"name\":\"Tu\u017eno sje\u0107anje na 3.176 ubijenih Prijedor\u010dana i 102 djece - RADIO LJUBU\u0160KI\",\"isPartOf\":{\"@id\":\"https:\\\/\\\/radioljubuski.ba\\\/#website\"},\"primaryImageOfPage\":{\"@id\":\"https:\\\/\\\/radioljubuski.ba\\\/index.php\\\/2021\\\/05\\\/31\\\/tuzno-sjecanje-na-3-176-ubijenih-prijedorcana-i-102-djece\\\/#primaryimage\"},\"image\":{\"@id\":\"https:\\\/\\\/radioljubuski.ba\\\/index.php\\\/2021\\\/05\\\/31\\\/tuzno-sjecanje-na-3-176-ubijenih-prijedorcana-i-102-djece\\\/#primaryimage\"},\"thumbnailUrl\":\"https:\\\/\\\/radioljubuski.ba\\\/wp-content\\\/uploads\\\/2021\\\/05\\\/dan-bijelih-traka.jpg\",\"datePublished\":\"2021-05-31T21:48:03+00:00\",\"dateModified\":\"2021-05-31T21:48:04+00:00\",\"breadcrumb\":{\"@id\":\"https:\\\/\\\/radioljubuski.ba\\\/index.php\\\/2021\\\/05\\\/31\\\/tuzno-sjecanje-na-3-176-ubijenih-prijedorcana-i-102-djece\\\/#breadcrumb\"},\"inLanguage\":\"hr\",\"potentialAction\":[{\"@type\":\"ReadAction\",\"target\":[\"https:\\\/\\\/radioljubuski.ba\\\/index.php\\\/2021\\\/05\\\/31\\\/tuzno-sjecanje-na-3-176-ubijenih-prijedorcana-i-102-djece\\\/\"]}]},{\"@type\":\"ImageObject\",\"inLanguage\":\"hr\",\"@id\":\"https:\\\/\\\/radioljubuski.ba\\\/index.php\\\/2021\\\/05\\\/31\\\/tuzno-sjecanje-na-3-176-ubijenih-prijedorcana-i-102-djece\\\/#primaryimage\",\"url\":\"https:\\\/\\\/radioljubuski.ba\\\/wp-content\\\/uploads\\\/2021\\\/05\\\/dan-bijelih-traka.jpg\",\"contentUrl\":\"https:\\\/\\\/radioljubuski.ba\\\/wp-content\\\/uploads\\\/2021\\\/05\\\/dan-bijelih-traka.jpg\",\"width\":940,\"height\":529},{\"@type\":\"BreadcrumbList\",\"@id\":\"https:\\\/\\\/radioljubuski.ba\\\/index.php\\\/2021\\\/05\\\/31\\\/tuzno-sjecanje-na-3-176-ubijenih-prijedorcana-i-102-djece\\\/#breadcrumb\",\"itemListElement\":[{\"@type\":\"ListItem\",\"position\":1,\"name\":\"Po\u010detna stranica\",\"item\":\"https:\\\/\\\/radioljubuski.ba\\\/\"},{\"@type\":\"ListItem\",\"position\":2,\"name\":\"Tu\u017eno sje\u0107anje na 3.176 ubijenih Prijedor\u010dana i 102 djece\"}]},{\"@type\":\"WebSite\",\"@id\":\"https:\\\/\\\/radioljubuski.ba\\\/#website\",\"url\":\"https:\\\/\\\/radioljubuski.ba\\\/\",\"name\":\"Radio Ljubu\u0161ki\",\"description\":\"Sun\u010dana frekvencija Hercegovine\",\"publisher\":{\"@id\":\"https:\\\/\\\/radioljubuski.ba\\\/#organization\"},\"potentialAction\":[{\"@type\":\"SearchAction\",\"target\":{\"@type\":\"EntryPoint\",\"urlTemplate\":\"https:\\\/\\\/radioljubuski.ba\\\/?s={search_term_string}\"},\"query-input\":{\"@type\":\"PropertyValueSpecification\",\"valueRequired\":true,\"valueName\":\"search_term_string\"}}],\"inLanguage\":\"hr\"},{\"@type\":\"Organization\",\"@id\":\"https:\\\/\\\/radioljubuski.ba\\\/#organization\",\"name\":\"Radio Ljubu\u0161ki\",\"url\":\"https:\\\/\\\/radioljubuski.ba\\\/\",\"logo\":{\"@type\":\"ImageObject\",\"inLanguage\":\"hr\",\"@id\":\"https:\\\/\\\/radioljubuski.ba\\\/#\\\/schema\\\/logo\\\/image\\\/\",\"url\":\"https:\\\/\\\/radioljubuski.ba\\\/wp-content\\\/uploads\\\/2021\\\/02\\\/cropped-Radio_Ljubuski_logo1.jpg\",\"contentUrl\":\"https:\\\/\\\/radioljubuski.ba\\\/wp-content\\\/uploads\\\/2021\\\/02\\\/cropped-Radio_Ljubuski_logo1.jpg\",\"width\":512,\"height\":512,\"caption\":\"Radio Ljubu\u0161ki\"},\"image\":{\"@id\":\"https:\\\/\\\/radioljubuski.ba\\\/#\\\/schema\\\/logo\\\/image\\\/\"},\"sameAs\":[\"https:\\\/\\\/www.facebook.com\\\/Radiio-Ljubuski-1490835324566332\",\"https:\\\/\\\/x.com\\\/radioljubuski\",\"https:\\\/\\\/hr.linkedin.com\\\/company\\\/radio-ljubuski\",\"https:\\\/\\\/www.youtube.com\\\/channel\\\/UCHYaeO_n0Db3tjNGudGpXyw\"]},{\"@type\":\"Person\",\"@id\":\"https:\\\/\\\/radioljubuski.ba\\\/#\\\/schema\\\/person\\\/19fc700381a780f69665d7956c469e3b\",\"name\":\"Radio Ljubu\u0161ki\"}]}<\/script>\n<!-- \/ Yoast SEO plugin. -->","yoast_head_json":{"title":"Tu\u017eno sje\u0107anje na 3.176 ubijenih Prijedor\u010dana i 102 djece - RADIO LJUBU\u0160KI","robots":{"index":"index","follow":"follow","max-snippet":"max-snippet:-1","max-image-preview":"max-image-preview:large","max-video-preview":"max-video-preview:-1"},"canonical":"https:\/\/radioljubuski.ba\/index.php\/2021\/05\/31\/tuzno-sjecanje-na-3-176-ubijenih-prijedorcana-i-102-djece\/","og_locale":"hr_HR","og_type":"article","og_title":"Tu\u017eno sje\u0107anje na 3.176 ubijenih Prijedor\u010dana i 102 djece - RADIO LJUBU\u0160KI","og_description":"Danas se prisje\u0107amo 3.176 ubijenih Prijedor\u010dana, civila nesrpske nacionalnosti, me\u0111u kojima je 102 djece. \u201cDan bijelih traka \u2013 31. svibanj\u201d, koji je ve\u0107 odavno prerastao i Prijedor i Bosnu i Hercegovinu, i ove godine bit \u0107e obilje\u017een simboli\u010dnim mirnom prosvjednom \u0161etnjom pre\u017eivjelih Prijedor\u010dana kroz prijedorsko \u0161etali\u0161te i na Gradskom trgu pridr\u017eavaju\u0107i se svih epidemiolo\u0161kih mjera, [&hellip;]","og_url":"https:\/\/radioljubuski.ba\/index.php\/2021\/05\/31\/tuzno-sjecanje-na-3-176-ubijenih-prijedorcana-i-102-djece\/","og_site_name":"RADIO LJUBU\u0160KI","article_publisher":"https:\/\/www.facebook.com\/Radiio-Ljubuski-1490835324566332","article_published_time":"2021-05-31T21:48:03+00:00","article_modified_time":"2021-05-31T21:48:04+00:00","og_image":[{"width":940,"height":529,"url":"https:\/\/radioljubuski.ba\/wp-content\/uploads\/2021\/05\/dan-bijelih-traka.jpg","type":"image\/jpeg"}],"author":"Radio Ljubu\u0161ki","twitter_card":"summary_large_image","twitter_creator":"@radioljubuski","twitter_site":"@radioljubuski","twitter_misc":{"Napisao\/la":"Radio Ljubu\u0161ki","Procijenjeno vrijeme \u010ditanja":"2 minute"},"schema":{"@context":"https:\/\/schema.org","@graph":[{"@type":"Article","@id":"https:\/\/radioljubuski.ba\/index.php\/2021\/05\/31\/tuzno-sjecanje-na-3-176-ubijenih-prijedorcana-i-102-djece\/#article","isPartOf":{"@id":"https:\/\/radioljubuski.ba\/index.php\/2021\/05\/31\/tuzno-sjecanje-na-3-176-ubijenih-prijedorcana-i-102-djece\/"},"author":{"name":"Radio Ljubu\u0161ki","@id":"https:\/\/radioljubuski.ba\/#\/schema\/person\/19fc700381a780f69665d7956c469e3b"},"headline":"Tu\u017eno sje\u0107anje na 3.176 ubijenih Prijedor\u010dana i 102 djece","datePublished":"2021-05-31T21:48:03+00:00","dateModified":"2021-05-31T21:48:04+00:00","mainEntityOfPage":{"@id":"https:\/\/radioljubuski.ba\/index.php\/2021\/05\/31\/tuzno-sjecanje-na-3-176-ubijenih-prijedorcana-i-102-djece\/"},"wordCount":479,"publisher":{"@id":"https:\/\/radioljubuski.ba\/#organization"},"image":{"@id":"https:\/\/radioljubuski.ba\/index.php\/2021\/05\/31\/tuzno-sjecanje-na-3-176-ubijenih-prijedorcana-i-102-djece\/#primaryimage"},"thumbnailUrl":"https:\/\/radioljubuski.ba\/wp-content\/uploads\/2021\/05\/dan-bijelih-traka.jpg","articleSection":["BIH i regija"],"inLanguage":"hr"},{"@type":"WebPage","@id":"https:\/\/radioljubuski.ba\/index.php\/2021\/05\/31\/tuzno-sjecanje-na-3-176-ubijenih-prijedorcana-i-102-djece\/","url":"https:\/\/radioljubuski.ba\/index.php\/2021\/05\/31\/tuzno-sjecanje-na-3-176-ubijenih-prijedorcana-i-102-djece\/","name":"Tu\u017eno sje\u0107anje na 3.176 ubijenih Prijedor\u010dana i 102 djece - RADIO LJUBU\u0160KI","isPartOf":{"@id":"https:\/\/radioljubuski.ba\/#website"},"primaryImageOfPage":{"@id":"https:\/\/radioljubuski.ba\/index.php\/2021\/05\/31\/tuzno-sjecanje-na-3-176-ubijenih-prijedorcana-i-102-djece\/#primaryimage"},"image":{"@id":"https:\/\/radioljubuski.ba\/index.php\/2021\/05\/31\/tuzno-sjecanje-na-3-176-ubijenih-prijedorcana-i-102-djece\/#primaryimage"},"thumbnailUrl":"https:\/\/radioljubuski.ba\/wp-content\/uploads\/2021\/05\/dan-bijelih-traka.jpg","datePublished":"2021-05-31T21:48:03+00:00","dateModified":"2021-05-31T21:48:04+00:00","breadcrumb":{"@id":"https:\/\/radioljubuski.ba\/index.php\/2021\/05\/31\/tuzno-sjecanje-na-3-176-ubijenih-prijedorcana-i-102-djece\/#breadcrumb"},"inLanguage":"hr","potentialAction":[{"@type":"ReadAction","target":["https:\/\/radioljubuski.ba\/index.php\/2021\/05\/31\/tuzno-sjecanje-na-3-176-ubijenih-prijedorcana-i-102-djece\/"]}]},{"@type":"ImageObject","inLanguage":"hr","@id":"https:\/\/radioljubuski.ba\/index.php\/2021\/05\/31\/tuzno-sjecanje-na-3-176-ubijenih-prijedorcana-i-102-djece\/#primaryimage","url":"https:\/\/radioljubuski.ba\/wp-content\/uploads\/2021\/05\/dan-bijelih-traka.jpg","contentUrl":"https:\/\/radioljubuski.ba\/wp-content\/uploads\/2021\/05\/dan-bijelih-traka.jpg","width":940,"height":529},{"@type":"BreadcrumbList","@id":"https:\/\/radioljubuski.ba\/index.php\/2021\/05\/31\/tuzno-sjecanje-na-3-176-ubijenih-prijedorcana-i-102-djece\/#breadcrumb","itemListElement":[{"@type":"ListItem","position":1,"name":"Po\u010detna stranica","item":"https:\/\/radioljubuski.ba\/"},{"@type":"ListItem","position":2,"name":"Tu\u017eno sje\u0107anje na 3.176 ubijenih Prijedor\u010dana i 102 djece"}]},{"@type":"WebSite","@id":"https:\/\/radioljubuski.ba\/#website","url":"https:\/\/radioljubuski.ba\/","name":"Radio Ljubu\u0161ki","description":"Sun\u010dana frekvencija Hercegovine","publisher":{"@id":"https:\/\/radioljubuski.ba\/#organization"},"potentialAction":[{"@type":"SearchAction","target":{"@type":"EntryPoint","urlTemplate":"https:\/\/radioljubuski.ba\/?s={search_term_string}"},"query-input":{"@type":"PropertyValueSpecification","valueRequired":true,"valueName":"search_term_string"}}],"inLanguage":"hr"},{"@type":"Organization","@id":"https:\/\/radioljubuski.ba\/#organization","name":"Radio Ljubu\u0161ki","url":"https:\/\/radioljubuski.ba\/","logo":{"@type":"ImageObject","inLanguage":"hr","@id":"https:\/\/radioljubuski.ba\/#\/schema\/logo\/image\/","url":"https:\/\/radioljubuski.ba\/wp-content\/uploads\/2021\/02\/cropped-Radio_Ljubuski_logo1.jpg","contentUrl":"https:\/\/radioljubuski.ba\/wp-content\/uploads\/2021\/02\/cropped-Radio_Ljubuski_logo1.jpg","width":512,"height":512,"caption":"Radio Ljubu\u0161ki"},"image":{"@id":"https:\/\/radioljubuski.ba\/#\/schema\/logo\/image\/"},"sameAs":["https:\/\/www.facebook.com\/Radiio-Ljubuski-1490835324566332","https:\/\/x.com\/radioljubuski","https:\/\/hr.linkedin.com\/company\/radio-ljubuski","https:\/\/www.youtube.com\/channel\/UCHYaeO_n0Db3tjNGudGpXyw"]},{"@type":"Person","@id":"https:\/\/radioljubuski.ba\/#\/schema\/person\/19fc700381a780f69665d7956c469e3b","name":"Radio Ljubu\u0161ki"}]}},"_links":{"self":[{"href":"https:\/\/radioljubuski.ba\/index.php\/wp-json\/wp\/v2\/posts\/27042","targetHints":{"allow":["GET"]}}],"collection":[{"href":"https:\/\/radioljubuski.ba\/index.php\/wp-json\/wp\/v2\/posts"}],"about":[{"href":"https:\/\/radioljubuski.ba\/index.php\/wp-json\/wp\/v2\/types\/post"}],"author":[{"embeddable":true,"href":"https:\/\/radioljubuski.ba\/index.php\/wp-json\/wp\/v2\/users\/2"}],"replies":[{"embeddable":true,"href":"https:\/\/radioljubuski.ba\/index.php\/wp-json\/wp\/v2\/comments?post=27042"}],"version-history":[{"count":1,"href":"https:\/\/radioljubuski.ba\/index.php\/wp-json\/wp\/v2\/posts\/27042\/revisions"}],"predecessor-version":[{"id":27044,"href":"https:\/\/radioljubuski.ba\/index.php\/wp-json\/wp\/v2\/posts\/27042\/revisions\/27044"}],"wp:featuredmedia":[{"embeddable":true,"href":"https:\/\/radioljubuski.ba\/index.php\/wp-json\/wp\/v2\/media\/27043"}],"wp:attachment":[{"href":"https:\/\/radioljubuski.ba\/index.php\/wp-json\/wp\/v2\/media?parent=27042"}],"wp:term":[{"taxonomy":"category","embeddable":true,"href":"https:\/\/radioljubuski.ba\/index.php\/wp-json\/wp\/v2\/categories?post=27042"},{"taxonomy":"post_tag","embeddable":true,"href":"https:\/\/radioljubuski.ba\/index.php\/wp-json\/wp\/v2\/tags?post=27042"}],"curies":[{"name":"wp","href":"https:\/\/api.w.org\/{rel}","templated":true}]}}