{"id":27048,"date":"2021-05-31T22:51:04","date_gmt":"2021-05-31T21:51:04","guid":{"rendered":"https:\/\/radioljubuski.ba\/?p=27048"},"modified":"2021-05-31T22:51:05","modified_gmt":"2021-05-31T21:51:05","slug":"ivanka-baric-iz-jajca-nova-je-predsjednica-hkdu-bih","status":"publish","type":"post","link":"https:\/\/radioljubuski.ba\/index.php\/2021\/05\/31\/ivanka-baric-iz-jajca-nova-je-predsjednica-hkdu-bih\/","title":{"rendered":"Ivanka Bari\u0107 iz Jajca nova je predsjednica HKDU BiH"},"content":{"rendered":"\n<p><strong>Zasjedanje VII Op\u0107eg Sabora Hrvatske kr\u0161\u0107anske demokratske unije Bosne i Hercegovine odr\u017eano je u Mostaru.<\/strong><\/p>\n\n\n\n<p>Tim povodom HKDU BiH oglasila se priop\u0107enjem za javnost u kojem, izme\u0111u ostalog, isti\u010de da je birano i izabrano rukovodstvo stranke, Dugogodi\u0161nja suradnica i zamjenica pokojnog predsjednika Ivana Muse, Ivanka Bari\u0107 iz Jajca, izabrana je za Predsjednicu HKDU BiH.<\/p>\n\n\n\n<p>\u201cIz HKDU-a BiH su obavijestili javnost da je, sukladno statutarnoj odluci, dana 30.svibnja 2021. godine u dvorani restorana Romanca u Mostaru odr\u017eano zasjedanje VII Op\u0107eg Sabora Hrvatske kr\u0161\u0107anske demokratske unije Bosne i Hercegovine.<\/p>\n\n\n\n<p>-Prije po\u010detka rada Sabora delegacija HKDU BiH predvo\u0111ena V.d. Predsjednicom Ivankom Bari\u0107 je odala po\u010dast nedavno preminulom predsjedniku Ivanu Musi polaganjem cvije\u0107a, paljenjem svije\u0107e i molitvom na njegovom grobu, priop\u0107eno je.<\/p>\n\n\n\n<figure class=\"wp-block-image\"><img decoding=\"async\" src=\"https:\/\/hms.ba\/wp-content\/uploads\/2021\/05\/hkdu-bih.jpeg\" alt=\"\"\/><\/figure>\n\n\n\n<p>Dodaje se da je VII Op\u0107i Sabor HKDU BiH je bio izvje\u0161tajno \u2013 izbornog karaktera, na kojem je predsjednik Senata podnio iscrpno izvje\u0161\u0107e o radu izme\u0111u dva Sabora.<\/p>\n\n\n\n<p>-Usvojen je jedan amandman na Statut, a kao zaklju\u010dni dokument radnog dijela Sabora jednoglasno je usvojena \u201eDeklaracija VII Op\u0107eg Sabora HKDU BiH\u201c koja definira temeljna na\u010dela stranke HKDU BiH i stav stranke o aktualnoj politi\u010dkoj situaciji u svjetlu za\u0161tite hrvatskog nacionalnog interesa, priop\u0107eno je.<\/p>\n\n\n\n<p>Kazali su i da je slogan VII Op\u0107eg Sabora i Deklaracije \u201ekonstitutivnost = jednakopravnost\u201c koji \u0161alje poruku podr\u0161ke vodstvu Hrvatskog narodnog Sabora BiH u za\u0161titi suvereniteta i konstitutivnosti hrvatskog naroda u BiH, koji pretpostavlja punu ustavnu i institucionalnu jednakost s druga dva naroda u Bosni i Hercegovini.<\/p>\n\n\n\n<p>\u201cU izbornom dijelu biran je Predsjednik stranke i kao jedini kandidat izabrana je gospo\u0111a Ivanka Bari\u0107 iz Jajca, dugogodi\u0161nja suradnica i zamjenica pokojnog Predsjednika Ivana Muse. Nakon zaklju\u010divanja rada VII Op\u0107eg Sabora istakao je mandat predsjednika Senata i svih senatora, pa je odmah odr\u017ean Prvi konstituiraju\u0107i Senat na kojem su izabrani novi senatori, a za Predsjednika Senata HKDU BiH izabran je gospodin Tomislav Bi\u0161ko iz Posu\u0161ja\u201d, stoji u priop\u0107enju.<\/p>\n\n\n\n<p>\/HMS\/<\/p>\n","protected":false},"excerpt":{"rendered":"<p>Zasjedanje VII Op\u0107eg Sabora Hrvatske kr\u0161\u0107anske demokratske unije Bosne i Hercegovine odr\u017eano je u Mostaru. Tim povodom HKDU BiH oglasila se priop\u0107enjem za javnost u kojem, izme\u0111u ostalog, isti\u010de da je birano i izabrano rukovodstvo stranke, Dugogodi\u0161nja suradnica i zamjenica pokojnog predsjednika Ivana Muse, Ivanka Bari\u0107 iz Jajca, izabrana je za Predsjednicu HKDU BiH. \u201cIz [&hellip;]<\/p>\n","protected":false},"author":2,"featured_media":27049,"comment_status":"closed","ping_status":"closed","sticky":false,"template":"","format":"standard","meta":{"h5ap_radio_sources":[],"footnotes":""},"categories":[1],"tags":[],"class_list":["post-27048","post","type-post","status-publish","format-standard","has-post-thumbnail","hentry","category-bihiregija"],"yoast_head":"<!-- This site is optimized with the Yoast SEO plugin v27.4 - https:\/\/yoast.com\/product\/yoast-seo-wordpress\/ -->\n<title>Ivanka Bari\u0107 iz Jajca nova je predsjednica HKDU BiH - RADIO LJUBU\u0160KI<\/title>\n<meta name=\"robots\" content=\"index, follow, max-snippet:-1, max-image-preview:large, max-video-preview:-1\" \/>\n<link rel=\"canonical\" href=\"https:\/\/radioljubuski.ba\/index.php\/2021\/05\/31\/ivanka-baric-iz-jajca-nova-je-predsjednica-hkdu-bih\/\" \/>\n<meta property=\"og:locale\" content=\"hr_HR\" \/>\n<meta property=\"og:type\" content=\"article\" \/>\n<meta property=\"og:title\" content=\"Ivanka Bari\u0107 iz Jajca nova je predsjednica HKDU BiH - RADIO LJUBU\u0160KI\" \/>\n<meta property=\"og:description\" content=\"Zasjedanje VII Op\u0107eg Sabora Hrvatske kr\u0161\u0107anske demokratske unije Bosne i Hercegovine odr\u017eano je u Mostaru. Tim povodom HKDU BiH oglasila se priop\u0107enjem za javnost u kojem, izme\u0111u ostalog, isti\u010de da je birano i izabrano rukovodstvo stranke, Dugogodi\u0161nja suradnica i zamjenica pokojnog predsjednika Ivana Muse, Ivanka Bari\u0107 iz Jajca, izabrana je za Predsjednicu HKDU BiH. \u201cIz [&hellip;]\" \/>\n<meta property=\"og:url\" content=\"https:\/\/radioljubuski.ba\/index.php\/2021\/05\/31\/ivanka-baric-iz-jajca-nova-je-predsjednica-hkdu-bih\/\" \/>\n<meta property=\"og:site_name\" content=\"RADIO LJUBU\u0160KI\" \/>\n<meta property=\"article:publisher\" content=\"https:\/\/www.facebook.com\/Radiio-Ljubuski-1490835324566332\" \/>\n<meta property=\"article:published_time\" content=\"2021-05-31T21:51:04+00:00\" \/>\n<meta property=\"article:modified_time\" content=\"2021-05-31T21:51:05+00:00\" \/>\n<meta property=\"og:image\" content=\"https:\/\/radioljubuski.ba\/wp-content\/uploads\/2021\/05\/predsjednica-hkdu.jpg\" \/>\n\t<meta property=\"og:image:width\" content=\"953\" \/>\n\t<meta property=\"og:image:height\" content=\"539\" \/>\n\t<meta property=\"og:image:type\" content=\"image\/jpeg\" \/>\n<meta name=\"author\" content=\"Radio Ljubu\u0161ki\" \/>\n<meta name=\"twitter:card\" content=\"summary_large_image\" \/>\n<meta name=\"twitter:creator\" content=\"@radioljubuski\" \/>\n<meta name=\"twitter:site\" content=\"@radioljubuski\" \/>\n<meta name=\"twitter:label1\" content=\"Napisao\/la\" \/>\n\t<meta name=\"twitter:data1\" content=\"Radio Ljubu\u0161ki\" \/>\n\t<meta name=\"twitter:label2\" content=\"Procijenjeno vrijeme \u010ditanja\" \/>\n\t<meta name=\"twitter:data2\" content=\"2 minute\" \/>\n<script type=\"application\/ld+json\" class=\"yoast-schema-graph\">{\"@context\":\"https:\\\/\\\/schema.org\",\"@graph\":[{\"@type\":\"Article\",\"@id\":\"https:\\\/\\\/radioljubuski.ba\\\/index.php\\\/2021\\\/05\\\/31\\\/ivanka-baric-iz-jajca-nova-je-predsjednica-hkdu-bih\\\/#article\",\"isPartOf\":{\"@id\":\"https:\\\/\\\/radioljubuski.ba\\\/index.php\\\/2021\\\/05\\\/31\\\/ivanka-baric-iz-jajca-nova-je-predsjednica-hkdu-bih\\\/\"},\"author\":{\"name\":\"Radio Ljubu\u0161ki\",\"@id\":\"https:\\\/\\\/radioljubuski.ba\\\/#\\\/schema\\\/person\\\/19fc700381a780f69665d7956c469e3b\"},\"headline\":\"Ivanka Bari\u0107 iz Jajca nova je predsjednica HKDU BiH\",\"datePublished\":\"2021-05-31T21:51:04+00:00\",\"dateModified\":\"2021-05-31T21:51:05+00:00\",\"mainEntityOfPage\":{\"@id\":\"https:\\\/\\\/radioljubuski.ba\\\/index.php\\\/2021\\\/05\\\/31\\\/ivanka-baric-iz-jajca-nova-je-predsjednica-hkdu-bih\\\/\"},\"wordCount\":352,\"publisher\":{\"@id\":\"https:\\\/\\\/radioljubuski.ba\\\/#organization\"},\"image\":{\"@id\":\"https:\\\/\\\/radioljubuski.ba\\\/index.php\\\/2021\\\/05\\\/31\\\/ivanka-baric-iz-jajca-nova-je-predsjednica-hkdu-bih\\\/#primaryimage\"},\"thumbnailUrl\":\"https:\\\/\\\/radioljubuski.ba\\\/wp-content\\\/uploads\\\/2021\\\/05\\\/predsjednica-hkdu.jpg\",\"articleSection\":[\"BIH i regija\"],\"inLanguage\":\"hr\"},{\"@type\":\"WebPage\",\"@id\":\"https:\\\/\\\/radioljubuski.ba\\\/index.php\\\/2021\\\/05\\\/31\\\/ivanka-baric-iz-jajca-nova-je-predsjednica-hkdu-bih\\\/\",\"url\":\"https:\\\/\\\/radioljubuski.ba\\\/index.php\\\/2021\\\/05\\\/31\\\/ivanka-baric-iz-jajca-nova-je-predsjednica-hkdu-bih\\\/\",\"name\":\"Ivanka Bari\u0107 iz Jajca nova je predsjednica HKDU BiH - RADIO LJUBU\u0160KI\",\"isPartOf\":{\"@id\":\"https:\\\/\\\/radioljubuski.ba\\\/#website\"},\"primaryImageOfPage\":{\"@id\":\"https:\\\/\\\/radioljubuski.ba\\\/index.php\\\/2021\\\/05\\\/31\\\/ivanka-baric-iz-jajca-nova-je-predsjednica-hkdu-bih\\\/#primaryimage\"},\"image\":{\"@id\":\"https:\\\/\\\/radioljubuski.ba\\\/index.php\\\/2021\\\/05\\\/31\\\/ivanka-baric-iz-jajca-nova-je-predsjednica-hkdu-bih\\\/#primaryimage\"},\"thumbnailUrl\":\"https:\\\/\\\/radioljubuski.ba\\\/wp-content\\\/uploads\\\/2021\\\/05\\\/predsjednica-hkdu.jpg\",\"datePublished\":\"2021-05-31T21:51:04+00:00\",\"dateModified\":\"2021-05-31T21:51:05+00:00\",\"breadcrumb\":{\"@id\":\"https:\\\/\\\/radioljubuski.ba\\\/index.php\\\/2021\\\/05\\\/31\\\/ivanka-baric-iz-jajca-nova-je-predsjednica-hkdu-bih\\\/#breadcrumb\"},\"inLanguage\":\"hr\",\"potentialAction\":[{\"@type\":\"ReadAction\",\"target\":[\"https:\\\/\\\/radioljubuski.ba\\\/index.php\\\/2021\\\/05\\\/31\\\/ivanka-baric-iz-jajca-nova-je-predsjednica-hkdu-bih\\\/\"]}]},{\"@type\":\"ImageObject\",\"inLanguage\":\"hr\",\"@id\":\"https:\\\/\\\/radioljubuski.ba\\\/index.php\\\/2021\\\/05\\\/31\\\/ivanka-baric-iz-jajca-nova-je-predsjednica-hkdu-bih\\\/#primaryimage\",\"url\":\"https:\\\/\\\/radioljubuski.ba\\\/wp-content\\\/uploads\\\/2021\\\/05\\\/predsjednica-hkdu.jpg\",\"contentUrl\":\"https:\\\/\\\/radioljubuski.ba\\\/wp-content\\\/uploads\\\/2021\\\/05\\\/predsjednica-hkdu.jpg\",\"width\":953,\"height\":539},{\"@type\":\"BreadcrumbList\",\"@id\":\"https:\\\/\\\/radioljubuski.ba\\\/index.php\\\/2021\\\/05\\\/31\\\/ivanka-baric-iz-jajca-nova-je-predsjednica-hkdu-bih\\\/#breadcrumb\",\"itemListElement\":[{\"@type\":\"ListItem\",\"position\":1,\"name\":\"Po\u010detna stranica\",\"item\":\"https:\\\/\\\/radioljubuski.ba\\\/\"},{\"@type\":\"ListItem\",\"position\":2,\"name\":\"Ivanka Bari\u0107 iz Jajca nova je predsjednica HKDU BiH\"}]},{\"@type\":\"WebSite\",\"@id\":\"https:\\\/\\\/radioljubuski.ba\\\/#website\",\"url\":\"https:\\\/\\\/radioljubuski.ba\\\/\",\"name\":\"Radio Ljubu\u0161ki\",\"description\":\"Sun\u010dana frekvencija Hercegovine\",\"publisher\":{\"@id\":\"https:\\\/\\\/radioljubuski.ba\\\/#organization\"},\"potentialAction\":[{\"@type\":\"SearchAction\",\"target\":{\"@type\":\"EntryPoint\",\"urlTemplate\":\"https:\\\/\\\/radioljubuski.ba\\\/?s={search_term_string}\"},\"query-input\":{\"@type\":\"PropertyValueSpecification\",\"valueRequired\":true,\"valueName\":\"search_term_string\"}}],\"inLanguage\":\"hr\"},{\"@type\":\"Organization\",\"@id\":\"https:\\\/\\\/radioljubuski.ba\\\/#organization\",\"name\":\"Radio Ljubu\u0161ki\",\"url\":\"https:\\\/\\\/radioljubuski.ba\\\/\",\"logo\":{\"@type\":\"ImageObject\",\"inLanguage\":\"hr\",\"@id\":\"https:\\\/\\\/radioljubuski.ba\\\/#\\\/schema\\\/logo\\\/image\\\/\",\"url\":\"https:\\\/\\\/radioljubuski.ba\\\/wp-content\\\/uploads\\\/2021\\\/02\\\/cropped-Radio_Ljubuski_logo1.jpg\",\"contentUrl\":\"https:\\\/\\\/radioljubuski.ba\\\/wp-content\\\/uploads\\\/2021\\\/02\\\/cropped-Radio_Ljubuski_logo1.jpg\",\"width\":512,\"height\":512,\"caption\":\"Radio Ljubu\u0161ki\"},\"image\":{\"@id\":\"https:\\\/\\\/radioljubuski.ba\\\/#\\\/schema\\\/logo\\\/image\\\/\"},\"sameAs\":[\"https:\\\/\\\/www.facebook.com\\\/Radiio-Ljubuski-1490835324566332\",\"https:\\\/\\\/x.com\\\/radioljubuski\",\"https:\\\/\\\/hr.linkedin.com\\\/company\\\/radio-ljubuski\",\"https:\\\/\\\/www.youtube.com\\\/channel\\\/UCHYaeO_n0Db3tjNGudGpXyw\"]},{\"@type\":\"Person\",\"@id\":\"https:\\\/\\\/radioljubuski.ba\\\/#\\\/schema\\\/person\\\/19fc700381a780f69665d7956c469e3b\",\"name\":\"Radio Ljubu\u0161ki\"}]}<\/script>\n<!-- \/ Yoast SEO plugin. -->","yoast_head_json":{"title":"Ivanka Bari\u0107 iz Jajca nova je predsjednica HKDU BiH - RADIO LJUBU\u0160KI","robots":{"index":"index","follow":"follow","max-snippet":"max-snippet:-1","max-image-preview":"max-image-preview:large","max-video-preview":"max-video-preview:-1"},"canonical":"https:\/\/radioljubuski.ba\/index.php\/2021\/05\/31\/ivanka-baric-iz-jajca-nova-je-predsjednica-hkdu-bih\/","og_locale":"hr_HR","og_type":"article","og_title":"Ivanka Bari\u0107 iz Jajca nova je predsjednica HKDU BiH - RADIO LJUBU\u0160KI","og_description":"Zasjedanje VII Op\u0107eg Sabora Hrvatske kr\u0161\u0107anske demokratske unije Bosne i Hercegovine odr\u017eano je u Mostaru. Tim povodom HKDU BiH oglasila se priop\u0107enjem za javnost u kojem, izme\u0111u ostalog, isti\u010de da je birano i izabrano rukovodstvo stranke, Dugogodi\u0161nja suradnica i zamjenica pokojnog predsjednika Ivana Muse, Ivanka Bari\u0107 iz Jajca, izabrana je za Predsjednicu HKDU BiH. \u201cIz [&hellip;]","og_url":"https:\/\/radioljubuski.ba\/index.php\/2021\/05\/31\/ivanka-baric-iz-jajca-nova-je-predsjednica-hkdu-bih\/","og_site_name":"RADIO LJUBU\u0160KI","article_publisher":"https:\/\/www.facebook.com\/Radiio-Ljubuski-1490835324566332","article_published_time":"2021-05-31T21:51:04+00:00","article_modified_time":"2021-05-31T21:51:05+00:00","og_image":[{"width":953,"height":539,"url":"https:\/\/radioljubuski.ba\/wp-content\/uploads\/2021\/05\/predsjednica-hkdu.jpg","type":"image\/jpeg"}],"author":"Radio Ljubu\u0161ki","twitter_card":"summary_large_image","twitter_creator":"@radioljubuski","twitter_site":"@radioljubuski","twitter_misc":{"Napisao\/la":"Radio Ljubu\u0161ki","Procijenjeno vrijeme \u010ditanja":"2 minute"},"schema":{"@context":"https:\/\/schema.org","@graph":[{"@type":"Article","@id":"https:\/\/radioljubuski.ba\/index.php\/2021\/05\/31\/ivanka-baric-iz-jajca-nova-je-predsjednica-hkdu-bih\/#article","isPartOf":{"@id":"https:\/\/radioljubuski.ba\/index.php\/2021\/05\/31\/ivanka-baric-iz-jajca-nova-je-predsjednica-hkdu-bih\/"},"author":{"name":"Radio Ljubu\u0161ki","@id":"https:\/\/radioljubuski.ba\/#\/schema\/person\/19fc700381a780f69665d7956c469e3b"},"headline":"Ivanka Bari\u0107 iz Jajca nova je predsjednica HKDU BiH","datePublished":"2021-05-31T21:51:04+00:00","dateModified":"2021-05-31T21:51:05+00:00","mainEntityOfPage":{"@id":"https:\/\/radioljubuski.ba\/index.php\/2021\/05\/31\/ivanka-baric-iz-jajca-nova-je-predsjednica-hkdu-bih\/"},"wordCount":352,"publisher":{"@id":"https:\/\/radioljubuski.ba\/#organization"},"image":{"@id":"https:\/\/radioljubuski.ba\/index.php\/2021\/05\/31\/ivanka-baric-iz-jajca-nova-je-predsjednica-hkdu-bih\/#primaryimage"},"thumbnailUrl":"https:\/\/radioljubuski.ba\/wp-content\/uploads\/2021\/05\/predsjednica-hkdu.jpg","articleSection":["BIH i regija"],"inLanguage":"hr"},{"@type":"WebPage","@id":"https:\/\/radioljubuski.ba\/index.php\/2021\/05\/31\/ivanka-baric-iz-jajca-nova-je-predsjednica-hkdu-bih\/","url":"https:\/\/radioljubuski.ba\/index.php\/2021\/05\/31\/ivanka-baric-iz-jajca-nova-je-predsjednica-hkdu-bih\/","name":"Ivanka Bari\u0107 iz Jajca nova je predsjednica HKDU BiH - RADIO LJUBU\u0160KI","isPartOf":{"@id":"https:\/\/radioljubuski.ba\/#website"},"primaryImageOfPage":{"@id":"https:\/\/radioljubuski.ba\/index.php\/2021\/05\/31\/ivanka-baric-iz-jajca-nova-je-predsjednica-hkdu-bih\/#primaryimage"},"image":{"@id":"https:\/\/radioljubuski.ba\/index.php\/2021\/05\/31\/ivanka-baric-iz-jajca-nova-je-predsjednica-hkdu-bih\/#primaryimage"},"thumbnailUrl":"https:\/\/radioljubuski.ba\/wp-content\/uploads\/2021\/05\/predsjednica-hkdu.jpg","datePublished":"2021-05-31T21:51:04+00:00","dateModified":"2021-05-31T21:51:05+00:00","breadcrumb":{"@id":"https:\/\/radioljubuski.ba\/index.php\/2021\/05\/31\/ivanka-baric-iz-jajca-nova-je-predsjednica-hkdu-bih\/#breadcrumb"},"inLanguage":"hr","potentialAction":[{"@type":"ReadAction","target":["https:\/\/radioljubuski.ba\/index.php\/2021\/05\/31\/ivanka-baric-iz-jajca-nova-je-predsjednica-hkdu-bih\/"]}]},{"@type":"ImageObject","inLanguage":"hr","@id":"https:\/\/radioljubuski.ba\/index.php\/2021\/05\/31\/ivanka-baric-iz-jajca-nova-je-predsjednica-hkdu-bih\/#primaryimage","url":"https:\/\/radioljubuski.ba\/wp-content\/uploads\/2021\/05\/predsjednica-hkdu.jpg","contentUrl":"https:\/\/radioljubuski.ba\/wp-content\/uploads\/2021\/05\/predsjednica-hkdu.jpg","width":953,"height":539},{"@type":"BreadcrumbList","@id":"https:\/\/radioljubuski.ba\/index.php\/2021\/05\/31\/ivanka-baric-iz-jajca-nova-je-predsjednica-hkdu-bih\/#breadcrumb","itemListElement":[{"@type":"ListItem","position":1,"name":"Po\u010detna stranica","item":"https:\/\/radioljubuski.ba\/"},{"@type":"ListItem","position":2,"name":"Ivanka Bari\u0107 iz Jajca nova je predsjednica HKDU BiH"}]},{"@type":"WebSite","@id":"https:\/\/radioljubuski.ba\/#website","url":"https:\/\/radioljubuski.ba\/","name":"Radio Ljubu\u0161ki","description":"Sun\u010dana frekvencija Hercegovine","publisher":{"@id":"https:\/\/radioljubuski.ba\/#organization"},"potentialAction":[{"@type":"SearchAction","target":{"@type":"EntryPoint","urlTemplate":"https:\/\/radioljubuski.ba\/?s={search_term_string}"},"query-input":{"@type":"PropertyValueSpecification","valueRequired":true,"valueName":"search_term_string"}}],"inLanguage":"hr"},{"@type":"Organization","@id":"https:\/\/radioljubuski.ba\/#organization","name":"Radio Ljubu\u0161ki","url":"https:\/\/radioljubuski.ba\/","logo":{"@type":"ImageObject","inLanguage":"hr","@id":"https:\/\/radioljubuski.ba\/#\/schema\/logo\/image\/","url":"https:\/\/radioljubuski.ba\/wp-content\/uploads\/2021\/02\/cropped-Radio_Ljubuski_logo1.jpg","contentUrl":"https:\/\/radioljubuski.ba\/wp-content\/uploads\/2021\/02\/cropped-Radio_Ljubuski_logo1.jpg","width":512,"height":512,"caption":"Radio Ljubu\u0161ki"},"image":{"@id":"https:\/\/radioljubuski.ba\/#\/schema\/logo\/image\/"},"sameAs":["https:\/\/www.facebook.com\/Radiio-Ljubuski-1490835324566332","https:\/\/x.com\/radioljubuski","https:\/\/hr.linkedin.com\/company\/radio-ljubuski","https:\/\/www.youtube.com\/channel\/UCHYaeO_n0Db3tjNGudGpXyw"]},{"@type":"Person","@id":"https:\/\/radioljubuski.ba\/#\/schema\/person\/19fc700381a780f69665d7956c469e3b","name":"Radio Ljubu\u0161ki"}]}},"_links":{"self":[{"href":"https:\/\/radioljubuski.ba\/index.php\/wp-json\/wp\/v2\/posts\/27048","targetHints":{"allow":["GET"]}}],"collection":[{"href":"https:\/\/radioljubuski.ba\/index.php\/wp-json\/wp\/v2\/posts"}],"about":[{"href":"https:\/\/radioljubuski.ba\/index.php\/wp-json\/wp\/v2\/types\/post"}],"author":[{"embeddable":true,"href":"https:\/\/radioljubuski.ba\/index.php\/wp-json\/wp\/v2\/users\/2"}],"replies":[{"embeddable":true,"href":"https:\/\/radioljubuski.ba\/index.php\/wp-json\/wp\/v2\/comments?post=27048"}],"version-history":[{"count":1,"href":"https:\/\/radioljubuski.ba\/index.php\/wp-json\/wp\/v2\/posts\/27048\/revisions"}],"predecessor-version":[{"id":27050,"href":"https:\/\/radioljubuski.ba\/index.php\/wp-json\/wp\/v2\/posts\/27048\/revisions\/27050"}],"wp:featuredmedia":[{"embeddable":true,"href":"https:\/\/radioljubuski.ba\/index.php\/wp-json\/wp\/v2\/media\/27049"}],"wp:attachment":[{"href":"https:\/\/radioljubuski.ba\/index.php\/wp-json\/wp\/v2\/media?parent=27048"}],"wp:term":[{"taxonomy":"category","embeddable":true,"href":"https:\/\/radioljubuski.ba\/index.php\/wp-json\/wp\/v2\/categories?post=27048"},{"taxonomy":"post_tag","embeddable":true,"href":"https:\/\/radioljubuski.ba\/index.php\/wp-json\/wp\/v2\/tags?post=27048"}],"curies":[{"name":"wp","href":"https:\/\/api.w.org\/{rel}","templated":true}]}}