{"id":27071,"date":"2021-05-31T23:05:20","date_gmt":"2021-05-31T22:05:20","guid":{"rendered":"https:\/\/radioljubuski.ba\/?p=27071"},"modified":"2021-05-31T23:05:21","modified_gmt":"2021-05-31T22:05:21","slug":"roland-garros-cilic-preko-rinderknecha-do-federera","status":"publish","type":"post","link":"https:\/\/radioljubuski.ba\/index.php\/2021\/05\/31\/roland-garros-cilic-preko-rinderknecha-do-federera\/","title":{"rendered":"Roland Garros: \u010cili\u0107 preko Rinderknecha do Federera"},"content":{"rendered":"\n<p>Hrvatski tenisa\u010d Marin \u010cili\u0107 plasirao se u 2. kolo Roland Garrosa, on je u susretu 1. kola svladao Francuza Arthura Rinderknecha sa 7-6 (6), 6-1, 6-2 za dva sata i 20 minuta igre.<\/p>\n\n\n\n<p>Klju\u010dnim za pobjedu jedinog hrvatskog predstavnika u pojedina\u010dnoj konkurenciji protiv igra\u010da koji je dobio pozivnicu za glavni turnir pokazao se prvi set u kojemu je Rinderknech imao \u201cbreak\u201d prednosti sve do vodstva 5-4, a kod tog je rezultata imao i tri set-lopte, 40-15 i prednost, ali nije uspio privesti tu dionicu igre u svoju korist. Kod rezultata 5-5 \u010cili\u0107 je bio suo\u010den s jo\u0161 tri \u201cbreak-lopte\u201d, no Riderknech niti tu priliku nije iskoristio, a 25-godi\u0161nji Francuz je i u \u201ctie-breaku\u201d ve\u0107im dijelom bio u prednosti te je stigao i do \u010detvrte set-lopte kod vodstva 6-5. No, \u010cili\u0107 je osvojio posljednja tri poena u setu, iskoristio svoju prvu set-loptu i nakon sat i 15 minuta igre do\u0161ao do prvog seta.<\/p>\n\n\n\n<p>Propu\u0161tene prilike u prvom setu uvelike su utjecale na Rinderknecha koji je na po\u010detku drugog seta dva puta gubio svoj servis, \u010cili\u0107 je pobjegao na 4-0 i lako priveo tu dionicu igre u svoju korista sa 6-1 za 27 minuta.<\/p>\n\n\n\n<p>I u tre\u0107em setu \u010cili\u0107 je odmah na startu dva puta oduzeo servis suparniku, stigao do prednosti od 4-0 te je dvoboj bio rije\u0161en.<\/p>\n\n\n\n<p>Drugi i tre\u0107i set zajedno su trajali \u010dak 10 minuta manje od prvoga.<\/p>\n\n\n\n<p>\u010cili\u0107 \u0107e u 2. kolu igrati protiv povratnika na \u201cgrand slam\u201d turnire, 39-godi\u0161njeg \u0160vicarca Rogera Federera. Federer je u svom prvom me\u010du na nekom \u201cgrand slam\u201d turniru nakon 16 mjeseci, odnosno od Australian Opena pro\u0161le godine, uvjerljivo svladao Uzbekistanca Denisa Istomina sa 6-2, 6-4, 6-3.<\/p>\n\n\n\n<p>Bit \u0107e to 11. me\u0111usobni dvoboj \u010cili\u0107a i Federera, a omjer u pbojedama je 9-1 u korist \u0160vicarca. Pet od tih 10 dvoboja igrali su na \u201cgrand slam\u201d turnirima, a Roland Garros je dosada bio jedini na kojem se nisu susreli, dva puta su igrali na US Openu na kojemu su obojica ostvarili po pobjeda, dva puta u Wimbledonu, od toga jednom u finalu 2017. godine te jednom na Australian Openu, tako\u0111er u finalu 2018. godine, a to je ujedno bio i njihov posljednji susret.<\/p>\n\n\n\n<p>Izvor:pogled.ba<\/p>\n","protected":false},"excerpt":{"rendered":"<p>Hrvatski tenisa\u010d Marin \u010cili\u0107 plasirao se u 2. kolo Roland Garrosa, on je u susretu 1. kola svladao Francuza Arthura Rinderknecha sa 7-6 (6), 6-1, 6-2 za dva sata i 20 minuta igre. Klju\u010dnim za pobjedu jedinog hrvatskog predstavnika u pojedina\u010dnoj konkurenciji protiv igra\u010da koji je dobio pozivnicu za glavni turnir pokazao se prvi set [&hellip;]<\/p>\n","protected":false},"author":2,"featured_media":16767,"comment_status":"closed","ping_status":"closed","sticky":false,"template":"","format":"standard","meta":{"h5ap_radio_sources":[],"footnotes":""},"categories":[1],"tags":[],"class_list":["post-27071","post","type-post","status-publish","format-standard","has-post-thumbnail","hentry","category-bihiregija"],"yoast_head":"<!-- This site is optimized with the Yoast SEO plugin v27.4 - https:\/\/yoast.com\/product\/yoast-seo-wordpress\/ -->\n<title>Roland Garros: \u010cili\u0107 preko Rinderknecha do Federera - RADIO LJUBU\u0160KI<\/title>\n<meta name=\"robots\" content=\"index, follow, max-snippet:-1, max-image-preview:large, max-video-preview:-1\" \/>\n<link rel=\"canonical\" href=\"https:\/\/radioljubuski.ba\/index.php\/2021\/05\/31\/roland-garros-cilic-preko-rinderknecha-do-federera\/\" \/>\n<meta property=\"og:locale\" content=\"hr_HR\" \/>\n<meta property=\"og:type\" content=\"article\" \/>\n<meta property=\"og:title\" content=\"Roland Garros: \u010cili\u0107 preko Rinderknecha do Federera - RADIO LJUBU\u0160KI\" \/>\n<meta property=\"og:description\" content=\"Hrvatski tenisa\u010d Marin \u010cili\u0107 plasirao se u 2. kolo Roland Garrosa, on je u susretu 1. kola svladao Francuza Arthura Rinderknecha sa 7-6 (6), 6-1, 6-2 za dva sata i 20 minuta igre. Klju\u010dnim za pobjedu jedinog hrvatskog predstavnika u pojedina\u010dnoj konkurenciji protiv igra\u010da koji je dobio pozivnicu za glavni turnir pokazao se prvi set [&hellip;]\" \/>\n<meta property=\"og:url\" content=\"https:\/\/radioljubuski.ba\/index.php\/2021\/05\/31\/roland-garros-cilic-preko-rinderknecha-do-federera\/\" \/>\n<meta property=\"og:site_name\" content=\"RADIO LJUBU\u0160KI\" \/>\n<meta property=\"article:publisher\" content=\"https:\/\/www.facebook.com\/Radiio-Ljubuski-1490835324566332\" \/>\n<meta property=\"article:published_time\" content=\"2021-05-31T22:05:20+00:00\" \/>\n<meta property=\"article:modified_time\" content=\"2021-05-31T22:05:21+00:00\" \/>\n<meta property=\"og:image\" content=\"https:\/\/radioljubuski.ba\/wp-content\/uploads\/2021\/04\/cilic.jpeg\" \/>\n\t<meta property=\"og:image:width\" content=\"900\" \/>\n\t<meta property=\"og:image:height\" content=\"540\" \/>\n\t<meta property=\"og:image:type\" content=\"image\/jpeg\" \/>\n<meta name=\"author\" content=\"Radio Ljubu\u0161ki\" \/>\n<meta name=\"twitter:card\" content=\"summary_large_image\" \/>\n<meta name=\"twitter:creator\" content=\"@radioljubuski\" \/>\n<meta name=\"twitter:site\" content=\"@radioljubuski\" \/>\n<meta name=\"twitter:label1\" content=\"Napisao\/la\" \/>\n\t<meta name=\"twitter:data1\" content=\"Radio Ljubu\u0161ki\" \/>\n\t<meta name=\"twitter:label2\" content=\"Procijenjeno vrijeme \u010ditanja\" \/>\n\t<meta name=\"twitter:data2\" content=\"2 minute\" \/>\n<script type=\"application\/ld+json\" class=\"yoast-schema-graph\">{\"@context\":\"https:\\\/\\\/schema.org\",\"@graph\":[{\"@type\":\"Article\",\"@id\":\"https:\\\/\\\/radioljubuski.ba\\\/index.php\\\/2021\\\/05\\\/31\\\/roland-garros-cilic-preko-rinderknecha-do-federera\\\/#article\",\"isPartOf\":{\"@id\":\"https:\\\/\\\/radioljubuski.ba\\\/index.php\\\/2021\\\/05\\\/31\\\/roland-garros-cilic-preko-rinderknecha-do-federera\\\/\"},\"author\":{\"name\":\"Radio Ljubu\u0161ki\",\"@id\":\"https:\\\/\\\/radioljubuski.ba\\\/#\\\/schema\\\/person\\\/19fc700381a780f69665d7956c469e3b\"},\"headline\":\"Roland Garros: \u010cili\u0107 preko Rinderknecha do Federera\",\"datePublished\":\"2021-05-31T22:05:20+00:00\",\"dateModified\":\"2021-05-31T22:05:21+00:00\",\"mainEntityOfPage\":{\"@id\":\"https:\\\/\\\/radioljubuski.ba\\\/index.php\\\/2021\\\/05\\\/31\\\/roland-garros-cilic-preko-rinderknecha-do-federera\\\/\"},\"wordCount\":374,\"publisher\":{\"@id\":\"https:\\\/\\\/radioljubuski.ba\\\/#organization\"},\"image\":{\"@id\":\"https:\\\/\\\/radioljubuski.ba\\\/index.php\\\/2021\\\/05\\\/31\\\/roland-garros-cilic-preko-rinderknecha-do-federera\\\/#primaryimage\"},\"thumbnailUrl\":\"https:\\\/\\\/radioljubuski.ba\\\/wp-content\\\/uploads\\\/2021\\\/04\\\/cilic.jpeg\",\"articleSection\":[\"BIH i regija\"],\"inLanguage\":\"hr\"},{\"@type\":\"WebPage\",\"@id\":\"https:\\\/\\\/radioljubuski.ba\\\/index.php\\\/2021\\\/05\\\/31\\\/roland-garros-cilic-preko-rinderknecha-do-federera\\\/\",\"url\":\"https:\\\/\\\/radioljubuski.ba\\\/index.php\\\/2021\\\/05\\\/31\\\/roland-garros-cilic-preko-rinderknecha-do-federera\\\/\",\"name\":\"Roland Garros: \u010cili\u0107 preko Rinderknecha do Federera - RADIO LJUBU\u0160KI\",\"isPartOf\":{\"@id\":\"https:\\\/\\\/radioljubuski.ba\\\/#website\"},\"primaryImageOfPage\":{\"@id\":\"https:\\\/\\\/radioljubuski.ba\\\/index.php\\\/2021\\\/05\\\/31\\\/roland-garros-cilic-preko-rinderknecha-do-federera\\\/#primaryimage\"},\"image\":{\"@id\":\"https:\\\/\\\/radioljubuski.ba\\\/index.php\\\/2021\\\/05\\\/31\\\/roland-garros-cilic-preko-rinderknecha-do-federera\\\/#primaryimage\"},\"thumbnailUrl\":\"https:\\\/\\\/radioljubuski.ba\\\/wp-content\\\/uploads\\\/2021\\\/04\\\/cilic.jpeg\",\"datePublished\":\"2021-05-31T22:05:20+00:00\",\"dateModified\":\"2021-05-31T22:05:21+00:00\",\"breadcrumb\":{\"@id\":\"https:\\\/\\\/radioljubuski.ba\\\/index.php\\\/2021\\\/05\\\/31\\\/roland-garros-cilic-preko-rinderknecha-do-federera\\\/#breadcrumb\"},\"inLanguage\":\"hr\",\"potentialAction\":[{\"@type\":\"ReadAction\",\"target\":[\"https:\\\/\\\/radioljubuski.ba\\\/index.php\\\/2021\\\/05\\\/31\\\/roland-garros-cilic-preko-rinderknecha-do-federera\\\/\"]}]},{\"@type\":\"ImageObject\",\"inLanguage\":\"hr\",\"@id\":\"https:\\\/\\\/radioljubuski.ba\\\/index.php\\\/2021\\\/05\\\/31\\\/roland-garros-cilic-preko-rinderknecha-do-federera\\\/#primaryimage\",\"url\":\"https:\\\/\\\/radioljubuski.ba\\\/wp-content\\\/uploads\\\/2021\\\/04\\\/cilic.jpeg\",\"contentUrl\":\"https:\\\/\\\/radioljubuski.ba\\\/wp-content\\\/uploads\\\/2021\\\/04\\\/cilic.jpeg\",\"width\":900,\"height\":540},{\"@type\":\"BreadcrumbList\",\"@id\":\"https:\\\/\\\/radioljubuski.ba\\\/index.php\\\/2021\\\/05\\\/31\\\/roland-garros-cilic-preko-rinderknecha-do-federera\\\/#breadcrumb\",\"itemListElement\":[{\"@type\":\"ListItem\",\"position\":1,\"name\":\"Po\u010detna stranica\",\"item\":\"https:\\\/\\\/radioljubuski.ba\\\/\"},{\"@type\":\"ListItem\",\"position\":2,\"name\":\"Roland Garros: \u010cili\u0107 preko Rinderknecha do Federera\"}]},{\"@type\":\"WebSite\",\"@id\":\"https:\\\/\\\/radioljubuski.ba\\\/#website\",\"url\":\"https:\\\/\\\/radioljubuski.ba\\\/\",\"name\":\"Radio Ljubu\u0161ki\",\"description\":\"Sun\u010dana frekvencija Hercegovine\",\"publisher\":{\"@id\":\"https:\\\/\\\/radioljubuski.ba\\\/#organization\"},\"potentialAction\":[{\"@type\":\"SearchAction\",\"target\":{\"@type\":\"EntryPoint\",\"urlTemplate\":\"https:\\\/\\\/radioljubuski.ba\\\/?s={search_term_string}\"},\"query-input\":{\"@type\":\"PropertyValueSpecification\",\"valueRequired\":true,\"valueName\":\"search_term_string\"}}],\"inLanguage\":\"hr\"},{\"@type\":\"Organization\",\"@id\":\"https:\\\/\\\/radioljubuski.ba\\\/#organization\",\"name\":\"Radio Ljubu\u0161ki\",\"url\":\"https:\\\/\\\/radioljubuski.ba\\\/\",\"logo\":{\"@type\":\"ImageObject\",\"inLanguage\":\"hr\",\"@id\":\"https:\\\/\\\/radioljubuski.ba\\\/#\\\/schema\\\/logo\\\/image\\\/\",\"url\":\"https:\\\/\\\/radioljubuski.ba\\\/wp-content\\\/uploads\\\/2021\\\/02\\\/cropped-Radio_Ljubuski_logo1.jpg\",\"contentUrl\":\"https:\\\/\\\/radioljubuski.ba\\\/wp-content\\\/uploads\\\/2021\\\/02\\\/cropped-Radio_Ljubuski_logo1.jpg\",\"width\":512,\"height\":512,\"caption\":\"Radio Ljubu\u0161ki\"},\"image\":{\"@id\":\"https:\\\/\\\/radioljubuski.ba\\\/#\\\/schema\\\/logo\\\/image\\\/\"},\"sameAs\":[\"https:\\\/\\\/www.facebook.com\\\/Radiio-Ljubuski-1490835324566332\",\"https:\\\/\\\/x.com\\\/radioljubuski\",\"https:\\\/\\\/hr.linkedin.com\\\/company\\\/radio-ljubuski\",\"https:\\\/\\\/www.youtube.com\\\/channel\\\/UCHYaeO_n0Db3tjNGudGpXyw\"]},{\"@type\":\"Person\",\"@id\":\"https:\\\/\\\/radioljubuski.ba\\\/#\\\/schema\\\/person\\\/19fc700381a780f69665d7956c469e3b\",\"name\":\"Radio Ljubu\u0161ki\"}]}<\/script>\n<!-- \/ Yoast SEO plugin. -->","yoast_head_json":{"title":"Roland Garros: \u010cili\u0107 preko Rinderknecha do Federera - RADIO LJUBU\u0160KI","robots":{"index":"index","follow":"follow","max-snippet":"max-snippet:-1","max-image-preview":"max-image-preview:large","max-video-preview":"max-video-preview:-1"},"canonical":"https:\/\/radioljubuski.ba\/index.php\/2021\/05\/31\/roland-garros-cilic-preko-rinderknecha-do-federera\/","og_locale":"hr_HR","og_type":"article","og_title":"Roland Garros: \u010cili\u0107 preko Rinderknecha do Federera - RADIO LJUBU\u0160KI","og_description":"Hrvatski tenisa\u010d Marin \u010cili\u0107 plasirao se u 2. kolo Roland Garrosa, on je u susretu 1. kola svladao Francuza Arthura Rinderknecha sa 7-6 (6), 6-1, 6-2 za dva sata i 20 minuta igre. Klju\u010dnim za pobjedu jedinog hrvatskog predstavnika u pojedina\u010dnoj konkurenciji protiv igra\u010da koji je dobio pozivnicu za glavni turnir pokazao se prvi set [&hellip;]","og_url":"https:\/\/radioljubuski.ba\/index.php\/2021\/05\/31\/roland-garros-cilic-preko-rinderknecha-do-federera\/","og_site_name":"RADIO LJUBU\u0160KI","article_publisher":"https:\/\/www.facebook.com\/Radiio-Ljubuski-1490835324566332","article_published_time":"2021-05-31T22:05:20+00:00","article_modified_time":"2021-05-31T22:05:21+00:00","og_image":[{"width":900,"height":540,"url":"https:\/\/radioljubuski.ba\/wp-content\/uploads\/2021\/04\/cilic.jpeg","type":"image\/jpeg"}],"author":"Radio Ljubu\u0161ki","twitter_card":"summary_large_image","twitter_creator":"@radioljubuski","twitter_site":"@radioljubuski","twitter_misc":{"Napisao\/la":"Radio Ljubu\u0161ki","Procijenjeno vrijeme \u010ditanja":"2 minute"},"schema":{"@context":"https:\/\/schema.org","@graph":[{"@type":"Article","@id":"https:\/\/radioljubuski.ba\/index.php\/2021\/05\/31\/roland-garros-cilic-preko-rinderknecha-do-federera\/#article","isPartOf":{"@id":"https:\/\/radioljubuski.ba\/index.php\/2021\/05\/31\/roland-garros-cilic-preko-rinderknecha-do-federera\/"},"author":{"name":"Radio Ljubu\u0161ki","@id":"https:\/\/radioljubuski.ba\/#\/schema\/person\/19fc700381a780f69665d7956c469e3b"},"headline":"Roland Garros: \u010cili\u0107 preko Rinderknecha do Federera","datePublished":"2021-05-31T22:05:20+00:00","dateModified":"2021-05-31T22:05:21+00:00","mainEntityOfPage":{"@id":"https:\/\/radioljubuski.ba\/index.php\/2021\/05\/31\/roland-garros-cilic-preko-rinderknecha-do-federera\/"},"wordCount":374,"publisher":{"@id":"https:\/\/radioljubuski.ba\/#organization"},"image":{"@id":"https:\/\/radioljubuski.ba\/index.php\/2021\/05\/31\/roland-garros-cilic-preko-rinderknecha-do-federera\/#primaryimage"},"thumbnailUrl":"https:\/\/radioljubuski.ba\/wp-content\/uploads\/2021\/04\/cilic.jpeg","articleSection":["BIH i regija"],"inLanguage":"hr"},{"@type":"WebPage","@id":"https:\/\/radioljubuski.ba\/index.php\/2021\/05\/31\/roland-garros-cilic-preko-rinderknecha-do-federera\/","url":"https:\/\/radioljubuski.ba\/index.php\/2021\/05\/31\/roland-garros-cilic-preko-rinderknecha-do-federera\/","name":"Roland Garros: \u010cili\u0107 preko Rinderknecha do Federera - RADIO LJUBU\u0160KI","isPartOf":{"@id":"https:\/\/radioljubuski.ba\/#website"},"primaryImageOfPage":{"@id":"https:\/\/radioljubuski.ba\/index.php\/2021\/05\/31\/roland-garros-cilic-preko-rinderknecha-do-federera\/#primaryimage"},"image":{"@id":"https:\/\/radioljubuski.ba\/index.php\/2021\/05\/31\/roland-garros-cilic-preko-rinderknecha-do-federera\/#primaryimage"},"thumbnailUrl":"https:\/\/radioljubuski.ba\/wp-content\/uploads\/2021\/04\/cilic.jpeg","datePublished":"2021-05-31T22:05:20+00:00","dateModified":"2021-05-31T22:05:21+00:00","breadcrumb":{"@id":"https:\/\/radioljubuski.ba\/index.php\/2021\/05\/31\/roland-garros-cilic-preko-rinderknecha-do-federera\/#breadcrumb"},"inLanguage":"hr","potentialAction":[{"@type":"ReadAction","target":["https:\/\/radioljubuski.ba\/index.php\/2021\/05\/31\/roland-garros-cilic-preko-rinderknecha-do-federera\/"]}]},{"@type":"ImageObject","inLanguage":"hr","@id":"https:\/\/radioljubuski.ba\/index.php\/2021\/05\/31\/roland-garros-cilic-preko-rinderknecha-do-federera\/#primaryimage","url":"https:\/\/radioljubuski.ba\/wp-content\/uploads\/2021\/04\/cilic.jpeg","contentUrl":"https:\/\/radioljubuski.ba\/wp-content\/uploads\/2021\/04\/cilic.jpeg","width":900,"height":540},{"@type":"BreadcrumbList","@id":"https:\/\/radioljubuski.ba\/index.php\/2021\/05\/31\/roland-garros-cilic-preko-rinderknecha-do-federera\/#breadcrumb","itemListElement":[{"@type":"ListItem","position":1,"name":"Po\u010detna stranica","item":"https:\/\/radioljubuski.ba\/"},{"@type":"ListItem","position":2,"name":"Roland Garros: \u010cili\u0107 preko Rinderknecha do Federera"}]},{"@type":"WebSite","@id":"https:\/\/radioljubuski.ba\/#website","url":"https:\/\/radioljubuski.ba\/","name":"Radio Ljubu\u0161ki","description":"Sun\u010dana frekvencija Hercegovine","publisher":{"@id":"https:\/\/radioljubuski.ba\/#organization"},"potentialAction":[{"@type":"SearchAction","target":{"@type":"EntryPoint","urlTemplate":"https:\/\/radioljubuski.ba\/?s={search_term_string}"},"query-input":{"@type":"PropertyValueSpecification","valueRequired":true,"valueName":"search_term_string"}}],"inLanguage":"hr"},{"@type":"Organization","@id":"https:\/\/radioljubuski.ba\/#organization","name":"Radio Ljubu\u0161ki","url":"https:\/\/radioljubuski.ba\/","logo":{"@type":"ImageObject","inLanguage":"hr","@id":"https:\/\/radioljubuski.ba\/#\/schema\/logo\/image\/","url":"https:\/\/radioljubuski.ba\/wp-content\/uploads\/2021\/02\/cropped-Radio_Ljubuski_logo1.jpg","contentUrl":"https:\/\/radioljubuski.ba\/wp-content\/uploads\/2021\/02\/cropped-Radio_Ljubuski_logo1.jpg","width":512,"height":512,"caption":"Radio Ljubu\u0161ki"},"image":{"@id":"https:\/\/radioljubuski.ba\/#\/schema\/logo\/image\/"},"sameAs":["https:\/\/www.facebook.com\/Radiio-Ljubuski-1490835324566332","https:\/\/x.com\/radioljubuski","https:\/\/hr.linkedin.com\/company\/radio-ljubuski","https:\/\/www.youtube.com\/channel\/UCHYaeO_n0Db3tjNGudGpXyw"]},{"@type":"Person","@id":"https:\/\/radioljubuski.ba\/#\/schema\/person\/19fc700381a780f69665d7956c469e3b","name":"Radio Ljubu\u0161ki"}]}},"_links":{"self":[{"href":"https:\/\/radioljubuski.ba\/index.php\/wp-json\/wp\/v2\/posts\/27071","targetHints":{"allow":["GET"]}}],"collection":[{"href":"https:\/\/radioljubuski.ba\/index.php\/wp-json\/wp\/v2\/posts"}],"about":[{"href":"https:\/\/radioljubuski.ba\/index.php\/wp-json\/wp\/v2\/types\/post"}],"author":[{"embeddable":true,"href":"https:\/\/radioljubuski.ba\/index.php\/wp-json\/wp\/v2\/users\/2"}],"replies":[{"embeddable":true,"href":"https:\/\/radioljubuski.ba\/index.php\/wp-json\/wp\/v2\/comments?post=27071"}],"version-history":[{"count":1,"href":"https:\/\/radioljubuski.ba\/index.php\/wp-json\/wp\/v2\/posts\/27071\/revisions"}],"predecessor-version":[{"id":27072,"href":"https:\/\/radioljubuski.ba\/index.php\/wp-json\/wp\/v2\/posts\/27071\/revisions\/27072"}],"wp:featuredmedia":[{"embeddable":true,"href":"https:\/\/radioljubuski.ba\/index.php\/wp-json\/wp\/v2\/media\/16767"}],"wp:attachment":[{"href":"https:\/\/radioljubuski.ba\/index.php\/wp-json\/wp\/v2\/media?parent=27071"}],"wp:term":[{"taxonomy":"category","embeddable":true,"href":"https:\/\/radioljubuski.ba\/index.php\/wp-json\/wp\/v2\/categories?post=27071"},{"taxonomy":"post_tag","embeddable":true,"href":"https:\/\/radioljubuski.ba\/index.php\/wp-json\/wp\/v2\/tags?post=27071"}],"curies":[{"name":"wp","href":"https:\/\/api.w.org\/{rel}","templated":true}]}}