{"id":27073,"date":"2021-05-31T23:07:50","date_gmt":"2021-05-31T22:07:50","guid":{"rendered":"https:\/\/radioljubuski.ba\/?p=27073"},"modified":"2021-05-31T23:07:51","modified_gmt":"2021-05-31T22:07:51","slug":"dalic-potvrdio-popis-za-euro-lovren-ipak-ide","status":"publish","type":"post","link":"https:\/\/radioljubuski.ba\/index.php\/2021\/05\/31\/dalic-potvrdio-popis-za-euro-lovren-ipak-ide\/","title":{"rendered":"Dali\u0107 potvrdio popis za Euro, Lovren ipak ide"},"content":{"rendered":"\n<p><strong>Izbornik hrvatske nogometne reprezentacije Zlatko Dali\u0107 dan uo\u010di prijateljske utakmice protiv Armenije u Velikoj Gorici prvenstveno se osvrnuo na odluku o promjeni kampa reprezentacije na EURU te je kazao kako \u010dinjenica kako \u0107e umjesto u Saint Andrewsu boraviti u Rovinju nije utjecala na raspolo\u017eenje unutar mom\u010dadi, prenosi&nbsp;<\/strong><a href=\"https:\/\/hns-cff.hr\/\" target=\"_blank\" rel=\"noreferrer noopener\">hns-cff.hr<\/a><strong>.<\/strong><\/p>\n\n\n\n<p>&#8211; Odabrali smo kamp u \u0160kotskoj i bili jako zadovoljni, ali prema preporuci Uefe i po svemu onome \u0161to se govorilo, za nas je to bio prevelik rizik. Htjeli smo maknuti tu psihozu sa sebe. Poku\u0161ali smo prona\u0107i kamp u Londonu, ali nikako se nisu poklapali hoteli i tereni. Mislim da je najbolja solucija biti u svojoj zemlji, sa svojim narodom. Imat \u0107emo mir, mo\u0107i \u0107emo se koncentrirati, kazao je Dali\u0107 koji je najavio da \u0107e protiv Armenije pru\u017eiti priliku \u0161to je mogu\u0107e ve\u0107em broju igra\u010da.<\/p>\n\n\n\n<iframe loading=\"lazy\" src=\"https:\/\/www.facebook.com\/plugins\/video.php?height=476&#038;href=https%3A%2F%2Fwww.facebook.com%2FHRTsport%2Fvideos%2F851467122124175%2F&#038;show_text=false&#038;width=476&#038;t=0\" width=\"476\" height=\"476\" style=\"border:none;overflow:hidden\" scrolling=\"no\" frameborder=\"0\" allowfullscreen=\"true\" allow=\"autoplay; clipboard-write; encrypted-media; picture-in-picture; web-share\" allowFullScreen=\"true\"><\/iframe>\n\n\n\n<p>&#8211; Dat \u0107emo \u0161ansu svima kojima mo\u017eemo dati, imat \u0107emo na raspolaganju \u0161est izmjena, igrati na dva na\u010dina. Poku\u0161at \u0107emo ne\u0161to isprobati, ali i sa\u010duvati neke ozljedama na\u010dete igra\u010de. Va\u017ean nam je rezultat, on je taj koji nosi atmosferu, ambijent i donosi potrebno samopouzdanje. Zato \u0107emo igrati punom snagom, ali rasporediti minute i isprobati dva sustava igre. Armenija je protivnik po mjeri, u posljednje smo vrijeme igrali s najja\u010dim protivnicima, a ona je ipak klasa ispod.<\/p>\n\n\n\n<p>Izbornik je rekao kako je u posljednje vrijeme na treninzima puno radio na branjenju prekida, segmentu igre s kojim smo u proteklom razdoblju imali puno problema.<\/p>\n\n\n\n<p>&#8211; Pokazali smo igra\u010dima svih 11 golova koje smo dobili iz prekida, a to je 28 posto od svih golova koje je Hrvatska primila. Moramo vidjeti gdje smo grije\u0161ili, gdje nismo dobro reagirali. Ve\u0107 sam dosadan, ali to je pitanje odgovornosti, u duelu i u skoku. Nemamo vremena raditi na snazi, nego na osvje\u017eavanju, taktici i prekidima. Pred nama su Englezi, pogledat \u0107emo njihove dvije prijateljske protiv Rumunjske i Austrije, ali u prvom redu moramo gledati sebe, jer ima puno stvari koje moramo popraviti. Vremena, naravno, nikad dosta, ali najva\u017enije je da ne bude ozlije\u0111enih igra\u010da. Vidim na treninzima da je to ve\u0107 puno bolje, svjesni smo da moramo biti puno kvalitetniji, nego \u0161to smo bili u kvalifikacijama i u Ligi nacija.<\/p>\n\n\n\n<p>Dali\u0107 se osvrnuo i na bojazan kako reprezentacija u Rovinju ne\u0107e imati potreban mir.<\/p>\n\n\n\n<p>&#8211; U Rovinju imamo jako dobar teren i to je najva\u017enije. U\u010dinit \u0107emo sve da imamo mir, a daj Bo\u017ee da bude euforija i da svi do\u0111u u Rovinj. Po tom sam pitanju, me\u0111utim, upozorio igra\u010de da moraju preuzeti odgovornost, da smo tu zbog utakmica, a ne zbog euforije i fotografiranja. Me\u0111utim, ponavljam, nadam se da \u0107e biti euforija i da \u0107emo biti meta.<\/p>\n\n\n\n<p>Komentirao je izbornik i situaciju s ozljedom<strong>&nbsp;Dejana Lovrena<\/strong>.<\/p>\n\n\n\n<p>&#8211; Lovren se oporavlja iznad svih o\u010dekivanja. Njegova \u017eelja i volja su neupitni, ali moramo biti pa\u017eljivi. On definitivno ide s nama na Euro, mo\u017eda ne\u0107e biti sto posto spreman za prvu utakmicu, ali imamo jo\u0161 dvije utakmice u skupini, a, ako Bog da, bit \u0107e ih i u nokaut fazi, zaklju\u010dio je Dali\u0107.<\/p>\n\n\n\n<p>Izvor:hrt.hr<\/p>\n","protected":false},"excerpt":{"rendered":"<p>Izbornik hrvatske nogometne reprezentacije Zlatko Dali\u0107 dan uo\u010di prijateljske utakmice protiv Armenije u Velikoj Gorici prvenstveno se osvrnuo na odluku o promjeni kampa reprezentacije na EURU te je kazao kako \u010dinjenica kako \u0107e umjesto u Saint Andrewsu boraviti u Rovinju nije utjecala na raspolo\u017eenje unutar mom\u010dadi, prenosi&nbsp;hns-cff.hr. &#8211; Odabrali smo kamp u \u0160kotskoj i bili [&hellip;]<\/p>\n","protected":false},"author":2,"featured_media":20446,"comment_status":"closed","ping_status":"closed","sticky":false,"template":"","format":"standard","meta":{"h5ap_radio_sources":[],"footnotes":""},"categories":[1],"tags":[],"class_list":["post-27073","post","type-post","status-publish","format-standard","has-post-thumbnail","hentry","category-bihiregija"],"yoast_head":"<!-- This site is optimized with the Yoast SEO plugin v27.5 - https:\/\/yoast.com\/product\/yoast-seo-wordpress\/ -->\n<title>Dali\u0107 potvrdio popis za Euro, Lovren ipak ide - RADIO LJUBU\u0160KI<\/title>\n<meta name=\"robots\" content=\"index, follow, max-snippet:-1, max-image-preview:large, max-video-preview:-1\" \/>\n<link rel=\"canonical\" href=\"https:\/\/radioljubuski.ba\/index.php\/2021\/05\/31\/dalic-potvrdio-popis-za-euro-lovren-ipak-ide\/\" \/>\n<meta property=\"og:locale\" content=\"hr_HR\" \/>\n<meta property=\"og:type\" content=\"article\" \/>\n<meta property=\"og:title\" content=\"Dali\u0107 potvrdio popis za Euro, Lovren ipak ide - RADIO LJUBU\u0160KI\" \/>\n<meta property=\"og:description\" content=\"Izbornik hrvatske nogometne reprezentacije Zlatko Dali\u0107 dan uo\u010di prijateljske utakmice protiv Armenije u Velikoj Gorici prvenstveno se osvrnuo na odluku o promjeni kampa reprezentacije na EURU te je kazao kako \u010dinjenica kako \u0107e umjesto u Saint Andrewsu boraviti u Rovinju nije utjecala na raspolo\u017eenje unutar mom\u010dadi, prenosi&nbsp;hns-cff.hr. &#8211; Odabrali smo kamp u \u0160kotskoj i bili [&hellip;]\" \/>\n<meta property=\"og:url\" content=\"https:\/\/radioljubuski.ba\/index.php\/2021\/05\/31\/dalic-potvrdio-popis-za-euro-lovren-ipak-ide\/\" \/>\n<meta property=\"og:site_name\" content=\"RADIO LJUBU\u0160KI\" \/>\n<meta property=\"article:publisher\" content=\"https:\/\/www.facebook.com\/Radiio-Ljubuski-1490835324566332\" \/>\n<meta property=\"article:published_time\" content=\"2021-05-31T22:07:50+00:00\" \/>\n<meta property=\"article:modified_time\" content=\"2021-05-31T22:07:51+00:00\" \/>\n<meta property=\"og:image\" content=\"https:\/\/radioljubuski.ba\/wp-content\/uploads\/2021\/05\/vTq3bpRn_dalic.jpg\" \/>\n\t<meta property=\"og:image:width\" content=\"1000\" \/>\n\t<meta property=\"og:image:height\" content=\"625\" \/>\n\t<meta property=\"og:image:type\" content=\"image\/jpeg\" \/>\n<meta name=\"author\" content=\"Radio Ljubu\u0161ki\" \/>\n<meta name=\"twitter:card\" content=\"summary_large_image\" \/>\n<meta name=\"twitter:creator\" content=\"@radioljubuski\" \/>\n<meta name=\"twitter:site\" content=\"@radioljubuski\" \/>\n<meta name=\"twitter:label1\" content=\"Napisao\/la\" \/>\n\t<meta name=\"twitter:data1\" content=\"Radio Ljubu\u0161ki\" \/>\n\t<meta name=\"twitter:label2\" content=\"Procijenjeno vrijeme \u010ditanja\" \/>\n\t<meta name=\"twitter:data2\" content=\"3 minute\" \/>\n<script type=\"application\/ld+json\" class=\"yoast-schema-graph\">{\"@context\":\"https:\\\/\\\/schema.org\",\"@graph\":[{\"@type\":\"Article\",\"@id\":\"https:\\\/\\\/radioljubuski.ba\\\/index.php\\\/2021\\\/05\\\/31\\\/dalic-potvrdio-popis-za-euro-lovren-ipak-ide\\\/#article\",\"isPartOf\":{\"@id\":\"https:\\\/\\\/radioljubuski.ba\\\/index.php\\\/2021\\\/05\\\/31\\\/dalic-potvrdio-popis-za-euro-lovren-ipak-ide\\\/\"},\"author\":{\"name\":\"Radio Ljubu\u0161ki\",\"@id\":\"https:\\\/\\\/radioljubuski.ba\\\/#\\\/schema\\\/person\\\/19fc700381a780f69665d7956c469e3b\"},\"headline\":\"Dali\u0107 potvrdio popis za Euro, Lovren ipak ide\",\"datePublished\":\"2021-05-31T22:07:50+00:00\",\"dateModified\":\"2021-05-31T22:07:51+00:00\",\"mainEntityOfPage\":{\"@id\":\"https:\\\/\\\/radioljubuski.ba\\\/index.php\\\/2021\\\/05\\\/31\\\/dalic-potvrdio-popis-za-euro-lovren-ipak-ide\\\/\"},\"wordCount\":549,\"publisher\":{\"@id\":\"https:\\\/\\\/radioljubuski.ba\\\/#organization\"},\"image\":{\"@id\":\"https:\\\/\\\/radioljubuski.ba\\\/index.php\\\/2021\\\/05\\\/31\\\/dalic-potvrdio-popis-za-euro-lovren-ipak-ide\\\/#primaryimage\"},\"thumbnailUrl\":\"https:\\\/\\\/radioljubuski.ba\\\/wp-content\\\/uploads\\\/2021\\\/05\\\/vTq3bpRn_dalic.jpg\",\"articleSection\":[\"BIH i regija\"],\"inLanguage\":\"hr\"},{\"@type\":\"WebPage\",\"@id\":\"https:\\\/\\\/radioljubuski.ba\\\/index.php\\\/2021\\\/05\\\/31\\\/dalic-potvrdio-popis-za-euro-lovren-ipak-ide\\\/\",\"url\":\"https:\\\/\\\/radioljubuski.ba\\\/index.php\\\/2021\\\/05\\\/31\\\/dalic-potvrdio-popis-za-euro-lovren-ipak-ide\\\/\",\"name\":\"Dali\u0107 potvrdio popis za Euro, Lovren ipak ide - RADIO LJUBU\u0160KI\",\"isPartOf\":{\"@id\":\"https:\\\/\\\/radioljubuski.ba\\\/#website\"},\"primaryImageOfPage\":{\"@id\":\"https:\\\/\\\/radioljubuski.ba\\\/index.php\\\/2021\\\/05\\\/31\\\/dalic-potvrdio-popis-za-euro-lovren-ipak-ide\\\/#primaryimage\"},\"image\":{\"@id\":\"https:\\\/\\\/radioljubuski.ba\\\/index.php\\\/2021\\\/05\\\/31\\\/dalic-potvrdio-popis-za-euro-lovren-ipak-ide\\\/#primaryimage\"},\"thumbnailUrl\":\"https:\\\/\\\/radioljubuski.ba\\\/wp-content\\\/uploads\\\/2021\\\/05\\\/vTq3bpRn_dalic.jpg\",\"datePublished\":\"2021-05-31T22:07:50+00:00\",\"dateModified\":\"2021-05-31T22:07:51+00:00\",\"breadcrumb\":{\"@id\":\"https:\\\/\\\/radioljubuski.ba\\\/index.php\\\/2021\\\/05\\\/31\\\/dalic-potvrdio-popis-za-euro-lovren-ipak-ide\\\/#breadcrumb\"},\"inLanguage\":\"hr\",\"potentialAction\":[{\"@type\":\"ReadAction\",\"target\":[\"https:\\\/\\\/radioljubuski.ba\\\/index.php\\\/2021\\\/05\\\/31\\\/dalic-potvrdio-popis-za-euro-lovren-ipak-ide\\\/\"]}]},{\"@type\":\"ImageObject\",\"inLanguage\":\"hr\",\"@id\":\"https:\\\/\\\/radioljubuski.ba\\\/index.php\\\/2021\\\/05\\\/31\\\/dalic-potvrdio-popis-za-euro-lovren-ipak-ide\\\/#primaryimage\",\"url\":\"https:\\\/\\\/radioljubuski.ba\\\/wp-content\\\/uploads\\\/2021\\\/05\\\/vTq3bpRn_dalic.jpg\",\"contentUrl\":\"https:\\\/\\\/radioljubuski.ba\\\/wp-content\\\/uploads\\\/2021\\\/05\\\/vTq3bpRn_dalic.jpg\",\"width\":1000,\"height\":625},{\"@type\":\"BreadcrumbList\",\"@id\":\"https:\\\/\\\/radioljubuski.ba\\\/index.php\\\/2021\\\/05\\\/31\\\/dalic-potvrdio-popis-za-euro-lovren-ipak-ide\\\/#breadcrumb\",\"itemListElement\":[{\"@type\":\"ListItem\",\"position\":1,\"name\":\"Po\u010detna stranica\",\"item\":\"https:\\\/\\\/radioljubuski.ba\\\/\"},{\"@type\":\"ListItem\",\"position\":2,\"name\":\"Dali\u0107 potvrdio popis za Euro, Lovren ipak ide\"}]},{\"@type\":\"WebSite\",\"@id\":\"https:\\\/\\\/radioljubuski.ba\\\/#website\",\"url\":\"https:\\\/\\\/radioljubuski.ba\\\/\",\"name\":\"Radio Ljubu\u0161ki\",\"description\":\"Sun\u010dana frekvencija Hercegovine\",\"publisher\":{\"@id\":\"https:\\\/\\\/radioljubuski.ba\\\/#organization\"},\"potentialAction\":[{\"@type\":\"SearchAction\",\"target\":{\"@type\":\"EntryPoint\",\"urlTemplate\":\"https:\\\/\\\/radioljubuski.ba\\\/?s={search_term_string}\"},\"query-input\":{\"@type\":\"PropertyValueSpecification\",\"valueRequired\":true,\"valueName\":\"search_term_string\"}}],\"inLanguage\":\"hr\"},{\"@type\":\"Organization\",\"@id\":\"https:\\\/\\\/radioljubuski.ba\\\/#organization\",\"name\":\"Radio Ljubu\u0161ki\",\"url\":\"https:\\\/\\\/radioljubuski.ba\\\/\",\"logo\":{\"@type\":\"ImageObject\",\"inLanguage\":\"hr\",\"@id\":\"https:\\\/\\\/radioljubuski.ba\\\/#\\\/schema\\\/logo\\\/image\\\/\",\"url\":\"https:\\\/\\\/radioljubuski.ba\\\/wp-content\\\/uploads\\\/2021\\\/02\\\/cropped-Radio_Ljubuski_logo1.jpg\",\"contentUrl\":\"https:\\\/\\\/radioljubuski.ba\\\/wp-content\\\/uploads\\\/2021\\\/02\\\/cropped-Radio_Ljubuski_logo1.jpg\",\"width\":512,\"height\":512,\"caption\":\"Radio Ljubu\u0161ki\"},\"image\":{\"@id\":\"https:\\\/\\\/radioljubuski.ba\\\/#\\\/schema\\\/logo\\\/image\\\/\"},\"sameAs\":[\"https:\\\/\\\/www.facebook.com\\\/Radiio-Ljubuski-1490835324566332\",\"https:\\\/\\\/x.com\\\/radioljubuski\",\"https:\\\/\\\/hr.linkedin.com\\\/company\\\/radio-ljubuski\",\"https:\\\/\\\/www.youtube.com\\\/channel\\\/UCHYaeO_n0Db3tjNGudGpXyw\"]},{\"@type\":\"Person\",\"@id\":\"https:\\\/\\\/radioljubuski.ba\\\/#\\\/schema\\\/person\\\/19fc700381a780f69665d7956c469e3b\",\"name\":\"Radio Ljubu\u0161ki\"}]}<\/script>\n<!-- \/ Yoast SEO plugin. -->","yoast_head_json":{"title":"Dali\u0107 potvrdio popis za Euro, Lovren ipak ide - RADIO LJUBU\u0160KI","robots":{"index":"index","follow":"follow","max-snippet":"max-snippet:-1","max-image-preview":"max-image-preview:large","max-video-preview":"max-video-preview:-1"},"canonical":"https:\/\/radioljubuski.ba\/index.php\/2021\/05\/31\/dalic-potvrdio-popis-za-euro-lovren-ipak-ide\/","og_locale":"hr_HR","og_type":"article","og_title":"Dali\u0107 potvrdio popis za Euro, Lovren ipak ide - RADIO LJUBU\u0160KI","og_description":"Izbornik hrvatske nogometne reprezentacije Zlatko Dali\u0107 dan uo\u010di prijateljske utakmice protiv Armenije u Velikoj Gorici prvenstveno se osvrnuo na odluku o promjeni kampa reprezentacije na EURU te je kazao kako \u010dinjenica kako \u0107e umjesto u Saint Andrewsu boraviti u Rovinju nije utjecala na raspolo\u017eenje unutar mom\u010dadi, prenosi&nbsp;hns-cff.hr. &#8211; Odabrali smo kamp u \u0160kotskoj i bili [&hellip;]","og_url":"https:\/\/radioljubuski.ba\/index.php\/2021\/05\/31\/dalic-potvrdio-popis-za-euro-lovren-ipak-ide\/","og_site_name":"RADIO LJUBU\u0160KI","article_publisher":"https:\/\/www.facebook.com\/Radiio-Ljubuski-1490835324566332","article_published_time":"2021-05-31T22:07:50+00:00","article_modified_time":"2021-05-31T22:07:51+00:00","og_image":[{"width":1000,"height":625,"url":"https:\/\/radioljubuski.ba\/wp-content\/uploads\/2021\/05\/vTq3bpRn_dalic.jpg","type":"image\/jpeg"}],"author":"Radio Ljubu\u0161ki","twitter_card":"summary_large_image","twitter_creator":"@radioljubuski","twitter_site":"@radioljubuski","twitter_misc":{"Napisao\/la":"Radio Ljubu\u0161ki","Procijenjeno vrijeme \u010ditanja":"3 minute"},"schema":{"@context":"https:\/\/schema.org","@graph":[{"@type":"Article","@id":"https:\/\/radioljubuski.ba\/index.php\/2021\/05\/31\/dalic-potvrdio-popis-za-euro-lovren-ipak-ide\/#article","isPartOf":{"@id":"https:\/\/radioljubuski.ba\/index.php\/2021\/05\/31\/dalic-potvrdio-popis-za-euro-lovren-ipak-ide\/"},"author":{"name":"Radio Ljubu\u0161ki","@id":"https:\/\/radioljubuski.ba\/#\/schema\/person\/19fc700381a780f69665d7956c469e3b"},"headline":"Dali\u0107 potvrdio popis za Euro, Lovren ipak ide","datePublished":"2021-05-31T22:07:50+00:00","dateModified":"2021-05-31T22:07:51+00:00","mainEntityOfPage":{"@id":"https:\/\/radioljubuski.ba\/index.php\/2021\/05\/31\/dalic-potvrdio-popis-za-euro-lovren-ipak-ide\/"},"wordCount":549,"publisher":{"@id":"https:\/\/radioljubuski.ba\/#organization"},"image":{"@id":"https:\/\/radioljubuski.ba\/index.php\/2021\/05\/31\/dalic-potvrdio-popis-za-euro-lovren-ipak-ide\/#primaryimage"},"thumbnailUrl":"https:\/\/radioljubuski.ba\/wp-content\/uploads\/2021\/05\/vTq3bpRn_dalic.jpg","articleSection":["BIH i regija"],"inLanguage":"hr"},{"@type":"WebPage","@id":"https:\/\/radioljubuski.ba\/index.php\/2021\/05\/31\/dalic-potvrdio-popis-za-euro-lovren-ipak-ide\/","url":"https:\/\/radioljubuski.ba\/index.php\/2021\/05\/31\/dalic-potvrdio-popis-za-euro-lovren-ipak-ide\/","name":"Dali\u0107 potvrdio popis za Euro, Lovren ipak ide - RADIO LJUBU\u0160KI","isPartOf":{"@id":"https:\/\/radioljubuski.ba\/#website"},"primaryImageOfPage":{"@id":"https:\/\/radioljubuski.ba\/index.php\/2021\/05\/31\/dalic-potvrdio-popis-za-euro-lovren-ipak-ide\/#primaryimage"},"image":{"@id":"https:\/\/radioljubuski.ba\/index.php\/2021\/05\/31\/dalic-potvrdio-popis-za-euro-lovren-ipak-ide\/#primaryimage"},"thumbnailUrl":"https:\/\/radioljubuski.ba\/wp-content\/uploads\/2021\/05\/vTq3bpRn_dalic.jpg","datePublished":"2021-05-31T22:07:50+00:00","dateModified":"2021-05-31T22:07:51+00:00","breadcrumb":{"@id":"https:\/\/radioljubuski.ba\/index.php\/2021\/05\/31\/dalic-potvrdio-popis-za-euro-lovren-ipak-ide\/#breadcrumb"},"inLanguage":"hr","potentialAction":[{"@type":"ReadAction","target":["https:\/\/radioljubuski.ba\/index.php\/2021\/05\/31\/dalic-potvrdio-popis-za-euro-lovren-ipak-ide\/"]}]},{"@type":"ImageObject","inLanguage":"hr","@id":"https:\/\/radioljubuski.ba\/index.php\/2021\/05\/31\/dalic-potvrdio-popis-za-euro-lovren-ipak-ide\/#primaryimage","url":"https:\/\/radioljubuski.ba\/wp-content\/uploads\/2021\/05\/vTq3bpRn_dalic.jpg","contentUrl":"https:\/\/radioljubuski.ba\/wp-content\/uploads\/2021\/05\/vTq3bpRn_dalic.jpg","width":1000,"height":625},{"@type":"BreadcrumbList","@id":"https:\/\/radioljubuski.ba\/index.php\/2021\/05\/31\/dalic-potvrdio-popis-za-euro-lovren-ipak-ide\/#breadcrumb","itemListElement":[{"@type":"ListItem","position":1,"name":"Po\u010detna stranica","item":"https:\/\/radioljubuski.ba\/"},{"@type":"ListItem","position":2,"name":"Dali\u0107 potvrdio popis za Euro, Lovren ipak ide"}]},{"@type":"WebSite","@id":"https:\/\/radioljubuski.ba\/#website","url":"https:\/\/radioljubuski.ba\/","name":"Radio Ljubu\u0161ki","description":"Sun\u010dana frekvencija Hercegovine","publisher":{"@id":"https:\/\/radioljubuski.ba\/#organization"},"potentialAction":[{"@type":"SearchAction","target":{"@type":"EntryPoint","urlTemplate":"https:\/\/radioljubuski.ba\/?s={search_term_string}"},"query-input":{"@type":"PropertyValueSpecification","valueRequired":true,"valueName":"search_term_string"}}],"inLanguage":"hr"},{"@type":"Organization","@id":"https:\/\/radioljubuski.ba\/#organization","name":"Radio Ljubu\u0161ki","url":"https:\/\/radioljubuski.ba\/","logo":{"@type":"ImageObject","inLanguage":"hr","@id":"https:\/\/radioljubuski.ba\/#\/schema\/logo\/image\/","url":"https:\/\/radioljubuski.ba\/wp-content\/uploads\/2021\/02\/cropped-Radio_Ljubuski_logo1.jpg","contentUrl":"https:\/\/radioljubuski.ba\/wp-content\/uploads\/2021\/02\/cropped-Radio_Ljubuski_logo1.jpg","width":512,"height":512,"caption":"Radio Ljubu\u0161ki"},"image":{"@id":"https:\/\/radioljubuski.ba\/#\/schema\/logo\/image\/"},"sameAs":["https:\/\/www.facebook.com\/Radiio-Ljubuski-1490835324566332","https:\/\/x.com\/radioljubuski","https:\/\/hr.linkedin.com\/company\/radio-ljubuski","https:\/\/www.youtube.com\/channel\/UCHYaeO_n0Db3tjNGudGpXyw"]},{"@type":"Person","@id":"https:\/\/radioljubuski.ba\/#\/schema\/person\/19fc700381a780f69665d7956c469e3b","name":"Radio Ljubu\u0161ki"}]}},"_links":{"self":[{"href":"https:\/\/radioljubuski.ba\/index.php\/wp-json\/wp\/v2\/posts\/27073","targetHints":{"allow":["GET"]}}],"collection":[{"href":"https:\/\/radioljubuski.ba\/index.php\/wp-json\/wp\/v2\/posts"}],"about":[{"href":"https:\/\/radioljubuski.ba\/index.php\/wp-json\/wp\/v2\/types\/post"}],"author":[{"embeddable":true,"href":"https:\/\/radioljubuski.ba\/index.php\/wp-json\/wp\/v2\/users\/2"}],"replies":[{"embeddable":true,"href":"https:\/\/radioljubuski.ba\/index.php\/wp-json\/wp\/v2\/comments?post=27073"}],"version-history":[{"count":1,"href":"https:\/\/radioljubuski.ba\/index.php\/wp-json\/wp\/v2\/posts\/27073\/revisions"}],"predecessor-version":[{"id":27074,"href":"https:\/\/radioljubuski.ba\/index.php\/wp-json\/wp\/v2\/posts\/27073\/revisions\/27074"}],"wp:featuredmedia":[{"embeddable":true,"href":"https:\/\/radioljubuski.ba\/index.php\/wp-json\/wp\/v2\/media\/20446"}],"wp:attachment":[{"href":"https:\/\/radioljubuski.ba\/index.php\/wp-json\/wp\/v2\/media?parent=27073"}],"wp:term":[{"taxonomy":"category","embeddable":true,"href":"https:\/\/radioljubuski.ba\/index.php\/wp-json\/wp\/v2\/categories?post=27073"},{"taxonomy":"post_tag","embeddable":true,"href":"https:\/\/radioljubuski.ba\/index.php\/wp-json\/wp\/v2\/tags?post=27073"}],"curies":[{"name":"wp","href":"https:\/\/api.w.org\/{rel}","templated":true}]}}